{"id":160593,"date":"2025-05-31T15:41:24","date_gmt":"2025-05-31T13:41:24","guid":{"rendered":"https:\/\/www.bellunopress.it\/?p=160593"},"modified":"2025-05-31T20:58:18","modified_gmt":"2025-05-31T18:58:18","slug":"ciclista-muore-colto-da-malore","status":"publish","type":"post","link":"https:\/\/www.bellunopress.it\/fr\/2025\/05\/31\/ciclista-muore-colto-da-malore\/","title":{"rendered":"Ciclista muore colto da malore. Infortunio sul sentiero"},"content":{"rendered":"<p><img loading=\"lazy\" decoding=\"async\" class=\"aligncenter size-full wp-image-135936\" src=\"https:\/\/www.bellunopress.it\/wp-content\/uploads\/2022\/08\/elicottero-suem-118_edited.jpg\" alt=\"\" width=\"1000\" height=\"634\" srcset=\"https:\/\/www.bellunopress.it\/wp-content\/uploads\/2022\/08\/elicottero-suem-118_edited.jpg 1000w, https:\/\/www.bellunopress.it\/wp-content\/uploads\/2022\/08\/elicottero-suem-118_edited-500x317.jpg 500w, https:\/\/www.bellunopress.it\/wp-content\/uploads\/2022\/08\/elicottero-suem-118_edited-696x441.jpg 696w, https:\/\/www.bellunopress.it\/wp-content\/uploads\/2022\/08\/elicottero-suem-118_edited-662x420.jpg 662w\" sizes=\"auto, (max-width: 1000px) 100vw, 1000px\" \/>Soverzene (BL), 31 &#8211; 05 &#8211; 2025\u00a0 Attorno alle 12.10 la Centrale del 118 \u00e8 stata attivata per un ciclista colto da malore sulla strada che conduce alla diga della Val Gallina.<\/p>\n<p>Il 61enne (non sono note altre generalit\u00e0 al momento), che faceva parte di una numerosa comitiva, si era improvvisamente sentito male e i compagni avevano subito iniziato le manovre di rianimazione, portate poi avanti da equipe medica e tecnico di elisoccorso dell&#8217;elicottero del Suem di Pieve di Cadore, subentrati ai presenti dopo essere stati calati nelle vicinanze con il verricello.<\/p>\n<p>Purtroppo a nulla sono valsi i tentativi e il medico ha potuto solamente constatare il decesso dell&#8217;uomo. Sul posto sono arrivati anche i carabinieri e il personale sanitario dell&#8217;ambulanza.<\/p>\n<p>********************************************************************<\/p>\n<div dir=\"auto\">Arsi\u00e8 (BL), 31 &#8211; 05 &#8211; 25\u00a0Verso le 13.40 il Soccorso alpino di Feltre \u00e8 stato attivato per un&#8217;escursionista scivolato dal sentiero che si snoda lungo le sponde del lago del Corlo. Il 59enne di Ospedaletto Euganeo (PD), che si trovava con la moglie e due amici, fortunatamente non si era fatto male, ma non era pi\u00f9 in grado di risalire da solo. Aiutato dai volontari dei Vigili del fuoco a risalire, l&#8217;uomo \u00e8 stato poi trasportato dai soccorritori al proprio mezzo e accompagnato in via precauzionale all&#8217;ospedale di Feltre.<\/div>\n<div><\/div>","protected":false},"excerpt":{"rendered":"<p>Soverzene (BL), 31 &#8211; 05 &#8211; 2025\u00a0 Attorno alle 12.10 la Centrale del 118 \u00e8 stata attivata per un ciclista colto da malore sulla strada che conduce alla diga della Val Gallina. Il 61enne (non sono note altre generalit\u00e0 al momento), che faceva parte di una numerosa comitiva, si era improvvisamente sentito male e i [&hellip;]<\/p>\n","protected":false},"author":2,"featured_media":135936,"comment_status":"closed","ping_status":"open","sticky":false,"template":"","format":"standard","meta":{"footnotes":""},"categories":[5,26],"tags":[],"class_list":["post-160593","post","type-post","status-publish","format-standard","has-post-thumbnail","category-cronaca","category-prima-pagina"],"yoast_head":"<!-- This site is optimized with the Yoast SEO plugin v28.4 - https:\/\/yoast.com\/product\/yoast-seo-wordpress\/ -->\n<title>Ciclista muore colto da malore. Infortunio sul sentiero - Bellunopress - Dolomiti<\/title>\n<meta name=\"robots\" content=\"index, follow, max-snippet:-1, max-image-preview:large, max-video-preview:-1\" \/>\n<link rel=\"canonical\" href=\"https:\/\/www.bellunopress.it\/fr\/2025\/05\/31\/ciclista-muore-colto-da-malore\/\" \/>\n<meta property=\"og:locale\" content=\"fr_FR\" \/>\n<meta property=\"og:type\" content=\"article\" \/>\n<meta property=\"og:title\" content=\"Ciclista muore colto da malore. Infortunio sul sentiero - Bellunopress - Dolomiti\" \/>\n<meta property=\"og:description\" content=\"Soverzene (BL), 31 &#8211; 05 &#8211; 2025\u00a0 Attorno alle 12.10 la Centrale del 118 \u00e8 stata attivata per un ciclista colto da malore sulla strada che conduce alla diga della Val Gallina. Il 61enne (non sono note altre generalit\u00e0 al momento), che faceva parte di una numerosa comitiva, si era improvvisamente sentito male e i [&hellip;]\" \/>\n<meta property=\"og:url\" content=\"https:\/\/www.bellunopress.it\/fr\/2025\/05\/31\/ciclista-muore-colto-da-malore\/\" \/>\n<meta property=\"og:site_name\" content=\"Bellunopress - Dolomiti\" \/>\n<meta property=\"article:publisher\" content=\"https:\/\/www.facebook.com\/profile.php?id=100008943462799\" \/>\n<meta property=\"article:published_time\" content=\"2025-05-31T13:41:24+00:00\" \/>\n<meta property=\"article:modified_time\" content=\"2025-05-31T18:58:18+00:00\" \/>\n<meta property=\"og:image\" content=\"https:\/\/www.bellunopress.it\/wp-content\/uploads\/2022\/08\/elicottero-suem-118_edited.jpg\" \/>\n\t<meta property=\"og:image:width\" content=\"1000\" \/>\n\t<meta property=\"og:image:height\" content=\"634\" \/>\n\t<meta property=\"og:image:type\" content=\"image\/jpeg\" \/>\n<meta name=\"author\" content=\"redazione\" \/>\n<meta name=\"twitter:card\" content=\"summary_large_image\" \/>\n<meta name=\"twitter:creator\" content=\"@bellunopress\" \/>\n<meta name=\"twitter:site\" content=\"@bellunopress\" \/>\n<meta name=\"twitter:label1\" content=\"\u00c9crit par\" \/>\n\t<meta name=\"twitter:data1\" content=\"redazione\" \/>\n\t<meta name=\"twitter:label2\" content=\"Dur\u00e9e de lecture estim\u00e9e\" \/>\n\t<meta name=\"twitter:data2\" content=\"1 minute\" \/>\n<script type=\"application\/ld+json\" class=\"yoast-schema-graph\">{\"@context\":\"https:\\\/\\\/schema.org\",\"@graph\":[{\"@type\":\"Article\",\"@id\":\"https:\\\/\\\/www.bellunopress.it\\\/2025\\\/05\\\/31\\\/ciclista-muore-colto-da-malore\\\/#article\",\"isPartOf\":{\"@id\":\"https:\\\/\\\/www.bellunopress.it\\\/2025\\\/05\\\/31\\\/ciclista-muore-colto-da-malore\\\/\"},\"author\":{\"name\":\"redazione\",\"@id\":\"https:\\\/\\\/www.bellunopress.it\\\/#\\\/schema\\\/person\\\/79bb06722b37ece1c03d3e94beb30d73\"},\"headline\":\"Ciclista muore colto da malore. Infortunio sul sentiero\",\"datePublished\":\"2025-05-31T13:41:24+00:00\",\"dateModified\":\"2025-05-31T18:58:18+00:00\",\"mainEntityOfPage\":{\"@id\":\"https:\\\/\\\/www.bellunopress.it\\\/2025\\\/05\\\/31\\\/ciclista-muore-colto-da-malore\\\/\"},\"wordCount\":214,\"publisher\":{\"@id\":\"https:\\\/\\\/www.bellunopress.it\\\/#organization\"},\"image\":{\"@id\":\"https:\\\/\\\/www.bellunopress.it\\\/2025\\\/05\\\/31\\\/ciclista-muore-colto-da-malore\\\/#primaryimage\"},\"thumbnailUrl\":\"https:\\\/\\\/www.bellunopress.it\\\/wp-content\\\/uploads\\\/2022\\\/08\\\/elicottero-suem-118_edited.jpg\",\"articleSection\":[\"Cronaca\\\/Politica\",\"Prima Pagina\"],\"inLanguage\":\"fr-FR\"},{\"@type\":\"WebPage\",\"@id\":\"https:\\\/\\\/www.bellunopress.it\\\/2025\\\/05\\\/31\\\/ciclista-muore-colto-da-malore\\\/\",\"url\":\"https:\\\/\\\/www.bellunopress.it\\\/2025\\\/05\\\/31\\\/ciclista-muore-colto-da-malore\\\/\",\"name\":\"Ciclista muore colto da malore. Infortunio sul sentiero - Bellunopress - Dolomiti\",\"isPartOf\":{\"@id\":\"https:\\\/\\\/www.bellunopress.it\\\/#website\"},\"primaryImageOfPage\":{\"@id\":\"https:\\\/\\\/www.bellunopress.it\\\/2025\\\/05\\\/31\\\/ciclista-muore-colto-da-malore\\\/#primaryimage\"},\"image\":{\"@id\":\"https:\\\/\\\/www.bellunopress.it\\\/2025\\\/05\\\/31\\\/ciclista-muore-colto-da-malore\\\/#primaryimage\"},\"thumbnailUrl\":\"https:\\\/\\\/www.bellunopress.it\\\/wp-content\\\/uploads\\\/2022\\\/08\\\/elicottero-suem-118_edited.jpg\",\"datePublished\":\"2025-05-31T13:41:24+00:00\",\"dateModified\":\"2025-05-31T18:58:18+00:00\",\"breadcrumb\":{\"@id\":\"https:\\\/\\\/www.bellunopress.it\\\/2025\\\/05\\\/31\\\/ciclista-muore-colto-da-malore\\\/#breadcrumb\"},\"inLanguage\":\"fr-FR\",\"potentialAction\":[{\"@type\":\"ReadAction\",\"target\":[\"https:\\\/\\\/www.bellunopress.it\\\/2025\\\/05\\\/31\\\/ciclista-muore-colto-da-malore\\\/\"]}]},{\"@type\":\"ImageObject\",\"inLanguage\":\"fr-FR\",\"@id\":\"https:\\\/\\\/www.bellunopress.it\\\/2025\\\/05\\\/31\\\/ciclista-muore-colto-da-malore\\\/#primaryimage\",\"url\":\"https:\\\/\\\/www.bellunopress.it\\\/wp-content\\\/uploads\\\/2022\\\/08\\\/elicottero-suem-118_edited.jpg\",\"contentUrl\":\"https:\\\/\\\/www.bellunopress.it\\\/wp-content\\\/uploads\\\/2022\\\/08\\\/elicottero-suem-118_edited.jpg\",\"width\":1000,\"height\":634},{\"@type\":\"BreadcrumbList\",\"@id\":\"https:\\\/\\\/www.bellunopress.it\\\/2025\\\/05\\\/31\\\/ciclista-muore-colto-da-malore\\\/#breadcrumb\",\"itemListElement\":[{\"@type\":\"ListItem\",\"position\":1,\"name\":\"Home\",\"item\":\"https:\\\/\\\/www.bellunopress.it\\\/\"},{\"@type\":\"ListItem\",\"position\":2,\"name\":\"Ciclista muore colto da malore. Infortunio sul sentiero\"}]},{\"@type\":\"WebSite\",\"@id\":\"https:\\\/\\\/www.bellunopress.it\\\/#website\",\"url\":\"https:\\\/\\\/www.bellunopress.it\\\/\",\"name\":\"Bellunopress - Dolomiti\",\"description\":\"e-mail: redazione@bellunopress.it\",\"publisher\":{\"@id\":\"https:\\\/\\\/www.bellunopress.it\\\/#organization\"},\"potentialAction\":[{\"@type\":\"SearchAction\",\"target\":{\"@type\":\"EntryPoint\",\"urlTemplate\":\"https:\\\/\\\/www.bellunopress.it\\\/?s={search_term_string}\"},\"query-input\":{\"@type\":\"PropertyValueSpecification\",\"valueRequired\":true,\"valueName\":\"search_term_string\"}}],\"inLanguage\":\"fr-FR\"},{\"@type\":\"Organization\",\"@id\":\"https:\\\/\\\/www.bellunopress.it\\\/#organization\",\"name\":\"Bellunopress\",\"url\":\"https:\\\/\\\/www.bellunopress.it\\\/\",\"logo\":{\"@type\":\"ImageObject\",\"inLanguage\":\"fr-FR\",\"@id\":\"https:\\\/\\\/www.bellunopress.it\\\/#\\\/schema\\\/logo\\\/image\\\/\",\"url\":\"https:\\\/\\\/www.bellunopress.it\\\/wp-content\\\/uploads\\\/2011\\\/05\\\/cropped-logo-bellunopress-.jpg\",\"contentUrl\":\"https:\\\/\\\/www.bellunopress.it\\\/wp-content\\\/uploads\\\/2011\\\/05\\\/cropped-logo-bellunopress-.jpg\",\"width\":512,\"height\":512,\"caption\":\"Bellunopress\"},\"image\":{\"@id\":\"https:\\\/\\\/www.bellunopress.it\\\/#\\\/schema\\\/logo\\\/image\\\/\"},\"sameAs\":[\"https:\\\/\\\/www.facebook.com\\\/profile.php?id=100008943462799\",\"https:\\\/\\\/x.com\\\/bellunopress\",\"https:\\\/\\\/www.linkedin.com\\\/hp\\\/?dnr=JBzUWaJfMUw8vbXJJ2tVW5-I3jZKvC4wsoxE&amp;amp;amp;amp;amp;amp;trk=nav_responsive_tab_home\",\"https:\\\/\\\/www.youtube.com\\\/channel\\\/UCxL0wu1uN0_3_7hGG0306cw\"]},{\"@type\":\"Person\",\"@id\":\"https:\\\/\\\/www.bellunopress.it\\\/#\\\/schema\\\/person\\\/79bb06722b37ece1c03d3e94beb30d73\",\"name\":\"redazione\",\"image\":{\"@type\":\"ImageObject\",\"inLanguage\":\"fr-FR\",\"@id\":\"https:\\\/\\\/secure.gravatar.com\\\/avatar\\\/37d968a2e67a6fd04c169c4bdef102d0bc5d31b2546345219e348575eb80e9a0?s=96&d=mm&r=g\",\"url\":\"https:\\\/\\\/secure.gravatar.com\\\/avatar\\\/37d968a2e67a6fd04c169c4bdef102d0bc5d31b2546345219e348575eb80e9a0?s=96&d=mm&r=g\",\"contentUrl\":\"https:\\\/\\\/secure.gravatar.com\\\/avatar\\\/37d968a2e67a6fd04c169c4bdef102d0bc5d31b2546345219e348575eb80e9a0?s=96&d=mm&r=g\",\"caption\":\"redazione\"},\"sameAs\":[\"http:\\\/\\\/www.bellunopress.it\",\"https:\\\/\\\/x.com\\\/bellunopress\"],\"url\":\"https:\\\/\\\/www.bellunopress.it\\\/fr\\\/author\\\/redazione\\\/\"}]}<\/script>\n<!-- \/ Yoast SEO plugin. -->","yoast_head_json":{"title":"Ciclista muore colto da malore. Infortunio sul sentiero - Bellunopress - Dolomiti","robots":{"index":"index","follow":"follow","max-snippet":"max-snippet:-1","max-image-preview":"max-image-preview:large","max-video-preview":"max-video-preview:-1"},"canonical":"https:\/\/www.bellunopress.it\/fr\/2025\/05\/31\/ciclista-muore-colto-da-malore\/","og_locale":"fr_FR","og_type":"article","og_title":"Ciclista muore colto da malore. Infortunio sul sentiero - Bellunopress - Dolomiti","og_description":"Soverzene (BL), 31 &#8211; 05 &#8211; 2025\u00a0 Attorno alle 12.10 la Centrale del 118 \u00e8 stata attivata per un ciclista colto da malore sulla strada che conduce alla diga della Val Gallina. Il 61enne (non sono note altre generalit\u00e0 al momento), che faceva parte di una numerosa comitiva, si era improvvisamente sentito male e i [&hellip;]","og_url":"https:\/\/www.bellunopress.it\/fr\/2025\/05\/31\/ciclista-muore-colto-da-malore\/","og_site_name":"Bellunopress - Dolomiti","article_publisher":"https:\/\/www.facebook.com\/profile.php?id=100008943462799","article_published_time":"2025-05-31T13:41:24+00:00","article_modified_time":"2025-05-31T18:58:18+00:00","og_image":[{"width":1000,"height":634,"url":"https:\/\/www.bellunopress.it\/wp-content\/uploads\/2022\/08\/elicottero-suem-118_edited.jpg","type":"image\/jpeg"}],"author":"redazione","twitter_card":"summary_large_image","twitter_creator":"@bellunopress","twitter_site":"@bellunopress","twitter_misc":{"\u00c9crit par":"redazione","Dur\u00e9e de lecture estim\u00e9e":"1 minute"},"schema":{"@context":"https:\/\/schema.org","@graph":[{"@type":"Article","@id":"https:\/\/www.bellunopress.it\/2025\/05\/31\/ciclista-muore-colto-da-malore\/#article","isPartOf":{"@id":"https:\/\/www.bellunopress.it\/2025\/05\/31\/ciclista-muore-colto-da-malore\/"},"author":{"name":"redazione","@id":"https:\/\/www.bellunopress.it\/#\/schema\/person\/79bb06722b37ece1c03d3e94beb30d73"},"headline":"Ciclista muore colto da malore. Infortunio sul sentiero","datePublished":"2025-05-31T13:41:24+00:00","dateModified":"2025-05-31T18:58:18+00:00","mainEntityOfPage":{"@id":"https:\/\/www.bellunopress.it\/2025\/05\/31\/ciclista-muore-colto-da-malore\/"},"wordCount":214,"publisher":{"@id":"https:\/\/www.bellunopress.it\/#organization"},"image":{"@id":"https:\/\/www.bellunopress.it\/2025\/05\/31\/ciclista-muore-colto-da-malore\/#primaryimage"},"thumbnailUrl":"https:\/\/www.bellunopress.it\/wp-content\/uploads\/2022\/08\/elicottero-suem-118_edited.jpg","articleSection":["Cronaca\/Politica","Prima Pagina"],"inLanguage":"fr-FR"},{"@type":"WebPage","@id":"https:\/\/www.bellunopress.it\/2025\/05\/31\/ciclista-muore-colto-da-malore\/","url":"https:\/\/www.bellunopress.it\/2025\/05\/31\/ciclista-muore-colto-da-malore\/","name":"Ciclista muore colto da malore. Infortunio sul sentiero - Bellunopress - Dolomiti","isPartOf":{"@id":"https:\/\/www.bellunopress.it\/#website"},"primaryImageOfPage":{"@id":"https:\/\/www.bellunopress.it\/2025\/05\/31\/ciclista-muore-colto-da-malore\/#primaryimage"},"image":{"@id":"https:\/\/www.bellunopress.it\/2025\/05\/31\/ciclista-muore-colto-da-malore\/#primaryimage"},"thumbnailUrl":"https:\/\/www.bellunopress.it\/wp-content\/uploads\/2022\/08\/elicottero-suem-118_edited.jpg","datePublished":"2025-05-31T13:41:24+00:00","dateModified":"2025-05-31T18:58:18+00:00","breadcrumb":{"@id":"https:\/\/www.bellunopress.it\/2025\/05\/31\/ciclista-muore-colto-da-malore\/#breadcrumb"},"inLanguage":"fr-FR","potentialAction":[{"@type":"ReadAction","target":["https:\/\/www.bellunopress.it\/2025\/05\/31\/ciclista-muore-colto-da-malore\/"]}]},{"@type":"ImageObject","inLanguage":"fr-FR","@id":"https:\/\/www.bellunopress.it\/2025\/05\/31\/ciclista-muore-colto-da-malore\/#primaryimage","url":"https:\/\/www.bellunopress.it\/wp-content\/uploads\/2022\/08\/elicottero-suem-118_edited.jpg","contentUrl":"https:\/\/www.bellunopress.it\/wp-content\/uploads\/2022\/08\/elicottero-suem-118_edited.jpg","width":1000,"height":634},{"@type":"BreadcrumbList","@id":"https:\/\/www.bellunopress.it\/2025\/05\/31\/ciclista-muore-colto-da-malore\/#breadcrumb","itemListElement":[{"@type":"ListItem","position":1,"name":"Home","item":"https:\/\/www.bellunopress.it\/"},{"@type":"ListItem","position":2,"name":"Ciclista muore colto da malore. Infortunio sul sentiero"}]},{"@type":"WebSite","@id":"https:\/\/www.bellunopress.it\/#website","url":"https:\/\/www.bellunopress.it\/","name":"Bellunopress - Dolomiti","description":"e-mail: redazione@bellunopress.it","publisher":{"@id":"https:\/\/www.bellunopress.it\/#organization"},"potentialAction":[{"@type":"SearchAction","target":{"@type":"EntryPoint","urlTemplate":"https:\/\/www.bellunopress.it\/?s={search_term_string}"},"query-input":{"@type":"PropertyValueSpecification","valueRequired":true,"valueName":"search_term_string"}}],"inLanguage":"fr-FR"},{"@type":"Organization","@id":"https:\/\/www.bellunopress.it\/#organization","name":"Bellunopress","url":"https:\/\/www.bellunopress.it\/","logo":{"@type":"ImageObject","inLanguage":"fr-FR","@id":"https:\/\/www.bellunopress.it\/#\/schema\/logo\/image\/","url":"https:\/\/www.bellunopress.it\/wp-content\/uploads\/2011\/05\/cropped-logo-bellunopress-.jpg","contentUrl":"https:\/\/www.bellunopress.it\/wp-content\/uploads\/2011\/05\/cropped-logo-bellunopress-.jpg","width":512,"height":512,"caption":"Bellunopress"},"image":{"@id":"https:\/\/www.bellunopress.it\/#\/schema\/logo\/image\/"},"sameAs":["https:\/\/www.facebook.com\/profile.php?id=100008943462799","https:\/\/x.com\/bellunopress","https:\/\/www.linkedin.com\/hp\/?dnr=JBzUWaJfMUw8vbXJJ2tVW5-I3jZKvC4wsoxE&amp;amp;amp;amp;amp;amp;trk=nav_responsive_tab_home","https:\/\/www.youtube.com\/channel\/UCxL0wu1uN0_3_7hGG0306cw"]},{"@type":"Person","@id":"https:\/\/www.bellunopress.it\/#\/schema\/person\/79bb06722b37ece1c03d3e94beb30d73","name":"r\u00e9daction","image":{"@type":"ImageObject","inLanguage":"fr-FR","@id":"https:\/\/secure.gravatar.com\/avatar\/37d968a2e67a6fd04c169c4bdef102d0bc5d31b2546345219e348575eb80e9a0?s=96&d=mm&r=g","url":"https:\/\/secure.gravatar.com\/avatar\/37d968a2e67a6fd04c169c4bdef102d0bc5d31b2546345219e348575eb80e9a0?s=96&d=mm&r=g","contentUrl":"https:\/\/secure.gravatar.com\/avatar\/37d968a2e67a6fd04c169c4bdef102d0bc5d31b2546345219e348575eb80e9a0?s=96&d=mm&r=g","caption":"redazione"},"sameAs":["http:\/\/www.bellunopress.it","https:\/\/x.com\/bellunopress"],"url":"https:\/\/www.bellunopress.it\/fr\/author\/redazione\/"}]}},"_links":{"self":[{"href":"https:\/\/www.bellunopress.it\/fr\/wp-json\/wp\/v2\/posts\/160593","targetHints":{"allow":["GET"]}}],"collection":[{"href":"https:\/\/www.bellunopress.it\/fr\/wp-json\/wp\/v2\/posts"}],"about":[{"href":"https:\/\/www.bellunopress.it\/fr\/wp-json\/wp\/v2\/types\/post"}],"author":[{"embeddable":true,"href":"https:\/\/www.bellunopress.it\/fr\/wp-json\/wp\/v2\/users\/2"}],"replies":[{"embeddable":true,"href":"https:\/\/www.bellunopress.it\/fr\/wp-json\/wp\/v2\/comments?post=160593"}],"version-history":[{"count":2,"href":"https:\/\/www.bellunopress.it\/fr\/wp-json\/wp\/v2\/posts\/160593\/revisions"}],"predecessor-version":[{"id":160600,"href":"https:\/\/www.bellunopress.it\/fr\/wp-json\/wp\/v2\/posts\/160593\/revisions\/160600"}],"wp:featuredmedia":[{"embeddable":true,"href":"https:\/\/www.bellunopress.it\/fr\/wp-json\/wp\/v2\/media\/135936"}],"wp:attachment":[{"href":"https:\/\/www.bellunopress.it\/fr\/wp-json\/wp\/v2\/media?parent=160593"}],"wp:term":[{"taxonomy":"category","embeddable":true,"href":"https:\/\/www.bellunopress.it\/fr\/wp-json\/wp\/v2\/categories?post=160593"},{"taxonomy":"post_tag","embeddable":true,"href":"https:\/\/www.bellunopress.it\/fr\/wp-json\/wp\/v2\/tags?post=160593"}],"curies":[{"name":"wp","href":"https:\/\/api.w.org\/{rel}","templated":true}]}}