{"id":160588,"date":"2025-05-31T09:43:12","date_gmt":"2025-05-31T07:43:12","guid":{"rendered":"https:\/\/www.bellunopress.it\/?p=160588"},"modified":"2025-05-31T08:50:23","modified_gmt":"2025-05-31T06:50:23","slug":"belluno-riapre-il-giardino-botanico-delle-alpi-orientali-unestate-tra-fioriture-biodiversita-e-natura","status":"publish","type":"post","link":"https:\/\/www.bellunopress.it\/fr\/2025\/05\/31\/belluno-riapre-il-giardino-botanico-delle-alpi-orientali-unestate-tra-fioriture-biodiversita-e-natura\/","title":{"rendered":"Belluno, riapre il Giardino Botanico delle Alpi Orientali: un&#8217;estate tra fioriture, biodiversit\u00e0 e natura"},"content":{"rendered":"<figure id=\"attachment_160590\" aria-describedby=\"caption-attachment-160590\" style=\"width: 1000px\" class=\"wp-caption aligncenter\"><img loading=\"lazy\" decoding=\"async\" class=\"size-full wp-image-160590\" src=\"https:\/\/www.bellunopress.it\/wp-content\/uploads\/2025\/05\/Giardino-botanico-Alpi-orientali-Carabinieri-forestali.jpg\" alt=\"\" width=\"1000\" height=\"596\" srcset=\"https:\/\/www.bellunopress.it\/wp-content\/uploads\/2025\/05\/Giardino-botanico-Alpi-orientali-Carabinieri-forestali.jpg 1000w, https:\/\/www.bellunopress.it\/wp-content\/uploads\/2025\/05\/Giardino-botanico-Alpi-orientali-Carabinieri-forestali-500x298.jpg 500w, https:\/\/www.bellunopress.it\/wp-content\/uploads\/2025\/05\/Giardino-botanico-Alpi-orientali-Carabinieri-forestali-705x420.jpg 705w, https:\/\/www.bellunopress.it\/wp-content\/uploads\/2025\/05\/Giardino-botanico-Alpi-orientali-Carabinieri-forestali-696x415.jpg 696w\" sizes=\"auto, (max-width: 1000px) 100vw, 1000px\" \/><figcaption id=\"caption-attachment-160590\" class=\"wp-caption-text\">Carabinieri forestali. Giardino botanico delle Alpi orientali . Nevegal, Belluno<\/figcaption><\/figure>\n<figure id=\"attachment_160589\" aria-describedby=\"caption-attachment-160589\" style=\"width: 884px\" class=\"wp-caption aligncenter\"><img loading=\"lazy\" decoding=\"async\" class=\"size-full wp-image-160589\" src=\"https:\/\/www.bellunopress.it\/wp-content\/uploads\/2025\/05\/Giardino-botanico-Faverghera-Nevegal.jpg\" alt=\"\" width=\"884\" height=\"663\" srcset=\"https:\/\/www.bellunopress.it\/wp-content\/uploads\/2025\/05\/Giardino-botanico-Faverghera-Nevegal.jpg 884w, https:\/\/www.bellunopress.it\/wp-content\/uploads\/2025\/05\/Giardino-botanico-Faverghera-Nevegal-500x375.jpg 500w, https:\/\/www.bellunopress.it\/wp-content\/uploads\/2025\/05\/Giardino-botanico-Faverghera-Nevegal-560x420.jpg 560w, https:\/\/www.bellunopress.it\/wp-content\/uploads\/2025\/05\/Giardino-botanico-Faverghera-Nevegal-80x60.jpg 80w, https:\/\/www.bellunopress.it\/wp-content\/uploads\/2025\/05\/Giardino-botanico-Faverghera-Nevegal-696x522.jpg 696w\" sizes=\"auto, (max-width: 884px) 100vw, 884px\" \/><figcaption id=\"caption-attachment-160589\" class=\"wp-caption-text\">Faverghera, Nevegal, Belluno. Giardino botanico<\/figcaption><\/figure>\n<p data-start=\"111\" data-end=\"601\"><em data-start=\"111\" data-end=\"146\">Belluno, Nevegal, 31 maggio 2025\u00a0 &#8211;\u00a0 <\/em>Con l\u2019arrivo della bella stagione, il Reparto Carabinieri Biodiversit\u00e0 di Belluno annuncia la riapertura del Giardino Botanico delle Alpi Orientali, situato sul Monte Faverghera, che accoglier\u00e0 nuovamente visitatori, famiglie e appassionati della natura dopo la pausa invernale. Un evento atteso, reso ancora pi\u00f9 speciale dagli interventi di conservazione e ripristino dell\u2019habitat che hanno restituito nuova vita ai sentieri e alla flora d\u2019alta quota.<\/p>\n<p data-start=\"603\" data-end=\"1041\">Quest\u2019anno il giardino si presenta arricchito da un numero significativamente maggiore di specie floristiche, offrendo un\u2019esperienza immersiva tra i colori e i profumi della biodiversit\u00e0 alpina. A disposizione del pubblico, ogni giorno, il personale esperto del Reparto Carabinieri Biodiversit\u00e0 sar\u00e0 pronto ad accompagnare gratuitamente i visitatori lungo i percorsi della riserva, anche in forma di gruppi o comitive previa prenotazione.<\/p>\n<p data-start=\"1043\" data-end=\"1423\">In programma per l\u2019estate anche cinque passeggiate naturalistiche tematiche, completamente gratuite, dedicate a chi vuole approfondire la conoscenza di Orchidee selvatiche, Insetti, Licheni e Funghi, e della Geologia del colle del Nevegal. Gli eventi saranno guidati da specialisti del settore, con il patrocinio delle associazioni di riferimento, del CAI e del Comune di Belluno.<\/p>\n<p data-start=\"1425\" data-end=\"1629\">Il Giardino Botanico aprir\u00e0 ufficialmente da marted\u00ec 3 giugno fino a domenica 14 settembre, con orario continuato dalle 9:30 alle 17:00 tutti i giorni, escluso il luned\u00ec, giorno di chiusura settimanale.<\/p>\n<p data-start=\"1631\" data-end=\"2052\">Fin dai primi giorni sar\u00e0 possibile ammirare le prime fioriture stagionali: tra queste, la spettacolare <em data-start=\"1735\" data-end=\"1760\">Scarpetta della Madonna<\/em> (Cypripedium calceolus), seguita da un trionfo di orchidee, genziane, gigli, fiordalisi, rododendri e campanule, ciascuna nel proprio habitat naturale. A luglio inoltrato, il paesaggio sar\u00e0 impreziosito dall\u2019apparizione della <em data-start=\"1987\" data-end=\"2006\">Regina delle Alpi<\/em> (Eryngium alpinum), simbolo di rara bellezza.<\/p>\n<p data-start=\"2054\" data-end=\"2206\">Per chi desidera scoprire la natura con occhi nuovi, il Giardino Botanico delle Alpi Orientali rappresenta una meta imperdibile dell\u2019estate bellunese.<\/p>","protected":false},"excerpt":{"rendered":"<p>Belluno, Nevegal, 31 maggio 2025\u00a0 &#8211;\u00a0 Con l\u2019arrivo della bella stagione, il Reparto Carabinieri Biodiversit\u00e0 di Belluno annuncia la riapertura del Giardino Botanico delle Alpi Orientali, situato sul Monte Faverghera, che accoglier\u00e0 nuovamente visitatori, famiglie e appassionati della natura dopo la pausa invernale. Un evento atteso, reso ancora pi\u00f9 speciale dagli interventi di conservazione e [&hellip;]<\/p>\n","protected":false},"author":2,"featured_media":160589,"comment_status":"closed","ping_status":"open","sticky":false,"template":"","format":"standard","meta":{"footnotes":""},"categories":[38,26,8],"tags":[],"class_list":["post-160588","post","type-post","status-publish","format-standard","has-post-thumbnail","category-natura-ambiente","category-prima-pagina","category-societa-istituzioni"],"yoast_head":"<!-- This site is optimized with the Yoast SEO plugin v28.4 - https:\/\/yoast.com\/product\/yoast-seo-wordpress\/ -->\n<title>Belluno, riapre il Giardino Botanico delle Alpi Orientali: un&#039;estate tra fioriture, biodiversit\u00e0 e natura - Bellunopress - Dolomiti<\/title>\n<meta name=\"robots\" content=\"index, follow, max-snippet:-1, max-image-preview:large, max-video-preview:-1\" \/>\n<link rel=\"canonical\" href=\"https:\/\/www.bellunopress.it\/fr\/2025\/05\/31\/belluno-riapre-il-giardino-botanico-delle-alpi-orientali-unestate-tra-fioriture-biodiversita-e-natura\/\" \/>\n<meta property=\"og:locale\" content=\"fr_FR\" \/>\n<meta property=\"og:type\" content=\"article\" \/>\n<meta property=\"og:title\" content=\"Belluno, riapre il Giardino Botanico delle Alpi Orientali: un&#039;estate tra fioriture, biodiversit\u00e0 e natura - Bellunopress - Dolomiti\" \/>\n<meta property=\"og:description\" content=\"Belluno, Nevegal, 31 maggio 2025\u00a0 &#8211;\u00a0 Con l\u2019arrivo della bella stagione, il Reparto Carabinieri Biodiversit\u00e0 di Belluno annuncia la riapertura del Giardino Botanico delle Alpi Orientali, situato sul Monte Faverghera, che accoglier\u00e0 nuovamente visitatori, famiglie e appassionati della natura dopo la pausa invernale. Un evento atteso, reso ancora pi\u00f9 speciale dagli interventi di conservazione e [&hellip;]\" \/>\n<meta property=\"og:url\" content=\"https:\/\/www.bellunopress.it\/fr\/2025\/05\/31\/belluno-riapre-il-giardino-botanico-delle-alpi-orientali-unestate-tra-fioriture-biodiversita-e-natura\/\" \/>\n<meta property=\"og:site_name\" content=\"Bellunopress - Dolomiti\" \/>\n<meta property=\"article:publisher\" content=\"https:\/\/www.facebook.com\/profile.php?id=100008943462799\" \/>\n<meta property=\"article:published_time\" content=\"2025-05-31T07:43:12+00:00\" \/>\n<meta property=\"og:image\" content=\"https:\/\/www.bellunopress.it\/wp-content\/uploads\/2025\/05\/Giardino-botanico-Faverghera-Nevegal.jpg\" \/>\n\t<meta property=\"og:image:width\" content=\"884\" \/>\n\t<meta property=\"og:image:height\" content=\"663\" \/>\n\t<meta property=\"og:image:type\" content=\"image\/jpeg\" \/>\n<meta name=\"author\" content=\"redazione\" \/>\n<meta name=\"twitter:card\" content=\"summary_large_image\" \/>\n<meta name=\"twitter:creator\" content=\"@bellunopress\" \/>\n<meta name=\"twitter:site\" content=\"@bellunopress\" \/>\n<meta name=\"twitter:label1\" content=\"\u00c9crit par\" \/>\n\t<meta name=\"twitter:data1\" content=\"redazione\" \/>\n\t<meta name=\"twitter:label2\" content=\"Dur\u00e9e de lecture estim\u00e9e\" \/>\n\t<meta name=\"twitter:data2\" content=\"2 minutes\" \/>\n<script type=\"application\/ld+json\" class=\"yoast-schema-graph\">{\"@context\":\"https:\\\/\\\/schema.org\",\"@graph\":[{\"@type\":\"Article\",\"@id\":\"https:\\\/\\\/www.bellunopress.it\\\/2025\\\/05\\\/31\\\/belluno-riapre-il-giardino-botanico-delle-alpi-orientali-unestate-tra-fioriture-biodiversita-e-natura\\\/#article\",\"isPartOf\":{\"@id\":\"https:\\\/\\\/www.bellunopress.it\\\/2025\\\/05\\\/31\\\/belluno-riapre-il-giardino-botanico-delle-alpi-orientali-unestate-tra-fioriture-biodiversita-e-natura\\\/\"},\"author\":{\"name\":\"redazione\",\"@id\":\"https:\\\/\\\/www.bellunopress.it\\\/#\\\/schema\\\/person\\\/79bb06722b37ece1c03d3e94beb30d73\"},\"headline\":\"Belluno, riapre il Giardino Botanico delle Alpi Orientali: un&#8217;estate tra fioriture, biodiversit\u00e0 e natura\",\"datePublished\":\"2025-05-31T07:43:12+00:00\",\"mainEntityOfPage\":{\"@id\":\"https:\\\/\\\/www.bellunopress.it\\\/2025\\\/05\\\/31\\\/belluno-riapre-il-giardino-botanico-delle-alpi-orientali-unestate-tra-fioriture-biodiversita-e-natura\\\/\"},\"wordCount\":335,\"publisher\":{\"@id\":\"https:\\\/\\\/www.bellunopress.it\\\/#organization\"},\"image\":{\"@id\":\"https:\\\/\\\/www.bellunopress.it\\\/2025\\\/05\\\/31\\\/belluno-riapre-il-giardino-botanico-delle-alpi-orientali-unestate-tra-fioriture-biodiversita-e-natura\\\/#primaryimage\"},\"thumbnailUrl\":\"https:\\\/\\\/www.bellunopress.it\\\/wp-content\\\/uploads\\\/2025\\\/05\\\/Giardino-botanico-Faverghera-Nevegal.jpg\",\"articleSection\":[\"Meteo, natura, ambiente, animali\",\"Prima Pagina\",\"Societ\u00e0, Associazioni, Istituzioni\"],\"inLanguage\":\"fr-FR\"},{\"@type\":\"WebPage\",\"@id\":\"https:\\\/\\\/www.bellunopress.it\\\/2025\\\/05\\\/31\\\/belluno-riapre-il-giardino-botanico-delle-alpi-orientali-unestate-tra-fioriture-biodiversita-e-natura\\\/\",\"url\":\"https:\\\/\\\/www.bellunopress.it\\\/2025\\\/05\\\/31\\\/belluno-riapre-il-giardino-botanico-delle-alpi-orientali-unestate-tra-fioriture-biodiversita-e-natura\\\/\",\"name\":\"Belluno, riapre il Giardino Botanico delle Alpi Orientali: un'estate tra fioriture, biodiversit\u00e0 e natura - Bellunopress - Dolomiti\",\"isPartOf\":{\"@id\":\"https:\\\/\\\/www.bellunopress.it\\\/#website\"},\"primaryImageOfPage\":{\"@id\":\"https:\\\/\\\/www.bellunopress.it\\\/2025\\\/05\\\/31\\\/belluno-riapre-il-giardino-botanico-delle-alpi-orientali-unestate-tra-fioriture-biodiversita-e-natura\\\/#primaryimage\"},\"image\":{\"@id\":\"https:\\\/\\\/www.bellunopress.it\\\/2025\\\/05\\\/31\\\/belluno-riapre-il-giardino-botanico-delle-alpi-orientali-unestate-tra-fioriture-biodiversita-e-natura\\\/#primaryimage\"},\"thumbnailUrl\":\"https:\\\/\\\/www.bellunopress.it\\\/wp-content\\\/uploads\\\/2025\\\/05\\\/Giardino-botanico-Faverghera-Nevegal.jpg\",\"datePublished\":\"2025-05-31T07:43:12+00:00\",\"breadcrumb\":{\"@id\":\"https:\\\/\\\/www.bellunopress.it\\\/2025\\\/05\\\/31\\\/belluno-riapre-il-giardino-botanico-delle-alpi-orientali-unestate-tra-fioriture-biodiversita-e-natura\\\/#breadcrumb\"},\"inLanguage\":\"fr-FR\",\"potentialAction\":[{\"@type\":\"ReadAction\",\"target\":[\"https:\\\/\\\/www.bellunopress.it\\\/2025\\\/05\\\/31\\\/belluno-riapre-il-giardino-botanico-delle-alpi-orientali-unestate-tra-fioriture-biodiversita-e-natura\\\/\"]}]},{\"@type\":\"ImageObject\",\"inLanguage\":\"fr-FR\",\"@id\":\"https:\\\/\\\/www.bellunopress.it\\\/2025\\\/05\\\/31\\\/belluno-riapre-il-giardino-botanico-delle-alpi-orientali-unestate-tra-fioriture-biodiversita-e-natura\\\/#primaryimage\",\"url\":\"https:\\\/\\\/www.bellunopress.it\\\/wp-content\\\/uploads\\\/2025\\\/05\\\/Giardino-botanico-Faverghera-Nevegal.jpg\",\"contentUrl\":\"https:\\\/\\\/www.bellunopress.it\\\/wp-content\\\/uploads\\\/2025\\\/05\\\/Giardino-botanico-Faverghera-Nevegal.jpg\",\"width\":884,\"height\":663,\"caption\":\"Faverghera, Nevegal, Belluno. Giardino botanico\"},{\"@type\":\"BreadcrumbList\",\"@id\":\"https:\\\/\\\/www.bellunopress.it\\\/2025\\\/05\\\/31\\\/belluno-riapre-il-giardino-botanico-delle-alpi-orientali-unestate-tra-fioriture-biodiversita-e-natura\\\/#breadcrumb\",\"itemListElement\":[{\"@type\":\"ListItem\",\"position\":1,\"name\":\"Home\",\"item\":\"https:\\\/\\\/www.bellunopress.it\\\/\"},{\"@type\":\"ListItem\",\"position\":2,\"name\":\"Belluno, riapre il Giardino Botanico delle Alpi Orientali: un&#8217;estate tra fioriture, biodiversit\u00e0 e natura\"}]},{\"@type\":\"WebSite\",\"@id\":\"https:\\\/\\\/www.bellunopress.it\\\/#website\",\"url\":\"https:\\\/\\\/www.bellunopress.it\\\/\",\"name\":\"Bellunopress - Dolomiti\",\"description\":\"e-mail: redazione@bellunopress.it\",\"publisher\":{\"@id\":\"https:\\\/\\\/www.bellunopress.it\\\/#organization\"},\"potentialAction\":[{\"@type\":\"SearchAction\",\"target\":{\"@type\":\"EntryPoint\",\"urlTemplate\":\"https:\\\/\\\/www.bellunopress.it\\\/?s={search_term_string}\"},\"query-input\":{\"@type\":\"PropertyValueSpecification\",\"valueRequired\":true,\"valueName\":\"search_term_string\"}}],\"inLanguage\":\"fr-FR\"},{\"@type\":\"Organization\",\"@id\":\"https:\\\/\\\/www.bellunopress.it\\\/#organization\",\"name\":\"Bellunopress\",\"url\":\"https:\\\/\\\/www.bellunopress.it\\\/\",\"logo\":{\"@type\":\"ImageObject\",\"inLanguage\":\"fr-FR\",\"@id\":\"https:\\\/\\\/www.bellunopress.it\\\/#\\\/schema\\\/logo\\\/image\\\/\",\"url\":\"https:\\\/\\\/www.bellunopress.it\\\/wp-content\\\/uploads\\\/2011\\\/05\\\/cropped-logo-bellunopress-.jpg\",\"contentUrl\":\"https:\\\/\\\/www.bellunopress.it\\\/wp-content\\\/uploads\\\/2011\\\/05\\\/cropped-logo-bellunopress-.jpg\",\"width\":512,\"height\":512,\"caption\":\"Bellunopress\"},\"image\":{\"@id\":\"https:\\\/\\\/www.bellunopress.it\\\/#\\\/schema\\\/logo\\\/image\\\/\"},\"sameAs\":[\"https:\\\/\\\/www.facebook.com\\\/profile.php?id=100008943462799\",\"https:\\\/\\\/x.com\\\/bellunopress\",\"https:\\\/\\\/www.linkedin.com\\\/hp\\\/?dnr=JBzUWaJfMUw8vbXJJ2tVW5-I3jZKvC4wsoxE&amp;amp;amp;amp;amp;amp;trk=nav_responsive_tab_home\",\"https:\\\/\\\/www.youtube.com\\\/channel\\\/UCxL0wu1uN0_3_7hGG0306cw\"]},{\"@type\":\"Person\",\"@id\":\"https:\\\/\\\/www.bellunopress.it\\\/#\\\/schema\\\/person\\\/79bb06722b37ece1c03d3e94beb30d73\",\"name\":\"redazione\",\"image\":{\"@type\":\"ImageObject\",\"inLanguage\":\"fr-FR\",\"@id\":\"https:\\\/\\\/secure.gravatar.com\\\/avatar\\\/37d968a2e67a6fd04c169c4bdef102d0bc5d31b2546345219e348575eb80e9a0?s=96&d=mm&r=g\",\"url\":\"https:\\\/\\\/secure.gravatar.com\\\/avatar\\\/37d968a2e67a6fd04c169c4bdef102d0bc5d31b2546345219e348575eb80e9a0?s=96&d=mm&r=g\",\"contentUrl\":\"https:\\\/\\\/secure.gravatar.com\\\/avatar\\\/37d968a2e67a6fd04c169c4bdef102d0bc5d31b2546345219e348575eb80e9a0?s=96&d=mm&r=g\",\"caption\":\"redazione\"},\"sameAs\":[\"http:\\\/\\\/www.bellunopress.it\",\"https:\\\/\\\/x.com\\\/bellunopress\"],\"url\":\"https:\\\/\\\/www.bellunopress.it\\\/fr\\\/author\\\/redazione\\\/\"}]}<\/script>\n<!-- \/ Yoast SEO plugin. -->","yoast_head_json":{"title":"Belluno, riapre il Giardino Botanico delle Alpi Orientali: un'estate tra fioriture, biodiversit\u00e0 e natura - Bellunopress - Dolomiti","robots":{"index":"index","follow":"follow","max-snippet":"max-snippet:-1","max-image-preview":"max-image-preview:large","max-video-preview":"max-video-preview:-1"},"canonical":"https:\/\/www.bellunopress.it\/fr\/2025\/05\/31\/belluno-riapre-il-giardino-botanico-delle-alpi-orientali-unestate-tra-fioriture-biodiversita-e-natura\/","og_locale":"fr_FR","og_type":"article","og_title":"Belluno, riapre il Giardino Botanico delle Alpi Orientali: un'estate tra fioriture, biodiversit\u00e0 e natura - Bellunopress - Dolomiti","og_description":"Belluno, Nevegal, 31 maggio 2025\u00a0 &#8211;\u00a0 Con l\u2019arrivo della bella stagione, il Reparto Carabinieri Biodiversit\u00e0 di Belluno annuncia la riapertura del Giardino Botanico delle Alpi Orientali, situato sul Monte Faverghera, che accoglier\u00e0 nuovamente visitatori, famiglie e appassionati della natura dopo la pausa invernale. Un evento atteso, reso ancora pi\u00f9 speciale dagli interventi di conservazione e [&hellip;]","og_url":"https:\/\/www.bellunopress.it\/fr\/2025\/05\/31\/belluno-riapre-il-giardino-botanico-delle-alpi-orientali-unestate-tra-fioriture-biodiversita-e-natura\/","og_site_name":"Bellunopress - Dolomiti","article_publisher":"https:\/\/www.facebook.com\/profile.php?id=100008943462799","article_published_time":"2025-05-31T07:43:12+00:00","og_image":[{"width":884,"height":663,"url":"https:\/\/www.bellunopress.it\/wp-content\/uploads\/2025\/05\/Giardino-botanico-Faverghera-Nevegal.jpg","type":"image\/jpeg"}],"author":"redazione","twitter_card":"summary_large_image","twitter_creator":"@bellunopress","twitter_site":"@bellunopress","twitter_misc":{"\u00c9crit par":"redazione","Dur\u00e9e de lecture estim\u00e9e":"2 minutes"},"schema":{"@context":"https:\/\/schema.org","@graph":[{"@type":"Article","@id":"https:\/\/www.bellunopress.it\/2025\/05\/31\/belluno-riapre-il-giardino-botanico-delle-alpi-orientali-unestate-tra-fioriture-biodiversita-e-natura\/#article","isPartOf":{"@id":"https:\/\/www.bellunopress.it\/2025\/05\/31\/belluno-riapre-il-giardino-botanico-delle-alpi-orientali-unestate-tra-fioriture-biodiversita-e-natura\/"},"author":{"name":"redazione","@id":"https:\/\/www.bellunopress.it\/#\/schema\/person\/79bb06722b37ece1c03d3e94beb30d73"},"headline":"Belluno, riapre il Giardino Botanico delle Alpi Orientali: un&#8217;estate tra fioriture, biodiversit\u00e0 e natura","datePublished":"2025-05-31T07:43:12+00:00","mainEntityOfPage":{"@id":"https:\/\/www.bellunopress.it\/2025\/05\/31\/belluno-riapre-il-giardino-botanico-delle-alpi-orientali-unestate-tra-fioriture-biodiversita-e-natura\/"},"wordCount":335,"publisher":{"@id":"https:\/\/www.bellunopress.it\/#organization"},"image":{"@id":"https:\/\/www.bellunopress.it\/2025\/05\/31\/belluno-riapre-il-giardino-botanico-delle-alpi-orientali-unestate-tra-fioriture-biodiversita-e-natura\/#primaryimage"},"thumbnailUrl":"https:\/\/www.bellunopress.it\/wp-content\/uploads\/2025\/05\/Giardino-botanico-Faverghera-Nevegal.jpg","articleSection":["Meteo, natura, ambiente, animali","Prima Pagina","Societ\u00e0, Associazioni, Istituzioni"],"inLanguage":"fr-FR"},{"@type":"WebPage","@id":"https:\/\/www.bellunopress.it\/2025\/05\/31\/belluno-riapre-il-giardino-botanico-delle-alpi-orientali-unestate-tra-fioriture-biodiversita-e-natura\/","url":"https:\/\/www.bellunopress.it\/2025\/05\/31\/belluno-riapre-il-giardino-botanico-delle-alpi-orientali-unestate-tra-fioriture-biodiversita-e-natura\/","name":"Belluno, riapre il Giardino Botanico delle Alpi Orientali: un'estate tra fioriture, biodiversit\u00e0 e natura - Bellunopress - Dolomiti","isPartOf":{"@id":"https:\/\/www.bellunopress.it\/#website"},"primaryImageOfPage":{"@id":"https:\/\/www.bellunopress.it\/2025\/05\/31\/belluno-riapre-il-giardino-botanico-delle-alpi-orientali-unestate-tra-fioriture-biodiversita-e-natura\/#primaryimage"},"image":{"@id":"https:\/\/www.bellunopress.it\/2025\/05\/31\/belluno-riapre-il-giardino-botanico-delle-alpi-orientali-unestate-tra-fioriture-biodiversita-e-natura\/#primaryimage"},"thumbnailUrl":"https:\/\/www.bellunopress.it\/wp-content\/uploads\/2025\/05\/Giardino-botanico-Faverghera-Nevegal.jpg","datePublished":"2025-05-31T07:43:12+00:00","breadcrumb":{"@id":"https:\/\/www.bellunopress.it\/2025\/05\/31\/belluno-riapre-il-giardino-botanico-delle-alpi-orientali-unestate-tra-fioriture-biodiversita-e-natura\/#breadcrumb"},"inLanguage":"fr-FR","potentialAction":[{"@type":"ReadAction","target":["https:\/\/www.bellunopress.it\/2025\/05\/31\/belluno-riapre-il-giardino-botanico-delle-alpi-orientali-unestate-tra-fioriture-biodiversita-e-natura\/"]}]},{"@type":"ImageObject","inLanguage":"fr-FR","@id":"https:\/\/www.bellunopress.it\/2025\/05\/31\/belluno-riapre-il-giardino-botanico-delle-alpi-orientali-unestate-tra-fioriture-biodiversita-e-natura\/#primaryimage","url":"https:\/\/www.bellunopress.it\/wp-content\/uploads\/2025\/05\/Giardino-botanico-Faverghera-Nevegal.jpg","contentUrl":"https:\/\/www.bellunopress.it\/wp-content\/uploads\/2025\/05\/Giardino-botanico-Faverghera-Nevegal.jpg","width":884,"height":663,"caption":"Faverghera, Nevegal, Belluno. Giardino botanico"},{"@type":"BreadcrumbList","@id":"https:\/\/www.bellunopress.it\/2025\/05\/31\/belluno-riapre-il-giardino-botanico-delle-alpi-orientali-unestate-tra-fioriture-biodiversita-e-natura\/#breadcrumb","itemListElement":[{"@type":"ListItem","position":1,"name":"Home","item":"https:\/\/www.bellunopress.it\/"},{"@type":"ListItem","position":2,"name":"Belluno, riapre il Giardino Botanico delle Alpi Orientali: un&#8217;estate tra fioriture, biodiversit\u00e0 e natura"}]},{"@type":"WebSite","@id":"https:\/\/www.bellunopress.it\/#website","url":"https:\/\/www.bellunopress.it\/","name":"Bellunopress - Dolomiti","description":"e-mail: redazione@bellunopress.it","publisher":{"@id":"https:\/\/www.bellunopress.it\/#organization"},"potentialAction":[{"@type":"SearchAction","target":{"@type":"EntryPoint","urlTemplate":"https:\/\/www.bellunopress.it\/?s={search_term_string}"},"query-input":{"@type":"PropertyValueSpecification","valueRequired":true,"valueName":"search_term_string"}}],"inLanguage":"fr-FR"},{"@type":"Organization","@id":"https:\/\/www.bellunopress.it\/#organization","name":"Bellunopress","url":"https:\/\/www.bellunopress.it\/","logo":{"@type":"ImageObject","inLanguage":"fr-FR","@id":"https:\/\/www.bellunopress.it\/#\/schema\/logo\/image\/","url":"https:\/\/www.bellunopress.it\/wp-content\/uploads\/2011\/05\/cropped-logo-bellunopress-.jpg","contentUrl":"https:\/\/www.bellunopress.it\/wp-content\/uploads\/2011\/05\/cropped-logo-bellunopress-.jpg","width":512,"height":512,"caption":"Bellunopress"},"image":{"@id":"https:\/\/www.bellunopress.it\/#\/schema\/logo\/image\/"},"sameAs":["https:\/\/www.facebook.com\/profile.php?id=100008943462799","https:\/\/x.com\/bellunopress","https:\/\/www.linkedin.com\/hp\/?dnr=JBzUWaJfMUw8vbXJJ2tVW5-I3jZKvC4wsoxE&amp;amp;amp;amp;amp;amp;trk=nav_responsive_tab_home","https:\/\/www.youtube.com\/channel\/UCxL0wu1uN0_3_7hGG0306cw"]},{"@type":"Person","@id":"https:\/\/www.bellunopress.it\/#\/schema\/person\/79bb06722b37ece1c03d3e94beb30d73","name":"r\u00e9daction","image":{"@type":"ImageObject","inLanguage":"fr-FR","@id":"https:\/\/secure.gravatar.com\/avatar\/37d968a2e67a6fd04c169c4bdef102d0bc5d31b2546345219e348575eb80e9a0?s=96&d=mm&r=g","url":"https:\/\/secure.gravatar.com\/avatar\/37d968a2e67a6fd04c169c4bdef102d0bc5d31b2546345219e348575eb80e9a0?s=96&d=mm&r=g","contentUrl":"https:\/\/secure.gravatar.com\/avatar\/37d968a2e67a6fd04c169c4bdef102d0bc5d31b2546345219e348575eb80e9a0?s=96&d=mm&r=g","caption":"redazione"},"sameAs":["http:\/\/www.bellunopress.it","https:\/\/x.com\/bellunopress"],"url":"https:\/\/www.bellunopress.it\/fr\/author\/redazione\/"}]}},"_links":{"self":[{"href":"https:\/\/www.bellunopress.it\/fr\/wp-json\/wp\/v2\/posts\/160588","targetHints":{"allow":["GET"]}}],"collection":[{"href":"https:\/\/www.bellunopress.it\/fr\/wp-json\/wp\/v2\/posts"}],"about":[{"href":"https:\/\/www.bellunopress.it\/fr\/wp-json\/wp\/v2\/types\/post"}],"author":[{"embeddable":true,"href":"https:\/\/www.bellunopress.it\/fr\/wp-json\/wp\/v2\/users\/2"}],"replies":[{"embeddable":true,"href":"https:\/\/www.bellunopress.it\/fr\/wp-json\/wp\/v2\/comments?post=160588"}],"version-history":[{"count":2,"href":"https:\/\/www.bellunopress.it\/fr\/wp-json\/wp\/v2\/posts\/160588\/revisions"}],"predecessor-version":[{"id":160592,"href":"https:\/\/www.bellunopress.it\/fr\/wp-json\/wp\/v2\/posts\/160588\/revisions\/160592"}],"wp:featuredmedia":[{"embeddable":true,"href":"https:\/\/www.bellunopress.it\/fr\/wp-json\/wp\/v2\/media\/160589"}],"wp:attachment":[{"href":"https:\/\/www.bellunopress.it\/fr\/wp-json\/wp\/v2\/media?parent=160588"}],"wp:term":[{"taxonomy":"category","embeddable":true,"href":"https:\/\/www.bellunopress.it\/fr\/wp-json\/wp\/v2\/categories?post=160588"},{"taxonomy":"post_tag","embeddable":true,"href":"https:\/\/www.bellunopress.it\/fr\/wp-json\/wp\/v2\/tags?post=160588"}],"curies":[{"name":"wp","href":"https:\/\/api.w.org\/{rel}","templated":true}]}}