{"id":160586,"date":"2025-05-31T09:40:34","date_gmt":"2025-05-31T07:40:34","guid":{"rendered":"https:\/\/www.bellunopress.it\/?p=160586"},"modified":"2025-05-31T06:54:22","modified_gmt":"2025-05-31T04:54:22","slug":"belluno-consiglio-comunale-del-30-maggio-risposte-alle-interrogazioni","status":"publish","type":"post","link":"https:\/\/www.bellunopress.it\/fr\/2025\/05\/31\/belluno-consiglio-comunale-del-30-maggio-risposte-alle-interrogazioni\/","title":{"rendered":"Belluno, consiglio comunale del 30 maggio. Risposte alle interrogazioni"},"content":{"rendered":"<figure id=\"attachment_113617\" aria-describedby=\"caption-attachment-113617\" style=\"width: 800px\" class=\"wp-caption aligncenter\"><img loading=\"lazy\" decoding=\"async\" class=\"size-full wp-image-113617\" src=\"https:\/\/www.bellunopress.it\/wp-content\/uploads\/2020\/04\/palazzo-rosso_edited.jpg\" alt=\"\" width=\"800\" height=\"563\" srcset=\"https:\/\/www.bellunopress.it\/wp-content\/uploads\/2020\/04\/palazzo-rosso_edited.jpg 800w, https:\/\/www.bellunopress.it\/wp-content\/uploads\/2020\/04\/palazzo-rosso_edited-500x352.jpg 500w, https:\/\/www.bellunopress.it\/wp-content\/uploads\/2020\/04\/palazzo-rosso_edited-696x490.jpg 696w, https:\/\/www.bellunopress.it\/wp-content\/uploads\/2020\/04\/palazzo-rosso_edited-597x420.jpg 597w, https:\/\/www.bellunopress.it\/wp-content\/uploads\/2020\/04\/palazzo-rosso_edited-100x70.jpg 100w\" sizes=\"auto, (max-width: 800px) 100vw, 800px\" \/><figcaption id=\"caption-attachment-113617\" class=\"wp-caption-text\">Palazzo Rosso, sede dell&#8217;amministrazione comunale di Belluno<\/figcaption><\/figure>\n<p>Di seguito la risposta del vice sindaco e assessore alla mobilit\u00e0 Paolo Gamba all\u2019interrogazione \u201cTrillo e TPL&#8221;, presentata dalla consigliera comunale Maria Teresa Cassol del gruppo Partito Democratico per chiedere informazioni in merito al servizio di trasporto pubblico a chiamata avviato da Dolomiti Bus a giugno 2024.<\/p>\n<p>Nella sua risposta Gamba ha spiegato come i contatti con Dolomiti Bus siano costanti con l\u2019obiettivo di migliorare ed efficientare il servizio, a quasi un anno dal suo avvio.<br \/>\n\u201cL\u2019Amministrazione per tramite del sottoscritto e dei funzionari dell\u2019area mobilit\u00e0 \u00e8 costantemente in contatto con i responsabili di Dolomiti Bus e con l\u2019Ente di Governo proprio per verificare, monitorare e proporre aggiustamenti continui finalizzati a superare le difficolt\u00e0 evidenziate nel primo anno di funzionamento del servizio che ricordo essere in fase sperimentale. Ad esempio la riduzione della prenotazione da 2 a 1 ora \u00e8 uno dei miglioramenti richiesti e messi in campo dalla ditta \u2013 ha spiegato il vice sindaco e assessore nel suo intervento -. Inoltre lo scorso 22 aprile si \u00e8 svolto presso la sala giunta del Comune di Belluno un primo tavolo tecnico di coordinamento alla presenza anche della Provincia di Belluno, del Comune di Feltre e di Dolomiti Bus volto a definire gli ulteriori miglioramenti da inserire per il proseguimento del servizio\u201d. In seguito, il 22 maggio con successiva integrazione inviata il 27 maggio, Dolomiti Bus ha inviato una prima bozza di relazione di monitoraggio del servizio nel primo anno, comprensiva di una proposta. Quindi il 27 maggio il tavolo di coordinamento si \u00e8 nuovamente riunito, questa volta anche con i comuni di Sedico, Limana e Ponte Nelle Alpi. Ad oggi si \u00e8 in attesa della valutazione finale all\u2019Ente di Governo per l\u2019autorizzazione di competenza.<br \/>\nIn quanto al numero medio di passeggeri, Gamba conferma essere di 1.134 utenti a settimana. Un dato ricavato prendendo il numero medio giornaliero di utenti dei mesi di luglio, settembre, ottobre, novembre e dicembre 2024 (omettendo quindi i dati del mese di giugno 2024, non ritenuti attendibili in quanto afferenti al primo mese di avvio del servizio e i dati del mese di agosto 2024 altrettanto non attendibili visto la diversa utenza rispetto ai mesi standard). La media giornaliera complessiva pertanto \u00e8 189 utenti che moltiplicata per 6 giorni a settimana dal luned\u00ec al sabato produce i 1.134 utenti\/medi a settimana dichiarati.<br \/>\n\u201cPer rispondere alla richiesta sulla variazione percentuale e assoluta dei chilometri percorsi con e senza il servizio posso dire che dal primo giugno 2023 al 30 aprile 2024 sono stati percorsi 574.102 chilometri, mentre dal primo giugno 2024 al 30 aprile 2025 ne sono stati percorsi 711.939 \u2013 ha proseguito l\u2019Assessore -. La differenza assoluta in termini chilometrici \u00e8 di una maggior percorrenza di 137.836 km, con un aumento percentuale del 24,01%. Naturalmente questo ha comportato una spesa aggiuntiva per Dolomiti Bus pari a 283.804,32 euro, di cui 258.003,93 euro di contributo regionale sui servizi minimi e 25.800,00 euro di IVA a carico del bilancio dell\u2019Ente\u201d.<\/p>\n<p>\u201cCome pi\u00f9 volte gi\u00e0 comunicato \u2013 ha concluso Gamba &#8211; l&#8217;Amministrazione non prevede di avviare indagini per raccogliere necessit\u00e0 e suggerimenti da parte della popolazione.<br \/>\nGli utenti possono in ogni momento, come gi\u00e0 peraltro accaduto in questo primo anno, inviare le loro segnalazioni e richieste ai canali di comunicazione del Comune o direttamente agli uffici preposti, che veicolano costantemente quanto raccolgono direttamente a Dolomiti Bus\u201d.<\/p>\n<p>********************************************************************<\/p>\n<p>Intervento del sindaco di Belluno De Pellegrin sulla petizione \u201cfinalizzata alla richiesta di mantenimento e miglioramento dell\u2019illuminazione pubblica nel comune di Belluno\u201d<\/p>\n<p>\u201cCome cittadino, comprendo le ragioni espresse nella petizione. Ma come sindaco so che amministrare significa anche fare scelte difficili per contenere i costi e garantire l\u2019equilibrio dei conti pubblici. Tuttavia ci sono buone notizie.<br \/>\nFacciamo un passo indietro, per capire meglio.<br \/>\nNel 2021 il Comune spendeva circa 770.000 euro l\u2019anno per l\u2019illuminazione pubblica. Nel 2022, a causa dell\u2019aumento dei costi energetici, la spesa \u00e8 salita a 1.188.000 euro. Per far fronte a questo incremento, abbiamo ridotto le ore di accensione e spento le gallerie, risparmiando 193.000 euro (di cui 111.000 solo per le gallerie).<br \/>\nNel 2023 e 2024, mantenendo i consumi a 1.720.000 kWh, abbiamo ottenuto ulteriori risparmi: 197.000 euro nel 2023 e 290.000 euro nel 2024.<br \/>\nOra vogliamo fare un passo avanti. Stiamo aderendo all\u2019accordo quadro Edison\/Consip per sostituire tutta l\u2019illuminazione pubblica con sistemi moderni ed efficienti. Questo porter\u00e0 i consumi a 633.500 kWh, con un canone fisso di 337.000 euro all\u2019anno per nove anni. A seconda del prezzo dell\u2019energia, il risparmio annuale sar\u00e0 tra 80.000 e 332.000 euro. Il punto di pareggio si raggiunge a 0,17 \u20ac\/kWh.<br \/>\nCon l\u2019efficientamento, potremo riattivare l\u2019illuminazione anche tra le 2:00 e le 5:00. I lavori inizieranno a met\u00e0 estate e dureranno sei mesi. Il pieno risparmio sar\u00e0 disponibile da gennaio 2026, e da allora contiamo di ripristinare la fascia notturna. Per le gallerie servir\u00e0 un intervento specifico: \u00e8 in corso uno studio per valutarne la fattibilit\u00e0.<br \/>\nSpegnimento delle strade a traffico veicolare: non \u00e8 possibile. Con il nuovo sistema, l\u2019illuminazione verr\u00e0 gestita secondo le norme tecniche e con regolazione automatica. Nelle strade pi\u00f9 trafficate useremo il sistema FAI, che adatta la luce in base a traffico, visibilit\u00e0 e meteo\u201d.<\/p>\n<p>\u201cAbbiamo raggiunto l\u2019obiettivo che ci eravamo prefissati \u2013 conclude il Sindaco -: contenere la spesa per garantire l\u2019equilibrio di bilancio. Questo risultato ci consente oggi di avere la solidit\u00e0 economica necessaria per intraprendere un nuovo investimento&#8221;.<\/p>\n<p>&nbsp;<\/p>\n<p>&nbsp;<\/p>","protected":false},"excerpt":{"rendered":"<p>Di seguito la risposta del vice sindaco e assessore alla mobilit\u00e0 Paolo Gamba all\u2019interrogazione \u201cTrillo e TPL&#8221;, presentata dalla consigliera comunale Maria Teresa Cassol del gruppo Partito Democratico per chiedere informazioni in merito al servizio di trasporto pubblico a chiamata avviato da Dolomiti Bus a giugno 2024. Nella sua risposta Gamba ha spiegato come i [&hellip;]<\/p>\n","protected":false},"author":2,"featured_media":113617,"comment_status":"closed","ping_status":"open","sticky":false,"template":"","format":"standard","meta":{"footnotes":""},"categories":[5],"tags":[],"class_list":["post-160586","post","type-post","status-publish","format-standard","has-post-thumbnail","category-cronaca"],"yoast_head":"<!-- This site is optimized with the Yoast SEO plugin v28.4 - https:\/\/yoast.com\/product\/yoast-seo-wordpress\/ -->\n<title>Belluno, consiglio comunale del 30 maggio. Risposte alle interrogazioni - Bellunopress - Dolomiti<\/title>\n<meta name=\"robots\" content=\"index, follow, max-snippet:-1, max-image-preview:large, max-video-preview:-1\" \/>\n<link rel=\"canonical\" href=\"https:\/\/www.bellunopress.it\/fr\/2025\/05\/31\/belluno-consiglio-comunale-del-30-maggio-risposte-alle-interrogazioni\/\" \/>\n<meta property=\"og:locale\" content=\"fr_FR\" \/>\n<meta property=\"og:type\" content=\"article\" \/>\n<meta property=\"og:title\" content=\"Belluno, consiglio comunale del 30 maggio. Risposte alle interrogazioni - Bellunopress - Dolomiti\" \/>\n<meta property=\"og:description\" content=\"Di seguito la risposta del vice sindaco e assessore alla mobilit\u00e0 Paolo Gamba all\u2019interrogazione \u201cTrillo e TPL&#8221;, presentata dalla consigliera comunale Maria Teresa Cassol del gruppo Partito Democratico per chiedere informazioni in merito al servizio di trasporto pubblico a chiamata avviato da Dolomiti Bus a giugno 2024. Nella sua risposta Gamba ha spiegato come i [&hellip;]\" \/>\n<meta property=\"og:url\" content=\"https:\/\/www.bellunopress.it\/fr\/2025\/05\/31\/belluno-consiglio-comunale-del-30-maggio-risposte-alle-interrogazioni\/\" \/>\n<meta property=\"og:site_name\" content=\"Bellunopress - Dolomiti\" \/>\n<meta property=\"article:publisher\" content=\"https:\/\/www.facebook.com\/profile.php?id=100008943462799\" \/>\n<meta property=\"article:published_time\" content=\"2025-05-31T07:40:34+00:00\" \/>\n<meta property=\"og:image\" content=\"https:\/\/www.bellunopress.it\/wp-content\/uploads\/2020\/04\/palazzo-rosso_edited.jpg\" \/>\n\t<meta property=\"og:image:width\" content=\"800\" \/>\n\t<meta property=\"og:image:height\" content=\"563\" \/>\n\t<meta property=\"og:image:type\" content=\"image\/jpeg\" \/>\n<meta name=\"author\" content=\"redazione\" \/>\n<meta name=\"twitter:card\" content=\"summary_large_image\" \/>\n<meta name=\"twitter:creator\" content=\"@bellunopress\" \/>\n<meta name=\"twitter:site\" content=\"@bellunopress\" \/>\n<meta name=\"twitter:label1\" content=\"Written by\" \/>\n\t<meta name=\"twitter:data1\" content=\"redazione\" \/>\n\t<meta name=\"twitter:label2\" content=\"Est. reading time\" \/>\n\t<meta name=\"twitter:data2\" content=\"4 minutes\" \/>\n<script type=\"application\/ld+json\" class=\"yoast-schema-graph\">{\"@context\":\"https:\\\/\\\/schema.org\",\"@graph\":[{\"@type\":\"Article\",\"@id\":\"https:\\\/\\\/www.bellunopress.it\\\/2025\\\/05\\\/31\\\/belluno-consiglio-comunale-del-30-maggio-risposte-alle-interrogazioni\\\/#article\",\"isPartOf\":{\"@id\":\"https:\\\/\\\/www.bellunopress.it\\\/2025\\\/05\\\/31\\\/belluno-consiglio-comunale-del-30-maggio-risposte-alle-interrogazioni\\\/\"},\"author\":{\"name\":\"redazione\",\"@id\":\"https:\\\/\\\/www.bellunopress.it\\\/#\\\/schema\\\/person\\\/79bb06722b37ece1c03d3e94beb30d73\"},\"headline\":\"Belluno, consiglio comunale del 30 maggio. Risposte alle interrogazioni\",\"datePublished\":\"2025-05-31T07:40:34+00:00\",\"mainEntityOfPage\":{\"@id\":\"https:\\\/\\\/www.bellunopress.it\\\/2025\\\/05\\\/31\\\/belluno-consiglio-comunale-del-30-maggio-risposte-alle-interrogazioni\\\/\"},\"wordCount\":882,\"publisher\":{\"@id\":\"https:\\\/\\\/www.bellunopress.it\\\/#organization\"},\"image\":{\"@id\":\"https:\\\/\\\/www.bellunopress.it\\\/2025\\\/05\\\/31\\\/belluno-consiglio-comunale-del-30-maggio-risposte-alle-interrogazioni\\\/#primaryimage\"},\"thumbnailUrl\":\"https:\\\/\\\/www.bellunopress.it\\\/wp-content\\\/uploads\\\/2020\\\/04\\\/palazzo-rosso_edited.jpg\",\"articleSection\":[\"Cronaca\\\/Politica\"],\"inLanguage\":\"fr-FR\"},{\"@type\":\"WebPage\",\"@id\":\"https:\\\/\\\/www.bellunopress.it\\\/2025\\\/05\\\/31\\\/belluno-consiglio-comunale-del-30-maggio-risposte-alle-interrogazioni\\\/\",\"url\":\"https:\\\/\\\/www.bellunopress.it\\\/2025\\\/05\\\/31\\\/belluno-consiglio-comunale-del-30-maggio-risposte-alle-interrogazioni\\\/\",\"name\":\"Belluno, consiglio comunale del 30 maggio. Risposte alle interrogazioni - Bellunopress - Dolomiti\",\"isPartOf\":{\"@id\":\"https:\\\/\\\/www.bellunopress.it\\\/#website\"},\"primaryImageOfPage\":{\"@id\":\"https:\\\/\\\/www.bellunopress.it\\\/2025\\\/05\\\/31\\\/belluno-consiglio-comunale-del-30-maggio-risposte-alle-interrogazioni\\\/#primaryimage\"},\"image\":{\"@id\":\"https:\\\/\\\/www.bellunopress.it\\\/2025\\\/05\\\/31\\\/belluno-consiglio-comunale-del-30-maggio-risposte-alle-interrogazioni\\\/#primaryimage\"},\"thumbnailUrl\":\"https:\\\/\\\/www.bellunopress.it\\\/wp-content\\\/uploads\\\/2020\\\/04\\\/palazzo-rosso_edited.jpg\",\"datePublished\":\"2025-05-31T07:40:34+00:00\",\"breadcrumb\":{\"@id\":\"https:\\\/\\\/www.bellunopress.it\\\/2025\\\/05\\\/31\\\/belluno-consiglio-comunale-del-30-maggio-risposte-alle-interrogazioni\\\/#breadcrumb\"},\"inLanguage\":\"fr-FR\",\"potentialAction\":[{\"@type\":\"ReadAction\",\"target\":[\"https:\\\/\\\/www.bellunopress.it\\\/2025\\\/05\\\/31\\\/belluno-consiglio-comunale-del-30-maggio-risposte-alle-interrogazioni\\\/\"]}]},{\"@type\":\"ImageObject\",\"inLanguage\":\"fr-FR\",\"@id\":\"https:\\\/\\\/www.bellunopress.it\\\/2025\\\/05\\\/31\\\/belluno-consiglio-comunale-del-30-maggio-risposte-alle-interrogazioni\\\/#primaryimage\",\"url\":\"https:\\\/\\\/www.bellunopress.it\\\/wp-content\\\/uploads\\\/2020\\\/04\\\/palazzo-rosso_edited.jpg\",\"contentUrl\":\"https:\\\/\\\/www.bellunopress.it\\\/wp-content\\\/uploads\\\/2020\\\/04\\\/palazzo-rosso_edited.jpg\",\"width\":800,\"height\":563,\"caption\":\"Palazzo Rosso, sede dell'amministrazione comunale di Belluno\"},{\"@type\":\"BreadcrumbList\",\"@id\":\"https:\\\/\\\/www.bellunopress.it\\\/2025\\\/05\\\/31\\\/belluno-consiglio-comunale-del-30-maggio-risposte-alle-interrogazioni\\\/#breadcrumb\",\"itemListElement\":[{\"@type\":\"ListItem\",\"position\":1,\"name\":\"Home\",\"item\":\"https:\\\/\\\/www.bellunopress.it\\\/\"},{\"@type\":\"ListItem\",\"position\":2,\"name\":\"Belluno, consiglio comunale del 30 maggio. Risposte alle interrogazioni\"}]},{\"@type\":\"WebSite\",\"@id\":\"https:\\\/\\\/www.bellunopress.it\\\/#website\",\"url\":\"https:\\\/\\\/www.bellunopress.it\\\/\",\"name\":\"Bellunopress - Dolomiti\",\"description\":\"e-mail: redazione@bellunopress.it\",\"publisher\":{\"@id\":\"https:\\\/\\\/www.bellunopress.it\\\/#organization\"},\"potentialAction\":[{\"@type\":\"SearchAction\",\"target\":{\"@type\":\"EntryPoint\",\"urlTemplate\":\"https:\\\/\\\/www.bellunopress.it\\\/?s={search_term_string}\"},\"query-input\":{\"@type\":\"PropertyValueSpecification\",\"valueRequired\":true,\"valueName\":\"search_term_string\"}}],\"inLanguage\":\"fr-FR\"},{\"@type\":\"Organization\",\"@id\":\"https:\\\/\\\/www.bellunopress.it\\\/#organization\",\"name\":\"Bellunopress\",\"url\":\"https:\\\/\\\/www.bellunopress.it\\\/\",\"logo\":{\"@type\":\"ImageObject\",\"inLanguage\":\"fr-FR\",\"@id\":\"https:\\\/\\\/www.bellunopress.it\\\/#\\\/schema\\\/logo\\\/image\\\/\",\"url\":\"https:\\\/\\\/www.bellunopress.it\\\/wp-content\\\/uploads\\\/2011\\\/05\\\/cropped-logo-bellunopress-.jpg\",\"contentUrl\":\"https:\\\/\\\/www.bellunopress.it\\\/wp-content\\\/uploads\\\/2011\\\/05\\\/cropped-logo-bellunopress-.jpg\",\"width\":512,\"height\":512,\"caption\":\"Bellunopress\"},\"image\":{\"@id\":\"https:\\\/\\\/www.bellunopress.it\\\/#\\\/schema\\\/logo\\\/image\\\/\"},\"sameAs\":[\"https:\\\/\\\/www.facebook.com\\\/profile.php?id=100008943462799\",\"https:\\\/\\\/x.com\\\/bellunopress\",\"https:\\\/\\\/www.linkedin.com\\\/hp\\\/?dnr=JBzUWaJfMUw8vbXJJ2tVW5-I3jZKvC4wsoxE&amp;amp;amp;amp;amp;amp;trk=nav_responsive_tab_home\",\"https:\\\/\\\/www.youtube.com\\\/channel\\\/UCxL0wu1uN0_3_7hGG0306cw\"]},{\"@type\":\"Person\",\"@id\":\"https:\\\/\\\/www.bellunopress.it\\\/#\\\/schema\\\/person\\\/79bb06722b37ece1c03d3e94beb30d73\",\"name\":\"redazione\",\"image\":{\"@type\":\"ImageObject\",\"inLanguage\":\"fr-FR\",\"@id\":\"https:\\\/\\\/secure.gravatar.com\\\/avatar\\\/37d968a2e67a6fd04c169c4bdef102d0bc5d31b2546345219e348575eb80e9a0?s=96&d=mm&r=g\",\"url\":\"https:\\\/\\\/secure.gravatar.com\\\/avatar\\\/37d968a2e67a6fd04c169c4bdef102d0bc5d31b2546345219e348575eb80e9a0?s=96&d=mm&r=g\",\"contentUrl\":\"https:\\\/\\\/secure.gravatar.com\\\/avatar\\\/37d968a2e67a6fd04c169c4bdef102d0bc5d31b2546345219e348575eb80e9a0?s=96&d=mm&r=g\",\"caption\":\"redazione\"},\"sameAs\":[\"http:\\\/\\\/www.bellunopress.it\",\"https:\\\/\\\/x.com\\\/bellunopress\"],\"url\":\"https:\\\/\\\/www.bellunopress.it\\\/fr\\\/author\\\/redazione\\\/\"}]}<\/script>\n<!-- \/ Yoast SEO plugin. -->","yoast_head_json":{"title":"Belluno, consiglio comunale del 30 maggio. Risposte alle interrogazioni - Bellunopress - Dolomiti","robots":{"index":"index","follow":"follow","max-snippet":"max-snippet:-1","max-image-preview":"max-image-preview:large","max-video-preview":"max-video-preview:-1"},"canonical":"https:\/\/www.bellunopress.it\/fr\/2025\/05\/31\/belluno-consiglio-comunale-del-30-maggio-risposte-alle-interrogazioni\/","og_locale":"fr_FR","og_type":"article","og_title":"Belluno, consiglio comunale del 30 maggio. Risposte alle interrogazioni - Bellunopress - Dolomiti","og_description":"Di seguito la risposta del vice sindaco e assessore alla mobilit\u00e0 Paolo Gamba all\u2019interrogazione \u201cTrillo e TPL&#8221;, presentata dalla consigliera comunale Maria Teresa Cassol del gruppo Partito Democratico per chiedere informazioni in merito al servizio di trasporto pubblico a chiamata avviato da Dolomiti Bus a giugno 2024. Nella sua risposta Gamba ha spiegato come i [&hellip;]","og_url":"https:\/\/www.bellunopress.it\/fr\/2025\/05\/31\/belluno-consiglio-comunale-del-30-maggio-risposte-alle-interrogazioni\/","og_site_name":"Bellunopress - Dolomiti","article_publisher":"https:\/\/www.facebook.com\/profile.php?id=100008943462799","article_published_time":"2025-05-31T07:40:34+00:00","og_image":[{"width":800,"height":563,"url":"https:\/\/www.bellunopress.it\/wp-content\/uploads\/2020\/04\/palazzo-rosso_edited.jpg","type":"image\/jpeg"}],"author":"redazione","twitter_card":"summary_large_image","twitter_creator":"@bellunopress","twitter_site":"@bellunopress","twitter_misc":{"Written by":"redazione","Est. reading time":"4 minutes"},"schema":{"@context":"https:\/\/schema.org","@graph":[{"@type":"Article","@id":"https:\/\/www.bellunopress.it\/2025\/05\/31\/belluno-consiglio-comunale-del-30-maggio-risposte-alle-interrogazioni\/#article","isPartOf":{"@id":"https:\/\/www.bellunopress.it\/2025\/05\/31\/belluno-consiglio-comunale-del-30-maggio-risposte-alle-interrogazioni\/"},"author":{"name":"redazione","@id":"https:\/\/www.bellunopress.it\/#\/schema\/person\/79bb06722b37ece1c03d3e94beb30d73"},"headline":"Belluno, consiglio comunale del 30 maggio. Risposte alle interrogazioni","datePublished":"2025-05-31T07:40:34+00:00","mainEntityOfPage":{"@id":"https:\/\/www.bellunopress.it\/2025\/05\/31\/belluno-consiglio-comunale-del-30-maggio-risposte-alle-interrogazioni\/"},"wordCount":882,"publisher":{"@id":"https:\/\/www.bellunopress.it\/#organization"},"image":{"@id":"https:\/\/www.bellunopress.it\/2025\/05\/31\/belluno-consiglio-comunale-del-30-maggio-risposte-alle-interrogazioni\/#primaryimage"},"thumbnailUrl":"https:\/\/www.bellunopress.it\/wp-content\/uploads\/2020\/04\/palazzo-rosso_edited.jpg","articleSection":["Cronaca\/Politica"],"inLanguage":"fr-FR"},{"@type":"WebPage","@id":"https:\/\/www.bellunopress.it\/2025\/05\/31\/belluno-consiglio-comunale-del-30-maggio-risposte-alle-interrogazioni\/","url":"https:\/\/www.bellunopress.it\/2025\/05\/31\/belluno-consiglio-comunale-del-30-maggio-risposte-alle-interrogazioni\/","name":"Belluno, consiglio comunale del 30 maggio. Risposte alle interrogazioni - Bellunopress - Dolomiti","isPartOf":{"@id":"https:\/\/www.bellunopress.it\/#website"},"primaryImageOfPage":{"@id":"https:\/\/www.bellunopress.it\/2025\/05\/31\/belluno-consiglio-comunale-del-30-maggio-risposte-alle-interrogazioni\/#primaryimage"},"image":{"@id":"https:\/\/www.bellunopress.it\/2025\/05\/31\/belluno-consiglio-comunale-del-30-maggio-risposte-alle-interrogazioni\/#primaryimage"},"thumbnailUrl":"https:\/\/www.bellunopress.it\/wp-content\/uploads\/2020\/04\/palazzo-rosso_edited.jpg","datePublished":"2025-05-31T07:40:34+00:00","breadcrumb":{"@id":"https:\/\/www.bellunopress.it\/2025\/05\/31\/belluno-consiglio-comunale-del-30-maggio-risposte-alle-interrogazioni\/#breadcrumb"},"inLanguage":"fr-FR","potentialAction":[{"@type":"ReadAction","target":["https:\/\/www.bellunopress.it\/2025\/05\/31\/belluno-consiglio-comunale-del-30-maggio-risposte-alle-interrogazioni\/"]}]},{"@type":"ImageObject","inLanguage":"fr-FR","@id":"https:\/\/www.bellunopress.it\/2025\/05\/31\/belluno-consiglio-comunale-del-30-maggio-risposte-alle-interrogazioni\/#primaryimage","url":"https:\/\/www.bellunopress.it\/wp-content\/uploads\/2020\/04\/palazzo-rosso_edited.jpg","contentUrl":"https:\/\/www.bellunopress.it\/wp-content\/uploads\/2020\/04\/palazzo-rosso_edited.jpg","width":800,"height":563,"caption":"Palazzo Rosso, sede dell'amministrazione comunale di Belluno"},{"@type":"BreadcrumbList","@id":"https:\/\/www.bellunopress.it\/2025\/05\/31\/belluno-consiglio-comunale-del-30-maggio-risposte-alle-interrogazioni\/#breadcrumb","itemListElement":[{"@type":"ListItem","position":1,"name":"Home","item":"https:\/\/www.bellunopress.it\/"},{"@type":"ListItem","position":2,"name":"Belluno, consiglio comunale del 30 maggio. Risposte alle interrogazioni"}]},{"@type":"WebSite","@id":"https:\/\/www.bellunopress.it\/#website","url":"https:\/\/www.bellunopress.it\/","name":"Bellunopress - Dolomiti","description":"e-mail: redazione@bellunopress.it","publisher":{"@id":"https:\/\/www.bellunopress.it\/#organization"},"potentialAction":[{"@type":"SearchAction","target":{"@type":"EntryPoint","urlTemplate":"https:\/\/www.bellunopress.it\/?s={search_term_string}"},"query-input":{"@type":"PropertyValueSpecification","valueRequired":true,"valueName":"search_term_string"}}],"inLanguage":"fr-FR"},{"@type":"Organization","@id":"https:\/\/www.bellunopress.it\/#organization","name":"Bellunopress","url":"https:\/\/www.bellunopress.it\/","logo":{"@type":"ImageObject","inLanguage":"fr-FR","@id":"https:\/\/www.bellunopress.it\/#\/schema\/logo\/image\/","url":"https:\/\/www.bellunopress.it\/wp-content\/uploads\/2011\/05\/cropped-logo-bellunopress-.jpg","contentUrl":"https:\/\/www.bellunopress.it\/wp-content\/uploads\/2011\/05\/cropped-logo-bellunopress-.jpg","width":512,"height":512,"caption":"Bellunopress"},"image":{"@id":"https:\/\/www.bellunopress.it\/#\/schema\/logo\/image\/"},"sameAs":["https:\/\/www.facebook.com\/profile.php?id=100008943462799","https:\/\/x.com\/bellunopress","https:\/\/www.linkedin.com\/hp\/?dnr=JBzUWaJfMUw8vbXJJ2tVW5-I3jZKvC4wsoxE&amp;amp;amp;amp;amp;amp;trk=nav_responsive_tab_home","https:\/\/www.youtube.com\/channel\/UCxL0wu1uN0_3_7hGG0306cw"]},{"@type":"Person","@id":"https:\/\/www.bellunopress.it\/#\/schema\/person\/79bb06722b37ece1c03d3e94beb30d73","name":"r\u00e9daction","image":{"@type":"ImageObject","inLanguage":"fr-FR","@id":"https:\/\/secure.gravatar.com\/avatar\/37d968a2e67a6fd04c169c4bdef102d0bc5d31b2546345219e348575eb80e9a0?s=96&d=mm&r=g","url":"https:\/\/secure.gravatar.com\/avatar\/37d968a2e67a6fd04c169c4bdef102d0bc5d31b2546345219e348575eb80e9a0?s=96&d=mm&r=g","contentUrl":"https:\/\/secure.gravatar.com\/avatar\/37d968a2e67a6fd04c169c4bdef102d0bc5d31b2546345219e348575eb80e9a0?s=96&d=mm&r=g","caption":"redazione"},"sameAs":["http:\/\/www.bellunopress.it","https:\/\/x.com\/bellunopress"],"url":"https:\/\/www.bellunopress.it\/fr\/author\/redazione\/"}]}},"_links":{"self":[{"href":"https:\/\/www.bellunopress.it\/fr\/wp-json\/wp\/v2\/posts\/160586","targetHints":{"allow":["GET"]}}],"collection":[{"href":"https:\/\/www.bellunopress.it\/fr\/wp-json\/wp\/v2\/posts"}],"about":[{"href":"https:\/\/www.bellunopress.it\/fr\/wp-json\/wp\/v2\/types\/post"}],"author":[{"embeddable":true,"href":"https:\/\/www.bellunopress.it\/fr\/wp-json\/wp\/v2\/users\/2"}],"replies":[{"embeddable":true,"href":"https:\/\/www.bellunopress.it\/fr\/wp-json\/wp\/v2\/comments?post=160586"}],"version-history":[{"count":1,"href":"https:\/\/www.bellunopress.it\/fr\/wp-json\/wp\/v2\/posts\/160586\/revisions"}],"predecessor-version":[{"id":160587,"href":"https:\/\/www.bellunopress.it\/fr\/wp-json\/wp\/v2\/posts\/160586\/revisions\/160587"}],"wp:featuredmedia":[{"embeddable":true,"href":"https:\/\/www.bellunopress.it\/fr\/wp-json\/wp\/v2\/media\/113617"}],"wp:attachment":[{"href":"https:\/\/www.bellunopress.it\/fr\/wp-json\/wp\/v2\/media?parent=160586"}],"wp:term":[{"taxonomy":"category","embeddable":true,"href":"https:\/\/www.bellunopress.it\/fr\/wp-json\/wp\/v2\/categories?post=160586"},{"taxonomy":"post_tag","embeddable":true,"href":"https:\/\/www.bellunopress.it\/fr\/wp-json\/wp\/v2\/tags?post=160586"}],"curies":[{"name":"wp","href":"https:\/\/api.w.org\/{rel}","templated":true}]}}