{"id":160584,"date":"2025-05-31T09:36:41","date_gmt":"2025-05-31T07:36:41","guid":{"rendered":"https:\/\/www.bellunopress.it\/?p=160584"},"modified":"2025-05-31T06:42:08","modified_gmt":"2025-05-31T04:42:08","slug":"il-premio-delloblio-quando-leuropa-incorona-il-potere-senza-verita","status":"publish","type":"post","link":"https:\/\/www.bellunopress.it\/fr\/2025\/05\/31\/il-premio-delloblio-quando-leuropa-incorona-il-potere-senza-verita\/","title":{"rendered":"Il premio dell&#8217;oblio: quando l&#8217;Europa incorona il potere senza verit\u00e0"},"content":{"rendered":"<div class=\"x78zum5 xdt5ytf x1iyjqo2 xhc7eg\">\n<div class=\"x9f619 x1ja2u2z __fb-light-mode x1xsqp64 x18d0r48 x78zum5 x1r8uery xdt5ytf x1iyjqo2 xmz0i5r x6ikm8r x10wlt62 x1n2onr6\">\n<div class=\"x78zum5 xdt5ytf x1iyjqo2 x5yr21d\">\n<div id=\"\u00abrpe\u00bb\" class=\"x78zum5 xdt5ytf x1iyjqo2 x5yr21d\">\n<div class=\"x78zum5 xdt5ytf x1iyjqo2 x5yr21d\">\n<div class=\"x1uipg7g xu3j5b3 xol2nv xlauuyb x26u7qi x19p7ews x78zum5 xdt5ytf x1iyjqo2 x6ikm8r x10wlt62\" role=\"grid\" aria-label=\"Messaggi nella conversazione con Daniele Trabucco\">\n<div class=\"x1qjc9v5 x9f619 xdl72j9 x2lwn1j xeuugli x1n2onr6 x78zum5 xdt5ytf x1iyjqo2 xs83m0k x6ikm8r x10wlt62 x1ja2u2z\">\n<div class=\"x78zum5 xdt5ytf x1iyjqo2 x6ikm8r x1odjw0f xish69e x16o0dkt\" role=\"none\">\n<div class=\"x78zum5 xdt5ytf x1iyjqo2 x2lah0s xl56j7k x121v3j4\">\n<div>\n<div class=\"x78zum5 xdt5ytf\" data-virtualized=\"false\">\n<div class=\"x9f619 x1n2onr6 x1ja2u2z\">\n<div>\n<div>\n<div class=\"__fb-light-mode x1n2onr6\" role=\"row\">\n<div>\n<div class=\"x78zum5 xdt5ytf x1n2onr6\" tabindex=\"0\" role=\"gridcell\" data-release-focus-from=\"CLICK\" data-scope=\"messages_table\">\n<div class=\"html-div xdj266r x11i5rnm xat24cr x1mh8g0r xexx8yu x4uap5 x18d9i69 xkhd6sd x78zum5 x1eb86dx\">\n<div class=\"html-div xdj266r x11i5rnm xat24cr x1mh8g0r xexx8yu x4uap5 x18d9i69 xkhd6sd xeuugli x1vjfegm\">\n<div>\n<div class=\"html-div xdj266r x11i5rnm xat24cr x1mh8g0r xexx8yu x4uap5 x18d9i69 xkhd6sd x78zum5 xh8yej3\" role=\"presentation\">\n<div class=\"x1cy8zhl x78zum5 xdt5ytf x193iq5w x1n2onr6 x1kxipp6\">\n<div class=\"x78zum5 xh8yej3\" role=\"none\">\n<div class=\"html-div xdj266r x11i5rnm xat24cr x1mh8g0r xexx8yu x4uap5 x18d9i69 xkhd6sd x6ikm8r x10wlt62\">\n<div class=\"html-div xdj266r x11i5rnm xat24cr x1mh8g0r x14ctfv x13sv91t x6ikm8r x10wlt62 xerhiuh x1pn3fxy x12xxe5f x1szedp3 x1n2onr6 x1vjfegm x1k4qllp x1mzt3pk x13faqbe x1xr0vuk x1jm4cbz x1lmq8lz xrrpcnn x1xtl47e x13fuv20 xu3j5b3 x1q0q8m5 x26u7qi x19livfd x2t687o x3p3xfz x5od304 xp5s12f x11ucwad xgtuqic x155c047\" role=\"presentation\">\n<div class=\"html-div xexx8yu x4uap5 x18d9i69 xkhd6sd x1gslohp x11i5rnm x12nagc x1mh8g0r x1yc453h x126k92a x18lvrbx\" dir=\"auto\">\n<figure id=\"attachment_122639\" aria-describedby=\"caption-attachment-122639\" style=\"width: 960px\" class=\"wp-caption aligncenter\"><img loading=\"lazy\" decoding=\"async\" class=\"size-full wp-image-122639\" src=\"https:\/\/www.bellunopress.it\/wp-content\/uploads\/2021\/03\/Daniele-Trabucco_edited.jpg\" alt=\"\" width=\"960\" height=\"960\" srcset=\"https:\/\/www.bellunopress.it\/wp-content\/uploads\/2021\/03\/Daniele-Trabucco_edited.jpg 960w, https:\/\/www.bellunopress.it\/wp-content\/uploads\/2021\/03\/Daniele-Trabucco_edited-500x500.jpg 500w, https:\/\/www.bellunopress.it\/wp-content\/uploads\/2021\/03\/Daniele-Trabucco_edited-300x300.jpg 300w, https:\/\/www.bellunopress.it\/wp-content\/uploads\/2021\/03\/Daniele-Trabucco_edited-696x696.jpg 696w, https:\/\/www.bellunopress.it\/wp-content\/uploads\/2021\/03\/Daniele-Trabucco_edited-420x420.jpg 420w\" sizes=\"auto, (max-width: 960px) 100vw, 960px\" \/><figcaption id=\"caption-attachment-122639\" class=\"wp-caption-text\">Professor Daniele Trabucco, costituzionalista<\/figcaption><\/figure>\n<p>L\u2019assegnazione del premio &#8220;Carlo Magno&#8221; a Ursula von der Leyen, Presidente della Commissione europea pro tempore, avvenuto in data 29 maggio 2025 ad Aquisgrana in Germania, si configura come la celebrazione di un potere che si autoassolve e si autoreferenzia, incarnando una crisi profonda di legittimit\u00e0 che la filosofia politica classica aveva gi\u00e0 ampiamente denunciato.<\/p><\/div>\n<div dir=\"auto\"><\/div>\n<div class=\"html-div xexx8yu x4uap5 x18d9i69 xkhd6sd x1gslohp x11i5rnm x12nagc x1mh8g0r x1yc453h x126k92a x18lvrbx\" dir=\"auto\">Aristotele, nella &#8220;Politica&#8221;, aveva chiarito come il potere legittimo debba fondarsi sulla &#8220;phronesis&#8221;, la saggezza pratica che si manifesta nella giustizia e nella trasparenza, elementi oggi radicalmente disattesi: si veda, ad esempio, la gestione opaca dell\u2019emergenza pandemica. La negoziazione segreta con il CEO di Pfizer, Albert Bourla, condotta via SMS e oscurata sistematicamente, \u00e8 stata giudicata dal Tribunale dell\u2019Unione Europea una palese violazione del principio di trasparenza amministrativa, confermando che la Commissione ha cercato di sottrarsi al controllo pubblico e democratico. Questa vergognosa condotta tradisce il fondamento giusnaturalista della legittimit\u00e0 politica, espresso da Cicerone, per cui &#8220;lex&#8221; e &#8220;ratio&#8221; devono guidare il governo con la conseguenza che ogni forma di potere che si sottrae alla legge naturale della giustizia perde il proprio titolo di sovranit\u00e0.<\/div>\n<div class=\"html-div xexx8yu x4uap5 x18d9i69 xkhd6sd x1gslohp x11i5rnm x12nagc x1mh8g0r x1yc453h x126k92a x18lvrbx\" dir=\"auto\">L\u2019occultamento di atti e comunicazioni fondamentali a tutela della salute pubblica non \u00e8 mera irregolarit\u00e0 tecnica, bens\u00ec un fallimento morale che mina le basi della convivenza civile.<\/div>\n<div dir=\"auto\"><\/div>\n<div class=\"html-div xexx8yu x4uap5 x18d9i69 xkhd6sd x1gslohp x11i5rnm x12nagc x1mh8g0r x1yc453h x126k92a x18lvrbx\" dir=\"auto\">Nel contempo, il piano di riarmo, c.d. &#8220;Re-Arms Europe&#8221;, promosso da von der Leyen, rappresenta molto bene l&#8217;avviarsi dell&#8217;ordinamento comunitario lungo una strada volta ad amplificare le tensioni e la precariet\u00e0 dell\u2019ordine internazionale. Una precariet\u00e1 che cerca in ogni modo lo scontro bellico (che ora avviene sulla pelle degli ucraini) al fine di tentare, sia pure follemente, di porre le premesse per uno nuovo ordine.<\/div>\n<div dir=\"auto\"><\/div>\n<div class=\"html-div xexx8yu x4uap5 x18d9i69 xkhd6sd x1gslohp x11i5rnm x12nagc x1mh8g0r x1yc453h x126k92a x18lvrbx\" dir=\"auto\">Premiare Ursula von der Leyen significa, dunque, sancire una separazione irreparabile tra potere e giustizia, fra governo e popolo, celebrando una liturgia di legittimazione che oscura le responsabilit\u00e0 concrete e rifiuta il confronto critico.<\/div>\n<div dir=\"auto\"><\/div>\n<div class=\"html-div xexx8yu x4uap5 x18d9i69 xkhd6sd x1gslohp x11i5rnm x12nagc x1mh8g0r x1yc453h x126k92a x18lvrbx\" dir=\"auto\">Come ricordava Platone nella &#8220;Repubblica&#8221;, il potere senza giustizia non \u00e8 che tirannide e la vera leadership deve essere fondata sulla verit\u00e0 e sul bene comune, non sull\u2019autogiustificazione e sull\u2019interesse autoreferenziale.<\/div>\n<div class=\"html-div xexx8yu x4uap5 x18d9i69 xkhd6sd x1gslohp x11i5rnm x12nagc x1mh8g0r x1yc453h x126k92a x18lvrbx\" dir=\"auto\">In questo scenario, il premio Carlo Magno a Ursula von der Leyen appare come un triste simbolo della decadenza europea, che si autocelebra mentre abbandona i principi pi\u00f9 alti della filosofia politica classica.<\/div>\n<div dir=\"auto\"><\/div>\n<div class=\"html-div xexx8yu x4uap5 x18d9i69 xkhd6sd x1gslohp x11i5rnm x12nagc x1mh8g0r x1yc453h x126k92a x18lvrbx\" dir=\"auto\">Per uscire da questa crisi, \u00e8 necessaria una rinascita fondata su una rifondazione della politica secondo i principi di Aristotele, Cicerone, Platone e san Tommaso d&#8217;Aquino, in cui la trasparenza, la giustizia e la responsabilit\u00e0 siano nuovamente i pilastri insostituibili della politica quale arte della regalit\u00e1.<\/div>\n<div dir=\"auto\"><\/div>\n<div class=\"html-div xexx8yu x4uap5 x18d9i69 xkhd6sd x1gslohp x11i5rnm x12nagc x1mh8g0r x1yc453h x126k92a x18lvrbx\" dir=\"auto\"><strong>Daniele Trabucco<\/strong><\/div>\n<\/div>\n<\/div>\n<div class=\"html-div xdj266r x11i5rnm xat24cr x1mh8g0r xexx8yu x4uap5 x18d9i69 xkhd6sd x1h91t0o xkh2ocl x78zum5 xdt5ytf x13a6bvl x193iq5w x1iyjqo2 x1eb86dx\" role=\"presentation\">\n<div class=\"html-div xdj266r x11i5rnm xat24cr x1mh8g0r xexx8yu x4uap5 x18d9i69 xkhd6sd x1r8uery x1iyjqo2\" role=\"presentation\"><\/div>\n<\/div>\n<\/div>\n<\/div>\n<div class=\"html-div xdj266r x11i5rnm xat24cr x1mh8g0r xexx8yu x4uap5 x18d9i69 xkhd6sd x1h91t0o xkh2ocl x78zum5 xdt5ytf x13a6bvl x193iq5w x1iyjqo2 x1eb86dx\" role=\"presentation\">\n<div class=\"html-div xdj266r x11i5rnm xat24cr x1mh8g0r xexx8yu x4uap5 x18d9i69 xkhd6sd x1r8uery x1iyjqo2\" role=\"presentation\"><\/div>\n<\/div>\n<\/div>\n<div class=\"html-div xdj266r x11i5rnm xat24cr x1mh8g0r xexx8yu x4uap5 x18d9i69 xkhd6sd x1h91t0o xkh2ocl x78zum5 xdt5ytf x13a6bvl x193iq5w x1c4vz4f x1eb86dx\" role=\"presentation\">\n<div class=\"html-div xdj266r x11i5rnm xat24cr x1mh8g0r xexx8yu x4uap5 x18d9i69 xkhd6sd\"><\/div>\n<\/div>\n<\/div>\n<\/div>\n<div class=\"html-div xdj266r x11i5rnm xat24cr x1mh8g0r xexx8yu x4uap5 x1eb86dx x78zum5 x1c4vz4f x2lah0s x18061mc x1w7i5hb\">\n<div class=\"html-div xdj266r x11i5rnm xat24cr x1mh8g0r xexx8yu x4uap5 x18d9i69 xkhd6sd x78zum5 xamitd3\">\n<div class=\"html-div xdj266r x11i5rnm xat24cr x1mh8g0r xexx8yu x4uap5 x18d9i69 x78zum5 xdt5ytf x1iyjqo2 x2lah0s xl56j7k x1n2onr6 x1mqs8db x1n327nk x1t2a60a\" aria-hidden=\"true\">\n<div class=\"html-div xdj266r x11i5rnm xat24cr x1mh8g0r xexx8yu x4uap5 x18d9i69 xkhd6sd x6s0dn4 xl5lk40 x78zum5 x1mqs8db x1q0g3np\" role=\"presentation\">\n<div class=\"html-div xdj266r x11i5rnm xat24cr x1mh8g0r xexx8yu x4uap5 x18d9i69 xkhd6sd x6s0dn4 xl5lk40 x78zum5 x1mqs8db x1q0g3np\" role=\"presentation\">\n<div class=\"html-div xdj266r x11i5rnm xat24cr x1mh8g0r xexx8yu x4uap5 x18d9i69 xkhd6sd\" aria-hidden=\"false\">\n<div class=\"x9f619 x1n2onr6 x1ja2u2z __fb-light-mode\">\n<div class=\"x1i10hfl xjqpnuy xa49m3k xqeqjp1 x2hbi6w x13fuv20 xu3j5b3 x1q0q8m5 x26u7qi x1ypdohk xdl72j9 x2lah0s xe8uvvx xdj266r x11i5rnm xat24cr x1mh8g0r x2lwn1j xeuugli x16tdsg8 x1hl2dhg xggy1nq x1ja2u2z x1t137rt x1q0g3np x87ps6o x1lku1pv x1a2a7pz x6s0dn4 xzolkzo x12go9s9 x1rnf11y xprq8jg x972fbf xcfux6l x1qhh985 xm0m39n x9f619 x78zum5 xl56j7k xexx8yu x4uap5 x18d9i69 xkhd6sd x1n2onr6 x1fgtraw xgd8bvy xjbqb8w\" tabindex=\"0\" role=\"button\" aria-expanded=\"false\" aria-haspopup=\"menu\" aria-label=\"Aggiungi una reazione\"><\/div>\n<\/div>\n<\/div>\n<\/div>\n<\/div>\n<\/div>\n<\/div>\n<\/div>\n<\/div>\n<\/div>\n<\/div>\n<\/div>\n<\/div>\n<\/div>\n<\/div>\n<\/div>\n<\/div>\n<\/div>\n<\/div>\n<\/div>\n<\/div>\n<\/div>\n<\/div>\n<\/div>\n<\/div>\n<\/div>\n<div>\n<div class=\"html-div xdj266r x11i5rnm xat24cr x1mh8g0r xexx8yu x4uap5 x18d9i69 xkhd6sd xt5xv9l x6wvzqs xpqajaz x78zum5 xdt5ytf x1c4vz4f xs83m0k x13qp9f6\"><\/div>\n<\/div>","protected":false},"excerpt":{"rendered":"<p>L\u2019assegnazione del premio &#8220;Carlo Magno&#8221; a Ursula von der Leyen, Presidente della Commissione europea pro tempore, avvenuto in data 29 maggio 2025 ad Aquisgrana in Germania, si configura come la celebrazione di un potere che si autoassolve e si autoreferenzia, incarnando una crisi profonda di legittimit\u00e0 che la filosofia politica classica aveva gi\u00e0 ampiamente denunciato. [&hellip;]<\/p>\n","protected":false},"author":2,"featured_media":125649,"comment_status":"closed","ping_status":"open","sticky":false,"template":"","format":"standard","meta":{"footnotes":""},"categories":[3368],"tags":[],"class_list":["post-160584","post","type-post","status-publish","format-standard","has-post-thumbnail","category-cahiers-de-doleances"],"yoast_head":"<!-- This site is optimized with the Yoast SEO plugin v28.4 - https:\/\/yoast.com\/product\/yoast-seo-wordpress\/ -->\n<title>Il premio dell&#039;oblio: quando l&#039;Europa incorona il potere senza verit\u00e0 - Bellunopress - Dolomiti<\/title>\n<meta name=\"robots\" content=\"index, follow, max-snippet:-1, max-image-preview:large, max-video-preview:-1\" \/>\n<link rel=\"canonical\" href=\"https:\/\/www.bellunopress.it\/fr\/2025\/05\/31\/il-premio-delloblio-quando-leuropa-incorona-il-potere-senza-verita\/\" \/>\n<meta property=\"og:locale\" content=\"fr_FR\" \/>\n<meta property=\"og:type\" content=\"article\" \/>\n<meta property=\"og:title\" content=\"Il premio dell&#039;oblio: quando l&#039;Europa incorona il potere senza verit\u00e0 - Bellunopress - Dolomiti\" \/>\n<meta property=\"og:description\" content=\"L\u2019assegnazione del premio &#8220;Carlo Magno&#8221; a Ursula von der Leyen, Presidente della Commissione europea pro tempore, avvenuto in data 29 maggio 2025 ad Aquisgrana in Germania, si configura come la celebrazione di un potere che si autoassolve e si autoreferenzia, incarnando una crisi profonda di legittimit\u00e0 che la filosofia politica classica aveva gi\u00e0 ampiamente denunciato. [&hellip;]\" \/>\n<meta property=\"og:url\" content=\"https:\/\/www.bellunopress.it\/fr\/2025\/05\/31\/il-premio-delloblio-quando-leuropa-incorona-il-potere-senza-verita\/\" \/>\n<meta property=\"og:site_name\" content=\"Bellunopress - Dolomiti\" \/>\n<meta property=\"article:publisher\" content=\"https:\/\/www.facebook.com\/profile.php?id=100008943462799\" \/>\n<meta property=\"article:published_time\" content=\"2025-05-31T07:36:41+00:00\" \/>\n<meta property=\"og:image\" content=\"https:\/\/www.bellunopress.it\/wp-content\/uploads\/2021\/07\/Daniele-Trabucco.jpg\" \/>\n\t<meta property=\"og:image:width\" content=\"332\" \/>\n\t<meta property=\"og:image:height\" content=\"392\" \/>\n\t<meta property=\"og:image:type\" content=\"image\/jpeg\" \/>\n<meta name=\"author\" content=\"redazione\" \/>\n<meta name=\"twitter:card\" content=\"summary_large_image\" \/>\n<meta name=\"twitter:creator\" content=\"@bellunopress\" \/>\n<meta name=\"twitter:site\" content=\"@bellunopress\" \/>\n<meta name=\"twitter:label1\" content=\"\u00c9crit par\" \/>\n\t<meta name=\"twitter:data1\" content=\"redazione\" \/>\n\t<meta name=\"twitter:label2\" content=\"Dur\u00e9e de lecture estim\u00e9e\" \/>\n\t<meta name=\"twitter:data2\" content=\"2 minutes\" \/>\n<script type=\"application\/ld+json\" class=\"yoast-schema-graph\">{\"@context\":\"https:\\\/\\\/schema.org\",\"@graph\":[{\"@type\":\"Article\",\"@id\":\"https:\\\/\\\/www.bellunopress.it\\\/2025\\\/05\\\/31\\\/il-premio-delloblio-quando-leuropa-incorona-il-potere-senza-verita\\\/#article\",\"isPartOf\":{\"@id\":\"https:\\\/\\\/www.bellunopress.it\\\/2025\\\/05\\\/31\\\/il-premio-delloblio-quando-leuropa-incorona-il-potere-senza-verita\\\/\"},\"author\":{\"name\":\"redazione\",\"@id\":\"https:\\\/\\\/www.bellunopress.it\\\/#\\\/schema\\\/person\\\/79bb06722b37ece1c03d3e94beb30d73\"},\"headline\":\"Il premio dell&#8217;oblio: quando l&#8217;Europa incorona il potere senza verit\u00e0\",\"datePublished\":\"2025-05-31T07:36:41+00:00\",\"mainEntityOfPage\":{\"@id\":\"https:\\\/\\\/www.bellunopress.it\\\/2025\\\/05\\\/31\\\/il-premio-delloblio-quando-leuropa-incorona-il-potere-senza-verita\\\/\"},\"wordCount\":446,\"publisher\":{\"@id\":\"https:\\\/\\\/www.bellunopress.it\\\/#organization\"},\"image\":{\"@id\":\"https:\\\/\\\/www.bellunopress.it\\\/2025\\\/05\\\/31\\\/il-premio-delloblio-quando-leuropa-incorona-il-potere-senza-verita\\\/#primaryimage\"},\"thumbnailUrl\":\"https:\\\/\\\/www.bellunopress.it\\\/wp-content\\\/uploads\\\/2021\\\/07\\\/Daniele-Trabucco.jpg\",\"articleSection\":[\"Cahiers de dol\u00e9ances\"],\"inLanguage\":\"fr-FR\"},{\"@type\":\"WebPage\",\"@id\":\"https:\\\/\\\/www.bellunopress.it\\\/2025\\\/05\\\/31\\\/il-premio-delloblio-quando-leuropa-incorona-il-potere-senza-verita\\\/\",\"url\":\"https:\\\/\\\/www.bellunopress.it\\\/2025\\\/05\\\/31\\\/il-premio-delloblio-quando-leuropa-incorona-il-potere-senza-verita\\\/\",\"name\":\"Il premio dell'oblio: quando l'Europa incorona il potere senza verit\u00e0 - Bellunopress - Dolomiti\",\"isPartOf\":{\"@id\":\"https:\\\/\\\/www.bellunopress.it\\\/#website\"},\"primaryImageOfPage\":{\"@id\":\"https:\\\/\\\/www.bellunopress.it\\\/2025\\\/05\\\/31\\\/il-premio-delloblio-quando-leuropa-incorona-il-potere-senza-verita\\\/#primaryimage\"},\"image\":{\"@id\":\"https:\\\/\\\/www.bellunopress.it\\\/2025\\\/05\\\/31\\\/il-premio-delloblio-quando-leuropa-incorona-il-potere-senza-verita\\\/#primaryimage\"},\"thumbnailUrl\":\"https:\\\/\\\/www.bellunopress.it\\\/wp-content\\\/uploads\\\/2021\\\/07\\\/Daniele-Trabucco.jpg\",\"datePublished\":\"2025-05-31T07:36:41+00:00\",\"breadcrumb\":{\"@id\":\"https:\\\/\\\/www.bellunopress.it\\\/2025\\\/05\\\/31\\\/il-premio-delloblio-quando-leuropa-incorona-il-potere-senza-verita\\\/#breadcrumb\"},\"inLanguage\":\"fr-FR\",\"potentialAction\":[{\"@type\":\"ReadAction\",\"target\":[\"https:\\\/\\\/www.bellunopress.it\\\/2025\\\/05\\\/31\\\/il-premio-delloblio-quando-leuropa-incorona-il-potere-senza-verita\\\/\"]}]},{\"@type\":\"ImageObject\",\"inLanguage\":\"fr-FR\",\"@id\":\"https:\\\/\\\/www.bellunopress.it\\\/2025\\\/05\\\/31\\\/il-premio-delloblio-quando-leuropa-incorona-il-potere-senza-verita\\\/#primaryimage\",\"url\":\"https:\\\/\\\/www.bellunopress.it\\\/wp-content\\\/uploads\\\/2021\\\/07\\\/Daniele-Trabucco.jpg\",\"contentUrl\":\"https:\\\/\\\/www.bellunopress.it\\\/wp-content\\\/uploads\\\/2021\\\/07\\\/Daniele-Trabucco.jpg\",\"width\":332,\"height\":392,\"caption\":\"Daniele Trabucco, costituzionalista\"},{\"@type\":\"BreadcrumbList\",\"@id\":\"https:\\\/\\\/www.bellunopress.it\\\/2025\\\/05\\\/31\\\/il-premio-delloblio-quando-leuropa-incorona-il-potere-senza-verita\\\/#breadcrumb\",\"itemListElement\":[{\"@type\":\"ListItem\",\"position\":1,\"name\":\"Home\",\"item\":\"https:\\\/\\\/www.bellunopress.it\\\/\"},{\"@type\":\"ListItem\",\"position\":2,\"name\":\"Il premio dell&#8217;oblio: quando l&#8217;Europa incorona il potere senza verit\u00e0\"}]},{\"@type\":\"WebSite\",\"@id\":\"https:\\\/\\\/www.bellunopress.it\\\/#website\",\"url\":\"https:\\\/\\\/www.bellunopress.it\\\/\",\"name\":\"Bellunopress - Dolomiti\",\"description\":\"e-mail: redazione@bellunopress.it\",\"publisher\":{\"@id\":\"https:\\\/\\\/www.bellunopress.it\\\/#organization\"},\"potentialAction\":[{\"@type\":\"SearchAction\",\"target\":{\"@type\":\"EntryPoint\",\"urlTemplate\":\"https:\\\/\\\/www.bellunopress.it\\\/?s={search_term_string}\"},\"query-input\":{\"@type\":\"PropertyValueSpecification\",\"valueRequired\":true,\"valueName\":\"search_term_string\"}}],\"inLanguage\":\"fr-FR\"},{\"@type\":\"Organization\",\"@id\":\"https:\\\/\\\/www.bellunopress.it\\\/#organization\",\"name\":\"Bellunopress\",\"url\":\"https:\\\/\\\/www.bellunopress.it\\\/\",\"logo\":{\"@type\":\"ImageObject\",\"inLanguage\":\"fr-FR\",\"@id\":\"https:\\\/\\\/www.bellunopress.it\\\/#\\\/schema\\\/logo\\\/image\\\/\",\"url\":\"https:\\\/\\\/www.bellunopress.it\\\/wp-content\\\/uploads\\\/2011\\\/05\\\/cropped-logo-bellunopress-.jpg\",\"contentUrl\":\"https:\\\/\\\/www.bellunopress.it\\\/wp-content\\\/uploads\\\/2011\\\/05\\\/cropped-logo-bellunopress-.jpg\",\"width\":512,\"height\":512,\"caption\":\"Bellunopress\"},\"image\":{\"@id\":\"https:\\\/\\\/www.bellunopress.it\\\/#\\\/schema\\\/logo\\\/image\\\/\"},\"sameAs\":[\"https:\\\/\\\/www.facebook.com\\\/profile.php?id=100008943462799\",\"https:\\\/\\\/x.com\\\/bellunopress\",\"https:\\\/\\\/www.linkedin.com\\\/hp\\\/?dnr=JBzUWaJfMUw8vbXJJ2tVW5-I3jZKvC4wsoxE&amp;amp;amp;amp;amp;amp;trk=nav_responsive_tab_home\",\"https:\\\/\\\/www.youtube.com\\\/channel\\\/UCxL0wu1uN0_3_7hGG0306cw\"]},{\"@type\":\"Person\",\"@id\":\"https:\\\/\\\/www.bellunopress.it\\\/#\\\/schema\\\/person\\\/79bb06722b37ece1c03d3e94beb30d73\",\"name\":\"redazione\",\"image\":{\"@type\":\"ImageObject\",\"inLanguage\":\"fr-FR\",\"@id\":\"https:\\\/\\\/secure.gravatar.com\\\/avatar\\\/37d968a2e67a6fd04c169c4bdef102d0bc5d31b2546345219e348575eb80e9a0?s=96&d=mm&r=g\",\"url\":\"https:\\\/\\\/secure.gravatar.com\\\/avatar\\\/37d968a2e67a6fd04c169c4bdef102d0bc5d31b2546345219e348575eb80e9a0?s=96&d=mm&r=g\",\"contentUrl\":\"https:\\\/\\\/secure.gravatar.com\\\/avatar\\\/37d968a2e67a6fd04c169c4bdef102d0bc5d31b2546345219e348575eb80e9a0?s=96&d=mm&r=g\",\"caption\":\"redazione\"},\"sameAs\":[\"http:\\\/\\\/www.bellunopress.it\",\"https:\\\/\\\/x.com\\\/bellunopress\"],\"url\":\"https:\\\/\\\/www.bellunopress.it\\\/fr\\\/author\\\/redazione\\\/\"}]}<\/script>\n<!-- \/ Yoast SEO plugin. -->","yoast_head_json":{"title":"Il premio dell'oblio: quando l'Europa incorona il potere senza verit\u00e0 - Bellunopress - Dolomiti","robots":{"index":"index","follow":"follow","max-snippet":"max-snippet:-1","max-image-preview":"max-image-preview:large","max-video-preview":"max-video-preview:-1"},"canonical":"https:\/\/www.bellunopress.it\/fr\/2025\/05\/31\/il-premio-delloblio-quando-leuropa-incorona-il-potere-senza-verita\/","og_locale":"fr_FR","og_type":"article","og_title":"Il premio dell'oblio: quando l'Europa incorona il potere senza verit\u00e0 - Bellunopress - Dolomiti","og_description":"L\u2019assegnazione del premio &#8220;Carlo Magno&#8221; a Ursula von der Leyen, Presidente della Commissione europea pro tempore, avvenuto in data 29 maggio 2025 ad Aquisgrana in Germania, si configura come la celebrazione di un potere che si autoassolve e si autoreferenzia, incarnando una crisi profonda di legittimit\u00e0 che la filosofia politica classica aveva gi\u00e0 ampiamente denunciato. [&hellip;]","og_url":"https:\/\/www.bellunopress.it\/fr\/2025\/05\/31\/il-premio-delloblio-quando-leuropa-incorona-il-potere-senza-verita\/","og_site_name":"Bellunopress - Dolomiti","article_publisher":"https:\/\/www.facebook.com\/profile.php?id=100008943462799","article_published_time":"2025-05-31T07:36:41+00:00","og_image":[{"width":332,"height":392,"url":"https:\/\/www.bellunopress.it\/wp-content\/uploads\/2021\/07\/Daniele-Trabucco.jpg","type":"image\/jpeg"}],"author":"redazione","twitter_card":"summary_large_image","twitter_creator":"@bellunopress","twitter_site":"@bellunopress","twitter_misc":{"\u00c9crit par":"redazione","Dur\u00e9e de lecture estim\u00e9e":"2 minutes"},"schema":{"@context":"https:\/\/schema.org","@graph":[{"@type":"Article","@id":"https:\/\/www.bellunopress.it\/2025\/05\/31\/il-premio-delloblio-quando-leuropa-incorona-il-potere-senza-verita\/#article","isPartOf":{"@id":"https:\/\/www.bellunopress.it\/2025\/05\/31\/il-premio-delloblio-quando-leuropa-incorona-il-potere-senza-verita\/"},"author":{"name":"redazione","@id":"https:\/\/www.bellunopress.it\/#\/schema\/person\/79bb06722b37ece1c03d3e94beb30d73"},"headline":"Il premio dell&#8217;oblio: quando l&#8217;Europa incorona il potere senza verit\u00e0","datePublished":"2025-05-31T07:36:41+00:00","mainEntityOfPage":{"@id":"https:\/\/www.bellunopress.it\/2025\/05\/31\/il-premio-delloblio-quando-leuropa-incorona-il-potere-senza-verita\/"},"wordCount":446,"publisher":{"@id":"https:\/\/www.bellunopress.it\/#organization"},"image":{"@id":"https:\/\/www.bellunopress.it\/2025\/05\/31\/il-premio-delloblio-quando-leuropa-incorona-il-potere-senza-verita\/#primaryimage"},"thumbnailUrl":"https:\/\/www.bellunopress.it\/wp-content\/uploads\/2021\/07\/Daniele-Trabucco.jpg","articleSection":["Cahiers de dol\u00e9ances"],"inLanguage":"fr-FR"},{"@type":"WebPage","@id":"https:\/\/www.bellunopress.it\/2025\/05\/31\/il-premio-delloblio-quando-leuropa-incorona-il-potere-senza-verita\/","url":"https:\/\/www.bellunopress.it\/2025\/05\/31\/il-premio-delloblio-quando-leuropa-incorona-il-potere-senza-verita\/","name":"Il premio dell'oblio: quando l'Europa incorona il potere senza verit\u00e0 - Bellunopress - Dolomiti","isPartOf":{"@id":"https:\/\/www.bellunopress.it\/#website"},"primaryImageOfPage":{"@id":"https:\/\/www.bellunopress.it\/2025\/05\/31\/il-premio-delloblio-quando-leuropa-incorona-il-potere-senza-verita\/#primaryimage"},"image":{"@id":"https:\/\/www.bellunopress.it\/2025\/05\/31\/il-premio-delloblio-quando-leuropa-incorona-il-potere-senza-verita\/#primaryimage"},"thumbnailUrl":"https:\/\/www.bellunopress.it\/wp-content\/uploads\/2021\/07\/Daniele-Trabucco.jpg","datePublished":"2025-05-31T07:36:41+00:00","breadcrumb":{"@id":"https:\/\/www.bellunopress.it\/2025\/05\/31\/il-premio-delloblio-quando-leuropa-incorona-il-potere-senza-verita\/#breadcrumb"},"inLanguage":"fr-FR","potentialAction":[{"@type":"ReadAction","target":["https:\/\/www.bellunopress.it\/2025\/05\/31\/il-premio-delloblio-quando-leuropa-incorona-il-potere-senza-verita\/"]}]},{"@type":"ImageObject","inLanguage":"fr-FR","@id":"https:\/\/www.bellunopress.it\/2025\/05\/31\/il-premio-delloblio-quando-leuropa-incorona-il-potere-senza-verita\/#primaryimage","url":"https:\/\/www.bellunopress.it\/wp-content\/uploads\/2021\/07\/Daniele-Trabucco.jpg","contentUrl":"https:\/\/www.bellunopress.it\/wp-content\/uploads\/2021\/07\/Daniele-Trabucco.jpg","width":332,"height":392,"caption":"Daniele Trabucco, costituzionalista"},{"@type":"BreadcrumbList","@id":"https:\/\/www.bellunopress.it\/2025\/05\/31\/il-premio-delloblio-quando-leuropa-incorona-il-potere-senza-verita\/#breadcrumb","itemListElement":[{"@type":"ListItem","position":1,"name":"Home","item":"https:\/\/www.bellunopress.it\/"},{"@type":"ListItem","position":2,"name":"Il premio dell&#8217;oblio: quando l&#8217;Europa incorona il potere senza verit\u00e0"}]},{"@type":"WebSite","@id":"https:\/\/www.bellunopress.it\/#website","url":"https:\/\/www.bellunopress.it\/","name":"Bellunopress - Dolomiti","description":"e-mail: redazione@bellunopress.it","publisher":{"@id":"https:\/\/www.bellunopress.it\/#organization"},"potentialAction":[{"@type":"SearchAction","target":{"@type":"EntryPoint","urlTemplate":"https:\/\/www.bellunopress.it\/?s={search_term_string}"},"query-input":{"@type":"PropertyValueSpecification","valueRequired":true,"valueName":"search_term_string"}}],"inLanguage":"fr-FR"},{"@type":"Organization","@id":"https:\/\/www.bellunopress.it\/#organization","name":"Bellunopress","url":"https:\/\/www.bellunopress.it\/","logo":{"@type":"ImageObject","inLanguage":"fr-FR","@id":"https:\/\/www.bellunopress.it\/#\/schema\/logo\/image\/","url":"https:\/\/www.bellunopress.it\/wp-content\/uploads\/2011\/05\/cropped-logo-bellunopress-.jpg","contentUrl":"https:\/\/www.bellunopress.it\/wp-content\/uploads\/2011\/05\/cropped-logo-bellunopress-.jpg","width":512,"height":512,"caption":"Bellunopress"},"image":{"@id":"https:\/\/www.bellunopress.it\/#\/schema\/logo\/image\/"},"sameAs":["https:\/\/www.facebook.com\/profile.php?id=100008943462799","https:\/\/x.com\/bellunopress","https:\/\/www.linkedin.com\/hp\/?dnr=JBzUWaJfMUw8vbXJJ2tVW5-I3jZKvC4wsoxE&amp;amp;amp;amp;amp;amp;trk=nav_responsive_tab_home","https:\/\/www.youtube.com\/channel\/UCxL0wu1uN0_3_7hGG0306cw"]},{"@type":"Person","@id":"https:\/\/www.bellunopress.it\/#\/schema\/person\/79bb06722b37ece1c03d3e94beb30d73","name":"r\u00e9daction","image":{"@type":"ImageObject","inLanguage":"fr-FR","@id":"https:\/\/secure.gravatar.com\/avatar\/37d968a2e67a6fd04c169c4bdef102d0bc5d31b2546345219e348575eb80e9a0?s=96&d=mm&r=g","url":"https:\/\/secure.gravatar.com\/avatar\/37d968a2e67a6fd04c169c4bdef102d0bc5d31b2546345219e348575eb80e9a0?s=96&d=mm&r=g","contentUrl":"https:\/\/secure.gravatar.com\/avatar\/37d968a2e67a6fd04c169c4bdef102d0bc5d31b2546345219e348575eb80e9a0?s=96&d=mm&r=g","caption":"redazione"},"sameAs":["http:\/\/www.bellunopress.it","https:\/\/x.com\/bellunopress"],"url":"https:\/\/www.bellunopress.it\/fr\/author\/redazione\/"}]}},"_links":{"self":[{"href":"https:\/\/www.bellunopress.it\/fr\/wp-json\/wp\/v2\/posts\/160584","targetHints":{"allow":["GET"]}}],"collection":[{"href":"https:\/\/www.bellunopress.it\/fr\/wp-json\/wp\/v2\/posts"}],"about":[{"href":"https:\/\/www.bellunopress.it\/fr\/wp-json\/wp\/v2\/types\/post"}],"author":[{"embeddable":true,"href":"https:\/\/www.bellunopress.it\/fr\/wp-json\/wp\/v2\/users\/2"}],"replies":[{"embeddable":true,"href":"https:\/\/www.bellunopress.it\/fr\/wp-json\/wp\/v2\/comments?post=160584"}],"version-history":[{"count":1,"href":"https:\/\/www.bellunopress.it\/fr\/wp-json\/wp\/v2\/posts\/160584\/revisions"}],"predecessor-version":[{"id":160585,"href":"https:\/\/www.bellunopress.it\/fr\/wp-json\/wp\/v2\/posts\/160584\/revisions\/160585"}],"wp:featuredmedia":[{"embeddable":true,"href":"https:\/\/www.bellunopress.it\/fr\/wp-json\/wp\/v2\/media\/125649"}],"wp:attachment":[{"href":"https:\/\/www.bellunopress.it\/fr\/wp-json\/wp\/v2\/media?parent=160584"}],"wp:term":[{"taxonomy":"category","embeddable":true,"href":"https:\/\/www.bellunopress.it\/fr\/wp-json\/wp\/v2\/categories?post=160584"},{"taxonomy":"post_tag","embeddable":true,"href":"https:\/\/www.bellunopress.it\/fr\/wp-json\/wp\/v2\/tags?post=160584"}],"curies":[{"name":"wp","href":"https:\/\/api.w.org\/{rel}","templated":true}]}}