{"id":160575,"date":"2025-05-30T16:28:18","date_gmt":"2025-05-30T14:28:18","guid":{"rendered":"https:\/\/www.bellunopress.it\/?p=160575"},"modified":"2025-05-30T16:28:18","modified_gmt":"2025-05-30T14:28:18","slug":"dalla-costiera-amalfitana-alle-dolomiti-il-sogno-diventato-impresa-di-angelo-di-lieto-ed-erika-damato","status":"publish","type":"post","link":"https:\/\/www.bellunopress.it\/fr\/2025\/05\/30\/dalla-costiera-amalfitana-alle-dolomiti-il-sogno-diventato-impresa-di-angelo-di-lieto-ed-erika-damato\/","title":{"rendered":"Dalla Costiera Amalfitana alle Dolomiti: il sogno diventato impresa di Angelo Di Lieto ed Erika D\u2019Amato"},"content":{"rendered":"<p><img loading=\"lazy\" decoding=\"async\" class=\"aligncenter size-full wp-image-160576\" src=\"https:\/\/www.bellunopress.it\/wp-content\/uploads\/2025\/05\/La-Fenice-edited.jpg\" alt=\"\" width=\"1000\" height=\"667\" srcset=\"https:\/\/www.bellunopress.it\/wp-content\/uploads\/2025\/05\/La-Fenice-edited.jpg 1000w, https:\/\/www.bellunopress.it\/wp-content\/uploads\/2025\/05\/La-Fenice-edited-500x334.jpg 500w, https:\/\/www.bellunopress.it\/wp-content\/uploads\/2025\/05\/La-Fenice-edited-630x420.jpg 630w, https:\/\/www.bellunopress.it\/wp-content\/uploads\/2025\/05\/La-Fenice-edited-696x464.jpg 696w\" sizes=\"auto, (max-width: 1000px) 100vw, 1000px\" \/>Una pizzeria che \u00e8 molto pi\u00f9 di un locale: La Fenice a Belluno rappresenta un ponte tra Nord e Sud, tra sapori campani e qualit\u00e0 veneta. \u00c8 la storia di Angelo Di Lieto ed Erika D\u2019Amato, partiti da Minori, in Costiera Amalfitana, e approdati nel 2006 a Belluno per inseguire un sogno: offrire una pizza che unisse autenticit\u00e0, accoglienza e alta qualit\u00e0.<\/p>\n<p>Oggi La Fenice \u00e8 un punto di riferimento gastronomico e occupa 30 persone. La filosofia \u00e8 chiara: attenzione alla materia prima, valorizzazione delle persone, innovazione continua. Il cuore dell\u2019offerta \u00e8 la Nuvola, una pizza in pala leggera e digeribile, con impasti ad alta idratazione e topping che uniscono eccellenze campane e alpine.<\/p>\n<p>Nel 2021 il locale si \u00e8 rinnovato trasferendosi nel Palazzo Campedel, diventando uno spazio che riflette l\u2019identit\u00e0 di Angelo: colori della Costiera e materiali delle Dolomiti. I riconoscimenti non mancano: Due Spicchi dal Gambero Rosso e il titolo di \u201cPizzeria delle Venezie\u201d.<\/p>\n<p>Ma il vero successo \u00e8 umano: incentivi ai dipendenti, spese mediche coperte, formazione continua. Un\u2019impresa etica che attrae talenti e costruisce comunit\u00e0. La Fenice \u00e8 oggi simbolo di un Sud che sa reinventarsi al Nord, dove la pizza diventa racconto di vita, cultura e rinascita.<\/p>\n<p>La Fenice oggi \u00e8 pronta a compiere un nuovo passo nel suo percorso di crescita. \u201cEntro fine anno \u2013 assicura Angelo Di Lieto \u2013 il locale sar\u00e0 ampliato per creare un&#8217;area esclusiva con nuove proposte\u201d.<\/p>\n<figure id=\"attachment_160577\" aria-describedby=\"caption-attachment-160577\" style=\"width: 1000px\" class=\"wp-caption aligncenter\"><img loading=\"lazy\" decoding=\"async\" class=\"size-full wp-image-160577\" src=\"https:\/\/www.bellunopress.it\/wp-content\/uploads\/2025\/05\/Angelo-Di-Lieto-La-Fenice.jpg\" alt=\"\" width=\"1000\" height=\"667\" srcset=\"https:\/\/www.bellunopress.it\/wp-content\/uploads\/2025\/05\/Angelo-Di-Lieto-La-Fenice.jpg 1000w, https:\/\/www.bellunopress.it\/wp-content\/uploads\/2025\/05\/Angelo-Di-Lieto-La-Fenice-500x334.jpg 500w, https:\/\/www.bellunopress.it\/wp-content\/uploads\/2025\/05\/Angelo-Di-Lieto-La-Fenice-630x420.jpg 630w, https:\/\/www.bellunopress.it\/wp-content\/uploads\/2025\/05\/Angelo-Di-Lieto-La-Fenice-696x464.jpg 696w\" sizes=\"auto, (max-width: 1000px) 100vw, 1000px\" \/><figcaption id=\"caption-attachment-160577\" class=\"wp-caption-text\">Angelo Di Lieto<\/figcaption><\/figure>\n<figure id=\"attachment_160578\" aria-describedby=\"caption-attachment-160578\" style=\"width: 1000px\" class=\"wp-caption aligncenter\"><img loading=\"lazy\" decoding=\"async\" class=\"size-full wp-image-160578\" src=\"https:\/\/www.bellunopress.it\/wp-content\/uploads\/2025\/05\/La-Nuvola-specialita-de-La-Fenice.jpg\" alt=\"\" width=\"1000\" height=\"429\" srcset=\"https:\/\/www.bellunopress.it\/wp-content\/uploads\/2025\/05\/La-Nuvola-specialita-de-La-Fenice.jpg 1000w, https:\/\/www.bellunopress.it\/wp-content\/uploads\/2025\/05\/La-Nuvola-specialita-de-La-Fenice-500x215.jpg 500w, https:\/\/www.bellunopress.it\/wp-content\/uploads\/2025\/05\/La-Nuvola-specialita-de-La-Fenice-979x420.jpg 979w, https:\/\/www.bellunopress.it\/wp-content\/uploads\/2025\/05\/La-Nuvola-specialita-de-La-Fenice-696x299.jpg 696w\" sizes=\"auto, (max-width: 1000px) 100vw, 1000px\" \/><figcaption id=\"caption-attachment-160578\" class=\"wp-caption-text\">La Nuvola: mozzarella del Molise, carpaccio di scottona, salsa tonnata, cappero disidratato straccetti di pomodoro, foglie di cappero, olio alla senape<\/figcaption><\/figure>","protected":false},"excerpt":{"rendered":"<p>Una pizzeria che \u00e8 molto pi\u00f9 di un locale: La Fenice a Belluno rappresenta un ponte tra Nord e Sud, tra sapori campani e qualit\u00e0 veneta. \u00c8 la storia di Angelo Di Lieto ed Erika D\u2019Amato, partiti da Minori, in Costiera Amalfitana, e approdati nel 2006 a Belluno per inseguire un sogno: offrire una pizza [&hellip;]<\/p>\n","protected":false},"author":2,"featured_media":160577,"comment_status":"closed","ping_status":"open","sticky":false,"template":"","format":"standard","meta":{"footnotes":""},"categories":[36,26],"tags":[],"class_list":["post-160575","post","type-post","status-publish","format-standard","has-post-thumbnail","category-lavoro-economia","category-prima-pagina"],"yoast_head":"<!-- This site is optimized with the Yoast SEO plugin v28.4 - https:\/\/yoast.com\/product\/yoast-seo-wordpress\/ -->\n<title>Dalla Costiera Amalfitana alle Dolomiti: il sogno diventato impresa di Angelo Di Lieto ed Erika D\u2019Amato - Bellunopress - Dolomiti<\/title>\n<meta name=\"robots\" content=\"index, follow, max-snippet:-1, max-image-preview:large, max-video-preview:-1\" \/>\n<link rel=\"canonical\" href=\"https:\/\/www.bellunopress.it\/fr\/2025\/05\/30\/dalla-costiera-amalfitana-alle-dolomiti-il-sogno-diventato-impresa-di-angelo-di-lieto-ed-erika-damato\/\" \/>\n<meta property=\"og:locale\" content=\"fr_FR\" \/>\n<meta property=\"og:type\" content=\"article\" \/>\n<meta property=\"og:title\" content=\"Dalla Costiera Amalfitana alle Dolomiti: il sogno diventato impresa di Angelo Di Lieto ed Erika D\u2019Amato - Bellunopress - Dolomiti\" \/>\n<meta property=\"og:description\" content=\"Una pizzeria che \u00e8 molto pi\u00f9 di un locale: La Fenice a Belluno rappresenta un ponte tra Nord e Sud, tra sapori campani e qualit\u00e0 veneta. \u00c8 la storia di Angelo Di Lieto ed Erika D\u2019Amato, partiti da Minori, in Costiera Amalfitana, e approdati nel 2006 a Belluno per inseguire un sogno: offrire una pizza [&hellip;]\" \/>\n<meta property=\"og:url\" content=\"https:\/\/www.bellunopress.it\/fr\/2025\/05\/30\/dalla-costiera-amalfitana-alle-dolomiti-il-sogno-diventato-impresa-di-angelo-di-lieto-ed-erika-damato\/\" \/>\n<meta property=\"og:site_name\" content=\"Bellunopress - Dolomiti\" \/>\n<meta property=\"article:publisher\" content=\"https:\/\/www.facebook.com\/profile.php?id=100008943462799\" \/>\n<meta property=\"article:published_time\" content=\"2025-05-30T14:28:18+00:00\" \/>\n<meta property=\"og:image\" content=\"https:\/\/www.bellunopress.it\/wp-content\/uploads\/2025\/05\/Angelo-Di-Lieto-La-Fenice.jpg\" \/>\n\t<meta property=\"og:image:width\" content=\"1000\" \/>\n\t<meta property=\"og:image:height\" content=\"667\" \/>\n\t<meta property=\"og:image:type\" content=\"image\/jpeg\" \/>\n<meta name=\"author\" content=\"redazione\" \/>\n<meta name=\"twitter:card\" content=\"summary_large_image\" \/>\n<meta name=\"twitter:creator\" content=\"@bellunopress\" \/>\n<meta name=\"twitter:site\" content=\"@bellunopress\" \/>\n<meta name=\"twitter:label1\" content=\"\u00c9crit par\" \/>\n\t<meta name=\"twitter:data1\" content=\"redazione\" \/>\n\t<meta name=\"twitter:label2\" content=\"Dur\u00e9e de lecture estim\u00e9e\" \/>\n\t<meta name=\"twitter:data2\" content=\"1 minute\" \/>\n<script type=\"application\/ld+json\" class=\"yoast-schema-graph\">{\"@context\":\"https:\\\/\\\/schema.org\",\"@graph\":[{\"@type\":\"Article\",\"@id\":\"https:\\\/\\\/www.bellunopress.it\\\/2025\\\/05\\\/30\\\/dalla-costiera-amalfitana-alle-dolomiti-il-sogno-diventato-impresa-di-angelo-di-lieto-ed-erika-damato\\\/#article\",\"isPartOf\":{\"@id\":\"https:\\\/\\\/www.bellunopress.it\\\/2025\\\/05\\\/30\\\/dalla-costiera-amalfitana-alle-dolomiti-il-sogno-diventato-impresa-di-angelo-di-lieto-ed-erika-damato\\\/\"},\"author\":{\"name\":\"redazione\",\"@id\":\"https:\\\/\\\/www.bellunopress.it\\\/#\\\/schema\\\/person\\\/79bb06722b37ece1c03d3e94beb30d73\"},\"headline\":\"Dalla Costiera Amalfitana alle Dolomiti: il sogno diventato impresa di Angelo Di Lieto ed Erika D\u2019Amato\",\"datePublished\":\"2025-05-30T14:28:18+00:00\",\"mainEntityOfPage\":{\"@id\":\"https:\\\/\\\/www.bellunopress.it\\\/2025\\\/05\\\/30\\\/dalla-costiera-amalfitana-alle-dolomiti-il-sogno-diventato-impresa-di-angelo-di-lieto-ed-erika-damato\\\/\"},\"wordCount\":282,\"publisher\":{\"@id\":\"https:\\\/\\\/www.bellunopress.it\\\/#organization\"},\"image\":{\"@id\":\"https:\\\/\\\/www.bellunopress.it\\\/2025\\\/05\\\/30\\\/dalla-costiera-amalfitana-alle-dolomiti-il-sogno-diventato-impresa-di-angelo-di-lieto-ed-erika-damato\\\/#primaryimage\"},\"thumbnailUrl\":\"https:\\\/\\\/www.bellunopress.it\\\/wp-content\\\/uploads\\\/2025\\\/05\\\/Angelo-Di-Lieto-La-Fenice.jpg\",\"articleSection\":[\"Lavoro, Economia, Turismo\",\"Prima Pagina\"],\"inLanguage\":\"fr-FR\"},{\"@type\":\"WebPage\",\"@id\":\"https:\\\/\\\/www.bellunopress.it\\\/2025\\\/05\\\/30\\\/dalla-costiera-amalfitana-alle-dolomiti-il-sogno-diventato-impresa-di-angelo-di-lieto-ed-erika-damato\\\/\",\"url\":\"https:\\\/\\\/www.bellunopress.it\\\/2025\\\/05\\\/30\\\/dalla-costiera-amalfitana-alle-dolomiti-il-sogno-diventato-impresa-di-angelo-di-lieto-ed-erika-damato\\\/\",\"name\":\"Dalla Costiera Amalfitana alle Dolomiti: il sogno diventato impresa di Angelo Di Lieto ed Erika D\u2019Amato - Bellunopress - Dolomiti\",\"isPartOf\":{\"@id\":\"https:\\\/\\\/www.bellunopress.it\\\/#website\"},\"primaryImageOfPage\":{\"@id\":\"https:\\\/\\\/www.bellunopress.it\\\/2025\\\/05\\\/30\\\/dalla-costiera-amalfitana-alle-dolomiti-il-sogno-diventato-impresa-di-angelo-di-lieto-ed-erika-damato\\\/#primaryimage\"},\"image\":{\"@id\":\"https:\\\/\\\/www.bellunopress.it\\\/2025\\\/05\\\/30\\\/dalla-costiera-amalfitana-alle-dolomiti-il-sogno-diventato-impresa-di-angelo-di-lieto-ed-erika-damato\\\/#primaryimage\"},\"thumbnailUrl\":\"https:\\\/\\\/www.bellunopress.it\\\/wp-content\\\/uploads\\\/2025\\\/05\\\/Angelo-Di-Lieto-La-Fenice.jpg\",\"datePublished\":\"2025-05-30T14:28:18+00:00\",\"breadcrumb\":{\"@id\":\"https:\\\/\\\/www.bellunopress.it\\\/2025\\\/05\\\/30\\\/dalla-costiera-amalfitana-alle-dolomiti-il-sogno-diventato-impresa-di-angelo-di-lieto-ed-erika-damato\\\/#breadcrumb\"},\"inLanguage\":\"fr-FR\",\"potentialAction\":[{\"@type\":\"ReadAction\",\"target\":[\"https:\\\/\\\/www.bellunopress.it\\\/2025\\\/05\\\/30\\\/dalla-costiera-amalfitana-alle-dolomiti-il-sogno-diventato-impresa-di-angelo-di-lieto-ed-erika-damato\\\/\"]}]},{\"@type\":\"ImageObject\",\"inLanguage\":\"fr-FR\",\"@id\":\"https:\\\/\\\/www.bellunopress.it\\\/2025\\\/05\\\/30\\\/dalla-costiera-amalfitana-alle-dolomiti-il-sogno-diventato-impresa-di-angelo-di-lieto-ed-erika-damato\\\/#primaryimage\",\"url\":\"https:\\\/\\\/www.bellunopress.it\\\/wp-content\\\/uploads\\\/2025\\\/05\\\/Angelo-Di-Lieto-La-Fenice.jpg\",\"contentUrl\":\"https:\\\/\\\/www.bellunopress.it\\\/wp-content\\\/uploads\\\/2025\\\/05\\\/Angelo-Di-Lieto-La-Fenice.jpg\",\"width\":1000,\"height\":667,\"caption\":\"Angelo Di Lieto\"},{\"@type\":\"BreadcrumbList\",\"@id\":\"https:\\\/\\\/www.bellunopress.it\\\/2025\\\/05\\\/30\\\/dalla-costiera-amalfitana-alle-dolomiti-il-sogno-diventato-impresa-di-angelo-di-lieto-ed-erika-damato\\\/#breadcrumb\",\"itemListElement\":[{\"@type\":\"ListItem\",\"position\":1,\"name\":\"Home\",\"item\":\"https:\\\/\\\/www.bellunopress.it\\\/\"},{\"@type\":\"ListItem\",\"position\":2,\"name\":\"Dalla Costiera Amalfitana alle Dolomiti: il sogno diventato impresa di Angelo Di Lieto ed Erika D\u2019Amato\"}]},{\"@type\":\"WebSite\",\"@id\":\"https:\\\/\\\/www.bellunopress.it\\\/#website\",\"url\":\"https:\\\/\\\/www.bellunopress.it\\\/\",\"name\":\"Bellunopress - Dolomiti\",\"description\":\"e-mail: redazione@bellunopress.it\",\"publisher\":{\"@id\":\"https:\\\/\\\/www.bellunopress.it\\\/#organization\"},\"potentialAction\":[{\"@type\":\"SearchAction\",\"target\":{\"@type\":\"EntryPoint\",\"urlTemplate\":\"https:\\\/\\\/www.bellunopress.it\\\/?s={search_term_string}\"},\"query-input\":{\"@type\":\"PropertyValueSpecification\",\"valueRequired\":true,\"valueName\":\"search_term_string\"}}],\"inLanguage\":\"fr-FR\"},{\"@type\":\"Organization\",\"@id\":\"https:\\\/\\\/www.bellunopress.it\\\/#organization\",\"name\":\"Bellunopress\",\"url\":\"https:\\\/\\\/www.bellunopress.it\\\/\",\"logo\":{\"@type\":\"ImageObject\",\"inLanguage\":\"fr-FR\",\"@id\":\"https:\\\/\\\/www.bellunopress.it\\\/#\\\/schema\\\/logo\\\/image\\\/\",\"url\":\"https:\\\/\\\/www.bellunopress.it\\\/wp-content\\\/uploads\\\/2011\\\/05\\\/cropped-logo-bellunopress-.jpg\",\"contentUrl\":\"https:\\\/\\\/www.bellunopress.it\\\/wp-content\\\/uploads\\\/2011\\\/05\\\/cropped-logo-bellunopress-.jpg\",\"width\":512,\"height\":512,\"caption\":\"Bellunopress\"},\"image\":{\"@id\":\"https:\\\/\\\/www.bellunopress.it\\\/#\\\/schema\\\/logo\\\/image\\\/\"},\"sameAs\":[\"https:\\\/\\\/www.facebook.com\\\/profile.php?id=100008943462799\",\"https:\\\/\\\/x.com\\\/bellunopress\",\"https:\\\/\\\/www.linkedin.com\\\/hp\\\/?dnr=JBzUWaJfMUw8vbXJJ2tVW5-I3jZKvC4wsoxE&amp;amp;amp;amp;amp;amp;trk=nav_responsive_tab_home\",\"https:\\\/\\\/www.youtube.com\\\/channel\\\/UCxL0wu1uN0_3_7hGG0306cw\"]},{\"@type\":\"Person\",\"@id\":\"https:\\\/\\\/www.bellunopress.it\\\/#\\\/schema\\\/person\\\/79bb06722b37ece1c03d3e94beb30d73\",\"name\":\"redazione\",\"image\":{\"@type\":\"ImageObject\",\"inLanguage\":\"fr-FR\",\"@id\":\"https:\\\/\\\/secure.gravatar.com\\\/avatar\\\/37d968a2e67a6fd04c169c4bdef102d0bc5d31b2546345219e348575eb80e9a0?s=96&d=mm&r=g\",\"url\":\"https:\\\/\\\/secure.gravatar.com\\\/avatar\\\/37d968a2e67a6fd04c169c4bdef102d0bc5d31b2546345219e348575eb80e9a0?s=96&d=mm&r=g\",\"contentUrl\":\"https:\\\/\\\/secure.gravatar.com\\\/avatar\\\/37d968a2e67a6fd04c169c4bdef102d0bc5d31b2546345219e348575eb80e9a0?s=96&d=mm&r=g\",\"caption\":\"redazione\"},\"sameAs\":[\"http:\\\/\\\/www.bellunopress.it\",\"https:\\\/\\\/x.com\\\/bellunopress\"],\"url\":\"https:\\\/\\\/www.bellunopress.it\\\/fr\\\/author\\\/redazione\\\/\"}]}<\/script>\n<!-- \/ Yoast SEO plugin. -->","yoast_head_json":{"title":"Dalla Costiera Amalfitana alle Dolomiti: il sogno diventato impresa di Angelo Di Lieto ed Erika D\u2019Amato - Bellunopress - Dolomiti","robots":{"index":"index","follow":"follow","max-snippet":"max-snippet:-1","max-image-preview":"max-image-preview:large","max-video-preview":"max-video-preview:-1"},"canonical":"https:\/\/www.bellunopress.it\/fr\/2025\/05\/30\/dalla-costiera-amalfitana-alle-dolomiti-il-sogno-diventato-impresa-di-angelo-di-lieto-ed-erika-damato\/","og_locale":"fr_FR","og_type":"article","og_title":"Dalla Costiera Amalfitana alle Dolomiti: il sogno diventato impresa di Angelo Di Lieto ed Erika D\u2019Amato - Bellunopress - Dolomiti","og_description":"Una pizzeria che \u00e8 molto pi\u00f9 di un locale: La Fenice a Belluno rappresenta un ponte tra Nord e Sud, tra sapori campani e qualit\u00e0 veneta. \u00c8 la storia di Angelo Di Lieto ed Erika D\u2019Amato, partiti da Minori, in Costiera Amalfitana, e approdati nel 2006 a Belluno per inseguire un sogno: offrire una pizza [&hellip;]","og_url":"https:\/\/www.bellunopress.it\/fr\/2025\/05\/30\/dalla-costiera-amalfitana-alle-dolomiti-il-sogno-diventato-impresa-di-angelo-di-lieto-ed-erika-damato\/","og_site_name":"Bellunopress - Dolomiti","article_publisher":"https:\/\/www.facebook.com\/profile.php?id=100008943462799","article_published_time":"2025-05-30T14:28:18+00:00","og_image":[{"width":1000,"height":667,"url":"https:\/\/www.bellunopress.it\/wp-content\/uploads\/2025\/05\/Angelo-Di-Lieto-La-Fenice.jpg","type":"image\/jpeg"}],"author":"redazione","twitter_card":"summary_large_image","twitter_creator":"@bellunopress","twitter_site":"@bellunopress","twitter_misc":{"\u00c9crit par":"redazione","Dur\u00e9e de lecture estim\u00e9e":"1 minute"},"schema":{"@context":"https:\/\/schema.org","@graph":[{"@type":"Article","@id":"https:\/\/www.bellunopress.it\/2025\/05\/30\/dalla-costiera-amalfitana-alle-dolomiti-il-sogno-diventato-impresa-di-angelo-di-lieto-ed-erika-damato\/#article","isPartOf":{"@id":"https:\/\/www.bellunopress.it\/2025\/05\/30\/dalla-costiera-amalfitana-alle-dolomiti-il-sogno-diventato-impresa-di-angelo-di-lieto-ed-erika-damato\/"},"author":{"name":"redazione","@id":"https:\/\/www.bellunopress.it\/#\/schema\/person\/79bb06722b37ece1c03d3e94beb30d73"},"headline":"Dalla Costiera Amalfitana alle Dolomiti: il sogno diventato impresa di Angelo Di Lieto ed Erika D\u2019Amato","datePublished":"2025-05-30T14:28:18+00:00","mainEntityOfPage":{"@id":"https:\/\/www.bellunopress.it\/2025\/05\/30\/dalla-costiera-amalfitana-alle-dolomiti-il-sogno-diventato-impresa-di-angelo-di-lieto-ed-erika-damato\/"},"wordCount":282,"publisher":{"@id":"https:\/\/www.bellunopress.it\/#organization"},"image":{"@id":"https:\/\/www.bellunopress.it\/2025\/05\/30\/dalla-costiera-amalfitana-alle-dolomiti-il-sogno-diventato-impresa-di-angelo-di-lieto-ed-erika-damato\/#primaryimage"},"thumbnailUrl":"https:\/\/www.bellunopress.it\/wp-content\/uploads\/2025\/05\/Angelo-Di-Lieto-La-Fenice.jpg","articleSection":["Lavoro, Economia, Turismo","Prima Pagina"],"inLanguage":"fr-FR"},{"@type":"WebPage","@id":"https:\/\/www.bellunopress.it\/2025\/05\/30\/dalla-costiera-amalfitana-alle-dolomiti-il-sogno-diventato-impresa-di-angelo-di-lieto-ed-erika-damato\/","url":"https:\/\/www.bellunopress.it\/2025\/05\/30\/dalla-costiera-amalfitana-alle-dolomiti-il-sogno-diventato-impresa-di-angelo-di-lieto-ed-erika-damato\/","name":"Dalla Costiera Amalfitana alle Dolomiti: il sogno diventato impresa di Angelo Di Lieto ed Erika D\u2019Amato - Bellunopress - Dolomiti","isPartOf":{"@id":"https:\/\/www.bellunopress.it\/#website"},"primaryImageOfPage":{"@id":"https:\/\/www.bellunopress.it\/2025\/05\/30\/dalla-costiera-amalfitana-alle-dolomiti-il-sogno-diventato-impresa-di-angelo-di-lieto-ed-erika-damato\/#primaryimage"},"image":{"@id":"https:\/\/www.bellunopress.it\/2025\/05\/30\/dalla-costiera-amalfitana-alle-dolomiti-il-sogno-diventato-impresa-di-angelo-di-lieto-ed-erika-damato\/#primaryimage"},"thumbnailUrl":"https:\/\/www.bellunopress.it\/wp-content\/uploads\/2025\/05\/Angelo-Di-Lieto-La-Fenice.jpg","datePublished":"2025-05-30T14:28:18+00:00","breadcrumb":{"@id":"https:\/\/www.bellunopress.it\/2025\/05\/30\/dalla-costiera-amalfitana-alle-dolomiti-il-sogno-diventato-impresa-di-angelo-di-lieto-ed-erika-damato\/#breadcrumb"},"inLanguage":"fr-FR","potentialAction":[{"@type":"ReadAction","target":["https:\/\/www.bellunopress.it\/2025\/05\/30\/dalla-costiera-amalfitana-alle-dolomiti-il-sogno-diventato-impresa-di-angelo-di-lieto-ed-erika-damato\/"]}]},{"@type":"ImageObject","inLanguage":"fr-FR","@id":"https:\/\/www.bellunopress.it\/2025\/05\/30\/dalla-costiera-amalfitana-alle-dolomiti-il-sogno-diventato-impresa-di-angelo-di-lieto-ed-erika-damato\/#primaryimage","url":"https:\/\/www.bellunopress.it\/wp-content\/uploads\/2025\/05\/Angelo-Di-Lieto-La-Fenice.jpg","contentUrl":"https:\/\/www.bellunopress.it\/wp-content\/uploads\/2025\/05\/Angelo-Di-Lieto-La-Fenice.jpg","width":1000,"height":667,"caption":"Angelo Di Lieto"},{"@type":"BreadcrumbList","@id":"https:\/\/www.bellunopress.it\/2025\/05\/30\/dalla-costiera-amalfitana-alle-dolomiti-il-sogno-diventato-impresa-di-angelo-di-lieto-ed-erika-damato\/#breadcrumb","itemListElement":[{"@type":"ListItem","position":1,"name":"Home","item":"https:\/\/www.bellunopress.it\/"},{"@type":"ListItem","position":2,"name":"Dalla Costiera Amalfitana alle Dolomiti: il sogno diventato impresa di Angelo Di Lieto ed Erika D\u2019Amato"}]},{"@type":"WebSite","@id":"https:\/\/www.bellunopress.it\/#website","url":"https:\/\/www.bellunopress.it\/","name":"Bellunopress - Dolomiti","description":"e-mail: redazione@bellunopress.it","publisher":{"@id":"https:\/\/www.bellunopress.it\/#organization"},"potentialAction":[{"@type":"SearchAction","target":{"@type":"EntryPoint","urlTemplate":"https:\/\/www.bellunopress.it\/?s={search_term_string}"},"query-input":{"@type":"PropertyValueSpecification","valueRequired":true,"valueName":"search_term_string"}}],"inLanguage":"fr-FR"},{"@type":"Organization","@id":"https:\/\/www.bellunopress.it\/#organization","name":"Bellunopress","url":"https:\/\/www.bellunopress.it\/","logo":{"@type":"ImageObject","inLanguage":"fr-FR","@id":"https:\/\/www.bellunopress.it\/#\/schema\/logo\/image\/","url":"https:\/\/www.bellunopress.it\/wp-content\/uploads\/2011\/05\/cropped-logo-bellunopress-.jpg","contentUrl":"https:\/\/www.bellunopress.it\/wp-content\/uploads\/2011\/05\/cropped-logo-bellunopress-.jpg","width":512,"height":512,"caption":"Bellunopress"},"image":{"@id":"https:\/\/www.bellunopress.it\/#\/schema\/logo\/image\/"},"sameAs":["https:\/\/www.facebook.com\/profile.php?id=100008943462799","https:\/\/x.com\/bellunopress","https:\/\/www.linkedin.com\/hp\/?dnr=JBzUWaJfMUw8vbXJJ2tVW5-I3jZKvC4wsoxE&amp;amp;amp;amp;amp;amp;trk=nav_responsive_tab_home","https:\/\/www.youtube.com\/channel\/UCxL0wu1uN0_3_7hGG0306cw"]},{"@type":"Person","@id":"https:\/\/www.bellunopress.it\/#\/schema\/person\/79bb06722b37ece1c03d3e94beb30d73","name":"r\u00e9daction","image":{"@type":"ImageObject","inLanguage":"fr-FR","@id":"https:\/\/secure.gravatar.com\/avatar\/37d968a2e67a6fd04c169c4bdef102d0bc5d31b2546345219e348575eb80e9a0?s=96&d=mm&r=g","url":"https:\/\/secure.gravatar.com\/avatar\/37d968a2e67a6fd04c169c4bdef102d0bc5d31b2546345219e348575eb80e9a0?s=96&d=mm&r=g","contentUrl":"https:\/\/secure.gravatar.com\/avatar\/37d968a2e67a6fd04c169c4bdef102d0bc5d31b2546345219e348575eb80e9a0?s=96&d=mm&r=g","caption":"redazione"},"sameAs":["http:\/\/www.bellunopress.it","https:\/\/x.com\/bellunopress"],"url":"https:\/\/www.bellunopress.it\/fr\/author\/redazione\/"}]}},"_links":{"self":[{"href":"https:\/\/www.bellunopress.it\/fr\/wp-json\/wp\/v2\/posts\/160575","targetHints":{"allow":["GET"]}}],"collection":[{"href":"https:\/\/www.bellunopress.it\/fr\/wp-json\/wp\/v2\/posts"}],"about":[{"href":"https:\/\/www.bellunopress.it\/fr\/wp-json\/wp\/v2\/types\/post"}],"author":[{"embeddable":true,"href":"https:\/\/www.bellunopress.it\/fr\/wp-json\/wp\/v2\/users\/2"}],"replies":[{"embeddable":true,"href":"https:\/\/www.bellunopress.it\/fr\/wp-json\/wp\/v2\/comments?post=160575"}],"version-history":[{"count":1,"href":"https:\/\/www.bellunopress.it\/fr\/wp-json\/wp\/v2\/posts\/160575\/revisions"}],"predecessor-version":[{"id":160579,"href":"https:\/\/www.bellunopress.it\/fr\/wp-json\/wp\/v2\/posts\/160575\/revisions\/160579"}],"wp:featuredmedia":[{"embeddable":true,"href":"https:\/\/www.bellunopress.it\/fr\/wp-json\/wp\/v2\/media\/160577"}],"wp:attachment":[{"href":"https:\/\/www.bellunopress.it\/fr\/wp-json\/wp\/v2\/media?parent=160575"}],"wp:term":[{"taxonomy":"category","embeddable":true,"href":"https:\/\/www.bellunopress.it\/fr\/wp-json\/wp\/v2\/categories?post=160575"},{"taxonomy":"post_tag","embeddable":true,"href":"https:\/\/www.bellunopress.it\/fr\/wp-json\/wp\/v2\/tags?post=160575"}],"curies":[{"name":"wp","href":"https:\/\/api.w.org\/{rel}","templated":true}]}}