{"id":160573,"date":"2025-05-30T13:00:04","date_gmt":"2025-05-30T11:00:04","guid":{"rendered":"https:\/\/www.bellunopress.it\/?p=160573"},"modified":"2025-05-30T13:00:04","modified_gmt":"2025-05-30T11:00:04","slug":"al-via-la-stagione-estiva-a-cortina-prenotazioni-su-del-30","status":"publish","type":"post","link":"https:\/\/www.bellunopress.it\/fr\/2025\/05\/30\/al-via-la-stagione-estiva-a-cortina-prenotazioni-su-del-30\/","title":{"rendered":"Al via la stagione estiva a Cortina: prenotazioni su del 30%"},"content":{"rendered":"<figure id=\"attachment_159776\" aria-describedby=\"caption-attachment-159776\" style=\"width: 875px\" class=\"wp-caption aligncenter\"><img loading=\"lazy\" decoding=\"async\" class=\"size-full wp-image-159776\" src=\"https:\/\/www.bellunopress.it\/wp-content\/uploads\/2025\/04\/Sandra-Ruatti-Presidente-Ass-Albergatori-Cortina_edited.jpg\" alt=\"\" width=\"875\" height=\"1000\" srcset=\"https:\/\/www.bellunopress.it\/wp-content\/uploads\/2025\/04\/Sandra-Ruatti-Presidente-Ass-Albergatori-Cortina_edited.jpg 875w, https:\/\/www.bellunopress.it\/wp-content\/uploads\/2025\/04\/Sandra-Ruatti-Presidente-Ass-Albergatori-Cortina_edited-438x500.jpg 438w, https:\/\/www.bellunopress.it\/wp-content\/uploads\/2025\/04\/Sandra-Ruatti-Presidente-Ass-Albergatori-Cortina_edited-368x420.jpg 368w, https:\/\/www.bellunopress.it\/wp-content\/uploads\/2025\/04\/Sandra-Ruatti-Presidente-Ass-Albergatori-Cortina_edited-696x795.jpg 696w\" sizes=\"auto, (max-width: 875px) 100vw, 875px\" \/><figcaption id=\"caption-attachment-159776\" class=\"wp-caption-text\">Sandra Ruatti &#8211; Presidente Ass. Albergatori Cortina<\/figcaption><\/figure>\n<p>Cortina d\u2019Ampezzo, maggio 2025 &#8211; Con il ponte del 2 giugno\u00a0si apre ufficialmente la stagione estiva a Cortina, l\u2019ultima prima del lungo inverno Olimpico. Un banco di prova importante per la destinazione e in particolare per i\u00a0professionisti dell\u2019ospitalit\u00e0\u00a0che\u00a0tracciano\u00a0un\u00a0quadro\u00a0decisamente\u00a0incoraggiante\u00a0di quello che attende la Regina delle Dolomiti da qui ai prossimi tre mesi.<\/p>\n<p>Stando al\u00a0report elaborato da HBenchmark\u00a0per la locale Associazione degli Albergatori, infatti,\u00a0il tasso di occupazione media acquisita\u00a0per il periodo compreso\u00a0tra giugno e settembre\u00a0attualmente viaggia attorno al\u00a049%,\u00a0+30%\u00a0sul 2024\u00a0(37%) e in particolare\u00a0l\u2019acquisito di giugno\u00a0(58%)\u00a0ha\u00a0gi\u00e0\u00a0superato quello che fu il consolidato dello stesso mese\u00a0lo scorso anno\u00a0(56%) anche a causa della forte ondata di maltempo che condizion\u00f2 in negativo l\u2019avvio stagionale.\u00a0Luglio sta performando\u00a0molto\u00a0bene, con un\u00a0incremento del 31%\u00a0(51% di occupazione gi\u00e0 acquisita contro il 39% dell\u2019anno passato), cos\u00ec come\u00a0di oltre il 30% \u00e8\u00a0anche la crescita\u00a0che interessa\u00a0agosto e settembre: entrambi gli slot vantano un\u00a0acquisito corrente del 43%, che invece non superava il 32% alla stessa data nel 2024.<\/p>\n<p>Merito dell\u2019effetto Olimpico e delle tante manifestazioni che affollano il calendario della bella stagione, e non a caso proprio in corrispondenza di queste particolari iniziative, gli analisti evidenziano picchi significativi di presenze:\u00a0dal 64% del prossimo fine settimana, che peraltro coincide con l\u2019edizione 2025 della Cortina Dobbiaco Run,\u00a0al 54% della Dolomiti Extreme Trail\u00a0in programma tra il 6 e l\u20198 giugno nella vicina Val di Zoldo,\u00a0dal 70%\u00a0nei giorni in cui si correr\u00e0 la\u00a0Lavaredo Ultra Trail\u00a0(25 \u2013 29 giugno 2025),\u00a0al 56% del Design Weekend\u00a0di met\u00e0 luglio, senza dimenticare\u00a0Ferragosto, oggi al 50% di acquisito, destinato come sempre a salire anche grazie ai last minutes.<\/p>\n<p>Rispetto allo scorso anno, i dati mettono in luce l\u2019ottimo\u00a0recupero del segmento low medium\u00a0(2*-3*-3*S) le cui\u00a0prestazioni\u00a0sono\u00a0aumentate di quasi il 46%\u00a0uniformandosi, almeno per adesso, a quelle del\u00a0comparto high luxury\u00a0(48,6% vs. 48,4%), che a sua volta ha fatto registrare uno\u00a0sviluppo pi\u00f9 contenuto, ma\u00a0comunque\u00a0ragguardevole (+16%).<\/p>\n<p>Interessante, poi, \u00e8 il\u00a0focus sulle nazionalit\u00e0\u00a0degli ospiti che si apprestano a trascorrere le vacanze in territorio ampezzano: in linea col il trend dell\u2019ultimo biennio, ben\u00a0il 74% delle prenotazioni proviene dall&#8217;estero, prevalentemente da\u00a0Stati Uniti\u00a0(14,2%),\u00a0Regno Unito\u00a0(6,2%),\u00a0Francia\u00a0(5,9%), e\u00a0Australia\u00a0(2,1%), a testimonianza della fortissima vocazione internazionale della localit\u00e0, che la prospettiva degli imminenti Giochi Invernali non fa che rinsaldare.<\/p>\n<p style=\"font-weight: 400;\"><strong>Commenta Sandra Ruatti, Presidente dell\u2019Associazione degli Albergatori di Cortina<\/strong>: \u00ab<em>I dati attuali confermano le ottime prospettive che avevamo gi\u00e0 messo in luce un mese fa: i turisti stanno prenotando con regolarit\u00e0. L\u2019attenzione generata dalle Olimpiadi \u00e8 un volano innegabile perch\u00e9 le persone aspettano di poter vedere dal vivo i luoghi che ospiteranno le gare e il fatto che in tantissimi quest\u2019estate si muoveranno proprio per questo motivo e soprattutto dall\u2019estero, ci restituisce la portata globale dell\u2019evento e la misura delle sue implicazioni sul nostro territorio. I prossimi mesi saranno dunque determinanti da questo punto di vista, rappresentando di fatto l\u2019ultima occasione per testare appieno e in condizioni di relativa tranquillit\u00e0 il perfetto funzionamento della macchina dell\u2019accoglienza in vista dell\u2019appuntamento iridato del 2026. Ci aspettiamo quindi ottimi riscontri, cosa che peraltro sta gi\u00e0 avvenendo, anche considerando che potremo contare su due strutture in pi\u00f9, l\u2019Ancora e Casa Guargn\u00e8, che recentemente hanno riaperto i battenti<\/em>\u00bb.<\/p>","protected":false},"excerpt":{"rendered":"<p>Cortina d\u2019Ampezzo, maggio 2025 &#8211; Con il ponte del 2 giugno\u00a0si apre ufficialmente la stagione estiva a Cortina, l\u2019ultima prima del lungo inverno Olimpico. Un banco di prova importante per la destinazione e in particolare per i\u00a0professionisti dell\u2019ospitalit\u00e0\u00a0che\u00a0tracciano\u00a0un\u00a0quadro\u00a0decisamente\u00a0incoraggiante\u00a0di quello che attende la Regina delle Dolomiti da qui ai prossimi tre mesi. Stando al\u00a0report elaborato da [&hellip;]<\/p>\n","protected":false},"author":2,"featured_media":159776,"comment_status":"closed","ping_status":"open","sticky":false,"template":"","format":"standard","meta":{"footnotes":""},"categories":[36,26],"tags":[],"class_list":["post-160573","post","type-post","status-publish","format-standard","has-post-thumbnail","category-lavoro-economia","category-prima-pagina"],"yoast_head":"<!-- This site is optimized with the Yoast SEO plugin v28.4 - https:\/\/yoast.com\/product\/yoast-seo-wordpress\/ -->\n<title>Al via la stagione estiva a Cortina: prenotazioni su del 30% - Bellunopress - Dolomiti<\/title>\n<meta name=\"robots\" content=\"index, follow, max-snippet:-1, max-image-preview:large, max-video-preview:-1\" \/>\n<link rel=\"canonical\" href=\"https:\/\/www.bellunopress.it\/fr\/2025\/05\/30\/al-via-la-stagione-estiva-a-cortina-prenotazioni-su-del-30\/\" \/>\n<meta property=\"og:locale\" content=\"fr_FR\" \/>\n<meta property=\"og:type\" content=\"article\" \/>\n<meta property=\"og:title\" content=\"Al via la stagione estiva a Cortina: prenotazioni su del 30% - Bellunopress - Dolomiti\" \/>\n<meta property=\"og:description\" content=\"Cortina d\u2019Ampezzo, maggio 2025 &#8211; Con il ponte del 2 giugno\u00a0si apre ufficialmente la stagione estiva a Cortina, l\u2019ultima prima del lungo inverno Olimpico. Un banco di prova importante per la destinazione e in particolare per i\u00a0professionisti dell\u2019ospitalit\u00e0\u00a0che\u00a0tracciano\u00a0un\u00a0quadro\u00a0decisamente\u00a0incoraggiante\u00a0di quello che attende la Regina delle Dolomiti da qui ai prossimi tre mesi. Stando al\u00a0report elaborato da [&hellip;]\" \/>\n<meta property=\"og:url\" content=\"https:\/\/www.bellunopress.it\/fr\/2025\/05\/30\/al-via-la-stagione-estiva-a-cortina-prenotazioni-su-del-30\/\" \/>\n<meta property=\"og:site_name\" content=\"Bellunopress - Dolomiti\" \/>\n<meta property=\"article:publisher\" content=\"https:\/\/www.facebook.com\/profile.php?id=100008943462799\" \/>\n<meta property=\"article:published_time\" content=\"2025-05-30T11:00:04+00:00\" \/>\n<meta property=\"og:image\" content=\"https:\/\/www.bellunopress.it\/wp-content\/uploads\/2025\/04\/Sandra-Ruatti-Presidente-Ass-Albergatori-Cortina_edited.jpg\" \/>\n\t<meta property=\"og:image:width\" content=\"875\" \/>\n\t<meta property=\"og:image:height\" content=\"1000\" \/>\n\t<meta property=\"og:image:type\" content=\"image\/jpeg\" \/>\n<meta name=\"author\" content=\"redazione\" \/>\n<meta name=\"twitter:card\" content=\"summary_large_image\" \/>\n<meta name=\"twitter:creator\" content=\"@bellunopress\" \/>\n<meta name=\"twitter:site\" content=\"@bellunopress\" \/>\n<meta name=\"twitter:label1\" content=\"\u00c9crit par\" \/>\n\t<meta name=\"twitter:data1\" content=\"redazione\" \/>\n\t<meta name=\"twitter:label2\" content=\"Dur\u00e9e de lecture estim\u00e9e\" \/>\n\t<meta name=\"twitter:data2\" content=\"3 minutes\" \/>\n<script type=\"application\/ld+json\" class=\"yoast-schema-graph\">{\"@context\":\"https:\\\/\\\/schema.org\",\"@graph\":[{\"@type\":\"Article\",\"@id\":\"https:\\\/\\\/www.bellunopress.it\\\/2025\\\/05\\\/30\\\/al-via-la-stagione-estiva-a-cortina-prenotazioni-su-del-30\\\/#article\",\"isPartOf\":{\"@id\":\"https:\\\/\\\/www.bellunopress.it\\\/2025\\\/05\\\/30\\\/al-via-la-stagione-estiva-a-cortina-prenotazioni-su-del-30\\\/\"},\"author\":{\"name\":\"redazione\",\"@id\":\"https:\\\/\\\/www.bellunopress.it\\\/#\\\/schema\\\/person\\\/79bb06722b37ece1c03d3e94beb30d73\"},\"headline\":\"Al via la stagione estiva a Cortina: prenotazioni su del 30%\",\"datePublished\":\"2025-05-30T11:00:04+00:00\",\"mainEntityOfPage\":{\"@id\":\"https:\\\/\\\/www.bellunopress.it\\\/2025\\\/05\\\/30\\\/al-via-la-stagione-estiva-a-cortina-prenotazioni-su-del-30\\\/\"},\"wordCount\":575,\"publisher\":{\"@id\":\"https:\\\/\\\/www.bellunopress.it\\\/#organization\"},\"image\":{\"@id\":\"https:\\\/\\\/www.bellunopress.it\\\/2025\\\/05\\\/30\\\/al-via-la-stagione-estiva-a-cortina-prenotazioni-su-del-30\\\/#primaryimage\"},\"thumbnailUrl\":\"https:\\\/\\\/www.bellunopress.it\\\/wp-content\\\/uploads\\\/2025\\\/04\\\/Sandra-Ruatti-Presidente-Ass-Albergatori-Cortina_edited.jpg\",\"articleSection\":[\"Lavoro, Economia, Turismo\",\"Prima Pagina\"],\"inLanguage\":\"fr-FR\"},{\"@type\":\"WebPage\",\"@id\":\"https:\\\/\\\/www.bellunopress.it\\\/2025\\\/05\\\/30\\\/al-via-la-stagione-estiva-a-cortina-prenotazioni-su-del-30\\\/\",\"url\":\"https:\\\/\\\/www.bellunopress.it\\\/2025\\\/05\\\/30\\\/al-via-la-stagione-estiva-a-cortina-prenotazioni-su-del-30\\\/\",\"name\":\"Al via la stagione estiva a Cortina: prenotazioni su del 30% - Bellunopress - Dolomiti\",\"isPartOf\":{\"@id\":\"https:\\\/\\\/www.bellunopress.it\\\/#website\"},\"primaryImageOfPage\":{\"@id\":\"https:\\\/\\\/www.bellunopress.it\\\/2025\\\/05\\\/30\\\/al-via-la-stagione-estiva-a-cortina-prenotazioni-su-del-30\\\/#primaryimage\"},\"image\":{\"@id\":\"https:\\\/\\\/www.bellunopress.it\\\/2025\\\/05\\\/30\\\/al-via-la-stagione-estiva-a-cortina-prenotazioni-su-del-30\\\/#primaryimage\"},\"thumbnailUrl\":\"https:\\\/\\\/www.bellunopress.it\\\/wp-content\\\/uploads\\\/2025\\\/04\\\/Sandra-Ruatti-Presidente-Ass-Albergatori-Cortina_edited.jpg\",\"datePublished\":\"2025-05-30T11:00:04+00:00\",\"breadcrumb\":{\"@id\":\"https:\\\/\\\/www.bellunopress.it\\\/2025\\\/05\\\/30\\\/al-via-la-stagione-estiva-a-cortina-prenotazioni-su-del-30\\\/#breadcrumb\"},\"inLanguage\":\"fr-FR\",\"potentialAction\":[{\"@type\":\"ReadAction\",\"target\":[\"https:\\\/\\\/www.bellunopress.it\\\/2025\\\/05\\\/30\\\/al-via-la-stagione-estiva-a-cortina-prenotazioni-su-del-30\\\/\"]}]},{\"@type\":\"ImageObject\",\"inLanguage\":\"fr-FR\",\"@id\":\"https:\\\/\\\/www.bellunopress.it\\\/2025\\\/05\\\/30\\\/al-via-la-stagione-estiva-a-cortina-prenotazioni-su-del-30\\\/#primaryimage\",\"url\":\"https:\\\/\\\/www.bellunopress.it\\\/wp-content\\\/uploads\\\/2025\\\/04\\\/Sandra-Ruatti-Presidente-Ass-Albergatori-Cortina_edited.jpg\",\"contentUrl\":\"https:\\\/\\\/www.bellunopress.it\\\/wp-content\\\/uploads\\\/2025\\\/04\\\/Sandra-Ruatti-Presidente-Ass-Albergatori-Cortina_edited.jpg\",\"width\":875,\"height\":1000,\"caption\":\"Sandra Ruatti - Presidente Ass. Albergatori Cortina\"},{\"@type\":\"BreadcrumbList\",\"@id\":\"https:\\\/\\\/www.bellunopress.it\\\/2025\\\/05\\\/30\\\/al-via-la-stagione-estiva-a-cortina-prenotazioni-su-del-30\\\/#breadcrumb\",\"itemListElement\":[{\"@type\":\"ListItem\",\"position\":1,\"name\":\"Home\",\"item\":\"https:\\\/\\\/www.bellunopress.it\\\/\"},{\"@type\":\"ListItem\",\"position\":2,\"name\":\"Al via la stagione estiva a Cortina: prenotazioni su del 30%\"}]},{\"@type\":\"WebSite\",\"@id\":\"https:\\\/\\\/www.bellunopress.it\\\/#website\",\"url\":\"https:\\\/\\\/www.bellunopress.it\\\/\",\"name\":\"Bellunopress - Dolomiti\",\"description\":\"e-mail: redazione@bellunopress.it\",\"publisher\":{\"@id\":\"https:\\\/\\\/www.bellunopress.it\\\/#organization\"},\"potentialAction\":[{\"@type\":\"SearchAction\",\"target\":{\"@type\":\"EntryPoint\",\"urlTemplate\":\"https:\\\/\\\/www.bellunopress.it\\\/?s={search_term_string}\"},\"query-input\":{\"@type\":\"PropertyValueSpecification\",\"valueRequired\":true,\"valueName\":\"search_term_string\"}}],\"inLanguage\":\"fr-FR\"},{\"@type\":\"Organization\",\"@id\":\"https:\\\/\\\/www.bellunopress.it\\\/#organization\",\"name\":\"Bellunopress\",\"url\":\"https:\\\/\\\/www.bellunopress.it\\\/\",\"logo\":{\"@type\":\"ImageObject\",\"inLanguage\":\"fr-FR\",\"@id\":\"https:\\\/\\\/www.bellunopress.it\\\/#\\\/schema\\\/logo\\\/image\\\/\",\"url\":\"https:\\\/\\\/www.bellunopress.it\\\/wp-content\\\/uploads\\\/2011\\\/05\\\/cropped-logo-bellunopress-.jpg\",\"contentUrl\":\"https:\\\/\\\/www.bellunopress.it\\\/wp-content\\\/uploads\\\/2011\\\/05\\\/cropped-logo-bellunopress-.jpg\",\"width\":512,\"height\":512,\"caption\":\"Bellunopress\"},\"image\":{\"@id\":\"https:\\\/\\\/www.bellunopress.it\\\/#\\\/schema\\\/logo\\\/image\\\/\"},\"sameAs\":[\"https:\\\/\\\/www.facebook.com\\\/profile.php?id=100008943462799\",\"https:\\\/\\\/x.com\\\/bellunopress\",\"https:\\\/\\\/www.linkedin.com\\\/hp\\\/?dnr=JBzUWaJfMUw8vbXJJ2tVW5-I3jZKvC4wsoxE&amp;amp;amp;amp;amp;amp;trk=nav_responsive_tab_home\",\"https:\\\/\\\/www.youtube.com\\\/channel\\\/UCxL0wu1uN0_3_7hGG0306cw\"]},{\"@type\":\"Person\",\"@id\":\"https:\\\/\\\/www.bellunopress.it\\\/#\\\/schema\\\/person\\\/79bb06722b37ece1c03d3e94beb30d73\",\"name\":\"redazione\",\"image\":{\"@type\":\"ImageObject\",\"inLanguage\":\"fr-FR\",\"@id\":\"https:\\\/\\\/secure.gravatar.com\\\/avatar\\\/37d968a2e67a6fd04c169c4bdef102d0bc5d31b2546345219e348575eb80e9a0?s=96&d=mm&r=g\",\"url\":\"https:\\\/\\\/secure.gravatar.com\\\/avatar\\\/37d968a2e67a6fd04c169c4bdef102d0bc5d31b2546345219e348575eb80e9a0?s=96&d=mm&r=g\",\"contentUrl\":\"https:\\\/\\\/secure.gravatar.com\\\/avatar\\\/37d968a2e67a6fd04c169c4bdef102d0bc5d31b2546345219e348575eb80e9a0?s=96&d=mm&r=g\",\"caption\":\"redazione\"},\"sameAs\":[\"http:\\\/\\\/www.bellunopress.it\",\"https:\\\/\\\/x.com\\\/bellunopress\"],\"url\":\"https:\\\/\\\/www.bellunopress.it\\\/fr\\\/author\\\/redazione\\\/\"}]}<\/script>\n<!-- \/ Yoast SEO plugin. -->","yoast_head_json":{"title":"Al via la stagione estiva a Cortina: prenotazioni su del 30% - Bellunopress - Dolomiti","robots":{"index":"index","follow":"follow","max-snippet":"max-snippet:-1","max-image-preview":"max-image-preview:large","max-video-preview":"max-video-preview:-1"},"canonical":"https:\/\/www.bellunopress.it\/fr\/2025\/05\/30\/al-via-la-stagione-estiva-a-cortina-prenotazioni-su-del-30\/","og_locale":"fr_FR","og_type":"article","og_title":"Al via la stagione estiva a Cortina: prenotazioni su del 30% - Bellunopress - Dolomiti","og_description":"Cortina d\u2019Ampezzo, maggio 2025 &#8211; Con il ponte del 2 giugno\u00a0si apre ufficialmente la stagione estiva a Cortina, l\u2019ultima prima del lungo inverno Olimpico. Un banco di prova importante per la destinazione e in particolare per i\u00a0professionisti dell\u2019ospitalit\u00e0\u00a0che\u00a0tracciano\u00a0un\u00a0quadro\u00a0decisamente\u00a0incoraggiante\u00a0di quello che attende la Regina delle Dolomiti da qui ai prossimi tre mesi. Stando al\u00a0report elaborato da [&hellip;]","og_url":"https:\/\/www.bellunopress.it\/fr\/2025\/05\/30\/al-via-la-stagione-estiva-a-cortina-prenotazioni-su-del-30\/","og_site_name":"Bellunopress - Dolomiti","article_publisher":"https:\/\/www.facebook.com\/profile.php?id=100008943462799","article_published_time":"2025-05-30T11:00:04+00:00","og_image":[{"width":875,"height":1000,"url":"https:\/\/www.bellunopress.it\/wp-content\/uploads\/2025\/04\/Sandra-Ruatti-Presidente-Ass-Albergatori-Cortina_edited.jpg","type":"image\/jpeg"}],"author":"redazione","twitter_card":"summary_large_image","twitter_creator":"@bellunopress","twitter_site":"@bellunopress","twitter_misc":{"\u00c9crit par":"redazione","Dur\u00e9e de lecture estim\u00e9e":"3 minutes"},"schema":{"@context":"https:\/\/schema.org","@graph":[{"@type":"Article","@id":"https:\/\/www.bellunopress.it\/2025\/05\/30\/al-via-la-stagione-estiva-a-cortina-prenotazioni-su-del-30\/#article","isPartOf":{"@id":"https:\/\/www.bellunopress.it\/2025\/05\/30\/al-via-la-stagione-estiva-a-cortina-prenotazioni-su-del-30\/"},"author":{"name":"redazione","@id":"https:\/\/www.bellunopress.it\/#\/schema\/person\/79bb06722b37ece1c03d3e94beb30d73"},"headline":"Al via la stagione estiva a Cortina: prenotazioni su del 30%","datePublished":"2025-05-30T11:00:04+00:00","mainEntityOfPage":{"@id":"https:\/\/www.bellunopress.it\/2025\/05\/30\/al-via-la-stagione-estiva-a-cortina-prenotazioni-su-del-30\/"},"wordCount":575,"publisher":{"@id":"https:\/\/www.bellunopress.it\/#organization"},"image":{"@id":"https:\/\/www.bellunopress.it\/2025\/05\/30\/al-via-la-stagione-estiva-a-cortina-prenotazioni-su-del-30\/#primaryimage"},"thumbnailUrl":"https:\/\/www.bellunopress.it\/wp-content\/uploads\/2025\/04\/Sandra-Ruatti-Presidente-Ass-Albergatori-Cortina_edited.jpg","articleSection":["Lavoro, Economia, Turismo","Prima Pagina"],"inLanguage":"fr-FR"},{"@type":"WebPage","@id":"https:\/\/www.bellunopress.it\/2025\/05\/30\/al-via-la-stagione-estiva-a-cortina-prenotazioni-su-del-30\/","url":"https:\/\/www.bellunopress.it\/2025\/05\/30\/al-via-la-stagione-estiva-a-cortina-prenotazioni-su-del-30\/","name":"Al via la stagione estiva a Cortina: prenotazioni su del 30% - Bellunopress - Dolomiti","isPartOf":{"@id":"https:\/\/www.bellunopress.it\/#website"},"primaryImageOfPage":{"@id":"https:\/\/www.bellunopress.it\/2025\/05\/30\/al-via-la-stagione-estiva-a-cortina-prenotazioni-su-del-30\/#primaryimage"},"image":{"@id":"https:\/\/www.bellunopress.it\/2025\/05\/30\/al-via-la-stagione-estiva-a-cortina-prenotazioni-su-del-30\/#primaryimage"},"thumbnailUrl":"https:\/\/www.bellunopress.it\/wp-content\/uploads\/2025\/04\/Sandra-Ruatti-Presidente-Ass-Albergatori-Cortina_edited.jpg","datePublished":"2025-05-30T11:00:04+00:00","breadcrumb":{"@id":"https:\/\/www.bellunopress.it\/2025\/05\/30\/al-via-la-stagione-estiva-a-cortina-prenotazioni-su-del-30\/#breadcrumb"},"inLanguage":"fr-FR","potentialAction":[{"@type":"ReadAction","target":["https:\/\/www.bellunopress.it\/2025\/05\/30\/al-via-la-stagione-estiva-a-cortina-prenotazioni-su-del-30\/"]}]},{"@type":"ImageObject","inLanguage":"fr-FR","@id":"https:\/\/www.bellunopress.it\/2025\/05\/30\/al-via-la-stagione-estiva-a-cortina-prenotazioni-su-del-30\/#primaryimage","url":"https:\/\/www.bellunopress.it\/wp-content\/uploads\/2025\/04\/Sandra-Ruatti-Presidente-Ass-Albergatori-Cortina_edited.jpg","contentUrl":"https:\/\/www.bellunopress.it\/wp-content\/uploads\/2025\/04\/Sandra-Ruatti-Presidente-Ass-Albergatori-Cortina_edited.jpg","width":875,"height":1000,"caption":"Sandra Ruatti - Presidente Ass. Albergatori Cortina"},{"@type":"BreadcrumbList","@id":"https:\/\/www.bellunopress.it\/2025\/05\/30\/al-via-la-stagione-estiva-a-cortina-prenotazioni-su-del-30\/#breadcrumb","itemListElement":[{"@type":"ListItem","position":1,"name":"Home","item":"https:\/\/www.bellunopress.it\/"},{"@type":"ListItem","position":2,"name":"Al via la stagione estiva a Cortina: prenotazioni su del 30%"}]},{"@type":"WebSite","@id":"https:\/\/www.bellunopress.it\/#website","url":"https:\/\/www.bellunopress.it\/","name":"Bellunopress - Dolomiti","description":"e-mail: redazione@bellunopress.it","publisher":{"@id":"https:\/\/www.bellunopress.it\/#organization"},"potentialAction":[{"@type":"SearchAction","target":{"@type":"EntryPoint","urlTemplate":"https:\/\/www.bellunopress.it\/?s={search_term_string}"},"query-input":{"@type":"PropertyValueSpecification","valueRequired":true,"valueName":"search_term_string"}}],"inLanguage":"fr-FR"},{"@type":"Organization","@id":"https:\/\/www.bellunopress.it\/#organization","name":"Bellunopress","url":"https:\/\/www.bellunopress.it\/","logo":{"@type":"ImageObject","inLanguage":"fr-FR","@id":"https:\/\/www.bellunopress.it\/#\/schema\/logo\/image\/","url":"https:\/\/www.bellunopress.it\/wp-content\/uploads\/2011\/05\/cropped-logo-bellunopress-.jpg","contentUrl":"https:\/\/www.bellunopress.it\/wp-content\/uploads\/2011\/05\/cropped-logo-bellunopress-.jpg","width":512,"height":512,"caption":"Bellunopress"},"image":{"@id":"https:\/\/www.bellunopress.it\/#\/schema\/logo\/image\/"},"sameAs":["https:\/\/www.facebook.com\/profile.php?id=100008943462799","https:\/\/x.com\/bellunopress","https:\/\/www.linkedin.com\/hp\/?dnr=JBzUWaJfMUw8vbXJJ2tVW5-I3jZKvC4wsoxE&amp;amp;amp;amp;amp;amp;trk=nav_responsive_tab_home","https:\/\/www.youtube.com\/channel\/UCxL0wu1uN0_3_7hGG0306cw"]},{"@type":"Person","@id":"https:\/\/www.bellunopress.it\/#\/schema\/person\/79bb06722b37ece1c03d3e94beb30d73","name":"r\u00e9daction","image":{"@type":"ImageObject","inLanguage":"fr-FR","@id":"https:\/\/secure.gravatar.com\/avatar\/37d968a2e67a6fd04c169c4bdef102d0bc5d31b2546345219e348575eb80e9a0?s=96&d=mm&r=g","url":"https:\/\/secure.gravatar.com\/avatar\/37d968a2e67a6fd04c169c4bdef102d0bc5d31b2546345219e348575eb80e9a0?s=96&d=mm&r=g","contentUrl":"https:\/\/secure.gravatar.com\/avatar\/37d968a2e67a6fd04c169c4bdef102d0bc5d31b2546345219e348575eb80e9a0?s=96&d=mm&r=g","caption":"redazione"},"sameAs":["http:\/\/www.bellunopress.it","https:\/\/x.com\/bellunopress"],"url":"https:\/\/www.bellunopress.it\/fr\/author\/redazione\/"}]}},"_links":{"self":[{"href":"https:\/\/www.bellunopress.it\/fr\/wp-json\/wp\/v2\/posts\/160573","targetHints":{"allow":["GET"]}}],"collection":[{"href":"https:\/\/www.bellunopress.it\/fr\/wp-json\/wp\/v2\/posts"}],"about":[{"href":"https:\/\/www.bellunopress.it\/fr\/wp-json\/wp\/v2\/types\/post"}],"author":[{"embeddable":true,"href":"https:\/\/www.bellunopress.it\/fr\/wp-json\/wp\/v2\/users\/2"}],"replies":[{"embeddable":true,"href":"https:\/\/www.bellunopress.it\/fr\/wp-json\/wp\/v2\/comments?post=160573"}],"version-history":[{"count":1,"href":"https:\/\/www.bellunopress.it\/fr\/wp-json\/wp\/v2\/posts\/160573\/revisions"}],"predecessor-version":[{"id":160574,"href":"https:\/\/www.bellunopress.it\/fr\/wp-json\/wp\/v2\/posts\/160573\/revisions\/160574"}],"wp:featuredmedia":[{"embeddable":true,"href":"https:\/\/www.bellunopress.it\/fr\/wp-json\/wp\/v2\/media\/159776"}],"wp:attachment":[{"href":"https:\/\/www.bellunopress.it\/fr\/wp-json\/wp\/v2\/media?parent=160573"}],"wp:term":[{"taxonomy":"category","embeddable":true,"href":"https:\/\/www.bellunopress.it\/fr\/wp-json\/wp\/v2\/categories?post=160573"},{"taxonomy":"post_tag","embeddable":true,"href":"https:\/\/www.bellunopress.it\/fr\/wp-json\/wp\/v2\/tags?post=160573"}],"curies":[{"name":"wp","href":"https:\/\/api.w.org\/{rel}","templated":true}]}}