{"id":160571,"date":"2025-05-30T12:24:26","date_gmt":"2025-05-30T10:24:26","guid":{"rendered":"https:\/\/www.bellunopress.it\/?p=160571"},"modified":"2025-05-30T12:24:26","modified_gmt":"2025-05-30T10:24:26","slug":"la-mostra-dellartigianato-di-feltre-entra-a-far-parte-degli-eventi-dellolimpiade-culturale-di-milano-cortina-2026","status":"publish","type":"post","link":"https:\/\/www.bellunopress.it\/fr\/2025\/05\/30\/la-mostra-dellartigianato-di-feltre-entra-a-far-parte-degli-eventi-dellolimpiade-culturale-di-milano-cortina-2026\/","title":{"rendered":"La Mostra dell\u2019Artigianato di Feltre entra a far parte degli eventi dell\u2019Olimpiade Culturale di Milano Cortina 2026"},"content":{"rendered":"<p><strong><img loading=\"lazy\" decoding=\"async\" class=\"aligncenter size-full wp-image-151867\" src=\"https:\/\/www.bellunopress.it\/wp-content\/uploads\/2024\/06\/Apertura-Mostra-Artigianato-Feltre-2024_edited.jpg\" alt=\"\" width=\"1000\" height=\"563\" srcset=\"https:\/\/www.bellunopress.it\/wp-content\/uploads\/2024\/06\/Apertura-Mostra-Artigianato-Feltre-2024_edited.jpg 1000w, https:\/\/www.bellunopress.it\/wp-content\/uploads\/2024\/06\/Apertura-Mostra-Artigianato-Feltre-2024_edited-500x282.jpg 500w, https:\/\/www.bellunopress.it\/wp-content\/uploads\/2024\/06\/Apertura-Mostra-Artigianato-Feltre-2024_edited-746x420.jpg 746w, https:\/\/www.bellunopress.it\/wp-content\/uploads\/2024\/06\/Apertura-Mostra-Artigianato-Feltre-2024_edited-696x392.jpg 696w\" sizes=\"auto, (max-width: 1000px) 100vw, 1000px\" \/>Il presidente del Comitato Organizzatore Gesiot: \u201cUn riconoscimento che ci onora e ci stimola ulteriormente a crescere\u201d<\/strong><br \/>\n<strong>Domenico De Maio, di Fondazione Milano Cortina 2026: \u201cL\u2019ingresso della Mostra dell\u2019Artigianato Feltre nel programma dell\u2019Olimpiade Culturale rappresenta un tassello prezioso del nostro percorso verso i Giochi Invernali\u201d<\/strong><\/p>\n<p>A un mese dall\u2019apertura della 39esima edizione della Mostra dell\u2019Artigianato di Feltre, in programma da gioved\u00ec 26 a domenica 29 giugno, arriva per la manifestazione una notizia decisamente importante.<br \/>\nL\u2019evento \u00e8 stato infatti ammesso a far parte del calendario dell\u2019Olimpiade Culturale di Milano Cortina 2026, il programma multidisciplinare, plurale e diffuso che animer\u00e0 l\u2019Italia per promuovere i valori Olimpici e valorizzer\u00e0 il dialogo tra arte, cultura e sport, in vista dei Giochi Olimpici e Paralimpici Invernali che l\u2019Italia ospiter\u00e0 rispettivamente dal 6 al 22 febbraio e dal 6 al 15 marzo 2026.<\/p>\n<p>La Mostra dell\u2019Artigianato di Feltre, in occasione di questa speciale edizione, punter\u00e0 coinvolgere la comunit\u00e0 culturale in un progetto aperto e partecipato, che metta al centro artisti, operatori, enti e organizzazioni, valorizzando le eccellenze culturali e artistiche del nostro Paese nel segno delle Olimpiadi e Paralimpiadi di Milano Cortina 2026.<\/p>\n<p>\u201cE\u2019 un riconoscimento che ci onora e che ci stimola a lavorare con ancora ulteriore impegno perch\u00e9 questa 39esima edizione della Mostra si confermi all\u2019altezza della sua tradizione e delle attese\u201d, il primo commento del presidente del Comitato Organizzatore Luciano Gesiot, che aggiunge: \u201cL\u2019inclusione tra gli eventi dell\u2019Olimpiade Culturale di Milano Cortina 2026 risponde del resto alla perfezione alla filosofia e alle finalit\u00e0 con cui abbiamo pensato e costruito la manifestazione, che vedr\u00e0 i territori Olimpici al centro della rassegna\u201d.<br \/>\nMolti saranno infatti i legami che uniranno la Mostra all\u2019appuntamento Olimpico, dal tema della manifestazione, \u201cCampioni di Fascino\u201d, al tradizionale concorso di forgiatura, con i maestri del ferro battuto che saranno chiamati a confrontarsi sul tema \u201cVerso le Olimpiadi Invernali 2026: bellezza e forza nel gesto atletico\u201d.<\/p>\n<p>La manifestazione feltrina che condivide, con l\u2019appuntamento invernale a cinque cerchi, i Valori di Ispirare, Valorizzare e Promuovere, ospiter\u00e0 una mostra dedicata alle Eccellenze Artigiane dei territori e alle regioni coinvolte nelle gare Olimpiche.<br \/>\nPalazzo Guarnieri, la splendida location che costituisce uno dei lati dell\u2019anfiteatro naturale di Piazza Maggiore, sar\u00e0 infatti sede un grande evento espositivo dal titolo \u201cORO BIANCO | Alto Artigianato dei territori delle Olimpiadi 2026\u201d.<\/p>\n<p>E sempre Palazzo Guarnieri (quando i nomi non son causali\u2026) ospiter\u00e0 un\u2019esposizione di ricordi, immagini e cimeli legati a due personaggi feltrini che hanno intrecciato i loro destini con gli eventi Olimpici: Adriano Guarnieri, sciatore di buon livello che fu portabandiera italiano ai Giochi Invernali di Garmisch del 1936 e Gianni Guarnieri, grande appassionato &#8211; tra l\u2019altro &#8211; di sporti invernali, che figur\u00f2 tra i tedofori dell\u2019Olimpiade cortinese del 1956.<br \/>\nA completare il percorso di visita, l\u2019intera mostra sar\u00e0 articolata in cinque itinerari tematici, ispirati ai colori dei cinque cerchi Olimpici: un modo originale per entrate nel cuore dell\u2019esposizione e scoprire le tecniche e il saper fare autentico dell\u2019artigianato.<\/p>\n<p>Domenico De Maio, Education and Culture Director di Fondazione Milano Cortina 2026 ha commentato: \u201cL\u2019ingresso della Mostra dell\u2019Artigianato Artistico e Tradizionale di Feltre nel programma dell\u2019Olimpiade Culturale rappresenta un tassello prezioso del nostro percorso verso i Giochi Invernali che tra meno di un anno ospiteremo in Italia. Questa manifestazione incarna perfettamente i valori che vogliamo promuovere: la bellezza del gesto creativo, il legame profondo con i territori e la capacit\u00e0 dell\u2019arte e dell\u2019artigianato di raccontare storie di identit\u00e0, passione e talento. Siamo felici di accogliere Feltre e la sua storica Mostra tra gli eventi che accompagneranno il cammino culturale verso Milano Cortina 2026.\u201d<\/p>\n<p>&nbsp;<\/p>","protected":false},"excerpt":{"rendered":"<p>Il presidente del Comitato Organizzatore Gesiot: \u201cUn riconoscimento che ci onora e ci stimola ulteriormente a crescere\u201d Domenico De Maio, di Fondazione Milano Cortina 2026: \u201cL\u2019ingresso della Mostra dell\u2019Artigianato Feltre nel programma dell\u2019Olimpiade Culturale rappresenta un tassello prezioso del nostro percorso verso i Giochi Invernali\u201d A un mese dall\u2019apertura della 39esima edizione della Mostra dell\u2019Artigianato [&hellip;]<\/p>\n","protected":false},"author":2,"featured_media":151852,"comment_status":"closed","ping_status":"open","sticky":false,"template":"","format":"standard","meta":{"footnotes":""},"categories":[26,8],"tags":[],"class_list":["post-160571","post","type-post","status-publish","format-standard","has-post-thumbnail","category-prima-pagina","category-societa-istituzioni"],"yoast_head":"<!-- This site is optimized with the Yoast SEO plugin v28.4 - https:\/\/yoast.com\/product\/yoast-seo-wordpress\/ -->\n<title>La Mostra dell\u2019Artigianato di Feltre entra a far parte degli eventi dell\u2019Olimpiade Culturale di Milano Cortina 2026 - Bellunopress - Dolomiti<\/title>\n<meta name=\"robots\" content=\"index, follow, max-snippet:-1, max-image-preview:large, max-video-preview:-1\" \/>\n<link rel=\"canonical\" href=\"https:\/\/www.bellunopress.it\/fr\/2025\/05\/30\/la-mostra-dellartigianato-di-feltre-entra-a-far-parte-degli-eventi-dellolimpiade-culturale-di-milano-cortina-2026\/\" \/>\n<meta property=\"og:locale\" content=\"fr_FR\" \/>\n<meta property=\"og:type\" content=\"article\" \/>\n<meta property=\"og:title\" content=\"La Mostra dell\u2019Artigianato di Feltre entra a far parte degli eventi dell\u2019Olimpiade Culturale di Milano Cortina 2026 - Bellunopress - Dolomiti\" \/>\n<meta property=\"og:description\" content=\"Il presidente del Comitato Organizzatore Gesiot: \u201cUn riconoscimento che ci onora e ci stimola ulteriormente a crescere\u201d Domenico De Maio, di Fondazione Milano Cortina 2026: \u201cL\u2019ingresso della Mostra dell\u2019Artigianato Feltre nel programma dell\u2019Olimpiade Culturale rappresenta un tassello prezioso del nostro percorso verso i Giochi Invernali\u201d A un mese dall\u2019apertura della 39esima edizione della Mostra dell\u2019Artigianato [&hellip;]\" \/>\n<meta property=\"og:url\" content=\"https:\/\/www.bellunopress.it\/fr\/2025\/05\/30\/la-mostra-dellartigianato-di-feltre-entra-a-far-parte-degli-eventi-dellolimpiade-culturale-di-milano-cortina-2026\/\" \/>\n<meta property=\"og:site_name\" content=\"Bellunopress - Dolomiti\" \/>\n<meta property=\"article:publisher\" content=\"https:\/\/www.facebook.com\/profile.php?id=100008943462799\" \/>\n<meta property=\"article:published_time\" content=\"2025-05-30T10:24:26+00:00\" \/>\n<meta property=\"og:image\" content=\"https:\/\/www.bellunopress.it\/wp-content\/uploads\/2024\/06\/Mostra-artigianato-locale-feltre__edited.jpg\" \/>\n\t<meta property=\"og:image:width\" content=\"1000\" \/>\n\t<meta property=\"og:image:height\" content=\"668\" \/>\n\t<meta property=\"og:image:type\" content=\"image\/jpeg\" \/>\n<meta name=\"author\" content=\"redazione\" \/>\n<meta name=\"twitter:card\" content=\"summary_large_image\" \/>\n<meta name=\"twitter:creator\" content=\"@bellunopress\" \/>\n<meta name=\"twitter:site\" content=\"@bellunopress\" \/>\n<meta name=\"twitter:label1\" content=\"\u00c9crit par\" \/>\n\t<meta name=\"twitter:data1\" content=\"redazione\" \/>\n\t<meta name=\"twitter:label2\" content=\"Dur\u00e9e de lecture estim\u00e9e\" \/>\n\t<meta name=\"twitter:data2\" content=\"3 minutes\" \/>\n<script type=\"application\/ld+json\" class=\"yoast-schema-graph\">{\"@context\":\"https:\\\/\\\/schema.org\",\"@graph\":[{\"@type\":\"Article\",\"@id\":\"https:\\\/\\\/www.bellunopress.it\\\/2025\\\/05\\\/30\\\/la-mostra-dellartigianato-di-feltre-entra-a-far-parte-degli-eventi-dellolimpiade-culturale-di-milano-cortina-2026\\\/#article\",\"isPartOf\":{\"@id\":\"https:\\\/\\\/www.bellunopress.it\\\/2025\\\/05\\\/30\\\/la-mostra-dellartigianato-di-feltre-entra-a-far-parte-degli-eventi-dellolimpiade-culturale-di-milano-cortina-2026\\\/\"},\"author\":{\"name\":\"redazione\",\"@id\":\"https:\\\/\\\/www.bellunopress.it\\\/#\\\/schema\\\/person\\\/79bb06722b37ece1c03d3e94beb30d73\"},\"headline\":\"La Mostra dell\u2019Artigianato di Feltre entra a far parte degli eventi dell\u2019Olimpiade Culturale di Milano Cortina 2026\",\"datePublished\":\"2025-05-30T10:24:26+00:00\",\"mainEntityOfPage\":{\"@id\":\"https:\\\/\\\/www.bellunopress.it\\\/2025\\\/05\\\/30\\\/la-mostra-dellartigianato-di-feltre-entra-a-far-parte-degli-eventi-dellolimpiade-culturale-di-milano-cortina-2026\\\/\"},\"wordCount\":621,\"publisher\":{\"@id\":\"https:\\\/\\\/www.bellunopress.it\\\/#organization\"},\"image\":{\"@id\":\"https:\\\/\\\/www.bellunopress.it\\\/2025\\\/05\\\/30\\\/la-mostra-dellartigianato-di-feltre-entra-a-far-parte-degli-eventi-dellolimpiade-culturale-di-milano-cortina-2026\\\/#primaryimage\"},\"thumbnailUrl\":\"https:\\\/\\\/www.bellunopress.it\\\/wp-content\\\/uploads\\\/2024\\\/06\\\/Mostra-artigianato-locale-feltre__edited.jpg\",\"articleSection\":[\"Prima Pagina\",\"Societ\u00e0, Associazioni, Istituzioni\"],\"inLanguage\":\"fr-FR\"},{\"@type\":\"WebPage\",\"@id\":\"https:\\\/\\\/www.bellunopress.it\\\/2025\\\/05\\\/30\\\/la-mostra-dellartigianato-di-feltre-entra-a-far-parte-degli-eventi-dellolimpiade-culturale-di-milano-cortina-2026\\\/\",\"url\":\"https:\\\/\\\/www.bellunopress.it\\\/2025\\\/05\\\/30\\\/la-mostra-dellartigianato-di-feltre-entra-a-far-parte-degli-eventi-dellolimpiade-culturale-di-milano-cortina-2026\\\/\",\"name\":\"La Mostra dell\u2019Artigianato di Feltre entra a far parte degli eventi dell\u2019Olimpiade Culturale di Milano Cortina 2026 - Bellunopress - Dolomiti\",\"isPartOf\":{\"@id\":\"https:\\\/\\\/www.bellunopress.it\\\/#website\"},\"primaryImageOfPage\":{\"@id\":\"https:\\\/\\\/www.bellunopress.it\\\/2025\\\/05\\\/30\\\/la-mostra-dellartigianato-di-feltre-entra-a-far-parte-degli-eventi-dellolimpiade-culturale-di-milano-cortina-2026\\\/#primaryimage\"},\"image\":{\"@id\":\"https:\\\/\\\/www.bellunopress.it\\\/2025\\\/05\\\/30\\\/la-mostra-dellartigianato-di-feltre-entra-a-far-parte-degli-eventi-dellolimpiade-culturale-di-milano-cortina-2026\\\/#primaryimage\"},\"thumbnailUrl\":\"https:\\\/\\\/www.bellunopress.it\\\/wp-content\\\/uploads\\\/2024\\\/06\\\/Mostra-artigianato-locale-feltre__edited.jpg\",\"datePublished\":\"2025-05-30T10:24:26+00:00\",\"breadcrumb\":{\"@id\":\"https:\\\/\\\/www.bellunopress.it\\\/2025\\\/05\\\/30\\\/la-mostra-dellartigianato-di-feltre-entra-a-far-parte-degli-eventi-dellolimpiade-culturale-di-milano-cortina-2026\\\/#breadcrumb\"},\"inLanguage\":\"fr-FR\",\"potentialAction\":[{\"@type\":\"ReadAction\",\"target\":[\"https:\\\/\\\/www.bellunopress.it\\\/2025\\\/05\\\/30\\\/la-mostra-dellartigianato-di-feltre-entra-a-far-parte-degli-eventi-dellolimpiade-culturale-di-milano-cortina-2026\\\/\"]}]},{\"@type\":\"ImageObject\",\"inLanguage\":\"fr-FR\",\"@id\":\"https:\\\/\\\/www.bellunopress.it\\\/2025\\\/05\\\/30\\\/la-mostra-dellartigianato-di-feltre-entra-a-far-parte-degli-eventi-dellolimpiade-culturale-di-milano-cortina-2026\\\/#primaryimage\",\"url\":\"https:\\\/\\\/www.bellunopress.it\\\/wp-content\\\/uploads\\\/2024\\\/06\\\/Mostra-artigianato-locale-feltre__edited.jpg\",\"contentUrl\":\"https:\\\/\\\/www.bellunopress.it\\\/wp-content\\\/uploads\\\/2024\\\/06\\\/Mostra-artigianato-locale-feltre__edited.jpg\",\"width\":1000,\"height\":668,\"caption\":\"Mostra dell'artigianato a Feltre\"},{\"@type\":\"BreadcrumbList\",\"@id\":\"https:\\\/\\\/www.bellunopress.it\\\/2025\\\/05\\\/30\\\/la-mostra-dellartigianato-di-feltre-entra-a-far-parte-degli-eventi-dellolimpiade-culturale-di-milano-cortina-2026\\\/#breadcrumb\",\"itemListElement\":[{\"@type\":\"ListItem\",\"position\":1,\"name\":\"Home\",\"item\":\"https:\\\/\\\/www.bellunopress.it\\\/\"},{\"@type\":\"ListItem\",\"position\":2,\"name\":\"La Mostra dell\u2019Artigianato di Feltre entra a far parte degli eventi dell\u2019Olimpiade Culturale di Milano Cortina 2026\"}]},{\"@type\":\"WebSite\",\"@id\":\"https:\\\/\\\/www.bellunopress.it\\\/#website\",\"url\":\"https:\\\/\\\/www.bellunopress.it\\\/\",\"name\":\"Bellunopress - Dolomiti\",\"description\":\"e-mail: redazione@bellunopress.it\",\"publisher\":{\"@id\":\"https:\\\/\\\/www.bellunopress.it\\\/#organization\"},\"potentialAction\":[{\"@type\":\"SearchAction\",\"target\":{\"@type\":\"EntryPoint\",\"urlTemplate\":\"https:\\\/\\\/www.bellunopress.it\\\/?s={search_term_string}\"},\"query-input\":{\"@type\":\"PropertyValueSpecification\",\"valueRequired\":true,\"valueName\":\"search_term_string\"}}],\"inLanguage\":\"fr-FR\"},{\"@type\":\"Organization\",\"@id\":\"https:\\\/\\\/www.bellunopress.it\\\/#organization\",\"name\":\"Bellunopress\",\"url\":\"https:\\\/\\\/www.bellunopress.it\\\/\",\"logo\":{\"@type\":\"ImageObject\",\"inLanguage\":\"fr-FR\",\"@id\":\"https:\\\/\\\/www.bellunopress.it\\\/#\\\/schema\\\/logo\\\/image\\\/\",\"url\":\"https:\\\/\\\/www.bellunopress.it\\\/wp-content\\\/uploads\\\/2011\\\/05\\\/cropped-logo-bellunopress-.jpg\",\"contentUrl\":\"https:\\\/\\\/www.bellunopress.it\\\/wp-content\\\/uploads\\\/2011\\\/05\\\/cropped-logo-bellunopress-.jpg\",\"width\":512,\"height\":512,\"caption\":\"Bellunopress\"},\"image\":{\"@id\":\"https:\\\/\\\/www.bellunopress.it\\\/#\\\/schema\\\/logo\\\/image\\\/\"},\"sameAs\":[\"https:\\\/\\\/www.facebook.com\\\/profile.php?id=100008943462799\",\"https:\\\/\\\/x.com\\\/bellunopress\",\"https:\\\/\\\/www.linkedin.com\\\/hp\\\/?dnr=JBzUWaJfMUw8vbXJJ2tVW5-I3jZKvC4wsoxE&amp;amp;amp;amp;amp;amp;trk=nav_responsive_tab_home\",\"https:\\\/\\\/www.youtube.com\\\/channel\\\/UCxL0wu1uN0_3_7hGG0306cw\"]},{\"@type\":\"Person\",\"@id\":\"https:\\\/\\\/www.bellunopress.it\\\/#\\\/schema\\\/person\\\/79bb06722b37ece1c03d3e94beb30d73\",\"name\":\"redazione\",\"image\":{\"@type\":\"ImageObject\",\"inLanguage\":\"fr-FR\",\"@id\":\"https:\\\/\\\/secure.gravatar.com\\\/avatar\\\/37d968a2e67a6fd04c169c4bdef102d0bc5d31b2546345219e348575eb80e9a0?s=96&d=mm&r=g\",\"url\":\"https:\\\/\\\/secure.gravatar.com\\\/avatar\\\/37d968a2e67a6fd04c169c4bdef102d0bc5d31b2546345219e348575eb80e9a0?s=96&d=mm&r=g\",\"contentUrl\":\"https:\\\/\\\/secure.gravatar.com\\\/avatar\\\/37d968a2e67a6fd04c169c4bdef102d0bc5d31b2546345219e348575eb80e9a0?s=96&d=mm&r=g\",\"caption\":\"redazione\"},\"sameAs\":[\"http:\\\/\\\/www.bellunopress.it\",\"https:\\\/\\\/x.com\\\/bellunopress\"],\"url\":\"https:\\\/\\\/www.bellunopress.it\\\/fr\\\/author\\\/redazione\\\/\"}]}<\/script>\n<!-- \/ Yoast SEO plugin. -->","yoast_head_json":{"title":"La Mostra dell\u2019Artigianato di Feltre entra a far parte degli eventi dell\u2019Olimpiade Culturale di Milano Cortina 2026 - Bellunopress - Dolomiti","robots":{"index":"index","follow":"follow","max-snippet":"max-snippet:-1","max-image-preview":"max-image-preview:large","max-video-preview":"max-video-preview:-1"},"canonical":"https:\/\/www.bellunopress.it\/fr\/2025\/05\/30\/la-mostra-dellartigianato-di-feltre-entra-a-far-parte-degli-eventi-dellolimpiade-culturale-di-milano-cortina-2026\/","og_locale":"fr_FR","og_type":"article","og_title":"La Mostra dell\u2019Artigianato di Feltre entra a far parte degli eventi dell\u2019Olimpiade Culturale di Milano Cortina 2026 - Bellunopress - Dolomiti","og_description":"Il presidente del Comitato Organizzatore Gesiot: \u201cUn riconoscimento che ci onora e ci stimola ulteriormente a crescere\u201d Domenico De Maio, di Fondazione Milano Cortina 2026: \u201cL\u2019ingresso della Mostra dell\u2019Artigianato Feltre nel programma dell\u2019Olimpiade Culturale rappresenta un tassello prezioso del nostro percorso verso i Giochi Invernali\u201d A un mese dall\u2019apertura della 39esima edizione della Mostra dell\u2019Artigianato [&hellip;]","og_url":"https:\/\/www.bellunopress.it\/fr\/2025\/05\/30\/la-mostra-dellartigianato-di-feltre-entra-a-far-parte-degli-eventi-dellolimpiade-culturale-di-milano-cortina-2026\/","og_site_name":"Bellunopress - Dolomiti","article_publisher":"https:\/\/www.facebook.com\/profile.php?id=100008943462799","article_published_time":"2025-05-30T10:24:26+00:00","og_image":[{"width":1000,"height":668,"url":"https:\/\/www.bellunopress.it\/wp-content\/uploads\/2024\/06\/Mostra-artigianato-locale-feltre__edited.jpg","type":"image\/jpeg"}],"author":"redazione","twitter_card":"summary_large_image","twitter_creator":"@bellunopress","twitter_site":"@bellunopress","twitter_misc":{"\u00c9crit par":"redazione","Dur\u00e9e de lecture estim\u00e9e":"3 minutes"},"schema":{"@context":"https:\/\/schema.org","@graph":[{"@type":"Article","@id":"https:\/\/www.bellunopress.it\/2025\/05\/30\/la-mostra-dellartigianato-di-feltre-entra-a-far-parte-degli-eventi-dellolimpiade-culturale-di-milano-cortina-2026\/#article","isPartOf":{"@id":"https:\/\/www.bellunopress.it\/2025\/05\/30\/la-mostra-dellartigianato-di-feltre-entra-a-far-parte-degli-eventi-dellolimpiade-culturale-di-milano-cortina-2026\/"},"author":{"name":"redazione","@id":"https:\/\/www.bellunopress.it\/#\/schema\/person\/79bb06722b37ece1c03d3e94beb30d73"},"headline":"La Mostra dell\u2019Artigianato di Feltre entra a far parte degli eventi dell\u2019Olimpiade Culturale di Milano Cortina 2026","datePublished":"2025-05-30T10:24:26+00:00","mainEntityOfPage":{"@id":"https:\/\/www.bellunopress.it\/2025\/05\/30\/la-mostra-dellartigianato-di-feltre-entra-a-far-parte-degli-eventi-dellolimpiade-culturale-di-milano-cortina-2026\/"},"wordCount":621,"publisher":{"@id":"https:\/\/www.bellunopress.it\/#organization"},"image":{"@id":"https:\/\/www.bellunopress.it\/2025\/05\/30\/la-mostra-dellartigianato-di-feltre-entra-a-far-parte-degli-eventi-dellolimpiade-culturale-di-milano-cortina-2026\/#primaryimage"},"thumbnailUrl":"https:\/\/www.bellunopress.it\/wp-content\/uploads\/2024\/06\/Mostra-artigianato-locale-feltre__edited.jpg","articleSection":["Prima Pagina","Societ\u00e0, Associazioni, Istituzioni"],"inLanguage":"fr-FR"},{"@type":"WebPage","@id":"https:\/\/www.bellunopress.it\/2025\/05\/30\/la-mostra-dellartigianato-di-feltre-entra-a-far-parte-degli-eventi-dellolimpiade-culturale-di-milano-cortina-2026\/","url":"https:\/\/www.bellunopress.it\/2025\/05\/30\/la-mostra-dellartigianato-di-feltre-entra-a-far-parte-degli-eventi-dellolimpiade-culturale-di-milano-cortina-2026\/","name":"La Mostra dell\u2019Artigianato di Feltre entra a far parte degli eventi dell\u2019Olimpiade Culturale di Milano Cortina 2026 - Bellunopress - Dolomiti","isPartOf":{"@id":"https:\/\/www.bellunopress.it\/#website"},"primaryImageOfPage":{"@id":"https:\/\/www.bellunopress.it\/2025\/05\/30\/la-mostra-dellartigianato-di-feltre-entra-a-far-parte-degli-eventi-dellolimpiade-culturale-di-milano-cortina-2026\/#primaryimage"},"image":{"@id":"https:\/\/www.bellunopress.it\/2025\/05\/30\/la-mostra-dellartigianato-di-feltre-entra-a-far-parte-degli-eventi-dellolimpiade-culturale-di-milano-cortina-2026\/#primaryimage"},"thumbnailUrl":"https:\/\/www.bellunopress.it\/wp-content\/uploads\/2024\/06\/Mostra-artigianato-locale-feltre__edited.jpg","datePublished":"2025-05-30T10:24:26+00:00","breadcrumb":{"@id":"https:\/\/www.bellunopress.it\/2025\/05\/30\/la-mostra-dellartigianato-di-feltre-entra-a-far-parte-degli-eventi-dellolimpiade-culturale-di-milano-cortina-2026\/#breadcrumb"},"inLanguage":"fr-FR","potentialAction":[{"@type":"ReadAction","target":["https:\/\/www.bellunopress.it\/2025\/05\/30\/la-mostra-dellartigianato-di-feltre-entra-a-far-parte-degli-eventi-dellolimpiade-culturale-di-milano-cortina-2026\/"]}]},{"@type":"ImageObject","inLanguage":"fr-FR","@id":"https:\/\/www.bellunopress.it\/2025\/05\/30\/la-mostra-dellartigianato-di-feltre-entra-a-far-parte-degli-eventi-dellolimpiade-culturale-di-milano-cortina-2026\/#primaryimage","url":"https:\/\/www.bellunopress.it\/wp-content\/uploads\/2024\/06\/Mostra-artigianato-locale-feltre__edited.jpg","contentUrl":"https:\/\/www.bellunopress.it\/wp-content\/uploads\/2024\/06\/Mostra-artigianato-locale-feltre__edited.jpg","width":1000,"height":668,"caption":"Mostra dell'artigianato a Feltre"},{"@type":"BreadcrumbList","@id":"https:\/\/www.bellunopress.it\/2025\/05\/30\/la-mostra-dellartigianato-di-feltre-entra-a-far-parte-degli-eventi-dellolimpiade-culturale-di-milano-cortina-2026\/#breadcrumb","itemListElement":[{"@type":"ListItem","position":1,"name":"Home","item":"https:\/\/www.bellunopress.it\/"},{"@type":"ListItem","position":2,"name":"La Mostra dell\u2019Artigianato di Feltre entra a far parte degli eventi dell\u2019Olimpiade Culturale di Milano Cortina 2026"}]},{"@type":"WebSite","@id":"https:\/\/www.bellunopress.it\/#website","url":"https:\/\/www.bellunopress.it\/","name":"Bellunopress - Dolomiti","description":"e-mail: redazione@bellunopress.it","publisher":{"@id":"https:\/\/www.bellunopress.it\/#organization"},"potentialAction":[{"@type":"SearchAction","target":{"@type":"EntryPoint","urlTemplate":"https:\/\/www.bellunopress.it\/?s={search_term_string}"},"query-input":{"@type":"PropertyValueSpecification","valueRequired":true,"valueName":"search_term_string"}}],"inLanguage":"fr-FR"},{"@type":"Organization","@id":"https:\/\/www.bellunopress.it\/#organization","name":"Bellunopress","url":"https:\/\/www.bellunopress.it\/","logo":{"@type":"ImageObject","inLanguage":"fr-FR","@id":"https:\/\/www.bellunopress.it\/#\/schema\/logo\/image\/","url":"https:\/\/www.bellunopress.it\/wp-content\/uploads\/2011\/05\/cropped-logo-bellunopress-.jpg","contentUrl":"https:\/\/www.bellunopress.it\/wp-content\/uploads\/2011\/05\/cropped-logo-bellunopress-.jpg","width":512,"height":512,"caption":"Bellunopress"},"image":{"@id":"https:\/\/www.bellunopress.it\/#\/schema\/logo\/image\/"},"sameAs":["https:\/\/www.facebook.com\/profile.php?id=100008943462799","https:\/\/x.com\/bellunopress","https:\/\/www.linkedin.com\/hp\/?dnr=JBzUWaJfMUw8vbXJJ2tVW5-I3jZKvC4wsoxE&amp;amp;amp;amp;amp;amp;trk=nav_responsive_tab_home","https:\/\/www.youtube.com\/channel\/UCxL0wu1uN0_3_7hGG0306cw"]},{"@type":"Person","@id":"https:\/\/www.bellunopress.it\/#\/schema\/person\/79bb06722b37ece1c03d3e94beb30d73","name":"r\u00e9daction","image":{"@type":"ImageObject","inLanguage":"fr-FR","@id":"https:\/\/secure.gravatar.com\/avatar\/37d968a2e67a6fd04c169c4bdef102d0bc5d31b2546345219e348575eb80e9a0?s=96&d=mm&r=g","url":"https:\/\/secure.gravatar.com\/avatar\/37d968a2e67a6fd04c169c4bdef102d0bc5d31b2546345219e348575eb80e9a0?s=96&d=mm&r=g","contentUrl":"https:\/\/secure.gravatar.com\/avatar\/37d968a2e67a6fd04c169c4bdef102d0bc5d31b2546345219e348575eb80e9a0?s=96&d=mm&r=g","caption":"redazione"},"sameAs":["http:\/\/www.bellunopress.it","https:\/\/x.com\/bellunopress"],"url":"https:\/\/www.bellunopress.it\/fr\/author\/redazione\/"}]}},"_links":{"self":[{"href":"https:\/\/www.bellunopress.it\/fr\/wp-json\/wp\/v2\/posts\/160571","targetHints":{"allow":["GET"]}}],"collection":[{"href":"https:\/\/www.bellunopress.it\/fr\/wp-json\/wp\/v2\/posts"}],"about":[{"href":"https:\/\/www.bellunopress.it\/fr\/wp-json\/wp\/v2\/types\/post"}],"author":[{"embeddable":true,"href":"https:\/\/www.bellunopress.it\/fr\/wp-json\/wp\/v2\/users\/2"}],"replies":[{"embeddable":true,"href":"https:\/\/www.bellunopress.it\/fr\/wp-json\/wp\/v2\/comments?post=160571"}],"version-history":[{"count":1,"href":"https:\/\/www.bellunopress.it\/fr\/wp-json\/wp\/v2\/posts\/160571\/revisions"}],"predecessor-version":[{"id":160572,"href":"https:\/\/www.bellunopress.it\/fr\/wp-json\/wp\/v2\/posts\/160571\/revisions\/160572"}],"wp:featuredmedia":[{"embeddable":true,"href":"https:\/\/www.bellunopress.it\/fr\/wp-json\/wp\/v2\/media\/151852"}],"wp:attachment":[{"href":"https:\/\/www.bellunopress.it\/fr\/wp-json\/wp\/v2\/media?parent=160571"}],"wp:term":[{"taxonomy":"category","embeddable":true,"href":"https:\/\/www.bellunopress.it\/fr\/wp-json\/wp\/v2\/categories?post=160571"},{"taxonomy":"post_tag","embeddable":true,"href":"https:\/\/www.bellunopress.it\/fr\/wp-json\/wp\/v2\/tags?post=160571"}],"curies":[{"name":"wp","href":"https:\/\/api.w.org\/{rel}","templated":true}]}}