{"id":160539,"date":"2025-05-29T15:07:41","date_gmt":"2025-05-29T13:07:41","guid":{"rendered":"https:\/\/www.bellunopress.it\/?p=160539"},"modified":"2025-05-29T15:07:41","modified_gmt":"2025-05-29T13:07:41","slug":"referendum-8-e-9-giugno-venerdi-alle-18-in-sala-ascom-di-belluno-il-prof-lorenzo-zamponi","status":"publish","type":"post","link":"https:\/\/www.bellunopress.it\/fr\/2025\/05\/29\/referendum-8-e-9-giugno-venerdi-alle-18-in-sala-ascom-di-belluno-il-prof-lorenzo-zamponi\/","title":{"rendered":"Referendum 8 e 9 giugno. Venerd\u00ec alle 18 in Sala Ascom di Belluno il prof. Lorenzo Zamponi"},"content":{"rendered":"<p><strong><img loading=\"lazy\" decoding=\"async\" class=\"aligncenter size-full wp-image-160540\" src=\"https:\/\/www.bellunopress.it\/wp-content\/uploads\/2025\/05\/referendum_edited.jpg\" alt=\"\" width=\"752\" height=\"1000\" srcset=\"https:\/\/www.bellunopress.it\/wp-content\/uploads\/2025\/05\/referendum_edited.jpg 752w, https:\/\/www.bellunopress.it\/wp-content\/uploads\/2025\/05\/referendum_edited-376x500.jpg 376w, https:\/\/www.bellunopress.it\/wp-content\/uploads\/2025\/05\/referendum_edited-316x420.jpg 316w, https:\/\/www.bellunopress.it\/wp-content\/uploads\/2025\/05\/referendum_edited-696x926.jpg 696w\" sizes=\"auto, (max-width: 752px) 100vw, 752px\" \/>Il referendum spiegato dal prof. Lorenzo Zamponi<\/strong><\/p>\n<p>Venerd\u00ec 30 Maggio alle ore 18 nella sala \u201cASCOM\u201d (Via Ostilio 8\/B) a Belluno si terr\u00e0 l\u2019incontro dal titolo \u201cFondata sul lavoro\u201d promosso da CGIL Belluno, Insieme per Belluno e Sinistra Italiana\/AVS Belluno e rientrante nelle iniziative di informazione sui cinque<br \/>\nquesiti referendari per i quali si voter\u00e0 i prossimi 8 e 9 Giugno 2025.<\/p>\n<p>L\u2019incontro approfondir\u00e0 i primi quattro quesiti referendari incentrati sulle tematiche del Lavoro grazie all\u2019intervento del prof. Lorenzo Zamponi, docente di Sociologia della \u201cScuola Normale\u201d di Pisa: il docente si o c cupa p rin cipalmen te di movimen ti sociali, partecipazione politica e memoria collettiva. Ha pubblicato articoli peer-reviewed e saggi sulle forme contemporanee di mobilitazione e partecipazione.<\/p>\n<p>\u201cCosa abbiamo imparato da tante vicende di mobilitazione dei lavoratori atipici, a tempo, ipersfruttati? Che la lotta \u00e8 possibile anche per gli \u00abinorganizzabili\u00bb. Inoltre, il lavoro delle reti mutualistiche cresciuto in questi anni ribalta l\u2019assunto della destra: i poveri non sono soggetti passivi, quando va bene da aiutare paternalisticamente, ma possono<br \/>\nriprendere in mano il proprio destino. La working class non \u00e8 di per s\u00e9 reazionaria, ma chiede messaggi universalisti in cui identificarsi\u201d afferma Lorenzo Zamponi in uno dei suoi articoli sulla rivista \u201cJacobin\u201d (edizioni Alegre).<\/p>\n<p>Paolo Perenzin segretario provinciale di SI Belluno, Lucia Olivotto capogruppo di Insieme per Belluno e Denise Casanova segretaria generale della CGIL, dichiarano quelle che sono le ragioni e gli scopi di questa iniziativa: \u201cI primi quattro quesiti referendari riguardano i diritti sociali e del Lavoro: rendere obbligatorio il reintegro dei lavoratori licenziati in modo<br \/>\nillegittimo, fermare il precariato, agire in modo fattivo contro gli incidenti sul lavoro e le morti sul lavoro.<\/p>\n<p>Dignit\u00e0, tutela, sicurezza, stabilit\u00e0: le quattro parole d\u2019ordine che possono diventare realt\u00e0 con il S\u00ec gi\u00e0 il giorno dopo lo svolgimento dei referendum\u201d La campagna di mobilitazione per i \u201c5 S\u00ec\u201d al referendum dell\u20198 e 9 Giugno continuer\u00e0 fino al 6 Giugno nelle piazze e nei mercati della provincia bellunese con i banchetti e i gazebo degli attivisti di Sinistra Italiana\/AVS Belluno e della Camera del lavoro Bellunese (CGIL).<br \/>\nChi desiderasse maggiori informazioni, pu\u00f2 scrivere all\u2019indirizzo mail si.belluno@gmail.com oppure visionare la pagina Instagram @si.belluno o Facebook Sinistra Italiana\/AVS Belluno.<\/p>","protected":false},"excerpt":{"rendered":"<p>Il referendum spiegato dal prof. Lorenzo Zamponi Venerd\u00ec 30 Maggio alle ore 18 nella sala \u201cASCOM\u201d (Via Ostilio 8\/B) a Belluno si terr\u00e0 l\u2019incontro dal titolo \u201cFondata sul lavoro\u201d promosso da CGIL Belluno, Insieme per Belluno e Sinistra Italiana\/AVS Belluno e rientrante nelle iniziative di informazione sui cinque quesiti referendari per i quali si voter\u00e0 [&hellip;]<\/p>\n","protected":false},"author":2,"featured_media":160540,"comment_status":"closed","ping_status":"open","sticky":false,"template":"","format":"standard","meta":{"footnotes":""},"categories":[8],"tags":[],"class_list":["post-160539","post","type-post","status-publish","format-standard","has-post-thumbnail","category-societa-istituzioni"],"yoast_head":"<!-- This site is optimized with the Yoast SEO plugin v28.4 - https:\/\/yoast.com\/product\/yoast-seo-wordpress\/ -->\n<title>Referendum 8 e 9 giugno. Venerd\u00ec alle 18 in Sala Ascom di Belluno il prof. Lorenzo Zamponi - Bellunopress - Dolomiti<\/title>\n<meta name=\"robots\" content=\"index, follow, max-snippet:-1, max-image-preview:large, max-video-preview:-1\" \/>\n<link rel=\"canonical\" href=\"https:\/\/www.bellunopress.it\/fr\/2025\/05\/29\/referendum-8-e-9-giugno-venerdi-alle-18-in-sala-ascom-di-belluno-il-prof-lorenzo-zamponi\/\" \/>\n<meta property=\"og:locale\" content=\"fr_FR\" \/>\n<meta property=\"og:type\" content=\"article\" \/>\n<meta property=\"og:title\" content=\"Referendum 8 e 9 giugno. Venerd\u00ec alle 18 in Sala Ascom di Belluno il prof. Lorenzo Zamponi - Bellunopress - Dolomiti\" \/>\n<meta property=\"og:description\" content=\"Il referendum spiegato dal prof. Lorenzo Zamponi Venerd\u00ec 30 Maggio alle ore 18 nella sala \u201cASCOM\u201d (Via Ostilio 8\/B) a Belluno si terr\u00e0 l\u2019incontro dal titolo \u201cFondata sul lavoro\u201d promosso da CGIL Belluno, Insieme per Belluno e Sinistra Italiana\/AVS Belluno e rientrante nelle iniziative di informazione sui cinque quesiti referendari per i quali si voter\u00e0 [&hellip;]\" \/>\n<meta property=\"og:url\" content=\"https:\/\/www.bellunopress.it\/fr\/2025\/05\/29\/referendum-8-e-9-giugno-venerdi-alle-18-in-sala-ascom-di-belluno-il-prof-lorenzo-zamponi\/\" \/>\n<meta property=\"og:site_name\" content=\"Bellunopress - Dolomiti\" \/>\n<meta property=\"article:publisher\" content=\"https:\/\/www.facebook.com\/profile.php?id=100008943462799\" \/>\n<meta property=\"article:published_time\" content=\"2025-05-29T13:07:41+00:00\" \/>\n<meta property=\"og:image\" content=\"https:\/\/www.bellunopress.it\/wp-content\/uploads\/2025\/05\/referendum_edited.jpg\" \/>\n\t<meta property=\"og:image:width\" content=\"752\" \/>\n\t<meta property=\"og:image:height\" content=\"1000\" \/>\n\t<meta property=\"og:image:type\" content=\"image\/jpeg\" \/>\n<meta name=\"author\" content=\"redazione\" \/>\n<meta name=\"twitter:card\" content=\"summary_large_image\" \/>\n<meta name=\"twitter:creator\" content=\"@bellunopress\" \/>\n<meta name=\"twitter:site\" content=\"@bellunopress\" \/>\n<meta name=\"twitter:label1\" content=\"\u00c9crit par\" \/>\n\t<meta name=\"twitter:data1\" content=\"redazione\" \/>\n\t<meta name=\"twitter:label2\" content=\"Dur\u00e9e de lecture estim\u00e9e\" \/>\n\t<meta name=\"twitter:data2\" content=\"2 minutes\" \/>\n<script type=\"application\/ld+json\" class=\"yoast-schema-graph\">{\"@context\":\"https:\\\/\\\/schema.org\",\"@graph\":[{\"@type\":\"Article\",\"@id\":\"https:\\\/\\\/www.bellunopress.it\\\/2025\\\/05\\\/29\\\/referendum-8-e-9-giugno-venerdi-alle-18-in-sala-ascom-di-belluno-il-prof-lorenzo-zamponi\\\/#article\",\"isPartOf\":{\"@id\":\"https:\\\/\\\/www.bellunopress.it\\\/2025\\\/05\\\/29\\\/referendum-8-e-9-giugno-venerdi-alle-18-in-sala-ascom-di-belluno-il-prof-lorenzo-zamponi\\\/\"},\"author\":{\"name\":\"redazione\",\"@id\":\"https:\\\/\\\/www.bellunopress.it\\\/#\\\/schema\\\/person\\\/79bb06722b37ece1c03d3e94beb30d73\"},\"headline\":\"Referendum 8 e 9 giugno. Venerd\u00ec alle 18 in Sala Ascom di Belluno il prof. Lorenzo Zamponi\",\"datePublished\":\"2025-05-29T13:07:41+00:00\",\"mainEntityOfPage\":{\"@id\":\"https:\\\/\\\/www.bellunopress.it\\\/2025\\\/05\\\/29\\\/referendum-8-e-9-giugno-venerdi-alle-18-in-sala-ascom-di-belluno-il-prof-lorenzo-zamponi\\\/\"},\"wordCount\":384,\"publisher\":{\"@id\":\"https:\\\/\\\/www.bellunopress.it\\\/#organization\"},\"image\":{\"@id\":\"https:\\\/\\\/www.bellunopress.it\\\/2025\\\/05\\\/29\\\/referendum-8-e-9-giugno-venerdi-alle-18-in-sala-ascom-di-belluno-il-prof-lorenzo-zamponi\\\/#primaryimage\"},\"thumbnailUrl\":\"https:\\\/\\\/www.bellunopress.it\\\/wp-content\\\/uploads\\\/2025\\\/05\\\/referendum_edited.jpg\",\"articleSection\":[\"Societ\u00e0, Associazioni, Istituzioni\"],\"inLanguage\":\"fr-FR\"},{\"@type\":\"WebPage\",\"@id\":\"https:\\\/\\\/www.bellunopress.it\\\/2025\\\/05\\\/29\\\/referendum-8-e-9-giugno-venerdi-alle-18-in-sala-ascom-di-belluno-il-prof-lorenzo-zamponi\\\/\",\"url\":\"https:\\\/\\\/www.bellunopress.it\\\/2025\\\/05\\\/29\\\/referendum-8-e-9-giugno-venerdi-alle-18-in-sala-ascom-di-belluno-il-prof-lorenzo-zamponi\\\/\",\"name\":\"Referendum 8 e 9 giugno. Venerd\u00ec alle 18 in Sala Ascom di Belluno il prof. Lorenzo Zamponi - Bellunopress - Dolomiti\",\"isPartOf\":{\"@id\":\"https:\\\/\\\/www.bellunopress.it\\\/#website\"},\"primaryImageOfPage\":{\"@id\":\"https:\\\/\\\/www.bellunopress.it\\\/2025\\\/05\\\/29\\\/referendum-8-e-9-giugno-venerdi-alle-18-in-sala-ascom-di-belluno-il-prof-lorenzo-zamponi\\\/#primaryimage\"},\"image\":{\"@id\":\"https:\\\/\\\/www.bellunopress.it\\\/2025\\\/05\\\/29\\\/referendum-8-e-9-giugno-venerdi-alle-18-in-sala-ascom-di-belluno-il-prof-lorenzo-zamponi\\\/#primaryimage\"},\"thumbnailUrl\":\"https:\\\/\\\/www.bellunopress.it\\\/wp-content\\\/uploads\\\/2025\\\/05\\\/referendum_edited.jpg\",\"datePublished\":\"2025-05-29T13:07:41+00:00\",\"breadcrumb\":{\"@id\":\"https:\\\/\\\/www.bellunopress.it\\\/2025\\\/05\\\/29\\\/referendum-8-e-9-giugno-venerdi-alle-18-in-sala-ascom-di-belluno-il-prof-lorenzo-zamponi\\\/#breadcrumb\"},\"inLanguage\":\"fr-FR\",\"potentialAction\":[{\"@type\":\"ReadAction\",\"target\":[\"https:\\\/\\\/www.bellunopress.it\\\/2025\\\/05\\\/29\\\/referendum-8-e-9-giugno-venerdi-alle-18-in-sala-ascom-di-belluno-il-prof-lorenzo-zamponi\\\/\"]}]},{\"@type\":\"ImageObject\",\"inLanguage\":\"fr-FR\",\"@id\":\"https:\\\/\\\/www.bellunopress.it\\\/2025\\\/05\\\/29\\\/referendum-8-e-9-giugno-venerdi-alle-18-in-sala-ascom-di-belluno-il-prof-lorenzo-zamponi\\\/#primaryimage\",\"url\":\"https:\\\/\\\/www.bellunopress.it\\\/wp-content\\\/uploads\\\/2025\\\/05\\\/referendum_edited.jpg\",\"contentUrl\":\"https:\\\/\\\/www.bellunopress.it\\\/wp-content\\\/uploads\\\/2025\\\/05\\\/referendum_edited.jpg\",\"width\":752,\"height\":1000},{\"@type\":\"BreadcrumbList\",\"@id\":\"https:\\\/\\\/www.bellunopress.it\\\/2025\\\/05\\\/29\\\/referendum-8-e-9-giugno-venerdi-alle-18-in-sala-ascom-di-belluno-il-prof-lorenzo-zamponi\\\/#breadcrumb\",\"itemListElement\":[{\"@type\":\"ListItem\",\"position\":1,\"name\":\"Home\",\"item\":\"https:\\\/\\\/www.bellunopress.it\\\/\"},{\"@type\":\"ListItem\",\"position\":2,\"name\":\"Referendum 8 e 9 giugno. Venerd\u00ec alle 18 in Sala Ascom di Belluno il prof. Lorenzo Zamponi\"}]},{\"@type\":\"WebSite\",\"@id\":\"https:\\\/\\\/www.bellunopress.it\\\/#website\",\"url\":\"https:\\\/\\\/www.bellunopress.it\\\/\",\"name\":\"Bellunopress - Dolomiti\",\"description\":\"e-mail: redazione@bellunopress.it\",\"publisher\":{\"@id\":\"https:\\\/\\\/www.bellunopress.it\\\/#organization\"},\"potentialAction\":[{\"@type\":\"SearchAction\",\"target\":{\"@type\":\"EntryPoint\",\"urlTemplate\":\"https:\\\/\\\/www.bellunopress.it\\\/?s={search_term_string}\"},\"query-input\":{\"@type\":\"PropertyValueSpecification\",\"valueRequired\":true,\"valueName\":\"search_term_string\"}}],\"inLanguage\":\"fr-FR\"},{\"@type\":\"Organization\",\"@id\":\"https:\\\/\\\/www.bellunopress.it\\\/#organization\",\"name\":\"Bellunopress\",\"url\":\"https:\\\/\\\/www.bellunopress.it\\\/\",\"logo\":{\"@type\":\"ImageObject\",\"inLanguage\":\"fr-FR\",\"@id\":\"https:\\\/\\\/www.bellunopress.it\\\/#\\\/schema\\\/logo\\\/image\\\/\",\"url\":\"https:\\\/\\\/www.bellunopress.it\\\/wp-content\\\/uploads\\\/2011\\\/05\\\/cropped-logo-bellunopress-.jpg\",\"contentUrl\":\"https:\\\/\\\/www.bellunopress.it\\\/wp-content\\\/uploads\\\/2011\\\/05\\\/cropped-logo-bellunopress-.jpg\",\"width\":512,\"height\":512,\"caption\":\"Bellunopress\"},\"image\":{\"@id\":\"https:\\\/\\\/www.bellunopress.it\\\/#\\\/schema\\\/logo\\\/image\\\/\"},\"sameAs\":[\"https:\\\/\\\/www.facebook.com\\\/profile.php?id=100008943462799\",\"https:\\\/\\\/x.com\\\/bellunopress\",\"https:\\\/\\\/www.linkedin.com\\\/hp\\\/?dnr=JBzUWaJfMUw8vbXJJ2tVW5-I3jZKvC4wsoxE&amp;amp;amp;amp;amp;amp;trk=nav_responsive_tab_home\",\"https:\\\/\\\/www.youtube.com\\\/channel\\\/UCxL0wu1uN0_3_7hGG0306cw\"]},{\"@type\":\"Person\",\"@id\":\"https:\\\/\\\/www.bellunopress.it\\\/#\\\/schema\\\/person\\\/79bb06722b37ece1c03d3e94beb30d73\",\"name\":\"redazione\",\"image\":{\"@type\":\"ImageObject\",\"inLanguage\":\"fr-FR\",\"@id\":\"https:\\\/\\\/secure.gravatar.com\\\/avatar\\\/37d968a2e67a6fd04c169c4bdef102d0bc5d31b2546345219e348575eb80e9a0?s=96&d=mm&r=g\",\"url\":\"https:\\\/\\\/secure.gravatar.com\\\/avatar\\\/37d968a2e67a6fd04c169c4bdef102d0bc5d31b2546345219e348575eb80e9a0?s=96&d=mm&r=g\",\"contentUrl\":\"https:\\\/\\\/secure.gravatar.com\\\/avatar\\\/37d968a2e67a6fd04c169c4bdef102d0bc5d31b2546345219e348575eb80e9a0?s=96&d=mm&r=g\",\"caption\":\"redazione\"},\"sameAs\":[\"http:\\\/\\\/www.bellunopress.it\",\"https:\\\/\\\/x.com\\\/bellunopress\"],\"url\":\"https:\\\/\\\/www.bellunopress.it\\\/fr\\\/author\\\/redazione\\\/\"}]}<\/script>\n<!-- \/ Yoast SEO plugin. -->","yoast_head_json":{"title":"Referendum 8 e 9 giugno. Venerd\u00ec alle 18 in Sala Ascom di Belluno il prof. Lorenzo Zamponi - Bellunopress - Dolomiti","robots":{"index":"index","follow":"follow","max-snippet":"max-snippet:-1","max-image-preview":"max-image-preview:large","max-video-preview":"max-video-preview:-1"},"canonical":"https:\/\/www.bellunopress.it\/fr\/2025\/05\/29\/referendum-8-e-9-giugno-venerdi-alle-18-in-sala-ascom-di-belluno-il-prof-lorenzo-zamponi\/","og_locale":"fr_FR","og_type":"article","og_title":"Referendum 8 e 9 giugno. Venerd\u00ec alle 18 in Sala Ascom di Belluno il prof. Lorenzo Zamponi - Bellunopress - Dolomiti","og_description":"Il referendum spiegato dal prof. Lorenzo Zamponi Venerd\u00ec 30 Maggio alle ore 18 nella sala \u201cASCOM\u201d (Via Ostilio 8\/B) a Belluno si terr\u00e0 l\u2019incontro dal titolo \u201cFondata sul lavoro\u201d promosso da CGIL Belluno, Insieme per Belluno e Sinistra Italiana\/AVS Belluno e rientrante nelle iniziative di informazione sui cinque quesiti referendari per i quali si voter\u00e0 [&hellip;]","og_url":"https:\/\/www.bellunopress.it\/fr\/2025\/05\/29\/referendum-8-e-9-giugno-venerdi-alle-18-in-sala-ascom-di-belluno-il-prof-lorenzo-zamponi\/","og_site_name":"Bellunopress - Dolomiti","article_publisher":"https:\/\/www.facebook.com\/profile.php?id=100008943462799","article_published_time":"2025-05-29T13:07:41+00:00","og_image":[{"width":752,"height":1000,"url":"https:\/\/www.bellunopress.it\/wp-content\/uploads\/2025\/05\/referendum_edited.jpg","type":"image\/jpeg"}],"author":"redazione","twitter_card":"summary_large_image","twitter_creator":"@bellunopress","twitter_site":"@bellunopress","twitter_misc":{"\u00c9crit par":"redazione","Dur\u00e9e de lecture estim\u00e9e":"2 minutes"},"schema":{"@context":"https:\/\/schema.org","@graph":[{"@type":"Article","@id":"https:\/\/www.bellunopress.it\/2025\/05\/29\/referendum-8-e-9-giugno-venerdi-alle-18-in-sala-ascom-di-belluno-il-prof-lorenzo-zamponi\/#article","isPartOf":{"@id":"https:\/\/www.bellunopress.it\/2025\/05\/29\/referendum-8-e-9-giugno-venerdi-alle-18-in-sala-ascom-di-belluno-il-prof-lorenzo-zamponi\/"},"author":{"name":"redazione","@id":"https:\/\/www.bellunopress.it\/#\/schema\/person\/79bb06722b37ece1c03d3e94beb30d73"},"headline":"Referendum 8 e 9 giugno. Venerd\u00ec alle 18 in Sala Ascom di Belluno il prof. Lorenzo Zamponi","datePublished":"2025-05-29T13:07:41+00:00","mainEntityOfPage":{"@id":"https:\/\/www.bellunopress.it\/2025\/05\/29\/referendum-8-e-9-giugno-venerdi-alle-18-in-sala-ascom-di-belluno-il-prof-lorenzo-zamponi\/"},"wordCount":384,"publisher":{"@id":"https:\/\/www.bellunopress.it\/#organization"},"image":{"@id":"https:\/\/www.bellunopress.it\/2025\/05\/29\/referendum-8-e-9-giugno-venerdi-alle-18-in-sala-ascom-di-belluno-il-prof-lorenzo-zamponi\/#primaryimage"},"thumbnailUrl":"https:\/\/www.bellunopress.it\/wp-content\/uploads\/2025\/05\/referendum_edited.jpg","articleSection":["Societ\u00e0, Associazioni, Istituzioni"],"inLanguage":"fr-FR"},{"@type":"WebPage","@id":"https:\/\/www.bellunopress.it\/2025\/05\/29\/referendum-8-e-9-giugno-venerdi-alle-18-in-sala-ascom-di-belluno-il-prof-lorenzo-zamponi\/","url":"https:\/\/www.bellunopress.it\/2025\/05\/29\/referendum-8-e-9-giugno-venerdi-alle-18-in-sala-ascom-di-belluno-il-prof-lorenzo-zamponi\/","name":"Referendum 8 e 9 giugno. Venerd\u00ec alle 18 in Sala Ascom di Belluno il prof. Lorenzo Zamponi - Bellunopress - Dolomiti","isPartOf":{"@id":"https:\/\/www.bellunopress.it\/#website"},"primaryImageOfPage":{"@id":"https:\/\/www.bellunopress.it\/2025\/05\/29\/referendum-8-e-9-giugno-venerdi-alle-18-in-sala-ascom-di-belluno-il-prof-lorenzo-zamponi\/#primaryimage"},"image":{"@id":"https:\/\/www.bellunopress.it\/2025\/05\/29\/referendum-8-e-9-giugno-venerdi-alle-18-in-sala-ascom-di-belluno-il-prof-lorenzo-zamponi\/#primaryimage"},"thumbnailUrl":"https:\/\/www.bellunopress.it\/wp-content\/uploads\/2025\/05\/referendum_edited.jpg","datePublished":"2025-05-29T13:07:41+00:00","breadcrumb":{"@id":"https:\/\/www.bellunopress.it\/2025\/05\/29\/referendum-8-e-9-giugno-venerdi-alle-18-in-sala-ascom-di-belluno-il-prof-lorenzo-zamponi\/#breadcrumb"},"inLanguage":"fr-FR","potentialAction":[{"@type":"ReadAction","target":["https:\/\/www.bellunopress.it\/2025\/05\/29\/referendum-8-e-9-giugno-venerdi-alle-18-in-sala-ascom-di-belluno-il-prof-lorenzo-zamponi\/"]}]},{"@type":"ImageObject","inLanguage":"fr-FR","@id":"https:\/\/www.bellunopress.it\/2025\/05\/29\/referendum-8-e-9-giugno-venerdi-alle-18-in-sala-ascom-di-belluno-il-prof-lorenzo-zamponi\/#primaryimage","url":"https:\/\/www.bellunopress.it\/wp-content\/uploads\/2025\/05\/referendum_edited.jpg","contentUrl":"https:\/\/www.bellunopress.it\/wp-content\/uploads\/2025\/05\/referendum_edited.jpg","width":752,"height":1000},{"@type":"BreadcrumbList","@id":"https:\/\/www.bellunopress.it\/2025\/05\/29\/referendum-8-e-9-giugno-venerdi-alle-18-in-sala-ascom-di-belluno-il-prof-lorenzo-zamponi\/#breadcrumb","itemListElement":[{"@type":"ListItem","position":1,"name":"Home","item":"https:\/\/www.bellunopress.it\/"},{"@type":"ListItem","position":2,"name":"Referendum 8 e 9 giugno. Venerd\u00ec alle 18 in Sala Ascom di Belluno il prof. Lorenzo Zamponi"}]},{"@type":"WebSite","@id":"https:\/\/www.bellunopress.it\/#website","url":"https:\/\/www.bellunopress.it\/","name":"Bellunopress - Dolomiti","description":"e-mail: redazione@bellunopress.it","publisher":{"@id":"https:\/\/www.bellunopress.it\/#organization"},"potentialAction":[{"@type":"SearchAction","target":{"@type":"EntryPoint","urlTemplate":"https:\/\/www.bellunopress.it\/?s={search_term_string}"},"query-input":{"@type":"PropertyValueSpecification","valueRequired":true,"valueName":"search_term_string"}}],"inLanguage":"fr-FR"},{"@type":"Organization","@id":"https:\/\/www.bellunopress.it\/#organization","name":"Bellunopress","url":"https:\/\/www.bellunopress.it\/","logo":{"@type":"ImageObject","inLanguage":"fr-FR","@id":"https:\/\/www.bellunopress.it\/#\/schema\/logo\/image\/","url":"https:\/\/www.bellunopress.it\/wp-content\/uploads\/2011\/05\/cropped-logo-bellunopress-.jpg","contentUrl":"https:\/\/www.bellunopress.it\/wp-content\/uploads\/2011\/05\/cropped-logo-bellunopress-.jpg","width":512,"height":512,"caption":"Bellunopress"},"image":{"@id":"https:\/\/www.bellunopress.it\/#\/schema\/logo\/image\/"},"sameAs":["https:\/\/www.facebook.com\/profile.php?id=100008943462799","https:\/\/x.com\/bellunopress","https:\/\/www.linkedin.com\/hp\/?dnr=JBzUWaJfMUw8vbXJJ2tVW5-I3jZKvC4wsoxE&amp;amp;amp;amp;amp;amp;trk=nav_responsive_tab_home","https:\/\/www.youtube.com\/channel\/UCxL0wu1uN0_3_7hGG0306cw"]},{"@type":"Person","@id":"https:\/\/www.bellunopress.it\/#\/schema\/person\/79bb06722b37ece1c03d3e94beb30d73","name":"r\u00e9daction","image":{"@type":"ImageObject","inLanguage":"fr-FR","@id":"https:\/\/secure.gravatar.com\/avatar\/37d968a2e67a6fd04c169c4bdef102d0bc5d31b2546345219e348575eb80e9a0?s=96&d=mm&r=g","url":"https:\/\/secure.gravatar.com\/avatar\/37d968a2e67a6fd04c169c4bdef102d0bc5d31b2546345219e348575eb80e9a0?s=96&d=mm&r=g","contentUrl":"https:\/\/secure.gravatar.com\/avatar\/37d968a2e67a6fd04c169c4bdef102d0bc5d31b2546345219e348575eb80e9a0?s=96&d=mm&r=g","caption":"redazione"},"sameAs":["http:\/\/www.bellunopress.it","https:\/\/x.com\/bellunopress"],"url":"https:\/\/www.bellunopress.it\/fr\/author\/redazione\/"}]}},"_links":{"self":[{"href":"https:\/\/www.bellunopress.it\/fr\/wp-json\/wp\/v2\/posts\/160539","targetHints":{"allow":["GET"]}}],"collection":[{"href":"https:\/\/www.bellunopress.it\/fr\/wp-json\/wp\/v2\/posts"}],"about":[{"href":"https:\/\/www.bellunopress.it\/fr\/wp-json\/wp\/v2\/types\/post"}],"author":[{"embeddable":true,"href":"https:\/\/www.bellunopress.it\/fr\/wp-json\/wp\/v2\/users\/2"}],"replies":[{"embeddable":true,"href":"https:\/\/www.bellunopress.it\/fr\/wp-json\/wp\/v2\/comments?post=160539"}],"version-history":[{"count":1,"href":"https:\/\/www.bellunopress.it\/fr\/wp-json\/wp\/v2\/posts\/160539\/revisions"}],"predecessor-version":[{"id":160541,"href":"https:\/\/www.bellunopress.it\/fr\/wp-json\/wp\/v2\/posts\/160539\/revisions\/160541"}],"wp:featuredmedia":[{"embeddable":true,"href":"https:\/\/www.bellunopress.it\/fr\/wp-json\/wp\/v2\/media\/160540"}],"wp:attachment":[{"href":"https:\/\/www.bellunopress.it\/fr\/wp-json\/wp\/v2\/media?parent=160539"}],"wp:term":[{"taxonomy":"category","embeddable":true,"href":"https:\/\/www.bellunopress.it\/fr\/wp-json\/wp\/v2\/categories?post=160539"},{"taxonomy":"post_tag","embeddable":true,"href":"https:\/\/www.bellunopress.it\/fr\/wp-json\/wp\/v2\/tags?post=160539"}],"curies":[{"name":"wp","href":"https:\/\/api.w.org\/{rel}","templated":true}]}}