{"id":160534,"date":"2025-05-29T13:18:38","date_gmt":"2025-05-29T11:18:38","guid":{"rendered":"https:\/\/www.bellunopress.it\/?p=160534"},"modified":"2025-05-29T13:18:38","modified_gmt":"2025-05-29T11:18:38","slug":"sospirolo-4-giorni-di-cultura-cibo-sport-spettacolo","status":"publish","type":"post","link":"https:\/\/www.bellunopress.it\/fr\/2025\/05\/29\/sospirolo-4-giorni-di-cultura-cibo-sport-spettacolo\/","title":{"rendered":"Sospirolo: 4 giorni di cultura, cibo, sport, spettacolo"},"content":{"rendered":"<p><img loading=\"lazy\" decoding=\"async\" class=\"aligncenter size-full wp-image-153772\" src=\"https:\/\/www.bellunopress.it\/wp-content\/uploads\/2024\/09\/pro-loco-monti-del-sole_edited.jpg\" alt=\"\" width=\"210\" height=\"221\" \/>Sospirolo \u00e8 pronta per i quattro giorni di cultura, buon cibo. sport e spettacolo.<\/p>\n<p>Ecco il programma<\/p>\n<p><strong>Maggio 2025<\/strong><\/p>\n<ul>\n<li>venerd\u00ec 30\/5 ore 20.45 al Centro civico presentazione del libro \u201cSul sentiero delle parole\u201d di Andrea Pietrobon. L\u2019autore dialogher\u00e0 con Alba Barattin. Letture di Laura Secco (Biblioteca-Pro Loco).<\/li>\n<li>sabato 31\/5 al Pr\u00e0 de la Melia LIVE at GRON dalle 10.00 mostra mercato del vinile e dei CD, dalle 15.00 rassegna musicale con cantautori e band, dalle 21.15 chiude la serata il concerto dei \u201cMaci\u2019s Mobile\u201d e ancora dalle 21.00 sul maxischermo Inter-Paris SG (Pro Loco)<\/li>\n<\/ul>\n<p>&nbsp;<\/p>\n<p><strong>Giugno 2025<\/strong><\/p>\n<ul>\n<li>domenica 1\/6 Latterie aperte in Val Belluna \u2013 partecipa la Latteria Sociale di Camolino alle 9.30 Lavorazione Montasio\/Mozzarella (Unione Montana Val Belluna)<\/li>\n<li>domenica 1\/6 dalle 16.00 al Pr\u00e0 de la Melia Ritiro pettorali Trail, dalle 18.00 AperiTrail con Frittura a km 0, Chiosco, Musica e Stuzzichini (CSMS)uned\u00ec 2\/6 la 3\u00b0 ed. Trail del Cammino Sospirolese con partenza dal Pr\u00e0 de la Melia. Partenza ore: 8.00 la 33 km, 9.00 la 20 km e 10.00 la 10 km. (CSMS, Pro Loco, Ass. locali)<\/li>\n<li>\u00a0luned\u00ec 2\/6 la 3\u00b0 ed. Trail del Cammino Sospirolese con partenza dal Pr\u00e0 de la Melia. Partenza ore: 8.00 la 33 km, 9.00 la 20 km e 10.00 la 10 km. (CSMS, Pro Loco, Ass. locali)<\/li>\n<li>Luned\u00ec 2\/6 Festa della Repubblica ore 20.45 a Centro Civico consegna Costituzione e Bandiera Italiana ai diciottenni. Intermezzi musicali di Ivan Zasso con il violino (Comune, Alpini e Fanti)<\/li>\n<\/ul>\n<p>&nbsp;<\/p>","protected":false},"excerpt":{"rendered":"<p>Sospirolo \u00e8 pronta per i quattro giorni di cultura, buon cibo. sport e spettacolo. Ecco il programma Maggio 2025 venerd\u00ec 30\/5 ore 20.45 al Centro civico presentazione del libro \u201cSul sentiero delle parole\u201d di Andrea Pietrobon. L\u2019autore dialogher\u00e0 con Alba Barattin. Letture di Laura Secco (Biblioteca-Pro Loco). sabato 31\/5 al Pr\u00e0 de la Melia LIVE [&hellip;]<\/p>\n","protected":false},"author":2,"featured_media":153772,"comment_status":"closed","ping_status":"open","sticky":false,"template":"","format":"standard","meta":{"footnotes":""},"categories":[25,8],"tags":[],"class_list":["post-160534","post","type-post","status-publish","format-standard","has-post-thumbnail","category-pausa-caffe","category-societa-istituzioni"],"yoast_head":"<!-- This site is optimized with the Yoast SEO plugin v28.4 - https:\/\/yoast.com\/product\/yoast-seo-wordpress\/ -->\n<title>Sospirolo: 4 giorni di cultura, cibo, sport, spettacolo - Bellunopress - Dolomiti<\/title>\n<meta name=\"robots\" content=\"index, follow, max-snippet:-1, max-image-preview:large, max-video-preview:-1\" \/>\n<link rel=\"canonical\" href=\"https:\/\/www.bellunopress.it\/fr\/2025\/05\/29\/sospirolo-4-giorni-di-cultura-cibo-sport-spettacolo\/\" \/>\n<meta property=\"og:locale\" content=\"fr_FR\" \/>\n<meta property=\"og:type\" content=\"article\" \/>\n<meta property=\"og:title\" content=\"Sospirolo: 4 giorni di cultura, cibo, sport, spettacolo - Bellunopress - Dolomiti\" \/>\n<meta property=\"og:description\" content=\"Sospirolo \u00e8 pronta per i quattro giorni di cultura, buon cibo. sport e spettacolo. Ecco il programma Maggio 2025 venerd\u00ec 30\/5 ore 20.45 al Centro civico presentazione del libro \u201cSul sentiero delle parole\u201d di Andrea Pietrobon. L\u2019autore dialogher\u00e0 con Alba Barattin. Letture di Laura Secco (Biblioteca-Pro Loco). sabato 31\/5 al Pr\u00e0 de la Melia LIVE [&hellip;]\" \/>\n<meta property=\"og:url\" content=\"https:\/\/www.bellunopress.it\/fr\/2025\/05\/29\/sospirolo-4-giorni-di-cultura-cibo-sport-spettacolo\/\" \/>\n<meta property=\"og:site_name\" content=\"Bellunopress - Dolomiti\" \/>\n<meta property=\"article:publisher\" content=\"https:\/\/www.facebook.com\/profile.php?id=100008943462799\" \/>\n<meta property=\"article:published_time\" content=\"2025-05-29T11:18:38+00:00\" \/>\n<meta property=\"og:image\" content=\"https:\/\/www.bellunopress.it\/wp-content\/uploads\/2024\/09\/pro-loco-monti-del-sole_edited.jpg\" \/>\n\t<meta property=\"og:image:width\" content=\"210\" \/>\n\t<meta property=\"og:image:height\" content=\"221\" \/>\n\t<meta property=\"og:image:type\" content=\"image\/jpeg\" \/>\n<meta name=\"author\" content=\"redazione\" \/>\n<meta name=\"twitter:card\" content=\"summary_large_image\" \/>\n<meta name=\"twitter:creator\" content=\"@bellunopress\" \/>\n<meta name=\"twitter:site\" content=\"@bellunopress\" \/>\n<meta name=\"twitter:label1\" content=\"\u00c9crit par\" \/>\n\t<meta name=\"twitter:data1\" content=\"redazione\" \/>\n\t<meta name=\"twitter:label2\" content=\"Dur\u00e9e de lecture estim\u00e9e\" \/>\n\t<meta name=\"twitter:data2\" content=\"1 minute\" \/>\n<script type=\"application\/ld+json\" class=\"yoast-schema-graph\">{\"@context\":\"https:\\\/\\\/schema.org\",\"@graph\":[{\"@type\":\"Article\",\"@id\":\"https:\\\/\\\/www.bellunopress.it\\\/2025\\\/05\\\/29\\\/sospirolo-4-giorni-di-cultura-cibo-sport-spettacolo\\\/#article\",\"isPartOf\":{\"@id\":\"https:\\\/\\\/www.bellunopress.it\\\/2025\\\/05\\\/29\\\/sospirolo-4-giorni-di-cultura-cibo-sport-spettacolo\\\/\"},\"author\":{\"name\":\"redazione\",\"@id\":\"https:\\\/\\\/www.bellunopress.it\\\/#\\\/schema\\\/person\\\/79bb06722b37ece1c03d3e94beb30d73\"},\"headline\":\"Sospirolo: 4 giorni di cultura, cibo, sport, spettacolo\",\"datePublished\":\"2025-05-29T11:18:38+00:00\",\"mainEntityOfPage\":{\"@id\":\"https:\\\/\\\/www.bellunopress.it\\\/2025\\\/05\\\/29\\\/sospirolo-4-giorni-di-cultura-cibo-sport-spettacolo\\\/\"},\"wordCount\":221,\"publisher\":{\"@id\":\"https:\\\/\\\/www.bellunopress.it\\\/#organization\"},\"image\":{\"@id\":\"https:\\\/\\\/www.bellunopress.it\\\/2025\\\/05\\\/29\\\/sospirolo-4-giorni-di-cultura-cibo-sport-spettacolo\\\/#primaryimage\"},\"thumbnailUrl\":\"https:\\\/\\\/www.bellunopress.it\\\/wp-content\\\/uploads\\\/2024\\\/09\\\/pro-loco-monti-del-sole_edited.jpg\",\"articleSection\":[\"Pausa Caff\u00e8\",\"Societ\u00e0, Associazioni, Istituzioni\"],\"inLanguage\":\"fr-FR\"},{\"@type\":\"WebPage\",\"@id\":\"https:\\\/\\\/www.bellunopress.it\\\/2025\\\/05\\\/29\\\/sospirolo-4-giorni-di-cultura-cibo-sport-spettacolo\\\/\",\"url\":\"https:\\\/\\\/www.bellunopress.it\\\/2025\\\/05\\\/29\\\/sospirolo-4-giorni-di-cultura-cibo-sport-spettacolo\\\/\",\"name\":\"Sospirolo: 4 giorni di cultura, cibo, sport, spettacolo - Bellunopress - Dolomiti\",\"isPartOf\":{\"@id\":\"https:\\\/\\\/www.bellunopress.it\\\/#website\"},\"primaryImageOfPage\":{\"@id\":\"https:\\\/\\\/www.bellunopress.it\\\/2025\\\/05\\\/29\\\/sospirolo-4-giorni-di-cultura-cibo-sport-spettacolo\\\/#primaryimage\"},\"image\":{\"@id\":\"https:\\\/\\\/www.bellunopress.it\\\/2025\\\/05\\\/29\\\/sospirolo-4-giorni-di-cultura-cibo-sport-spettacolo\\\/#primaryimage\"},\"thumbnailUrl\":\"https:\\\/\\\/www.bellunopress.it\\\/wp-content\\\/uploads\\\/2024\\\/09\\\/pro-loco-monti-del-sole_edited.jpg\",\"datePublished\":\"2025-05-29T11:18:38+00:00\",\"breadcrumb\":{\"@id\":\"https:\\\/\\\/www.bellunopress.it\\\/2025\\\/05\\\/29\\\/sospirolo-4-giorni-di-cultura-cibo-sport-spettacolo\\\/#breadcrumb\"},\"inLanguage\":\"fr-FR\",\"potentialAction\":[{\"@type\":\"ReadAction\",\"target\":[\"https:\\\/\\\/www.bellunopress.it\\\/2025\\\/05\\\/29\\\/sospirolo-4-giorni-di-cultura-cibo-sport-spettacolo\\\/\"]}]},{\"@type\":\"ImageObject\",\"inLanguage\":\"fr-FR\",\"@id\":\"https:\\\/\\\/www.bellunopress.it\\\/2025\\\/05\\\/29\\\/sospirolo-4-giorni-di-cultura-cibo-sport-spettacolo\\\/#primaryimage\",\"url\":\"https:\\\/\\\/www.bellunopress.it\\\/wp-content\\\/uploads\\\/2024\\\/09\\\/pro-loco-monti-del-sole_edited.jpg\",\"contentUrl\":\"https:\\\/\\\/www.bellunopress.it\\\/wp-content\\\/uploads\\\/2024\\\/09\\\/pro-loco-monti-del-sole_edited.jpg\",\"width\":210,\"height\":221},{\"@type\":\"BreadcrumbList\",\"@id\":\"https:\\\/\\\/www.bellunopress.it\\\/2025\\\/05\\\/29\\\/sospirolo-4-giorni-di-cultura-cibo-sport-spettacolo\\\/#breadcrumb\",\"itemListElement\":[{\"@type\":\"ListItem\",\"position\":1,\"name\":\"Home\",\"item\":\"https:\\\/\\\/www.bellunopress.it\\\/\"},{\"@type\":\"ListItem\",\"position\":2,\"name\":\"Sospirolo: 4 giorni di cultura, cibo, sport, spettacolo\"}]},{\"@type\":\"WebSite\",\"@id\":\"https:\\\/\\\/www.bellunopress.it\\\/#website\",\"url\":\"https:\\\/\\\/www.bellunopress.it\\\/\",\"name\":\"Bellunopress - Dolomiti\",\"description\":\"e-mail: redazione@bellunopress.it\",\"publisher\":{\"@id\":\"https:\\\/\\\/www.bellunopress.it\\\/#organization\"},\"potentialAction\":[{\"@type\":\"SearchAction\",\"target\":{\"@type\":\"EntryPoint\",\"urlTemplate\":\"https:\\\/\\\/www.bellunopress.it\\\/?s={search_term_string}\"},\"query-input\":{\"@type\":\"PropertyValueSpecification\",\"valueRequired\":true,\"valueName\":\"search_term_string\"}}],\"inLanguage\":\"fr-FR\"},{\"@type\":\"Organization\",\"@id\":\"https:\\\/\\\/www.bellunopress.it\\\/#organization\",\"name\":\"Bellunopress\",\"url\":\"https:\\\/\\\/www.bellunopress.it\\\/\",\"logo\":{\"@type\":\"ImageObject\",\"inLanguage\":\"fr-FR\",\"@id\":\"https:\\\/\\\/www.bellunopress.it\\\/#\\\/schema\\\/logo\\\/image\\\/\",\"url\":\"https:\\\/\\\/www.bellunopress.it\\\/wp-content\\\/uploads\\\/2011\\\/05\\\/cropped-logo-bellunopress-.jpg\",\"contentUrl\":\"https:\\\/\\\/www.bellunopress.it\\\/wp-content\\\/uploads\\\/2011\\\/05\\\/cropped-logo-bellunopress-.jpg\",\"width\":512,\"height\":512,\"caption\":\"Bellunopress\"},\"image\":{\"@id\":\"https:\\\/\\\/www.bellunopress.it\\\/#\\\/schema\\\/logo\\\/image\\\/\"},\"sameAs\":[\"https:\\\/\\\/www.facebook.com\\\/profile.php?id=100008943462799\",\"https:\\\/\\\/x.com\\\/bellunopress\",\"https:\\\/\\\/www.linkedin.com\\\/hp\\\/?dnr=JBzUWaJfMUw8vbXJJ2tVW5-I3jZKvC4wsoxE&amp;amp;amp;amp;amp;amp;trk=nav_responsive_tab_home\",\"https:\\\/\\\/www.youtube.com\\\/channel\\\/UCxL0wu1uN0_3_7hGG0306cw\"]},{\"@type\":\"Person\",\"@id\":\"https:\\\/\\\/www.bellunopress.it\\\/#\\\/schema\\\/person\\\/79bb06722b37ece1c03d3e94beb30d73\",\"name\":\"redazione\",\"image\":{\"@type\":\"ImageObject\",\"inLanguage\":\"fr-FR\",\"@id\":\"https:\\\/\\\/secure.gravatar.com\\\/avatar\\\/37d968a2e67a6fd04c169c4bdef102d0bc5d31b2546345219e348575eb80e9a0?s=96&d=mm&r=g\",\"url\":\"https:\\\/\\\/secure.gravatar.com\\\/avatar\\\/37d968a2e67a6fd04c169c4bdef102d0bc5d31b2546345219e348575eb80e9a0?s=96&d=mm&r=g\",\"contentUrl\":\"https:\\\/\\\/secure.gravatar.com\\\/avatar\\\/37d968a2e67a6fd04c169c4bdef102d0bc5d31b2546345219e348575eb80e9a0?s=96&d=mm&r=g\",\"caption\":\"redazione\"},\"sameAs\":[\"http:\\\/\\\/www.bellunopress.it\",\"https:\\\/\\\/x.com\\\/bellunopress\"],\"url\":\"https:\\\/\\\/www.bellunopress.it\\\/fr\\\/author\\\/redazione\\\/\"}]}<\/script>\n<!-- \/ Yoast SEO plugin. -->","yoast_head_json":{"title":"Sospirolo: 4 giorni di cultura, cibo, sport, spettacolo - Bellunopress - Dolomiti","robots":{"index":"index","follow":"follow","max-snippet":"max-snippet:-1","max-image-preview":"max-image-preview:large","max-video-preview":"max-video-preview:-1"},"canonical":"https:\/\/www.bellunopress.it\/fr\/2025\/05\/29\/sospirolo-4-giorni-di-cultura-cibo-sport-spettacolo\/","og_locale":"fr_FR","og_type":"article","og_title":"Sospirolo: 4 giorni di cultura, cibo, sport, spettacolo - Bellunopress - Dolomiti","og_description":"Sospirolo \u00e8 pronta per i quattro giorni di cultura, buon cibo. sport e spettacolo. Ecco il programma Maggio 2025 venerd\u00ec 30\/5 ore 20.45 al Centro civico presentazione del libro \u201cSul sentiero delle parole\u201d di Andrea Pietrobon. L\u2019autore dialogher\u00e0 con Alba Barattin. Letture di Laura Secco (Biblioteca-Pro Loco). sabato 31\/5 al Pr\u00e0 de la Melia LIVE [&hellip;]","og_url":"https:\/\/www.bellunopress.it\/fr\/2025\/05\/29\/sospirolo-4-giorni-di-cultura-cibo-sport-spettacolo\/","og_site_name":"Bellunopress - Dolomiti","article_publisher":"https:\/\/www.facebook.com\/profile.php?id=100008943462799","article_published_time":"2025-05-29T11:18:38+00:00","og_image":[{"width":210,"height":221,"url":"https:\/\/www.bellunopress.it\/wp-content\/uploads\/2024\/09\/pro-loco-monti-del-sole_edited.jpg","type":"image\/jpeg"}],"author":"redazione","twitter_card":"summary_large_image","twitter_creator":"@bellunopress","twitter_site":"@bellunopress","twitter_misc":{"\u00c9crit par":"redazione","Dur\u00e9e de lecture estim\u00e9e":"1 minute"},"schema":{"@context":"https:\/\/schema.org","@graph":[{"@type":"Article","@id":"https:\/\/www.bellunopress.it\/2025\/05\/29\/sospirolo-4-giorni-di-cultura-cibo-sport-spettacolo\/#article","isPartOf":{"@id":"https:\/\/www.bellunopress.it\/2025\/05\/29\/sospirolo-4-giorni-di-cultura-cibo-sport-spettacolo\/"},"author":{"name":"redazione","@id":"https:\/\/www.bellunopress.it\/#\/schema\/person\/79bb06722b37ece1c03d3e94beb30d73"},"headline":"Sospirolo: 4 giorni di cultura, cibo, sport, spettacolo","datePublished":"2025-05-29T11:18:38+00:00","mainEntityOfPage":{"@id":"https:\/\/www.bellunopress.it\/2025\/05\/29\/sospirolo-4-giorni-di-cultura-cibo-sport-spettacolo\/"},"wordCount":221,"publisher":{"@id":"https:\/\/www.bellunopress.it\/#organization"},"image":{"@id":"https:\/\/www.bellunopress.it\/2025\/05\/29\/sospirolo-4-giorni-di-cultura-cibo-sport-spettacolo\/#primaryimage"},"thumbnailUrl":"https:\/\/www.bellunopress.it\/wp-content\/uploads\/2024\/09\/pro-loco-monti-del-sole_edited.jpg","articleSection":["Pausa Caff\u00e8","Societ\u00e0, Associazioni, Istituzioni"],"inLanguage":"fr-FR"},{"@type":"WebPage","@id":"https:\/\/www.bellunopress.it\/2025\/05\/29\/sospirolo-4-giorni-di-cultura-cibo-sport-spettacolo\/","url":"https:\/\/www.bellunopress.it\/2025\/05\/29\/sospirolo-4-giorni-di-cultura-cibo-sport-spettacolo\/","name":"Sospirolo: 4 giorni di cultura, cibo, sport, spettacolo - Bellunopress - Dolomiti","isPartOf":{"@id":"https:\/\/www.bellunopress.it\/#website"},"primaryImageOfPage":{"@id":"https:\/\/www.bellunopress.it\/2025\/05\/29\/sospirolo-4-giorni-di-cultura-cibo-sport-spettacolo\/#primaryimage"},"image":{"@id":"https:\/\/www.bellunopress.it\/2025\/05\/29\/sospirolo-4-giorni-di-cultura-cibo-sport-spettacolo\/#primaryimage"},"thumbnailUrl":"https:\/\/www.bellunopress.it\/wp-content\/uploads\/2024\/09\/pro-loco-monti-del-sole_edited.jpg","datePublished":"2025-05-29T11:18:38+00:00","breadcrumb":{"@id":"https:\/\/www.bellunopress.it\/2025\/05\/29\/sospirolo-4-giorni-di-cultura-cibo-sport-spettacolo\/#breadcrumb"},"inLanguage":"fr-FR","potentialAction":[{"@type":"ReadAction","target":["https:\/\/www.bellunopress.it\/2025\/05\/29\/sospirolo-4-giorni-di-cultura-cibo-sport-spettacolo\/"]}]},{"@type":"ImageObject","inLanguage":"fr-FR","@id":"https:\/\/www.bellunopress.it\/2025\/05\/29\/sospirolo-4-giorni-di-cultura-cibo-sport-spettacolo\/#primaryimage","url":"https:\/\/www.bellunopress.it\/wp-content\/uploads\/2024\/09\/pro-loco-monti-del-sole_edited.jpg","contentUrl":"https:\/\/www.bellunopress.it\/wp-content\/uploads\/2024\/09\/pro-loco-monti-del-sole_edited.jpg","width":210,"height":221},{"@type":"BreadcrumbList","@id":"https:\/\/www.bellunopress.it\/2025\/05\/29\/sospirolo-4-giorni-di-cultura-cibo-sport-spettacolo\/#breadcrumb","itemListElement":[{"@type":"ListItem","position":1,"name":"Home","item":"https:\/\/www.bellunopress.it\/"},{"@type":"ListItem","position":2,"name":"Sospirolo: 4 giorni di cultura, cibo, sport, spettacolo"}]},{"@type":"WebSite","@id":"https:\/\/www.bellunopress.it\/#website","url":"https:\/\/www.bellunopress.it\/","name":"Bellunopress - Dolomiti","description":"e-mail: redazione@bellunopress.it","publisher":{"@id":"https:\/\/www.bellunopress.it\/#organization"},"potentialAction":[{"@type":"SearchAction","target":{"@type":"EntryPoint","urlTemplate":"https:\/\/www.bellunopress.it\/?s={search_term_string}"},"query-input":{"@type":"PropertyValueSpecification","valueRequired":true,"valueName":"search_term_string"}}],"inLanguage":"fr-FR"},{"@type":"Organization","@id":"https:\/\/www.bellunopress.it\/#organization","name":"Bellunopress","url":"https:\/\/www.bellunopress.it\/","logo":{"@type":"ImageObject","inLanguage":"fr-FR","@id":"https:\/\/www.bellunopress.it\/#\/schema\/logo\/image\/","url":"https:\/\/www.bellunopress.it\/wp-content\/uploads\/2011\/05\/cropped-logo-bellunopress-.jpg","contentUrl":"https:\/\/www.bellunopress.it\/wp-content\/uploads\/2011\/05\/cropped-logo-bellunopress-.jpg","width":512,"height":512,"caption":"Bellunopress"},"image":{"@id":"https:\/\/www.bellunopress.it\/#\/schema\/logo\/image\/"},"sameAs":["https:\/\/www.facebook.com\/profile.php?id=100008943462799","https:\/\/x.com\/bellunopress","https:\/\/www.linkedin.com\/hp\/?dnr=JBzUWaJfMUw8vbXJJ2tVW5-I3jZKvC4wsoxE&amp;amp;amp;amp;amp;amp;trk=nav_responsive_tab_home","https:\/\/www.youtube.com\/channel\/UCxL0wu1uN0_3_7hGG0306cw"]},{"@type":"Person","@id":"https:\/\/www.bellunopress.it\/#\/schema\/person\/79bb06722b37ece1c03d3e94beb30d73","name":"r\u00e9daction","image":{"@type":"ImageObject","inLanguage":"fr-FR","@id":"https:\/\/secure.gravatar.com\/avatar\/37d968a2e67a6fd04c169c4bdef102d0bc5d31b2546345219e348575eb80e9a0?s=96&d=mm&r=g","url":"https:\/\/secure.gravatar.com\/avatar\/37d968a2e67a6fd04c169c4bdef102d0bc5d31b2546345219e348575eb80e9a0?s=96&d=mm&r=g","contentUrl":"https:\/\/secure.gravatar.com\/avatar\/37d968a2e67a6fd04c169c4bdef102d0bc5d31b2546345219e348575eb80e9a0?s=96&d=mm&r=g","caption":"redazione"},"sameAs":["http:\/\/www.bellunopress.it","https:\/\/x.com\/bellunopress"],"url":"https:\/\/www.bellunopress.it\/fr\/author\/redazione\/"}]}},"_links":{"self":[{"href":"https:\/\/www.bellunopress.it\/fr\/wp-json\/wp\/v2\/posts\/160534","targetHints":{"allow":["GET"]}}],"collection":[{"href":"https:\/\/www.bellunopress.it\/fr\/wp-json\/wp\/v2\/posts"}],"about":[{"href":"https:\/\/www.bellunopress.it\/fr\/wp-json\/wp\/v2\/types\/post"}],"author":[{"embeddable":true,"href":"https:\/\/www.bellunopress.it\/fr\/wp-json\/wp\/v2\/users\/2"}],"replies":[{"embeddable":true,"href":"https:\/\/www.bellunopress.it\/fr\/wp-json\/wp\/v2\/comments?post=160534"}],"version-history":[{"count":1,"href":"https:\/\/www.bellunopress.it\/fr\/wp-json\/wp\/v2\/posts\/160534\/revisions"}],"predecessor-version":[{"id":160535,"href":"https:\/\/www.bellunopress.it\/fr\/wp-json\/wp\/v2\/posts\/160534\/revisions\/160535"}],"wp:featuredmedia":[{"embeddable":true,"href":"https:\/\/www.bellunopress.it\/fr\/wp-json\/wp\/v2\/media\/153772"}],"wp:attachment":[{"href":"https:\/\/www.bellunopress.it\/fr\/wp-json\/wp\/v2\/media?parent=160534"}],"wp:term":[{"taxonomy":"category","embeddable":true,"href":"https:\/\/www.bellunopress.it\/fr\/wp-json\/wp\/v2\/categories?post=160534"},{"taxonomy":"post_tag","embeddable":true,"href":"https:\/\/www.bellunopress.it\/fr\/wp-json\/wp\/v2\/tags?post=160534"}],"curies":[{"name":"wp","href":"https:\/\/api.w.org\/{rel}","templated":true}]}}