{"id":160531,"date":"2025-05-29T12:14:15","date_gmt":"2025-05-29T10:14:15","guid":{"rendered":"https:\/\/www.bellunopress.it\/?p=160531"},"modified":"2025-05-29T12:14:15","modified_gmt":"2025-05-29T10:14:15","slug":"il-gruppo-unifarco-chiude-il-2024-con-un-fatturato-consolidato-di-1829-milioni-di-euro-105-a-a","status":"publish","type":"post","link":"https:\/\/www.bellunopress.it\/fr\/2025\/05\/29\/il-gruppo-unifarco-chiude-il-2024-con-un-fatturato-consolidato-di-1829-milioni-di-euro-105-a-a\/","title":{"rendered":"Il Gruppo Unifarco chiude il 2024 con un fatturato consolidato di 182,9 milioni di euro (+10,5% a\/a)"},"content":{"rendered":"<figure id=\"attachment_160532\" aria-describedby=\"caption-attachment-160532\" style=\"width: 1000px\" class=\"wp-caption aligncenter\"><img loading=\"lazy\" decoding=\"async\" class=\"size-full wp-image-160532\" src=\"https:\/\/www.bellunopress.it\/wp-content\/uploads\/2025\/05\/Unifarco_edited.jpg\" alt=\"\" width=\"1000\" height=\"492\" srcset=\"https:\/\/www.bellunopress.it\/wp-content\/uploads\/2025\/05\/Unifarco_edited.jpg 1000w, https:\/\/www.bellunopress.it\/wp-content\/uploads\/2025\/05\/Unifarco_edited-500x246.jpg 500w, https:\/\/www.bellunopress.it\/wp-content\/uploads\/2025\/05\/Unifarco_edited-854x420.jpg 854w, https:\/\/www.bellunopress.it\/wp-content\/uploads\/2025\/05\/Unifarco_edited-696x342.jpg 696w\" sizes=\"auto, (max-width: 1000px) 100vw, 1000px\" \/><figcaption id=\"caption-attachment-160532\" class=\"wp-caption-text\">Gruppo Unifarco: Enea Borgioli, Elena Lomolino, Luigi Corvi, Massimo Slaviero, Gianni Baratto, Marco Riva, Fabio Buttignon<\/figcaption><\/figure>\n<p><b>Sabato 24 maggio l&#8217;Assemblea dei soci che ha approvato il bilancio 2024<\/b><\/p>\n<div><b>\u00a0I<\/b><b>nvestimenti scientifici per 5 milioni di euro.<\/b><\/div>\n<div><b>\u00a0<\/b><\/div>\n<p><b>Istituito il nuovo Comitato Esecutivo presieduto da Massimo Slaviero con l&#8217;obiettivo di tracciare le linee strategiche future del Gruppo<\/b><\/p>\n<div><b>\u00a0<\/b><\/div>\n<div><i>Belluno, maggio 2025<\/i>\u00a0&#8211; Unifarco &#8211; azienda leader in Italia nel settore della salute e del benessere in farmacia \u2013 chiude il 2024 con un\u00a0fatturato di 182,9 milioni di euro, in crescita\u00a0del 10,5%\u00a0rispetto all&#8217;anno precedente. L&#8217;EBITDA si attesta a\u00a027,7 milioni\u00a0di euro. Il Gruppo annuncia l&#8217;istituzione del\u00a0nuovo Comitato Esecutivo\u00a0che avr\u00e0 il compito di definire le linee strategiche di sviluppo.<\/div>\n<div><\/div>\n<div><strong><u>Risultati 2024<\/u><\/strong><\/div>\n<div><\/div>\n<div>Sul mercato farmacia Italia Unifarco si posiziona ancora una volta al\u00a0secondo posto\u00a0per la vendita cumulata di\u00a0cosmesi,\u00a0<i>make-up\u00a0<\/i>e integratori\u00a0con una crescita superiore di un punto percentuale rispetto alla media di mercato a valore (6,1%) e a volumi (2,0%). Unifarco si posiziona al\u00a0secondo\u00a0posto anche per la vendita in farmacia di prodotti di\u00a0dermocosmesi, al\u00a0primo\u00a0per i\u00a0dermatologici, al\u00a0quinto\u00a0per gli\u00a0integratori, al\u00a0quarto\u00a0per il\u00a0<i>make-up<\/i><i>\u00a0<\/i>e al\u00a0primo\u00a0per altri\u00a0alimenti\u00a0e\u00a0dietetici\u00a0(fonte\u00a0<i>NewLine<\/i>).<\/div>\n<div><\/div>\n<div>Il Gruppo\u00a0realizza importanti crescite a doppia cifra in tutti i mercati<i>\u00a0<\/i>europei\u00a0grazie all&#8217;esportazione del proprio modello di business, adattato alle peculiarit\u00e0 dei singoli paesi. In particolare, si evidenziano i risultati del\u00a0<i>community brand\u00a0<\/i>Farmacisti Preparatori e degli\u00a0<i>own brand<\/i>s presenti all&#8217;estero che consentono di crescere in Spagna del\u00a021%, in Germania del\u00a015,6%,\u00a0in Francia \u2013 dove nel corso del 2024 \u00e8 stata avviata l&#8217;attivit\u00e0 operativa della filiale commerciale\u00a0Unifarco France Sas\u00a0&#8211; e Belgio del\u00a018,1%\u00a0e in Austria del\u00a017,1%.<\/div>\n<div><\/div>\n<div><strong>Segno positivo anche per tutti i brand del Gruppo:<\/strong><\/div>\n<ul>\n<li>Farmacisti Preparatori,\u00a0cosmetici e integratori firmati delle singole farmacie,\u00a0nel 2024 ha registrato\u00a0111,9 milioni di fatturato\u00a0consolidato con una crescita pari al\u00a06,1% rispetto all&#8217;esercizio precedente;<\/li>\n<li>Ceramol\u00a0&#8211; prodotti dermatologici e dispositivi medici dedicati al trattamento di alcune specifiche disfunzioni cutanee \u2013 cresce del\u00a019,1%;<\/li>\n<li>Biomalife\u00a0&#8211; la prima linea di integratori alimentari specifici per ripristinare e mantenere il benessere della barriera intestinale \u2013 registra\u00a0+76,7%;<\/li>\n<li>Dolomia\u00a0\u2013 skin care e make-up che utilizzano gli estratti della natura dolomitica per contrastare stress, inquinamento e invecchiamento cutaneo \u2013 chiude il 2024 con un fatturato in linea con l&#8217;anno precedente;<\/li>\n<li>MyCli\u00a0&#8211; gamma completa di cosmeceutici e supplementi nutrizionali sviluppati grazie a una forte expertise nel campo della medicina estetica per stimolare e difendere i processi di autocorrezione della pelle &#8211; chiude l&#8217;anno con ricavi a\u00a0+24,3%;<\/li>\n<li>Keylife\u00a0\u2013 marchio che offre protocolli di alimentazione low carb, antinfiammatoria e per il controllo dei parametri metabolici \u2013 continua con il percorso di forte sviluppo avviato negli anni precedenti, chiudendo l&#8217;anno in crescita del\u00a012%;<\/li>\n<li>Genage\u00a0\u2013 brand nato dalla collaborazione con Metodo Ongaro Switzerland SA (oggi Swiss Longevity Solutions SA) e con medici, genetisti e ricercatori internazionali &#8211; registra un incremento del\u00a028,1%\u00a0rispetto all&#8217;esercizio precedente.<\/li>\n<\/ul>\n<div><strong><u>Gli investimenti<\/u><\/strong><\/div>\n<div><\/div>\n<div>Nel corso dell&#8217;anno sono proseguite le\u00a0numerose attivit\u00e0 nell&#8217;area Ricerca e Sviluppo, anche attraverso collaborazioni con prestigiosi enti di ricerca, con l&#8217;obiettivo di proporre sempre soluzioni all&#8217;avanguardia, sicure ed efficaci affinch\u00e9 i farmacisti possano prendersi cura delle persone fornendo consigli autorevoli personalizzati e offrendo prodotti e servizi ad elevato valore scientifico. A tal proposito, si evidenzia che a livello consolidato l&#8217;investimento complessivo in ambito scientifico supera i\u00a05 milioni di euro, pari al 2,9% dei Ricavi delle vendite.<\/div>\n<div><\/div>\n<div>Con oltre 6.500 farmacie\u00a0clienti in Europa e circa\u00a0<a name=\"v1x__Hlk158988081\"><\/a>360 farmacisti soci<a name=\"v1x__Hlk158988081\"><\/a>, Unifarco si conferma leader nel settore e punta a crescere ulteriormente con investimenti importanti che nel 2024 hanno raggiunto i\u00a0<a name=\"v1x__Hlk158988081\"><\/a>16 milioni di euro<a name=\"v1x__Hlk158988081\"><\/a>.<\/div>\n<div><\/div>\n<div>Tra le principali operazioni dell&#8217;anno si evidenzia l&#8217;inizio delle opere di costruzione in area Gravazze (BL), di un importante\u00a0polo all&#8217;avanguardia per la gestione della logistica in entrata. Inoltre, nel corso dell&#8217;esercizio sono iniziati i lavori strutturali e di impiantistica nella sede di Santa Giustina (BL) per l&#8217;ampliamento del\u00a0reparto di confezionamento\u00a0per aumentare la capacit\u00e0 e l&#8217;efficienza produttiva.<\/div>\n<div><\/div>\n<div>Si segnala inoltre il nuovo progetto dell&#8217;auditorium\u00a0nella sede di Villorba (TV) in grado di ospitare i numerosi momenti d&#8217;incontro con i farmacisti, facilitando l&#8217;organizzazione degli eventi grazie all&#8217;ampia capienza e alla sua posizione strategica.<\/div>\n<div><\/div>\n<div><strong><u>Il bilancio di sostenibilit\u00e0 consolidato<\/u><\/strong><\/div>\n<div><\/div>\n<div>In linea con i valori fondanti del Gruppo, Unifarco &#8211; Societ\u00e0 Benefit dal 2021- ha altres\u00ec approvato il\u00a0bilancio di Sostenibilit\u00e0 consolidato,\u00a0a testimonianza dell&#8217;impegno continuo e costante a migliorare le proprie performance nel rispetto dell&#8217;ambiente.<\/div>\n<div><\/div>\n<div>Durante l&#8217;anno il Gruppo ha diminuito del\u00a08,4%\u00a0l&#8217;intensit\u00e0 delle proprie emissioni di gas serra e del\u00a03,6%\u00a0l&#8217;intensit\u00e0 dei consumi energetici.\u00a0\u00c8 altres\u00ec aumentato dell&#8217;85%\u00a0rispetto al 2023 il quantitativo complessivo di plastica riciclata utilizzata per packaging e imballaggi.<\/div>\n<div><u>\u00a0<\/u><\/div>\n<div><strong><u>Governance<\/u><\/strong><\/div>\n<div><\/div>\n<div>In occasione dell&#8217;Assemblea dei Soci e del successivo Consiglio di Amministrazione c&#8217;\u00e8 stato un\u00a0rinnovo della composizione del Cda\u00a0e\u00a0una ridefinizione dei ruoli apicali, all&#8217;insegna della continuit\u00e0\u00a0e del\u00a0mantenimento dell&#8217;anima Unifarco.<\/div>\n<div><\/div>\n<div>Questo passo organizzativo permetter\u00e0 di conservare e sviluppare il modello di gestione, affidando ai manager la realizzazione e l&#8217;esecuzione della strategia ideata dalla Propriet\u00e0, che garantir\u00e0 la continuit\u00e0 dei valori Unifarco.<\/div>\n<div><\/div>\n<div>I principali cambiamenti saranno l&#8217;uscita dal Cda e l&#8217;assunzione del ruolo di\u00a0Presidente Onorario\u00a0e\u00a0Ambasciatore di Unifarco\u00a0di\u00a0Ernesto Riva,\u00a0con lo scopo di tramandare la memoria storica di Unifarco focalizzandosi sulla condivisione dei valori che da sempre contraddistinguono la societ\u00e0; la nomina di\u00a0Luigi Corvi Presidente\u00a0del Consiglio di Amministrazione e\u00a0l&#8217;ingresso nel Cda\u00a0di\u00a0Marco Riva\u00a0attualmente Responsabile dell&#8217;Ufficio Acquisti di Unifarco S.p.A.;\u00a0Massimo Slaviero\u00a0Amministratore;\u00a0Gianni Baratto\u00a0mantiene il ruolo di\u00a0Science &amp; Research Vice President\u00a0continuando a contribuire allo sviluppo dell&#8217;indirizzo scientifico e di innovazione, valorizzando la visibilit\u00e0 del Gruppo nei network internazionali di ricerca; \u00e8 stato confermato\u00a0Fabio Buttignon, Ordinario di Finanza Aziendale all&#8217;Universit\u00e0 di Padova come Amministratore Indipendente.<\/div>\n<div><\/div>\n<div>Durante l&#8217;Assemblea dei Soci \u00e8 stata rieletta a rappresentante dei soci farmacisti la Dottoressa\u00a0Elena Lomolino, Farmacista lombarda di San Giuliano Milanese, giunta al suo terzo mandato.<\/div>\n<div><\/div>\n<div>\u00c8 stato inoltre istituito il\u00a0Comitato Esecutivo\u00a0presieduto da\u00a0Massimo Slaviero, precedentemente Amministratore Delegato, che assume il ruolo di\u00a0Presidente\u00a0del nuovo organo sociale. Il Comitato si concentrer\u00e0 sulla definizione delle linee strategiche con un forte focus sull&#8217;innovazione, la sostenibilit\u00e0 e l&#8217;espansione internazionale. Il nuovo organo sar\u00e0 composto da Massimo Slaviero,\u00a0Presidente, Luigi Corvi, Gianni Baratto, Marco Riva ed Enea Borgioli che, prima CFO, poi Direttore Generale e membro del Consiglio diventer\u00e0\u00a0Amministratore Delegato\u00a0con la responsabilit\u00e0 di guidare i manager nell&#8217;attuazione della strategia ideata dal Comitato Esecutivo.<\/div>\n<div><\/div>","protected":false},"excerpt":{"rendered":"<p>Sabato 24 maggio l&#8217;Assemblea dei soci che ha approvato il bilancio 2024 \u00a0Investimenti scientifici per 5 milioni di euro. \u00a0 Istituito il nuovo Comitato Esecutivo presieduto da Massimo Slaviero con l&#8217;obiettivo di tracciare le linee strategiche future del Gruppo \u00a0 Belluno, maggio 2025\u00a0&#8211; Unifarco &#8211; azienda leader in Italia nel settore della salute e del [&hellip;]<\/p>\n","protected":false},"author":2,"featured_media":160532,"comment_status":"closed","ping_status":"open","sticky":false,"template":"","format":"standard","meta":{"footnotes":""},"categories":[3446,36,26],"tags":[],"class_list":["post-160531","post","type-post","status-publish","format-standard","has-post-thumbnail","category-featured","category-lavoro-economia","category-prima-pagina"],"yoast_head":"<!-- This site is optimized with the Yoast SEO plugin v28.4 - https:\/\/yoast.com\/product\/yoast-seo-wordpress\/ -->\n<title>Il Gruppo Unifarco chiude il 2024 con un fatturato consolidato di 182,9 milioni di euro (+10,5% a\/a) - Bellunopress - Dolomiti<\/title>\n<meta name=\"robots\" content=\"index, follow, max-snippet:-1, max-image-preview:large, max-video-preview:-1\" \/>\n<link rel=\"canonical\" href=\"https:\/\/www.bellunopress.it\/fr\/2025\/05\/29\/il-gruppo-unifarco-chiude-il-2024-con-un-fatturato-consolidato-di-1829-milioni-di-euro-105-a-a\/\" \/>\n<meta property=\"og:locale\" content=\"fr_FR\" \/>\n<meta property=\"og:type\" content=\"article\" \/>\n<meta property=\"og:title\" content=\"Il Gruppo Unifarco chiude il 2024 con un fatturato consolidato di 182,9 milioni di euro (+10,5% a\/a) - Bellunopress - Dolomiti\" \/>\n<meta property=\"og:description\" content=\"Sabato 24 maggio l&#8217;Assemblea dei soci che ha approvato il bilancio 2024 \u00a0Investimenti scientifici per 5 milioni di euro. \u00a0 Istituito il nuovo Comitato Esecutivo presieduto da Massimo Slaviero con l&#8217;obiettivo di tracciare le linee strategiche future del Gruppo \u00a0 Belluno, maggio 2025\u00a0&#8211; Unifarco &#8211; azienda leader in Italia nel settore della salute e del [&hellip;]\" \/>\n<meta property=\"og:url\" content=\"https:\/\/www.bellunopress.it\/fr\/2025\/05\/29\/il-gruppo-unifarco-chiude-il-2024-con-un-fatturato-consolidato-di-1829-milioni-di-euro-105-a-a\/\" \/>\n<meta property=\"og:site_name\" content=\"Bellunopress - Dolomiti\" \/>\n<meta property=\"article:publisher\" content=\"https:\/\/www.facebook.com\/profile.php?id=100008943462799\" \/>\n<meta property=\"article:published_time\" content=\"2025-05-29T10:14:15+00:00\" \/>\n<meta property=\"og:image\" content=\"https:\/\/www.bellunopress.it\/wp-content\/uploads\/2025\/05\/Unifarco_edited.jpg\" \/>\n\t<meta property=\"og:image:width\" content=\"1000\" \/>\n\t<meta property=\"og:image:height\" content=\"492\" \/>\n\t<meta property=\"og:image:type\" content=\"image\/jpeg\" \/>\n<meta name=\"author\" content=\"redazione\" \/>\n<meta name=\"twitter:card\" content=\"summary_large_image\" \/>\n<meta name=\"twitter:creator\" content=\"@bellunopress\" \/>\n<meta name=\"twitter:site\" content=\"@bellunopress\" \/>\n<meta name=\"twitter:label1\" content=\"\u00c9crit par\" \/>\n\t<meta name=\"twitter:data1\" content=\"redazione\" \/>\n\t<meta name=\"twitter:label2\" content=\"Dur\u00e9e de lecture estim\u00e9e\" \/>\n\t<meta name=\"twitter:data2\" content=\"5 minutes\" \/>\n<script type=\"application\/ld+json\" class=\"yoast-schema-graph\">{\"@context\":\"https:\\\/\\\/schema.org\",\"@graph\":[{\"@type\":\"Article\",\"@id\":\"https:\\\/\\\/www.bellunopress.it\\\/2025\\\/05\\\/29\\\/il-gruppo-unifarco-chiude-il-2024-con-un-fatturato-consolidato-di-1829-milioni-di-euro-105-a-a\\\/#article\",\"isPartOf\":{\"@id\":\"https:\\\/\\\/www.bellunopress.it\\\/2025\\\/05\\\/29\\\/il-gruppo-unifarco-chiude-il-2024-con-un-fatturato-consolidato-di-1829-milioni-di-euro-105-a-a\\\/\"},\"author\":{\"name\":\"redazione\",\"@id\":\"https:\\\/\\\/www.bellunopress.it\\\/#\\\/schema\\\/person\\\/79bb06722b37ece1c03d3e94beb30d73\"},\"headline\":\"Il Gruppo Unifarco chiude il 2024 con un fatturato consolidato di 182,9 milioni di euro (+10,5% a\\\/a)\",\"datePublished\":\"2025-05-29T10:14:15+00:00\",\"mainEntityOfPage\":{\"@id\":\"https:\\\/\\\/www.bellunopress.it\\\/2025\\\/05\\\/29\\\/il-gruppo-unifarco-chiude-il-2024-con-un-fatturato-consolidato-di-1829-milioni-di-euro-105-a-a\\\/\"},\"wordCount\":1111,\"publisher\":{\"@id\":\"https:\\\/\\\/www.bellunopress.it\\\/#organization\"},\"image\":{\"@id\":\"https:\\\/\\\/www.bellunopress.it\\\/2025\\\/05\\\/29\\\/il-gruppo-unifarco-chiude-il-2024-con-un-fatturato-consolidato-di-1829-milioni-di-euro-105-a-a\\\/#primaryimage\"},\"thumbnailUrl\":\"https:\\\/\\\/www.bellunopress.it\\\/wp-content\\\/uploads\\\/2025\\\/05\\\/Unifarco_edited.jpg\",\"articleSection\":[\"Featured\",\"Lavoro, Economia, Turismo\",\"Prima Pagina\"],\"inLanguage\":\"fr-FR\"},{\"@type\":\"WebPage\",\"@id\":\"https:\\\/\\\/www.bellunopress.it\\\/2025\\\/05\\\/29\\\/il-gruppo-unifarco-chiude-il-2024-con-un-fatturato-consolidato-di-1829-milioni-di-euro-105-a-a\\\/\",\"url\":\"https:\\\/\\\/www.bellunopress.it\\\/2025\\\/05\\\/29\\\/il-gruppo-unifarco-chiude-il-2024-con-un-fatturato-consolidato-di-1829-milioni-di-euro-105-a-a\\\/\",\"name\":\"Il Gruppo Unifarco chiude il 2024 con un fatturato consolidato di 182,9 milioni di euro (+10,5% a\\\/a) - Bellunopress - Dolomiti\",\"isPartOf\":{\"@id\":\"https:\\\/\\\/www.bellunopress.it\\\/#website\"},\"primaryImageOfPage\":{\"@id\":\"https:\\\/\\\/www.bellunopress.it\\\/2025\\\/05\\\/29\\\/il-gruppo-unifarco-chiude-il-2024-con-un-fatturato-consolidato-di-1829-milioni-di-euro-105-a-a\\\/#primaryimage\"},\"image\":{\"@id\":\"https:\\\/\\\/www.bellunopress.it\\\/2025\\\/05\\\/29\\\/il-gruppo-unifarco-chiude-il-2024-con-un-fatturato-consolidato-di-1829-milioni-di-euro-105-a-a\\\/#primaryimage\"},\"thumbnailUrl\":\"https:\\\/\\\/www.bellunopress.it\\\/wp-content\\\/uploads\\\/2025\\\/05\\\/Unifarco_edited.jpg\",\"datePublished\":\"2025-05-29T10:14:15+00:00\",\"breadcrumb\":{\"@id\":\"https:\\\/\\\/www.bellunopress.it\\\/2025\\\/05\\\/29\\\/il-gruppo-unifarco-chiude-il-2024-con-un-fatturato-consolidato-di-1829-milioni-di-euro-105-a-a\\\/#breadcrumb\"},\"inLanguage\":\"fr-FR\",\"potentialAction\":[{\"@type\":\"ReadAction\",\"target\":[\"https:\\\/\\\/www.bellunopress.it\\\/2025\\\/05\\\/29\\\/il-gruppo-unifarco-chiude-il-2024-con-un-fatturato-consolidato-di-1829-milioni-di-euro-105-a-a\\\/\"]}]},{\"@type\":\"ImageObject\",\"inLanguage\":\"fr-FR\",\"@id\":\"https:\\\/\\\/www.bellunopress.it\\\/2025\\\/05\\\/29\\\/il-gruppo-unifarco-chiude-il-2024-con-un-fatturato-consolidato-di-1829-milioni-di-euro-105-a-a\\\/#primaryimage\",\"url\":\"https:\\\/\\\/www.bellunopress.it\\\/wp-content\\\/uploads\\\/2025\\\/05\\\/Unifarco_edited.jpg\",\"contentUrl\":\"https:\\\/\\\/www.bellunopress.it\\\/wp-content\\\/uploads\\\/2025\\\/05\\\/Unifarco_edited.jpg\",\"width\":1000,\"height\":492,\"caption\":\"Gruppo Unifarco: Enea Borgioli, Elena Lomolino, Luigi Corvi, Massimo Slaviero, Gianni Baratto, Marco Riva, Fabio Buttignon\"},{\"@type\":\"BreadcrumbList\",\"@id\":\"https:\\\/\\\/www.bellunopress.it\\\/2025\\\/05\\\/29\\\/il-gruppo-unifarco-chiude-il-2024-con-un-fatturato-consolidato-di-1829-milioni-di-euro-105-a-a\\\/#breadcrumb\",\"itemListElement\":[{\"@type\":\"ListItem\",\"position\":1,\"name\":\"Home\",\"item\":\"https:\\\/\\\/www.bellunopress.it\\\/\"},{\"@type\":\"ListItem\",\"position\":2,\"name\":\"Il Gruppo Unifarco chiude il 2024 con un fatturato consolidato di 182,9 milioni di euro (+10,5% a\\\/a)\"}]},{\"@type\":\"WebSite\",\"@id\":\"https:\\\/\\\/www.bellunopress.it\\\/#website\",\"url\":\"https:\\\/\\\/www.bellunopress.it\\\/\",\"name\":\"Bellunopress - Dolomiti\",\"description\":\"e-mail: redazione@bellunopress.it\",\"publisher\":{\"@id\":\"https:\\\/\\\/www.bellunopress.it\\\/#organization\"},\"potentialAction\":[{\"@type\":\"SearchAction\",\"target\":{\"@type\":\"EntryPoint\",\"urlTemplate\":\"https:\\\/\\\/www.bellunopress.it\\\/?s={search_term_string}\"},\"query-input\":{\"@type\":\"PropertyValueSpecification\",\"valueRequired\":true,\"valueName\":\"search_term_string\"}}],\"inLanguage\":\"fr-FR\"},{\"@type\":\"Organization\",\"@id\":\"https:\\\/\\\/www.bellunopress.it\\\/#organization\",\"name\":\"Bellunopress\",\"url\":\"https:\\\/\\\/www.bellunopress.it\\\/\",\"logo\":{\"@type\":\"ImageObject\",\"inLanguage\":\"fr-FR\",\"@id\":\"https:\\\/\\\/www.bellunopress.it\\\/#\\\/schema\\\/logo\\\/image\\\/\",\"url\":\"https:\\\/\\\/www.bellunopress.it\\\/wp-content\\\/uploads\\\/2011\\\/05\\\/cropped-logo-bellunopress-.jpg\",\"contentUrl\":\"https:\\\/\\\/www.bellunopress.it\\\/wp-content\\\/uploads\\\/2011\\\/05\\\/cropped-logo-bellunopress-.jpg\",\"width\":512,\"height\":512,\"caption\":\"Bellunopress\"},\"image\":{\"@id\":\"https:\\\/\\\/www.bellunopress.it\\\/#\\\/schema\\\/logo\\\/image\\\/\"},\"sameAs\":[\"https:\\\/\\\/www.facebook.com\\\/profile.php?id=100008943462799\",\"https:\\\/\\\/x.com\\\/bellunopress\",\"https:\\\/\\\/www.linkedin.com\\\/hp\\\/?dnr=JBzUWaJfMUw8vbXJJ2tVW5-I3jZKvC4wsoxE&amp;amp;amp;amp;amp;amp;trk=nav_responsive_tab_home\",\"https:\\\/\\\/www.youtube.com\\\/channel\\\/UCxL0wu1uN0_3_7hGG0306cw\"]},{\"@type\":\"Person\",\"@id\":\"https:\\\/\\\/www.bellunopress.it\\\/#\\\/schema\\\/person\\\/79bb06722b37ece1c03d3e94beb30d73\",\"name\":\"redazione\",\"image\":{\"@type\":\"ImageObject\",\"inLanguage\":\"fr-FR\",\"@id\":\"https:\\\/\\\/secure.gravatar.com\\\/avatar\\\/37d968a2e67a6fd04c169c4bdef102d0bc5d31b2546345219e348575eb80e9a0?s=96&d=mm&r=g\",\"url\":\"https:\\\/\\\/secure.gravatar.com\\\/avatar\\\/37d968a2e67a6fd04c169c4bdef102d0bc5d31b2546345219e348575eb80e9a0?s=96&d=mm&r=g\",\"contentUrl\":\"https:\\\/\\\/secure.gravatar.com\\\/avatar\\\/37d968a2e67a6fd04c169c4bdef102d0bc5d31b2546345219e348575eb80e9a0?s=96&d=mm&r=g\",\"caption\":\"redazione\"},\"sameAs\":[\"http:\\\/\\\/www.bellunopress.it\",\"https:\\\/\\\/x.com\\\/bellunopress\"],\"url\":\"https:\\\/\\\/www.bellunopress.it\\\/fr\\\/author\\\/redazione\\\/\"}]}<\/script>\n<!-- \/ Yoast SEO plugin. -->","yoast_head_json":{"title":"Il Gruppo Unifarco chiude il 2024 con un fatturato consolidato di 182,9 milioni di euro (+10,5% a\/a) - Bellunopress - Dolomiti","robots":{"index":"index","follow":"follow","max-snippet":"max-snippet:-1","max-image-preview":"max-image-preview:large","max-video-preview":"max-video-preview:-1"},"canonical":"https:\/\/www.bellunopress.it\/fr\/2025\/05\/29\/il-gruppo-unifarco-chiude-il-2024-con-un-fatturato-consolidato-di-1829-milioni-di-euro-105-a-a\/","og_locale":"fr_FR","og_type":"article","og_title":"Il Gruppo Unifarco chiude il 2024 con un fatturato consolidato di 182,9 milioni di euro (+10,5% a\/a) - Bellunopress - Dolomiti","og_description":"Sabato 24 maggio l&#8217;Assemblea dei soci che ha approvato il bilancio 2024 \u00a0Investimenti scientifici per 5 milioni di euro. \u00a0 Istituito il nuovo Comitato Esecutivo presieduto da Massimo Slaviero con l&#8217;obiettivo di tracciare le linee strategiche future del Gruppo \u00a0 Belluno, maggio 2025\u00a0&#8211; Unifarco &#8211; azienda leader in Italia nel settore della salute e del [&hellip;]","og_url":"https:\/\/www.bellunopress.it\/fr\/2025\/05\/29\/il-gruppo-unifarco-chiude-il-2024-con-un-fatturato-consolidato-di-1829-milioni-di-euro-105-a-a\/","og_site_name":"Bellunopress - Dolomiti","article_publisher":"https:\/\/www.facebook.com\/profile.php?id=100008943462799","article_published_time":"2025-05-29T10:14:15+00:00","og_image":[{"width":1000,"height":492,"url":"https:\/\/www.bellunopress.it\/wp-content\/uploads\/2025\/05\/Unifarco_edited.jpg","type":"image\/jpeg"}],"author":"redazione","twitter_card":"summary_large_image","twitter_creator":"@bellunopress","twitter_site":"@bellunopress","twitter_misc":{"\u00c9crit par":"redazione","Dur\u00e9e de lecture estim\u00e9e":"5 minutes"},"schema":{"@context":"https:\/\/schema.org","@graph":[{"@type":"Article","@id":"https:\/\/www.bellunopress.it\/2025\/05\/29\/il-gruppo-unifarco-chiude-il-2024-con-un-fatturato-consolidato-di-1829-milioni-di-euro-105-a-a\/#article","isPartOf":{"@id":"https:\/\/www.bellunopress.it\/2025\/05\/29\/il-gruppo-unifarco-chiude-il-2024-con-un-fatturato-consolidato-di-1829-milioni-di-euro-105-a-a\/"},"author":{"name":"redazione","@id":"https:\/\/www.bellunopress.it\/#\/schema\/person\/79bb06722b37ece1c03d3e94beb30d73"},"headline":"Il Gruppo Unifarco chiude il 2024 con un fatturato consolidato di 182,9 milioni di euro (+10,5% a\/a)","datePublished":"2025-05-29T10:14:15+00:00","mainEntityOfPage":{"@id":"https:\/\/www.bellunopress.it\/2025\/05\/29\/il-gruppo-unifarco-chiude-il-2024-con-un-fatturato-consolidato-di-1829-milioni-di-euro-105-a-a\/"},"wordCount":1111,"publisher":{"@id":"https:\/\/www.bellunopress.it\/#organization"},"image":{"@id":"https:\/\/www.bellunopress.it\/2025\/05\/29\/il-gruppo-unifarco-chiude-il-2024-con-un-fatturato-consolidato-di-1829-milioni-di-euro-105-a-a\/#primaryimage"},"thumbnailUrl":"https:\/\/www.bellunopress.it\/wp-content\/uploads\/2025\/05\/Unifarco_edited.jpg","articleSection":["Featured","Lavoro, Economia, Turismo","Prima Pagina"],"inLanguage":"fr-FR"},{"@type":"WebPage","@id":"https:\/\/www.bellunopress.it\/2025\/05\/29\/il-gruppo-unifarco-chiude-il-2024-con-un-fatturato-consolidato-di-1829-milioni-di-euro-105-a-a\/","url":"https:\/\/www.bellunopress.it\/2025\/05\/29\/il-gruppo-unifarco-chiude-il-2024-con-un-fatturato-consolidato-di-1829-milioni-di-euro-105-a-a\/","name":"Il Gruppo Unifarco chiude il 2024 con un fatturato consolidato di 182,9 milioni di euro (+10,5% a\/a) - Bellunopress - Dolomiti","isPartOf":{"@id":"https:\/\/www.bellunopress.it\/#website"},"primaryImageOfPage":{"@id":"https:\/\/www.bellunopress.it\/2025\/05\/29\/il-gruppo-unifarco-chiude-il-2024-con-un-fatturato-consolidato-di-1829-milioni-di-euro-105-a-a\/#primaryimage"},"image":{"@id":"https:\/\/www.bellunopress.it\/2025\/05\/29\/il-gruppo-unifarco-chiude-il-2024-con-un-fatturato-consolidato-di-1829-milioni-di-euro-105-a-a\/#primaryimage"},"thumbnailUrl":"https:\/\/www.bellunopress.it\/wp-content\/uploads\/2025\/05\/Unifarco_edited.jpg","datePublished":"2025-05-29T10:14:15+00:00","breadcrumb":{"@id":"https:\/\/www.bellunopress.it\/2025\/05\/29\/il-gruppo-unifarco-chiude-il-2024-con-un-fatturato-consolidato-di-1829-milioni-di-euro-105-a-a\/#breadcrumb"},"inLanguage":"fr-FR","potentialAction":[{"@type":"ReadAction","target":["https:\/\/www.bellunopress.it\/2025\/05\/29\/il-gruppo-unifarco-chiude-il-2024-con-un-fatturato-consolidato-di-1829-milioni-di-euro-105-a-a\/"]}]},{"@type":"ImageObject","inLanguage":"fr-FR","@id":"https:\/\/www.bellunopress.it\/2025\/05\/29\/il-gruppo-unifarco-chiude-il-2024-con-un-fatturato-consolidato-di-1829-milioni-di-euro-105-a-a\/#primaryimage","url":"https:\/\/www.bellunopress.it\/wp-content\/uploads\/2025\/05\/Unifarco_edited.jpg","contentUrl":"https:\/\/www.bellunopress.it\/wp-content\/uploads\/2025\/05\/Unifarco_edited.jpg","width":1000,"height":492,"caption":"Gruppo Unifarco: Enea Borgioli, Elena Lomolino, Luigi Corvi, Massimo Slaviero, Gianni Baratto, Marco Riva, Fabio Buttignon"},{"@type":"BreadcrumbList","@id":"https:\/\/www.bellunopress.it\/2025\/05\/29\/il-gruppo-unifarco-chiude-il-2024-con-un-fatturato-consolidato-di-1829-milioni-di-euro-105-a-a\/#breadcrumb","itemListElement":[{"@type":"ListItem","position":1,"name":"Home","item":"https:\/\/www.bellunopress.it\/"},{"@type":"ListItem","position":2,"name":"Il Gruppo Unifarco chiude il 2024 con un fatturato consolidato di 182,9 milioni di euro (+10,5% a\/a)"}]},{"@type":"WebSite","@id":"https:\/\/www.bellunopress.it\/#website","url":"https:\/\/www.bellunopress.it\/","name":"Bellunopress - Dolomiti","description":"e-mail: redazione@bellunopress.it","publisher":{"@id":"https:\/\/www.bellunopress.it\/#organization"},"potentialAction":[{"@type":"SearchAction","target":{"@type":"EntryPoint","urlTemplate":"https:\/\/www.bellunopress.it\/?s={search_term_string}"},"query-input":{"@type":"PropertyValueSpecification","valueRequired":true,"valueName":"search_term_string"}}],"inLanguage":"fr-FR"},{"@type":"Organization","@id":"https:\/\/www.bellunopress.it\/#organization","name":"Bellunopress","url":"https:\/\/www.bellunopress.it\/","logo":{"@type":"ImageObject","inLanguage":"fr-FR","@id":"https:\/\/www.bellunopress.it\/#\/schema\/logo\/image\/","url":"https:\/\/www.bellunopress.it\/wp-content\/uploads\/2011\/05\/cropped-logo-bellunopress-.jpg","contentUrl":"https:\/\/www.bellunopress.it\/wp-content\/uploads\/2011\/05\/cropped-logo-bellunopress-.jpg","width":512,"height":512,"caption":"Bellunopress"},"image":{"@id":"https:\/\/www.bellunopress.it\/#\/schema\/logo\/image\/"},"sameAs":["https:\/\/www.facebook.com\/profile.php?id=100008943462799","https:\/\/x.com\/bellunopress","https:\/\/www.linkedin.com\/hp\/?dnr=JBzUWaJfMUw8vbXJJ2tVW5-I3jZKvC4wsoxE&amp;amp;amp;amp;amp;amp;trk=nav_responsive_tab_home","https:\/\/www.youtube.com\/channel\/UCxL0wu1uN0_3_7hGG0306cw"]},{"@type":"Person","@id":"https:\/\/www.bellunopress.it\/#\/schema\/person\/79bb06722b37ece1c03d3e94beb30d73","name":"r\u00e9daction","image":{"@type":"ImageObject","inLanguage":"fr-FR","@id":"https:\/\/secure.gravatar.com\/avatar\/37d968a2e67a6fd04c169c4bdef102d0bc5d31b2546345219e348575eb80e9a0?s=96&d=mm&r=g","url":"https:\/\/secure.gravatar.com\/avatar\/37d968a2e67a6fd04c169c4bdef102d0bc5d31b2546345219e348575eb80e9a0?s=96&d=mm&r=g","contentUrl":"https:\/\/secure.gravatar.com\/avatar\/37d968a2e67a6fd04c169c4bdef102d0bc5d31b2546345219e348575eb80e9a0?s=96&d=mm&r=g","caption":"redazione"},"sameAs":["http:\/\/www.bellunopress.it","https:\/\/x.com\/bellunopress"],"url":"https:\/\/www.bellunopress.it\/fr\/author\/redazione\/"}]}},"_links":{"self":[{"href":"https:\/\/www.bellunopress.it\/fr\/wp-json\/wp\/v2\/posts\/160531","targetHints":{"allow":["GET"]}}],"collection":[{"href":"https:\/\/www.bellunopress.it\/fr\/wp-json\/wp\/v2\/posts"}],"about":[{"href":"https:\/\/www.bellunopress.it\/fr\/wp-json\/wp\/v2\/types\/post"}],"author":[{"embeddable":true,"href":"https:\/\/www.bellunopress.it\/fr\/wp-json\/wp\/v2\/users\/2"}],"replies":[{"embeddable":true,"href":"https:\/\/www.bellunopress.it\/fr\/wp-json\/wp\/v2\/comments?post=160531"}],"version-history":[{"count":1,"href":"https:\/\/www.bellunopress.it\/fr\/wp-json\/wp\/v2\/posts\/160531\/revisions"}],"predecessor-version":[{"id":160533,"href":"https:\/\/www.bellunopress.it\/fr\/wp-json\/wp\/v2\/posts\/160531\/revisions\/160533"}],"wp:featuredmedia":[{"embeddable":true,"href":"https:\/\/www.bellunopress.it\/fr\/wp-json\/wp\/v2\/media\/160532"}],"wp:attachment":[{"href":"https:\/\/www.bellunopress.it\/fr\/wp-json\/wp\/v2\/media?parent=160531"}],"wp:term":[{"taxonomy":"category","embeddable":true,"href":"https:\/\/www.bellunopress.it\/fr\/wp-json\/wp\/v2\/categories?post=160531"},{"taxonomy":"post_tag","embeddable":true,"href":"https:\/\/www.bellunopress.it\/fr\/wp-json\/wp\/v2\/tags?post=160531"}],"curies":[{"name":"wp","href":"https:\/\/api.w.org\/{rel}","templated":true}]}}