{"id":160528,"date":"2025-05-29T08:41:48","date_gmt":"2025-05-29T06:41:48","guid":{"rendered":"https:\/\/www.bellunopress.it\/?p=160528"},"modified":"2025-05-29T08:41:48","modified_gmt":"2025-05-29T06:41:48","slug":"belluno-emanuele-bleve-il-piu-giovane-comandante-di-reparto-di-polizia-penitenziaria-ditalia-prende-servizio-nella-casa-circondariale","status":"publish","type":"post","link":"https:\/\/www.bellunopress.it\/fr\/2025\/05\/29\/belluno-emanuele-bleve-il-piu-giovane-comandante-di-reparto-di-polizia-penitenziaria-ditalia-prende-servizio-nella-casa-circondariale\/","title":{"rendered":"Belluno. Emanuele Bleve, il pi\u00f9 giovane comandante di Reparto di Polizia penitenziaria d\u2019Italia prende servizio nella Casa circondariale"},"content":{"rendered":"<figure id=\"attachment_160529\" aria-describedby=\"caption-attachment-160529\" style=\"width: 810px\" class=\"wp-caption aligncenter\"><img loading=\"lazy\" decoding=\"async\" class=\"size-full wp-image-160529\" src=\"https:\/\/www.bellunopress.it\/wp-content\/uploads\/2025\/05\/Emanuele-Bleve-commissario-polizia-penitenziaria.jpg\" alt=\"\" width=\"810\" height=\"1000\" srcset=\"https:\/\/www.bellunopress.it\/wp-content\/uploads\/2025\/05\/Emanuele-Bleve-commissario-polizia-penitenziaria.jpg 810w, https:\/\/www.bellunopress.it\/wp-content\/uploads\/2025\/05\/Emanuele-Bleve-commissario-polizia-penitenziaria-405x500.jpg 405w, https:\/\/www.bellunopress.it\/wp-content\/uploads\/2025\/05\/Emanuele-Bleve-commissario-polizia-penitenziaria-340x420.jpg 340w, https:\/\/www.bellunopress.it\/wp-content\/uploads\/2025\/05\/Emanuele-Bleve-commissario-polizia-penitenziaria-324x400.jpg 324w, https:\/\/www.bellunopress.it\/wp-content\/uploads\/2025\/05\/Emanuele-Bleve-commissario-polizia-penitenziaria-696x859.jpg 696w\" sizes=\"auto, (max-width: 810px) 100vw, 810px\" \/><figcaption id=\"caption-attachment-160529\" class=\"wp-caption-text\">Emanuele Bleve, comandante del Reparto di Polizia penitenziaria della Casa Circondariale di Belluno<\/figcaption><\/figure>\n<p data-start=\"115\" data-end=\"461\">Belluno, 29 maggio 2025 \u2013 Un nuovo capitolo si apre per la Casa circondariale di Belluno, che accoglie il commissario Emanuele Bleve come nuovo comandante del reparto di Polizia penitenziaria. A soli 29 anni, Bleve \u00e8 il pi\u00f9 giovane comandante d\u2019Italia, un primato che riflette l\u2019eccellenza di un percorso accademico e professionale d\u2019eccezione.<\/p>\n<p data-start=\"463\" data-end=\"836\">Originario di Gagliano del Capo, in provincia di Lecce, Bleve ha conseguito la laurea magistrale in Giurisprudenza con il massimo dei voti e la lode all\u2019Universit\u00e0 del Salento (Lecce) nel febbraio del 2020, con un anticipo rispetto al piano quinquennale. Due anni pi\u00f9 tardi, nel novembre 2022, ha ottenuto l\u2019abilitazione alla professione forense presso la Corte d\u2019Appello di Lecce.<\/p>\n<p data-start=\"838\" data-end=\"1128\">Il salto nella carriera penitenziaria arriva a 26 anni, quando vince il concorso per allievi commissari. Nominato commissario il 18 dicembre 2023, ha poi frequentato il corso di formazione alla Scuola Superiore dell\u2019Esecuzione Penale \u201cPiersanti Mattarella\u201d, completandolo il 14 maggio 2025.<\/p>\n<p data-start=\"1130\" data-end=\"1469\">Il suo curriculum vanta inoltre esperienze significative al di fuori del mondo penitenziario, come una collaborazione con la Banca d\u2019Italia, un tirocinio al Tribunale di Brindisi, un master di II livello in Governance e Management nella Pubblica Amministrazione presso l\u2019Universit\u00e0 Unicusano, oltre a numerose altre attivit\u00e0 professionali.<\/p>\n<p data-start=\"1471\" data-end=\"1631\">\u201cNon ero mai stato a Belluno prima d&#8217;ora\u201d, ha dichiarato il commissario Bleve, pronto ad affrontare questa nuova sfida con determinazione e spirito di servizio.<\/p>","protected":false},"excerpt":{"rendered":"<p>Belluno, 29 maggio 2025 \u2013 Un nuovo capitolo si apre per la Casa circondariale di Belluno, che accoglie il commissario Emanuele Bleve come nuovo comandante del reparto di Polizia penitenziaria. A soli 29 anni, Bleve \u00e8 il pi\u00f9 giovane comandante d\u2019Italia, un primato che riflette l\u2019eccellenza di un percorso accademico e professionale d\u2019eccezione. Originario di [&hellip;]<\/p>\n","protected":false},"author":2,"featured_media":160529,"comment_status":"closed","ping_status":"open","sticky":false,"template":"","format":"standard","meta":{"footnotes":""},"categories":[26,8],"tags":[],"class_list":["post-160528","post","type-post","status-publish","format-standard","has-post-thumbnail","category-prima-pagina","category-societa-istituzioni"],"yoast_head":"<!-- This site is optimized with the Yoast SEO plugin v28.4 - https:\/\/yoast.com\/product\/yoast-seo-wordpress\/ -->\n<title>Belluno. Emanuele Bleve, il pi\u00f9 giovane comandante di Reparto di Polizia penitenziaria d\u2019Italia prende servizio nella Casa circondariale - Bellunopress - Dolomiti<\/title>\n<meta name=\"robots\" content=\"index, follow, max-snippet:-1, max-image-preview:large, max-video-preview:-1\" \/>\n<link rel=\"canonical\" href=\"https:\/\/www.bellunopress.it\/fr\/2025\/05\/29\/belluno-emanuele-bleve-il-piu-giovane-comandante-di-reparto-di-polizia-penitenziaria-ditalia-prende-servizio-nella-casa-circondariale\/\" \/>\n<meta property=\"og:locale\" content=\"fr_FR\" \/>\n<meta property=\"og:type\" content=\"article\" \/>\n<meta property=\"og:title\" content=\"Belluno. Emanuele Bleve, il pi\u00f9 giovane comandante di Reparto di Polizia penitenziaria d\u2019Italia prende servizio nella Casa circondariale - Bellunopress - Dolomiti\" \/>\n<meta property=\"og:description\" content=\"Belluno, 29 maggio 2025 \u2013 Un nuovo capitolo si apre per la Casa circondariale di Belluno, che accoglie il commissario Emanuele Bleve come nuovo comandante del reparto di Polizia penitenziaria. A soli 29 anni, Bleve \u00e8 il pi\u00f9 giovane comandante d\u2019Italia, un primato che riflette l\u2019eccellenza di un percorso accademico e professionale d\u2019eccezione. Originario di [&hellip;]\" \/>\n<meta property=\"og:url\" content=\"https:\/\/www.bellunopress.it\/fr\/2025\/05\/29\/belluno-emanuele-bleve-il-piu-giovane-comandante-di-reparto-di-polizia-penitenziaria-ditalia-prende-servizio-nella-casa-circondariale\/\" \/>\n<meta property=\"og:site_name\" content=\"Bellunopress - Dolomiti\" \/>\n<meta property=\"article:publisher\" content=\"https:\/\/www.facebook.com\/profile.php?id=100008943462799\" \/>\n<meta property=\"article:published_time\" content=\"2025-05-29T06:41:48+00:00\" \/>\n<meta property=\"og:image\" content=\"https:\/\/www.bellunopress.it\/wp-content\/uploads\/2025\/05\/Emanuele-Bleve-commissario-polizia-penitenziaria.jpg\" \/>\n\t<meta property=\"og:image:width\" content=\"810\" \/>\n\t<meta property=\"og:image:height\" content=\"1000\" \/>\n\t<meta property=\"og:image:type\" content=\"image\/jpeg\" \/>\n<meta name=\"author\" content=\"redazione\" \/>\n<meta name=\"twitter:card\" content=\"summary_large_image\" \/>\n<meta name=\"twitter:creator\" content=\"@bellunopress\" \/>\n<meta name=\"twitter:site\" content=\"@bellunopress\" \/>\n<meta name=\"twitter:label1\" content=\"\u00c9crit par\" \/>\n\t<meta name=\"twitter:data1\" content=\"redazione\" \/>\n\t<meta name=\"twitter:label2\" content=\"Dur\u00e9e de lecture estim\u00e9e\" \/>\n\t<meta name=\"twitter:data2\" content=\"1 minute\" \/>\n<script type=\"application\/ld+json\" class=\"yoast-schema-graph\">{\"@context\":\"https:\\\/\\\/schema.org\",\"@graph\":[{\"@type\":\"Article\",\"@id\":\"https:\\\/\\\/www.bellunopress.it\\\/2025\\\/05\\\/29\\\/belluno-emanuele-bleve-il-piu-giovane-comandante-di-reparto-di-polizia-penitenziaria-ditalia-prende-servizio-nella-casa-circondariale\\\/#article\",\"isPartOf\":{\"@id\":\"https:\\\/\\\/www.bellunopress.it\\\/2025\\\/05\\\/29\\\/belluno-emanuele-bleve-il-piu-giovane-comandante-di-reparto-di-polizia-penitenziaria-ditalia-prende-servizio-nella-casa-circondariale\\\/\"},\"author\":{\"name\":\"redazione\",\"@id\":\"https:\\\/\\\/www.bellunopress.it\\\/#\\\/schema\\\/person\\\/79bb06722b37ece1c03d3e94beb30d73\"},\"headline\":\"Belluno. Emanuele Bleve, il pi\u00f9 giovane comandante di Reparto di Polizia penitenziaria d\u2019Italia prende servizio nella Casa circondariale\",\"datePublished\":\"2025-05-29T06:41:48+00:00\",\"mainEntityOfPage\":{\"@id\":\"https:\\\/\\\/www.bellunopress.it\\\/2025\\\/05\\\/29\\\/belluno-emanuele-bleve-il-piu-giovane-comandante-di-reparto-di-polizia-penitenziaria-ditalia-prende-servizio-nella-casa-circondariale\\\/\"},\"wordCount\":262,\"publisher\":{\"@id\":\"https:\\\/\\\/www.bellunopress.it\\\/#organization\"},\"image\":{\"@id\":\"https:\\\/\\\/www.bellunopress.it\\\/2025\\\/05\\\/29\\\/belluno-emanuele-bleve-il-piu-giovane-comandante-di-reparto-di-polizia-penitenziaria-ditalia-prende-servizio-nella-casa-circondariale\\\/#primaryimage\"},\"thumbnailUrl\":\"https:\\\/\\\/www.bellunopress.it\\\/wp-content\\\/uploads\\\/2025\\\/05\\\/Emanuele-Bleve-commissario-polizia-penitenziaria.jpg\",\"articleSection\":[\"Prima Pagina\",\"Societ\u00e0, Associazioni, Istituzioni\"],\"inLanguage\":\"fr-FR\"},{\"@type\":\"WebPage\",\"@id\":\"https:\\\/\\\/www.bellunopress.it\\\/2025\\\/05\\\/29\\\/belluno-emanuele-bleve-il-piu-giovane-comandante-di-reparto-di-polizia-penitenziaria-ditalia-prende-servizio-nella-casa-circondariale\\\/\",\"url\":\"https:\\\/\\\/www.bellunopress.it\\\/2025\\\/05\\\/29\\\/belluno-emanuele-bleve-il-piu-giovane-comandante-di-reparto-di-polizia-penitenziaria-ditalia-prende-servizio-nella-casa-circondariale\\\/\",\"name\":\"Belluno. Emanuele Bleve, il pi\u00f9 giovane comandante di Reparto di Polizia penitenziaria d\u2019Italia prende servizio nella Casa circondariale - Bellunopress - Dolomiti\",\"isPartOf\":{\"@id\":\"https:\\\/\\\/www.bellunopress.it\\\/#website\"},\"primaryImageOfPage\":{\"@id\":\"https:\\\/\\\/www.bellunopress.it\\\/2025\\\/05\\\/29\\\/belluno-emanuele-bleve-il-piu-giovane-comandante-di-reparto-di-polizia-penitenziaria-ditalia-prende-servizio-nella-casa-circondariale\\\/#primaryimage\"},\"image\":{\"@id\":\"https:\\\/\\\/www.bellunopress.it\\\/2025\\\/05\\\/29\\\/belluno-emanuele-bleve-il-piu-giovane-comandante-di-reparto-di-polizia-penitenziaria-ditalia-prende-servizio-nella-casa-circondariale\\\/#primaryimage\"},\"thumbnailUrl\":\"https:\\\/\\\/www.bellunopress.it\\\/wp-content\\\/uploads\\\/2025\\\/05\\\/Emanuele-Bleve-commissario-polizia-penitenziaria.jpg\",\"datePublished\":\"2025-05-29T06:41:48+00:00\",\"breadcrumb\":{\"@id\":\"https:\\\/\\\/www.bellunopress.it\\\/2025\\\/05\\\/29\\\/belluno-emanuele-bleve-il-piu-giovane-comandante-di-reparto-di-polizia-penitenziaria-ditalia-prende-servizio-nella-casa-circondariale\\\/#breadcrumb\"},\"inLanguage\":\"fr-FR\",\"potentialAction\":[{\"@type\":\"ReadAction\",\"target\":[\"https:\\\/\\\/www.bellunopress.it\\\/2025\\\/05\\\/29\\\/belluno-emanuele-bleve-il-piu-giovane-comandante-di-reparto-di-polizia-penitenziaria-ditalia-prende-servizio-nella-casa-circondariale\\\/\"]}]},{\"@type\":\"ImageObject\",\"inLanguage\":\"fr-FR\",\"@id\":\"https:\\\/\\\/www.bellunopress.it\\\/2025\\\/05\\\/29\\\/belluno-emanuele-bleve-il-piu-giovane-comandante-di-reparto-di-polizia-penitenziaria-ditalia-prende-servizio-nella-casa-circondariale\\\/#primaryimage\",\"url\":\"https:\\\/\\\/www.bellunopress.it\\\/wp-content\\\/uploads\\\/2025\\\/05\\\/Emanuele-Bleve-commissario-polizia-penitenziaria.jpg\",\"contentUrl\":\"https:\\\/\\\/www.bellunopress.it\\\/wp-content\\\/uploads\\\/2025\\\/05\\\/Emanuele-Bleve-commissario-polizia-penitenziaria.jpg\",\"width\":810,\"height\":1000,\"caption\":\"Emanuele Bleve, comandante del Reparto di Polizia penitenziaria della Casa Circondariale di Belluno\"},{\"@type\":\"BreadcrumbList\",\"@id\":\"https:\\\/\\\/www.bellunopress.it\\\/2025\\\/05\\\/29\\\/belluno-emanuele-bleve-il-piu-giovane-comandante-di-reparto-di-polizia-penitenziaria-ditalia-prende-servizio-nella-casa-circondariale\\\/#breadcrumb\",\"itemListElement\":[{\"@type\":\"ListItem\",\"position\":1,\"name\":\"Home\",\"item\":\"https:\\\/\\\/www.bellunopress.it\\\/\"},{\"@type\":\"ListItem\",\"position\":2,\"name\":\"Belluno. Emanuele Bleve, il pi\u00f9 giovane comandante di Reparto di Polizia penitenziaria d\u2019Italia prende servizio nella Casa circondariale\"}]},{\"@type\":\"WebSite\",\"@id\":\"https:\\\/\\\/www.bellunopress.it\\\/#website\",\"url\":\"https:\\\/\\\/www.bellunopress.it\\\/\",\"name\":\"Bellunopress - Dolomiti\",\"description\":\"e-mail: redazione@bellunopress.it\",\"publisher\":{\"@id\":\"https:\\\/\\\/www.bellunopress.it\\\/#organization\"},\"potentialAction\":[{\"@type\":\"SearchAction\",\"target\":{\"@type\":\"EntryPoint\",\"urlTemplate\":\"https:\\\/\\\/www.bellunopress.it\\\/?s={search_term_string}\"},\"query-input\":{\"@type\":\"PropertyValueSpecification\",\"valueRequired\":true,\"valueName\":\"search_term_string\"}}],\"inLanguage\":\"fr-FR\"},{\"@type\":\"Organization\",\"@id\":\"https:\\\/\\\/www.bellunopress.it\\\/#organization\",\"name\":\"Bellunopress\",\"url\":\"https:\\\/\\\/www.bellunopress.it\\\/\",\"logo\":{\"@type\":\"ImageObject\",\"inLanguage\":\"fr-FR\",\"@id\":\"https:\\\/\\\/www.bellunopress.it\\\/#\\\/schema\\\/logo\\\/image\\\/\",\"url\":\"https:\\\/\\\/www.bellunopress.it\\\/wp-content\\\/uploads\\\/2011\\\/05\\\/cropped-logo-bellunopress-.jpg\",\"contentUrl\":\"https:\\\/\\\/www.bellunopress.it\\\/wp-content\\\/uploads\\\/2011\\\/05\\\/cropped-logo-bellunopress-.jpg\",\"width\":512,\"height\":512,\"caption\":\"Bellunopress\"},\"image\":{\"@id\":\"https:\\\/\\\/www.bellunopress.it\\\/#\\\/schema\\\/logo\\\/image\\\/\"},\"sameAs\":[\"https:\\\/\\\/www.facebook.com\\\/profile.php?id=100008943462799\",\"https:\\\/\\\/x.com\\\/bellunopress\",\"https:\\\/\\\/www.linkedin.com\\\/hp\\\/?dnr=JBzUWaJfMUw8vbXJJ2tVW5-I3jZKvC4wsoxE&amp;amp;amp;amp;amp;amp;trk=nav_responsive_tab_home\",\"https:\\\/\\\/www.youtube.com\\\/channel\\\/UCxL0wu1uN0_3_7hGG0306cw\"]},{\"@type\":\"Person\",\"@id\":\"https:\\\/\\\/www.bellunopress.it\\\/#\\\/schema\\\/person\\\/79bb06722b37ece1c03d3e94beb30d73\",\"name\":\"redazione\",\"image\":{\"@type\":\"ImageObject\",\"inLanguage\":\"fr-FR\",\"@id\":\"https:\\\/\\\/secure.gravatar.com\\\/avatar\\\/37d968a2e67a6fd04c169c4bdef102d0bc5d31b2546345219e348575eb80e9a0?s=96&d=mm&r=g\",\"url\":\"https:\\\/\\\/secure.gravatar.com\\\/avatar\\\/37d968a2e67a6fd04c169c4bdef102d0bc5d31b2546345219e348575eb80e9a0?s=96&d=mm&r=g\",\"contentUrl\":\"https:\\\/\\\/secure.gravatar.com\\\/avatar\\\/37d968a2e67a6fd04c169c4bdef102d0bc5d31b2546345219e348575eb80e9a0?s=96&d=mm&r=g\",\"caption\":\"redazione\"},\"sameAs\":[\"http:\\\/\\\/www.bellunopress.it\",\"https:\\\/\\\/x.com\\\/bellunopress\"],\"url\":\"https:\\\/\\\/www.bellunopress.it\\\/fr\\\/author\\\/redazione\\\/\"}]}<\/script>\n<!-- \/ Yoast SEO plugin. -->","yoast_head_json":{"title":"Belluno. Emanuele Bleve, il pi\u00f9 giovane comandante di Reparto di Polizia penitenziaria d\u2019Italia prende servizio nella Casa circondariale - Bellunopress - Dolomiti","robots":{"index":"index","follow":"follow","max-snippet":"max-snippet:-1","max-image-preview":"max-image-preview:large","max-video-preview":"max-video-preview:-1"},"canonical":"https:\/\/www.bellunopress.it\/fr\/2025\/05\/29\/belluno-emanuele-bleve-il-piu-giovane-comandante-di-reparto-di-polizia-penitenziaria-ditalia-prende-servizio-nella-casa-circondariale\/","og_locale":"fr_FR","og_type":"article","og_title":"Belluno. Emanuele Bleve, il pi\u00f9 giovane comandante di Reparto di Polizia penitenziaria d\u2019Italia prende servizio nella Casa circondariale - Bellunopress - Dolomiti","og_description":"Belluno, 29 maggio 2025 \u2013 Un nuovo capitolo si apre per la Casa circondariale di Belluno, che accoglie il commissario Emanuele Bleve come nuovo comandante del reparto di Polizia penitenziaria. A soli 29 anni, Bleve \u00e8 il pi\u00f9 giovane comandante d\u2019Italia, un primato che riflette l\u2019eccellenza di un percorso accademico e professionale d\u2019eccezione. Originario di [&hellip;]","og_url":"https:\/\/www.bellunopress.it\/fr\/2025\/05\/29\/belluno-emanuele-bleve-il-piu-giovane-comandante-di-reparto-di-polizia-penitenziaria-ditalia-prende-servizio-nella-casa-circondariale\/","og_site_name":"Bellunopress - Dolomiti","article_publisher":"https:\/\/www.facebook.com\/profile.php?id=100008943462799","article_published_time":"2025-05-29T06:41:48+00:00","og_image":[{"width":810,"height":1000,"url":"https:\/\/www.bellunopress.it\/wp-content\/uploads\/2025\/05\/Emanuele-Bleve-commissario-polizia-penitenziaria.jpg","type":"image\/jpeg"}],"author":"redazione","twitter_card":"summary_large_image","twitter_creator":"@bellunopress","twitter_site":"@bellunopress","twitter_misc":{"\u00c9crit par":"redazione","Dur\u00e9e de lecture estim\u00e9e":"1 minute"},"schema":{"@context":"https:\/\/schema.org","@graph":[{"@type":"Article","@id":"https:\/\/www.bellunopress.it\/2025\/05\/29\/belluno-emanuele-bleve-il-piu-giovane-comandante-di-reparto-di-polizia-penitenziaria-ditalia-prende-servizio-nella-casa-circondariale\/#article","isPartOf":{"@id":"https:\/\/www.bellunopress.it\/2025\/05\/29\/belluno-emanuele-bleve-il-piu-giovane-comandante-di-reparto-di-polizia-penitenziaria-ditalia-prende-servizio-nella-casa-circondariale\/"},"author":{"name":"redazione","@id":"https:\/\/www.bellunopress.it\/#\/schema\/person\/79bb06722b37ece1c03d3e94beb30d73"},"headline":"Belluno. Emanuele Bleve, il pi\u00f9 giovane comandante di Reparto di Polizia penitenziaria d\u2019Italia prende servizio nella Casa circondariale","datePublished":"2025-05-29T06:41:48+00:00","mainEntityOfPage":{"@id":"https:\/\/www.bellunopress.it\/2025\/05\/29\/belluno-emanuele-bleve-il-piu-giovane-comandante-di-reparto-di-polizia-penitenziaria-ditalia-prende-servizio-nella-casa-circondariale\/"},"wordCount":262,"publisher":{"@id":"https:\/\/www.bellunopress.it\/#organization"},"image":{"@id":"https:\/\/www.bellunopress.it\/2025\/05\/29\/belluno-emanuele-bleve-il-piu-giovane-comandante-di-reparto-di-polizia-penitenziaria-ditalia-prende-servizio-nella-casa-circondariale\/#primaryimage"},"thumbnailUrl":"https:\/\/www.bellunopress.it\/wp-content\/uploads\/2025\/05\/Emanuele-Bleve-commissario-polizia-penitenziaria.jpg","articleSection":["Prima Pagina","Societ\u00e0, Associazioni, Istituzioni"],"inLanguage":"fr-FR"},{"@type":"WebPage","@id":"https:\/\/www.bellunopress.it\/2025\/05\/29\/belluno-emanuele-bleve-il-piu-giovane-comandante-di-reparto-di-polizia-penitenziaria-ditalia-prende-servizio-nella-casa-circondariale\/","url":"https:\/\/www.bellunopress.it\/2025\/05\/29\/belluno-emanuele-bleve-il-piu-giovane-comandante-di-reparto-di-polizia-penitenziaria-ditalia-prende-servizio-nella-casa-circondariale\/","name":"Belluno. Emanuele Bleve, il pi\u00f9 giovane comandante di Reparto di Polizia penitenziaria d\u2019Italia prende servizio nella Casa circondariale - Bellunopress - Dolomiti","isPartOf":{"@id":"https:\/\/www.bellunopress.it\/#website"},"primaryImageOfPage":{"@id":"https:\/\/www.bellunopress.it\/2025\/05\/29\/belluno-emanuele-bleve-il-piu-giovane-comandante-di-reparto-di-polizia-penitenziaria-ditalia-prende-servizio-nella-casa-circondariale\/#primaryimage"},"image":{"@id":"https:\/\/www.bellunopress.it\/2025\/05\/29\/belluno-emanuele-bleve-il-piu-giovane-comandante-di-reparto-di-polizia-penitenziaria-ditalia-prende-servizio-nella-casa-circondariale\/#primaryimage"},"thumbnailUrl":"https:\/\/www.bellunopress.it\/wp-content\/uploads\/2025\/05\/Emanuele-Bleve-commissario-polizia-penitenziaria.jpg","datePublished":"2025-05-29T06:41:48+00:00","breadcrumb":{"@id":"https:\/\/www.bellunopress.it\/2025\/05\/29\/belluno-emanuele-bleve-il-piu-giovane-comandante-di-reparto-di-polizia-penitenziaria-ditalia-prende-servizio-nella-casa-circondariale\/#breadcrumb"},"inLanguage":"fr-FR","potentialAction":[{"@type":"ReadAction","target":["https:\/\/www.bellunopress.it\/2025\/05\/29\/belluno-emanuele-bleve-il-piu-giovane-comandante-di-reparto-di-polizia-penitenziaria-ditalia-prende-servizio-nella-casa-circondariale\/"]}]},{"@type":"ImageObject","inLanguage":"fr-FR","@id":"https:\/\/www.bellunopress.it\/2025\/05\/29\/belluno-emanuele-bleve-il-piu-giovane-comandante-di-reparto-di-polizia-penitenziaria-ditalia-prende-servizio-nella-casa-circondariale\/#primaryimage","url":"https:\/\/www.bellunopress.it\/wp-content\/uploads\/2025\/05\/Emanuele-Bleve-commissario-polizia-penitenziaria.jpg","contentUrl":"https:\/\/www.bellunopress.it\/wp-content\/uploads\/2025\/05\/Emanuele-Bleve-commissario-polizia-penitenziaria.jpg","width":810,"height":1000,"caption":"Emanuele Bleve, comandante del Reparto di Polizia penitenziaria della Casa Circondariale di Belluno"},{"@type":"BreadcrumbList","@id":"https:\/\/www.bellunopress.it\/2025\/05\/29\/belluno-emanuele-bleve-il-piu-giovane-comandante-di-reparto-di-polizia-penitenziaria-ditalia-prende-servizio-nella-casa-circondariale\/#breadcrumb","itemListElement":[{"@type":"ListItem","position":1,"name":"Home","item":"https:\/\/www.bellunopress.it\/"},{"@type":"ListItem","position":2,"name":"Belluno. Emanuele Bleve, il pi\u00f9 giovane comandante di Reparto di Polizia penitenziaria d\u2019Italia prende servizio nella Casa circondariale"}]},{"@type":"WebSite","@id":"https:\/\/www.bellunopress.it\/#website","url":"https:\/\/www.bellunopress.it\/","name":"Bellunopress - Dolomiti","description":"e-mail: redazione@bellunopress.it","publisher":{"@id":"https:\/\/www.bellunopress.it\/#organization"},"potentialAction":[{"@type":"SearchAction","target":{"@type":"EntryPoint","urlTemplate":"https:\/\/www.bellunopress.it\/?s={search_term_string}"},"query-input":{"@type":"PropertyValueSpecification","valueRequired":true,"valueName":"search_term_string"}}],"inLanguage":"fr-FR"},{"@type":"Organization","@id":"https:\/\/www.bellunopress.it\/#organization","name":"Bellunopress","url":"https:\/\/www.bellunopress.it\/","logo":{"@type":"ImageObject","inLanguage":"fr-FR","@id":"https:\/\/www.bellunopress.it\/#\/schema\/logo\/image\/","url":"https:\/\/www.bellunopress.it\/wp-content\/uploads\/2011\/05\/cropped-logo-bellunopress-.jpg","contentUrl":"https:\/\/www.bellunopress.it\/wp-content\/uploads\/2011\/05\/cropped-logo-bellunopress-.jpg","width":512,"height":512,"caption":"Bellunopress"},"image":{"@id":"https:\/\/www.bellunopress.it\/#\/schema\/logo\/image\/"},"sameAs":["https:\/\/www.facebook.com\/profile.php?id=100008943462799","https:\/\/x.com\/bellunopress","https:\/\/www.linkedin.com\/hp\/?dnr=JBzUWaJfMUw8vbXJJ2tVW5-I3jZKvC4wsoxE&amp;amp;amp;amp;amp;amp;trk=nav_responsive_tab_home","https:\/\/www.youtube.com\/channel\/UCxL0wu1uN0_3_7hGG0306cw"]},{"@type":"Person","@id":"https:\/\/www.bellunopress.it\/#\/schema\/person\/79bb06722b37ece1c03d3e94beb30d73","name":"r\u00e9daction","image":{"@type":"ImageObject","inLanguage":"fr-FR","@id":"https:\/\/secure.gravatar.com\/avatar\/37d968a2e67a6fd04c169c4bdef102d0bc5d31b2546345219e348575eb80e9a0?s=96&d=mm&r=g","url":"https:\/\/secure.gravatar.com\/avatar\/37d968a2e67a6fd04c169c4bdef102d0bc5d31b2546345219e348575eb80e9a0?s=96&d=mm&r=g","contentUrl":"https:\/\/secure.gravatar.com\/avatar\/37d968a2e67a6fd04c169c4bdef102d0bc5d31b2546345219e348575eb80e9a0?s=96&d=mm&r=g","caption":"redazione"},"sameAs":["http:\/\/www.bellunopress.it","https:\/\/x.com\/bellunopress"],"url":"https:\/\/www.bellunopress.it\/fr\/author\/redazione\/"}]}},"_links":{"self":[{"href":"https:\/\/www.bellunopress.it\/fr\/wp-json\/wp\/v2\/posts\/160528","targetHints":{"allow":["GET"]}}],"collection":[{"href":"https:\/\/www.bellunopress.it\/fr\/wp-json\/wp\/v2\/posts"}],"about":[{"href":"https:\/\/www.bellunopress.it\/fr\/wp-json\/wp\/v2\/types\/post"}],"author":[{"embeddable":true,"href":"https:\/\/www.bellunopress.it\/fr\/wp-json\/wp\/v2\/users\/2"}],"replies":[{"embeddable":true,"href":"https:\/\/www.bellunopress.it\/fr\/wp-json\/wp\/v2\/comments?post=160528"}],"version-history":[{"count":1,"href":"https:\/\/www.bellunopress.it\/fr\/wp-json\/wp\/v2\/posts\/160528\/revisions"}],"predecessor-version":[{"id":160530,"href":"https:\/\/www.bellunopress.it\/fr\/wp-json\/wp\/v2\/posts\/160528\/revisions\/160530"}],"wp:featuredmedia":[{"embeddable":true,"href":"https:\/\/www.bellunopress.it\/fr\/wp-json\/wp\/v2\/media\/160529"}],"wp:attachment":[{"href":"https:\/\/www.bellunopress.it\/fr\/wp-json\/wp\/v2\/media?parent=160528"}],"wp:term":[{"taxonomy":"category","embeddable":true,"href":"https:\/\/www.bellunopress.it\/fr\/wp-json\/wp\/v2\/categories?post=160528"},{"taxonomy":"post_tag","embeddable":true,"href":"https:\/\/www.bellunopress.it\/fr\/wp-json\/wp\/v2\/tags?post=160528"}],"curies":[{"name":"wp","href":"https:\/\/api.w.org\/{rel}","templated":true}]}}