{"id":160522,"date":"2025-05-28T20:18:54","date_gmt":"2025-05-28T18:18:54","guid":{"rendered":"https:\/\/www.bellunopress.it\/?p=160522"},"modified":"2025-05-28T20:18:54","modified_gmt":"2025-05-28T18:18:54","slug":"col-di-cugnan-gli-alunni-della-terza-vincono-con-un-rap-per-la-terra","status":"publish","type":"post","link":"https:\/\/www.bellunopress.it\/fr\/2025\/05\/28\/col-di-cugnan-gli-alunni-della-terza-vincono-con-un-rap-per-la-terra\/","title":{"rendered":"Col di Cugnan: gli alunni della terza vincono con un rap per la Terra"},"content":{"rendered":"<figure id=\"attachment_160523\" aria-describedby=\"caption-attachment-160523\" style=\"width: 1000px\" class=\"wp-caption aligncenter\"><img loading=\"lazy\" decoding=\"async\" class=\"size-full wp-image-160523\" src=\"https:\/\/www.bellunopress.it\/wp-content\/uploads\/2025\/05\/elementare-Col-di-Cugnan-premiata.jpg\" alt=\"\" width=\"1000\" height=\"563\" srcset=\"https:\/\/www.bellunopress.it\/wp-content\/uploads\/2025\/05\/elementare-Col-di-Cugnan-premiata.jpg 1000w, https:\/\/www.bellunopress.it\/wp-content\/uploads\/2025\/05\/elementare-Col-di-Cugnan-premiata-500x282.jpg 500w, https:\/\/www.bellunopress.it\/wp-content\/uploads\/2025\/05\/elementare-Col-di-Cugnan-premiata-746x420.jpg 746w, https:\/\/www.bellunopress.it\/wp-content\/uploads\/2025\/05\/elementare-Col-di-Cugnan-premiata-696x392.jpg 696w\" sizes=\"auto, (max-width: 1000px) 100vw, 1000px\" \/><figcaption id=\"caption-attachment-160523\" class=\"wp-caption-text\">La classe terza elementare di Col di Cugnan<\/figcaption><\/figure>\n<p data-start=\"75\" data-end=\"455\"><em data-start=\"75\" data-end=\"156\">Ponte nelle Alpi, 28 maggio 2025 &#8211; \u201cNoi non abbiamo un pianeta di riserva. Noi ci impegniamo a difendere la Terra\u201d<\/em>. Questo il potente messaggio lanciato in rima dai giovanissimi alunni della classe terza della scuola elementare di Col di Cugnan, che oggi hanno ricevuto uno dei premi nazionali nell\u2019ambito del concorso <em data-start=\"361\" data-end=\"401\">&#8220;Packaging: che fantastica avventura!&#8221;<\/em>, promosso dalla Fondazione Carta Etica del Packaging.<\/p>\n<p data-start=\"457\" data-end=\"968\">Un successo meritato per un progetto originale e coraggioso, che ha visto i bambini confrontarsi con l\u2019arte del riciclo e dell\u2019eco-creativit\u00e0. Guidati dalle loro insegnanti, i piccoli artisti si sono messi alla prova con uno dei materiali pi\u00f9 ostici da riutilizzare: l\u2019alluminio. Ne \u00e8 nato un autentico capolavoro di ingegnosit\u00e0 e sostenibilit\u00e0 \u2013 un monopattino costruito interamente con lattine, assemblato alla perfezione, simbolo concreto di come l\u2019educazione ambientale possa diventare azione e cambiamento.<\/p>\n<p data-start=\"970\" data-end=\"1370\">La cerimonia di premiazione si \u00e8 svolta in un clima di festa alla presenza di Sabrina Bassan, responsabile della comunicazione per la Fondazione Carta Etica, della sindaca di Ponte nelle Alpi Elena Levorato, della dirigente scolastica, delle insegnanti e di numerosi genitori. Un evento che ha celebrato non solo la creativit\u00e0, ma anche l\u2019impegno civico e l\u2019attenzione al futuro delle nuove generazioni.<\/p>\n<p data-start=\"1372\" data-end=\"1674\">Non \u00e8 una sorpresa, in fondo, che da un Comune come Ponte delle Alpi \u2013 noto per le sue politiche ambientali e spesso citato come esempio virtuoso \u2013 arrivino progetti cos\u00ec innovativi. Col di Cugnan conferma, con orgoglio, il suo posto tra le realt\u00e0 scolastiche pi\u00f9 sensibili al tema della sostenibilit\u00e0.<\/p>","protected":false},"excerpt":{"rendered":"<p>Ponte nelle Alpi, 28 maggio 2025 &#8211; \u201cNoi non abbiamo un pianeta di riserva. Noi ci impegniamo a difendere la Terra\u201d. Questo il potente messaggio lanciato in rima dai giovanissimi alunni della classe terza della scuola elementare di Col di Cugnan, che oggi hanno ricevuto uno dei premi nazionali nell\u2019ambito del concorso &#8220;Packaging: che fantastica [&hellip;]<\/p>\n","protected":false},"author":2,"featured_media":160523,"comment_status":"closed","ping_status":"open","sticky":false,"template":"","format":"standard","meta":{"footnotes":""},"categories":[15],"tags":[],"class_list":["post-160522","post","type-post","status-publish","format-standard","has-post-thumbnail","category-scuola"],"yoast_head":"<!-- This site is optimized with the Yoast SEO plugin v28.4 - https:\/\/yoast.com\/product\/yoast-seo-wordpress\/ -->\n<title>Col di Cugnan: gli alunni della terza vincono con un rap per la Terra - Bellunopress - Dolomiti<\/title>\n<meta name=\"robots\" content=\"index, follow, max-snippet:-1, max-image-preview:large, max-video-preview:-1\" \/>\n<link rel=\"canonical\" href=\"https:\/\/www.bellunopress.it\/fr\/2025\/05\/28\/col-di-cugnan-gli-alunni-della-terza-vincono-con-un-rap-per-la-terra\/\" \/>\n<meta property=\"og:locale\" content=\"fr_FR\" \/>\n<meta property=\"og:type\" content=\"article\" \/>\n<meta property=\"og:title\" content=\"Col di Cugnan: gli alunni della terza vincono con un rap per la Terra - Bellunopress - Dolomiti\" \/>\n<meta property=\"og:description\" content=\"Ponte nelle Alpi, 28 maggio 2025 &#8211; \u201cNoi non abbiamo un pianeta di riserva. Noi ci impegniamo a difendere la Terra\u201d. Questo il potente messaggio lanciato in rima dai giovanissimi alunni della classe terza della scuola elementare di Col di Cugnan, che oggi hanno ricevuto uno dei premi nazionali nell\u2019ambito del concorso &#8220;Packaging: che fantastica [&hellip;]\" \/>\n<meta property=\"og:url\" content=\"https:\/\/www.bellunopress.it\/fr\/2025\/05\/28\/col-di-cugnan-gli-alunni-della-terza-vincono-con-un-rap-per-la-terra\/\" \/>\n<meta property=\"og:site_name\" content=\"Bellunopress - Dolomiti\" \/>\n<meta property=\"article:publisher\" content=\"https:\/\/www.facebook.com\/profile.php?id=100008943462799\" \/>\n<meta property=\"article:published_time\" content=\"2025-05-28T18:18:54+00:00\" \/>\n<meta property=\"og:image\" content=\"https:\/\/www.bellunopress.it\/wp-content\/uploads\/2025\/05\/elementare-Col-di-Cugnan-premiata.jpg\" \/>\n\t<meta property=\"og:image:width\" content=\"1000\" \/>\n\t<meta property=\"og:image:height\" content=\"563\" \/>\n\t<meta property=\"og:image:type\" content=\"image\/jpeg\" \/>\n<meta name=\"author\" content=\"redazione\" \/>\n<meta name=\"twitter:card\" content=\"summary_large_image\" \/>\n<meta name=\"twitter:creator\" content=\"@bellunopress\" \/>\n<meta name=\"twitter:site\" content=\"@bellunopress\" \/>\n<meta name=\"twitter:label1\" content=\"\u00c9crit par\" \/>\n\t<meta name=\"twitter:data1\" content=\"redazione\" \/>\n\t<meta name=\"twitter:label2\" content=\"Dur\u00e9e de lecture estim\u00e9e\" \/>\n\t<meta name=\"twitter:data2\" content=\"1 minute\" \/>\n<script type=\"application\/ld+json\" class=\"yoast-schema-graph\">{\"@context\":\"https:\\\/\\\/schema.org\",\"@graph\":[{\"@type\":\"Article\",\"@id\":\"https:\\\/\\\/www.bellunopress.it\\\/2025\\\/05\\\/28\\\/col-di-cugnan-gli-alunni-della-terza-vincono-con-un-rap-per-la-terra\\\/#article\",\"isPartOf\":{\"@id\":\"https:\\\/\\\/www.bellunopress.it\\\/2025\\\/05\\\/28\\\/col-di-cugnan-gli-alunni-della-terza-vincono-con-un-rap-per-la-terra\\\/\"},\"author\":{\"name\":\"redazione\",\"@id\":\"https:\\\/\\\/www.bellunopress.it\\\/#\\\/schema\\\/person\\\/79bb06722b37ece1c03d3e94beb30d73\"},\"headline\":\"Col di Cugnan: gli alunni della terza vincono con un rap per la Terra\",\"datePublished\":\"2025-05-28T18:18:54+00:00\",\"mainEntityOfPage\":{\"@id\":\"https:\\\/\\\/www.bellunopress.it\\\/2025\\\/05\\\/28\\\/col-di-cugnan-gli-alunni-della-terza-vincono-con-un-rap-per-la-terra\\\/\"},\"wordCount\":277,\"publisher\":{\"@id\":\"https:\\\/\\\/www.bellunopress.it\\\/#organization\"},\"image\":{\"@id\":\"https:\\\/\\\/www.bellunopress.it\\\/2025\\\/05\\\/28\\\/col-di-cugnan-gli-alunni-della-terza-vincono-con-un-rap-per-la-terra\\\/#primaryimage\"},\"thumbnailUrl\":\"https:\\\/\\\/www.bellunopress.it\\\/wp-content\\\/uploads\\\/2025\\\/05\\\/elementare-Col-di-Cugnan-premiata.jpg\",\"articleSection\":[\"Scuola\"],\"inLanguage\":\"fr-FR\"},{\"@type\":\"WebPage\",\"@id\":\"https:\\\/\\\/www.bellunopress.it\\\/2025\\\/05\\\/28\\\/col-di-cugnan-gli-alunni-della-terza-vincono-con-un-rap-per-la-terra\\\/\",\"url\":\"https:\\\/\\\/www.bellunopress.it\\\/2025\\\/05\\\/28\\\/col-di-cugnan-gli-alunni-della-terza-vincono-con-un-rap-per-la-terra\\\/\",\"name\":\"Col di Cugnan: gli alunni della terza vincono con un rap per la Terra - Bellunopress - Dolomiti\",\"isPartOf\":{\"@id\":\"https:\\\/\\\/www.bellunopress.it\\\/#website\"},\"primaryImageOfPage\":{\"@id\":\"https:\\\/\\\/www.bellunopress.it\\\/2025\\\/05\\\/28\\\/col-di-cugnan-gli-alunni-della-terza-vincono-con-un-rap-per-la-terra\\\/#primaryimage\"},\"image\":{\"@id\":\"https:\\\/\\\/www.bellunopress.it\\\/2025\\\/05\\\/28\\\/col-di-cugnan-gli-alunni-della-terza-vincono-con-un-rap-per-la-terra\\\/#primaryimage\"},\"thumbnailUrl\":\"https:\\\/\\\/www.bellunopress.it\\\/wp-content\\\/uploads\\\/2025\\\/05\\\/elementare-Col-di-Cugnan-premiata.jpg\",\"datePublished\":\"2025-05-28T18:18:54+00:00\",\"breadcrumb\":{\"@id\":\"https:\\\/\\\/www.bellunopress.it\\\/2025\\\/05\\\/28\\\/col-di-cugnan-gli-alunni-della-terza-vincono-con-un-rap-per-la-terra\\\/#breadcrumb\"},\"inLanguage\":\"fr-FR\",\"potentialAction\":[{\"@type\":\"ReadAction\",\"target\":[\"https:\\\/\\\/www.bellunopress.it\\\/2025\\\/05\\\/28\\\/col-di-cugnan-gli-alunni-della-terza-vincono-con-un-rap-per-la-terra\\\/\"]}]},{\"@type\":\"ImageObject\",\"inLanguage\":\"fr-FR\",\"@id\":\"https:\\\/\\\/www.bellunopress.it\\\/2025\\\/05\\\/28\\\/col-di-cugnan-gli-alunni-della-terza-vincono-con-un-rap-per-la-terra\\\/#primaryimage\",\"url\":\"https:\\\/\\\/www.bellunopress.it\\\/wp-content\\\/uploads\\\/2025\\\/05\\\/elementare-Col-di-Cugnan-premiata.jpg\",\"contentUrl\":\"https:\\\/\\\/www.bellunopress.it\\\/wp-content\\\/uploads\\\/2025\\\/05\\\/elementare-Col-di-Cugnan-premiata.jpg\",\"width\":1000,\"height\":563,\"caption\":\"La classe terza elementare di Col di Cugnan\"},{\"@type\":\"BreadcrumbList\",\"@id\":\"https:\\\/\\\/www.bellunopress.it\\\/2025\\\/05\\\/28\\\/col-di-cugnan-gli-alunni-della-terza-vincono-con-un-rap-per-la-terra\\\/#breadcrumb\",\"itemListElement\":[{\"@type\":\"ListItem\",\"position\":1,\"name\":\"Home\",\"item\":\"https:\\\/\\\/www.bellunopress.it\\\/\"},{\"@type\":\"ListItem\",\"position\":2,\"name\":\"Col di Cugnan: gli alunni della terza vincono con un rap per la Terra\"}]},{\"@type\":\"WebSite\",\"@id\":\"https:\\\/\\\/www.bellunopress.it\\\/#website\",\"url\":\"https:\\\/\\\/www.bellunopress.it\\\/\",\"name\":\"Bellunopress - Dolomiti\",\"description\":\"e-mail: redazione@bellunopress.it\",\"publisher\":{\"@id\":\"https:\\\/\\\/www.bellunopress.it\\\/#organization\"},\"potentialAction\":[{\"@type\":\"SearchAction\",\"target\":{\"@type\":\"EntryPoint\",\"urlTemplate\":\"https:\\\/\\\/www.bellunopress.it\\\/?s={search_term_string}\"},\"query-input\":{\"@type\":\"PropertyValueSpecification\",\"valueRequired\":true,\"valueName\":\"search_term_string\"}}],\"inLanguage\":\"fr-FR\"},{\"@type\":\"Organization\",\"@id\":\"https:\\\/\\\/www.bellunopress.it\\\/#organization\",\"name\":\"Bellunopress\",\"url\":\"https:\\\/\\\/www.bellunopress.it\\\/\",\"logo\":{\"@type\":\"ImageObject\",\"inLanguage\":\"fr-FR\",\"@id\":\"https:\\\/\\\/www.bellunopress.it\\\/#\\\/schema\\\/logo\\\/image\\\/\",\"url\":\"https:\\\/\\\/www.bellunopress.it\\\/wp-content\\\/uploads\\\/2011\\\/05\\\/cropped-logo-bellunopress-.jpg\",\"contentUrl\":\"https:\\\/\\\/www.bellunopress.it\\\/wp-content\\\/uploads\\\/2011\\\/05\\\/cropped-logo-bellunopress-.jpg\",\"width\":512,\"height\":512,\"caption\":\"Bellunopress\"},\"image\":{\"@id\":\"https:\\\/\\\/www.bellunopress.it\\\/#\\\/schema\\\/logo\\\/image\\\/\"},\"sameAs\":[\"https:\\\/\\\/www.facebook.com\\\/profile.php?id=100008943462799\",\"https:\\\/\\\/x.com\\\/bellunopress\",\"https:\\\/\\\/www.linkedin.com\\\/hp\\\/?dnr=JBzUWaJfMUw8vbXJJ2tVW5-I3jZKvC4wsoxE&amp;amp;amp;amp;amp;amp;trk=nav_responsive_tab_home\",\"https:\\\/\\\/www.youtube.com\\\/channel\\\/UCxL0wu1uN0_3_7hGG0306cw\"]},{\"@type\":\"Person\",\"@id\":\"https:\\\/\\\/www.bellunopress.it\\\/#\\\/schema\\\/person\\\/79bb06722b37ece1c03d3e94beb30d73\",\"name\":\"redazione\",\"image\":{\"@type\":\"ImageObject\",\"inLanguage\":\"fr-FR\",\"@id\":\"https:\\\/\\\/secure.gravatar.com\\\/avatar\\\/37d968a2e67a6fd04c169c4bdef102d0bc5d31b2546345219e348575eb80e9a0?s=96&d=mm&r=g\",\"url\":\"https:\\\/\\\/secure.gravatar.com\\\/avatar\\\/37d968a2e67a6fd04c169c4bdef102d0bc5d31b2546345219e348575eb80e9a0?s=96&d=mm&r=g\",\"contentUrl\":\"https:\\\/\\\/secure.gravatar.com\\\/avatar\\\/37d968a2e67a6fd04c169c4bdef102d0bc5d31b2546345219e348575eb80e9a0?s=96&d=mm&r=g\",\"caption\":\"redazione\"},\"sameAs\":[\"http:\\\/\\\/www.bellunopress.it\",\"https:\\\/\\\/x.com\\\/bellunopress\"],\"url\":\"https:\\\/\\\/www.bellunopress.it\\\/fr\\\/author\\\/redazione\\\/\"}]}<\/script>\n<!-- \/ Yoast SEO plugin. -->","yoast_head_json":{"title":"Col di Cugnan: gli alunni della terza vincono con un rap per la Terra - Bellunopress - Dolomiti","robots":{"index":"index","follow":"follow","max-snippet":"max-snippet:-1","max-image-preview":"max-image-preview:large","max-video-preview":"max-video-preview:-1"},"canonical":"https:\/\/www.bellunopress.it\/fr\/2025\/05\/28\/col-di-cugnan-gli-alunni-della-terza-vincono-con-un-rap-per-la-terra\/","og_locale":"fr_FR","og_type":"article","og_title":"Col di Cugnan: gli alunni della terza vincono con un rap per la Terra - Bellunopress - Dolomiti","og_description":"Ponte nelle Alpi, 28 maggio 2025 &#8211; \u201cNoi non abbiamo un pianeta di riserva. Noi ci impegniamo a difendere la Terra\u201d. Questo il potente messaggio lanciato in rima dai giovanissimi alunni della classe terza della scuola elementare di Col di Cugnan, che oggi hanno ricevuto uno dei premi nazionali nell\u2019ambito del concorso &#8220;Packaging: che fantastica [&hellip;]","og_url":"https:\/\/www.bellunopress.it\/fr\/2025\/05\/28\/col-di-cugnan-gli-alunni-della-terza-vincono-con-un-rap-per-la-terra\/","og_site_name":"Bellunopress - Dolomiti","article_publisher":"https:\/\/www.facebook.com\/profile.php?id=100008943462799","article_published_time":"2025-05-28T18:18:54+00:00","og_image":[{"width":1000,"height":563,"url":"https:\/\/www.bellunopress.it\/wp-content\/uploads\/2025\/05\/elementare-Col-di-Cugnan-premiata.jpg","type":"image\/jpeg"}],"author":"redazione","twitter_card":"summary_large_image","twitter_creator":"@bellunopress","twitter_site":"@bellunopress","twitter_misc":{"\u00c9crit par":"redazione","Dur\u00e9e de lecture estim\u00e9e":"1 minute"},"schema":{"@context":"https:\/\/schema.org","@graph":[{"@type":"Article","@id":"https:\/\/www.bellunopress.it\/2025\/05\/28\/col-di-cugnan-gli-alunni-della-terza-vincono-con-un-rap-per-la-terra\/#article","isPartOf":{"@id":"https:\/\/www.bellunopress.it\/2025\/05\/28\/col-di-cugnan-gli-alunni-della-terza-vincono-con-un-rap-per-la-terra\/"},"author":{"name":"redazione","@id":"https:\/\/www.bellunopress.it\/#\/schema\/person\/79bb06722b37ece1c03d3e94beb30d73"},"headline":"Col di Cugnan: gli alunni della terza vincono con un rap per la Terra","datePublished":"2025-05-28T18:18:54+00:00","mainEntityOfPage":{"@id":"https:\/\/www.bellunopress.it\/2025\/05\/28\/col-di-cugnan-gli-alunni-della-terza-vincono-con-un-rap-per-la-terra\/"},"wordCount":277,"publisher":{"@id":"https:\/\/www.bellunopress.it\/#organization"},"image":{"@id":"https:\/\/www.bellunopress.it\/2025\/05\/28\/col-di-cugnan-gli-alunni-della-terza-vincono-con-un-rap-per-la-terra\/#primaryimage"},"thumbnailUrl":"https:\/\/www.bellunopress.it\/wp-content\/uploads\/2025\/05\/elementare-Col-di-Cugnan-premiata.jpg","articleSection":["Scuola"],"inLanguage":"fr-FR"},{"@type":"WebPage","@id":"https:\/\/www.bellunopress.it\/2025\/05\/28\/col-di-cugnan-gli-alunni-della-terza-vincono-con-un-rap-per-la-terra\/","url":"https:\/\/www.bellunopress.it\/2025\/05\/28\/col-di-cugnan-gli-alunni-della-terza-vincono-con-un-rap-per-la-terra\/","name":"Col di Cugnan: gli alunni della terza vincono con un rap per la Terra - Bellunopress - Dolomiti","isPartOf":{"@id":"https:\/\/www.bellunopress.it\/#website"},"primaryImageOfPage":{"@id":"https:\/\/www.bellunopress.it\/2025\/05\/28\/col-di-cugnan-gli-alunni-della-terza-vincono-con-un-rap-per-la-terra\/#primaryimage"},"image":{"@id":"https:\/\/www.bellunopress.it\/2025\/05\/28\/col-di-cugnan-gli-alunni-della-terza-vincono-con-un-rap-per-la-terra\/#primaryimage"},"thumbnailUrl":"https:\/\/www.bellunopress.it\/wp-content\/uploads\/2025\/05\/elementare-Col-di-Cugnan-premiata.jpg","datePublished":"2025-05-28T18:18:54+00:00","breadcrumb":{"@id":"https:\/\/www.bellunopress.it\/2025\/05\/28\/col-di-cugnan-gli-alunni-della-terza-vincono-con-un-rap-per-la-terra\/#breadcrumb"},"inLanguage":"fr-FR","potentialAction":[{"@type":"ReadAction","target":["https:\/\/www.bellunopress.it\/2025\/05\/28\/col-di-cugnan-gli-alunni-della-terza-vincono-con-un-rap-per-la-terra\/"]}]},{"@type":"ImageObject","inLanguage":"fr-FR","@id":"https:\/\/www.bellunopress.it\/2025\/05\/28\/col-di-cugnan-gli-alunni-della-terza-vincono-con-un-rap-per-la-terra\/#primaryimage","url":"https:\/\/www.bellunopress.it\/wp-content\/uploads\/2025\/05\/elementare-Col-di-Cugnan-premiata.jpg","contentUrl":"https:\/\/www.bellunopress.it\/wp-content\/uploads\/2025\/05\/elementare-Col-di-Cugnan-premiata.jpg","width":1000,"height":563,"caption":"La classe terza elementare di Col di Cugnan"},{"@type":"BreadcrumbList","@id":"https:\/\/www.bellunopress.it\/2025\/05\/28\/col-di-cugnan-gli-alunni-della-terza-vincono-con-un-rap-per-la-terra\/#breadcrumb","itemListElement":[{"@type":"ListItem","position":1,"name":"Home","item":"https:\/\/www.bellunopress.it\/"},{"@type":"ListItem","position":2,"name":"Col di Cugnan: gli alunni della terza vincono con un rap per la Terra"}]},{"@type":"WebSite","@id":"https:\/\/www.bellunopress.it\/#website","url":"https:\/\/www.bellunopress.it\/","name":"Bellunopress - Dolomiti","description":"e-mail: redazione@bellunopress.it","publisher":{"@id":"https:\/\/www.bellunopress.it\/#organization"},"potentialAction":[{"@type":"SearchAction","target":{"@type":"EntryPoint","urlTemplate":"https:\/\/www.bellunopress.it\/?s={search_term_string}"},"query-input":{"@type":"PropertyValueSpecification","valueRequired":true,"valueName":"search_term_string"}}],"inLanguage":"fr-FR"},{"@type":"Organization","@id":"https:\/\/www.bellunopress.it\/#organization","name":"Bellunopress","url":"https:\/\/www.bellunopress.it\/","logo":{"@type":"ImageObject","inLanguage":"fr-FR","@id":"https:\/\/www.bellunopress.it\/#\/schema\/logo\/image\/","url":"https:\/\/www.bellunopress.it\/wp-content\/uploads\/2011\/05\/cropped-logo-bellunopress-.jpg","contentUrl":"https:\/\/www.bellunopress.it\/wp-content\/uploads\/2011\/05\/cropped-logo-bellunopress-.jpg","width":512,"height":512,"caption":"Bellunopress"},"image":{"@id":"https:\/\/www.bellunopress.it\/#\/schema\/logo\/image\/"},"sameAs":["https:\/\/www.facebook.com\/profile.php?id=100008943462799","https:\/\/x.com\/bellunopress","https:\/\/www.linkedin.com\/hp\/?dnr=JBzUWaJfMUw8vbXJJ2tVW5-I3jZKvC4wsoxE&amp;amp;amp;amp;amp;amp;trk=nav_responsive_tab_home","https:\/\/www.youtube.com\/channel\/UCxL0wu1uN0_3_7hGG0306cw"]},{"@type":"Person","@id":"https:\/\/www.bellunopress.it\/#\/schema\/person\/79bb06722b37ece1c03d3e94beb30d73","name":"r\u00e9daction","image":{"@type":"ImageObject","inLanguage":"fr-FR","@id":"https:\/\/secure.gravatar.com\/avatar\/37d968a2e67a6fd04c169c4bdef102d0bc5d31b2546345219e348575eb80e9a0?s=96&d=mm&r=g","url":"https:\/\/secure.gravatar.com\/avatar\/37d968a2e67a6fd04c169c4bdef102d0bc5d31b2546345219e348575eb80e9a0?s=96&d=mm&r=g","contentUrl":"https:\/\/secure.gravatar.com\/avatar\/37d968a2e67a6fd04c169c4bdef102d0bc5d31b2546345219e348575eb80e9a0?s=96&d=mm&r=g","caption":"redazione"},"sameAs":["http:\/\/www.bellunopress.it","https:\/\/x.com\/bellunopress"],"url":"https:\/\/www.bellunopress.it\/fr\/author\/redazione\/"}]}},"_links":{"self":[{"href":"https:\/\/www.bellunopress.it\/fr\/wp-json\/wp\/v2\/posts\/160522","targetHints":{"allow":["GET"]}}],"collection":[{"href":"https:\/\/www.bellunopress.it\/fr\/wp-json\/wp\/v2\/posts"}],"about":[{"href":"https:\/\/www.bellunopress.it\/fr\/wp-json\/wp\/v2\/types\/post"}],"author":[{"embeddable":true,"href":"https:\/\/www.bellunopress.it\/fr\/wp-json\/wp\/v2\/users\/2"}],"replies":[{"embeddable":true,"href":"https:\/\/www.bellunopress.it\/fr\/wp-json\/wp\/v2\/comments?post=160522"}],"version-history":[{"count":1,"href":"https:\/\/www.bellunopress.it\/fr\/wp-json\/wp\/v2\/posts\/160522\/revisions"}],"predecessor-version":[{"id":160524,"href":"https:\/\/www.bellunopress.it\/fr\/wp-json\/wp\/v2\/posts\/160522\/revisions\/160524"}],"wp:featuredmedia":[{"embeddable":true,"href":"https:\/\/www.bellunopress.it\/fr\/wp-json\/wp\/v2\/media\/160523"}],"wp:attachment":[{"href":"https:\/\/www.bellunopress.it\/fr\/wp-json\/wp\/v2\/media?parent=160522"}],"wp:term":[{"taxonomy":"category","embeddable":true,"href":"https:\/\/www.bellunopress.it\/fr\/wp-json\/wp\/v2\/categories?post=160522"},{"taxonomy":"post_tag","embeddable":true,"href":"https:\/\/www.bellunopress.it\/fr\/wp-json\/wp\/v2\/tags?post=160522"}],"curies":[{"name":"wp","href":"https:\/\/api.w.org\/{rel}","templated":true}]}}