{"id":160519,"date":"2025-05-28T19:45:37","date_gmt":"2025-05-28T17:45:37","guid":{"rendered":"https:\/\/www.bellunopress.it\/?p=160519"},"modified":"2025-05-28T19:45:37","modified_gmt":"2025-05-28T17:45:37","slug":"va-in-pensione-la-voce-dei-vigili-del-fuoco-del-veneto-salvatore-turria-saluta-dopo-33-anni-di-servizio","status":"publish","type":"post","link":"https:\/\/www.bellunopress.it\/fr\/2025\/05\/28\/va-in-pensione-la-voce-dei-vigili-del-fuoco-del-veneto-salvatore-turria-saluta-dopo-33-anni-di-servizio\/","title":{"rendered":"Va in pensione la voce dei Vigili del fuoco del Veneto: Salvatore Turria saluta dopo 33 anni di servizio"},"content":{"rendered":"<figure id=\"attachment_160520\" aria-describedby=\"caption-attachment-160520\" style=\"width: 935px\" class=\"wp-caption aligncenter\"><img loading=\"lazy\" decoding=\"async\" class=\"size-full wp-image-160520\" src=\"https:\/\/www.bellunopress.it\/wp-content\/uploads\/2025\/05\/Salvatore-Turria_edited.jpg\" alt=\"\" width=\"935\" height=\"867\" srcset=\"https:\/\/www.bellunopress.it\/wp-content\/uploads\/2025\/05\/Salvatore-Turria_edited.jpg 935w, https:\/\/www.bellunopress.it\/wp-content\/uploads\/2025\/05\/Salvatore-Turria_edited-500x464.jpg 500w, https:\/\/www.bellunopress.it\/wp-content\/uploads\/2025\/05\/Salvatore-Turria_edited-453x420.jpg 453w, https:\/\/www.bellunopress.it\/wp-content\/uploads\/2025\/05\/Salvatore-Turria_edited-696x645.jpg 696w\" sizes=\"auto, (max-width: 935px) 100vw, 935px\" \/><figcaption id=\"caption-attachment-160520\" class=\"wp-caption-text\">Salvatore Turria<\/figcaption><\/figure>\n<h6 class=\"sr-only\"><span style=\"color: #222222; font-family: Verdana, BlinkMacSystemFont, -apple-system, 'Segoe UI', Roboto, Oxygen, Ubuntu, Cantarell, 'Open Sans', 'Helvetica Neue', sans-serif; font-size: 15px;\">Dopo 33 anni e mezzo di attivit\u00e0, Salvatore Turria, referente per le comunicazioni in emergenza della Direzione Interregionale dei Vigili del fuoco del Veneto e Trentino Alto Adige, lascia il servizio per raggiunti limiti d\u2019et\u00e0.<\/span><\/h6>\n<div class=\"text-base my-auto mx-auto py-5 [--thread-content-margin:--spacing(4)] @[37rem]:[--thread-content-margin:--spacing(6)] @[72rem]:[--thread-content-margin:--spacing(16)] px-(--thread-content-margin)\">\n<div class=\"[--thread-content-max-width:32rem] @[34rem]:[--thread-content-max-width:40rem] @[64rem]:[--thread-content-max-width:48rem] mx-auto flex max-w-(--thread-content-max-width) flex-1 text-base gap-4 md:gap-5 lg:gap-6 group\/turn-messages focus-visible:outline-hidden\" tabindex=\"-1\">\n<div class=\"group\/conversation-turn relative flex w-full min-w-0 flex-col agent-turn\">\n<div class=\"relative flex-col gap-1 md:gap-3\">\n<div class=\"flex max-w-full flex-col grow\">\n<div class=\"min-h-8 text-message relative flex w-full flex-col items-end gap-2 text-start break-words whitespace-normal [.text-message+&amp;]:mt-5\" dir=\"auto\" data-message-author-role=\"assistant\" data-message-id=\"9ac24760-c48b-4c61-9458-4784b0c8ccbf\" data-message-model-slug=\"gpt-4o\">\n<div class=\"flex w-full flex-col gap-1 empty:hidden first:pt-[3px]\">\n<div class=\"markdown prose dark:prose-invert w-full break-words dark\">\n<p data-start=\"341\" data-end=\"766\">Figura chiave nella gestione della comunicazione, soprattutto negli ultimi 15 anni, Turria \u00e8 stato il volto e la voce dei pompieri nel racconto degli interventi pi\u00f9 delicati. \u201cQuesto \u00e8 il mio ultimo giorno di servizio\u201d, ha scritto in un messaggio carico di emozione e gratitudine rivolto ai giornalisti e colleghi. \u201cFare il Vigile del fuoco \u00e8 una missione, una scelta di altruismo e dedizione. Soccorriamo sempre e comunque\u201d.<\/p>\n<p data-start=\"768\" data-end=\"1004\">Un ringraziamento speciale \u00e8 andato a Fabio Dattilo, ex Capo del Corpo nazionale, che lo ha introdotto alla comunicazione durante il suo comando a Vicenza. \u201cNon basta fare le cose, bisogna anche saperle raccontare\u201d, ha ricordato Turria.<\/p>\n<p data-start=\"1006\" data-end=\"1250\">Con commozione ha salutato colleghi e giornalisti, ricordando gli anni trascorsi fianco a fianco \u201ccondividendo eventi e costruendo anche amicizie vere\u201d. Chiude cos\u00ec una carriera segnata da passione, professionalit\u00e0 e rispetto delle istituzioni.<\/p>\n<\/div>\n<\/div>\n<\/div>\n<\/div>\n<\/div>\n<\/div>\n<\/div>\n<\/div>\n","protected":false},"excerpt":{"rendered":"<p>Dopo 33 anni e mezzo di attivit\u00e0, Salvatore Turria, referente per le comunicazioni in emergenza della Direzione Interregionale dei Vigili del fuoco del Veneto e Trentino Alto Adige, lascia il servizio per raggiunti limiti d\u2019et\u00e0. Figura chiave nella gestione della comunicazione, soprattutto negli ultimi 15 anni, Turria \u00e8 stato il volto e la voce dei [&hellip;]<\/p>\n","protected":false},"author":2,"featured_media":160520,"comment_status":"closed","ping_status":"open","sticky":false,"template":"","format":"standard","meta":{"footnotes":""},"categories":[26,8],"tags":[],"class_list":["post-160519","post","type-post","status-publish","format-standard","has-post-thumbnail","category-prima-pagina","category-societa-istituzioni"],"yoast_head":"<!-- This site is optimized with the Yoast SEO plugin v28.4 - https:\/\/yoast.com\/product\/yoast-seo-wordpress\/ -->\n<title>Va in pensione la voce dei Vigili del fuoco del Veneto: Salvatore Turria saluta dopo 33 anni di servizio - Bellunopress - Dolomiti<\/title>\n<meta name=\"robots\" content=\"index, follow, max-snippet:-1, max-image-preview:large, max-video-preview:-1\" \/>\n<link rel=\"canonical\" href=\"https:\/\/www.bellunopress.it\/fr\/2025\/05\/28\/va-in-pensione-la-voce-dei-vigili-del-fuoco-del-veneto-salvatore-turria-saluta-dopo-33-anni-di-servizio\/\" \/>\n<meta property=\"og:locale\" content=\"fr_FR\" \/>\n<meta property=\"og:type\" content=\"article\" \/>\n<meta property=\"og:title\" content=\"Va in pensione la voce dei Vigili del fuoco del Veneto: Salvatore Turria saluta dopo 33 anni di servizio - Bellunopress - Dolomiti\" \/>\n<meta property=\"og:description\" content=\"Dopo 33 anni e mezzo di attivit\u00e0, Salvatore Turria, referente per le comunicazioni in emergenza della Direzione Interregionale dei Vigili del fuoco del Veneto e Trentino Alto Adige, lascia il servizio per raggiunti limiti d\u2019et\u00e0. Figura chiave nella gestione della comunicazione, soprattutto negli ultimi 15 anni, Turria \u00e8 stato il volto e la voce dei [&hellip;]\" \/>\n<meta property=\"og:url\" content=\"https:\/\/www.bellunopress.it\/fr\/2025\/05\/28\/va-in-pensione-la-voce-dei-vigili-del-fuoco-del-veneto-salvatore-turria-saluta-dopo-33-anni-di-servizio\/\" \/>\n<meta property=\"og:site_name\" content=\"Bellunopress - Dolomiti\" \/>\n<meta property=\"article:publisher\" content=\"https:\/\/www.facebook.com\/profile.php?id=100008943462799\" \/>\n<meta property=\"article:published_time\" content=\"2025-05-28T17:45:37+00:00\" \/>\n<meta property=\"og:image\" content=\"https:\/\/www.bellunopress.it\/wp-content\/uploads\/2025\/05\/Salvatore-Turria_edited.jpg\" \/>\n\t<meta property=\"og:image:width\" content=\"935\" \/>\n\t<meta property=\"og:image:height\" content=\"867\" \/>\n\t<meta property=\"og:image:type\" content=\"image\/jpeg\" \/>\n<meta name=\"author\" content=\"redazione\" \/>\n<meta name=\"twitter:card\" content=\"summary_large_image\" \/>\n<meta name=\"twitter:creator\" content=\"@bellunopress\" \/>\n<meta name=\"twitter:site\" content=\"@bellunopress\" \/>\n<meta name=\"twitter:label1\" content=\"\u00c9crit par\" \/>\n\t<meta name=\"twitter:data1\" content=\"redazione\" \/>\n\t<meta name=\"twitter:label2\" content=\"Dur\u00e9e de lecture estim\u00e9e\" \/>\n\t<meta name=\"twitter:data2\" content=\"1 minute\" \/>\n<script type=\"application\/ld+json\" class=\"yoast-schema-graph\">{\"@context\":\"https:\\\/\\\/schema.org\",\"@graph\":[{\"@type\":\"Article\",\"@id\":\"https:\\\/\\\/www.bellunopress.it\\\/2025\\\/05\\\/28\\\/va-in-pensione-la-voce-dei-vigili-del-fuoco-del-veneto-salvatore-turria-saluta-dopo-33-anni-di-servizio\\\/#article\",\"isPartOf\":{\"@id\":\"https:\\\/\\\/www.bellunopress.it\\\/2025\\\/05\\\/28\\\/va-in-pensione-la-voce-dei-vigili-del-fuoco-del-veneto-salvatore-turria-saluta-dopo-33-anni-di-servizio\\\/\"},\"author\":{\"name\":\"redazione\",\"@id\":\"https:\\\/\\\/www.bellunopress.it\\\/#\\\/schema\\\/person\\\/79bb06722b37ece1c03d3e94beb30d73\"},\"headline\":\"Va in pensione la voce dei Vigili del fuoco del Veneto: Salvatore Turria saluta dopo 33 anni di servizio\",\"datePublished\":\"2025-05-28T17:45:37+00:00\",\"mainEntityOfPage\":{\"@id\":\"https:\\\/\\\/www.bellunopress.it\\\/2025\\\/05\\\/28\\\/va-in-pensione-la-voce-dei-vigili-del-fuoco-del-veneto-salvatore-turria-saluta-dopo-33-anni-di-servizio\\\/\"},\"wordCount\":195,\"publisher\":{\"@id\":\"https:\\\/\\\/www.bellunopress.it\\\/#organization\"},\"image\":{\"@id\":\"https:\\\/\\\/www.bellunopress.it\\\/2025\\\/05\\\/28\\\/va-in-pensione-la-voce-dei-vigili-del-fuoco-del-veneto-salvatore-turria-saluta-dopo-33-anni-di-servizio\\\/#primaryimage\"},\"thumbnailUrl\":\"https:\\\/\\\/www.bellunopress.it\\\/wp-content\\\/uploads\\\/2025\\\/05\\\/Salvatore-Turria_edited.jpg\",\"articleSection\":[\"Prima Pagina\",\"Societ\u00e0, Associazioni, Istituzioni\"],\"inLanguage\":\"fr-FR\"},{\"@type\":\"WebPage\",\"@id\":\"https:\\\/\\\/www.bellunopress.it\\\/2025\\\/05\\\/28\\\/va-in-pensione-la-voce-dei-vigili-del-fuoco-del-veneto-salvatore-turria-saluta-dopo-33-anni-di-servizio\\\/\",\"url\":\"https:\\\/\\\/www.bellunopress.it\\\/2025\\\/05\\\/28\\\/va-in-pensione-la-voce-dei-vigili-del-fuoco-del-veneto-salvatore-turria-saluta-dopo-33-anni-di-servizio\\\/\",\"name\":\"Va in pensione la voce dei Vigili del fuoco del Veneto: Salvatore Turria saluta dopo 33 anni di servizio - Bellunopress - Dolomiti\",\"isPartOf\":{\"@id\":\"https:\\\/\\\/www.bellunopress.it\\\/#website\"},\"primaryImageOfPage\":{\"@id\":\"https:\\\/\\\/www.bellunopress.it\\\/2025\\\/05\\\/28\\\/va-in-pensione-la-voce-dei-vigili-del-fuoco-del-veneto-salvatore-turria-saluta-dopo-33-anni-di-servizio\\\/#primaryimage\"},\"image\":{\"@id\":\"https:\\\/\\\/www.bellunopress.it\\\/2025\\\/05\\\/28\\\/va-in-pensione-la-voce-dei-vigili-del-fuoco-del-veneto-salvatore-turria-saluta-dopo-33-anni-di-servizio\\\/#primaryimage\"},\"thumbnailUrl\":\"https:\\\/\\\/www.bellunopress.it\\\/wp-content\\\/uploads\\\/2025\\\/05\\\/Salvatore-Turria_edited.jpg\",\"datePublished\":\"2025-05-28T17:45:37+00:00\",\"breadcrumb\":{\"@id\":\"https:\\\/\\\/www.bellunopress.it\\\/2025\\\/05\\\/28\\\/va-in-pensione-la-voce-dei-vigili-del-fuoco-del-veneto-salvatore-turria-saluta-dopo-33-anni-di-servizio\\\/#breadcrumb\"},\"inLanguage\":\"fr-FR\",\"potentialAction\":[{\"@type\":\"ReadAction\",\"target\":[\"https:\\\/\\\/www.bellunopress.it\\\/2025\\\/05\\\/28\\\/va-in-pensione-la-voce-dei-vigili-del-fuoco-del-veneto-salvatore-turria-saluta-dopo-33-anni-di-servizio\\\/\"]}]},{\"@type\":\"ImageObject\",\"inLanguage\":\"fr-FR\",\"@id\":\"https:\\\/\\\/www.bellunopress.it\\\/2025\\\/05\\\/28\\\/va-in-pensione-la-voce-dei-vigili-del-fuoco-del-veneto-salvatore-turria-saluta-dopo-33-anni-di-servizio\\\/#primaryimage\",\"url\":\"https:\\\/\\\/www.bellunopress.it\\\/wp-content\\\/uploads\\\/2025\\\/05\\\/Salvatore-Turria_edited.jpg\",\"contentUrl\":\"https:\\\/\\\/www.bellunopress.it\\\/wp-content\\\/uploads\\\/2025\\\/05\\\/Salvatore-Turria_edited.jpg\",\"width\":935,\"height\":867,\"caption\":\"Salvatore Turria\"},{\"@type\":\"BreadcrumbList\",\"@id\":\"https:\\\/\\\/www.bellunopress.it\\\/2025\\\/05\\\/28\\\/va-in-pensione-la-voce-dei-vigili-del-fuoco-del-veneto-salvatore-turria-saluta-dopo-33-anni-di-servizio\\\/#breadcrumb\",\"itemListElement\":[{\"@type\":\"ListItem\",\"position\":1,\"name\":\"Home\",\"item\":\"https:\\\/\\\/www.bellunopress.it\\\/\"},{\"@type\":\"ListItem\",\"position\":2,\"name\":\"Va in pensione la voce dei Vigili del fuoco del Veneto: Salvatore Turria saluta dopo 33 anni di servizio\"}]},{\"@type\":\"WebSite\",\"@id\":\"https:\\\/\\\/www.bellunopress.it\\\/#website\",\"url\":\"https:\\\/\\\/www.bellunopress.it\\\/\",\"name\":\"Bellunopress - Dolomiti\",\"description\":\"e-mail: redazione@bellunopress.it\",\"publisher\":{\"@id\":\"https:\\\/\\\/www.bellunopress.it\\\/#organization\"},\"potentialAction\":[{\"@type\":\"SearchAction\",\"target\":{\"@type\":\"EntryPoint\",\"urlTemplate\":\"https:\\\/\\\/www.bellunopress.it\\\/?s={search_term_string}\"},\"query-input\":{\"@type\":\"PropertyValueSpecification\",\"valueRequired\":true,\"valueName\":\"search_term_string\"}}],\"inLanguage\":\"fr-FR\"},{\"@type\":\"Organization\",\"@id\":\"https:\\\/\\\/www.bellunopress.it\\\/#organization\",\"name\":\"Bellunopress\",\"url\":\"https:\\\/\\\/www.bellunopress.it\\\/\",\"logo\":{\"@type\":\"ImageObject\",\"inLanguage\":\"fr-FR\",\"@id\":\"https:\\\/\\\/www.bellunopress.it\\\/#\\\/schema\\\/logo\\\/image\\\/\",\"url\":\"https:\\\/\\\/www.bellunopress.it\\\/wp-content\\\/uploads\\\/2011\\\/05\\\/cropped-logo-bellunopress-.jpg\",\"contentUrl\":\"https:\\\/\\\/www.bellunopress.it\\\/wp-content\\\/uploads\\\/2011\\\/05\\\/cropped-logo-bellunopress-.jpg\",\"width\":512,\"height\":512,\"caption\":\"Bellunopress\"},\"image\":{\"@id\":\"https:\\\/\\\/www.bellunopress.it\\\/#\\\/schema\\\/logo\\\/image\\\/\"},\"sameAs\":[\"https:\\\/\\\/www.facebook.com\\\/profile.php?id=100008943462799\",\"https:\\\/\\\/x.com\\\/bellunopress\",\"https:\\\/\\\/www.linkedin.com\\\/hp\\\/?dnr=JBzUWaJfMUw8vbXJJ2tVW5-I3jZKvC4wsoxE&amp;amp;amp;amp;amp;amp;trk=nav_responsive_tab_home\",\"https:\\\/\\\/www.youtube.com\\\/channel\\\/UCxL0wu1uN0_3_7hGG0306cw\"]},{\"@type\":\"Person\",\"@id\":\"https:\\\/\\\/www.bellunopress.it\\\/#\\\/schema\\\/person\\\/79bb06722b37ece1c03d3e94beb30d73\",\"name\":\"redazione\",\"image\":{\"@type\":\"ImageObject\",\"inLanguage\":\"fr-FR\",\"@id\":\"https:\\\/\\\/secure.gravatar.com\\\/avatar\\\/37d968a2e67a6fd04c169c4bdef102d0bc5d31b2546345219e348575eb80e9a0?s=96&d=mm&r=g\",\"url\":\"https:\\\/\\\/secure.gravatar.com\\\/avatar\\\/37d968a2e67a6fd04c169c4bdef102d0bc5d31b2546345219e348575eb80e9a0?s=96&d=mm&r=g\",\"contentUrl\":\"https:\\\/\\\/secure.gravatar.com\\\/avatar\\\/37d968a2e67a6fd04c169c4bdef102d0bc5d31b2546345219e348575eb80e9a0?s=96&d=mm&r=g\",\"caption\":\"redazione\"},\"sameAs\":[\"http:\\\/\\\/www.bellunopress.it\",\"https:\\\/\\\/x.com\\\/bellunopress\"],\"url\":\"https:\\\/\\\/www.bellunopress.it\\\/fr\\\/author\\\/redazione\\\/\"}]}<\/script>\n<!-- \/ Yoast SEO plugin. -->","yoast_head_json":{"title":"Va in pensione la voce dei Vigili del fuoco del Veneto: Salvatore Turria saluta dopo 33 anni di servizio - Bellunopress - Dolomiti","robots":{"index":"index","follow":"follow","max-snippet":"max-snippet:-1","max-image-preview":"max-image-preview:large","max-video-preview":"max-video-preview:-1"},"canonical":"https:\/\/www.bellunopress.it\/fr\/2025\/05\/28\/va-in-pensione-la-voce-dei-vigili-del-fuoco-del-veneto-salvatore-turria-saluta-dopo-33-anni-di-servizio\/","og_locale":"fr_FR","og_type":"article","og_title":"Va in pensione la voce dei Vigili del fuoco del Veneto: Salvatore Turria saluta dopo 33 anni di servizio - Bellunopress - Dolomiti","og_description":"Dopo 33 anni e mezzo di attivit\u00e0, Salvatore Turria, referente per le comunicazioni in emergenza della Direzione Interregionale dei Vigili del fuoco del Veneto e Trentino Alto Adige, lascia il servizio per raggiunti limiti d\u2019et\u00e0. Figura chiave nella gestione della comunicazione, soprattutto negli ultimi 15 anni, Turria \u00e8 stato il volto e la voce dei [&hellip;]","og_url":"https:\/\/www.bellunopress.it\/fr\/2025\/05\/28\/va-in-pensione-la-voce-dei-vigili-del-fuoco-del-veneto-salvatore-turria-saluta-dopo-33-anni-di-servizio\/","og_site_name":"Bellunopress - Dolomiti","article_publisher":"https:\/\/www.facebook.com\/profile.php?id=100008943462799","article_published_time":"2025-05-28T17:45:37+00:00","og_image":[{"width":935,"height":867,"url":"https:\/\/www.bellunopress.it\/wp-content\/uploads\/2025\/05\/Salvatore-Turria_edited.jpg","type":"image\/jpeg"}],"author":"redazione","twitter_card":"summary_large_image","twitter_creator":"@bellunopress","twitter_site":"@bellunopress","twitter_misc":{"\u00c9crit par":"redazione","Dur\u00e9e de lecture estim\u00e9e":"1 minute"},"schema":{"@context":"https:\/\/schema.org","@graph":[{"@type":"Article","@id":"https:\/\/www.bellunopress.it\/2025\/05\/28\/va-in-pensione-la-voce-dei-vigili-del-fuoco-del-veneto-salvatore-turria-saluta-dopo-33-anni-di-servizio\/#article","isPartOf":{"@id":"https:\/\/www.bellunopress.it\/2025\/05\/28\/va-in-pensione-la-voce-dei-vigili-del-fuoco-del-veneto-salvatore-turria-saluta-dopo-33-anni-di-servizio\/"},"author":{"name":"redazione","@id":"https:\/\/www.bellunopress.it\/#\/schema\/person\/79bb06722b37ece1c03d3e94beb30d73"},"headline":"Va in pensione la voce dei Vigili del fuoco del Veneto: Salvatore Turria saluta dopo 33 anni di servizio","datePublished":"2025-05-28T17:45:37+00:00","mainEntityOfPage":{"@id":"https:\/\/www.bellunopress.it\/2025\/05\/28\/va-in-pensione-la-voce-dei-vigili-del-fuoco-del-veneto-salvatore-turria-saluta-dopo-33-anni-di-servizio\/"},"wordCount":195,"publisher":{"@id":"https:\/\/www.bellunopress.it\/#organization"},"image":{"@id":"https:\/\/www.bellunopress.it\/2025\/05\/28\/va-in-pensione-la-voce-dei-vigili-del-fuoco-del-veneto-salvatore-turria-saluta-dopo-33-anni-di-servizio\/#primaryimage"},"thumbnailUrl":"https:\/\/www.bellunopress.it\/wp-content\/uploads\/2025\/05\/Salvatore-Turria_edited.jpg","articleSection":["Prima Pagina","Societ\u00e0, Associazioni, Istituzioni"],"inLanguage":"fr-FR"},{"@type":"WebPage","@id":"https:\/\/www.bellunopress.it\/2025\/05\/28\/va-in-pensione-la-voce-dei-vigili-del-fuoco-del-veneto-salvatore-turria-saluta-dopo-33-anni-di-servizio\/","url":"https:\/\/www.bellunopress.it\/2025\/05\/28\/va-in-pensione-la-voce-dei-vigili-del-fuoco-del-veneto-salvatore-turria-saluta-dopo-33-anni-di-servizio\/","name":"Va in pensione la voce dei Vigili del fuoco del Veneto: Salvatore Turria saluta dopo 33 anni di servizio - Bellunopress - Dolomiti","isPartOf":{"@id":"https:\/\/www.bellunopress.it\/#website"},"primaryImageOfPage":{"@id":"https:\/\/www.bellunopress.it\/2025\/05\/28\/va-in-pensione-la-voce-dei-vigili-del-fuoco-del-veneto-salvatore-turria-saluta-dopo-33-anni-di-servizio\/#primaryimage"},"image":{"@id":"https:\/\/www.bellunopress.it\/2025\/05\/28\/va-in-pensione-la-voce-dei-vigili-del-fuoco-del-veneto-salvatore-turria-saluta-dopo-33-anni-di-servizio\/#primaryimage"},"thumbnailUrl":"https:\/\/www.bellunopress.it\/wp-content\/uploads\/2025\/05\/Salvatore-Turria_edited.jpg","datePublished":"2025-05-28T17:45:37+00:00","breadcrumb":{"@id":"https:\/\/www.bellunopress.it\/2025\/05\/28\/va-in-pensione-la-voce-dei-vigili-del-fuoco-del-veneto-salvatore-turria-saluta-dopo-33-anni-di-servizio\/#breadcrumb"},"inLanguage":"fr-FR","potentialAction":[{"@type":"ReadAction","target":["https:\/\/www.bellunopress.it\/2025\/05\/28\/va-in-pensione-la-voce-dei-vigili-del-fuoco-del-veneto-salvatore-turria-saluta-dopo-33-anni-di-servizio\/"]}]},{"@type":"ImageObject","inLanguage":"fr-FR","@id":"https:\/\/www.bellunopress.it\/2025\/05\/28\/va-in-pensione-la-voce-dei-vigili-del-fuoco-del-veneto-salvatore-turria-saluta-dopo-33-anni-di-servizio\/#primaryimage","url":"https:\/\/www.bellunopress.it\/wp-content\/uploads\/2025\/05\/Salvatore-Turria_edited.jpg","contentUrl":"https:\/\/www.bellunopress.it\/wp-content\/uploads\/2025\/05\/Salvatore-Turria_edited.jpg","width":935,"height":867,"caption":"Salvatore Turria"},{"@type":"BreadcrumbList","@id":"https:\/\/www.bellunopress.it\/2025\/05\/28\/va-in-pensione-la-voce-dei-vigili-del-fuoco-del-veneto-salvatore-turria-saluta-dopo-33-anni-di-servizio\/#breadcrumb","itemListElement":[{"@type":"ListItem","position":1,"name":"Home","item":"https:\/\/www.bellunopress.it\/"},{"@type":"ListItem","position":2,"name":"Va in pensione la voce dei Vigili del fuoco del Veneto: Salvatore Turria saluta dopo 33 anni di servizio"}]},{"@type":"WebSite","@id":"https:\/\/www.bellunopress.it\/#website","url":"https:\/\/www.bellunopress.it\/","name":"Bellunopress - Dolomiti","description":"e-mail: redazione@bellunopress.it","publisher":{"@id":"https:\/\/www.bellunopress.it\/#organization"},"potentialAction":[{"@type":"SearchAction","target":{"@type":"EntryPoint","urlTemplate":"https:\/\/www.bellunopress.it\/?s={search_term_string}"},"query-input":{"@type":"PropertyValueSpecification","valueRequired":true,"valueName":"search_term_string"}}],"inLanguage":"fr-FR"},{"@type":"Organization","@id":"https:\/\/www.bellunopress.it\/#organization","name":"Bellunopress","url":"https:\/\/www.bellunopress.it\/","logo":{"@type":"ImageObject","inLanguage":"fr-FR","@id":"https:\/\/www.bellunopress.it\/#\/schema\/logo\/image\/","url":"https:\/\/www.bellunopress.it\/wp-content\/uploads\/2011\/05\/cropped-logo-bellunopress-.jpg","contentUrl":"https:\/\/www.bellunopress.it\/wp-content\/uploads\/2011\/05\/cropped-logo-bellunopress-.jpg","width":512,"height":512,"caption":"Bellunopress"},"image":{"@id":"https:\/\/www.bellunopress.it\/#\/schema\/logo\/image\/"},"sameAs":["https:\/\/www.facebook.com\/profile.php?id=100008943462799","https:\/\/x.com\/bellunopress","https:\/\/www.linkedin.com\/hp\/?dnr=JBzUWaJfMUw8vbXJJ2tVW5-I3jZKvC4wsoxE&amp;amp;amp;amp;amp;amp;trk=nav_responsive_tab_home","https:\/\/www.youtube.com\/channel\/UCxL0wu1uN0_3_7hGG0306cw"]},{"@type":"Person","@id":"https:\/\/www.bellunopress.it\/#\/schema\/person\/79bb06722b37ece1c03d3e94beb30d73","name":"r\u00e9daction","image":{"@type":"ImageObject","inLanguage":"fr-FR","@id":"https:\/\/secure.gravatar.com\/avatar\/37d968a2e67a6fd04c169c4bdef102d0bc5d31b2546345219e348575eb80e9a0?s=96&d=mm&r=g","url":"https:\/\/secure.gravatar.com\/avatar\/37d968a2e67a6fd04c169c4bdef102d0bc5d31b2546345219e348575eb80e9a0?s=96&d=mm&r=g","contentUrl":"https:\/\/secure.gravatar.com\/avatar\/37d968a2e67a6fd04c169c4bdef102d0bc5d31b2546345219e348575eb80e9a0?s=96&d=mm&r=g","caption":"redazione"},"sameAs":["http:\/\/www.bellunopress.it","https:\/\/x.com\/bellunopress"],"url":"https:\/\/www.bellunopress.it\/fr\/author\/redazione\/"}]}},"_links":{"self":[{"href":"https:\/\/www.bellunopress.it\/fr\/wp-json\/wp\/v2\/posts\/160519","targetHints":{"allow":["GET"]}}],"collection":[{"href":"https:\/\/www.bellunopress.it\/fr\/wp-json\/wp\/v2\/posts"}],"about":[{"href":"https:\/\/www.bellunopress.it\/fr\/wp-json\/wp\/v2\/types\/post"}],"author":[{"embeddable":true,"href":"https:\/\/www.bellunopress.it\/fr\/wp-json\/wp\/v2\/users\/2"}],"replies":[{"embeddable":true,"href":"https:\/\/www.bellunopress.it\/fr\/wp-json\/wp\/v2\/comments?post=160519"}],"version-history":[{"count":1,"href":"https:\/\/www.bellunopress.it\/fr\/wp-json\/wp\/v2\/posts\/160519\/revisions"}],"predecessor-version":[{"id":160521,"href":"https:\/\/www.bellunopress.it\/fr\/wp-json\/wp\/v2\/posts\/160519\/revisions\/160521"}],"wp:featuredmedia":[{"embeddable":true,"href":"https:\/\/www.bellunopress.it\/fr\/wp-json\/wp\/v2\/media\/160520"}],"wp:attachment":[{"href":"https:\/\/www.bellunopress.it\/fr\/wp-json\/wp\/v2\/media?parent=160519"}],"wp:term":[{"taxonomy":"category","embeddable":true,"href":"https:\/\/www.bellunopress.it\/fr\/wp-json\/wp\/v2\/categories?post=160519"},{"taxonomy":"post_tag","embeddable":true,"href":"https:\/\/www.bellunopress.it\/fr\/wp-json\/wp\/v2\/tags?post=160519"}],"curies":[{"name":"wp","href":"https:\/\/api.w.org\/{rel}","templated":true}]}}