{"id":160183,"date":"2025-05-18T11:46:04","date_gmt":"2025-05-18T09:46:04","guid":{"rendered":"https:\/\/www.bellunopress.it\/?p=160183"},"modified":"2025-05-13T09:00:31","modified_gmt":"2025-05-13T07:00:31","slug":"lothar-vs-vaia-ritorno-al-futuro-delle-nostre-foreste-venerdi-sera-a-padola-il-convegno","status":"publish","type":"post","link":"https:\/\/www.bellunopress.it\/fr\/2025\/05\/18\/lothar-vs-vaia-ritorno-al-futuro-delle-nostre-foreste-venerdi-sera-a-padola-il-convegno\/","title":{"rendered":"Lothar vs Vaia, ritorno al futuro delle nostre foreste. Venerd\u00ec sera a Padola il convegno"},"content":{"rendered":"<p><img loading=\"lazy\" decoding=\"async\" class=\"aligncenter size-full wp-image-160184\" src=\"https:\/\/www.bellunopress.it\/wp-content\/uploads\/2025\/05\/LOTHAR-VS-VAIA-ARCFACO_edited.jpg\" alt=\"\" width=\"766\" height=\"1000\" srcset=\"https:\/\/www.bellunopress.it\/wp-content\/uploads\/2025\/05\/LOTHAR-VS-VAIA-ARCFACO_edited.jpg 766w, https:\/\/www.bellunopress.it\/wp-content\/uploads\/2025\/05\/LOTHAR-VS-VAIA-ARCFACO_edited-383x500.jpg 383w, https:\/\/www.bellunopress.it\/wp-content\/uploads\/2025\/05\/LOTHAR-VS-VAIA-ARCFACO_edited-322x420.jpg 322w, https:\/\/www.bellunopress.it\/wp-content\/uploads\/2025\/05\/LOTHAR-VS-VAIA-ARCFACO_edited-696x909.jpg 696w\" sizes=\"auto, (max-width: 766px) 100vw, 766px\" \/>Venerd\u00ec 23 maggio alle 20:30 in Sala della Regola di Padola Comelico Superiore si terr\u00e0 il convegno dal titolo &#8220;Lothar vs Vaia, ritorno al futuro delle nostre foreste&#8221;, organizzato da A.R.C.Fa.Co. in collaborazione con WSL.<\/p>\n<p>Relatori della serata:<\/p>\n<p>dottor Thomas Wohlgemuth<br \/>\nWSL Istituto federale svizzero di ricerca per la foresta, la neve e il paesaggio<br \/>\n&#8220;Lezioni apprese dagli schianti da vento e dalle infestazioni di bostrico in Svizzera&#8221;<\/p>\n<p>dottoressa Alessandra Bottero<br \/>\nWSL &#8211; SLF Istituto svizzero per lo studio della neve e delle valanghe<br \/>\n&#8220;La necromassa nelle foreste di protezione di montagna: funzione e gestione&#8221;<\/p>\n<p>&nbsp;<\/p>","protected":false},"excerpt":{"rendered":"<p>Venerd\u00ec 23 maggio alle 20:30 in Sala della Regola di Padola Comelico Superiore si terr\u00e0 il convegno dal titolo &#8220;Lothar vs Vaia, ritorno al futuro delle nostre foreste&#8221;, organizzato da A.R.C.Fa.Co. in collaborazione con WSL. Relatori della serata: dottor Thomas Wohlgemuth WSL Istituto federale svizzero di ricerca per la foresta, la neve e il paesaggio [&hellip;]<\/p>\n","protected":false},"author":2,"featured_media":160184,"comment_status":"closed","ping_status":"open","sticky":false,"template":"","format":"standard","meta":{"footnotes":""},"categories":[25,8],"tags":[],"class_list":["post-160183","post","type-post","status-publish","format-standard","has-post-thumbnail","category-pausa-caffe","category-societa-istituzioni"],"yoast_head":"<!-- This site is optimized with the Yoast SEO plugin v28.4 - https:\/\/yoast.com\/product\/yoast-seo-wordpress\/ -->\n<title>Lothar vs Vaia, ritorno al futuro delle nostre foreste. Venerd\u00ec sera a Padola il convegno - Bellunopress - Dolomiti<\/title>\n<meta name=\"robots\" content=\"index, follow, max-snippet:-1, max-image-preview:large, max-video-preview:-1\" \/>\n<link rel=\"canonical\" href=\"https:\/\/www.bellunopress.it\/fr\/2025\/05\/18\/lothar-vs-vaia-ritorno-al-futuro-delle-nostre-foreste-venerdi-sera-a-padola-il-convegno\/\" \/>\n<meta property=\"og:locale\" content=\"fr_FR\" \/>\n<meta property=\"og:type\" content=\"article\" \/>\n<meta property=\"og:title\" content=\"Lothar vs Vaia, ritorno al futuro delle nostre foreste. Venerd\u00ec sera a Padola il convegno - Bellunopress - Dolomiti\" \/>\n<meta property=\"og:description\" content=\"Venerd\u00ec 23 maggio alle 20:30 in Sala della Regola di Padola Comelico Superiore si terr\u00e0 il convegno dal titolo &#8220;Lothar vs Vaia, ritorno al futuro delle nostre foreste&#8221;, organizzato da A.R.C.Fa.Co. in collaborazione con WSL. Relatori della serata: dottor Thomas Wohlgemuth WSL Istituto federale svizzero di ricerca per la foresta, la neve e il paesaggio [&hellip;]\" \/>\n<meta property=\"og:url\" content=\"https:\/\/www.bellunopress.it\/fr\/2025\/05\/18\/lothar-vs-vaia-ritorno-al-futuro-delle-nostre-foreste-venerdi-sera-a-padola-il-convegno\/\" \/>\n<meta property=\"og:site_name\" content=\"Bellunopress - Dolomiti\" \/>\n<meta property=\"article:publisher\" content=\"https:\/\/www.facebook.com\/profile.php?id=100008943462799\" \/>\n<meta property=\"article:published_time\" content=\"2025-05-18T09:46:04+00:00\" \/>\n<meta property=\"og:image\" content=\"https:\/\/www.bellunopress.it\/wp-content\/uploads\/2025\/05\/LOTHAR-VS-VAIA-ARCFACO_edited.jpg\" \/>\n\t<meta property=\"og:image:width\" content=\"766\" \/>\n\t<meta property=\"og:image:height\" content=\"1000\" \/>\n\t<meta property=\"og:image:type\" content=\"image\/jpeg\" \/>\n<meta name=\"author\" content=\"redazione\" \/>\n<meta name=\"twitter:card\" content=\"summary_large_image\" \/>\n<meta name=\"twitter:creator\" content=\"@bellunopress\" \/>\n<meta name=\"twitter:site\" content=\"@bellunopress\" \/>\n<meta name=\"twitter:label1\" content=\"\u00c9crit par\" \/>\n\t<meta name=\"twitter:data1\" content=\"redazione\" \/>\n<script type=\"application\/ld+json\" class=\"yoast-schema-graph\">{\"@context\":\"https:\\\/\\\/schema.org\",\"@graph\":[{\"@type\":\"Article\",\"@id\":\"https:\\\/\\\/www.bellunopress.it\\\/2025\\\/05\\\/18\\\/lothar-vs-vaia-ritorno-al-futuro-delle-nostre-foreste-venerdi-sera-a-padola-il-convegno\\\/#article\",\"isPartOf\":{\"@id\":\"https:\\\/\\\/www.bellunopress.it\\\/2025\\\/05\\\/18\\\/lothar-vs-vaia-ritorno-al-futuro-delle-nostre-foreste-venerdi-sera-a-padola-il-convegno\\\/\"},\"author\":{\"name\":\"redazione\",\"@id\":\"https:\\\/\\\/www.bellunopress.it\\\/#\\\/schema\\\/person\\\/79bb06722b37ece1c03d3e94beb30d73\"},\"headline\":\"Lothar vs Vaia, ritorno al futuro delle nostre foreste. Venerd\u00ec sera a Padola il convegno\",\"datePublished\":\"2025-05-18T09:46:04+00:00\",\"mainEntityOfPage\":{\"@id\":\"https:\\\/\\\/www.bellunopress.it\\\/2025\\\/05\\\/18\\\/lothar-vs-vaia-ritorno-al-futuro-delle-nostre-foreste-venerdi-sera-a-padola-il-convegno\\\/\"},\"wordCount\":113,\"publisher\":{\"@id\":\"https:\\\/\\\/www.bellunopress.it\\\/#organization\"},\"image\":{\"@id\":\"https:\\\/\\\/www.bellunopress.it\\\/2025\\\/05\\\/18\\\/lothar-vs-vaia-ritorno-al-futuro-delle-nostre-foreste-venerdi-sera-a-padola-il-convegno\\\/#primaryimage\"},\"thumbnailUrl\":\"https:\\\/\\\/www.bellunopress.it\\\/wp-content\\\/uploads\\\/2025\\\/05\\\/LOTHAR-VS-VAIA-ARCFACO_edited.jpg\",\"articleSection\":[\"Pausa Caff\u00e8\",\"Societ\u00e0, Associazioni, Istituzioni\"],\"inLanguage\":\"fr-FR\"},{\"@type\":\"WebPage\",\"@id\":\"https:\\\/\\\/www.bellunopress.it\\\/2025\\\/05\\\/18\\\/lothar-vs-vaia-ritorno-al-futuro-delle-nostre-foreste-venerdi-sera-a-padola-il-convegno\\\/\",\"url\":\"https:\\\/\\\/www.bellunopress.it\\\/2025\\\/05\\\/18\\\/lothar-vs-vaia-ritorno-al-futuro-delle-nostre-foreste-venerdi-sera-a-padola-il-convegno\\\/\",\"name\":\"Lothar vs Vaia, ritorno al futuro delle nostre foreste. Venerd\u00ec sera a Padola il convegno - Bellunopress - Dolomiti\",\"isPartOf\":{\"@id\":\"https:\\\/\\\/www.bellunopress.it\\\/#website\"},\"primaryImageOfPage\":{\"@id\":\"https:\\\/\\\/www.bellunopress.it\\\/2025\\\/05\\\/18\\\/lothar-vs-vaia-ritorno-al-futuro-delle-nostre-foreste-venerdi-sera-a-padola-il-convegno\\\/#primaryimage\"},\"image\":{\"@id\":\"https:\\\/\\\/www.bellunopress.it\\\/2025\\\/05\\\/18\\\/lothar-vs-vaia-ritorno-al-futuro-delle-nostre-foreste-venerdi-sera-a-padola-il-convegno\\\/#primaryimage\"},\"thumbnailUrl\":\"https:\\\/\\\/www.bellunopress.it\\\/wp-content\\\/uploads\\\/2025\\\/05\\\/LOTHAR-VS-VAIA-ARCFACO_edited.jpg\",\"datePublished\":\"2025-05-18T09:46:04+00:00\",\"breadcrumb\":{\"@id\":\"https:\\\/\\\/www.bellunopress.it\\\/2025\\\/05\\\/18\\\/lothar-vs-vaia-ritorno-al-futuro-delle-nostre-foreste-venerdi-sera-a-padola-il-convegno\\\/#breadcrumb\"},\"inLanguage\":\"fr-FR\",\"potentialAction\":[{\"@type\":\"ReadAction\",\"target\":[\"https:\\\/\\\/www.bellunopress.it\\\/2025\\\/05\\\/18\\\/lothar-vs-vaia-ritorno-al-futuro-delle-nostre-foreste-venerdi-sera-a-padola-il-convegno\\\/\"]}]},{\"@type\":\"ImageObject\",\"inLanguage\":\"fr-FR\",\"@id\":\"https:\\\/\\\/www.bellunopress.it\\\/2025\\\/05\\\/18\\\/lothar-vs-vaia-ritorno-al-futuro-delle-nostre-foreste-venerdi-sera-a-padola-il-convegno\\\/#primaryimage\",\"url\":\"https:\\\/\\\/www.bellunopress.it\\\/wp-content\\\/uploads\\\/2025\\\/05\\\/LOTHAR-VS-VAIA-ARCFACO_edited.jpg\",\"contentUrl\":\"https:\\\/\\\/www.bellunopress.it\\\/wp-content\\\/uploads\\\/2025\\\/05\\\/LOTHAR-VS-VAIA-ARCFACO_edited.jpg\",\"width\":766,\"height\":1000},{\"@type\":\"BreadcrumbList\",\"@id\":\"https:\\\/\\\/www.bellunopress.it\\\/2025\\\/05\\\/18\\\/lothar-vs-vaia-ritorno-al-futuro-delle-nostre-foreste-venerdi-sera-a-padola-il-convegno\\\/#breadcrumb\",\"itemListElement\":[{\"@type\":\"ListItem\",\"position\":1,\"name\":\"Home\",\"item\":\"https:\\\/\\\/www.bellunopress.it\\\/\"},{\"@type\":\"ListItem\",\"position\":2,\"name\":\"Lothar vs Vaia, ritorno al futuro delle nostre foreste. Venerd\u00ec sera a Padola il convegno\"}]},{\"@type\":\"WebSite\",\"@id\":\"https:\\\/\\\/www.bellunopress.it\\\/#website\",\"url\":\"https:\\\/\\\/www.bellunopress.it\\\/\",\"name\":\"Bellunopress - Dolomiti\",\"description\":\"e-mail: redazione@bellunopress.it\",\"publisher\":{\"@id\":\"https:\\\/\\\/www.bellunopress.it\\\/#organization\"},\"potentialAction\":[{\"@type\":\"SearchAction\",\"target\":{\"@type\":\"EntryPoint\",\"urlTemplate\":\"https:\\\/\\\/www.bellunopress.it\\\/?s={search_term_string}\"},\"query-input\":{\"@type\":\"PropertyValueSpecification\",\"valueRequired\":true,\"valueName\":\"search_term_string\"}}],\"inLanguage\":\"fr-FR\"},{\"@type\":\"Organization\",\"@id\":\"https:\\\/\\\/www.bellunopress.it\\\/#organization\",\"name\":\"Bellunopress\",\"url\":\"https:\\\/\\\/www.bellunopress.it\\\/\",\"logo\":{\"@type\":\"ImageObject\",\"inLanguage\":\"fr-FR\",\"@id\":\"https:\\\/\\\/www.bellunopress.it\\\/#\\\/schema\\\/logo\\\/image\\\/\",\"url\":\"https:\\\/\\\/www.bellunopress.it\\\/wp-content\\\/uploads\\\/2011\\\/05\\\/cropped-logo-bellunopress-.jpg\",\"contentUrl\":\"https:\\\/\\\/www.bellunopress.it\\\/wp-content\\\/uploads\\\/2011\\\/05\\\/cropped-logo-bellunopress-.jpg\",\"width\":512,\"height\":512,\"caption\":\"Bellunopress\"},\"image\":{\"@id\":\"https:\\\/\\\/www.bellunopress.it\\\/#\\\/schema\\\/logo\\\/image\\\/\"},\"sameAs\":[\"https:\\\/\\\/www.facebook.com\\\/profile.php?id=100008943462799\",\"https:\\\/\\\/x.com\\\/bellunopress\",\"https:\\\/\\\/www.linkedin.com\\\/hp\\\/?dnr=JBzUWaJfMUw8vbXJJ2tVW5-I3jZKvC4wsoxE&amp;amp;amp;amp;amp;amp;trk=nav_responsive_tab_home\",\"https:\\\/\\\/www.youtube.com\\\/channel\\\/UCxL0wu1uN0_3_7hGG0306cw\"]},{\"@type\":\"Person\",\"@id\":\"https:\\\/\\\/www.bellunopress.it\\\/#\\\/schema\\\/person\\\/79bb06722b37ece1c03d3e94beb30d73\",\"name\":\"redazione\",\"image\":{\"@type\":\"ImageObject\",\"inLanguage\":\"fr-FR\",\"@id\":\"https:\\\/\\\/secure.gravatar.com\\\/avatar\\\/37d968a2e67a6fd04c169c4bdef102d0bc5d31b2546345219e348575eb80e9a0?s=96&d=mm&r=g\",\"url\":\"https:\\\/\\\/secure.gravatar.com\\\/avatar\\\/37d968a2e67a6fd04c169c4bdef102d0bc5d31b2546345219e348575eb80e9a0?s=96&d=mm&r=g\",\"contentUrl\":\"https:\\\/\\\/secure.gravatar.com\\\/avatar\\\/37d968a2e67a6fd04c169c4bdef102d0bc5d31b2546345219e348575eb80e9a0?s=96&d=mm&r=g\",\"caption\":\"redazione\"},\"sameAs\":[\"http:\\\/\\\/www.bellunopress.it\",\"https:\\\/\\\/x.com\\\/bellunopress\"],\"url\":\"https:\\\/\\\/www.bellunopress.it\\\/fr\\\/author\\\/redazione\\\/\"}]}<\/script>\n<!-- \/ Yoast SEO plugin. -->","yoast_head_json":{"title":"Lothar vs Vaia, ritorno al futuro delle nostre foreste. Venerd\u00ec sera a Padola il convegno - Bellunopress - Dolomiti","robots":{"index":"index","follow":"follow","max-snippet":"max-snippet:-1","max-image-preview":"max-image-preview:large","max-video-preview":"max-video-preview:-1"},"canonical":"https:\/\/www.bellunopress.it\/fr\/2025\/05\/18\/lothar-vs-vaia-ritorno-al-futuro-delle-nostre-foreste-venerdi-sera-a-padola-il-convegno\/","og_locale":"fr_FR","og_type":"article","og_title":"Lothar vs Vaia, ritorno al futuro delle nostre foreste. Venerd\u00ec sera a Padola il convegno - Bellunopress - Dolomiti","og_description":"Venerd\u00ec 23 maggio alle 20:30 in Sala della Regola di Padola Comelico Superiore si terr\u00e0 il convegno dal titolo &#8220;Lothar vs Vaia, ritorno al futuro delle nostre foreste&#8221;, organizzato da A.R.C.Fa.Co. in collaborazione con WSL. Relatori della serata: dottor Thomas Wohlgemuth WSL Istituto federale svizzero di ricerca per la foresta, la neve e il paesaggio [&hellip;]","og_url":"https:\/\/www.bellunopress.it\/fr\/2025\/05\/18\/lothar-vs-vaia-ritorno-al-futuro-delle-nostre-foreste-venerdi-sera-a-padola-il-convegno\/","og_site_name":"Bellunopress - Dolomiti","article_publisher":"https:\/\/www.facebook.com\/profile.php?id=100008943462799","article_published_time":"2025-05-18T09:46:04+00:00","og_image":[{"width":766,"height":1000,"url":"https:\/\/www.bellunopress.it\/wp-content\/uploads\/2025\/05\/LOTHAR-VS-VAIA-ARCFACO_edited.jpg","type":"image\/jpeg"}],"author":"redazione","twitter_card":"summary_large_image","twitter_creator":"@bellunopress","twitter_site":"@bellunopress","twitter_misc":{"\u00c9crit par":"redazione"},"schema":{"@context":"https:\/\/schema.org","@graph":[{"@type":"Article","@id":"https:\/\/www.bellunopress.it\/2025\/05\/18\/lothar-vs-vaia-ritorno-al-futuro-delle-nostre-foreste-venerdi-sera-a-padola-il-convegno\/#article","isPartOf":{"@id":"https:\/\/www.bellunopress.it\/2025\/05\/18\/lothar-vs-vaia-ritorno-al-futuro-delle-nostre-foreste-venerdi-sera-a-padola-il-convegno\/"},"author":{"name":"redazione","@id":"https:\/\/www.bellunopress.it\/#\/schema\/person\/79bb06722b37ece1c03d3e94beb30d73"},"headline":"Lothar vs Vaia, ritorno al futuro delle nostre foreste. Venerd\u00ec sera a Padola il convegno","datePublished":"2025-05-18T09:46:04+00:00","mainEntityOfPage":{"@id":"https:\/\/www.bellunopress.it\/2025\/05\/18\/lothar-vs-vaia-ritorno-al-futuro-delle-nostre-foreste-venerdi-sera-a-padola-il-convegno\/"},"wordCount":113,"publisher":{"@id":"https:\/\/www.bellunopress.it\/#organization"},"image":{"@id":"https:\/\/www.bellunopress.it\/2025\/05\/18\/lothar-vs-vaia-ritorno-al-futuro-delle-nostre-foreste-venerdi-sera-a-padola-il-convegno\/#primaryimage"},"thumbnailUrl":"https:\/\/www.bellunopress.it\/wp-content\/uploads\/2025\/05\/LOTHAR-VS-VAIA-ARCFACO_edited.jpg","articleSection":["Pausa Caff\u00e8","Societ\u00e0, Associazioni, Istituzioni"],"inLanguage":"fr-FR"},{"@type":"WebPage","@id":"https:\/\/www.bellunopress.it\/2025\/05\/18\/lothar-vs-vaia-ritorno-al-futuro-delle-nostre-foreste-venerdi-sera-a-padola-il-convegno\/","url":"https:\/\/www.bellunopress.it\/2025\/05\/18\/lothar-vs-vaia-ritorno-al-futuro-delle-nostre-foreste-venerdi-sera-a-padola-il-convegno\/","name":"Lothar vs Vaia, ritorno al futuro delle nostre foreste. Venerd\u00ec sera a Padola il convegno - Bellunopress - Dolomiti","isPartOf":{"@id":"https:\/\/www.bellunopress.it\/#website"},"primaryImageOfPage":{"@id":"https:\/\/www.bellunopress.it\/2025\/05\/18\/lothar-vs-vaia-ritorno-al-futuro-delle-nostre-foreste-venerdi-sera-a-padola-il-convegno\/#primaryimage"},"image":{"@id":"https:\/\/www.bellunopress.it\/2025\/05\/18\/lothar-vs-vaia-ritorno-al-futuro-delle-nostre-foreste-venerdi-sera-a-padola-il-convegno\/#primaryimage"},"thumbnailUrl":"https:\/\/www.bellunopress.it\/wp-content\/uploads\/2025\/05\/LOTHAR-VS-VAIA-ARCFACO_edited.jpg","datePublished":"2025-05-18T09:46:04+00:00","breadcrumb":{"@id":"https:\/\/www.bellunopress.it\/2025\/05\/18\/lothar-vs-vaia-ritorno-al-futuro-delle-nostre-foreste-venerdi-sera-a-padola-il-convegno\/#breadcrumb"},"inLanguage":"fr-FR","potentialAction":[{"@type":"ReadAction","target":["https:\/\/www.bellunopress.it\/2025\/05\/18\/lothar-vs-vaia-ritorno-al-futuro-delle-nostre-foreste-venerdi-sera-a-padola-il-convegno\/"]}]},{"@type":"ImageObject","inLanguage":"fr-FR","@id":"https:\/\/www.bellunopress.it\/2025\/05\/18\/lothar-vs-vaia-ritorno-al-futuro-delle-nostre-foreste-venerdi-sera-a-padola-il-convegno\/#primaryimage","url":"https:\/\/www.bellunopress.it\/wp-content\/uploads\/2025\/05\/LOTHAR-VS-VAIA-ARCFACO_edited.jpg","contentUrl":"https:\/\/www.bellunopress.it\/wp-content\/uploads\/2025\/05\/LOTHAR-VS-VAIA-ARCFACO_edited.jpg","width":766,"height":1000},{"@type":"BreadcrumbList","@id":"https:\/\/www.bellunopress.it\/2025\/05\/18\/lothar-vs-vaia-ritorno-al-futuro-delle-nostre-foreste-venerdi-sera-a-padola-il-convegno\/#breadcrumb","itemListElement":[{"@type":"ListItem","position":1,"name":"Home","item":"https:\/\/www.bellunopress.it\/"},{"@type":"ListItem","position":2,"name":"Lothar vs Vaia, ritorno al futuro delle nostre foreste. Venerd\u00ec sera a Padola il convegno"}]},{"@type":"WebSite","@id":"https:\/\/www.bellunopress.it\/#website","url":"https:\/\/www.bellunopress.it\/","name":"Bellunopress - Dolomiti","description":"e-mail: redazione@bellunopress.it","publisher":{"@id":"https:\/\/www.bellunopress.it\/#organization"},"potentialAction":[{"@type":"SearchAction","target":{"@type":"EntryPoint","urlTemplate":"https:\/\/www.bellunopress.it\/?s={search_term_string}"},"query-input":{"@type":"PropertyValueSpecification","valueRequired":true,"valueName":"search_term_string"}}],"inLanguage":"fr-FR"},{"@type":"Organization","@id":"https:\/\/www.bellunopress.it\/#organization","name":"Bellunopress","url":"https:\/\/www.bellunopress.it\/","logo":{"@type":"ImageObject","inLanguage":"fr-FR","@id":"https:\/\/www.bellunopress.it\/#\/schema\/logo\/image\/","url":"https:\/\/www.bellunopress.it\/wp-content\/uploads\/2011\/05\/cropped-logo-bellunopress-.jpg","contentUrl":"https:\/\/www.bellunopress.it\/wp-content\/uploads\/2011\/05\/cropped-logo-bellunopress-.jpg","width":512,"height":512,"caption":"Bellunopress"},"image":{"@id":"https:\/\/www.bellunopress.it\/#\/schema\/logo\/image\/"},"sameAs":["https:\/\/www.facebook.com\/profile.php?id=100008943462799","https:\/\/x.com\/bellunopress","https:\/\/www.linkedin.com\/hp\/?dnr=JBzUWaJfMUw8vbXJJ2tVW5-I3jZKvC4wsoxE&amp;amp;amp;amp;amp;amp;trk=nav_responsive_tab_home","https:\/\/www.youtube.com\/channel\/UCxL0wu1uN0_3_7hGG0306cw"]},{"@type":"Person","@id":"https:\/\/www.bellunopress.it\/#\/schema\/person\/79bb06722b37ece1c03d3e94beb30d73","name":"r\u00e9daction","image":{"@type":"ImageObject","inLanguage":"fr-FR","@id":"https:\/\/secure.gravatar.com\/avatar\/37d968a2e67a6fd04c169c4bdef102d0bc5d31b2546345219e348575eb80e9a0?s=96&d=mm&r=g","url":"https:\/\/secure.gravatar.com\/avatar\/37d968a2e67a6fd04c169c4bdef102d0bc5d31b2546345219e348575eb80e9a0?s=96&d=mm&r=g","contentUrl":"https:\/\/secure.gravatar.com\/avatar\/37d968a2e67a6fd04c169c4bdef102d0bc5d31b2546345219e348575eb80e9a0?s=96&d=mm&r=g","caption":"redazione"},"sameAs":["http:\/\/www.bellunopress.it","https:\/\/x.com\/bellunopress"],"url":"https:\/\/www.bellunopress.it\/fr\/author\/redazione\/"}]}},"_links":{"self":[{"href":"https:\/\/www.bellunopress.it\/fr\/wp-json\/wp\/v2\/posts\/160183","targetHints":{"allow":["GET"]}}],"collection":[{"href":"https:\/\/www.bellunopress.it\/fr\/wp-json\/wp\/v2\/posts"}],"about":[{"href":"https:\/\/www.bellunopress.it\/fr\/wp-json\/wp\/v2\/types\/post"}],"author":[{"embeddable":true,"href":"https:\/\/www.bellunopress.it\/fr\/wp-json\/wp\/v2\/users\/2"}],"replies":[{"embeddable":true,"href":"https:\/\/www.bellunopress.it\/fr\/wp-json\/wp\/v2\/comments?post=160183"}],"version-history":[{"count":1,"href":"https:\/\/www.bellunopress.it\/fr\/wp-json\/wp\/v2\/posts\/160183\/revisions"}],"predecessor-version":[{"id":160185,"href":"https:\/\/www.bellunopress.it\/fr\/wp-json\/wp\/v2\/posts\/160183\/revisions\/160185"}],"wp:featuredmedia":[{"embeddable":true,"href":"https:\/\/www.bellunopress.it\/fr\/wp-json\/wp\/v2\/media\/160184"}],"wp:attachment":[{"href":"https:\/\/www.bellunopress.it\/fr\/wp-json\/wp\/v2\/media?parent=160183"}],"wp:term":[{"taxonomy":"category","embeddable":true,"href":"https:\/\/www.bellunopress.it\/fr\/wp-json\/wp\/v2\/categories?post=160183"},{"taxonomy":"post_tag","embeddable":true,"href":"https:\/\/www.bellunopress.it\/fr\/wp-json\/wp\/v2\/tags?post=160183"}],"curies":[{"name":"wp","href":"https:\/\/api.w.org\/{rel}","templated":true}]}}