{"id":160121,"date":"2025-05-09T20:39:18","date_gmt":"2025-05-09T18:39:18","guid":{"rendered":"https:\/\/www.bellunopress.it\/?p=160121"},"modified":"2025-05-09T20:39:18","modified_gmt":"2025-05-09T18:39:18","slug":"santa-giustina-restyling-lungo-la-via-dellacqua-sicurezza-e-accessibilita-grazie-al-parco-dolomiti-bellunesi","status":"publish","type":"post","link":"https:\/\/www.bellunopress.it\/fr\/2025\/05\/09\/santa-giustina-restyling-lungo-la-via-dellacqua-sicurezza-e-accessibilita-grazie-al-parco-dolomiti-bellunesi\/","title":{"rendered":"Santa Giustina. Restyling lungo la Via dell&#8217;Acqua: sicurezza e accessibilit\u00e0 grazie al Parco Dolomiti Bellunesi"},"content":{"rendered":"<figure id=\"attachment_160122\" aria-describedby=\"caption-attachment-160122\" style=\"width: 1000px\" class=\"wp-caption aligncenter\"><img loading=\"lazy\" decoding=\"async\" class=\"size-full wp-image-160122\" src=\"https:\/\/www.bellunopress.it\/wp-content\/uploads\/2025\/05\/Santa-Giustina.jpg\" alt=\"\" width=\"1000\" height=\"863\" srcset=\"https:\/\/www.bellunopress.it\/wp-content\/uploads\/2025\/05\/Santa-Giustina.jpg 1000w, https:\/\/www.bellunopress.it\/wp-content\/uploads\/2025\/05\/Santa-Giustina-500x432.jpg 500w, https:\/\/www.bellunopress.it\/wp-content\/uploads\/2025\/05\/Santa-Giustina-487x420.jpg 487w, https:\/\/www.bellunopress.it\/wp-content\/uploads\/2025\/05\/Santa-Giustina-696x601.jpg 696w\" sizes=\"auto, (max-width: 1000px) 100vw, 1000px\" \/><figcaption id=\"caption-attachment-160122\" class=\"wp-caption-text\">Santa Giustina, via dell&#8217;Acqua<\/figcaption><\/figure>\n<p>Proseguono i lavori di sistemazione lungo la Via dell&#8217;Acqua, uno dei percorsi pi\u00f9 suggestivi del territorio di Santa Giustina. Grazie a un accordo con l&#8217;Ente Parco Nazionale Dolomiti Bellunesi, \u00e8 in corso un importante intervento sul tratto che collega l&#8217;ostello Altanon al bacino idrico di San Vettor Veses, interamente compreso nel territorio del Parco.<\/p>\n<p>Si tratta di circa 600 metri di sentiero che, grazie a un contributo di 60 mila euro stanziato dal Parco, saranno messi in sicurezza e resi pienamente fruibili. L&#8217;obiettivo \u00e8 rendere il percorso accessibile e facilmente percorribile da tutti, attraverso opere di manutenzione e adeguamento che mantengano inalterato il fascino naturalistico della zona.<br \/>\nIl tratto interessato attraversa una suggestiva area collinare boschiva con scorci panoramici sul fondovalle. Gli interventi, gi\u00e0 in parte conclusi, prevedono: pulizia del sentiero e taglio della vegetazione invadente, rifacimento del fondo dove necessario, con posa di ghiaia o terra stabilizzata, realizzazione di gradini in legno nei tratti pi\u00f9 ripidi, sistemazione di canalette per l&#8217;acqua piovana per evitare danni da ruscellamenti, costruzione di staccionate e parapetti in legno nei punti pi\u00f9 esposti.<\/p>\n<p>\u00abStiamo lavorando su un tratto ancora in parte selvaggio, con l&#8217;intento di ordinarlo e armonizzarlo al resto del tracciato &#8211; spiegano Renzo Minute, assessore ai lavori pubblici e Renzo Minella, consigliere comunale con delega al turismo &#8211; Il prossimo passo sar\u00e0 l&#8217;affidamento della gestione dell&#8217;Ostello dopo i lavori in corso, che potr\u00e0 diventare un punto di riferimento per l&#8217;erogazione di servizi agli escursionisti\u00bb.<\/p>\n<p>Ma non \u00e8 l&#8217;unico intervento lungo la Via dell&#8217;Acqua. Il Comune ha infatti avviato una manutenzione straordinaria sull&#8217;intero percorso che, dal mulino di Santa Libera arriva a Campel, finanziandola con 16 mila euro di fondi propri. I lavori puntano soprattutto a migliorare la segnaletica con nuova tabellonistica e frecciatura. Tutte le opere sono realizzate in sintonia con gli altri Comuni contermini e in piena compatibilit\u00e0 con il territorio.<br \/>\nIl sentiero, che si snoda lungo l&#8217;antica roggia che alimentava il mulino di Santa Libera, corre vicino al corso d&#8217;acqua Veses e attraversa anche aree del Parco. Per questo ha un forte valore storico e paesaggistico, oltre a interessanti potenzialit\u00e0 turistiche. L&#8217;intervento mira anche a valorizzare il territorio e a promuovere un turismo lento, rispettoso dell&#8217;ambiente.<\/p>\n<p>\u00abUn&#8217;operazione importante \u2013 conclude Minella \u2013 che nasce da una visione chiara: quella di potenziare l&#8217;offerta turistica locale, valorizzando le risorse naturali e culturali. Alla manutenzione e agli investimenti strutturali si affianca un piano di promozione della Via dell&#8217;Acqua come prodotto turistico di qualit\u00e0 elevata, ideale per chi cerca esperienze slow, nella natura e lontano dai flussi pi\u00f9 affollati\u00bb.<\/p>","protected":false},"excerpt":{"rendered":"<p>Proseguono i lavori di sistemazione lungo la Via dell&#8217;Acqua, uno dei percorsi pi\u00f9 suggestivi del territorio di Santa Giustina. Grazie a un accordo con l&#8217;Ente Parco Nazionale Dolomiti Bellunesi, \u00e8 in corso un importante intervento sul tratto che collega l&#8217;ostello Altanon al bacino idrico di San Vettor Veses, interamente compreso nel territorio del Parco. Si [&hellip;]<\/p>\n","protected":false},"author":2,"featured_media":160122,"comment_status":"closed","ping_status":"open","sticky":false,"template":"","format":"standard","meta":{"footnotes":""},"categories":[38,8],"tags":[],"class_list":["post-160121","post","type-post","status-publish","format-standard","has-post-thumbnail","category-natura-ambiente","category-societa-istituzioni"],"yoast_head":"<!-- This site is optimized with the Yoast SEO plugin v28.4 - https:\/\/yoast.com\/product\/yoast-seo-wordpress\/ -->\n<title>Santa Giustina. Restyling lungo la Via dell&#039;Acqua: sicurezza e accessibilit\u00e0 grazie al Parco Dolomiti Bellunesi - Bellunopress - Dolomiti<\/title>\n<meta name=\"robots\" content=\"index, follow, max-snippet:-1, max-image-preview:large, max-video-preview:-1\" \/>\n<link rel=\"canonical\" href=\"https:\/\/www.bellunopress.it\/fr\/2025\/05\/09\/santa-giustina-restyling-lungo-la-via-dellacqua-sicurezza-e-accessibilita-grazie-al-parco-dolomiti-bellunesi\/\" \/>\n<meta property=\"og:locale\" content=\"fr_FR\" \/>\n<meta property=\"og:type\" content=\"article\" \/>\n<meta property=\"og:title\" content=\"Santa Giustina. Restyling lungo la Via dell&#039;Acqua: sicurezza e accessibilit\u00e0 grazie al Parco Dolomiti Bellunesi - Bellunopress - Dolomiti\" \/>\n<meta property=\"og:description\" content=\"Proseguono i lavori di sistemazione lungo la Via dell&#8217;Acqua, uno dei percorsi pi\u00f9 suggestivi del territorio di Santa Giustina. Grazie a un accordo con l&#8217;Ente Parco Nazionale Dolomiti Bellunesi, \u00e8 in corso un importante intervento sul tratto che collega l&#8217;ostello Altanon al bacino idrico di San Vettor Veses, interamente compreso nel territorio del Parco. Si [&hellip;]\" \/>\n<meta property=\"og:url\" content=\"https:\/\/www.bellunopress.it\/fr\/2025\/05\/09\/santa-giustina-restyling-lungo-la-via-dellacqua-sicurezza-e-accessibilita-grazie-al-parco-dolomiti-bellunesi\/\" \/>\n<meta property=\"og:site_name\" content=\"Bellunopress - Dolomiti\" \/>\n<meta property=\"article:publisher\" content=\"https:\/\/www.facebook.com\/profile.php?id=100008943462799\" \/>\n<meta property=\"article:published_time\" content=\"2025-05-09T18:39:18+00:00\" \/>\n<meta property=\"og:image\" content=\"https:\/\/www.bellunopress.it\/wp-content\/uploads\/2025\/05\/Santa-Giustina.jpg\" \/>\n\t<meta property=\"og:image:width\" content=\"1000\" \/>\n\t<meta property=\"og:image:height\" content=\"863\" \/>\n\t<meta property=\"og:image:type\" content=\"image\/jpeg\" \/>\n<meta name=\"author\" content=\"redazione\" \/>\n<meta name=\"twitter:card\" content=\"summary_large_image\" \/>\n<meta name=\"twitter:creator\" content=\"@bellunopress\" \/>\n<meta name=\"twitter:site\" content=\"@bellunopress\" \/>\n<meta name=\"twitter:label1\" content=\"\u00c9crit par\" \/>\n\t<meta name=\"twitter:data1\" content=\"redazione\" \/>\n\t<meta name=\"twitter:label2\" content=\"Dur\u00e9e de lecture estim\u00e9e\" \/>\n\t<meta name=\"twitter:data2\" content=\"2 minutes\" \/>\n<script type=\"application\/ld+json\" class=\"yoast-schema-graph\">{\"@context\":\"https:\\\/\\\/schema.org\",\"@graph\":[{\"@type\":\"Article\",\"@id\":\"https:\\\/\\\/www.bellunopress.it\\\/2025\\\/05\\\/09\\\/santa-giustina-restyling-lungo-la-via-dellacqua-sicurezza-e-accessibilita-grazie-al-parco-dolomiti-bellunesi\\\/#article\",\"isPartOf\":{\"@id\":\"https:\\\/\\\/www.bellunopress.it\\\/2025\\\/05\\\/09\\\/santa-giustina-restyling-lungo-la-via-dellacqua-sicurezza-e-accessibilita-grazie-al-parco-dolomiti-bellunesi\\\/\"},\"author\":{\"name\":\"redazione\",\"@id\":\"https:\\\/\\\/www.bellunopress.it\\\/#\\\/schema\\\/person\\\/79bb06722b37ece1c03d3e94beb30d73\"},\"headline\":\"Santa Giustina. Restyling lungo la Via dell&#8217;Acqua: sicurezza e accessibilit\u00e0 grazie al Parco Dolomiti Bellunesi\",\"datePublished\":\"2025-05-09T18:39:18+00:00\",\"mainEntityOfPage\":{\"@id\":\"https:\\\/\\\/www.bellunopress.it\\\/2025\\\/05\\\/09\\\/santa-giustina-restyling-lungo-la-via-dellacqua-sicurezza-e-accessibilita-grazie-al-parco-dolomiti-bellunesi\\\/\"},\"wordCount\":464,\"publisher\":{\"@id\":\"https:\\\/\\\/www.bellunopress.it\\\/#organization\"},\"image\":{\"@id\":\"https:\\\/\\\/www.bellunopress.it\\\/2025\\\/05\\\/09\\\/santa-giustina-restyling-lungo-la-via-dellacqua-sicurezza-e-accessibilita-grazie-al-parco-dolomiti-bellunesi\\\/#primaryimage\"},\"thumbnailUrl\":\"https:\\\/\\\/www.bellunopress.it\\\/wp-content\\\/uploads\\\/2025\\\/05\\\/Santa-Giustina.jpg\",\"articleSection\":[\"Meteo, natura, ambiente, animali\",\"Societ\u00e0, Associazioni, Istituzioni\"],\"inLanguage\":\"fr-FR\"},{\"@type\":\"WebPage\",\"@id\":\"https:\\\/\\\/www.bellunopress.it\\\/2025\\\/05\\\/09\\\/santa-giustina-restyling-lungo-la-via-dellacqua-sicurezza-e-accessibilita-grazie-al-parco-dolomiti-bellunesi\\\/\",\"url\":\"https:\\\/\\\/www.bellunopress.it\\\/2025\\\/05\\\/09\\\/santa-giustina-restyling-lungo-la-via-dellacqua-sicurezza-e-accessibilita-grazie-al-parco-dolomiti-bellunesi\\\/\",\"name\":\"Santa Giustina. Restyling lungo la Via dell'Acqua: sicurezza e accessibilit\u00e0 grazie al Parco Dolomiti Bellunesi - Bellunopress - Dolomiti\",\"isPartOf\":{\"@id\":\"https:\\\/\\\/www.bellunopress.it\\\/#website\"},\"primaryImageOfPage\":{\"@id\":\"https:\\\/\\\/www.bellunopress.it\\\/2025\\\/05\\\/09\\\/santa-giustina-restyling-lungo-la-via-dellacqua-sicurezza-e-accessibilita-grazie-al-parco-dolomiti-bellunesi\\\/#primaryimage\"},\"image\":{\"@id\":\"https:\\\/\\\/www.bellunopress.it\\\/2025\\\/05\\\/09\\\/santa-giustina-restyling-lungo-la-via-dellacqua-sicurezza-e-accessibilita-grazie-al-parco-dolomiti-bellunesi\\\/#primaryimage\"},\"thumbnailUrl\":\"https:\\\/\\\/www.bellunopress.it\\\/wp-content\\\/uploads\\\/2025\\\/05\\\/Santa-Giustina.jpg\",\"datePublished\":\"2025-05-09T18:39:18+00:00\",\"breadcrumb\":{\"@id\":\"https:\\\/\\\/www.bellunopress.it\\\/2025\\\/05\\\/09\\\/santa-giustina-restyling-lungo-la-via-dellacqua-sicurezza-e-accessibilita-grazie-al-parco-dolomiti-bellunesi\\\/#breadcrumb\"},\"inLanguage\":\"fr-FR\",\"potentialAction\":[{\"@type\":\"ReadAction\",\"target\":[\"https:\\\/\\\/www.bellunopress.it\\\/2025\\\/05\\\/09\\\/santa-giustina-restyling-lungo-la-via-dellacqua-sicurezza-e-accessibilita-grazie-al-parco-dolomiti-bellunesi\\\/\"]}]},{\"@type\":\"ImageObject\",\"inLanguage\":\"fr-FR\",\"@id\":\"https:\\\/\\\/www.bellunopress.it\\\/2025\\\/05\\\/09\\\/santa-giustina-restyling-lungo-la-via-dellacqua-sicurezza-e-accessibilita-grazie-al-parco-dolomiti-bellunesi\\\/#primaryimage\",\"url\":\"https:\\\/\\\/www.bellunopress.it\\\/wp-content\\\/uploads\\\/2025\\\/05\\\/Santa-Giustina.jpg\",\"contentUrl\":\"https:\\\/\\\/www.bellunopress.it\\\/wp-content\\\/uploads\\\/2025\\\/05\\\/Santa-Giustina.jpg\",\"width\":1000,\"height\":863,\"caption\":\"Santa Giustina, via dell'Acqua\"},{\"@type\":\"BreadcrumbList\",\"@id\":\"https:\\\/\\\/www.bellunopress.it\\\/2025\\\/05\\\/09\\\/santa-giustina-restyling-lungo-la-via-dellacqua-sicurezza-e-accessibilita-grazie-al-parco-dolomiti-bellunesi\\\/#breadcrumb\",\"itemListElement\":[{\"@type\":\"ListItem\",\"position\":1,\"name\":\"Home\",\"item\":\"https:\\\/\\\/www.bellunopress.it\\\/\"},{\"@type\":\"ListItem\",\"position\":2,\"name\":\"Santa Giustina. Restyling lungo la Via dell&#8217;Acqua: sicurezza e accessibilit\u00e0 grazie al Parco Dolomiti Bellunesi\"}]},{\"@type\":\"WebSite\",\"@id\":\"https:\\\/\\\/www.bellunopress.it\\\/#website\",\"url\":\"https:\\\/\\\/www.bellunopress.it\\\/\",\"name\":\"Bellunopress - Dolomiti\",\"description\":\"e-mail: redazione@bellunopress.it\",\"publisher\":{\"@id\":\"https:\\\/\\\/www.bellunopress.it\\\/#organization\"},\"potentialAction\":[{\"@type\":\"SearchAction\",\"target\":{\"@type\":\"EntryPoint\",\"urlTemplate\":\"https:\\\/\\\/www.bellunopress.it\\\/?s={search_term_string}\"},\"query-input\":{\"@type\":\"PropertyValueSpecification\",\"valueRequired\":true,\"valueName\":\"search_term_string\"}}],\"inLanguage\":\"fr-FR\"},{\"@type\":\"Organization\",\"@id\":\"https:\\\/\\\/www.bellunopress.it\\\/#organization\",\"name\":\"Bellunopress\",\"url\":\"https:\\\/\\\/www.bellunopress.it\\\/\",\"logo\":{\"@type\":\"ImageObject\",\"inLanguage\":\"fr-FR\",\"@id\":\"https:\\\/\\\/www.bellunopress.it\\\/#\\\/schema\\\/logo\\\/image\\\/\",\"url\":\"https:\\\/\\\/www.bellunopress.it\\\/wp-content\\\/uploads\\\/2011\\\/05\\\/cropped-logo-bellunopress-.jpg\",\"contentUrl\":\"https:\\\/\\\/www.bellunopress.it\\\/wp-content\\\/uploads\\\/2011\\\/05\\\/cropped-logo-bellunopress-.jpg\",\"width\":512,\"height\":512,\"caption\":\"Bellunopress\"},\"image\":{\"@id\":\"https:\\\/\\\/www.bellunopress.it\\\/#\\\/schema\\\/logo\\\/image\\\/\"},\"sameAs\":[\"https:\\\/\\\/www.facebook.com\\\/profile.php?id=100008943462799\",\"https:\\\/\\\/x.com\\\/bellunopress\",\"https:\\\/\\\/www.linkedin.com\\\/hp\\\/?dnr=JBzUWaJfMUw8vbXJJ2tVW5-I3jZKvC4wsoxE&amp;amp;amp;amp;amp;amp;trk=nav_responsive_tab_home\",\"https:\\\/\\\/www.youtube.com\\\/channel\\\/UCxL0wu1uN0_3_7hGG0306cw\"]},{\"@type\":\"Person\",\"@id\":\"https:\\\/\\\/www.bellunopress.it\\\/#\\\/schema\\\/person\\\/79bb06722b37ece1c03d3e94beb30d73\",\"name\":\"redazione\",\"image\":{\"@type\":\"ImageObject\",\"inLanguage\":\"fr-FR\",\"@id\":\"https:\\\/\\\/secure.gravatar.com\\\/avatar\\\/37d968a2e67a6fd04c169c4bdef102d0bc5d31b2546345219e348575eb80e9a0?s=96&d=mm&r=g\",\"url\":\"https:\\\/\\\/secure.gravatar.com\\\/avatar\\\/37d968a2e67a6fd04c169c4bdef102d0bc5d31b2546345219e348575eb80e9a0?s=96&d=mm&r=g\",\"contentUrl\":\"https:\\\/\\\/secure.gravatar.com\\\/avatar\\\/37d968a2e67a6fd04c169c4bdef102d0bc5d31b2546345219e348575eb80e9a0?s=96&d=mm&r=g\",\"caption\":\"redazione\"},\"sameAs\":[\"http:\\\/\\\/www.bellunopress.it\",\"https:\\\/\\\/x.com\\\/bellunopress\"],\"url\":\"https:\\\/\\\/www.bellunopress.it\\\/fr\\\/author\\\/redazione\\\/\"}]}<\/script>\n<!-- \/ Yoast SEO plugin. -->","yoast_head_json":{"title":"Santa Giustina. Restyling lungo la Via dell'Acqua: sicurezza e accessibilit\u00e0 grazie al Parco Dolomiti Bellunesi - Bellunopress - Dolomiti","robots":{"index":"index","follow":"follow","max-snippet":"max-snippet:-1","max-image-preview":"max-image-preview:large","max-video-preview":"max-video-preview:-1"},"canonical":"https:\/\/www.bellunopress.it\/fr\/2025\/05\/09\/santa-giustina-restyling-lungo-la-via-dellacqua-sicurezza-e-accessibilita-grazie-al-parco-dolomiti-bellunesi\/","og_locale":"fr_FR","og_type":"article","og_title":"Santa Giustina. Restyling lungo la Via dell'Acqua: sicurezza e accessibilit\u00e0 grazie al Parco Dolomiti Bellunesi - Bellunopress - Dolomiti","og_description":"Proseguono i lavori di sistemazione lungo la Via dell&#8217;Acqua, uno dei percorsi pi\u00f9 suggestivi del territorio di Santa Giustina. Grazie a un accordo con l&#8217;Ente Parco Nazionale Dolomiti Bellunesi, \u00e8 in corso un importante intervento sul tratto che collega l&#8217;ostello Altanon al bacino idrico di San Vettor Veses, interamente compreso nel territorio del Parco. Si [&hellip;]","og_url":"https:\/\/www.bellunopress.it\/fr\/2025\/05\/09\/santa-giustina-restyling-lungo-la-via-dellacqua-sicurezza-e-accessibilita-grazie-al-parco-dolomiti-bellunesi\/","og_site_name":"Bellunopress - Dolomiti","article_publisher":"https:\/\/www.facebook.com\/profile.php?id=100008943462799","article_published_time":"2025-05-09T18:39:18+00:00","og_image":[{"width":1000,"height":863,"url":"https:\/\/www.bellunopress.it\/wp-content\/uploads\/2025\/05\/Santa-Giustina.jpg","type":"image\/jpeg"}],"author":"redazione","twitter_card":"summary_large_image","twitter_creator":"@bellunopress","twitter_site":"@bellunopress","twitter_misc":{"\u00c9crit par":"redazione","Dur\u00e9e de lecture estim\u00e9e":"2 minutes"},"schema":{"@context":"https:\/\/schema.org","@graph":[{"@type":"Article","@id":"https:\/\/www.bellunopress.it\/2025\/05\/09\/santa-giustina-restyling-lungo-la-via-dellacqua-sicurezza-e-accessibilita-grazie-al-parco-dolomiti-bellunesi\/#article","isPartOf":{"@id":"https:\/\/www.bellunopress.it\/2025\/05\/09\/santa-giustina-restyling-lungo-la-via-dellacqua-sicurezza-e-accessibilita-grazie-al-parco-dolomiti-bellunesi\/"},"author":{"name":"redazione","@id":"https:\/\/www.bellunopress.it\/#\/schema\/person\/79bb06722b37ece1c03d3e94beb30d73"},"headline":"Santa Giustina. Restyling lungo la Via dell&#8217;Acqua: sicurezza e accessibilit\u00e0 grazie al Parco Dolomiti Bellunesi","datePublished":"2025-05-09T18:39:18+00:00","mainEntityOfPage":{"@id":"https:\/\/www.bellunopress.it\/2025\/05\/09\/santa-giustina-restyling-lungo-la-via-dellacqua-sicurezza-e-accessibilita-grazie-al-parco-dolomiti-bellunesi\/"},"wordCount":464,"publisher":{"@id":"https:\/\/www.bellunopress.it\/#organization"},"image":{"@id":"https:\/\/www.bellunopress.it\/2025\/05\/09\/santa-giustina-restyling-lungo-la-via-dellacqua-sicurezza-e-accessibilita-grazie-al-parco-dolomiti-bellunesi\/#primaryimage"},"thumbnailUrl":"https:\/\/www.bellunopress.it\/wp-content\/uploads\/2025\/05\/Santa-Giustina.jpg","articleSection":["Meteo, natura, ambiente, animali","Societ\u00e0, Associazioni, Istituzioni"],"inLanguage":"fr-FR"},{"@type":"WebPage","@id":"https:\/\/www.bellunopress.it\/2025\/05\/09\/santa-giustina-restyling-lungo-la-via-dellacqua-sicurezza-e-accessibilita-grazie-al-parco-dolomiti-bellunesi\/","url":"https:\/\/www.bellunopress.it\/2025\/05\/09\/santa-giustina-restyling-lungo-la-via-dellacqua-sicurezza-e-accessibilita-grazie-al-parco-dolomiti-bellunesi\/","name":"Santa Giustina. Restyling lungo la Via dell'Acqua: sicurezza e accessibilit\u00e0 grazie al Parco Dolomiti Bellunesi - Bellunopress - Dolomiti","isPartOf":{"@id":"https:\/\/www.bellunopress.it\/#website"},"primaryImageOfPage":{"@id":"https:\/\/www.bellunopress.it\/2025\/05\/09\/santa-giustina-restyling-lungo-la-via-dellacqua-sicurezza-e-accessibilita-grazie-al-parco-dolomiti-bellunesi\/#primaryimage"},"image":{"@id":"https:\/\/www.bellunopress.it\/2025\/05\/09\/santa-giustina-restyling-lungo-la-via-dellacqua-sicurezza-e-accessibilita-grazie-al-parco-dolomiti-bellunesi\/#primaryimage"},"thumbnailUrl":"https:\/\/www.bellunopress.it\/wp-content\/uploads\/2025\/05\/Santa-Giustina.jpg","datePublished":"2025-05-09T18:39:18+00:00","breadcrumb":{"@id":"https:\/\/www.bellunopress.it\/2025\/05\/09\/santa-giustina-restyling-lungo-la-via-dellacqua-sicurezza-e-accessibilita-grazie-al-parco-dolomiti-bellunesi\/#breadcrumb"},"inLanguage":"fr-FR","potentialAction":[{"@type":"ReadAction","target":["https:\/\/www.bellunopress.it\/2025\/05\/09\/santa-giustina-restyling-lungo-la-via-dellacqua-sicurezza-e-accessibilita-grazie-al-parco-dolomiti-bellunesi\/"]}]},{"@type":"ImageObject","inLanguage":"fr-FR","@id":"https:\/\/www.bellunopress.it\/2025\/05\/09\/santa-giustina-restyling-lungo-la-via-dellacqua-sicurezza-e-accessibilita-grazie-al-parco-dolomiti-bellunesi\/#primaryimage","url":"https:\/\/www.bellunopress.it\/wp-content\/uploads\/2025\/05\/Santa-Giustina.jpg","contentUrl":"https:\/\/www.bellunopress.it\/wp-content\/uploads\/2025\/05\/Santa-Giustina.jpg","width":1000,"height":863,"caption":"Santa Giustina, via dell'Acqua"},{"@type":"BreadcrumbList","@id":"https:\/\/www.bellunopress.it\/2025\/05\/09\/santa-giustina-restyling-lungo-la-via-dellacqua-sicurezza-e-accessibilita-grazie-al-parco-dolomiti-bellunesi\/#breadcrumb","itemListElement":[{"@type":"ListItem","position":1,"name":"Home","item":"https:\/\/www.bellunopress.it\/"},{"@type":"ListItem","position":2,"name":"Santa Giustina. Restyling lungo la Via dell&#8217;Acqua: sicurezza e accessibilit\u00e0 grazie al Parco Dolomiti Bellunesi"}]},{"@type":"WebSite","@id":"https:\/\/www.bellunopress.it\/#website","url":"https:\/\/www.bellunopress.it\/","name":"Bellunopress - Dolomiti","description":"e-mail: redazione@bellunopress.it","publisher":{"@id":"https:\/\/www.bellunopress.it\/#organization"},"potentialAction":[{"@type":"SearchAction","target":{"@type":"EntryPoint","urlTemplate":"https:\/\/www.bellunopress.it\/?s={search_term_string}"},"query-input":{"@type":"PropertyValueSpecification","valueRequired":true,"valueName":"search_term_string"}}],"inLanguage":"fr-FR"},{"@type":"Organization","@id":"https:\/\/www.bellunopress.it\/#organization","name":"Bellunopress","url":"https:\/\/www.bellunopress.it\/","logo":{"@type":"ImageObject","inLanguage":"fr-FR","@id":"https:\/\/www.bellunopress.it\/#\/schema\/logo\/image\/","url":"https:\/\/www.bellunopress.it\/wp-content\/uploads\/2011\/05\/cropped-logo-bellunopress-.jpg","contentUrl":"https:\/\/www.bellunopress.it\/wp-content\/uploads\/2011\/05\/cropped-logo-bellunopress-.jpg","width":512,"height":512,"caption":"Bellunopress"},"image":{"@id":"https:\/\/www.bellunopress.it\/#\/schema\/logo\/image\/"},"sameAs":["https:\/\/www.facebook.com\/profile.php?id=100008943462799","https:\/\/x.com\/bellunopress","https:\/\/www.linkedin.com\/hp\/?dnr=JBzUWaJfMUw8vbXJJ2tVW5-I3jZKvC4wsoxE&amp;amp;amp;amp;amp;amp;trk=nav_responsive_tab_home","https:\/\/www.youtube.com\/channel\/UCxL0wu1uN0_3_7hGG0306cw"]},{"@type":"Person","@id":"https:\/\/www.bellunopress.it\/#\/schema\/person\/79bb06722b37ece1c03d3e94beb30d73","name":"r\u00e9daction","image":{"@type":"ImageObject","inLanguage":"fr-FR","@id":"https:\/\/secure.gravatar.com\/avatar\/37d968a2e67a6fd04c169c4bdef102d0bc5d31b2546345219e348575eb80e9a0?s=96&d=mm&r=g","url":"https:\/\/secure.gravatar.com\/avatar\/37d968a2e67a6fd04c169c4bdef102d0bc5d31b2546345219e348575eb80e9a0?s=96&d=mm&r=g","contentUrl":"https:\/\/secure.gravatar.com\/avatar\/37d968a2e67a6fd04c169c4bdef102d0bc5d31b2546345219e348575eb80e9a0?s=96&d=mm&r=g","caption":"redazione"},"sameAs":["http:\/\/www.bellunopress.it","https:\/\/x.com\/bellunopress"],"url":"https:\/\/www.bellunopress.it\/fr\/author\/redazione\/"}]}},"_links":{"self":[{"href":"https:\/\/www.bellunopress.it\/fr\/wp-json\/wp\/v2\/posts\/160121","targetHints":{"allow":["GET"]}}],"collection":[{"href":"https:\/\/www.bellunopress.it\/fr\/wp-json\/wp\/v2\/posts"}],"about":[{"href":"https:\/\/www.bellunopress.it\/fr\/wp-json\/wp\/v2\/types\/post"}],"author":[{"embeddable":true,"href":"https:\/\/www.bellunopress.it\/fr\/wp-json\/wp\/v2\/users\/2"}],"replies":[{"embeddable":true,"href":"https:\/\/www.bellunopress.it\/fr\/wp-json\/wp\/v2\/comments?post=160121"}],"version-history":[{"count":1,"href":"https:\/\/www.bellunopress.it\/fr\/wp-json\/wp\/v2\/posts\/160121\/revisions"}],"predecessor-version":[{"id":160123,"href":"https:\/\/www.bellunopress.it\/fr\/wp-json\/wp\/v2\/posts\/160121\/revisions\/160123"}],"wp:featuredmedia":[{"embeddable":true,"href":"https:\/\/www.bellunopress.it\/fr\/wp-json\/wp\/v2\/media\/160122"}],"wp:attachment":[{"href":"https:\/\/www.bellunopress.it\/fr\/wp-json\/wp\/v2\/media?parent=160121"}],"wp:term":[{"taxonomy":"category","embeddable":true,"href":"https:\/\/www.bellunopress.it\/fr\/wp-json\/wp\/v2\/categories?post=160121"},{"taxonomy":"post_tag","embeddable":true,"href":"https:\/\/www.bellunopress.it\/fr\/wp-json\/wp\/v2\/tags?post=160121"}],"curies":[{"name":"wp","href":"https:\/\/api.w.org\/{rel}","templated":true}]}}