{"id":160118,"date":"2025-05-09T14:16:03","date_gmt":"2025-05-09T12:16:03","guid":{"rendered":"https:\/\/www.bellunopress.it\/?p=160118"},"modified":"2025-05-09T14:16:03","modified_gmt":"2025-05-09T12:16:03","slug":"un-mercoledi-come-gli-altri-sabato-a-sospirolo-la-commedia-di-mauro-fantinel","status":"publish","type":"post","link":"https:\/\/www.bellunopress.it\/fr\/2025\/05\/09\/un-mercoledi-come-gli-altri-sabato-a-sospirolo-la-commedia-di-mauro-fantinel\/","title":{"rendered":"Un mercoled\u00ec come gli altri. Sabato a Sospirolo la commedia di Mauro Fantinel"},"content":{"rendered":"<p><img loading=\"lazy\" decoding=\"async\" class=\"aligncenter size-full wp-image-160119\" src=\"https:\/\/www.bellunopress.it\/wp-content\/uploads\/2025\/05\/Un-mercoledi-come-gli-altri_edited.jpg\" alt=\"\" width=\"612\" height=\"1000\" srcset=\"https:\/\/www.bellunopress.it\/wp-content\/uploads\/2025\/05\/Un-mercoledi-come-gli-altri_edited.jpg 612w, https:\/\/www.bellunopress.it\/wp-content\/uploads\/2025\/05\/Un-mercoledi-come-gli-altri_edited-306x500.jpg 306w, https:\/\/www.bellunopress.it\/wp-content\/uploads\/2025\/05\/Un-mercoledi-come-gli-altri_edited-257x420.jpg 257w\" sizes=\"auto, (max-width: 612px) 100vw, 612px\" \/>Sabato 10 maggio alle ore 20.45 al Centro civico di Sospirolo la compagnia \u201cAtti Rifatti\u201d presenta la commedia brillante in due atti \u201cUn mercoled\u00ec come gli altri\u201d per la regia di Mauro Fantinel.<\/p>\n<p>La manifestazione \u00e8 proposta dalla Pro Loco Monti del Sole, che la dedica a tutte le Mamme, e gode del patrocinio del Comune di Sospirolo.<\/p>\n<p>&nbsp;<\/p>\n<p>Commedia brillante esistenzialista in due atti.<\/p>\n<p>Una donna che conduce una vita normale si ritrova a dover affrontare una serie di vicissitudini che la porteranno bruscamente a riflettere sulla sua vita e a mettere in atto una serie di cambiamenti per riappropriarsi del proprio destino.<\/p>\n<p>Ingresso Libero<\/p>","protected":false},"excerpt":{"rendered":"<p>Sabato 10 maggio alle ore 20.45 al Centro civico di Sospirolo la compagnia \u201cAtti Rifatti\u201d presenta la commedia brillante in due atti \u201cUn mercoled\u00ec come gli altri\u201d per la regia di Mauro Fantinel. La manifestazione \u00e8 proposta dalla Pro Loco Monti del Sole, che la dedica a tutte le Mamme, e gode del patrocinio del [&hellip;]<\/p>\n","protected":false},"author":2,"featured_media":160119,"comment_status":"closed","ping_status":"open","sticky":false,"template":"","format":"standard","meta":{"footnotes":""},"categories":[27,3,25],"tags":[],"class_list":["post-160118","post","type-post","status-publish","format-standard","has-post-thumbnail","category-appuntamenti","category-arte-cultura-spettacoli-scienza-archivi","category-pausa-caffe"],"yoast_head":"<!-- This site is optimized with the Yoast SEO plugin v28.4 - https:\/\/yoast.com\/product\/yoast-seo-wordpress\/ -->\n<title>Un mercoled\u00ec come gli altri. Sabato a Sospirolo la commedia di Mauro Fantinel - Bellunopress - Dolomiti<\/title>\n<meta name=\"robots\" content=\"index, follow, max-snippet:-1, max-image-preview:large, max-video-preview:-1\" \/>\n<link rel=\"canonical\" href=\"https:\/\/www.bellunopress.it\/fr\/2025\/05\/09\/un-mercoledi-come-gli-altri-sabato-a-sospirolo-la-commedia-di-mauro-fantinel\/\" \/>\n<meta property=\"og:locale\" content=\"fr_FR\" \/>\n<meta property=\"og:type\" content=\"article\" \/>\n<meta property=\"og:title\" content=\"Un mercoled\u00ec come gli altri. Sabato a Sospirolo la commedia di Mauro Fantinel - Bellunopress - Dolomiti\" \/>\n<meta property=\"og:description\" content=\"Sabato 10 maggio alle ore 20.45 al Centro civico di Sospirolo la compagnia \u201cAtti Rifatti\u201d presenta la commedia brillante in due atti \u201cUn mercoled\u00ec come gli altri\u201d per la regia di Mauro Fantinel. La manifestazione \u00e8 proposta dalla Pro Loco Monti del Sole, che la dedica a tutte le Mamme, e gode del patrocinio del [&hellip;]\" \/>\n<meta property=\"og:url\" content=\"https:\/\/www.bellunopress.it\/fr\/2025\/05\/09\/un-mercoledi-come-gli-altri-sabato-a-sospirolo-la-commedia-di-mauro-fantinel\/\" \/>\n<meta property=\"og:site_name\" content=\"Bellunopress - Dolomiti\" \/>\n<meta property=\"article:publisher\" content=\"https:\/\/www.facebook.com\/profile.php?id=100008943462799\" \/>\n<meta property=\"article:published_time\" content=\"2025-05-09T12:16:03+00:00\" \/>\n<meta property=\"og:image\" content=\"https:\/\/www.bellunopress.it\/wp-content\/uploads\/2025\/05\/Un-mercoledi-come-gli-altri_edited.jpg\" \/>\n\t<meta property=\"og:image:width\" content=\"612\" \/>\n\t<meta property=\"og:image:height\" content=\"1000\" \/>\n\t<meta property=\"og:image:type\" content=\"image\/jpeg\" \/>\n<meta name=\"author\" content=\"redazione\" \/>\n<meta name=\"twitter:card\" content=\"summary_large_image\" \/>\n<meta name=\"twitter:creator\" content=\"@bellunopress\" \/>\n<meta name=\"twitter:site\" content=\"@bellunopress\" \/>\n<meta name=\"twitter:label1\" content=\"\u00c9crit par\" \/>\n\t<meta name=\"twitter:data1\" content=\"redazione\" \/>\n\t<meta name=\"twitter:label2\" content=\"Dur\u00e9e de lecture estim\u00e9e\" \/>\n\t<meta name=\"twitter:data2\" content=\"1 minute\" \/>\n<script type=\"application\/ld+json\" class=\"yoast-schema-graph\">{\"@context\":\"https:\\\/\\\/schema.org\",\"@graph\":[{\"@type\":\"Article\",\"@id\":\"https:\\\/\\\/www.bellunopress.it\\\/2025\\\/05\\\/09\\\/un-mercoledi-come-gli-altri-sabato-a-sospirolo-la-commedia-di-mauro-fantinel\\\/#article\",\"isPartOf\":{\"@id\":\"https:\\\/\\\/www.bellunopress.it\\\/2025\\\/05\\\/09\\\/un-mercoledi-come-gli-altri-sabato-a-sospirolo-la-commedia-di-mauro-fantinel\\\/\"},\"author\":{\"name\":\"redazione\",\"@id\":\"https:\\\/\\\/www.bellunopress.it\\\/#\\\/schema\\\/person\\\/79bb06722b37ece1c03d3e94beb30d73\"},\"headline\":\"Un mercoled\u00ec come gli altri. Sabato a Sospirolo la commedia di Mauro Fantinel\",\"datePublished\":\"2025-05-09T12:16:03+00:00\",\"mainEntityOfPage\":{\"@id\":\"https:\\\/\\\/www.bellunopress.it\\\/2025\\\/05\\\/09\\\/un-mercoledi-come-gli-altri-sabato-a-sospirolo-la-commedia-di-mauro-fantinel\\\/\"},\"wordCount\":116,\"publisher\":{\"@id\":\"https:\\\/\\\/www.bellunopress.it\\\/#organization\"},\"image\":{\"@id\":\"https:\\\/\\\/www.bellunopress.it\\\/2025\\\/05\\\/09\\\/un-mercoledi-come-gli-altri-sabato-a-sospirolo-la-commedia-di-mauro-fantinel\\\/#primaryimage\"},\"thumbnailUrl\":\"https:\\\/\\\/www.bellunopress.it\\\/wp-content\\\/uploads\\\/2025\\\/05\\\/Un-mercoledi-come-gli-altri_edited.jpg\",\"articleSection\":[\"Appuntamenti, Eventi\",\"Arte, Cultura, Spettacoli, Scienza\",\"Pausa Caff\u00e8\"],\"inLanguage\":\"fr-FR\"},{\"@type\":\"WebPage\",\"@id\":\"https:\\\/\\\/www.bellunopress.it\\\/2025\\\/05\\\/09\\\/un-mercoledi-come-gli-altri-sabato-a-sospirolo-la-commedia-di-mauro-fantinel\\\/\",\"url\":\"https:\\\/\\\/www.bellunopress.it\\\/2025\\\/05\\\/09\\\/un-mercoledi-come-gli-altri-sabato-a-sospirolo-la-commedia-di-mauro-fantinel\\\/\",\"name\":\"Un mercoled\u00ec come gli altri. Sabato a Sospirolo la commedia di Mauro Fantinel - Bellunopress - Dolomiti\",\"isPartOf\":{\"@id\":\"https:\\\/\\\/www.bellunopress.it\\\/#website\"},\"primaryImageOfPage\":{\"@id\":\"https:\\\/\\\/www.bellunopress.it\\\/2025\\\/05\\\/09\\\/un-mercoledi-come-gli-altri-sabato-a-sospirolo-la-commedia-di-mauro-fantinel\\\/#primaryimage\"},\"image\":{\"@id\":\"https:\\\/\\\/www.bellunopress.it\\\/2025\\\/05\\\/09\\\/un-mercoledi-come-gli-altri-sabato-a-sospirolo-la-commedia-di-mauro-fantinel\\\/#primaryimage\"},\"thumbnailUrl\":\"https:\\\/\\\/www.bellunopress.it\\\/wp-content\\\/uploads\\\/2025\\\/05\\\/Un-mercoledi-come-gli-altri_edited.jpg\",\"datePublished\":\"2025-05-09T12:16:03+00:00\",\"breadcrumb\":{\"@id\":\"https:\\\/\\\/www.bellunopress.it\\\/2025\\\/05\\\/09\\\/un-mercoledi-come-gli-altri-sabato-a-sospirolo-la-commedia-di-mauro-fantinel\\\/#breadcrumb\"},\"inLanguage\":\"fr-FR\",\"potentialAction\":[{\"@type\":\"ReadAction\",\"target\":[\"https:\\\/\\\/www.bellunopress.it\\\/2025\\\/05\\\/09\\\/un-mercoledi-come-gli-altri-sabato-a-sospirolo-la-commedia-di-mauro-fantinel\\\/\"]}]},{\"@type\":\"ImageObject\",\"inLanguage\":\"fr-FR\",\"@id\":\"https:\\\/\\\/www.bellunopress.it\\\/2025\\\/05\\\/09\\\/un-mercoledi-come-gli-altri-sabato-a-sospirolo-la-commedia-di-mauro-fantinel\\\/#primaryimage\",\"url\":\"https:\\\/\\\/www.bellunopress.it\\\/wp-content\\\/uploads\\\/2025\\\/05\\\/Un-mercoledi-come-gli-altri_edited.jpg\",\"contentUrl\":\"https:\\\/\\\/www.bellunopress.it\\\/wp-content\\\/uploads\\\/2025\\\/05\\\/Un-mercoledi-come-gli-altri_edited.jpg\",\"width\":612,\"height\":1000},{\"@type\":\"BreadcrumbList\",\"@id\":\"https:\\\/\\\/www.bellunopress.it\\\/2025\\\/05\\\/09\\\/un-mercoledi-come-gli-altri-sabato-a-sospirolo-la-commedia-di-mauro-fantinel\\\/#breadcrumb\",\"itemListElement\":[{\"@type\":\"ListItem\",\"position\":1,\"name\":\"Home\",\"item\":\"https:\\\/\\\/www.bellunopress.it\\\/\"},{\"@type\":\"ListItem\",\"position\":2,\"name\":\"Un mercoled\u00ec come gli altri. Sabato a Sospirolo la commedia di Mauro Fantinel\"}]},{\"@type\":\"WebSite\",\"@id\":\"https:\\\/\\\/www.bellunopress.it\\\/#website\",\"url\":\"https:\\\/\\\/www.bellunopress.it\\\/\",\"name\":\"Bellunopress - Dolomiti\",\"description\":\"e-mail: redazione@bellunopress.it\",\"publisher\":{\"@id\":\"https:\\\/\\\/www.bellunopress.it\\\/#organization\"},\"potentialAction\":[{\"@type\":\"SearchAction\",\"target\":{\"@type\":\"EntryPoint\",\"urlTemplate\":\"https:\\\/\\\/www.bellunopress.it\\\/?s={search_term_string}\"},\"query-input\":{\"@type\":\"PropertyValueSpecification\",\"valueRequired\":true,\"valueName\":\"search_term_string\"}}],\"inLanguage\":\"fr-FR\"},{\"@type\":\"Organization\",\"@id\":\"https:\\\/\\\/www.bellunopress.it\\\/#organization\",\"name\":\"Bellunopress\",\"url\":\"https:\\\/\\\/www.bellunopress.it\\\/\",\"logo\":{\"@type\":\"ImageObject\",\"inLanguage\":\"fr-FR\",\"@id\":\"https:\\\/\\\/www.bellunopress.it\\\/#\\\/schema\\\/logo\\\/image\\\/\",\"url\":\"https:\\\/\\\/www.bellunopress.it\\\/wp-content\\\/uploads\\\/2011\\\/05\\\/cropped-logo-bellunopress-.jpg\",\"contentUrl\":\"https:\\\/\\\/www.bellunopress.it\\\/wp-content\\\/uploads\\\/2011\\\/05\\\/cropped-logo-bellunopress-.jpg\",\"width\":512,\"height\":512,\"caption\":\"Bellunopress\"},\"image\":{\"@id\":\"https:\\\/\\\/www.bellunopress.it\\\/#\\\/schema\\\/logo\\\/image\\\/\"},\"sameAs\":[\"https:\\\/\\\/www.facebook.com\\\/profile.php?id=100008943462799\",\"https:\\\/\\\/x.com\\\/bellunopress\",\"https:\\\/\\\/www.linkedin.com\\\/hp\\\/?dnr=JBzUWaJfMUw8vbXJJ2tVW5-I3jZKvC4wsoxE&amp;amp;amp;amp;amp;amp;trk=nav_responsive_tab_home\",\"https:\\\/\\\/www.youtube.com\\\/channel\\\/UCxL0wu1uN0_3_7hGG0306cw\"]},{\"@type\":\"Person\",\"@id\":\"https:\\\/\\\/www.bellunopress.it\\\/#\\\/schema\\\/person\\\/79bb06722b37ece1c03d3e94beb30d73\",\"name\":\"redazione\",\"image\":{\"@type\":\"ImageObject\",\"inLanguage\":\"fr-FR\",\"@id\":\"https:\\\/\\\/secure.gravatar.com\\\/avatar\\\/37d968a2e67a6fd04c169c4bdef102d0bc5d31b2546345219e348575eb80e9a0?s=96&d=mm&r=g\",\"url\":\"https:\\\/\\\/secure.gravatar.com\\\/avatar\\\/37d968a2e67a6fd04c169c4bdef102d0bc5d31b2546345219e348575eb80e9a0?s=96&d=mm&r=g\",\"contentUrl\":\"https:\\\/\\\/secure.gravatar.com\\\/avatar\\\/37d968a2e67a6fd04c169c4bdef102d0bc5d31b2546345219e348575eb80e9a0?s=96&d=mm&r=g\",\"caption\":\"redazione\"},\"sameAs\":[\"http:\\\/\\\/www.bellunopress.it\",\"https:\\\/\\\/x.com\\\/bellunopress\"],\"url\":\"https:\\\/\\\/www.bellunopress.it\\\/fr\\\/author\\\/redazione\\\/\"}]}<\/script>\n<!-- \/ Yoast SEO plugin. -->","yoast_head_json":{"title":"Un mercoled\u00ec come gli altri. Sabato a Sospirolo la commedia di Mauro Fantinel - Bellunopress - Dolomiti","robots":{"index":"index","follow":"follow","max-snippet":"max-snippet:-1","max-image-preview":"max-image-preview:large","max-video-preview":"max-video-preview:-1"},"canonical":"https:\/\/www.bellunopress.it\/fr\/2025\/05\/09\/un-mercoledi-come-gli-altri-sabato-a-sospirolo-la-commedia-di-mauro-fantinel\/","og_locale":"fr_FR","og_type":"article","og_title":"Un mercoled\u00ec come gli altri. Sabato a Sospirolo la commedia di Mauro Fantinel - Bellunopress - Dolomiti","og_description":"Sabato 10 maggio alle ore 20.45 al Centro civico di Sospirolo la compagnia \u201cAtti Rifatti\u201d presenta la commedia brillante in due atti \u201cUn mercoled\u00ec come gli altri\u201d per la regia di Mauro Fantinel. La manifestazione \u00e8 proposta dalla Pro Loco Monti del Sole, che la dedica a tutte le Mamme, e gode del patrocinio del [&hellip;]","og_url":"https:\/\/www.bellunopress.it\/fr\/2025\/05\/09\/un-mercoledi-come-gli-altri-sabato-a-sospirolo-la-commedia-di-mauro-fantinel\/","og_site_name":"Bellunopress - Dolomiti","article_publisher":"https:\/\/www.facebook.com\/profile.php?id=100008943462799","article_published_time":"2025-05-09T12:16:03+00:00","og_image":[{"width":612,"height":1000,"url":"https:\/\/www.bellunopress.it\/wp-content\/uploads\/2025\/05\/Un-mercoledi-come-gli-altri_edited.jpg","type":"image\/jpeg"}],"author":"redazione","twitter_card":"summary_large_image","twitter_creator":"@bellunopress","twitter_site":"@bellunopress","twitter_misc":{"\u00c9crit par":"redazione","Dur\u00e9e de lecture estim\u00e9e":"1 minute"},"schema":{"@context":"https:\/\/schema.org","@graph":[{"@type":"Article","@id":"https:\/\/www.bellunopress.it\/2025\/05\/09\/un-mercoledi-come-gli-altri-sabato-a-sospirolo-la-commedia-di-mauro-fantinel\/#article","isPartOf":{"@id":"https:\/\/www.bellunopress.it\/2025\/05\/09\/un-mercoledi-come-gli-altri-sabato-a-sospirolo-la-commedia-di-mauro-fantinel\/"},"author":{"name":"redazione","@id":"https:\/\/www.bellunopress.it\/#\/schema\/person\/79bb06722b37ece1c03d3e94beb30d73"},"headline":"Un mercoled\u00ec come gli altri. Sabato a Sospirolo la commedia di Mauro Fantinel","datePublished":"2025-05-09T12:16:03+00:00","mainEntityOfPage":{"@id":"https:\/\/www.bellunopress.it\/2025\/05\/09\/un-mercoledi-come-gli-altri-sabato-a-sospirolo-la-commedia-di-mauro-fantinel\/"},"wordCount":116,"publisher":{"@id":"https:\/\/www.bellunopress.it\/#organization"},"image":{"@id":"https:\/\/www.bellunopress.it\/2025\/05\/09\/un-mercoledi-come-gli-altri-sabato-a-sospirolo-la-commedia-di-mauro-fantinel\/#primaryimage"},"thumbnailUrl":"https:\/\/www.bellunopress.it\/wp-content\/uploads\/2025\/05\/Un-mercoledi-come-gli-altri_edited.jpg","articleSection":["Appuntamenti, Eventi","Arte, Cultura, Spettacoli, Scienza","Pausa Caff\u00e8"],"inLanguage":"fr-FR"},{"@type":"WebPage","@id":"https:\/\/www.bellunopress.it\/2025\/05\/09\/un-mercoledi-come-gli-altri-sabato-a-sospirolo-la-commedia-di-mauro-fantinel\/","url":"https:\/\/www.bellunopress.it\/2025\/05\/09\/un-mercoledi-come-gli-altri-sabato-a-sospirolo-la-commedia-di-mauro-fantinel\/","name":"Un mercoled\u00ec come gli altri. Sabato a Sospirolo la commedia di Mauro Fantinel - Bellunopress - Dolomiti","isPartOf":{"@id":"https:\/\/www.bellunopress.it\/#website"},"primaryImageOfPage":{"@id":"https:\/\/www.bellunopress.it\/2025\/05\/09\/un-mercoledi-come-gli-altri-sabato-a-sospirolo-la-commedia-di-mauro-fantinel\/#primaryimage"},"image":{"@id":"https:\/\/www.bellunopress.it\/2025\/05\/09\/un-mercoledi-come-gli-altri-sabato-a-sospirolo-la-commedia-di-mauro-fantinel\/#primaryimage"},"thumbnailUrl":"https:\/\/www.bellunopress.it\/wp-content\/uploads\/2025\/05\/Un-mercoledi-come-gli-altri_edited.jpg","datePublished":"2025-05-09T12:16:03+00:00","breadcrumb":{"@id":"https:\/\/www.bellunopress.it\/2025\/05\/09\/un-mercoledi-come-gli-altri-sabato-a-sospirolo-la-commedia-di-mauro-fantinel\/#breadcrumb"},"inLanguage":"fr-FR","potentialAction":[{"@type":"ReadAction","target":["https:\/\/www.bellunopress.it\/2025\/05\/09\/un-mercoledi-come-gli-altri-sabato-a-sospirolo-la-commedia-di-mauro-fantinel\/"]}]},{"@type":"ImageObject","inLanguage":"fr-FR","@id":"https:\/\/www.bellunopress.it\/2025\/05\/09\/un-mercoledi-come-gli-altri-sabato-a-sospirolo-la-commedia-di-mauro-fantinel\/#primaryimage","url":"https:\/\/www.bellunopress.it\/wp-content\/uploads\/2025\/05\/Un-mercoledi-come-gli-altri_edited.jpg","contentUrl":"https:\/\/www.bellunopress.it\/wp-content\/uploads\/2025\/05\/Un-mercoledi-come-gli-altri_edited.jpg","width":612,"height":1000},{"@type":"BreadcrumbList","@id":"https:\/\/www.bellunopress.it\/2025\/05\/09\/un-mercoledi-come-gli-altri-sabato-a-sospirolo-la-commedia-di-mauro-fantinel\/#breadcrumb","itemListElement":[{"@type":"ListItem","position":1,"name":"Home","item":"https:\/\/www.bellunopress.it\/"},{"@type":"ListItem","position":2,"name":"Un mercoled\u00ec come gli altri. Sabato a Sospirolo la commedia di Mauro Fantinel"}]},{"@type":"WebSite","@id":"https:\/\/www.bellunopress.it\/#website","url":"https:\/\/www.bellunopress.it\/","name":"Bellunopress - Dolomiti","description":"e-mail: redazione@bellunopress.it","publisher":{"@id":"https:\/\/www.bellunopress.it\/#organization"},"potentialAction":[{"@type":"SearchAction","target":{"@type":"EntryPoint","urlTemplate":"https:\/\/www.bellunopress.it\/?s={search_term_string}"},"query-input":{"@type":"PropertyValueSpecification","valueRequired":true,"valueName":"search_term_string"}}],"inLanguage":"fr-FR"},{"@type":"Organization","@id":"https:\/\/www.bellunopress.it\/#organization","name":"Bellunopress","url":"https:\/\/www.bellunopress.it\/","logo":{"@type":"ImageObject","inLanguage":"fr-FR","@id":"https:\/\/www.bellunopress.it\/#\/schema\/logo\/image\/","url":"https:\/\/www.bellunopress.it\/wp-content\/uploads\/2011\/05\/cropped-logo-bellunopress-.jpg","contentUrl":"https:\/\/www.bellunopress.it\/wp-content\/uploads\/2011\/05\/cropped-logo-bellunopress-.jpg","width":512,"height":512,"caption":"Bellunopress"},"image":{"@id":"https:\/\/www.bellunopress.it\/#\/schema\/logo\/image\/"},"sameAs":["https:\/\/www.facebook.com\/profile.php?id=100008943462799","https:\/\/x.com\/bellunopress","https:\/\/www.linkedin.com\/hp\/?dnr=JBzUWaJfMUw8vbXJJ2tVW5-I3jZKvC4wsoxE&amp;amp;amp;amp;amp;amp;trk=nav_responsive_tab_home","https:\/\/www.youtube.com\/channel\/UCxL0wu1uN0_3_7hGG0306cw"]},{"@type":"Person","@id":"https:\/\/www.bellunopress.it\/#\/schema\/person\/79bb06722b37ece1c03d3e94beb30d73","name":"r\u00e9daction","image":{"@type":"ImageObject","inLanguage":"fr-FR","@id":"https:\/\/secure.gravatar.com\/avatar\/37d968a2e67a6fd04c169c4bdef102d0bc5d31b2546345219e348575eb80e9a0?s=96&d=mm&r=g","url":"https:\/\/secure.gravatar.com\/avatar\/37d968a2e67a6fd04c169c4bdef102d0bc5d31b2546345219e348575eb80e9a0?s=96&d=mm&r=g","contentUrl":"https:\/\/secure.gravatar.com\/avatar\/37d968a2e67a6fd04c169c4bdef102d0bc5d31b2546345219e348575eb80e9a0?s=96&d=mm&r=g","caption":"redazione"},"sameAs":["http:\/\/www.bellunopress.it","https:\/\/x.com\/bellunopress"],"url":"https:\/\/www.bellunopress.it\/fr\/author\/redazione\/"}]}},"_links":{"self":[{"href":"https:\/\/www.bellunopress.it\/fr\/wp-json\/wp\/v2\/posts\/160118","targetHints":{"allow":["GET"]}}],"collection":[{"href":"https:\/\/www.bellunopress.it\/fr\/wp-json\/wp\/v2\/posts"}],"about":[{"href":"https:\/\/www.bellunopress.it\/fr\/wp-json\/wp\/v2\/types\/post"}],"author":[{"embeddable":true,"href":"https:\/\/www.bellunopress.it\/fr\/wp-json\/wp\/v2\/users\/2"}],"replies":[{"embeddable":true,"href":"https:\/\/www.bellunopress.it\/fr\/wp-json\/wp\/v2\/comments?post=160118"}],"version-history":[{"count":1,"href":"https:\/\/www.bellunopress.it\/fr\/wp-json\/wp\/v2\/posts\/160118\/revisions"}],"predecessor-version":[{"id":160120,"href":"https:\/\/www.bellunopress.it\/fr\/wp-json\/wp\/v2\/posts\/160118\/revisions\/160120"}],"wp:featuredmedia":[{"embeddable":true,"href":"https:\/\/www.bellunopress.it\/fr\/wp-json\/wp\/v2\/media\/160119"}],"wp:attachment":[{"href":"https:\/\/www.bellunopress.it\/fr\/wp-json\/wp\/v2\/media?parent=160118"}],"wp:term":[{"taxonomy":"category","embeddable":true,"href":"https:\/\/www.bellunopress.it\/fr\/wp-json\/wp\/v2\/categories?post=160118"},{"taxonomy":"post_tag","embeddable":true,"href":"https:\/\/www.bellunopress.it\/fr\/wp-json\/wp\/v2\/tags?post=160118"}],"curies":[{"name":"wp","href":"https:\/\/api.w.org\/{rel}","templated":true}]}}