{"id":160113,"date":"2025-05-09T13:24:20","date_gmt":"2025-05-09T11:24:20","guid":{"rendered":"https:\/\/www.bellunopress.it\/?p=160113"},"modified":"2025-05-09T13:24:20","modified_gmt":"2025-05-09T11:24:20","slug":"bortolini-e-straga-in-concerto-al-comunale-per-lassociazione-cucchini-nella-giornata-del-sollievo","status":"publish","type":"post","link":"https:\/\/www.bellunopress.it\/fr\/2025\/05\/09\/bortolini-e-straga-in-concerto-al-comunale-per-lassociazione-cucchini-nella-giornata-del-sollievo\/","title":{"rendered":"Bortolini e Strag\u00e0 in concerto al Comunale per l&#8217;Associazione Cucchini nella Giornata del Sollievo"},"content":{"rendered":"<p><img loading=\"lazy\" decoding=\"async\" class=\"aligncenter size-full wp-image-160114\" src=\"https:\/\/www.bellunopress.it\/wp-content\/uploads\/2025\/05\/Federico-Straga-e-Alvise-Bortolini_edited.jpg\" alt=\"\" width=\"707\" height=\"1000\" srcset=\"https:\/\/www.bellunopress.it\/wp-content\/uploads\/2025\/05\/Federico-Straga-e-Alvise-Bortolini_edited.jpg 707w, https:\/\/www.bellunopress.it\/wp-content\/uploads\/2025\/05\/Federico-Straga-e-Alvise-Bortolini_edited-354x500.jpg 354w, https:\/\/www.bellunopress.it\/wp-content\/uploads\/2025\/05\/Federico-Straga-e-Alvise-Bortolini_edited-297x420.jpg 297w, https:\/\/www.bellunopress.it\/wp-content\/uploads\/2025\/05\/Federico-Straga-e-Alvise-Bortolini_edited-696x984.jpg 696w\" sizes=\"auto, (max-width: 707px) 100vw, 707px\" \/>\u00abLa musica che cura, la musica che porta sollievo \u00e8 da sempre un mantra nelle attivit\u00e0 della nostra associazione\u00bb. La Cucchini presenta cos\u00ec il concerto che ormai \u00e8 diventato una tradizione nella Giornata Nazionale del Sollievo, la ricorrenza che ogni anno, in tutta Italia, segna la sensibilizzazione a favore delle Cure Palliative. Un tema su cui l&#8217;associazione Cucchini opera da oltre trentacinque anni.<\/p>\n<p>Quest&#8217;anno la Giornata del Sollievo sar\u00e0 celebrata gioved\u00ec 15 maggio. E come da tradizione ci sar\u00e0 un concerto. Saranno Alvise Bortolini e Federico Strag\u00e0 a esibirsi al Teatro Comunale. L&#8217;appuntamento \u00e8 alle 20.45.<\/p>\n<p>\u00abLa musica \u00e8 nostra compagna di strada da sempre ed \u00e8 una cura per l&#8217;animo &#8211; spiega il presidente della Cucchini, Paolo Colleselli -. Alvise Bortolini e Federico Strag\u00e0 ci regaleranno una serata speciale di tanta e bella musica. Memori del grande successo dello scorso anno, quando uno straripante Centro Giovanni XXIII li ha visti insieme in un&#8217;emozionante esibizione con un medley dei loro successi, quest&#8217;anno i due artisti bellunesi si esibiranno sul palco del nostro teatro cittadino. Si tratta di due artisti che in qualche modo hanno incontrato nelle loro vite il lavoro dei volontari Cucchini e da l\u00ec \u00e8 nato un forte rapporto di affetto. Anche grazie a questo concerto e alla Giornata Nazionale del Sollievo, la nostra associazione porta avanti il compito di diffondere il tema delle Cure Palliative\u00bb.<\/p>\n<p>Il concerto del 15 maggio \u00e8 aperto alla cittadinanza. Le offerte raccolte serviranno a sostenere le attivit\u00e0 dell&#8217;associazione Cucchini.<\/p>","protected":false},"excerpt":{"rendered":"<p>\u00abLa musica che cura, la musica che porta sollievo \u00e8 da sempre un mantra nelle attivit\u00e0 della nostra associazione\u00bb. La Cucchini presenta cos\u00ec il concerto che ormai \u00e8 diventato una tradizione nella Giornata Nazionale del Sollievo, la ricorrenza che ogni anno, in tutta Italia, segna la sensibilizzazione a favore delle Cure Palliative. Un tema su [&hellip;]<\/p>\n","protected":false},"author":2,"featured_media":160114,"comment_status":"closed","ping_status":"open","sticky":false,"template":"","format":"standard","meta":{"footnotes":""},"categories":[27,3,25],"tags":[],"class_list":["post-160113","post","type-post","status-publish","format-standard","has-post-thumbnail","category-appuntamenti","category-arte-cultura-spettacoli-scienza-archivi","category-pausa-caffe"],"yoast_head":"<!-- This site is optimized with the Yoast SEO plugin v28.4 - https:\/\/yoast.com\/product\/yoast-seo-wordpress\/ -->\n<title>Bortolini e Strag\u00e0 in concerto al Comunale per l&#039;Associazione Cucchini nella Giornata del Sollievo - Bellunopress - Dolomiti<\/title>\n<meta name=\"robots\" content=\"index, follow, max-snippet:-1, max-image-preview:large, max-video-preview:-1\" \/>\n<link rel=\"canonical\" href=\"https:\/\/www.bellunopress.it\/fr\/2025\/05\/09\/bortolini-e-straga-in-concerto-al-comunale-per-lassociazione-cucchini-nella-giornata-del-sollievo\/\" \/>\n<meta property=\"og:locale\" content=\"fr_FR\" \/>\n<meta property=\"og:type\" content=\"article\" \/>\n<meta property=\"og:title\" content=\"Bortolini e Strag\u00e0 in concerto al Comunale per l&#039;Associazione Cucchini nella Giornata del Sollievo - Bellunopress - Dolomiti\" \/>\n<meta property=\"og:description\" content=\"\u00abLa musica che cura, la musica che porta sollievo \u00e8 da sempre un mantra nelle attivit\u00e0 della nostra associazione\u00bb. La Cucchini presenta cos\u00ec il concerto che ormai \u00e8 diventato una tradizione nella Giornata Nazionale del Sollievo, la ricorrenza che ogni anno, in tutta Italia, segna la sensibilizzazione a favore delle Cure Palliative. Un tema su [&hellip;]\" \/>\n<meta property=\"og:url\" content=\"https:\/\/www.bellunopress.it\/fr\/2025\/05\/09\/bortolini-e-straga-in-concerto-al-comunale-per-lassociazione-cucchini-nella-giornata-del-sollievo\/\" \/>\n<meta property=\"og:site_name\" content=\"Bellunopress - Dolomiti\" \/>\n<meta property=\"article:publisher\" content=\"https:\/\/www.facebook.com\/profile.php?id=100008943462799\" \/>\n<meta property=\"article:published_time\" content=\"2025-05-09T11:24:20+00:00\" \/>\n<meta property=\"og:image\" content=\"https:\/\/www.bellunopress.it\/wp-content\/uploads\/2025\/05\/Federico-Straga-e-Alvise-Bortolini_edited.jpg\" \/>\n\t<meta property=\"og:image:width\" content=\"707\" \/>\n\t<meta property=\"og:image:height\" content=\"1000\" \/>\n\t<meta property=\"og:image:type\" content=\"image\/jpeg\" \/>\n<meta name=\"author\" content=\"redazione\" \/>\n<meta name=\"twitter:card\" content=\"summary_large_image\" \/>\n<meta name=\"twitter:creator\" content=\"@bellunopress\" \/>\n<meta name=\"twitter:site\" content=\"@bellunopress\" \/>\n<meta name=\"twitter:label1\" content=\"\u00c9crit par\" \/>\n\t<meta name=\"twitter:data1\" content=\"redazione\" \/>\n\t<meta name=\"twitter:label2\" content=\"Dur\u00e9e de lecture estim\u00e9e\" \/>\n\t<meta name=\"twitter:data2\" content=\"1 minute\" \/>\n<script type=\"application\/ld+json\" class=\"yoast-schema-graph\">{\"@context\":\"https:\\\/\\\/schema.org\",\"@graph\":[{\"@type\":\"Article\",\"@id\":\"https:\\\/\\\/www.bellunopress.it\\\/2025\\\/05\\\/09\\\/bortolini-e-straga-in-concerto-al-comunale-per-lassociazione-cucchini-nella-giornata-del-sollievo\\\/#article\",\"isPartOf\":{\"@id\":\"https:\\\/\\\/www.bellunopress.it\\\/2025\\\/05\\\/09\\\/bortolini-e-straga-in-concerto-al-comunale-per-lassociazione-cucchini-nella-giornata-del-sollievo\\\/\"},\"author\":{\"name\":\"redazione\",\"@id\":\"https:\\\/\\\/www.bellunopress.it\\\/#\\\/schema\\\/person\\\/79bb06722b37ece1c03d3e94beb30d73\"},\"headline\":\"Bortolini e Strag\u00e0 in concerto al Comunale per l&#8217;Associazione Cucchini nella Giornata del Sollievo\",\"datePublished\":\"2025-05-09T11:24:20+00:00\",\"mainEntityOfPage\":{\"@id\":\"https:\\\/\\\/www.bellunopress.it\\\/2025\\\/05\\\/09\\\/bortolini-e-straga-in-concerto-al-comunale-per-lassociazione-cucchini-nella-giornata-del-sollievo\\\/\"},\"wordCount\":259,\"publisher\":{\"@id\":\"https:\\\/\\\/www.bellunopress.it\\\/#organization\"},\"image\":{\"@id\":\"https:\\\/\\\/www.bellunopress.it\\\/2025\\\/05\\\/09\\\/bortolini-e-straga-in-concerto-al-comunale-per-lassociazione-cucchini-nella-giornata-del-sollievo\\\/#primaryimage\"},\"thumbnailUrl\":\"https:\\\/\\\/www.bellunopress.it\\\/wp-content\\\/uploads\\\/2025\\\/05\\\/Federico-Straga-e-Alvise-Bortolini_edited.jpg\",\"articleSection\":[\"Appuntamenti, Eventi\",\"Arte, Cultura, Spettacoli, Scienza\",\"Pausa Caff\u00e8\"],\"inLanguage\":\"fr-FR\"},{\"@type\":\"WebPage\",\"@id\":\"https:\\\/\\\/www.bellunopress.it\\\/2025\\\/05\\\/09\\\/bortolini-e-straga-in-concerto-al-comunale-per-lassociazione-cucchini-nella-giornata-del-sollievo\\\/\",\"url\":\"https:\\\/\\\/www.bellunopress.it\\\/2025\\\/05\\\/09\\\/bortolini-e-straga-in-concerto-al-comunale-per-lassociazione-cucchini-nella-giornata-del-sollievo\\\/\",\"name\":\"Bortolini e Strag\u00e0 in concerto al Comunale per l'Associazione Cucchini nella Giornata del Sollievo - Bellunopress - Dolomiti\",\"isPartOf\":{\"@id\":\"https:\\\/\\\/www.bellunopress.it\\\/#website\"},\"primaryImageOfPage\":{\"@id\":\"https:\\\/\\\/www.bellunopress.it\\\/2025\\\/05\\\/09\\\/bortolini-e-straga-in-concerto-al-comunale-per-lassociazione-cucchini-nella-giornata-del-sollievo\\\/#primaryimage\"},\"image\":{\"@id\":\"https:\\\/\\\/www.bellunopress.it\\\/2025\\\/05\\\/09\\\/bortolini-e-straga-in-concerto-al-comunale-per-lassociazione-cucchini-nella-giornata-del-sollievo\\\/#primaryimage\"},\"thumbnailUrl\":\"https:\\\/\\\/www.bellunopress.it\\\/wp-content\\\/uploads\\\/2025\\\/05\\\/Federico-Straga-e-Alvise-Bortolini_edited.jpg\",\"datePublished\":\"2025-05-09T11:24:20+00:00\",\"breadcrumb\":{\"@id\":\"https:\\\/\\\/www.bellunopress.it\\\/2025\\\/05\\\/09\\\/bortolini-e-straga-in-concerto-al-comunale-per-lassociazione-cucchini-nella-giornata-del-sollievo\\\/#breadcrumb\"},\"inLanguage\":\"fr-FR\",\"potentialAction\":[{\"@type\":\"ReadAction\",\"target\":[\"https:\\\/\\\/www.bellunopress.it\\\/2025\\\/05\\\/09\\\/bortolini-e-straga-in-concerto-al-comunale-per-lassociazione-cucchini-nella-giornata-del-sollievo\\\/\"]}]},{\"@type\":\"ImageObject\",\"inLanguage\":\"fr-FR\",\"@id\":\"https:\\\/\\\/www.bellunopress.it\\\/2025\\\/05\\\/09\\\/bortolini-e-straga-in-concerto-al-comunale-per-lassociazione-cucchini-nella-giornata-del-sollievo\\\/#primaryimage\",\"url\":\"https:\\\/\\\/www.bellunopress.it\\\/wp-content\\\/uploads\\\/2025\\\/05\\\/Federico-Straga-e-Alvise-Bortolini_edited.jpg\",\"contentUrl\":\"https:\\\/\\\/www.bellunopress.it\\\/wp-content\\\/uploads\\\/2025\\\/05\\\/Federico-Straga-e-Alvise-Bortolini_edited.jpg\",\"width\":707,\"height\":1000},{\"@type\":\"BreadcrumbList\",\"@id\":\"https:\\\/\\\/www.bellunopress.it\\\/2025\\\/05\\\/09\\\/bortolini-e-straga-in-concerto-al-comunale-per-lassociazione-cucchini-nella-giornata-del-sollievo\\\/#breadcrumb\",\"itemListElement\":[{\"@type\":\"ListItem\",\"position\":1,\"name\":\"Home\",\"item\":\"https:\\\/\\\/www.bellunopress.it\\\/\"},{\"@type\":\"ListItem\",\"position\":2,\"name\":\"Bortolini e Strag\u00e0 in concerto al Comunale per l&#8217;Associazione Cucchini nella Giornata del Sollievo\"}]},{\"@type\":\"WebSite\",\"@id\":\"https:\\\/\\\/www.bellunopress.it\\\/#website\",\"url\":\"https:\\\/\\\/www.bellunopress.it\\\/\",\"name\":\"Bellunopress - Dolomiti\",\"description\":\"e-mail: redazione@bellunopress.it\",\"publisher\":{\"@id\":\"https:\\\/\\\/www.bellunopress.it\\\/#organization\"},\"potentialAction\":[{\"@type\":\"SearchAction\",\"target\":{\"@type\":\"EntryPoint\",\"urlTemplate\":\"https:\\\/\\\/www.bellunopress.it\\\/?s={search_term_string}\"},\"query-input\":{\"@type\":\"PropertyValueSpecification\",\"valueRequired\":true,\"valueName\":\"search_term_string\"}}],\"inLanguage\":\"fr-FR\"},{\"@type\":\"Organization\",\"@id\":\"https:\\\/\\\/www.bellunopress.it\\\/#organization\",\"name\":\"Bellunopress\",\"url\":\"https:\\\/\\\/www.bellunopress.it\\\/\",\"logo\":{\"@type\":\"ImageObject\",\"inLanguage\":\"fr-FR\",\"@id\":\"https:\\\/\\\/www.bellunopress.it\\\/#\\\/schema\\\/logo\\\/image\\\/\",\"url\":\"https:\\\/\\\/www.bellunopress.it\\\/wp-content\\\/uploads\\\/2011\\\/05\\\/cropped-logo-bellunopress-.jpg\",\"contentUrl\":\"https:\\\/\\\/www.bellunopress.it\\\/wp-content\\\/uploads\\\/2011\\\/05\\\/cropped-logo-bellunopress-.jpg\",\"width\":512,\"height\":512,\"caption\":\"Bellunopress\"},\"image\":{\"@id\":\"https:\\\/\\\/www.bellunopress.it\\\/#\\\/schema\\\/logo\\\/image\\\/\"},\"sameAs\":[\"https:\\\/\\\/www.facebook.com\\\/profile.php?id=100008943462799\",\"https:\\\/\\\/x.com\\\/bellunopress\",\"https:\\\/\\\/www.linkedin.com\\\/hp\\\/?dnr=JBzUWaJfMUw8vbXJJ2tVW5-I3jZKvC4wsoxE&amp;amp;amp;amp;amp;amp;trk=nav_responsive_tab_home\",\"https:\\\/\\\/www.youtube.com\\\/channel\\\/UCxL0wu1uN0_3_7hGG0306cw\"]},{\"@type\":\"Person\",\"@id\":\"https:\\\/\\\/www.bellunopress.it\\\/#\\\/schema\\\/person\\\/79bb06722b37ece1c03d3e94beb30d73\",\"name\":\"redazione\",\"image\":{\"@type\":\"ImageObject\",\"inLanguage\":\"fr-FR\",\"@id\":\"https:\\\/\\\/secure.gravatar.com\\\/avatar\\\/37d968a2e67a6fd04c169c4bdef102d0bc5d31b2546345219e348575eb80e9a0?s=96&d=mm&r=g\",\"url\":\"https:\\\/\\\/secure.gravatar.com\\\/avatar\\\/37d968a2e67a6fd04c169c4bdef102d0bc5d31b2546345219e348575eb80e9a0?s=96&d=mm&r=g\",\"contentUrl\":\"https:\\\/\\\/secure.gravatar.com\\\/avatar\\\/37d968a2e67a6fd04c169c4bdef102d0bc5d31b2546345219e348575eb80e9a0?s=96&d=mm&r=g\",\"caption\":\"redazione\"},\"sameAs\":[\"http:\\\/\\\/www.bellunopress.it\",\"https:\\\/\\\/x.com\\\/bellunopress\"],\"url\":\"https:\\\/\\\/www.bellunopress.it\\\/fr\\\/author\\\/redazione\\\/\"}]}<\/script>\n<!-- \/ Yoast SEO plugin. -->","yoast_head_json":{"title":"Bortolini e Strag\u00e0 in concerto al Comunale per l'Associazione Cucchini nella Giornata del Sollievo - Bellunopress - Dolomiti","robots":{"index":"index","follow":"follow","max-snippet":"max-snippet:-1","max-image-preview":"max-image-preview:large","max-video-preview":"max-video-preview:-1"},"canonical":"https:\/\/www.bellunopress.it\/fr\/2025\/05\/09\/bortolini-e-straga-in-concerto-al-comunale-per-lassociazione-cucchini-nella-giornata-del-sollievo\/","og_locale":"fr_FR","og_type":"article","og_title":"Bortolini e Strag\u00e0 in concerto al Comunale per l'Associazione Cucchini nella Giornata del Sollievo - Bellunopress - Dolomiti","og_description":"\u00abLa musica che cura, la musica che porta sollievo \u00e8 da sempre un mantra nelle attivit\u00e0 della nostra associazione\u00bb. La Cucchini presenta cos\u00ec il concerto che ormai \u00e8 diventato una tradizione nella Giornata Nazionale del Sollievo, la ricorrenza che ogni anno, in tutta Italia, segna la sensibilizzazione a favore delle Cure Palliative. Un tema su [&hellip;]","og_url":"https:\/\/www.bellunopress.it\/fr\/2025\/05\/09\/bortolini-e-straga-in-concerto-al-comunale-per-lassociazione-cucchini-nella-giornata-del-sollievo\/","og_site_name":"Bellunopress - Dolomiti","article_publisher":"https:\/\/www.facebook.com\/profile.php?id=100008943462799","article_published_time":"2025-05-09T11:24:20+00:00","og_image":[{"width":707,"height":1000,"url":"https:\/\/www.bellunopress.it\/wp-content\/uploads\/2025\/05\/Federico-Straga-e-Alvise-Bortolini_edited.jpg","type":"image\/jpeg"}],"author":"redazione","twitter_card":"summary_large_image","twitter_creator":"@bellunopress","twitter_site":"@bellunopress","twitter_misc":{"\u00c9crit par":"redazione","Dur\u00e9e de lecture estim\u00e9e":"1 minute"},"schema":{"@context":"https:\/\/schema.org","@graph":[{"@type":"Article","@id":"https:\/\/www.bellunopress.it\/2025\/05\/09\/bortolini-e-straga-in-concerto-al-comunale-per-lassociazione-cucchini-nella-giornata-del-sollievo\/#article","isPartOf":{"@id":"https:\/\/www.bellunopress.it\/2025\/05\/09\/bortolini-e-straga-in-concerto-al-comunale-per-lassociazione-cucchini-nella-giornata-del-sollievo\/"},"author":{"name":"redazione","@id":"https:\/\/www.bellunopress.it\/#\/schema\/person\/79bb06722b37ece1c03d3e94beb30d73"},"headline":"Bortolini e Strag\u00e0 in concerto al Comunale per l&#8217;Associazione Cucchini nella Giornata del Sollievo","datePublished":"2025-05-09T11:24:20+00:00","mainEntityOfPage":{"@id":"https:\/\/www.bellunopress.it\/2025\/05\/09\/bortolini-e-straga-in-concerto-al-comunale-per-lassociazione-cucchini-nella-giornata-del-sollievo\/"},"wordCount":259,"publisher":{"@id":"https:\/\/www.bellunopress.it\/#organization"},"image":{"@id":"https:\/\/www.bellunopress.it\/2025\/05\/09\/bortolini-e-straga-in-concerto-al-comunale-per-lassociazione-cucchini-nella-giornata-del-sollievo\/#primaryimage"},"thumbnailUrl":"https:\/\/www.bellunopress.it\/wp-content\/uploads\/2025\/05\/Federico-Straga-e-Alvise-Bortolini_edited.jpg","articleSection":["Appuntamenti, Eventi","Arte, Cultura, Spettacoli, Scienza","Pausa Caff\u00e8"],"inLanguage":"fr-FR"},{"@type":"WebPage","@id":"https:\/\/www.bellunopress.it\/2025\/05\/09\/bortolini-e-straga-in-concerto-al-comunale-per-lassociazione-cucchini-nella-giornata-del-sollievo\/","url":"https:\/\/www.bellunopress.it\/2025\/05\/09\/bortolini-e-straga-in-concerto-al-comunale-per-lassociazione-cucchini-nella-giornata-del-sollievo\/","name":"Bortolini e Strag\u00e0 in concerto al Comunale per l'Associazione Cucchini nella Giornata del Sollievo - Bellunopress - Dolomiti","isPartOf":{"@id":"https:\/\/www.bellunopress.it\/#website"},"primaryImageOfPage":{"@id":"https:\/\/www.bellunopress.it\/2025\/05\/09\/bortolini-e-straga-in-concerto-al-comunale-per-lassociazione-cucchini-nella-giornata-del-sollievo\/#primaryimage"},"image":{"@id":"https:\/\/www.bellunopress.it\/2025\/05\/09\/bortolini-e-straga-in-concerto-al-comunale-per-lassociazione-cucchini-nella-giornata-del-sollievo\/#primaryimage"},"thumbnailUrl":"https:\/\/www.bellunopress.it\/wp-content\/uploads\/2025\/05\/Federico-Straga-e-Alvise-Bortolini_edited.jpg","datePublished":"2025-05-09T11:24:20+00:00","breadcrumb":{"@id":"https:\/\/www.bellunopress.it\/2025\/05\/09\/bortolini-e-straga-in-concerto-al-comunale-per-lassociazione-cucchini-nella-giornata-del-sollievo\/#breadcrumb"},"inLanguage":"fr-FR","potentialAction":[{"@type":"ReadAction","target":["https:\/\/www.bellunopress.it\/2025\/05\/09\/bortolini-e-straga-in-concerto-al-comunale-per-lassociazione-cucchini-nella-giornata-del-sollievo\/"]}]},{"@type":"ImageObject","inLanguage":"fr-FR","@id":"https:\/\/www.bellunopress.it\/2025\/05\/09\/bortolini-e-straga-in-concerto-al-comunale-per-lassociazione-cucchini-nella-giornata-del-sollievo\/#primaryimage","url":"https:\/\/www.bellunopress.it\/wp-content\/uploads\/2025\/05\/Federico-Straga-e-Alvise-Bortolini_edited.jpg","contentUrl":"https:\/\/www.bellunopress.it\/wp-content\/uploads\/2025\/05\/Federico-Straga-e-Alvise-Bortolini_edited.jpg","width":707,"height":1000},{"@type":"BreadcrumbList","@id":"https:\/\/www.bellunopress.it\/2025\/05\/09\/bortolini-e-straga-in-concerto-al-comunale-per-lassociazione-cucchini-nella-giornata-del-sollievo\/#breadcrumb","itemListElement":[{"@type":"ListItem","position":1,"name":"Home","item":"https:\/\/www.bellunopress.it\/"},{"@type":"ListItem","position":2,"name":"Bortolini e Strag\u00e0 in concerto al Comunale per l&#8217;Associazione Cucchini nella Giornata del Sollievo"}]},{"@type":"WebSite","@id":"https:\/\/www.bellunopress.it\/#website","url":"https:\/\/www.bellunopress.it\/","name":"Bellunopress - Dolomiti","description":"e-mail: redazione@bellunopress.it","publisher":{"@id":"https:\/\/www.bellunopress.it\/#organization"},"potentialAction":[{"@type":"SearchAction","target":{"@type":"EntryPoint","urlTemplate":"https:\/\/www.bellunopress.it\/?s={search_term_string}"},"query-input":{"@type":"PropertyValueSpecification","valueRequired":true,"valueName":"search_term_string"}}],"inLanguage":"fr-FR"},{"@type":"Organization","@id":"https:\/\/www.bellunopress.it\/#organization","name":"Bellunopress","url":"https:\/\/www.bellunopress.it\/","logo":{"@type":"ImageObject","inLanguage":"fr-FR","@id":"https:\/\/www.bellunopress.it\/#\/schema\/logo\/image\/","url":"https:\/\/www.bellunopress.it\/wp-content\/uploads\/2011\/05\/cropped-logo-bellunopress-.jpg","contentUrl":"https:\/\/www.bellunopress.it\/wp-content\/uploads\/2011\/05\/cropped-logo-bellunopress-.jpg","width":512,"height":512,"caption":"Bellunopress"},"image":{"@id":"https:\/\/www.bellunopress.it\/#\/schema\/logo\/image\/"},"sameAs":["https:\/\/www.facebook.com\/profile.php?id=100008943462799","https:\/\/x.com\/bellunopress","https:\/\/www.linkedin.com\/hp\/?dnr=JBzUWaJfMUw8vbXJJ2tVW5-I3jZKvC4wsoxE&amp;amp;amp;amp;amp;amp;trk=nav_responsive_tab_home","https:\/\/www.youtube.com\/channel\/UCxL0wu1uN0_3_7hGG0306cw"]},{"@type":"Person","@id":"https:\/\/www.bellunopress.it\/#\/schema\/person\/79bb06722b37ece1c03d3e94beb30d73","name":"r\u00e9daction","image":{"@type":"ImageObject","inLanguage":"fr-FR","@id":"https:\/\/secure.gravatar.com\/avatar\/37d968a2e67a6fd04c169c4bdef102d0bc5d31b2546345219e348575eb80e9a0?s=96&d=mm&r=g","url":"https:\/\/secure.gravatar.com\/avatar\/37d968a2e67a6fd04c169c4bdef102d0bc5d31b2546345219e348575eb80e9a0?s=96&d=mm&r=g","contentUrl":"https:\/\/secure.gravatar.com\/avatar\/37d968a2e67a6fd04c169c4bdef102d0bc5d31b2546345219e348575eb80e9a0?s=96&d=mm&r=g","caption":"redazione"},"sameAs":["http:\/\/www.bellunopress.it","https:\/\/x.com\/bellunopress"],"url":"https:\/\/www.bellunopress.it\/fr\/author\/redazione\/"}]}},"_links":{"self":[{"href":"https:\/\/www.bellunopress.it\/fr\/wp-json\/wp\/v2\/posts\/160113","targetHints":{"allow":["GET"]}}],"collection":[{"href":"https:\/\/www.bellunopress.it\/fr\/wp-json\/wp\/v2\/posts"}],"about":[{"href":"https:\/\/www.bellunopress.it\/fr\/wp-json\/wp\/v2\/types\/post"}],"author":[{"embeddable":true,"href":"https:\/\/www.bellunopress.it\/fr\/wp-json\/wp\/v2\/users\/2"}],"replies":[{"embeddable":true,"href":"https:\/\/www.bellunopress.it\/fr\/wp-json\/wp\/v2\/comments?post=160113"}],"version-history":[{"count":1,"href":"https:\/\/www.bellunopress.it\/fr\/wp-json\/wp\/v2\/posts\/160113\/revisions"}],"predecessor-version":[{"id":160115,"href":"https:\/\/www.bellunopress.it\/fr\/wp-json\/wp\/v2\/posts\/160113\/revisions\/160115"}],"wp:featuredmedia":[{"embeddable":true,"href":"https:\/\/www.bellunopress.it\/fr\/wp-json\/wp\/v2\/media\/160114"}],"wp:attachment":[{"href":"https:\/\/www.bellunopress.it\/fr\/wp-json\/wp\/v2\/media?parent=160113"}],"wp:term":[{"taxonomy":"category","embeddable":true,"href":"https:\/\/www.bellunopress.it\/fr\/wp-json\/wp\/v2\/categories?post=160113"},{"taxonomy":"post_tag","embeddable":true,"href":"https:\/\/www.bellunopress.it\/fr\/wp-json\/wp\/v2\/tags?post=160113"}],"curies":[{"name":"wp","href":"https:\/\/api.w.org\/{rel}","templated":true}]}}