{"id":160079,"date":"2025-05-08T13:18:36","date_gmt":"2025-05-08T11:18:36","guid":{"rendered":"https:\/\/www.bellunopress.it\/?p=160079"},"modified":"2025-05-08T13:18:36","modified_gmt":"2025-05-08T11:18:36","slug":"manifestazione-della-rete-degli-studenti-medi-di-belluno","status":"publish","type":"post","link":"https:\/\/www.bellunopress.it\/fr\/2025\/05\/08\/manifestazione-della-rete-degli-studenti-medi-di-belluno\/","title":{"rendered":"Manifestazione della Rete degli Studenti Medi di Belluno"},"content":{"rendered":"<p><img loading=\"lazy\" decoding=\"async\" class=\"aligncenter size-full wp-image-160080\" src=\"https:\/\/www.bellunopress.it\/wp-content\/uploads\/2025\/05\/Rete-studenti-medi-Belluno_edited.jpg\" alt=\"\" width=\"725\" height=\"603\" srcset=\"https:\/\/www.bellunopress.it\/wp-content\/uploads\/2025\/05\/Rete-studenti-medi-Belluno_edited.jpg 725w, https:\/\/www.bellunopress.it\/wp-content\/uploads\/2025\/05\/Rete-studenti-medi-Belluno_edited-500x416.jpg 500w, https:\/\/www.bellunopress.it\/wp-content\/uploads\/2025\/05\/Rete-studenti-medi-Belluno_edited-505x420.jpg 505w, https:\/\/www.bellunopress.it\/wp-content\/uploads\/2025\/05\/Rete-studenti-medi-Belluno_edited-696x579.jpg 696w\" sizes=\"auto, (max-width: 725px) 100vw, 725px\" \/>Belluno, 8 maggio 2025 &#8211; Questa mattina, ad un mese esatto dal voto del Referendum, gli studenti della Rete degli Studenti Medi di Belluno sono stati davanti ai propri istituti con striscioni e cartelli per denunciare la precariet\u00e0 del presente e per costruire un futuro diverso, a partire dai cinque referendum su lavoro e cittadinanza dell&#8217;8 e 9 giugno.<\/p>\n<p>&#8220;Siamo stanchi di un sistema che ci promette solo sfruttamento, tirocini non pagati, lavoro nero o sottopagato e zero tutele&#8221;, dichiara Alex Simiele, della Rete degli Studenti Medi di Belluno. &#8220;Siamo davanti alle nostre scuole perch\u00e9 vogliamo dire con chiarezza che non accettiamo questo futuro in silenzio. E che il voto ai referendum \u00e8 il primo passo per cambiare davvero le cose.&#8221;<\/p>\n<p>Lo scopo di queste azioni \u00e8 di informare la comunit\u00e0 scolastica e costruire consapevolezza.<br \/>\n&#8220;La nostra generazione entra nel mondo del lavoro con contratti a termine, lavori sottopagati, assenza di sicurezza e nessuna prospettiva. Molti di noi vivono in Italia da anni, lavorano o studiano in Italia, parlano italiano, ma ancora non sono riconosciuti come italiani. Questo \u00e8 il nostro presente; ma noi non ci stiamo: i referendum di giugno saranno fondamentali.&#8221;<\/p>\n<p>Il Governo sta mantenendo un silenzio strategico e colpevole sui referendum, arrivando a scoraggiare la partecipazione per paura che il popolo scelga diritti invece che sfruttamento. &#8220;Un governo che teme la partecipazione non \u00e8 un governo che lavora per tutti \u2013 \u00e8 un governo che difende lo status quo e lavora attivamente per evitare di arrivare al quorum. Per questo noi non stiamo zitti. Continueremo a parlare, ad attivarci, a organizzarci.&#8221; Conclude Simiele<\/p>\n<p>&#8220;Le proposte referendarie \u2013 dall&#8217;abolizione dei contratti precari al ripristino delle tutele contro i licenziamenti illegittimi, dalla sicurezza sul lavoro alla cittadinanza \u2013 rappresentano un&#8217;occasione concreta per invertire la rotta. Ma perch\u00e9 diventino realt\u00e0 serve una cosa semplice: che le persone vadano a votare. E per farlo, serve informazione e mobilitazione. Noi faremo e stiamo facendo la nostra parte.<br \/>\nL&#8217;8 e il 9 giugno votiamo 5 S\u00cc. Per un lavoro stabile, giusto e sicuro. Per un futuro che valga la pena immaginare.&#8221; Conclude Serena De Marchi, della Rete degli Studenti Medi del Veneto<\/p>","protected":false},"excerpt":{"rendered":"<p>Belluno, 8 maggio 2025 &#8211; Questa mattina, ad un mese esatto dal voto del Referendum, gli studenti della Rete degli Studenti Medi di Belluno sono stati davanti ai propri istituti con striscioni e cartelli per denunciare la precariet\u00e0 del presente e per costruire un futuro diverso, a partire dai cinque referendum su lavoro e cittadinanza [&hellip;]<\/p>\n","protected":false},"author":2,"featured_media":160080,"comment_status":"closed","ping_status":"open","sticky":false,"template":"","format":"standard","meta":{"footnotes":""},"categories":[26,15],"tags":[],"class_list":["post-160079","post","type-post","status-publish","format-standard","has-post-thumbnail","category-prima-pagina","category-scuola"],"yoast_head":"<!-- This site is optimized with the Yoast SEO plugin v28.4 - https:\/\/yoast.com\/product\/yoast-seo-wordpress\/ -->\n<title>Manifestazione della Rete degli Studenti Medi di Belluno - Bellunopress - Dolomiti<\/title>\n<meta name=\"robots\" content=\"index, follow, max-snippet:-1, max-image-preview:large, max-video-preview:-1\" \/>\n<link rel=\"canonical\" href=\"https:\/\/www.bellunopress.it\/fr\/2025\/05\/08\/manifestazione-della-rete-degli-studenti-medi-di-belluno\/\" \/>\n<meta property=\"og:locale\" content=\"fr_FR\" \/>\n<meta property=\"og:type\" content=\"article\" \/>\n<meta property=\"og:title\" content=\"Manifestazione della Rete degli Studenti Medi di Belluno - Bellunopress - Dolomiti\" \/>\n<meta property=\"og:description\" content=\"Belluno, 8 maggio 2025 &#8211; Questa mattina, ad un mese esatto dal voto del Referendum, gli studenti della Rete degli Studenti Medi di Belluno sono stati davanti ai propri istituti con striscioni e cartelli per denunciare la precariet\u00e0 del presente e per costruire un futuro diverso, a partire dai cinque referendum su lavoro e cittadinanza [&hellip;]\" \/>\n<meta property=\"og:url\" content=\"https:\/\/www.bellunopress.it\/fr\/2025\/05\/08\/manifestazione-della-rete-degli-studenti-medi-di-belluno\/\" \/>\n<meta property=\"og:site_name\" content=\"Bellunopress - Dolomiti\" \/>\n<meta property=\"article:publisher\" content=\"https:\/\/www.facebook.com\/profile.php?id=100008943462799\" \/>\n<meta property=\"article:published_time\" content=\"2025-05-08T11:18:36+00:00\" \/>\n<meta property=\"og:image\" content=\"https:\/\/www.bellunopress.it\/wp-content\/uploads\/2025\/05\/Rete-studenti-medi-Belluno_edited.jpg\" \/>\n\t<meta property=\"og:image:width\" content=\"725\" \/>\n\t<meta property=\"og:image:height\" content=\"603\" \/>\n\t<meta property=\"og:image:type\" content=\"image\/jpeg\" \/>\n<meta name=\"author\" content=\"redazione\" \/>\n<meta name=\"twitter:card\" content=\"summary_large_image\" \/>\n<meta name=\"twitter:creator\" content=\"@bellunopress\" \/>\n<meta name=\"twitter:site\" content=\"@bellunopress\" \/>\n<meta name=\"twitter:label1\" content=\"\u00c9crit par\" \/>\n\t<meta name=\"twitter:data1\" content=\"redazione\" \/>\n\t<meta name=\"twitter:label2\" content=\"Dur\u00e9e de lecture estim\u00e9e\" \/>\n\t<meta name=\"twitter:data2\" content=\"2 minutes\" \/>\n<script type=\"application\/ld+json\" class=\"yoast-schema-graph\">{\"@context\":\"https:\\\/\\\/schema.org\",\"@graph\":[{\"@type\":\"Article\",\"@id\":\"https:\\\/\\\/www.bellunopress.it\\\/2025\\\/05\\\/08\\\/manifestazione-della-rete-degli-studenti-medi-di-belluno\\\/#article\",\"isPartOf\":{\"@id\":\"https:\\\/\\\/www.bellunopress.it\\\/2025\\\/05\\\/08\\\/manifestazione-della-rete-degli-studenti-medi-di-belluno\\\/\"},\"author\":{\"name\":\"redazione\",\"@id\":\"https:\\\/\\\/www.bellunopress.it\\\/#\\\/schema\\\/person\\\/79bb06722b37ece1c03d3e94beb30d73\"},\"headline\":\"Manifestazione della Rete degli Studenti Medi di Belluno\",\"datePublished\":\"2025-05-08T11:18:36+00:00\",\"mainEntityOfPage\":{\"@id\":\"https:\\\/\\\/www.bellunopress.it\\\/2025\\\/05\\\/08\\\/manifestazione-della-rete-degli-studenti-medi-di-belluno\\\/\"},\"wordCount\":356,\"publisher\":{\"@id\":\"https:\\\/\\\/www.bellunopress.it\\\/#organization\"},\"image\":{\"@id\":\"https:\\\/\\\/www.bellunopress.it\\\/2025\\\/05\\\/08\\\/manifestazione-della-rete-degli-studenti-medi-di-belluno\\\/#primaryimage\"},\"thumbnailUrl\":\"https:\\\/\\\/www.bellunopress.it\\\/wp-content\\\/uploads\\\/2025\\\/05\\\/Rete-studenti-medi-Belluno_edited.jpg\",\"articleSection\":[\"Prima Pagina\",\"Scuola\"],\"inLanguage\":\"fr-FR\"},{\"@type\":\"WebPage\",\"@id\":\"https:\\\/\\\/www.bellunopress.it\\\/2025\\\/05\\\/08\\\/manifestazione-della-rete-degli-studenti-medi-di-belluno\\\/\",\"url\":\"https:\\\/\\\/www.bellunopress.it\\\/2025\\\/05\\\/08\\\/manifestazione-della-rete-degli-studenti-medi-di-belluno\\\/\",\"name\":\"Manifestazione della Rete degli Studenti Medi di Belluno - Bellunopress - Dolomiti\",\"isPartOf\":{\"@id\":\"https:\\\/\\\/www.bellunopress.it\\\/#website\"},\"primaryImageOfPage\":{\"@id\":\"https:\\\/\\\/www.bellunopress.it\\\/2025\\\/05\\\/08\\\/manifestazione-della-rete-degli-studenti-medi-di-belluno\\\/#primaryimage\"},\"image\":{\"@id\":\"https:\\\/\\\/www.bellunopress.it\\\/2025\\\/05\\\/08\\\/manifestazione-della-rete-degli-studenti-medi-di-belluno\\\/#primaryimage\"},\"thumbnailUrl\":\"https:\\\/\\\/www.bellunopress.it\\\/wp-content\\\/uploads\\\/2025\\\/05\\\/Rete-studenti-medi-Belluno_edited.jpg\",\"datePublished\":\"2025-05-08T11:18:36+00:00\",\"breadcrumb\":{\"@id\":\"https:\\\/\\\/www.bellunopress.it\\\/2025\\\/05\\\/08\\\/manifestazione-della-rete-degli-studenti-medi-di-belluno\\\/#breadcrumb\"},\"inLanguage\":\"fr-FR\",\"potentialAction\":[{\"@type\":\"ReadAction\",\"target\":[\"https:\\\/\\\/www.bellunopress.it\\\/2025\\\/05\\\/08\\\/manifestazione-della-rete-degli-studenti-medi-di-belluno\\\/\"]}]},{\"@type\":\"ImageObject\",\"inLanguage\":\"fr-FR\",\"@id\":\"https:\\\/\\\/www.bellunopress.it\\\/2025\\\/05\\\/08\\\/manifestazione-della-rete-degli-studenti-medi-di-belluno\\\/#primaryimage\",\"url\":\"https:\\\/\\\/www.bellunopress.it\\\/wp-content\\\/uploads\\\/2025\\\/05\\\/Rete-studenti-medi-Belluno_edited.jpg\",\"contentUrl\":\"https:\\\/\\\/www.bellunopress.it\\\/wp-content\\\/uploads\\\/2025\\\/05\\\/Rete-studenti-medi-Belluno_edited.jpg\",\"width\":725,\"height\":603},{\"@type\":\"BreadcrumbList\",\"@id\":\"https:\\\/\\\/www.bellunopress.it\\\/2025\\\/05\\\/08\\\/manifestazione-della-rete-degli-studenti-medi-di-belluno\\\/#breadcrumb\",\"itemListElement\":[{\"@type\":\"ListItem\",\"position\":1,\"name\":\"Home\",\"item\":\"https:\\\/\\\/www.bellunopress.it\\\/\"},{\"@type\":\"ListItem\",\"position\":2,\"name\":\"Manifestazione della Rete degli Studenti Medi di Belluno\"}]},{\"@type\":\"WebSite\",\"@id\":\"https:\\\/\\\/www.bellunopress.it\\\/#website\",\"url\":\"https:\\\/\\\/www.bellunopress.it\\\/\",\"name\":\"Bellunopress - Dolomiti\",\"description\":\"e-mail: redazione@bellunopress.it\",\"publisher\":{\"@id\":\"https:\\\/\\\/www.bellunopress.it\\\/#organization\"},\"potentialAction\":[{\"@type\":\"SearchAction\",\"target\":{\"@type\":\"EntryPoint\",\"urlTemplate\":\"https:\\\/\\\/www.bellunopress.it\\\/?s={search_term_string}\"},\"query-input\":{\"@type\":\"PropertyValueSpecification\",\"valueRequired\":true,\"valueName\":\"search_term_string\"}}],\"inLanguage\":\"fr-FR\"},{\"@type\":\"Organization\",\"@id\":\"https:\\\/\\\/www.bellunopress.it\\\/#organization\",\"name\":\"Bellunopress\",\"url\":\"https:\\\/\\\/www.bellunopress.it\\\/\",\"logo\":{\"@type\":\"ImageObject\",\"inLanguage\":\"fr-FR\",\"@id\":\"https:\\\/\\\/www.bellunopress.it\\\/#\\\/schema\\\/logo\\\/image\\\/\",\"url\":\"https:\\\/\\\/www.bellunopress.it\\\/wp-content\\\/uploads\\\/2011\\\/05\\\/cropped-logo-bellunopress-.jpg\",\"contentUrl\":\"https:\\\/\\\/www.bellunopress.it\\\/wp-content\\\/uploads\\\/2011\\\/05\\\/cropped-logo-bellunopress-.jpg\",\"width\":512,\"height\":512,\"caption\":\"Bellunopress\"},\"image\":{\"@id\":\"https:\\\/\\\/www.bellunopress.it\\\/#\\\/schema\\\/logo\\\/image\\\/\"},\"sameAs\":[\"https:\\\/\\\/www.facebook.com\\\/profile.php?id=100008943462799\",\"https:\\\/\\\/x.com\\\/bellunopress\",\"https:\\\/\\\/www.linkedin.com\\\/hp\\\/?dnr=JBzUWaJfMUw8vbXJJ2tVW5-I3jZKvC4wsoxE&amp;amp;amp;amp;amp;amp;trk=nav_responsive_tab_home\",\"https:\\\/\\\/www.youtube.com\\\/channel\\\/UCxL0wu1uN0_3_7hGG0306cw\"]},{\"@type\":\"Person\",\"@id\":\"https:\\\/\\\/www.bellunopress.it\\\/#\\\/schema\\\/person\\\/79bb06722b37ece1c03d3e94beb30d73\",\"name\":\"redazione\",\"image\":{\"@type\":\"ImageObject\",\"inLanguage\":\"fr-FR\",\"@id\":\"https:\\\/\\\/secure.gravatar.com\\\/avatar\\\/37d968a2e67a6fd04c169c4bdef102d0bc5d31b2546345219e348575eb80e9a0?s=96&d=mm&r=g\",\"url\":\"https:\\\/\\\/secure.gravatar.com\\\/avatar\\\/37d968a2e67a6fd04c169c4bdef102d0bc5d31b2546345219e348575eb80e9a0?s=96&d=mm&r=g\",\"contentUrl\":\"https:\\\/\\\/secure.gravatar.com\\\/avatar\\\/37d968a2e67a6fd04c169c4bdef102d0bc5d31b2546345219e348575eb80e9a0?s=96&d=mm&r=g\",\"caption\":\"redazione\"},\"sameAs\":[\"http:\\\/\\\/www.bellunopress.it\",\"https:\\\/\\\/x.com\\\/bellunopress\"],\"url\":\"https:\\\/\\\/www.bellunopress.it\\\/fr\\\/author\\\/redazione\\\/\"}]}<\/script>\n<!-- \/ Yoast SEO plugin. -->","yoast_head_json":{"title":"Manifestazione della Rete degli Studenti Medi di Belluno - Bellunopress - Dolomiti","robots":{"index":"index","follow":"follow","max-snippet":"max-snippet:-1","max-image-preview":"max-image-preview:large","max-video-preview":"max-video-preview:-1"},"canonical":"https:\/\/www.bellunopress.it\/fr\/2025\/05\/08\/manifestazione-della-rete-degli-studenti-medi-di-belluno\/","og_locale":"fr_FR","og_type":"article","og_title":"Manifestazione della Rete degli Studenti Medi di Belluno - Bellunopress - Dolomiti","og_description":"Belluno, 8 maggio 2025 &#8211; Questa mattina, ad un mese esatto dal voto del Referendum, gli studenti della Rete degli Studenti Medi di Belluno sono stati davanti ai propri istituti con striscioni e cartelli per denunciare la precariet\u00e0 del presente e per costruire un futuro diverso, a partire dai cinque referendum su lavoro e cittadinanza [&hellip;]","og_url":"https:\/\/www.bellunopress.it\/fr\/2025\/05\/08\/manifestazione-della-rete-degli-studenti-medi-di-belluno\/","og_site_name":"Bellunopress - Dolomiti","article_publisher":"https:\/\/www.facebook.com\/profile.php?id=100008943462799","article_published_time":"2025-05-08T11:18:36+00:00","og_image":[{"width":725,"height":603,"url":"https:\/\/www.bellunopress.it\/wp-content\/uploads\/2025\/05\/Rete-studenti-medi-Belluno_edited.jpg","type":"image\/jpeg"}],"author":"redazione","twitter_card":"summary_large_image","twitter_creator":"@bellunopress","twitter_site":"@bellunopress","twitter_misc":{"\u00c9crit par":"redazione","Dur\u00e9e de lecture estim\u00e9e":"2 minutes"},"schema":{"@context":"https:\/\/schema.org","@graph":[{"@type":"Article","@id":"https:\/\/www.bellunopress.it\/2025\/05\/08\/manifestazione-della-rete-degli-studenti-medi-di-belluno\/#article","isPartOf":{"@id":"https:\/\/www.bellunopress.it\/2025\/05\/08\/manifestazione-della-rete-degli-studenti-medi-di-belluno\/"},"author":{"name":"redazione","@id":"https:\/\/www.bellunopress.it\/#\/schema\/person\/79bb06722b37ece1c03d3e94beb30d73"},"headline":"Manifestazione della Rete degli Studenti Medi di Belluno","datePublished":"2025-05-08T11:18:36+00:00","mainEntityOfPage":{"@id":"https:\/\/www.bellunopress.it\/2025\/05\/08\/manifestazione-della-rete-degli-studenti-medi-di-belluno\/"},"wordCount":356,"publisher":{"@id":"https:\/\/www.bellunopress.it\/#organization"},"image":{"@id":"https:\/\/www.bellunopress.it\/2025\/05\/08\/manifestazione-della-rete-degli-studenti-medi-di-belluno\/#primaryimage"},"thumbnailUrl":"https:\/\/www.bellunopress.it\/wp-content\/uploads\/2025\/05\/Rete-studenti-medi-Belluno_edited.jpg","articleSection":["Prima Pagina","Scuola"],"inLanguage":"fr-FR"},{"@type":"WebPage","@id":"https:\/\/www.bellunopress.it\/2025\/05\/08\/manifestazione-della-rete-degli-studenti-medi-di-belluno\/","url":"https:\/\/www.bellunopress.it\/2025\/05\/08\/manifestazione-della-rete-degli-studenti-medi-di-belluno\/","name":"Manifestazione della Rete degli Studenti Medi di Belluno - Bellunopress - Dolomiti","isPartOf":{"@id":"https:\/\/www.bellunopress.it\/#website"},"primaryImageOfPage":{"@id":"https:\/\/www.bellunopress.it\/2025\/05\/08\/manifestazione-della-rete-degli-studenti-medi-di-belluno\/#primaryimage"},"image":{"@id":"https:\/\/www.bellunopress.it\/2025\/05\/08\/manifestazione-della-rete-degli-studenti-medi-di-belluno\/#primaryimage"},"thumbnailUrl":"https:\/\/www.bellunopress.it\/wp-content\/uploads\/2025\/05\/Rete-studenti-medi-Belluno_edited.jpg","datePublished":"2025-05-08T11:18:36+00:00","breadcrumb":{"@id":"https:\/\/www.bellunopress.it\/2025\/05\/08\/manifestazione-della-rete-degli-studenti-medi-di-belluno\/#breadcrumb"},"inLanguage":"fr-FR","potentialAction":[{"@type":"ReadAction","target":["https:\/\/www.bellunopress.it\/2025\/05\/08\/manifestazione-della-rete-degli-studenti-medi-di-belluno\/"]}]},{"@type":"ImageObject","inLanguage":"fr-FR","@id":"https:\/\/www.bellunopress.it\/2025\/05\/08\/manifestazione-della-rete-degli-studenti-medi-di-belluno\/#primaryimage","url":"https:\/\/www.bellunopress.it\/wp-content\/uploads\/2025\/05\/Rete-studenti-medi-Belluno_edited.jpg","contentUrl":"https:\/\/www.bellunopress.it\/wp-content\/uploads\/2025\/05\/Rete-studenti-medi-Belluno_edited.jpg","width":725,"height":603},{"@type":"BreadcrumbList","@id":"https:\/\/www.bellunopress.it\/2025\/05\/08\/manifestazione-della-rete-degli-studenti-medi-di-belluno\/#breadcrumb","itemListElement":[{"@type":"ListItem","position":1,"name":"Home","item":"https:\/\/www.bellunopress.it\/"},{"@type":"ListItem","position":2,"name":"Manifestazione della Rete degli Studenti Medi di Belluno"}]},{"@type":"WebSite","@id":"https:\/\/www.bellunopress.it\/#website","url":"https:\/\/www.bellunopress.it\/","name":"Bellunopress - Dolomiti","description":"e-mail: redazione@bellunopress.it","publisher":{"@id":"https:\/\/www.bellunopress.it\/#organization"},"potentialAction":[{"@type":"SearchAction","target":{"@type":"EntryPoint","urlTemplate":"https:\/\/www.bellunopress.it\/?s={search_term_string}"},"query-input":{"@type":"PropertyValueSpecification","valueRequired":true,"valueName":"search_term_string"}}],"inLanguage":"fr-FR"},{"@type":"Organization","@id":"https:\/\/www.bellunopress.it\/#organization","name":"Bellunopress","url":"https:\/\/www.bellunopress.it\/","logo":{"@type":"ImageObject","inLanguage":"fr-FR","@id":"https:\/\/www.bellunopress.it\/#\/schema\/logo\/image\/","url":"https:\/\/www.bellunopress.it\/wp-content\/uploads\/2011\/05\/cropped-logo-bellunopress-.jpg","contentUrl":"https:\/\/www.bellunopress.it\/wp-content\/uploads\/2011\/05\/cropped-logo-bellunopress-.jpg","width":512,"height":512,"caption":"Bellunopress"},"image":{"@id":"https:\/\/www.bellunopress.it\/#\/schema\/logo\/image\/"},"sameAs":["https:\/\/www.facebook.com\/profile.php?id=100008943462799","https:\/\/x.com\/bellunopress","https:\/\/www.linkedin.com\/hp\/?dnr=JBzUWaJfMUw8vbXJJ2tVW5-I3jZKvC4wsoxE&amp;amp;amp;amp;amp;amp;trk=nav_responsive_tab_home","https:\/\/www.youtube.com\/channel\/UCxL0wu1uN0_3_7hGG0306cw"]},{"@type":"Person","@id":"https:\/\/www.bellunopress.it\/#\/schema\/person\/79bb06722b37ece1c03d3e94beb30d73","name":"r\u00e9daction","image":{"@type":"ImageObject","inLanguage":"fr-FR","@id":"https:\/\/secure.gravatar.com\/avatar\/37d968a2e67a6fd04c169c4bdef102d0bc5d31b2546345219e348575eb80e9a0?s=96&d=mm&r=g","url":"https:\/\/secure.gravatar.com\/avatar\/37d968a2e67a6fd04c169c4bdef102d0bc5d31b2546345219e348575eb80e9a0?s=96&d=mm&r=g","contentUrl":"https:\/\/secure.gravatar.com\/avatar\/37d968a2e67a6fd04c169c4bdef102d0bc5d31b2546345219e348575eb80e9a0?s=96&d=mm&r=g","caption":"redazione"},"sameAs":["http:\/\/www.bellunopress.it","https:\/\/x.com\/bellunopress"],"url":"https:\/\/www.bellunopress.it\/fr\/author\/redazione\/"}]}},"_links":{"self":[{"href":"https:\/\/www.bellunopress.it\/fr\/wp-json\/wp\/v2\/posts\/160079","targetHints":{"allow":["GET"]}}],"collection":[{"href":"https:\/\/www.bellunopress.it\/fr\/wp-json\/wp\/v2\/posts"}],"about":[{"href":"https:\/\/www.bellunopress.it\/fr\/wp-json\/wp\/v2\/types\/post"}],"author":[{"embeddable":true,"href":"https:\/\/www.bellunopress.it\/fr\/wp-json\/wp\/v2\/users\/2"}],"replies":[{"embeddable":true,"href":"https:\/\/www.bellunopress.it\/fr\/wp-json\/wp\/v2\/comments?post=160079"}],"version-history":[{"count":1,"href":"https:\/\/www.bellunopress.it\/fr\/wp-json\/wp\/v2\/posts\/160079\/revisions"}],"predecessor-version":[{"id":160081,"href":"https:\/\/www.bellunopress.it\/fr\/wp-json\/wp\/v2\/posts\/160079\/revisions\/160081"}],"wp:featuredmedia":[{"embeddable":true,"href":"https:\/\/www.bellunopress.it\/fr\/wp-json\/wp\/v2\/media\/160080"}],"wp:attachment":[{"href":"https:\/\/www.bellunopress.it\/fr\/wp-json\/wp\/v2\/media?parent=160079"}],"wp:term":[{"taxonomy":"category","embeddable":true,"href":"https:\/\/www.bellunopress.it\/fr\/wp-json\/wp\/v2\/categories?post=160079"},{"taxonomy":"post_tag","embeddable":true,"href":"https:\/\/www.bellunopress.it\/fr\/wp-json\/wp\/v2\/tags?post=160079"}],"curies":[{"name":"wp","href":"https:\/\/api.w.org\/{rel}","templated":true}]}}