{"id":160071,"date":"2025-05-08T12:40:17","date_gmt":"2025-05-08T10:40:17","guid":{"rendered":"https:\/\/www.bellunopress.it\/?p=160071"},"modified":"2025-05-08T12:40:17","modified_gmt":"2025-05-08T10:40:17","slug":"centri-antiviolenza-interrogazione-gruppo-pd-strutture-a-rischio-chiusura-cosa-intende-fare-la-regione","status":"publish","type":"post","link":"https:\/\/www.bellunopress.it\/fr\/2025\/05\/08\/centri-antiviolenza-interrogazione-gruppo-pd-strutture-a-rischio-chiusura-cosa-intende-fare-la-regione\/","title":{"rendered":"Centri Antiviolenza. Interrogazione Gruppo Pd: &#8220;Strutture a rischio chiusura. Cosa intende fare la Regione?"},"content":{"rendered":"<p><img loading=\"lazy\" decoding=\"async\" class=\"aligncenter size-full wp-image-109223\" src=\"https:\/\/www.bellunopress.it\/wp-content\/uploads\/2019\/10\/pd-veneto.jpg\" alt=\"\" width=\"290\" height=\"267\" \/>&#8220;La proroga dell&#8217;entrata in vigore dei requisiti minimi per il proseguimento delle attivit\u00e0 di Centri antiviolenza e Case rifugio, stabiliti con l&#8217;intesa Stato-Regioni del settembre 2022, scade il prossimo settembre. E il rischio di chiusure di molte di queste strutture torna a farsi concreto&#8221;.<\/p>\n<p>Ad esprimere preoccupazione sono i consiglieri regionali del Pd che hanno presentato sul tema un&#8217;interrogazione all&#8217;assessora alle Politiche Sanitarie e Sociali, Manuela Lanzarin.<\/p>\n<p>&#8220;ll requisito pi\u00f9 critico \u00e8 rappresentato dall&#8217;obbligo di dotarsi di un numero telefonico dedicato, per garantire la reperibilit\u00e0 &#8216;h 24&#8217; e 7 giorni su 7. Una condizione che al momento metterebbe fuori gioco met\u00e0 delle strutture territoriali, indispensabili per garantire protezione alle donne vittime di violenze. Da anni ormai chiediamo risposte certe, per dare garanzie a chi sta accanto alle donne e minori vittime di violenza nel nostro territorio. Dal Ministero per\u00f2 tutto tace e per questo la Regione deve intervenire con decisione per scongiurare le chiusure e dare prospettive stabili a queste essenziali realt\u00e0 territoriali&#8221;.<\/p>\n<figure id=\"attachment_142668\" aria-describedby=\"caption-attachment-142668\" style=\"width: 884px\" class=\"wp-caption aligncenter\"><img loading=\"lazy\" decoding=\"async\" class=\"size-full wp-image-142668\" src=\"https:\/\/www.bellunopress.it\/wp-content\/uploads\/2023\/07\/Chiara-Luisetto-PD-consigliera-regionale-Veneto_edited.jpg\" alt=\"\" width=\"884\" height=\"901\" srcset=\"https:\/\/www.bellunopress.it\/wp-content\/uploads\/2023\/07\/Chiara-Luisetto-PD-consigliera-regionale-Veneto_edited.jpg 884w, https:\/\/www.bellunopress.it\/wp-content\/uploads\/2023\/07\/Chiara-Luisetto-PD-consigliera-regionale-Veneto_edited-491x500.jpg 491w, https:\/\/www.bellunopress.it\/wp-content\/uploads\/2023\/07\/Chiara-Luisetto-PD-consigliera-regionale-Veneto_edited-696x709.jpg 696w, https:\/\/www.bellunopress.it\/wp-content\/uploads\/2023\/07\/Chiara-Luisetto-PD-consigliera-regionale-Veneto_edited-412x420.jpg 412w, https:\/\/www.bellunopress.it\/wp-content\/uploads\/2023\/07\/Chiara-Luisetto-PD-consigliera-regionale-Veneto_edited-356x364.jpg 356w\" sizes=\"auto, (max-width: 884px) 100vw, 884px\" \/><figcaption id=\"caption-attachment-142668\" class=\"wp-caption-text\">Chiara Luisetto &#8211; Consigliera regionale Gruppo Pd Veneto<\/figcaption><\/figure>\n<p>&#8220;Il quadro \u00e8 allarmante, soprattutto se si considera l&#8217;insufficienza dei fondi messi a disposizione che rendono impossibile svolgere in modo adeguato le attivit\u00e0 formative in et\u00e0 scolare. Nei mesi scorsi &#8211; sottolinea la consigliera dem, Chiara Luisetto &#8211; la Giunta, rispondendo alla nostra ennesima sollecitazione, aveva promesso di impegnarsi per ottenere una nuova formulazione dei requisiti, in modo da scongiurare lo sfaldamento del sistema antiviolenza. Ma non si ha ancora notizia di passi in avanti sostanziali&#8221;.<\/p>\n<p>Il Pd chiede dunque all&#8217;assessora &#8220;se e come intenda attivarsi con urgenza, presso tutte le sedi istituzionali competenti, per arrivare ad una svolta definitiva che permetta il proseguimento delle attivit\u00e0 di prevenzione e tutela delle donne vittime di violenza, in maniera capillare e duratura su tutto territorio veneto&#8221;.<\/p>","protected":false},"excerpt":{"rendered":"<p>&#8220;La proroga dell&#8217;entrata in vigore dei requisiti minimi per il proseguimento delle attivit\u00e0 di Centri antiviolenza e Case rifugio, stabiliti con l&#8217;intesa Stato-Regioni del settembre 2022, scade il prossimo settembre. E il rischio di chiusure di molte di queste strutture torna a farsi concreto&#8221;. Ad esprimere preoccupazione sono i consiglieri regionali del Pd che hanno [&hellip;]<\/p>\n","protected":false},"author":2,"featured_media":142668,"comment_status":"closed","ping_status":"open","sticky":false,"template":"","format":"standard","meta":{"footnotes":""},"categories":[5,26],"tags":[],"class_list":["post-160071","post","type-post","status-publish","format-standard","has-post-thumbnail","category-cronaca","category-prima-pagina"],"yoast_head":"<!-- This site is optimized with the Yoast SEO plugin v28.4 - https:\/\/yoast.com\/product\/yoast-seo-wordpress\/ -->\n<title>Centri Antiviolenza. Interrogazione Gruppo Pd: &quot;Strutture a rischio chiusura. Cosa intende fare la Regione? - Bellunopress - Dolomiti<\/title>\n<meta name=\"robots\" content=\"index, follow, max-snippet:-1, max-image-preview:large, max-video-preview:-1\" \/>\n<link rel=\"canonical\" href=\"https:\/\/www.bellunopress.it\/fr\/2025\/05\/08\/centri-antiviolenza-interrogazione-gruppo-pd-strutture-a-rischio-chiusura-cosa-intende-fare-la-regione\/\" \/>\n<meta property=\"og:locale\" content=\"fr_FR\" \/>\n<meta property=\"og:type\" content=\"article\" \/>\n<meta property=\"og:title\" content=\"Centri Antiviolenza. Interrogazione Gruppo Pd: &quot;Strutture a rischio chiusura. Cosa intende fare la Regione? - Bellunopress - Dolomiti\" \/>\n<meta property=\"og:description\" content=\"&#8220;La proroga dell&#8217;entrata in vigore dei requisiti minimi per il proseguimento delle attivit\u00e0 di Centri antiviolenza e Case rifugio, stabiliti con l&#8217;intesa Stato-Regioni del settembre 2022, scade il prossimo settembre. E il rischio di chiusure di molte di queste strutture torna a farsi concreto&#8221;. Ad esprimere preoccupazione sono i consiglieri regionali del Pd che hanno [&hellip;]\" \/>\n<meta property=\"og:url\" content=\"https:\/\/www.bellunopress.it\/fr\/2025\/05\/08\/centri-antiviolenza-interrogazione-gruppo-pd-strutture-a-rischio-chiusura-cosa-intende-fare-la-regione\/\" \/>\n<meta property=\"og:site_name\" content=\"Bellunopress - Dolomiti\" \/>\n<meta property=\"article:publisher\" content=\"https:\/\/www.facebook.com\/profile.php?id=100008943462799\" \/>\n<meta property=\"article:published_time\" content=\"2025-05-08T10:40:17+00:00\" \/>\n<meta property=\"og:image\" content=\"https:\/\/www.bellunopress.it\/wp-content\/uploads\/2023\/07\/Chiara-Luisetto-PD-consigliera-regionale-Veneto_edited.jpg\" \/>\n\t<meta property=\"og:image:width\" content=\"884\" \/>\n\t<meta property=\"og:image:height\" content=\"901\" \/>\n\t<meta property=\"og:image:type\" content=\"image\/jpeg\" \/>\n<meta name=\"author\" content=\"redazione\" \/>\n<meta name=\"twitter:card\" content=\"summary_large_image\" \/>\n<meta name=\"twitter:creator\" content=\"@bellunopress\" \/>\n<meta name=\"twitter:site\" content=\"@bellunopress\" \/>\n<meta name=\"twitter:label1\" content=\"\u00c9crit par\" \/>\n\t<meta name=\"twitter:data1\" content=\"redazione\" \/>\n\t<meta name=\"twitter:label2\" content=\"Dur\u00e9e de lecture estim\u00e9e\" \/>\n\t<meta name=\"twitter:data2\" content=\"1 minute\" \/>\n<script type=\"application\/ld+json\" class=\"yoast-schema-graph\">{\"@context\":\"https:\\\/\\\/schema.org\",\"@graph\":[{\"@type\":\"Article\",\"@id\":\"https:\\\/\\\/www.bellunopress.it\\\/2025\\\/05\\\/08\\\/centri-antiviolenza-interrogazione-gruppo-pd-strutture-a-rischio-chiusura-cosa-intende-fare-la-regione\\\/#article\",\"isPartOf\":{\"@id\":\"https:\\\/\\\/www.bellunopress.it\\\/2025\\\/05\\\/08\\\/centri-antiviolenza-interrogazione-gruppo-pd-strutture-a-rischio-chiusura-cosa-intende-fare-la-regione\\\/\"},\"author\":{\"name\":\"redazione\",\"@id\":\"https:\\\/\\\/www.bellunopress.it\\\/#\\\/schema\\\/person\\\/79bb06722b37ece1c03d3e94beb30d73\"},\"headline\":\"Centri Antiviolenza. Interrogazione Gruppo Pd: &#8220;Strutture a rischio chiusura. Cosa intende fare la Regione?\",\"datePublished\":\"2025-05-08T10:40:17+00:00\",\"mainEntityOfPage\":{\"@id\":\"https:\\\/\\\/www.bellunopress.it\\\/2025\\\/05\\\/08\\\/centri-antiviolenza-interrogazione-gruppo-pd-strutture-a-rischio-chiusura-cosa-intende-fare-la-regione\\\/\"},\"wordCount\":317,\"publisher\":{\"@id\":\"https:\\\/\\\/www.bellunopress.it\\\/#organization\"},\"image\":{\"@id\":\"https:\\\/\\\/www.bellunopress.it\\\/2025\\\/05\\\/08\\\/centri-antiviolenza-interrogazione-gruppo-pd-strutture-a-rischio-chiusura-cosa-intende-fare-la-regione\\\/#primaryimage\"},\"thumbnailUrl\":\"https:\\\/\\\/www.bellunopress.it\\\/wp-content\\\/uploads\\\/2023\\\/07\\\/Chiara-Luisetto-PD-consigliera-regionale-Veneto_edited.jpg\",\"articleSection\":[\"Cronaca\\\/Politica\",\"Prima Pagina\"],\"inLanguage\":\"fr-FR\"},{\"@type\":\"WebPage\",\"@id\":\"https:\\\/\\\/www.bellunopress.it\\\/2025\\\/05\\\/08\\\/centri-antiviolenza-interrogazione-gruppo-pd-strutture-a-rischio-chiusura-cosa-intende-fare-la-regione\\\/\",\"url\":\"https:\\\/\\\/www.bellunopress.it\\\/2025\\\/05\\\/08\\\/centri-antiviolenza-interrogazione-gruppo-pd-strutture-a-rischio-chiusura-cosa-intende-fare-la-regione\\\/\",\"name\":\"Centri Antiviolenza. Interrogazione Gruppo Pd: \\\"Strutture a rischio chiusura. Cosa intende fare la Regione? - Bellunopress - Dolomiti\",\"isPartOf\":{\"@id\":\"https:\\\/\\\/www.bellunopress.it\\\/#website\"},\"primaryImageOfPage\":{\"@id\":\"https:\\\/\\\/www.bellunopress.it\\\/2025\\\/05\\\/08\\\/centri-antiviolenza-interrogazione-gruppo-pd-strutture-a-rischio-chiusura-cosa-intende-fare-la-regione\\\/#primaryimage\"},\"image\":{\"@id\":\"https:\\\/\\\/www.bellunopress.it\\\/2025\\\/05\\\/08\\\/centri-antiviolenza-interrogazione-gruppo-pd-strutture-a-rischio-chiusura-cosa-intende-fare-la-regione\\\/#primaryimage\"},\"thumbnailUrl\":\"https:\\\/\\\/www.bellunopress.it\\\/wp-content\\\/uploads\\\/2023\\\/07\\\/Chiara-Luisetto-PD-consigliera-regionale-Veneto_edited.jpg\",\"datePublished\":\"2025-05-08T10:40:17+00:00\",\"breadcrumb\":{\"@id\":\"https:\\\/\\\/www.bellunopress.it\\\/2025\\\/05\\\/08\\\/centri-antiviolenza-interrogazione-gruppo-pd-strutture-a-rischio-chiusura-cosa-intende-fare-la-regione\\\/#breadcrumb\"},\"inLanguage\":\"fr-FR\",\"potentialAction\":[{\"@type\":\"ReadAction\",\"target\":[\"https:\\\/\\\/www.bellunopress.it\\\/2025\\\/05\\\/08\\\/centri-antiviolenza-interrogazione-gruppo-pd-strutture-a-rischio-chiusura-cosa-intende-fare-la-regione\\\/\"]}]},{\"@type\":\"ImageObject\",\"inLanguage\":\"fr-FR\",\"@id\":\"https:\\\/\\\/www.bellunopress.it\\\/2025\\\/05\\\/08\\\/centri-antiviolenza-interrogazione-gruppo-pd-strutture-a-rischio-chiusura-cosa-intende-fare-la-regione\\\/#primaryimage\",\"url\":\"https:\\\/\\\/www.bellunopress.it\\\/wp-content\\\/uploads\\\/2023\\\/07\\\/Chiara-Luisetto-PD-consigliera-regionale-Veneto_edited.jpg\",\"contentUrl\":\"https:\\\/\\\/www.bellunopress.it\\\/wp-content\\\/uploads\\\/2023\\\/07\\\/Chiara-Luisetto-PD-consigliera-regionale-Veneto_edited.jpg\",\"width\":884,\"height\":901,\"caption\":\"Chiara Luisetto - Consigliera regionale Gruppo Pd Veneto\"},{\"@type\":\"BreadcrumbList\",\"@id\":\"https:\\\/\\\/www.bellunopress.it\\\/2025\\\/05\\\/08\\\/centri-antiviolenza-interrogazione-gruppo-pd-strutture-a-rischio-chiusura-cosa-intende-fare-la-regione\\\/#breadcrumb\",\"itemListElement\":[{\"@type\":\"ListItem\",\"position\":1,\"name\":\"Home\",\"item\":\"https:\\\/\\\/www.bellunopress.it\\\/\"},{\"@type\":\"ListItem\",\"position\":2,\"name\":\"Centri Antiviolenza. Interrogazione Gruppo Pd: &#8220;Strutture a rischio chiusura. Cosa intende fare la Regione?\"}]},{\"@type\":\"WebSite\",\"@id\":\"https:\\\/\\\/www.bellunopress.it\\\/#website\",\"url\":\"https:\\\/\\\/www.bellunopress.it\\\/\",\"name\":\"Bellunopress - Dolomiti\",\"description\":\"e-mail: redazione@bellunopress.it\",\"publisher\":{\"@id\":\"https:\\\/\\\/www.bellunopress.it\\\/#organization\"},\"potentialAction\":[{\"@type\":\"SearchAction\",\"target\":{\"@type\":\"EntryPoint\",\"urlTemplate\":\"https:\\\/\\\/www.bellunopress.it\\\/?s={search_term_string}\"},\"query-input\":{\"@type\":\"PropertyValueSpecification\",\"valueRequired\":true,\"valueName\":\"search_term_string\"}}],\"inLanguage\":\"fr-FR\"},{\"@type\":\"Organization\",\"@id\":\"https:\\\/\\\/www.bellunopress.it\\\/#organization\",\"name\":\"Bellunopress\",\"url\":\"https:\\\/\\\/www.bellunopress.it\\\/\",\"logo\":{\"@type\":\"ImageObject\",\"inLanguage\":\"fr-FR\",\"@id\":\"https:\\\/\\\/www.bellunopress.it\\\/#\\\/schema\\\/logo\\\/image\\\/\",\"url\":\"https:\\\/\\\/www.bellunopress.it\\\/wp-content\\\/uploads\\\/2011\\\/05\\\/cropped-logo-bellunopress-.jpg\",\"contentUrl\":\"https:\\\/\\\/www.bellunopress.it\\\/wp-content\\\/uploads\\\/2011\\\/05\\\/cropped-logo-bellunopress-.jpg\",\"width\":512,\"height\":512,\"caption\":\"Bellunopress\"},\"image\":{\"@id\":\"https:\\\/\\\/www.bellunopress.it\\\/#\\\/schema\\\/logo\\\/image\\\/\"},\"sameAs\":[\"https:\\\/\\\/www.facebook.com\\\/profile.php?id=100008943462799\",\"https:\\\/\\\/x.com\\\/bellunopress\",\"https:\\\/\\\/www.linkedin.com\\\/hp\\\/?dnr=JBzUWaJfMUw8vbXJJ2tVW5-I3jZKvC4wsoxE&amp;amp;amp;amp;amp;amp;trk=nav_responsive_tab_home\",\"https:\\\/\\\/www.youtube.com\\\/channel\\\/UCxL0wu1uN0_3_7hGG0306cw\"]},{\"@type\":\"Person\",\"@id\":\"https:\\\/\\\/www.bellunopress.it\\\/#\\\/schema\\\/person\\\/79bb06722b37ece1c03d3e94beb30d73\",\"name\":\"redazione\",\"image\":{\"@type\":\"ImageObject\",\"inLanguage\":\"fr-FR\",\"@id\":\"https:\\\/\\\/secure.gravatar.com\\\/avatar\\\/37d968a2e67a6fd04c169c4bdef102d0bc5d31b2546345219e348575eb80e9a0?s=96&d=mm&r=g\",\"url\":\"https:\\\/\\\/secure.gravatar.com\\\/avatar\\\/37d968a2e67a6fd04c169c4bdef102d0bc5d31b2546345219e348575eb80e9a0?s=96&d=mm&r=g\",\"contentUrl\":\"https:\\\/\\\/secure.gravatar.com\\\/avatar\\\/37d968a2e67a6fd04c169c4bdef102d0bc5d31b2546345219e348575eb80e9a0?s=96&d=mm&r=g\",\"caption\":\"redazione\"},\"sameAs\":[\"http:\\\/\\\/www.bellunopress.it\",\"https:\\\/\\\/x.com\\\/bellunopress\"],\"url\":\"https:\\\/\\\/www.bellunopress.it\\\/fr\\\/author\\\/redazione\\\/\"}]}<\/script>\n<!-- \/ Yoast SEO plugin. -->","yoast_head_json":{"title":"Centri Antiviolenza. Interrogazione Gruppo Pd: \"Strutture a rischio chiusura. Cosa intende fare la Regione? - Bellunopress - Dolomiti","robots":{"index":"index","follow":"follow","max-snippet":"max-snippet:-1","max-image-preview":"max-image-preview:large","max-video-preview":"max-video-preview:-1"},"canonical":"https:\/\/www.bellunopress.it\/fr\/2025\/05\/08\/centri-antiviolenza-interrogazione-gruppo-pd-strutture-a-rischio-chiusura-cosa-intende-fare-la-regione\/","og_locale":"fr_FR","og_type":"article","og_title":"Centri Antiviolenza. Interrogazione Gruppo Pd: \"Strutture a rischio chiusura. Cosa intende fare la Regione? - Bellunopress - Dolomiti","og_description":"&#8220;La proroga dell&#8217;entrata in vigore dei requisiti minimi per il proseguimento delle attivit\u00e0 di Centri antiviolenza e Case rifugio, stabiliti con l&#8217;intesa Stato-Regioni del settembre 2022, scade il prossimo settembre. E il rischio di chiusure di molte di queste strutture torna a farsi concreto&#8221;. Ad esprimere preoccupazione sono i consiglieri regionali del Pd che hanno [&hellip;]","og_url":"https:\/\/www.bellunopress.it\/fr\/2025\/05\/08\/centri-antiviolenza-interrogazione-gruppo-pd-strutture-a-rischio-chiusura-cosa-intende-fare-la-regione\/","og_site_name":"Bellunopress - Dolomiti","article_publisher":"https:\/\/www.facebook.com\/profile.php?id=100008943462799","article_published_time":"2025-05-08T10:40:17+00:00","og_image":[{"width":884,"height":901,"url":"https:\/\/www.bellunopress.it\/wp-content\/uploads\/2023\/07\/Chiara-Luisetto-PD-consigliera-regionale-Veneto_edited.jpg","type":"image\/jpeg"}],"author":"redazione","twitter_card":"summary_large_image","twitter_creator":"@bellunopress","twitter_site":"@bellunopress","twitter_misc":{"\u00c9crit par":"redazione","Dur\u00e9e de lecture estim\u00e9e":"1 minute"},"schema":{"@context":"https:\/\/schema.org","@graph":[{"@type":"Article","@id":"https:\/\/www.bellunopress.it\/2025\/05\/08\/centri-antiviolenza-interrogazione-gruppo-pd-strutture-a-rischio-chiusura-cosa-intende-fare-la-regione\/#article","isPartOf":{"@id":"https:\/\/www.bellunopress.it\/2025\/05\/08\/centri-antiviolenza-interrogazione-gruppo-pd-strutture-a-rischio-chiusura-cosa-intende-fare-la-regione\/"},"author":{"name":"redazione","@id":"https:\/\/www.bellunopress.it\/#\/schema\/person\/79bb06722b37ece1c03d3e94beb30d73"},"headline":"Centri Antiviolenza. Interrogazione Gruppo Pd: &#8220;Strutture a rischio chiusura. Cosa intende fare la Regione?","datePublished":"2025-05-08T10:40:17+00:00","mainEntityOfPage":{"@id":"https:\/\/www.bellunopress.it\/2025\/05\/08\/centri-antiviolenza-interrogazione-gruppo-pd-strutture-a-rischio-chiusura-cosa-intende-fare-la-regione\/"},"wordCount":317,"publisher":{"@id":"https:\/\/www.bellunopress.it\/#organization"},"image":{"@id":"https:\/\/www.bellunopress.it\/2025\/05\/08\/centri-antiviolenza-interrogazione-gruppo-pd-strutture-a-rischio-chiusura-cosa-intende-fare-la-regione\/#primaryimage"},"thumbnailUrl":"https:\/\/www.bellunopress.it\/wp-content\/uploads\/2023\/07\/Chiara-Luisetto-PD-consigliera-regionale-Veneto_edited.jpg","articleSection":["Cronaca\/Politica","Prima Pagina"],"inLanguage":"fr-FR"},{"@type":"WebPage","@id":"https:\/\/www.bellunopress.it\/2025\/05\/08\/centri-antiviolenza-interrogazione-gruppo-pd-strutture-a-rischio-chiusura-cosa-intende-fare-la-regione\/","url":"https:\/\/www.bellunopress.it\/2025\/05\/08\/centri-antiviolenza-interrogazione-gruppo-pd-strutture-a-rischio-chiusura-cosa-intende-fare-la-regione\/","name":"Centri Antiviolenza. Interrogazione Gruppo Pd: \"Strutture a rischio chiusura. Cosa intende fare la Regione? - Bellunopress - Dolomiti","isPartOf":{"@id":"https:\/\/www.bellunopress.it\/#website"},"primaryImageOfPage":{"@id":"https:\/\/www.bellunopress.it\/2025\/05\/08\/centri-antiviolenza-interrogazione-gruppo-pd-strutture-a-rischio-chiusura-cosa-intende-fare-la-regione\/#primaryimage"},"image":{"@id":"https:\/\/www.bellunopress.it\/2025\/05\/08\/centri-antiviolenza-interrogazione-gruppo-pd-strutture-a-rischio-chiusura-cosa-intende-fare-la-regione\/#primaryimage"},"thumbnailUrl":"https:\/\/www.bellunopress.it\/wp-content\/uploads\/2023\/07\/Chiara-Luisetto-PD-consigliera-regionale-Veneto_edited.jpg","datePublished":"2025-05-08T10:40:17+00:00","breadcrumb":{"@id":"https:\/\/www.bellunopress.it\/2025\/05\/08\/centri-antiviolenza-interrogazione-gruppo-pd-strutture-a-rischio-chiusura-cosa-intende-fare-la-regione\/#breadcrumb"},"inLanguage":"fr-FR","potentialAction":[{"@type":"ReadAction","target":["https:\/\/www.bellunopress.it\/2025\/05\/08\/centri-antiviolenza-interrogazione-gruppo-pd-strutture-a-rischio-chiusura-cosa-intende-fare-la-regione\/"]}]},{"@type":"ImageObject","inLanguage":"fr-FR","@id":"https:\/\/www.bellunopress.it\/2025\/05\/08\/centri-antiviolenza-interrogazione-gruppo-pd-strutture-a-rischio-chiusura-cosa-intende-fare-la-regione\/#primaryimage","url":"https:\/\/www.bellunopress.it\/wp-content\/uploads\/2023\/07\/Chiara-Luisetto-PD-consigliera-regionale-Veneto_edited.jpg","contentUrl":"https:\/\/www.bellunopress.it\/wp-content\/uploads\/2023\/07\/Chiara-Luisetto-PD-consigliera-regionale-Veneto_edited.jpg","width":884,"height":901,"caption":"Chiara Luisetto - Consigliera regionale Gruppo Pd Veneto"},{"@type":"BreadcrumbList","@id":"https:\/\/www.bellunopress.it\/2025\/05\/08\/centri-antiviolenza-interrogazione-gruppo-pd-strutture-a-rischio-chiusura-cosa-intende-fare-la-regione\/#breadcrumb","itemListElement":[{"@type":"ListItem","position":1,"name":"Home","item":"https:\/\/www.bellunopress.it\/"},{"@type":"ListItem","position":2,"name":"Centri Antiviolenza. Interrogazione Gruppo Pd: &#8220;Strutture a rischio chiusura. Cosa intende fare la Regione?"}]},{"@type":"WebSite","@id":"https:\/\/www.bellunopress.it\/#website","url":"https:\/\/www.bellunopress.it\/","name":"Bellunopress - Dolomiti","description":"e-mail: redazione@bellunopress.it","publisher":{"@id":"https:\/\/www.bellunopress.it\/#organization"},"potentialAction":[{"@type":"SearchAction","target":{"@type":"EntryPoint","urlTemplate":"https:\/\/www.bellunopress.it\/?s={search_term_string}"},"query-input":{"@type":"PropertyValueSpecification","valueRequired":true,"valueName":"search_term_string"}}],"inLanguage":"fr-FR"},{"@type":"Organization","@id":"https:\/\/www.bellunopress.it\/#organization","name":"Bellunopress","url":"https:\/\/www.bellunopress.it\/","logo":{"@type":"ImageObject","inLanguage":"fr-FR","@id":"https:\/\/www.bellunopress.it\/#\/schema\/logo\/image\/","url":"https:\/\/www.bellunopress.it\/wp-content\/uploads\/2011\/05\/cropped-logo-bellunopress-.jpg","contentUrl":"https:\/\/www.bellunopress.it\/wp-content\/uploads\/2011\/05\/cropped-logo-bellunopress-.jpg","width":512,"height":512,"caption":"Bellunopress"},"image":{"@id":"https:\/\/www.bellunopress.it\/#\/schema\/logo\/image\/"},"sameAs":["https:\/\/www.facebook.com\/profile.php?id=100008943462799","https:\/\/x.com\/bellunopress","https:\/\/www.linkedin.com\/hp\/?dnr=JBzUWaJfMUw8vbXJJ2tVW5-I3jZKvC4wsoxE&amp;amp;amp;amp;amp;amp;trk=nav_responsive_tab_home","https:\/\/www.youtube.com\/channel\/UCxL0wu1uN0_3_7hGG0306cw"]},{"@type":"Person","@id":"https:\/\/www.bellunopress.it\/#\/schema\/person\/79bb06722b37ece1c03d3e94beb30d73","name":"r\u00e9daction","image":{"@type":"ImageObject","inLanguage":"fr-FR","@id":"https:\/\/secure.gravatar.com\/avatar\/37d968a2e67a6fd04c169c4bdef102d0bc5d31b2546345219e348575eb80e9a0?s=96&d=mm&r=g","url":"https:\/\/secure.gravatar.com\/avatar\/37d968a2e67a6fd04c169c4bdef102d0bc5d31b2546345219e348575eb80e9a0?s=96&d=mm&r=g","contentUrl":"https:\/\/secure.gravatar.com\/avatar\/37d968a2e67a6fd04c169c4bdef102d0bc5d31b2546345219e348575eb80e9a0?s=96&d=mm&r=g","caption":"redazione"},"sameAs":["http:\/\/www.bellunopress.it","https:\/\/x.com\/bellunopress"],"url":"https:\/\/www.bellunopress.it\/fr\/author\/redazione\/"}]}},"_links":{"self":[{"href":"https:\/\/www.bellunopress.it\/fr\/wp-json\/wp\/v2\/posts\/160071","targetHints":{"allow":["GET"]}}],"collection":[{"href":"https:\/\/www.bellunopress.it\/fr\/wp-json\/wp\/v2\/posts"}],"about":[{"href":"https:\/\/www.bellunopress.it\/fr\/wp-json\/wp\/v2\/types\/post"}],"author":[{"embeddable":true,"href":"https:\/\/www.bellunopress.it\/fr\/wp-json\/wp\/v2\/users\/2"}],"replies":[{"embeddable":true,"href":"https:\/\/www.bellunopress.it\/fr\/wp-json\/wp\/v2\/comments?post=160071"}],"version-history":[{"count":1,"href":"https:\/\/www.bellunopress.it\/fr\/wp-json\/wp\/v2\/posts\/160071\/revisions"}],"predecessor-version":[{"id":160072,"href":"https:\/\/www.bellunopress.it\/fr\/wp-json\/wp\/v2\/posts\/160071\/revisions\/160072"}],"wp:featuredmedia":[{"embeddable":true,"href":"https:\/\/www.bellunopress.it\/fr\/wp-json\/wp\/v2\/media\/142668"}],"wp:attachment":[{"href":"https:\/\/www.bellunopress.it\/fr\/wp-json\/wp\/v2\/media?parent=160071"}],"wp:term":[{"taxonomy":"category","embeddable":true,"href":"https:\/\/www.bellunopress.it\/fr\/wp-json\/wp\/v2\/categories?post=160071"},{"taxonomy":"post_tag","embeddable":true,"href":"https:\/\/www.bellunopress.it\/fr\/wp-json\/wp\/v2\/tags?post=160071"}],"curies":[{"name":"wp","href":"https:\/\/api.w.org\/{rel}","templated":true}]}}