{"id":160068,"date":"2025-05-08T12:36:38","date_gmt":"2025-05-08T10:36:38","guid":{"rendered":"https:\/\/www.bellunopress.it\/?p=160068"},"modified":"2025-05-08T12:36:38","modified_gmt":"2025-05-08T10:36:38","slug":"boom-di-iscritti-alla-primiero-marathon-gia-20-nazioni-e-fondisti-dolomitici-al-via","status":"publish","type":"post","link":"https:\/\/www.bellunopress.it\/fr\/2025\/05\/08\/boom-di-iscritti-alla-primiero-marathon-gia-20-nazioni-e-fondisti-dolomitici-al-via\/","title":{"rendered":"Boom di iscritti alla Primiero Marathon. Gi\u00e0 20 nazioni e fondisti dolomitici al via"},"content":{"rendered":"<p><strong><img loading=\"lazy\" decoding=\"async\" class=\"aligncenter size-full wp-image-160069\" src=\"https:\/\/www.bellunopress.it\/wp-content\/uploads\/2025\/05\/Primiero-Dolomiti-Marathon_edited.jpg\" alt=\"\" width=\"1000\" height=\"654\" srcset=\"https:\/\/www.bellunopress.it\/wp-content\/uploads\/2025\/05\/Primiero-Dolomiti-Marathon_edited.jpg 1000w, https:\/\/www.bellunopress.it\/wp-content\/uploads\/2025\/05\/Primiero-Dolomiti-Marathon_edited-500x327.jpg 500w, https:\/\/www.bellunopress.it\/wp-content\/uploads\/2025\/05\/Primiero-Dolomiti-Marathon_edited-642x420.jpg 642w, https:\/\/www.bellunopress.it\/wp-content\/uploads\/2025\/05\/Primiero-Dolomiti-Marathon_edited-696x455.jpg 696w\" sizes=\"auto, (max-width: 1000px) 100vw, 1000px\" \/>Sabato 5 luglio c&#8217;\u00e8 la Primiero Dolomiti Marathon numero 10<\/strong><\/p>\n<p><strong>Super-andamento per le iscrizioni: +50% rispetto allo stesso periodo del 2024<\/strong><\/p>\n<p><strong>Partecipazione in crescita dall&#8217;estero per l&#8217;eclettico evento running by US Primiero<\/strong><\/p>\n<p><strong>Al via anche i fondisti tricolori Giandomenico Salvadori e Dietmar N\u00f6ckler<\/strong><\/p>\n<p>La 10ma edizione della Primiero Dolomiti Marathon si prepara ad entrare di diritto nella storia della manifestazione primierotta e non solo per l&#8217;importante traguardo raggiunto in termini pratici allo spegnimento delle prime 10 candeline, ma anche perch\u00e9 la gara in calendario il prossimo 5 luglio sta raccogliendo partecipanti e adesioni dall&#8217;Italia e dal mondo facendo registrare numeri incoraggianti e proiezioni promettenti.<\/p>\n<p>Abbracciata dal tanto scenografico quanto maestoso complesso montuoso delle Pale di San Martino, la Primiero Dolomiti Marathon si conferma una vera e propria calamita per gli amanti della corsa in montagna alla quale i trail runners, locali e non, non riescono davvero a resistere. Le iscrizioni alla 10.a edizione stanno viaggiando a ritmo sostenuto, basti pensare che dalla segreteria di gara coordinata da Franco Orler \u00e8 stato calcolato un aumento del 50% nel numero degli iscritti rispetto allo stesso periodo dello scorso anno. A diverse settimane di distanza dal grande evento questo non pu\u00f2 che essere un dato parziale, ma \u00e8 comunque un chiaro indicatore della bella risposta da parte dei corridori alla Primiero Dolomiti Marathon e della voglia di scatenarsi lungo i tracciati di gara. La griglia di partenza della prova &#8216;regina&#8217; da 42K con partenza da Villa Welsperg in Val Canali \u00e8 gi\u00e0 molto affollata, mentre a riconfermarsi come distanza pi\u00f9 popolare c&#8217;\u00e8 la 26K che scatta da San Martino di Castrozza. In continua crescita la partecipazione alla 16K (start da Zortea in Valle del Vanoi), con le due distanze per cos\u00ec dire &#8216;intermedie&#8217; che stanno raccogliendo numerose adesioni tanto nella versione agonistica quanto in quella Just for Fun. Sempre apprezzato anche il Family Trail, la non competitiva che esplora i dintorni di Fiera di Primiero in 6,5 km e movimenta il centro del paese che accoglie l&#8217;arrivo di tutte e quattro le prove.<\/p>\n<p>Di corsa fra raponzoli, papaveri gialli, sassifraghe, genziane e stelle alpine che tipicamente colorano e punteggiano la montagna primierotta ci saranno partecipanti da dentro e fuori i confini nazionali. Sono ben 20 le nazioni gi\u00e0 rappresentate al via della prossima Primiero Dolomiti Marathon, con i podisti stranieri in esponenziale crescita che attualmente compongono il 10% del totale e sono attesi da Australia, Austria, Belgio, Brasile, Danimarca, Finlandia, Francia, Germania, Irlanda, Italia, Korea del Sud, Messico, Paesi Bassi, Regno Unito, Romania, Russia, Spagna, Stati Uniti, Svezia e Svizzera.<\/p>\n<p>\u00c8 noto che uno sport popolare come la corsa \u00e8 molto apprezzato dagli sportivi delle pi\u00f9 disparate discipline, tanto estive quanto invernali, per le possibilit\u00e0 che offre di mantenersi in forma e allenare la propria resistenza. Se poi alla corsa si abbinano un panorama da sogno al cospetto delle montagne Patrimonio UNESCO e un&#8217;organizzazione impeccabile come quella della Primiero Dolomiti Marathon curata dall&#8217;US Primiero sotto la guida del presidente Luigi Zanetel, non stupisce sapere che alla prossima edizione ci saranno anche due grandi interpreti dello sci di fondo italiano come Giandomenico Salvadori e Dietmar N\u00f6ckler.<\/p>\n<p>Per unirsi alla magia della Primiero Dolomiti Marathon le iscrizioni online sono aperte. Fino a fine mese \u00e8 possibile approfittare delle seguenti tariffe: 47 \u20ac la 42K, 42 \u20ac la 26K, 35 \u20ac la 16K e 15 \u20ac il Family Trail mentre nel mese di giugno la quota d&#8217;adesione subir\u00e0 un lieve rialzo.<\/p>","protected":false},"excerpt":{"rendered":"<p>Sabato 5 luglio c&#8217;\u00e8 la Primiero Dolomiti Marathon numero 10 Super-andamento per le iscrizioni: +50% rispetto allo stesso periodo del 2024 Partecipazione in crescita dall&#8217;estero per l&#8217;eclettico evento running by US Primiero Al via anche i fondisti tricolori Giandomenico Salvadori e Dietmar N\u00f6ckler La 10ma edizione della Primiero Dolomiti Marathon si prepara ad entrare di [&hellip;]<\/p>\n","protected":false},"author":2,"featured_media":160069,"comment_status":"closed","ping_status":"open","sticky":false,"template":"","format":"standard","meta":{"footnotes":""},"categories":[4],"tags":[],"class_list":["post-160068","post","type-post","status-publish","format-standard","has-post-thumbnail","category-sport"],"yoast_head":"<!-- This site is optimized with the Yoast SEO plugin v28.4 - https:\/\/yoast.com\/product\/yoast-seo-wordpress\/ -->\n<title>Boom di iscritti alla Primiero Marathon. Gi\u00e0 20 nazioni e fondisti dolomitici al via - Bellunopress - Dolomiti<\/title>\n<meta name=\"robots\" content=\"index, follow, max-snippet:-1, max-image-preview:large, max-video-preview:-1\" \/>\n<link rel=\"canonical\" href=\"https:\/\/www.bellunopress.it\/fr\/2025\/05\/08\/boom-di-iscritti-alla-primiero-marathon-gia-20-nazioni-e-fondisti-dolomitici-al-via\/\" \/>\n<meta property=\"og:locale\" content=\"fr_FR\" \/>\n<meta property=\"og:type\" content=\"article\" \/>\n<meta property=\"og:title\" content=\"Boom di iscritti alla Primiero Marathon. Gi\u00e0 20 nazioni e fondisti dolomitici al via - Bellunopress - Dolomiti\" \/>\n<meta property=\"og:description\" content=\"Sabato 5 luglio c&#8217;\u00e8 la Primiero Dolomiti Marathon numero 10 Super-andamento per le iscrizioni: +50% rispetto allo stesso periodo del 2024 Partecipazione in crescita dall&#8217;estero per l&#8217;eclettico evento running by US Primiero Al via anche i fondisti tricolori Giandomenico Salvadori e Dietmar N\u00f6ckler La 10ma edizione della Primiero Dolomiti Marathon si prepara ad entrare di [&hellip;]\" \/>\n<meta property=\"og:url\" content=\"https:\/\/www.bellunopress.it\/fr\/2025\/05\/08\/boom-di-iscritti-alla-primiero-marathon-gia-20-nazioni-e-fondisti-dolomitici-al-via\/\" \/>\n<meta property=\"og:site_name\" content=\"Bellunopress - Dolomiti\" \/>\n<meta property=\"article:publisher\" content=\"https:\/\/www.facebook.com\/profile.php?id=100008943462799\" \/>\n<meta property=\"article:published_time\" content=\"2025-05-08T10:36:38+00:00\" \/>\n<meta property=\"og:image\" content=\"https:\/\/www.bellunopress.it\/wp-content\/uploads\/2025\/05\/Primiero-Dolomiti-Marathon_edited.jpg\" \/>\n\t<meta property=\"og:image:width\" content=\"1000\" \/>\n\t<meta property=\"og:image:height\" content=\"654\" \/>\n\t<meta property=\"og:image:type\" content=\"image\/jpeg\" \/>\n<meta name=\"author\" content=\"redazione\" \/>\n<meta name=\"twitter:card\" content=\"summary_large_image\" \/>\n<meta name=\"twitter:creator\" content=\"@bellunopress\" \/>\n<meta name=\"twitter:site\" content=\"@bellunopress\" \/>\n<meta name=\"twitter:label1\" content=\"\u00c9crit par\" \/>\n\t<meta name=\"twitter:data1\" content=\"redazione\" \/>\n\t<meta name=\"twitter:label2\" content=\"Dur\u00e9e de lecture estim\u00e9e\" \/>\n\t<meta name=\"twitter:data2\" content=\"3 minutes\" \/>\n<script type=\"application\/ld+json\" class=\"yoast-schema-graph\">{\"@context\":\"https:\\\/\\\/schema.org\",\"@graph\":[{\"@type\":\"Article\",\"@id\":\"https:\\\/\\\/www.bellunopress.it\\\/2025\\\/05\\\/08\\\/boom-di-iscritti-alla-primiero-marathon-gia-20-nazioni-e-fondisti-dolomitici-al-via\\\/#article\",\"isPartOf\":{\"@id\":\"https:\\\/\\\/www.bellunopress.it\\\/2025\\\/05\\\/08\\\/boom-di-iscritti-alla-primiero-marathon-gia-20-nazioni-e-fondisti-dolomitici-al-via\\\/\"},\"author\":{\"name\":\"redazione\",\"@id\":\"https:\\\/\\\/www.bellunopress.it\\\/#\\\/schema\\\/person\\\/79bb06722b37ece1c03d3e94beb30d73\"},\"headline\":\"Boom di iscritti alla Primiero Marathon. Gi\u00e0 20 nazioni e fondisti dolomitici al via\",\"datePublished\":\"2025-05-08T10:36:38+00:00\",\"mainEntityOfPage\":{\"@id\":\"https:\\\/\\\/www.bellunopress.it\\\/2025\\\/05\\\/08\\\/boom-di-iscritti-alla-primiero-marathon-gia-20-nazioni-e-fondisti-dolomitici-al-via\\\/\"},\"wordCount\":574,\"publisher\":{\"@id\":\"https:\\\/\\\/www.bellunopress.it\\\/#organization\"},\"image\":{\"@id\":\"https:\\\/\\\/www.bellunopress.it\\\/2025\\\/05\\\/08\\\/boom-di-iscritti-alla-primiero-marathon-gia-20-nazioni-e-fondisti-dolomitici-al-via\\\/#primaryimage\"},\"thumbnailUrl\":\"https:\\\/\\\/www.bellunopress.it\\\/wp-content\\\/uploads\\\/2025\\\/05\\\/Primiero-Dolomiti-Marathon_edited.jpg\",\"articleSection\":[\"Sport, tempo libero\"],\"inLanguage\":\"fr-FR\"},{\"@type\":\"WebPage\",\"@id\":\"https:\\\/\\\/www.bellunopress.it\\\/2025\\\/05\\\/08\\\/boom-di-iscritti-alla-primiero-marathon-gia-20-nazioni-e-fondisti-dolomitici-al-via\\\/\",\"url\":\"https:\\\/\\\/www.bellunopress.it\\\/2025\\\/05\\\/08\\\/boom-di-iscritti-alla-primiero-marathon-gia-20-nazioni-e-fondisti-dolomitici-al-via\\\/\",\"name\":\"Boom di iscritti alla Primiero Marathon. Gi\u00e0 20 nazioni e fondisti dolomitici al via - Bellunopress - Dolomiti\",\"isPartOf\":{\"@id\":\"https:\\\/\\\/www.bellunopress.it\\\/#website\"},\"primaryImageOfPage\":{\"@id\":\"https:\\\/\\\/www.bellunopress.it\\\/2025\\\/05\\\/08\\\/boom-di-iscritti-alla-primiero-marathon-gia-20-nazioni-e-fondisti-dolomitici-al-via\\\/#primaryimage\"},\"image\":{\"@id\":\"https:\\\/\\\/www.bellunopress.it\\\/2025\\\/05\\\/08\\\/boom-di-iscritti-alla-primiero-marathon-gia-20-nazioni-e-fondisti-dolomitici-al-via\\\/#primaryimage\"},\"thumbnailUrl\":\"https:\\\/\\\/www.bellunopress.it\\\/wp-content\\\/uploads\\\/2025\\\/05\\\/Primiero-Dolomiti-Marathon_edited.jpg\",\"datePublished\":\"2025-05-08T10:36:38+00:00\",\"breadcrumb\":{\"@id\":\"https:\\\/\\\/www.bellunopress.it\\\/2025\\\/05\\\/08\\\/boom-di-iscritti-alla-primiero-marathon-gia-20-nazioni-e-fondisti-dolomitici-al-via\\\/#breadcrumb\"},\"inLanguage\":\"fr-FR\",\"potentialAction\":[{\"@type\":\"ReadAction\",\"target\":[\"https:\\\/\\\/www.bellunopress.it\\\/2025\\\/05\\\/08\\\/boom-di-iscritti-alla-primiero-marathon-gia-20-nazioni-e-fondisti-dolomitici-al-via\\\/\"]}]},{\"@type\":\"ImageObject\",\"inLanguage\":\"fr-FR\",\"@id\":\"https:\\\/\\\/www.bellunopress.it\\\/2025\\\/05\\\/08\\\/boom-di-iscritti-alla-primiero-marathon-gia-20-nazioni-e-fondisti-dolomitici-al-via\\\/#primaryimage\",\"url\":\"https:\\\/\\\/www.bellunopress.it\\\/wp-content\\\/uploads\\\/2025\\\/05\\\/Primiero-Dolomiti-Marathon_edited.jpg\",\"contentUrl\":\"https:\\\/\\\/www.bellunopress.it\\\/wp-content\\\/uploads\\\/2025\\\/05\\\/Primiero-Dolomiti-Marathon_edited.jpg\",\"width\":1000,\"height\":654},{\"@type\":\"BreadcrumbList\",\"@id\":\"https:\\\/\\\/www.bellunopress.it\\\/2025\\\/05\\\/08\\\/boom-di-iscritti-alla-primiero-marathon-gia-20-nazioni-e-fondisti-dolomitici-al-via\\\/#breadcrumb\",\"itemListElement\":[{\"@type\":\"ListItem\",\"position\":1,\"name\":\"Home\",\"item\":\"https:\\\/\\\/www.bellunopress.it\\\/\"},{\"@type\":\"ListItem\",\"position\":2,\"name\":\"Boom di iscritti alla Primiero Marathon. Gi\u00e0 20 nazioni e fondisti dolomitici al via\"}]},{\"@type\":\"WebSite\",\"@id\":\"https:\\\/\\\/www.bellunopress.it\\\/#website\",\"url\":\"https:\\\/\\\/www.bellunopress.it\\\/\",\"name\":\"Bellunopress - Dolomiti\",\"description\":\"e-mail: redazione@bellunopress.it\",\"publisher\":{\"@id\":\"https:\\\/\\\/www.bellunopress.it\\\/#organization\"},\"potentialAction\":[{\"@type\":\"SearchAction\",\"target\":{\"@type\":\"EntryPoint\",\"urlTemplate\":\"https:\\\/\\\/www.bellunopress.it\\\/?s={search_term_string}\"},\"query-input\":{\"@type\":\"PropertyValueSpecification\",\"valueRequired\":true,\"valueName\":\"search_term_string\"}}],\"inLanguage\":\"fr-FR\"},{\"@type\":\"Organization\",\"@id\":\"https:\\\/\\\/www.bellunopress.it\\\/#organization\",\"name\":\"Bellunopress\",\"url\":\"https:\\\/\\\/www.bellunopress.it\\\/\",\"logo\":{\"@type\":\"ImageObject\",\"inLanguage\":\"fr-FR\",\"@id\":\"https:\\\/\\\/www.bellunopress.it\\\/#\\\/schema\\\/logo\\\/image\\\/\",\"url\":\"https:\\\/\\\/www.bellunopress.it\\\/wp-content\\\/uploads\\\/2011\\\/05\\\/cropped-logo-bellunopress-.jpg\",\"contentUrl\":\"https:\\\/\\\/www.bellunopress.it\\\/wp-content\\\/uploads\\\/2011\\\/05\\\/cropped-logo-bellunopress-.jpg\",\"width\":512,\"height\":512,\"caption\":\"Bellunopress\"},\"image\":{\"@id\":\"https:\\\/\\\/www.bellunopress.it\\\/#\\\/schema\\\/logo\\\/image\\\/\"},\"sameAs\":[\"https:\\\/\\\/www.facebook.com\\\/profile.php?id=100008943462799\",\"https:\\\/\\\/x.com\\\/bellunopress\",\"https:\\\/\\\/www.linkedin.com\\\/hp\\\/?dnr=JBzUWaJfMUw8vbXJJ2tVW5-I3jZKvC4wsoxE&amp;amp;amp;amp;amp;amp;trk=nav_responsive_tab_home\",\"https:\\\/\\\/www.youtube.com\\\/channel\\\/UCxL0wu1uN0_3_7hGG0306cw\"]},{\"@type\":\"Person\",\"@id\":\"https:\\\/\\\/www.bellunopress.it\\\/#\\\/schema\\\/person\\\/79bb06722b37ece1c03d3e94beb30d73\",\"name\":\"redazione\",\"image\":{\"@type\":\"ImageObject\",\"inLanguage\":\"fr-FR\",\"@id\":\"https:\\\/\\\/secure.gravatar.com\\\/avatar\\\/37d968a2e67a6fd04c169c4bdef102d0bc5d31b2546345219e348575eb80e9a0?s=96&d=mm&r=g\",\"url\":\"https:\\\/\\\/secure.gravatar.com\\\/avatar\\\/37d968a2e67a6fd04c169c4bdef102d0bc5d31b2546345219e348575eb80e9a0?s=96&d=mm&r=g\",\"contentUrl\":\"https:\\\/\\\/secure.gravatar.com\\\/avatar\\\/37d968a2e67a6fd04c169c4bdef102d0bc5d31b2546345219e348575eb80e9a0?s=96&d=mm&r=g\",\"caption\":\"redazione\"},\"sameAs\":[\"http:\\\/\\\/www.bellunopress.it\",\"https:\\\/\\\/x.com\\\/bellunopress\"],\"url\":\"https:\\\/\\\/www.bellunopress.it\\\/fr\\\/author\\\/redazione\\\/\"}]}<\/script>\n<!-- \/ Yoast SEO plugin. -->","yoast_head_json":{"title":"Boom di iscritti alla Primiero Marathon. Gi\u00e0 20 nazioni e fondisti dolomitici al via - Bellunopress - Dolomiti","robots":{"index":"index","follow":"follow","max-snippet":"max-snippet:-1","max-image-preview":"max-image-preview:large","max-video-preview":"max-video-preview:-1"},"canonical":"https:\/\/www.bellunopress.it\/fr\/2025\/05\/08\/boom-di-iscritti-alla-primiero-marathon-gia-20-nazioni-e-fondisti-dolomitici-al-via\/","og_locale":"fr_FR","og_type":"article","og_title":"Boom di iscritti alla Primiero Marathon. Gi\u00e0 20 nazioni e fondisti dolomitici al via - Bellunopress - Dolomiti","og_description":"Sabato 5 luglio c&#8217;\u00e8 la Primiero Dolomiti Marathon numero 10 Super-andamento per le iscrizioni: +50% rispetto allo stesso periodo del 2024 Partecipazione in crescita dall&#8217;estero per l&#8217;eclettico evento running by US Primiero Al via anche i fondisti tricolori Giandomenico Salvadori e Dietmar N\u00f6ckler La 10ma edizione della Primiero Dolomiti Marathon si prepara ad entrare di [&hellip;]","og_url":"https:\/\/www.bellunopress.it\/fr\/2025\/05\/08\/boom-di-iscritti-alla-primiero-marathon-gia-20-nazioni-e-fondisti-dolomitici-al-via\/","og_site_name":"Bellunopress - Dolomiti","article_publisher":"https:\/\/www.facebook.com\/profile.php?id=100008943462799","article_published_time":"2025-05-08T10:36:38+00:00","og_image":[{"width":1000,"height":654,"url":"https:\/\/www.bellunopress.it\/wp-content\/uploads\/2025\/05\/Primiero-Dolomiti-Marathon_edited.jpg","type":"image\/jpeg"}],"author":"redazione","twitter_card":"summary_large_image","twitter_creator":"@bellunopress","twitter_site":"@bellunopress","twitter_misc":{"\u00c9crit par":"redazione","Dur\u00e9e de lecture estim\u00e9e":"3 minutes"},"schema":{"@context":"https:\/\/schema.org","@graph":[{"@type":"Article","@id":"https:\/\/www.bellunopress.it\/2025\/05\/08\/boom-di-iscritti-alla-primiero-marathon-gia-20-nazioni-e-fondisti-dolomitici-al-via\/#article","isPartOf":{"@id":"https:\/\/www.bellunopress.it\/2025\/05\/08\/boom-di-iscritti-alla-primiero-marathon-gia-20-nazioni-e-fondisti-dolomitici-al-via\/"},"author":{"name":"redazione","@id":"https:\/\/www.bellunopress.it\/#\/schema\/person\/79bb06722b37ece1c03d3e94beb30d73"},"headline":"Boom di iscritti alla Primiero Marathon. Gi\u00e0 20 nazioni e fondisti dolomitici al via","datePublished":"2025-05-08T10:36:38+00:00","mainEntityOfPage":{"@id":"https:\/\/www.bellunopress.it\/2025\/05\/08\/boom-di-iscritti-alla-primiero-marathon-gia-20-nazioni-e-fondisti-dolomitici-al-via\/"},"wordCount":574,"publisher":{"@id":"https:\/\/www.bellunopress.it\/#organization"},"image":{"@id":"https:\/\/www.bellunopress.it\/2025\/05\/08\/boom-di-iscritti-alla-primiero-marathon-gia-20-nazioni-e-fondisti-dolomitici-al-via\/#primaryimage"},"thumbnailUrl":"https:\/\/www.bellunopress.it\/wp-content\/uploads\/2025\/05\/Primiero-Dolomiti-Marathon_edited.jpg","articleSection":["Sport, tempo libero"],"inLanguage":"fr-FR"},{"@type":"WebPage","@id":"https:\/\/www.bellunopress.it\/2025\/05\/08\/boom-di-iscritti-alla-primiero-marathon-gia-20-nazioni-e-fondisti-dolomitici-al-via\/","url":"https:\/\/www.bellunopress.it\/2025\/05\/08\/boom-di-iscritti-alla-primiero-marathon-gia-20-nazioni-e-fondisti-dolomitici-al-via\/","name":"Boom di iscritti alla Primiero Marathon. Gi\u00e0 20 nazioni e fondisti dolomitici al via - Bellunopress - Dolomiti","isPartOf":{"@id":"https:\/\/www.bellunopress.it\/#website"},"primaryImageOfPage":{"@id":"https:\/\/www.bellunopress.it\/2025\/05\/08\/boom-di-iscritti-alla-primiero-marathon-gia-20-nazioni-e-fondisti-dolomitici-al-via\/#primaryimage"},"image":{"@id":"https:\/\/www.bellunopress.it\/2025\/05\/08\/boom-di-iscritti-alla-primiero-marathon-gia-20-nazioni-e-fondisti-dolomitici-al-via\/#primaryimage"},"thumbnailUrl":"https:\/\/www.bellunopress.it\/wp-content\/uploads\/2025\/05\/Primiero-Dolomiti-Marathon_edited.jpg","datePublished":"2025-05-08T10:36:38+00:00","breadcrumb":{"@id":"https:\/\/www.bellunopress.it\/2025\/05\/08\/boom-di-iscritti-alla-primiero-marathon-gia-20-nazioni-e-fondisti-dolomitici-al-via\/#breadcrumb"},"inLanguage":"fr-FR","potentialAction":[{"@type":"ReadAction","target":["https:\/\/www.bellunopress.it\/2025\/05\/08\/boom-di-iscritti-alla-primiero-marathon-gia-20-nazioni-e-fondisti-dolomitici-al-via\/"]}]},{"@type":"ImageObject","inLanguage":"fr-FR","@id":"https:\/\/www.bellunopress.it\/2025\/05\/08\/boom-di-iscritti-alla-primiero-marathon-gia-20-nazioni-e-fondisti-dolomitici-al-via\/#primaryimage","url":"https:\/\/www.bellunopress.it\/wp-content\/uploads\/2025\/05\/Primiero-Dolomiti-Marathon_edited.jpg","contentUrl":"https:\/\/www.bellunopress.it\/wp-content\/uploads\/2025\/05\/Primiero-Dolomiti-Marathon_edited.jpg","width":1000,"height":654},{"@type":"BreadcrumbList","@id":"https:\/\/www.bellunopress.it\/2025\/05\/08\/boom-di-iscritti-alla-primiero-marathon-gia-20-nazioni-e-fondisti-dolomitici-al-via\/#breadcrumb","itemListElement":[{"@type":"ListItem","position":1,"name":"Home","item":"https:\/\/www.bellunopress.it\/"},{"@type":"ListItem","position":2,"name":"Boom di iscritti alla Primiero Marathon. Gi\u00e0 20 nazioni e fondisti dolomitici al via"}]},{"@type":"WebSite","@id":"https:\/\/www.bellunopress.it\/#website","url":"https:\/\/www.bellunopress.it\/","name":"Bellunopress - Dolomiti","description":"e-mail: redazione@bellunopress.it","publisher":{"@id":"https:\/\/www.bellunopress.it\/#organization"},"potentialAction":[{"@type":"SearchAction","target":{"@type":"EntryPoint","urlTemplate":"https:\/\/www.bellunopress.it\/?s={search_term_string}"},"query-input":{"@type":"PropertyValueSpecification","valueRequired":true,"valueName":"search_term_string"}}],"inLanguage":"fr-FR"},{"@type":"Organization","@id":"https:\/\/www.bellunopress.it\/#organization","name":"Bellunopress","url":"https:\/\/www.bellunopress.it\/","logo":{"@type":"ImageObject","inLanguage":"fr-FR","@id":"https:\/\/www.bellunopress.it\/#\/schema\/logo\/image\/","url":"https:\/\/www.bellunopress.it\/wp-content\/uploads\/2011\/05\/cropped-logo-bellunopress-.jpg","contentUrl":"https:\/\/www.bellunopress.it\/wp-content\/uploads\/2011\/05\/cropped-logo-bellunopress-.jpg","width":512,"height":512,"caption":"Bellunopress"},"image":{"@id":"https:\/\/www.bellunopress.it\/#\/schema\/logo\/image\/"},"sameAs":["https:\/\/www.facebook.com\/profile.php?id=100008943462799","https:\/\/x.com\/bellunopress","https:\/\/www.linkedin.com\/hp\/?dnr=JBzUWaJfMUw8vbXJJ2tVW5-I3jZKvC4wsoxE&amp;amp;amp;amp;amp;amp;trk=nav_responsive_tab_home","https:\/\/www.youtube.com\/channel\/UCxL0wu1uN0_3_7hGG0306cw"]},{"@type":"Person","@id":"https:\/\/www.bellunopress.it\/#\/schema\/person\/79bb06722b37ece1c03d3e94beb30d73","name":"r\u00e9daction","image":{"@type":"ImageObject","inLanguage":"fr-FR","@id":"https:\/\/secure.gravatar.com\/avatar\/37d968a2e67a6fd04c169c4bdef102d0bc5d31b2546345219e348575eb80e9a0?s=96&d=mm&r=g","url":"https:\/\/secure.gravatar.com\/avatar\/37d968a2e67a6fd04c169c4bdef102d0bc5d31b2546345219e348575eb80e9a0?s=96&d=mm&r=g","contentUrl":"https:\/\/secure.gravatar.com\/avatar\/37d968a2e67a6fd04c169c4bdef102d0bc5d31b2546345219e348575eb80e9a0?s=96&d=mm&r=g","caption":"redazione"},"sameAs":["http:\/\/www.bellunopress.it","https:\/\/x.com\/bellunopress"],"url":"https:\/\/www.bellunopress.it\/fr\/author\/redazione\/"}]}},"_links":{"self":[{"href":"https:\/\/www.bellunopress.it\/fr\/wp-json\/wp\/v2\/posts\/160068","targetHints":{"allow":["GET"]}}],"collection":[{"href":"https:\/\/www.bellunopress.it\/fr\/wp-json\/wp\/v2\/posts"}],"about":[{"href":"https:\/\/www.bellunopress.it\/fr\/wp-json\/wp\/v2\/types\/post"}],"author":[{"embeddable":true,"href":"https:\/\/www.bellunopress.it\/fr\/wp-json\/wp\/v2\/users\/2"}],"replies":[{"embeddable":true,"href":"https:\/\/www.bellunopress.it\/fr\/wp-json\/wp\/v2\/comments?post=160068"}],"version-history":[{"count":1,"href":"https:\/\/www.bellunopress.it\/fr\/wp-json\/wp\/v2\/posts\/160068\/revisions"}],"predecessor-version":[{"id":160070,"href":"https:\/\/www.bellunopress.it\/fr\/wp-json\/wp\/v2\/posts\/160068\/revisions\/160070"}],"wp:featuredmedia":[{"embeddable":true,"href":"https:\/\/www.bellunopress.it\/fr\/wp-json\/wp\/v2\/media\/160069"}],"wp:attachment":[{"href":"https:\/\/www.bellunopress.it\/fr\/wp-json\/wp\/v2\/media?parent=160068"}],"wp:term":[{"taxonomy":"category","embeddable":true,"href":"https:\/\/www.bellunopress.it\/fr\/wp-json\/wp\/v2\/categories?post=160068"},{"taxonomy":"post_tag","embeddable":true,"href":"https:\/\/www.bellunopress.it\/fr\/wp-json\/wp\/v2\/tags?post=160068"}],"curies":[{"name":"wp","href":"https:\/\/api.w.org\/{rel}","templated":true}]}}