{"id":160057,"date":"2025-05-08T08:11:14","date_gmt":"2025-05-08T06:11:14","guid":{"rendered":"https:\/\/www.bellunopress.it\/?p=160057"},"modified":"2025-05-08T08:11:14","modified_gmt":"2025-05-08T06:11:14","slug":"tiro-alla-fune-veneti-e-friulani-conquistano-la-coppa-italia","status":"publish","type":"post","link":"https:\/\/www.bellunopress.it\/fr\/2025\/05\/08\/tiro-alla-fune-veneti-e-friulani-conquistano-la-coppa-italia\/","title":{"rendered":"Tiro alla fune: veneti e friulani conquistano la Coppa Italia"},"content":{"rendered":"<p><em><img loading=\"lazy\" decoding=\"async\" class=\"aligncenter size-full wp-image-160058\" src=\"https:\/\/www.bellunopress.it\/wp-content\/uploads\/2025\/05\/Tiro-alla-fune-Coppa-Italia-Feltre.jpg\" alt=\"\" width=\"1000\" height=\"834\" srcset=\"https:\/\/www.bellunopress.it\/wp-content\/uploads\/2025\/05\/Tiro-alla-fune-Coppa-Italia-Feltre.jpg 1000w, https:\/\/www.bellunopress.it\/wp-content\/uploads\/2025\/05\/Tiro-alla-fune-Coppa-Italia-Feltre-500x417.jpg 500w, https:\/\/www.bellunopress.it\/wp-content\/uploads\/2025\/05\/Tiro-alla-fune-Coppa-Italia-Feltre-504x420.jpg 504w, https:\/\/www.bellunopress.it\/wp-content\/uploads\/2025\/05\/Tiro-alla-fune-Coppa-Italia-Feltre-696x580.jpg 696w\" sizes=\"auto, (max-width: 1000px) 100vw, 1000px\" \/>L&#8217;evento sportivo promosso dal Taf Astra Feltre e dalla Federazione Italiana Giochi e Sport Tradizionali ha visto assegnare il titolo per le categorie mix 600 e 680 kg in occasione della seconda edizione del &#8220;Memorial Mirko Toigo&#8221;<\/em><\/p>\n<p>Un altro grande evento tricolore ha visto coinvolti atleti ed appassionati di tiro alla fune. A Pra del Moro, nel comune bellunese di Feltre, si \u00e8 tenuta la sfida per l&#8217;assegnazione della Coppa italia di tiro alla fune outdoor per le categorie mix 600 kg e mix 680 kg coincisa con la seconda edizione del &#8220;Memorial Mirko Toigo&#8221;.<\/p>\n<p>L&#8217;evento sportivo promosso dall&#8217;Asd Astra Feltre 1997 in collaborazione con la Figest, Federazione Italiana Giochi e Sport Tradizionali, ha visto in campo diversi team italiani. A salire sul gradino pi\u00f9 alto del podio per la categoria mix 600 kg sono stati gli atleti del team veneto di Scorz\u00e8, al secondo posto le Furie Rosse di Tamai di Brugnera, al terzo la squadra Vazzola 1 seguita, in quarta posizione, dai colleghi di casacca del team trevigiano Vazzola Blu mentre al quinto posto, a chiudere la classifica, la squadra dei The Vikings Rambla di Curtarolo, in provincia di Padova.<\/p>\n<p>Nella categoria mix 680 kg a salire sul gradino pi\u00f9 alto del podio il team friulano delle Furie Rosse, seconda la squadra veneta di Scorz\u00e9, terza l&#8217;Astra Feltre che giocava, appunto, in casa. Al quarto posto il team Vazzola, quinta la Citt\u00e0 di Musile, realt\u00e0 metropolitana di Venezia, e sesti i The Vikings.<\/p>\n<p>A margine della manifestazione, il responsabile della specialit\u00e0 tiro alla fune outdoor in Figest, Nicola Cappelletto, ha dichiarato: &#8220;Siamo davvero soddisfatti per la riuscita di questo appuntamento che non \u00e8 solo una competizione, ma un momento di grande condivisione per tutti gli appassionati di questo sport. La Coppa Italia outdoor e il Memorial Mirko Toigo rappresentano un&#8217;occasione importante per valorizzare il lavoro delle societ\u00e0 e dei nostri atleti, mostrando il livello sempre pi\u00f9 alto raggiunto dalle squadre italiane. Ringrazio tutti gli organizzatori e i partecipanti per l&#8217;impegno e la passione dimostrati: giornate come queste ci danno la spinta per continuare a crescere e promuovere il tiro alla fune in tutto il Paese&#8221;.<\/p>","protected":false},"excerpt":{"rendered":"<p>L&#8217;evento sportivo promosso dal Taf Astra Feltre e dalla Federazione Italiana Giochi e Sport Tradizionali ha visto assegnare il titolo per le categorie mix 600 e 680 kg in occasione della seconda edizione del &#8220;Memorial Mirko Toigo&#8221; Un altro grande evento tricolore ha visto coinvolti atleti ed appassionati di tiro alla fune. A Pra del [&hellip;]<\/p>\n","protected":false},"author":2,"featured_media":160058,"comment_status":"closed","ping_status":"open","sticky":false,"template":"","format":"standard","meta":{"footnotes":""},"categories":[4],"tags":[],"class_list":["post-160057","post","type-post","status-publish","format-standard","has-post-thumbnail","category-sport"],"yoast_head":"<!-- This site is optimized with the Yoast SEO plugin v28.4 - https:\/\/yoast.com\/product\/yoast-seo-wordpress\/ -->\n<title>Tiro alla fune: veneti e friulani conquistano la Coppa Italia - Bellunopress - Dolomiti<\/title>\n<meta name=\"robots\" content=\"index, follow, max-snippet:-1, max-image-preview:large, max-video-preview:-1\" \/>\n<link rel=\"canonical\" href=\"https:\/\/www.bellunopress.it\/fr\/2025\/05\/08\/tiro-alla-fune-veneti-e-friulani-conquistano-la-coppa-italia\/\" \/>\n<meta property=\"og:locale\" content=\"fr_FR\" \/>\n<meta property=\"og:type\" content=\"article\" \/>\n<meta property=\"og:title\" content=\"Tiro alla fune: veneti e friulani conquistano la Coppa Italia - Bellunopress - Dolomiti\" \/>\n<meta property=\"og:description\" content=\"L&#8217;evento sportivo promosso dal Taf Astra Feltre e dalla Federazione Italiana Giochi e Sport Tradizionali ha visto assegnare il titolo per le categorie mix 600 e 680 kg in occasione della seconda edizione del &#8220;Memorial Mirko Toigo&#8221; Un altro grande evento tricolore ha visto coinvolti atleti ed appassionati di tiro alla fune. A Pra del [&hellip;]\" \/>\n<meta property=\"og:url\" content=\"https:\/\/www.bellunopress.it\/fr\/2025\/05\/08\/tiro-alla-fune-veneti-e-friulani-conquistano-la-coppa-italia\/\" \/>\n<meta property=\"og:site_name\" content=\"Bellunopress - Dolomiti\" \/>\n<meta property=\"article:publisher\" content=\"https:\/\/www.facebook.com\/profile.php?id=100008943462799\" \/>\n<meta property=\"article:published_time\" content=\"2025-05-08T06:11:14+00:00\" \/>\n<meta property=\"og:image\" content=\"https:\/\/www.bellunopress.it\/wp-content\/uploads\/2025\/05\/Tiro-alla-fune-Coppa-Italia-Feltre.jpg\" \/>\n\t<meta property=\"og:image:width\" content=\"1000\" \/>\n\t<meta property=\"og:image:height\" content=\"834\" \/>\n\t<meta property=\"og:image:type\" content=\"image\/jpeg\" \/>\n<meta name=\"author\" content=\"redazione\" \/>\n<meta name=\"twitter:card\" content=\"summary_large_image\" \/>\n<meta name=\"twitter:creator\" content=\"@bellunopress\" \/>\n<meta name=\"twitter:site\" content=\"@bellunopress\" \/>\n<meta name=\"twitter:label1\" content=\"Written by\" \/>\n\t<meta name=\"twitter:data1\" content=\"redazione\" \/>\n\t<meta name=\"twitter:label2\" content=\"Est. reading time\" \/>\n\t<meta name=\"twitter:data2\" content=\"2 minutes\" \/>\n<script type=\"application\/ld+json\" class=\"yoast-schema-graph\">{\"@context\":\"https:\\\/\\\/schema.org\",\"@graph\":[{\"@type\":\"Article\",\"@id\":\"https:\\\/\\\/www.bellunopress.it\\\/2025\\\/05\\\/08\\\/tiro-alla-fune-veneti-e-friulani-conquistano-la-coppa-italia\\\/#article\",\"isPartOf\":{\"@id\":\"https:\\\/\\\/www.bellunopress.it\\\/2025\\\/05\\\/08\\\/tiro-alla-fune-veneti-e-friulani-conquistano-la-coppa-italia\\\/\"},\"author\":{\"name\":\"redazione\",\"@id\":\"https:\\\/\\\/www.bellunopress.it\\\/#\\\/schema\\\/person\\\/79bb06722b37ece1c03d3e94beb30d73\"},\"headline\":\"Tiro alla fune: veneti e friulani conquistano la Coppa Italia\",\"datePublished\":\"2025-05-08T06:11:14+00:00\",\"mainEntityOfPage\":{\"@id\":\"https:\\\/\\\/www.bellunopress.it\\\/2025\\\/05\\\/08\\\/tiro-alla-fune-veneti-e-friulani-conquistano-la-coppa-italia\\\/\"},\"wordCount\":364,\"publisher\":{\"@id\":\"https:\\\/\\\/www.bellunopress.it\\\/#organization\"},\"image\":{\"@id\":\"https:\\\/\\\/www.bellunopress.it\\\/2025\\\/05\\\/08\\\/tiro-alla-fune-veneti-e-friulani-conquistano-la-coppa-italia\\\/#primaryimage\"},\"thumbnailUrl\":\"https:\\\/\\\/www.bellunopress.it\\\/wp-content\\\/uploads\\\/2025\\\/05\\\/Tiro-alla-fune-Coppa-Italia-Feltre.jpg\",\"articleSection\":[\"Sport, tempo libero\"],\"inLanguage\":\"fr-FR\"},{\"@type\":\"WebPage\",\"@id\":\"https:\\\/\\\/www.bellunopress.it\\\/2025\\\/05\\\/08\\\/tiro-alla-fune-veneti-e-friulani-conquistano-la-coppa-italia\\\/\",\"url\":\"https:\\\/\\\/www.bellunopress.it\\\/2025\\\/05\\\/08\\\/tiro-alla-fune-veneti-e-friulani-conquistano-la-coppa-italia\\\/\",\"name\":\"Tiro alla fune: veneti e friulani conquistano la Coppa Italia - Bellunopress - Dolomiti\",\"isPartOf\":{\"@id\":\"https:\\\/\\\/www.bellunopress.it\\\/#website\"},\"primaryImageOfPage\":{\"@id\":\"https:\\\/\\\/www.bellunopress.it\\\/2025\\\/05\\\/08\\\/tiro-alla-fune-veneti-e-friulani-conquistano-la-coppa-italia\\\/#primaryimage\"},\"image\":{\"@id\":\"https:\\\/\\\/www.bellunopress.it\\\/2025\\\/05\\\/08\\\/tiro-alla-fune-veneti-e-friulani-conquistano-la-coppa-italia\\\/#primaryimage\"},\"thumbnailUrl\":\"https:\\\/\\\/www.bellunopress.it\\\/wp-content\\\/uploads\\\/2025\\\/05\\\/Tiro-alla-fune-Coppa-Italia-Feltre.jpg\",\"datePublished\":\"2025-05-08T06:11:14+00:00\",\"breadcrumb\":{\"@id\":\"https:\\\/\\\/www.bellunopress.it\\\/2025\\\/05\\\/08\\\/tiro-alla-fune-veneti-e-friulani-conquistano-la-coppa-italia\\\/#breadcrumb\"},\"inLanguage\":\"fr-FR\",\"potentialAction\":[{\"@type\":\"ReadAction\",\"target\":[\"https:\\\/\\\/www.bellunopress.it\\\/2025\\\/05\\\/08\\\/tiro-alla-fune-veneti-e-friulani-conquistano-la-coppa-italia\\\/\"]}]},{\"@type\":\"ImageObject\",\"inLanguage\":\"fr-FR\",\"@id\":\"https:\\\/\\\/www.bellunopress.it\\\/2025\\\/05\\\/08\\\/tiro-alla-fune-veneti-e-friulani-conquistano-la-coppa-italia\\\/#primaryimage\",\"url\":\"https:\\\/\\\/www.bellunopress.it\\\/wp-content\\\/uploads\\\/2025\\\/05\\\/Tiro-alla-fune-Coppa-Italia-Feltre.jpg\",\"contentUrl\":\"https:\\\/\\\/www.bellunopress.it\\\/wp-content\\\/uploads\\\/2025\\\/05\\\/Tiro-alla-fune-Coppa-Italia-Feltre.jpg\",\"width\":1000,\"height\":834},{\"@type\":\"BreadcrumbList\",\"@id\":\"https:\\\/\\\/www.bellunopress.it\\\/2025\\\/05\\\/08\\\/tiro-alla-fune-veneti-e-friulani-conquistano-la-coppa-italia\\\/#breadcrumb\",\"itemListElement\":[{\"@type\":\"ListItem\",\"position\":1,\"name\":\"Home\",\"item\":\"https:\\\/\\\/www.bellunopress.it\\\/\"},{\"@type\":\"ListItem\",\"position\":2,\"name\":\"Tiro alla fune: veneti e friulani conquistano la Coppa Italia\"}]},{\"@type\":\"WebSite\",\"@id\":\"https:\\\/\\\/www.bellunopress.it\\\/#website\",\"url\":\"https:\\\/\\\/www.bellunopress.it\\\/\",\"name\":\"Bellunopress - Dolomiti\",\"description\":\"e-mail: redazione@bellunopress.it\",\"publisher\":{\"@id\":\"https:\\\/\\\/www.bellunopress.it\\\/#organization\"},\"potentialAction\":[{\"@type\":\"SearchAction\",\"target\":{\"@type\":\"EntryPoint\",\"urlTemplate\":\"https:\\\/\\\/www.bellunopress.it\\\/?s={search_term_string}\"},\"query-input\":{\"@type\":\"PropertyValueSpecification\",\"valueRequired\":true,\"valueName\":\"search_term_string\"}}],\"inLanguage\":\"fr-FR\"},{\"@type\":\"Organization\",\"@id\":\"https:\\\/\\\/www.bellunopress.it\\\/#organization\",\"name\":\"Bellunopress\",\"url\":\"https:\\\/\\\/www.bellunopress.it\\\/\",\"logo\":{\"@type\":\"ImageObject\",\"inLanguage\":\"fr-FR\",\"@id\":\"https:\\\/\\\/www.bellunopress.it\\\/#\\\/schema\\\/logo\\\/image\\\/\",\"url\":\"https:\\\/\\\/www.bellunopress.it\\\/wp-content\\\/uploads\\\/2011\\\/05\\\/cropped-logo-bellunopress-.jpg\",\"contentUrl\":\"https:\\\/\\\/www.bellunopress.it\\\/wp-content\\\/uploads\\\/2011\\\/05\\\/cropped-logo-bellunopress-.jpg\",\"width\":512,\"height\":512,\"caption\":\"Bellunopress\"},\"image\":{\"@id\":\"https:\\\/\\\/www.bellunopress.it\\\/#\\\/schema\\\/logo\\\/image\\\/\"},\"sameAs\":[\"https:\\\/\\\/www.facebook.com\\\/profile.php?id=100008943462799\",\"https:\\\/\\\/x.com\\\/bellunopress\",\"https:\\\/\\\/www.linkedin.com\\\/hp\\\/?dnr=JBzUWaJfMUw8vbXJJ2tVW5-I3jZKvC4wsoxE&amp;amp;amp;amp;amp;amp;trk=nav_responsive_tab_home\",\"https:\\\/\\\/www.youtube.com\\\/channel\\\/UCxL0wu1uN0_3_7hGG0306cw\"]},{\"@type\":\"Person\",\"@id\":\"https:\\\/\\\/www.bellunopress.it\\\/#\\\/schema\\\/person\\\/79bb06722b37ece1c03d3e94beb30d73\",\"name\":\"redazione\",\"image\":{\"@type\":\"ImageObject\",\"inLanguage\":\"fr-FR\",\"@id\":\"https:\\\/\\\/secure.gravatar.com\\\/avatar\\\/37d968a2e67a6fd04c169c4bdef102d0bc5d31b2546345219e348575eb80e9a0?s=96&d=mm&r=g\",\"url\":\"https:\\\/\\\/secure.gravatar.com\\\/avatar\\\/37d968a2e67a6fd04c169c4bdef102d0bc5d31b2546345219e348575eb80e9a0?s=96&d=mm&r=g\",\"contentUrl\":\"https:\\\/\\\/secure.gravatar.com\\\/avatar\\\/37d968a2e67a6fd04c169c4bdef102d0bc5d31b2546345219e348575eb80e9a0?s=96&d=mm&r=g\",\"caption\":\"redazione\"},\"sameAs\":[\"http:\\\/\\\/www.bellunopress.it\",\"https:\\\/\\\/x.com\\\/bellunopress\"],\"url\":\"https:\\\/\\\/www.bellunopress.it\\\/fr\\\/author\\\/redazione\\\/\"}]}<\/script>\n<!-- \/ Yoast SEO plugin. -->","yoast_head_json":{"title":"Tiro alla fune: veneti e friulani conquistano la Coppa Italia - Bellunopress - Dolomiti","robots":{"index":"index","follow":"follow","max-snippet":"max-snippet:-1","max-image-preview":"max-image-preview:large","max-video-preview":"max-video-preview:-1"},"canonical":"https:\/\/www.bellunopress.it\/fr\/2025\/05\/08\/tiro-alla-fune-veneti-e-friulani-conquistano-la-coppa-italia\/","og_locale":"fr_FR","og_type":"article","og_title":"Tiro alla fune: veneti e friulani conquistano la Coppa Italia - Bellunopress - Dolomiti","og_description":"L&#8217;evento sportivo promosso dal Taf Astra Feltre e dalla Federazione Italiana Giochi e Sport Tradizionali ha visto assegnare il titolo per le categorie mix 600 e 680 kg in occasione della seconda edizione del &#8220;Memorial Mirko Toigo&#8221; Un altro grande evento tricolore ha visto coinvolti atleti ed appassionati di tiro alla fune. A Pra del [&hellip;]","og_url":"https:\/\/www.bellunopress.it\/fr\/2025\/05\/08\/tiro-alla-fune-veneti-e-friulani-conquistano-la-coppa-italia\/","og_site_name":"Bellunopress - Dolomiti","article_publisher":"https:\/\/www.facebook.com\/profile.php?id=100008943462799","article_published_time":"2025-05-08T06:11:14+00:00","og_image":[{"width":1000,"height":834,"url":"https:\/\/www.bellunopress.it\/wp-content\/uploads\/2025\/05\/Tiro-alla-fune-Coppa-Italia-Feltre.jpg","type":"image\/jpeg"}],"author":"redazione","twitter_card":"summary_large_image","twitter_creator":"@bellunopress","twitter_site":"@bellunopress","twitter_misc":{"Written by":"redazione","Est. reading time":"2 minutes"},"schema":{"@context":"https:\/\/schema.org","@graph":[{"@type":"Article","@id":"https:\/\/www.bellunopress.it\/2025\/05\/08\/tiro-alla-fune-veneti-e-friulani-conquistano-la-coppa-italia\/#article","isPartOf":{"@id":"https:\/\/www.bellunopress.it\/2025\/05\/08\/tiro-alla-fune-veneti-e-friulani-conquistano-la-coppa-italia\/"},"author":{"name":"redazione","@id":"https:\/\/www.bellunopress.it\/#\/schema\/person\/79bb06722b37ece1c03d3e94beb30d73"},"headline":"Tiro alla fune: veneti e friulani conquistano la Coppa Italia","datePublished":"2025-05-08T06:11:14+00:00","mainEntityOfPage":{"@id":"https:\/\/www.bellunopress.it\/2025\/05\/08\/tiro-alla-fune-veneti-e-friulani-conquistano-la-coppa-italia\/"},"wordCount":364,"publisher":{"@id":"https:\/\/www.bellunopress.it\/#organization"},"image":{"@id":"https:\/\/www.bellunopress.it\/2025\/05\/08\/tiro-alla-fune-veneti-e-friulani-conquistano-la-coppa-italia\/#primaryimage"},"thumbnailUrl":"https:\/\/www.bellunopress.it\/wp-content\/uploads\/2025\/05\/Tiro-alla-fune-Coppa-Italia-Feltre.jpg","articleSection":["Sport, tempo libero"],"inLanguage":"fr-FR"},{"@type":"WebPage","@id":"https:\/\/www.bellunopress.it\/2025\/05\/08\/tiro-alla-fune-veneti-e-friulani-conquistano-la-coppa-italia\/","url":"https:\/\/www.bellunopress.it\/2025\/05\/08\/tiro-alla-fune-veneti-e-friulani-conquistano-la-coppa-italia\/","name":"Tiro alla fune: veneti e friulani conquistano la Coppa Italia - Bellunopress - Dolomiti","isPartOf":{"@id":"https:\/\/www.bellunopress.it\/#website"},"primaryImageOfPage":{"@id":"https:\/\/www.bellunopress.it\/2025\/05\/08\/tiro-alla-fune-veneti-e-friulani-conquistano-la-coppa-italia\/#primaryimage"},"image":{"@id":"https:\/\/www.bellunopress.it\/2025\/05\/08\/tiro-alla-fune-veneti-e-friulani-conquistano-la-coppa-italia\/#primaryimage"},"thumbnailUrl":"https:\/\/www.bellunopress.it\/wp-content\/uploads\/2025\/05\/Tiro-alla-fune-Coppa-Italia-Feltre.jpg","datePublished":"2025-05-08T06:11:14+00:00","breadcrumb":{"@id":"https:\/\/www.bellunopress.it\/2025\/05\/08\/tiro-alla-fune-veneti-e-friulani-conquistano-la-coppa-italia\/#breadcrumb"},"inLanguage":"fr-FR","potentialAction":[{"@type":"ReadAction","target":["https:\/\/www.bellunopress.it\/2025\/05\/08\/tiro-alla-fune-veneti-e-friulani-conquistano-la-coppa-italia\/"]}]},{"@type":"ImageObject","inLanguage":"fr-FR","@id":"https:\/\/www.bellunopress.it\/2025\/05\/08\/tiro-alla-fune-veneti-e-friulani-conquistano-la-coppa-italia\/#primaryimage","url":"https:\/\/www.bellunopress.it\/wp-content\/uploads\/2025\/05\/Tiro-alla-fune-Coppa-Italia-Feltre.jpg","contentUrl":"https:\/\/www.bellunopress.it\/wp-content\/uploads\/2025\/05\/Tiro-alla-fune-Coppa-Italia-Feltre.jpg","width":1000,"height":834},{"@type":"BreadcrumbList","@id":"https:\/\/www.bellunopress.it\/2025\/05\/08\/tiro-alla-fune-veneti-e-friulani-conquistano-la-coppa-italia\/#breadcrumb","itemListElement":[{"@type":"ListItem","position":1,"name":"Home","item":"https:\/\/www.bellunopress.it\/"},{"@type":"ListItem","position":2,"name":"Tiro alla fune: veneti e friulani conquistano la Coppa Italia"}]},{"@type":"WebSite","@id":"https:\/\/www.bellunopress.it\/#website","url":"https:\/\/www.bellunopress.it\/","name":"Bellunopress - Dolomiti","description":"e-mail: redazione@bellunopress.it","publisher":{"@id":"https:\/\/www.bellunopress.it\/#organization"},"potentialAction":[{"@type":"SearchAction","target":{"@type":"EntryPoint","urlTemplate":"https:\/\/www.bellunopress.it\/?s={search_term_string}"},"query-input":{"@type":"PropertyValueSpecification","valueRequired":true,"valueName":"search_term_string"}}],"inLanguage":"fr-FR"},{"@type":"Organization","@id":"https:\/\/www.bellunopress.it\/#organization","name":"Bellunopress","url":"https:\/\/www.bellunopress.it\/","logo":{"@type":"ImageObject","inLanguage":"fr-FR","@id":"https:\/\/www.bellunopress.it\/#\/schema\/logo\/image\/","url":"https:\/\/www.bellunopress.it\/wp-content\/uploads\/2011\/05\/cropped-logo-bellunopress-.jpg","contentUrl":"https:\/\/www.bellunopress.it\/wp-content\/uploads\/2011\/05\/cropped-logo-bellunopress-.jpg","width":512,"height":512,"caption":"Bellunopress"},"image":{"@id":"https:\/\/www.bellunopress.it\/#\/schema\/logo\/image\/"},"sameAs":["https:\/\/www.facebook.com\/profile.php?id=100008943462799","https:\/\/x.com\/bellunopress","https:\/\/www.linkedin.com\/hp\/?dnr=JBzUWaJfMUw8vbXJJ2tVW5-I3jZKvC4wsoxE&amp;amp;amp;amp;amp;amp;trk=nav_responsive_tab_home","https:\/\/www.youtube.com\/channel\/UCxL0wu1uN0_3_7hGG0306cw"]},{"@type":"Person","@id":"https:\/\/www.bellunopress.it\/#\/schema\/person\/79bb06722b37ece1c03d3e94beb30d73","name":"r\u00e9daction","image":{"@type":"ImageObject","inLanguage":"fr-FR","@id":"https:\/\/secure.gravatar.com\/avatar\/37d968a2e67a6fd04c169c4bdef102d0bc5d31b2546345219e348575eb80e9a0?s=96&d=mm&r=g","url":"https:\/\/secure.gravatar.com\/avatar\/37d968a2e67a6fd04c169c4bdef102d0bc5d31b2546345219e348575eb80e9a0?s=96&d=mm&r=g","contentUrl":"https:\/\/secure.gravatar.com\/avatar\/37d968a2e67a6fd04c169c4bdef102d0bc5d31b2546345219e348575eb80e9a0?s=96&d=mm&r=g","caption":"redazione"},"sameAs":["http:\/\/www.bellunopress.it","https:\/\/x.com\/bellunopress"],"url":"https:\/\/www.bellunopress.it\/fr\/author\/redazione\/"}]}},"_links":{"self":[{"href":"https:\/\/www.bellunopress.it\/fr\/wp-json\/wp\/v2\/posts\/160057","targetHints":{"allow":["GET"]}}],"collection":[{"href":"https:\/\/www.bellunopress.it\/fr\/wp-json\/wp\/v2\/posts"}],"about":[{"href":"https:\/\/www.bellunopress.it\/fr\/wp-json\/wp\/v2\/types\/post"}],"author":[{"embeddable":true,"href":"https:\/\/www.bellunopress.it\/fr\/wp-json\/wp\/v2\/users\/2"}],"replies":[{"embeddable":true,"href":"https:\/\/www.bellunopress.it\/fr\/wp-json\/wp\/v2\/comments?post=160057"}],"version-history":[{"count":1,"href":"https:\/\/www.bellunopress.it\/fr\/wp-json\/wp\/v2\/posts\/160057\/revisions"}],"predecessor-version":[{"id":160059,"href":"https:\/\/www.bellunopress.it\/fr\/wp-json\/wp\/v2\/posts\/160057\/revisions\/160059"}],"wp:featuredmedia":[{"embeddable":true,"href":"https:\/\/www.bellunopress.it\/fr\/wp-json\/wp\/v2\/media\/160058"}],"wp:attachment":[{"href":"https:\/\/www.bellunopress.it\/fr\/wp-json\/wp\/v2\/media?parent=160057"}],"wp:term":[{"taxonomy":"category","embeddable":true,"href":"https:\/\/www.bellunopress.it\/fr\/wp-json\/wp\/v2\/categories?post=160057"},{"taxonomy":"post_tag","embeddable":true,"href":"https:\/\/www.bellunopress.it\/fr\/wp-json\/wp\/v2\/tags?post=160057"}],"curies":[{"name":"wp","href":"https:\/\/api.w.org\/{rel}","templated":true}]}}