{"id":160055,"date":"2025-05-08T06:50:22","date_gmt":"2025-05-08T04:50:22","guid":{"rendered":"https:\/\/www.bellunopress.it\/?p=160055"},"modified":"2025-05-08T06:50:22","modified_gmt":"2025-05-08T04:50:22","slug":"referendum-8-e-9-giugno-oggi-e-domani-la-mobilitazione-della-rete-degli-studenti-medi-del-veneto","status":"publish","type":"post","link":"https:\/\/www.bellunopress.it\/fr\/2025\/05\/08\/referendum-8-e-9-giugno-oggi-e-domani-la-mobilitazione-della-rete-degli-studenti-medi-del-veneto\/","title":{"rendered":"Referendum 8 e 9 giugno. Oggi e domani la mobilitazione della Rete degli studenti medi del Veneto"},"content":{"rendered":"<p class=\"\" data-start=\"98\" data-end=\"213\"><em data-start=\"98\" data-end=\"213\"><img loading=\"lazy\" decoding=\"async\" class=\"aligncenter size-full wp-image-159106\" src=\"https:\/\/www.bellunopress.it\/wp-content\/uploads\/2025\/04\/Rete-degli-Studenti-Medi.jpg\" alt=\"\" width=\"662\" height=\"662\" srcset=\"https:\/\/www.bellunopress.it\/wp-content\/uploads\/2025\/04\/Rete-degli-Studenti-Medi.jpg 662w, https:\/\/www.bellunopress.it\/wp-content\/uploads\/2025\/04\/Rete-degli-Studenti-Medi-500x500.jpg 500w, https:\/\/www.bellunopress.it\/wp-content\/uploads\/2025\/04\/Rete-degli-Studenti-Medi-300x300.jpg 300w, https:\/\/www.bellunopress.it\/wp-content\/uploads\/2025\/04\/Rete-degli-Studenti-Medi-420x420.jpg 420w\" sizes=\"auto, (max-width: 662px) 100vw, 662px\" \/>A un mese dai referendum su lavoro e cittadinanza, gli studenti scendono in strada per informare e sensibilizzare<\/em><\/p>\n<p class=\"\" data-start=\"215\" data-end=\"656\">L\u20198 e il 9 maggio, gli studenti della Rete degli Studenti Medi del Veneto daranno vita a una mobilitazione diffusa davanti alle scuole superiori di tutta la regione. L&#8217;obiettivo \u00e8 chiaro: denunciare le condizioni precarie del presente che affliggono la loro generazione e rilanciare l&#8217;importanza dei cinque referendum in programma l&#8217;8 e il 9 giugno, che potrebbero rappresentare una svolta sui temi del lavoro e della cittadinanza.<\/p>\n<p class=\"\" data-start=\"658\" data-end=\"1196\">Striscioni, cartelli, megafoni e assemblee saranno gli strumenti con cui i giovani intendono rompere il silenzio che, accusano, il Governo mantiene strategicamente attorno ai quesiti referendari. &#8220;Viviamo in un Paese dove entriamo nel mondo del lavoro con contratti a termine, stipendi bassi, zero sicurezza e nessuna prospettiva,&#8221; denunciano gli studenti. &#8220;In molti casi, chi nasce o cresce in Italia, studia e lavora qui, non viene ancora riconosciuto come cittadino italiano. Questo \u00e8 il nostro presente, ma non sar\u00e0 il nostro futuro.&#8221;<\/p>\n<p class=\"\" data-start=\"1198\" data-end=\"1278\">La protesta toccher\u00e0 ogni provincia veneta, a partire dalle seguenti iniziative:<\/p>\n<p class=\"\" data-start=\"1280\" data-end=\"1292\"><strong data-start=\"1280\" data-end=\"1292\">8 maggio<\/strong><\/p>\n<ul data-start=\"1293\" data-end=\"1443\">\n<li class=\"\" data-start=\"1293\" data-end=\"1363\">\n<p class=\"\" data-start=\"1295\" data-end=\"1363\"><em data-start=\"1295\" data-end=\"1303\">Padova<\/em>, Liceo Tito Livio: megafonata e striscioni dalle ore 7:30<\/p>\n<\/li>\n<li class=\"\" data-start=\"1364\" data-end=\"1443\">\n<p class=\"\" data-start=\"1366\" data-end=\"1443\"><em data-start=\"1366\" data-end=\"1375\">Belluno<\/em>, Liceo Renier: striscionata e cartelli informativi dalle ore 7:30<\/p>\n<\/li>\n<\/ul>\n<p class=\"\" data-start=\"1445\" data-end=\"1457\"><strong data-start=\"1445\" data-end=\"1457\">9 maggio<\/strong><\/p>\n<ul data-start=\"1458\" data-end=\"1694\">\n<li class=\"\" data-start=\"1458\" data-end=\"1537\">\n<p class=\"\" data-start=\"1460\" data-end=\"1537\"><em data-start=\"1460\" data-end=\"1469\">Vicenza<\/em>, Cittadella degli Studi: megafonata e striscionata dalle ore 7:30<\/p>\n<\/li>\n<li class=\"\" data-start=\"1538\" data-end=\"1579\">\n<p class=\"\" data-start=\"1540\" data-end=\"1579\"><em data-start=\"1540\" data-end=\"1549\">Treviso<\/em>: striscionata alle ore 7:30<\/p>\n<\/li>\n<li class=\"\" data-start=\"1580\" data-end=\"1635\">\n<p class=\"\" data-start=\"1582\" data-end=\"1635\"><em data-start=\"1582\" data-end=\"1590\">Rovigo<\/em>, Liceo Roccati: striscionata alle ore 7:30<\/p>\n<\/li>\n<li class=\"\" data-start=\"1636\" data-end=\"1694\">\n<p class=\"\" data-start=\"1638\" data-end=\"1694\"><em data-start=\"1638\" data-end=\"1646\">Mestre<\/em>, Liceo Franchetti: striscionata alle ore 7:30<\/p>\n<\/li>\n<\/ul>\n<p class=\"\" data-start=\"1696\" data-end=\"2046\">Gli studenti intendono costruire consapevolezza all\u2019interno della comunit\u00e0 scolastica, contrastando la disinformazione e l\u2019indifferenza istituzionale. \u201cIl Governo ha paura che il popolo scelga diritti invece che sfruttamento,\u201d affermano. La loro risposta \u00e8 chiara: portare la democrazia e la partecipazione nelle scuole, nei quartieri e nelle piazze.<\/p>","protected":false},"excerpt":{"rendered":"<p>A un mese dai referendum su lavoro e cittadinanza, gli studenti scendono in strada per informare e sensibilizzare L\u20198 e il 9 maggio, gli studenti della Rete degli Studenti Medi del Veneto daranno vita a una mobilitazione diffusa davanti alle scuole superiori di tutta la regione. L&#8217;obiettivo \u00e8 chiaro: denunciare le condizioni precarie del presente [&hellip;]<\/p>\n","protected":false},"author":2,"featured_media":159106,"comment_status":"closed","ping_status":"open","sticky":false,"template":"","format":"standard","meta":{"footnotes":""},"categories":[26,15],"tags":[],"class_list":["post-160055","post","type-post","status-publish","format-standard","has-post-thumbnail","category-prima-pagina","category-scuola"],"yoast_head":"<!-- This site is optimized with the Yoast SEO plugin v28.4 - https:\/\/yoast.com\/product\/yoast-seo-wordpress\/ -->\n<title>Referendum 8 e 9 giugno. Oggi e domani la mobilitazione della Rete degli studenti medi del Veneto - Bellunopress - Dolomiti<\/title>\n<meta name=\"robots\" content=\"index, follow, max-snippet:-1, max-image-preview:large, max-video-preview:-1\" \/>\n<link rel=\"canonical\" href=\"https:\/\/www.bellunopress.it\/fr\/2025\/05\/08\/referendum-8-e-9-giugno-oggi-e-domani-la-mobilitazione-della-rete-degli-studenti-medi-del-veneto\/\" \/>\n<meta property=\"og:locale\" content=\"fr_FR\" \/>\n<meta property=\"og:type\" content=\"article\" \/>\n<meta property=\"og:title\" content=\"Referendum 8 e 9 giugno. Oggi e domani la mobilitazione della Rete degli studenti medi del Veneto - Bellunopress - Dolomiti\" \/>\n<meta property=\"og:description\" content=\"A un mese dai referendum su lavoro e cittadinanza, gli studenti scendono in strada per informare e sensibilizzare L\u20198 e il 9 maggio, gli studenti della Rete degli Studenti Medi del Veneto daranno vita a una mobilitazione diffusa davanti alle scuole superiori di tutta la regione. L&#8217;obiettivo \u00e8 chiaro: denunciare le condizioni precarie del presente [&hellip;]\" \/>\n<meta property=\"og:url\" content=\"https:\/\/www.bellunopress.it\/fr\/2025\/05\/08\/referendum-8-e-9-giugno-oggi-e-domani-la-mobilitazione-della-rete-degli-studenti-medi-del-veneto\/\" \/>\n<meta property=\"og:site_name\" content=\"Bellunopress - Dolomiti\" \/>\n<meta property=\"article:publisher\" content=\"https:\/\/www.facebook.com\/profile.php?id=100008943462799\" \/>\n<meta property=\"article:published_time\" content=\"2025-05-08T04:50:22+00:00\" \/>\n<meta property=\"og:image\" content=\"https:\/\/www.bellunopress.it\/wp-content\/uploads\/2025\/04\/Rete-degli-Studenti-Medi.jpg\" \/>\n\t<meta property=\"og:image:width\" content=\"662\" \/>\n\t<meta property=\"og:image:height\" content=\"662\" \/>\n\t<meta property=\"og:image:type\" content=\"image\/jpeg\" \/>\n<meta name=\"author\" content=\"redazione\" \/>\n<meta name=\"twitter:card\" content=\"summary_large_image\" \/>\n<meta name=\"twitter:creator\" content=\"@bellunopress\" \/>\n<meta name=\"twitter:site\" content=\"@bellunopress\" \/>\n<meta name=\"twitter:label1\" content=\"\u00c9crit par\" \/>\n\t<meta name=\"twitter:data1\" content=\"redazione\" \/>\n\t<meta name=\"twitter:label2\" content=\"Dur\u00e9e de lecture estim\u00e9e\" \/>\n\t<meta name=\"twitter:data2\" content=\"1 minute\" \/>\n<script type=\"application\/ld+json\" class=\"yoast-schema-graph\">{\"@context\":\"https:\\\/\\\/schema.org\",\"@graph\":[{\"@type\":\"Article\",\"@id\":\"https:\\\/\\\/www.bellunopress.it\\\/2025\\\/05\\\/08\\\/referendum-8-e-9-giugno-oggi-e-domani-la-mobilitazione-della-rete-degli-studenti-medi-del-veneto\\\/#article\",\"isPartOf\":{\"@id\":\"https:\\\/\\\/www.bellunopress.it\\\/2025\\\/05\\\/08\\\/referendum-8-e-9-giugno-oggi-e-domani-la-mobilitazione-della-rete-degli-studenti-medi-del-veneto\\\/\"},\"author\":{\"name\":\"redazione\",\"@id\":\"https:\\\/\\\/www.bellunopress.it\\\/#\\\/schema\\\/person\\\/79bb06722b37ece1c03d3e94beb30d73\"},\"headline\":\"Referendum 8 e 9 giugno. Oggi e domani la mobilitazione della Rete degli studenti medi del Veneto\",\"datePublished\":\"2025-05-08T04:50:22+00:00\",\"mainEntityOfPage\":{\"@id\":\"https:\\\/\\\/www.bellunopress.it\\\/2025\\\/05\\\/08\\\/referendum-8-e-9-giugno-oggi-e-domani-la-mobilitazione-della-rete-degli-studenti-medi-del-veneto\\\/\"},\"wordCount\":282,\"publisher\":{\"@id\":\"https:\\\/\\\/www.bellunopress.it\\\/#organization\"},\"image\":{\"@id\":\"https:\\\/\\\/www.bellunopress.it\\\/2025\\\/05\\\/08\\\/referendum-8-e-9-giugno-oggi-e-domani-la-mobilitazione-della-rete-degli-studenti-medi-del-veneto\\\/#primaryimage\"},\"thumbnailUrl\":\"https:\\\/\\\/www.bellunopress.it\\\/wp-content\\\/uploads\\\/2025\\\/04\\\/Rete-degli-Studenti-Medi.jpg\",\"articleSection\":[\"Prima Pagina\",\"Scuola\"],\"inLanguage\":\"fr-FR\"},{\"@type\":\"WebPage\",\"@id\":\"https:\\\/\\\/www.bellunopress.it\\\/2025\\\/05\\\/08\\\/referendum-8-e-9-giugno-oggi-e-domani-la-mobilitazione-della-rete-degli-studenti-medi-del-veneto\\\/\",\"url\":\"https:\\\/\\\/www.bellunopress.it\\\/2025\\\/05\\\/08\\\/referendum-8-e-9-giugno-oggi-e-domani-la-mobilitazione-della-rete-degli-studenti-medi-del-veneto\\\/\",\"name\":\"Referendum 8 e 9 giugno. Oggi e domani la mobilitazione della Rete degli studenti medi del Veneto - Bellunopress - Dolomiti\",\"isPartOf\":{\"@id\":\"https:\\\/\\\/www.bellunopress.it\\\/#website\"},\"primaryImageOfPage\":{\"@id\":\"https:\\\/\\\/www.bellunopress.it\\\/2025\\\/05\\\/08\\\/referendum-8-e-9-giugno-oggi-e-domani-la-mobilitazione-della-rete-degli-studenti-medi-del-veneto\\\/#primaryimage\"},\"image\":{\"@id\":\"https:\\\/\\\/www.bellunopress.it\\\/2025\\\/05\\\/08\\\/referendum-8-e-9-giugno-oggi-e-domani-la-mobilitazione-della-rete-degli-studenti-medi-del-veneto\\\/#primaryimage\"},\"thumbnailUrl\":\"https:\\\/\\\/www.bellunopress.it\\\/wp-content\\\/uploads\\\/2025\\\/04\\\/Rete-degli-Studenti-Medi.jpg\",\"datePublished\":\"2025-05-08T04:50:22+00:00\",\"breadcrumb\":{\"@id\":\"https:\\\/\\\/www.bellunopress.it\\\/2025\\\/05\\\/08\\\/referendum-8-e-9-giugno-oggi-e-domani-la-mobilitazione-della-rete-degli-studenti-medi-del-veneto\\\/#breadcrumb\"},\"inLanguage\":\"fr-FR\",\"potentialAction\":[{\"@type\":\"ReadAction\",\"target\":[\"https:\\\/\\\/www.bellunopress.it\\\/2025\\\/05\\\/08\\\/referendum-8-e-9-giugno-oggi-e-domani-la-mobilitazione-della-rete-degli-studenti-medi-del-veneto\\\/\"]}]},{\"@type\":\"ImageObject\",\"inLanguage\":\"fr-FR\",\"@id\":\"https:\\\/\\\/www.bellunopress.it\\\/2025\\\/05\\\/08\\\/referendum-8-e-9-giugno-oggi-e-domani-la-mobilitazione-della-rete-degli-studenti-medi-del-veneto\\\/#primaryimage\",\"url\":\"https:\\\/\\\/www.bellunopress.it\\\/wp-content\\\/uploads\\\/2025\\\/04\\\/Rete-degli-Studenti-Medi.jpg\",\"contentUrl\":\"https:\\\/\\\/www.bellunopress.it\\\/wp-content\\\/uploads\\\/2025\\\/04\\\/Rete-degli-Studenti-Medi.jpg\",\"width\":662,\"height\":662},{\"@type\":\"BreadcrumbList\",\"@id\":\"https:\\\/\\\/www.bellunopress.it\\\/2025\\\/05\\\/08\\\/referendum-8-e-9-giugno-oggi-e-domani-la-mobilitazione-della-rete-degli-studenti-medi-del-veneto\\\/#breadcrumb\",\"itemListElement\":[{\"@type\":\"ListItem\",\"position\":1,\"name\":\"Home\",\"item\":\"https:\\\/\\\/www.bellunopress.it\\\/\"},{\"@type\":\"ListItem\",\"position\":2,\"name\":\"Referendum 8 e 9 giugno. Oggi e domani la mobilitazione della Rete degli studenti medi del Veneto\"}]},{\"@type\":\"WebSite\",\"@id\":\"https:\\\/\\\/www.bellunopress.it\\\/#website\",\"url\":\"https:\\\/\\\/www.bellunopress.it\\\/\",\"name\":\"Bellunopress - Dolomiti\",\"description\":\"e-mail: redazione@bellunopress.it\",\"publisher\":{\"@id\":\"https:\\\/\\\/www.bellunopress.it\\\/#organization\"},\"potentialAction\":[{\"@type\":\"SearchAction\",\"target\":{\"@type\":\"EntryPoint\",\"urlTemplate\":\"https:\\\/\\\/www.bellunopress.it\\\/?s={search_term_string}\"},\"query-input\":{\"@type\":\"PropertyValueSpecification\",\"valueRequired\":true,\"valueName\":\"search_term_string\"}}],\"inLanguage\":\"fr-FR\"},{\"@type\":\"Organization\",\"@id\":\"https:\\\/\\\/www.bellunopress.it\\\/#organization\",\"name\":\"Bellunopress\",\"url\":\"https:\\\/\\\/www.bellunopress.it\\\/\",\"logo\":{\"@type\":\"ImageObject\",\"inLanguage\":\"fr-FR\",\"@id\":\"https:\\\/\\\/www.bellunopress.it\\\/#\\\/schema\\\/logo\\\/image\\\/\",\"url\":\"https:\\\/\\\/www.bellunopress.it\\\/wp-content\\\/uploads\\\/2011\\\/05\\\/cropped-logo-bellunopress-.jpg\",\"contentUrl\":\"https:\\\/\\\/www.bellunopress.it\\\/wp-content\\\/uploads\\\/2011\\\/05\\\/cropped-logo-bellunopress-.jpg\",\"width\":512,\"height\":512,\"caption\":\"Bellunopress\"},\"image\":{\"@id\":\"https:\\\/\\\/www.bellunopress.it\\\/#\\\/schema\\\/logo\\\/image\\\/\"},\"sameAs\":[\"https:\\\/\\\/www.facebook.com\\\/profile.php?id=100008943462799\",\"https:\\\/\\\/x.com\\\/bellunopress\",\"https:\\\/\\\/www.linkedin.com\\\/hp\\\/?dnr=JBzUWaJfMUw8vbXJJ2tVW5-I3jZKvC4wsoxE&amp;amp;amp;amp;amp;amp;trk=nav_responsive_tab_home\",\"https:\\\/\\\/www.youtube.com\\\/channel\\\/UCxL0wu1uN0_3_7hGG0306cw\"]},{\"@type\":\"Person\",\"@id\":\"https:\\\/\\\/www.bellunopress.it\\\/#\\\/schema\\\/person\\\/79bb06722b37ece1c03d3e94beb30d73\",\"name\":\"redazione\",\"image\":{\"@type\":\"ImageObject\",\"inLanguage\":\"fr-FR\",\"@id\":\"https:\\\/\\\/secure.gravatar.com\\\/avatar\\\/37d968a2e67a6fd04c169c4bdef102d0bc5d31b2546345219e348575eb80e9a0?s=96&d=mm&r=g\",\"url\":\"https:\\\/\\\/secure.gravatar.com\\\/avatar\\\/37d968a2e67a6fd04c169c4bdef102d0bc5d31b2546345219e348575eb80e9a0?s=96&d=mm&r=g\",\"contentUrl\":\"https:\\\/\\\/secure.gravatar.com\\\/avatar\\\/37d968a2e67a6fd04c169c4bdef102d0bc5d31b2546345219e348575eb80e9a0?s=96&d=mm&r=g\",\"caption\":\"redazione\"},\"sameAs\":[\"http:\\\/\\\/www.bellunopress.it\",\"https:\\\/\\\/x.com\\\/bellunopress\"],\"url\":\"https:\\\/\\\/www.bellunopress.it\\\/fr\\\/author\\\/redazione\\\/\"}]}<\/script>\n<!-- \/ Yoast SEO plugin. -->","yoast_head_json":{"title":"Referendum 8 e 9 giugno. Oggi e domani la mobilitazione della Rete degli studenti medi del Veneto - Bellunopress - Dolomiti","robots":{"index":"index","follow":"follow","max-snippet":"max-snippet:-1","max-image-preview":"max-image-preview:large","max-video-preview":"max-video-preview:-1"},"canonical":"https:\/\/www.bellunopress.it\/fr\/2025\/05\/08\/referendum-8-e-9-giugno-oggi-e-domani-la-mobilitazione-della-rete-degli-studenti-medi-del-veneto\/","og_locale":"fr_FR","og_type":"article","og_title":"Referendum 8 e 9 giugno. Oggi e domani la mobilitazione della Rete degli studenti medi del Veneto - Bellunopress - Dolomiti","og_description":"A un mese dai referendum su lavoro e cittadinanza, gli studenti scendono in strada per informare e sensibilizzare L\u20198 e il 9 maggio, gli studenti della Rete degli Studenti Medi del Veneto daranno vita a una mobilitazione diffusa davanti alle scuole superiori di tutta la regione. L&#8217;obiettivo \u00e8 chiaro: denunciare le condizioni precarie del presente [&hellip;]","og_url":"https:\/\/www.bellunopress.it\/fr\/2025\/05\/08\/referendum-8-e-9-giugno-oggi-e-domani-la-mobilitazione-della-rete-degli-studenti-medi-del-veneto\/","og_site_name":"Bellunopress - Dolomiti","article_publisher":"https:\/\/www.facebook.com\/profile.php?id=100008943462799","article_published_time":"2025-05-08T04:50:22+00:00","og_image":[{"width":662,"height":662,"url":"https:\/\/www.bellunopress.it\/wp-content\/uploads\/2025\/04\/Rete-degli-Studenti-Medi.jpg","type":"image\/jpeg"}],"author":"redazione","twitter_card":"summary_large_image","twitter_creator":"@bellunopress","twitter_site":"@bellunopress","twitter_misc":{"\u00c9crit par":"redazione","Dur\u00e9e de lecture estim\u00e9e":"1 minute"},"schema":{"@context":"https:\/\/schema.org","@graph":[{"@type":"Article","@id":"https:\/\/www.bellunopress.it\/2025\/05\/08\/referendum-8-e-9-giugno-oggi-e-domani-la-mobilitazione-della-rete-degli-studenti-medi-del-veneto\/#article","isPartOf":{"@id":"https:\/\/www.bellunopress.it\/2025\/05\/08\/referendum-8-e-9-giugno-oggi-e-domani-la-mobilitazione-della-rete-degli-studenti-medi-del-veneto\/"},"author":{"name":"redazione","@id":"https:\/\/www.bellunopress.it\/#\/schema\/person\/79bb06722b37ece1c03d3e94beb30d73"},"headline":"Referendum 8 e 9 giugno. Oggi e domani la mobilitazione della Rete degli studenti medi del Veneto","datePublished":"2025-05-08T04:50:22+00:00","mainEntityOfPage":{"@id":"https:\/\/www.bellunopress.it\/2025\/05\/08\/referendum-8-e-9-giugno-oggi-e-domani-la-mobilitazione-della-rete-degli-studenti-medi-del-veneto\/"},"wordCount":282,"publisher":{"@id":"https:\/\/www.bellunopress.it\/#organization"},"image":{"@id":"https:\/\/www.bellunopress.it\/2025\/05\/08\/referendum-8-e-9-giugno-oggi-e-domani-la-mobilitazione-della-rete-degli-studenti-medi-del-veneto\/#primaryimage"},"thumbnailUrl":"https:\/\/www.bellunopress.it\/wp-content\/uploads\/2025\/04\/Rete-degli-Studenti-Medi.jpg","articleSection":["Prima Pagina","Scuola"],"inLanguage":"fr-FR"},{"@type":"WebPage","@id":"https:\/\/www.bellunopress.it\/2025\/05\/08\/referendum-8-e-9-giugno-oggi-e-domani-la-mobilitazione-della-rete-degli-studenti-medi-del-veneto\/","url":"https:\/\/www.bellunopress.it\/2025\/05\/08\/referendum-8-e-9-giugno-oggi-e-domani-la-mobilitazione-della-rete-degli-studenti-medi-del-veneto\/","name":"Referendum 8 e 9 giugno. Oggi e domani la mobilitazione della Rete degli studenti medi del Veneto - Bellunopress - Dolomiti","isPartOf":{"@id":"https:\/\/www.bellunopress.it\/#website"},"primaryImageOfPage":{"@id":"https:\/\/www.bellunopress.it\/2025\/05\/08\/referendum-8-e-9-giugno-oggi-e-domani-la-mobilitazione-della-rete-degli-studenti-medi-del-veneto\/#primaryimage"},"image":{"@id":"https:\/\/www.bellunopress.it\/2025\/05\/08\/referendum-8-e-9-giugno-oggi-e-domani-la-mobilitazione-della-rete-degli-studenti-medi-del-veneto\/#primaryimage"},"thumbnailUrl":"https:\/\/www.bellunopress.it\/wp-content\/uploads\/2025\/04\/Rete-degli-Studenti-Medi.jpg","datePublished":"2025-05-08T04:50:22+00:00","breadcrumb":{"@id":"https:\/\/www.bellunopress.it\/2025\/05\/08\/referendum-8-e-9-giugno-oggi-e-domani-la-mobilitazione-della-rete-degli-studenti-medi-del-veneto\/#breadcrumb"},"inLanguage":"fr-FR","potentialAction":[{"@type":"ReadAction","target":["https:\/\/www.bellunopress.it\/2025\/05\/08\/referendum-8-e-9-giugno-oggi-e-domani-la-mobilitazione-della-rete-degli-studenti-medi-del-veneto\/"]}]},{"@type":"ImageObject","inLanguage":"fr-FR","@id":"https:\/\/www.bellunopress.it\/2025\/05\/08\/referendum-8-e-9-giugno-oggi-e-domani-la-mobilitazione-della-rete-degli-studenti-medi-del-veneto\/#primaryimage","url":"https:\/\/www.bellunopress.it\/wp-content\/uploads\/2025\/04\/Rete-degli-Studenti-Medi.jpg","contentUrl":"https:\/\/www.bellunopress.it\/wp-content\/uploads\/2025\/04\/Rete-degli-Studenti-Medi.jpg","width":662,"height":662},{"@type":"BreadcrumbList","@id":"https:\/\/www.bellunopress.it\/2025\/05\/08\/referendum-8-e-9-giugno-oggi-e-domani-la-mobilitazione-della-rete-degli-studenti-medi-del-veneto\/#breadcrumb","itemListElement":[{"@type":"ListItem","position":1,"name":"Home","item":"https:\/\/www.bellunopress.it\/"},{"@type":"ListItem","position":2,"name":"Referendum 8 e 9 giugno. Oggi e domani la mobilitazione della Rete degli studenti medi del Veneto"}]},{"@type":"WebSite","@id":"https:\/\/www.bellunopress.it\/#website","url":"https:\/\/www.bellunopress.it\/","name":"Bellunopress - Dolomiti","description":"e-mail: redazione@bellunopress.it","publisher":{"@id":"https:\/\/www.bellunopress.it\/#organization"},"potentialAction":[{"@type":"SearchAction","target":{"@type":"EntryPoint","urlTemplate":"https:\/\/www.bellunopress.it\/?s={search_term_string}"},"query-input":{"@type":"PropertyValueSpecification","valueRequired":true,"valueName":"search_term_string"}}],"inLanguage":"fr-FR"},{"@type":"Organization","@id":"https:\/\/www.bellunopress.it\/#organization","name":"Bellunopress","url":"https:\/\/www.bellunopress.it\/","logo":{"@type":"ImageObject","inLanguage":"fr-FR","@id":"https:\/\/www.bellunopress.it\/#\/schema\/logo\/image\/","url":"https:\/\/www.bellunopress.it\/wp-content\/uploads\/2011\/05\/cropped-logo-bellunopress-.jpg","contentUrl":"https:\/\/www.bellunopress.it\/wp-content\/uploads\/2011\/05\/cropped-logo-bellunopress-.jpg","width":512,"height":512,"caption":"Bellunopress"},"image":{"@id":"https:\/\/www.bellunopress.it\/#\/schema\/logo\/image\/"},"sameAs":["https:\/\/www.facebook.com\/profile.php?id=100008943462799","https:\/\/x.com\/bellunopress","https:\/\/www.linkedin.com\/hp\/?dnr=JBzUWaJfMUw8vbXJJ2tVW5-I3jZKvC4wsoxE&amp;amp;amp;amp;amp;amp;trk=nav_responsive_tab_home","https:\/\/www.youtube.com\/channel\/UCxL0wu1uN0_3_7hGG0306cw"]},{"@type":"Person","@id":"https:\/\/www.bellunopress.it\/#\/schema\/person\/79bb06722b37ece1c03d3e94beb30d73","name":"r\u00e9daction","image":{"@type":"ImageObject","inLanguage":"fr-FR","@id":"https:\/\/secure.gravatar.com\/avatar\/37d968a2e67a6fd04c169c4bdef102d0bc5d31b2546345219e348575eb80e9a0?s=96&d=mm&r=g","url":"https:\/\/secure.gravatar.com\/avatar\/37d968a2e67a6fd04c169c4bdef102d0bc5d31b2546345219e348575eb80e9a0?s=96&d=mm&r=g","contentUrl":"https:\/\/secure.gravatar.com\/avatar\/37d968a2e67a6fd04c169c4bdef102d0bc5d31b2546345219e348575eb80e9a0?s=96&d=mm&r=g","caption":"redazione"},"sameAs":["http:\/\/www.bellunopress.it","https:\/\/x.com\/bellunopress"],"url":"https:\/\/www.bellunopress.it\/fr\/author\/redazione\/"}]}},"_links":{"self":[{"href":"https:\/\/www.bellunopress.it\/fr\/wp-json\/wp\/v2\/posts\/160055","targetHints":{"allow":["GET"]}}],"collection":[{"href":"https:\/\/www.bellunopress.it\/fr\/wp-json\/wp\/v2\/posts"}],"about":[{"href":"https:\/\/www.bellunopress.it\/fr\/wp-json\/wp\/v2\/types\/post"}],"author":[{"embeddable":true,"href":"https:\/\/www.bellunopress.it\/fr\/wp-json\/wp\/v2\/users\/2"}],"replies":[{"embeddable":true,"href":"https:\/\/www.bellunopress.it\/fr\/wp-json\/wp\/v2\/comments?post=160055"}],"version-history":[{"count":1,"href":"https:\/\/www.bellunopress.it\/fr\/wp-json\/wp\/v2\/posts\/160055\/revisions"}],"predecessor-version":[{"id":160056,"href":"https:\/\/www.bellunopress.it\/fr\/wp-json\/wp\/v2\/posts\/160055\/revisions\/160056"}],"wp:featuredmedia":[{"embeddable":true,"href":"https:\/\/www.bellunopress.it\/fr\/wp-json\/wp\/v2\/media\/159106"}],"wp:attachment":[{"href":"https:\/\/www.bellunopress.it\/fr\/wp-json\/wp\/v2\/media?parent=160055"}],"wp:term":[{"taxonomy":"category","embeddable":true,"href":"https:\/\/www.bellunopress.it\/fr\/wp-json\/wp\/v2\/categories?post=160055"},{"taxonomy":"post_tag","embeddable":true,"href":"https:\/\/www.bellunopress.it\/fr\/wp-json\/wp\/v2\/tags?post=160055"}],"curies":[{"name":"wp","href":"https:\/\/api.w.org\/{rel}","templated":true}]}}