{"id":160049,"date":"2025-05-07T14:27:57","date_gmt":"2025-05-07T12:27:57","guid":{"rendered":"https:\/\/www.bellunopress.it\/?p=160049"},"modified":"2025-05-07T14:27:57","modified_gmt":"2025-05-07T12:27:57","slug":"commozione-e-riconoscimento-a-domegge-di-cadore-consegnate-le-borse-di-studio-in-memoria-dellagente-giordano-coffen","status":"publish","type":"post","link":"https:\/\/www.bellunopress.it\/fr\/2025\/05\/07\/commozione-e-riconoscimento-a-domegge-di-cadore-consegnate-le-borse-di-studio-in-memoria-dellagente-giordano-coffen\/","title":{"rendered":"Commozione e riconoscimento a Domegge di Cadore: consegnate le borse di studio in memoria dell\u2019agente Giordano Coffen"},"content":{"rendered":"<figure id=\"attachment_160050\" aria-describedby=\"caption-attachment-160050\" style=\"width: 1000px\" class=\"wp-caption aligncenter\"><img loading=\"lazy\" decoding=\"async\" class=\"size-full wp-image-160050\" src=\"https:\/\/www.bellunopress.it\/wp-content\/uploads\/2025\/05\/commemorazione-agente-Giordano-Coffen-Domegge.jpg\" alt=\"\" width=\"1000\" height=\"713\" srcset=\"https:\/\/www.bellunopress.it\/wp-content\/uploads\/2025\/05\/commemorazione-agente-Giordano-Coffen-Domegge.jpg 1000w, https:\/\/www.bellunopress.it\/wp-content\/uploads\/2025\/05\/commemorazione-agente-Giordano-Coffen-Domegge-500x357.jpg 500w, https:\/\/www.bellunopress.it\/wp-content\/uploads\/2025\/05\/commemorazione-agente-Giordano-Coffen-Domegge-589x420.jpg 589w, https:\/\/www.bellunopress.it\/wp-content\/uploads\/2025\/05\/commemorazione-agente-Giordano-Coffen-Domegge-696x496.jpg 696w\" sizes=\"auto, (max-width: 1000px) 100vw, 1000px\" \/><figcaption id=\"caption-attachment-160050\" class=\"wp-caption-text\">Domegge, 6 maggio 2025. Commemorazione agente Giordano Coffen<\/figcaption><\/figure>\n<p class=\"\" data-start=\"123\" data-end=\"472\">Domegge di Cadore, 7 maggio 2025 \u2013 Nella mattinata di ieri la Sala Consiliare del Comune di Domegge di Cadore ha ospitato una sentita cerimonia di premiazione dedicata alla memoria dell\u2019agente Giordano Coffen, vittima del dovere caduto in servizio a Padova il 5 aprile 1991 durante un intervento per difendere cittadini coinvolti in una violenta rapina.<\/p>\n<p class=\"\" data-start=\"474\" data-end=\"927\">Presenti all\u2019evento i genitori dell\u2019agente, Erminia e Valerio Coffen, insieme al prefetto di Belluno, Antonello Roccoberton, al questore di Belluno, Roberto Della Rocca, al vicesindaco di Domegge, Linda De Silvestro, nonch\u00e9 rappresentanti delle forze dell\u2019ordine locali, tra cui il comandante della Guardia di Finanza di Domegge, funzionari della Questura di Belluno, del Commissariato di Cortina e della Stazione dei Carabinieri di Domegge.<\/p>\n<p class=\"\" data-start=\"929\" data-end=\"1269\">La cerimonia si \u00e8 aperta con un momento commemorativo: don Simone Ballis ha guidato una preghiera in ricordo dell\u2019agente Coffen, seguito dalla deposizione di un omaggio floreale inviato dal Capo della Polizia, prefetto Vittorio Pisani, a sottolineare il rispetto e la riconoscenza dell\u2019intero Corpo per il sacrificio del giovane poliziotto.<\/p>\n<p class=\"\" data-start=\"1271\" data-end=\"1654\">A precedere la consegna delle borse di studio, sono intervenuti il vicesindaco, il prefetto e il questore di Belluno. Proprio quest\u2019ultimo ha rivolto un commosso discorso ai presenti, ricordando il coraggio e l\u2019altruismo di Coffen e invitando i giovani agenti in servizio a farsi ispirare dal suo esempio di dedizione assoluta alla divisa e alla missione di protezione dei cittadini.<\/p>\n<p class=\"\" data-start=\"1656\" data-end=\"2013\">Le borse di studio, istituite per premiare l\u2019impegno scolastico e il valore civico, sono state conferite a quattro giovani studentesse: Nicole Casagrande della scuola secondaria di primo grado di Domegge; Roberta Quariglio e Beatrice Calligaro della scuola secondaria di secondo grado; e Ferigo Maria Giovanna per il merito conseguito all\u2019esame di maturit\u00e0.<\/p>\n<p class=\"\" data-start=\"2015\" data-end=\"2212\">Una cerimonia sobria, ma carica di significato, che ha voluto trasmettere alle nuove generazioni il messaggio eterno di un sacrificio compiuto nel nome della giustizia e della sicurezza collettiva.<\/p>","protected":false},"excerpt":{"rendered":"<p>Domegge di Cadore, 7 maggio 2025 \u2013 Nella mattinata di ieri la Sala Consiliare del Comune di Domegge di Cadore ha ospitato una sentita cerimonia di premiazione dedicata alla memoria dell\u2019agente Giordano Coffen, vittima del dovere caduto in servizio a Padova il 5 aprile 1991 durante un intervento per difendere cittadini coinvolti in una violenta [&hellip;]<\/p>\n","protected":false},"author":2,"featured_media":160050,"comment_status":"closed","ping_status":"open","sticky":false,"template":"","format":"standard","meta":{"footnotes":""},"categories":[26,8],"tags":[],"class_list":["post-160049","post","type-post","status-publish","format-standard","has-post-thumbnail","category-prima-pagina","category-societa-istituzioni"],"yoast_head":"<!-- This site is optimized with the Yoast SEO plugin v28.4 - https:\/\/yoast.com\/product\/yoast-seo-wordpress\/ -->\n<title>Commozione e riconoscimento a Domegge di Cadore: consegnate le borse di studio in memoria dell\u2019agente Giordano Coffen - Bellunopress - Dolomiti<\/title>\n<meta name=\"robots\" content=\"index, follow, max-snippet:-1, max-image-preview:large, max-video-preview:-1\" \/>\n<link rel=\"canonical\" href=\"https:\/\/www.bellunopress.it\/fr\/2025\/05\/07\/commozione-e-riconoscimento-a-domegge-di-cadore-consegnate-le-borse-di-studio-in-memoria-dellagente-giordano-coffen\/\" \/>\n<meta property=\"og:locale\" content=\"fr_FR\" \/>\n<meta property=\"og:type\" content=\"article\" \/>\n<meta property=\"og:title\" content=\"Commozione e riconoscimento a Domegge di Cadore: consegnate le borse di studio in memoria dell\u2019agente Giordano Coffen - Bellunopress - Dolomiti\" \/>\n<meta property=\"og:description\" content=\"Domegge di Cadore, 7 maggio 2025 \u2013 Nella mattinata di ieri la Sala Consiliare del Comune di Domegge di Cadore ha ospitato una sentita cerimonia di premiazione dedicata alla memoria dell\u2019agente Giordano Coffen, vittima del dovere caduto in servizio a Padova il 5 aprile 1991 durante un intervento per difendere cittadini coinvolti in una violenta [&hellip;]\" \/>\n<meta property=\"og:url\" content=\"https:\/\/www.bellunopress.it\/fr\/2025\/05\/07\/commozione-e-riconoscimento-a-domegge-di-cadore-consegnate-le-borse-di-studio-in-memoria-dellagente-giordano-coffen\/\" \/>\n<meta property=\"og:site_name\" content=\"Bellunopress - Dolomiti\" \/>\n<meta property=\"article:publisher\" content=\"https:\/\/www.facebook.com\/profile.php?id=100008943462799\" \/>\n<meta property=\"article:published_time\" content=\"2025-05-07T12:27:57+00:00\" \/>\n<meta property=\"og:image\" content=\"https:\/\/www.bellunopress.it\/wp-content\/uploads\/2025\/05\/commemorazione-agente-Giordano-Coffen-Domegge.jpg\" \/>\n\t<meta property=\"og:image:width\" content=\"1000\" \/>\n\t<meta property=\"og:image:height\" content=\"713\" \/>\n\t<meta property=\"og:image:type\" content=\"image\/jpeg\" \/>\n<meta name=\"author\" content=\"redazione\" \/>\n<meta name=\"twitter:card\" content=\"summary_large_image\" \/>\n<meta name=\"twitter:creator\" content=\"@bellunopress\" \/>\n<meta name=\"twitter:site\" content=\"@bellunopress\" \/>\n<meta name=\"twitter:label1\" content=\"\u00c9crit par\" \/>\n\t<meta name=\"twitter:data1\" content=\"redazione\" \/>\n\t<meta name=\"twitter:label2\" content=\"Dur\u00e9e de lecture estim\u00e9e\" \/>\n\t<meta name=\"twitter:data2\" content=\"2 minutes\" \/>\n<script type=\"application\/ld+json\" class=\"yoast-schema-graph\">{\"@context\":\"https:\\\/\\\/schema.org\",\"@graph\":[{\"@type\":\"Article\",\"@id\":\"https:\\\/\\\/www.bellunopress.it\\\/2025\\\/05\\\/07\\\/commozione-e-riconoscimento-a-domegge-di-cadore-consegnate-le-borse-di-studio-in-memoria-dellagente-giordano-coffen\\\/#article\",\"isPartOf\":{\"@id\":\"https:\\\/\\\/www.bellunopress.it\\\/2025\\\/05\\\/07\\\/commozione-e-riconoscimento-a-domegge-di-cadore-consegnate-le-borse-di-studio-in-memoria-dellagente-giordano-coffen\\\/\"},\"author\":{\"name\":\"redazione\",\"@id\":\"https:\\\/\\\/www.bellunopress.it\\\/#\\\/schema\\\/person\\\/79bb06722b37ece1c03d3e94beb30d73\"},\"headline\":\"Commozione e riconoscimento a Domegge di Cadore: consegnate le borse di studio in memoria dell\u2019agente Giordano Coffen\",\"datePublished\":\"2025-05-07T12:27:57+00:00\",\"mainEntityOfPage\":{\"@id\":\"https:\\\/\\\/www.bellunopress.it\\\/2025\\\/05\\\/07\\\/commozione-e-riconoscimento-a-domegge-di-cadore-consegnate-le-borse-di-studio-in-memoria-dellagente-giordano-coffen\\\/\"},\"wordCount\":344,\"publisher\":{\"@id\":\"https:\\\/\\\/www.bellunopress.it\\\/#organization\"},\"image\":{\"@id\":\"https:\\\/\\\/www.bellunopress.it\\\/2025\\\/05\\\/07\\\/commozione-e-riconoscimento-a-domegge-di-cadore-consegnate-le-borse-di-studio-in-memoria-dellagente-giordano-coffen\\\/#primaryimage\"},\"thumbnailUrl\":\"https:\\\/\\\/www.bellunopress.it\\\/wp-content\\\/uploads\\\/2025\\\/05\\\/commemorazione-agente-Giordano-Coffen-Domegge.jpg\",\"articleSection\":[\"Prima Pagina\",\"Societ\u00e0, Associazioni, Istituzioni\"],\"inLanguage\":\"fr-FR\"},{\"@type\":\"WebPage\",\"@id\":\"https:\\\/\\\/www.bellunopress.it\\\/2025\\\/05\\\/07\\\/commozione-e-riconoscimento-a-domegge-di-cadore-consegnate-le-borse-di-studio-in-memoria-dellagente-giordano-coffen\\\/\",\"url\":\"https:\\\/\\\/www.bellunopress.it\\\/2025\\\/05\\\/07\\\/commozione-e-riconoscimento-a-domegge-di-cadore-consegnate-le-borse-di-studio-in-memoria-dellagente-giordano-coffen\\\/\",\"name\":\"Commozione e riconoscimento a Domegge di Cadore: consegnate le borse di studio in memoria dell\u2019agente Giordano Coffen - Bellunopress - Dolomiti\",\"isPartOf\":{\"@id\":\"https:\\\/\\\/www.bellunopress.it\\\/#website\"},\"primaryImageOfPage\":{\"@id\":\"https:\\\/\\\/www.bellunopress.it\\\/2025\\\/05\\\/07\\\/commozione-e-riconoscimento-a-domegge-di-cadore-consegnate-le-borse-di-studio-in-memoria-dellagente-giordano-coffen\\\/#primaryimage\"},\"image\":{\"@id\":\"https:\\\/\\\/www.bellunopress.it\\\/2025\\\/05\\\/07\\\/commozione-e-riconoscimento-a-domegge-di-cadore-consegnate-le-borse-di-studio-in-memoria-dellagente-giordano-coffen\\\/#primaryimage\"},\"thumbnailUrl\":\"https:\\\/\\\/www.bellunopress.it\\\/wp-content\\\/uploads\\\/2025\\\/05\\\/commemorazione-agente-Giordano-Coffen-Domegge.jpg\",\"datePublished\":\"2025-05-07T12:27:57+00:00\",\"breadcrumb\":{\"@id\":\"https:\\\/\\\/www.bellunopress.it\\\/2025\\\/05\\\/07\\\/commozione-e-riconoscimento-a-domegge-di-cadore-consegnate-le-borse-di-studio-in-memoria-dellagente-giordano-coffen\\\/#breadcrumb\"},\"inLanguage\":\"fr-FR\",\"potentialAction\":[{\"@type\":\"ReadAction\",\"target\":[\"https:\\\/\\\/www.bellunopress.it\\\/2025\\\/05\\\/07\\\/commozione-e-riconoscimento-a-domegge-di-cadore-consegnate-le-borse-di-studio-in-memoria-dellagente-giordano-coffen\\\/\"]}]},{\"@type\":\"ImageObject\",\"inLanguage\":\"fr-FR\",\"@id\":\"https:\\\/\\\/www.bellunopress.it\\\/2025\\\/05\\\/07\\\/commozione-e-riconoscimento-a-domegge-di-cadore-consegnate-le-borse-di-studio-in-memoria-dellagente-giordano-coffen\\\/#primaryimage\",\"url\":\"https:\\\/\\\/www.bellunopress.it\\\/wp-content\\\/uploads\\\/2025\\\/05\\\/commemorazione-agente-Giordano-Coffen-Domegge.jpg\",\"contentUrl\":\"https:\\\/\\\/www.bellunopress.it\\\/wp-content\\\/uploads\\\/2025\\\/05\\\/commemorazione-agente-Giordano-Coffen-Domegge.jpg\",\"width\":1000,\"height\":713,\"caption\":\"Domegge, 6 maggio 2025. Commemorazione agente Giordano Coffen\"},{\"@type\":\"BreadcrumbList\",\"@id\":\"https:\\\/\\\/www.bellunopress.it\\\/2025\\\/05\\\/07\\\/commozione-e-riconoscimento-a-domegge-di-cadore-consegnate-le-borse-di-studio-in-memoria-dellagente-giordano-coffen\\\/#breadcrumb\",\"itemListElement\":[{\"@type\":\"ListItem\",\"position\":1,\"name\":\"Home\",\"item\":\"https:\\\/\\\/www.bellunopress.it\\\/\"},{\"@type\":\"ListItem\",\"position\":2,\"name\":\"Commozione e riconoscimento a Domegge di Cadore: consegnate le borse di studio in memoria dell\u2019agente Giordano Coffen\"}]},{\"@type\":\"WebSite\",\"@id\":\"https:\\\/\\\/www.bellunopress.it\\\/#website\",\"url\":\"https:\\\/\\\/www.bellunopress.it\\\/\",\"name\":\"Bellunopress - Dolomiti\",\"description\":\"e-mail: redazione@bellunopress.it\",\"publisher\":{\"@id\":\"https:\\\/\\\/www.bellunopress.it\\\/#organization\"},\"potentialAction\":[{\"@type\":\"SearchAction\",\"target\":{\"@type\":\"EntryPoint\",\"urlTemplate\":\"https:\\\/\\\/www.bellunopress.it\\\/?s={search_term_string}\"},\"query-input\":{\"@type\":\"PropertyValueSpecification\",\"valueRequired\":true,\"valueName\":\"search_term_string\"}}],\"inLanguage\":\"fr-FR\"},{\"@type\":\"Organization\",\"@id\":\"https:\\\/\\\/www.bellunopress.it\\\/#organization\",\"name\":\"Bellunopress\",\"url\":\"https:\\\/\\\/www.bellunopress.it\\\/\",\"logo\":{\"@type\":\"ImageObject\",\"inLanguage\":\"fr-FR\",\"@id\":\"https:\\\/\\\/www.bellunopress.it\\\/#\\\/schema\\\/logo\\\/image\\\/\",\"url\":\"https:\\\/\\\/www.bellunopress.it\\\/wp-content\\\/uploads\\\/2011\\\/05\\\/cropped-logo-bellunopress-.jpg\",\"contentUrl\":\"https:\\\/\\\/www.bellunopress.it\\\/wp-content\\\/uploads\\\/2011\\\/05\\\/cropped-logo-bellunopress-.jpg\",\"width\":512,\"height\":512,\"caption\":\"Bellunopress\"},\"image\":{\"@id\":\"https:\\\/\\\/www.bellunopress.it\\\/#\\\/schema\\\/logo\\\/image\\\/\"},\"sameAs\":[\"https:\\\/\\\/www.facebook.com\\\/profile.php?id=100008943462799\",\"https:\\\/\\\/x.com\\\/bellunopress\",\"https:\\\/\\\/www.linkedin.com\\\/hp\\\/?dnr=JBzUWaJfMUw8vbXJJ2tVW5-I3jZKvC4wsoxE&amp;amp;amp;amp;amp;amp;trk=nav_responsive_tab_home\",\"https:\\\/\\\/www.youtube.com\\\/channel\\\/UCxL0wu1uN0_3_7hGG0306cw\"]},{\"@type\":\"Person\",\"@id\":\"https:\\\/\\\/www.bellunopress.it\\\/#\\\/schema\\\/person\\\/79bb06722b37ece1c03d3e94beb30d73\",\"name\":\"redazione\",\"image\":{\"@type\":\"ImageObject\",\"inLanguage\":\"fr-FR\",\"@id\":\"https:\\\/\\\/secure.gravatar.com\\\/avatar\\\/37d968a2e67a6fd04c169c4bdef102d0bc5d31b2546345219e348575eb80e9a0?s=96&d=mm&r=g\",\"url\":\"https:\\\/\\\/secure.gravatar.com\\\/avatar\\\/37d968a2e67a6fd04c169c4bdef102d0bc5d31b2546345219e348575eb80e9a0?s=96&d=mm&r=g\",\"contentUrl\":\"https:\\\/\\\/secure.gravatar.com\\\/avatar\\\/37d968a2e67a6fd04c169c4bdef102d0bc5d31b2546345219e348575eb80e9a0?s=96&d=mm&r=g\",\"caption\":\"redazione\"},\"sameAs\":[\"http:\\\/\\\/www.bellunopress.it\",\"https:\\\/\\\/x.com\\\/bellunopress\"],\"url\":\"https:\\\/\\\/www.bellunopress.it\\\/fr\\\/author\\\/redazione\\\/\"}]}<\/script>\n<!-- \/ Yoast SEO plugin. -->","yoast_head_json":{"title":"Commozione e riconoscimento a Domegge di Cadore: consegnate le borse di studio in memoria dell\u2019agente Giordano Coffen - Bellunopress - Dolomiti","robots":{"index":"index","follow":"follow","max-snippet":"max-snippet:-1","max-image-preview":"max-image-preview:large","max-video-preview":"max-video-preview:-1"},"canonical":"https:\/\/www.bellunopress.it\/fr\/2025\/05\/07\/commozione-e-riconoscimento-a-domegge-di-cadore-consegnate-le-borse-di-studio-in-memoria-dellagente-giordano-coffen\/","og_locale":"fr_FR","og_type":"article","og_title":"Commozione e riconoscimento a Domegge di Cadore: consegnate le borse di studio in memoria dell\u2019agente Giordano Coffen - Bellunopress - Dolomiti","og_description":"Domegge di Cadore, 7 maggio 2025 \u2013 Nella mattinata di ieri la Sala Consiliare del Comune di Domegge di Cadore ha ospitato una sentita cerimonia di premiazione dedicata alla memoria dell\u2019agente Giordano Coffen, vittima del dovere caduto in servizio a Padova il 5 aprile 1991 durante un intervento per difendere cittadini coinvolti in una violenta [&hellip;]","og_url":"https:\/\/www.bellunopress.it\/fr\/2025\/05\/07\/commozione-e-riconoscimento-a-domegge-di-cadore-consegnate-le-borse-di-studio-in-memoria-dellagente-giordano-coffen\/","og_site_name":"Bellunopress - Dolomiti","article_publisher":"https:\/\/www.facebook.com\/profile.php?id=100008943462799","article_published_time":"2025-05-07T12:27:57+00:00","og_image":[{"width":1000,"height":713,"url":"https:\/\/www.bellunopress.it\/wp-content\/uploads\/2025\/05\/commemorazione-agente-Giordano-Coffen-Domegge.jpg","type":"image\/jpeg"}],"author":"redazione","twitter_card":"summary_large_image","twitter_creator":"@bellunopress","twitter_site":"@bellunopress","twitter_misc":{"\u00c9crit par":"redazione","Dur\u00e9e de lecture estim\u00e9e":"2 minutes"},"schema":{"@context":"https:\/\/schema.org","@graph":[{"@type":"Article","@id":"https:\/\/www.bellunopress.it\/2025\/05\/07\/commozione-e-riconoscimento-a-domegge-di-cadore-consegnate-le-borse-di-studio-in-memoria-dellagente-giordano-coffen\/#article","isPartOf":{"@id":"https:\/\/www.bellunopress.it\/2025\/05\/07\/commozione-e-riconoscimento-a-domegge-di-cadore-consegnate-le-borse-di-studio-in-memoria-dellagente-giordano-coffen\/"},"author":{"name":"redazione","@id":"https:\/\/www.bellunopress.it\/#\/schema\/person\/79bb06722b37ece1c03d3e94beb30d73"},"headline":"Commozione e riconoscimento a Domegge di Cadore: consegnate le borse di studio in memoria dell\u2019agente Giordano Coffen","datePublished":"2025-05-07T12:27:57+00:00","mainEntityOfPage":{"@id":"https:\/\/www.bellunopress.it\/2025\/05\/07\/commozione-e-riconoscimento-a-domegge-di-cadore-consegnate-le-borse-di-studio-in-memoria-dellagente-giordano-coffen\/"},"wordCount":344,"publisher":{"@id":"https:\/\/www.bellunopress.it\/#organization"},"image":{"@id":"https:\/\/www.bellunopress.it\/2025\/05\/07\/commozione-e-riconoscimento-a-domegge-di-cadore-consegnate-le-borse-di-studio-in-memoria-dellagente-giordano-coffen\/#primaryimage"},"thumbnailUrl":"https:\/\/www.bellunopress.it\/wp-content\/uploads\/2025\/05\/commemorazione-agente-Giordano-Coffen-Domegge.jpg","articleSection":["Prima Pagina","Societ\u00e0, Associazioni, Istituzioni"],"inLanguage":"fr-FR"},{"@type":"WebPage","@id":"https:\/\/www.bellunopress.it\/2025\/05\/07\/commozione-e-riconoscimento-a-domegge-di-cadore-consegnate-le-borse-di-studio-in-memoria-dellagente-giordano-coffen\/","url":"https:\/\/www.bellunopress.it\/2025\/05\/07\/commozione-e-riconoscimento-a-domegge-di-cadore-consegnate-le-borse-di-studio-in-memoria-dellagente-giordano-coffen\/","name":"Commozione e riconoscimento a Domegge di Cadore: consegnate le borse di studio in memoria dell\u2019agente Giordano Coffen - Bellunopress - Dolomiti","isPartOf":{"@id":"https:\/\/www.bellunopress.it\/#website"},"primaryImageOfPage":{"@id":"https:\/\/www.bellunopress.it\/2025\/05\/07\/commozione-e-riconoscimento-a-domegge-di-cadore-consegnate-le-borse-di-studio-in-memoria-dellagente-giordano-coffen\/#primaryimage"},"image":{"@id":"https:\/\/www.bellunopress.it\/2025\/05\/07\/commozione-e-riconoscimento-a-domegge-di-cadore-consegnate-le-borse-di-studio-in-memoria-dellagente-giordano-coffen\/#primaryimage"},"thumbnailUrl":"https:\/\/www.bellunopress.it\/wp-content\/uploads\/2025\/05\/commemorazione-agente-Giordano-Coffen-Domegge.jpg","datePublished":"2025-05-07T12:27:57+00:00","breadcrumb":{"@id":"https:\/\/www.bellunopress.it\/2025\/05\/07\/commozione-e-riconoscimento-a-domegge-di-cadore-consegnate-le-borse-di-studio-in-memoria-dellagente-giordano-coffen\/#breadcrumb"},"inLanguage":"fr-FR","potentialAction":[{"@type":"ReadAction","target":["https:\/\/www.bellunopress.it\/2025\/05\/07\/commozione-e-riconoscimento-a-domegge-di-cadore-consegnate-le-borse-di-studio-in-memoria-dellagente-giordano-coffen\/"]}]},{"@type":"ImageObject","inLanguage":"fr-FR","@id":"https:\/\/www.bellunopress.it\/2025\/05\/07\/commozione-e-riconoscimento-a-domegge-di-cadore-consegnate-le-borse-di-studio-in-memoria-dellagente-giordano-coffen\/#primaryimage","url":"https:\/\/www.bellunopress.it\/wp-content\/uploads\/2025\/05\/commemorazione-agente-Giordano-Coffen-Domegge.jpg","contentUrl":"https:\/\/www.bellunopress.it\/wp-content\/uploads\/2025\/05\/commemorazione-agente-Giordano-Coffen-Domegge.jpg","width":1000,"height":713,"caption":"Domegge, 6 maggio 2025. Commemorazione agente Giordano Coffen"},{"@type":"BreadcrumbList","@id":"https:\/\/www.bellunopress.it\/2025\/05\/07\/commozione-e-riconoscimento-a-domegge-di-cadore-consegnate-le-borse-di-studio-in-memoria-dellagente-giordano-coffen\/#breadcrumb","itemListElement":[{"@type":"ListItem","position":1,"name":"Home","item":"https:\/\/www.bellunopress.it\/"},{"@type":"ListItem","position":2,"name":"Commozione e riconoscimento a Domegge di Cadore: consegnate le borse di studio in memoria dell\u2019agente Giordano Coffen"}]},{"@type":"WebSite","@id":"https:\/\/www.bellunopress.it\/#website","url":"https:\/\/www.bellunopress.it\/","name":"Bellunopress - Dolomiti","description":"e-mail: redazione@bellunopress.it","publisher":{"@id":"https:\/\/www.bellunopress.it\/#organization"},"potentialAction":[{"@type":"SearchAction","target":{"@type":"EntryPoint","urlTemplate":"https:\/\/www.bellunopress.it\/?s={search_term_string}"},"query-input":{"@type":"PropertyValueSpecification","valueRequired":true,"valueName":"search_term_string"}}],"inLanguage":"fr-FR"},{"@type":"Organization","@id":"https:\/\/www.bellunopress.it\/#organization","name":"Bellunopress","url":"https:\/\/www.bellunopress.it\/","logo":{"@type":"ImageObject","inLanguage":"fr-FR","@id":"https:\/\/www.bellunopress.it\/#\/schema\/logo\/image\/","url":"https:\/\/www.bellunopress.it\/wp-content\/uploads\/2011\/05\/cropped-logo-bellunopress-.jpg","contentUrl":"https:\/\/www.bellunopress.it\/wp-content\/uploads\/2011\/05\/cropped-logo-bellunopress-.jpg","width":512,"height":512,"caption":"Bellunopress"},"image":{"@id":"https:\/\/www.bellunopress.it\/#\/schema\/logo\/image\/"},"sameAs":["https:\/\/www.facebook.com\/profile.php?id=100008943462799","https:\/\/x.com\/bellunopress","https:\/\/www.linkedin.com\/hp\/?dnr=JBzUWaJfMUw8vbXJJ2tVW5-I3jZKvC4wsoxE&amp;amp;amp;amp;amp;amp;trk=nav_responsive_tab_home","https:\/\/www.youtube.com\/channel\/UCxL0wu1uN0_3_7hGG0306cw"]},{"@type":"Person","@id":"https:\/\/www.bellunopress.it\/#\/schema\/person\/79bb06722b37ece1c03d3e94beb30d73","name":"r\u00e9daction","image":{"@type":"ImageObject","inLanguage":"fr-FR","@id":"https:\/\/secure.gravatar.com\/avatar\/37d968a2e67a6fd04c169c4bdef102d0bc5d31b2546345219e348575eb80e9a0?s=96&d=mm&r=g","url":"https:\/\/secure.gravatar.com\/avatar\/37d968a2e67a6fd04c169c4bdef102d0bc5d31b2546345219e348575eb80e9a0?s=96&d=mm&r=g","contentUrl":"https:\/\/secure.gravatar.com\/avatar\/37d968a2e67a6fd04c169c4bdef102d0bc5d31b2546345219e348575eb80e9a0?s=96&d=mm&r=g","caption":"redazione"},"sameAs":["http:\/\/www.bellunopress.it","https:\/\/x.com\/bellunopress"],"url":"https:\/\/www.bellunopress.it\/fr\/author\/redazione\/"}]}},"_links":{"self":[{"href":"https:\/\/www.bellunopress.it\/fr\/wp-json\/wp\/v2\/posts\/160049","targetHints":{"allow":["GET"]}}],"collection":[{"href":"https:\/\/www.bellunopress.it\/fr\/wp-json\/wp\/v2\/posts"}],"about":[{"href":"https:\/\/www.bellunopress.it\/fr\/wp-json\/wp\/v2\/types\/post"}],"author":[{"embeddable":true,"href":"https:\/\/www.bellunopress.it\/fr\/wp-json\/wp\/v2\/users\/2"}],"replies":[{"embeddable":true,"href":"https:\/\/www.bellunopress.it\/fr\/wp-json\/wp\/v2\/comments?post=160049"}],"version-history":[{"count":1,"href":"https:\/\/www.bellunopress.it\/fr\/wp-json\/wp\/v2\/posts\/160049\/revisions"}],"predecessor-version":[{"id":160051,"href":"https:\/\/www.bellunopress.it\/fr\/wp-json\/wp\/v2\/posts\/160049\/revisions\/160051"}],"wp:featuredmedia":[{"embeddable":true,"href":"https:\/\/www.bellunopress.it\/fr\/wp-json\/wp\/v2\/media\/160050"}],"wp:attachment":[{"href":"https:\/\/www.bellunopress.it\/fr\/wp-json\/wp\/v2\/media?parent=160049"}],"wp:term":[{"taxonomy":"category","embeddable":true,"href":"https:\/\/www.bellunopress.it\/fr\/wp-json\/wp\/v2\/categories?post=160049"},{"taxonomy":"post_tag","embeddable":true,"href":"https:\/\/www.bellunopress.it\/fr\/wp-json\/wp\/v2\/tags?post=160049"}],"curies":[{"name":"wp","href":"https:\/\/api.w.org\/{rel}","templated":true}]}}