{"id":160047,"date":"2025-05-07T14:16:52","date_gmt":"2025-05-07T12:16:52","guid":{"rendered":"https:\/\/www.bellunopress.it\/?p=160047"},"modified":"2025-05-07T14:16:52","modified_gmt":"2025-05-07T12:16:52","slug":"declassamento-lupo-eurodeputata-guarda-che-fregatura-ora-meno-fondi-per-allevatori-e-coabitazione","status":"publish","type":"post","link":"https:\/\/www.bellunopress.it\/fr\/2025\/05\/07\/declassamento-lupo-eurodeputata-guarda-che-fregatura-ora-meno-fondi-per-allevatori-e-coabitazione\/","title":{"rendered":"Declassamento lupo. Eurodeputata Guarda: &#8220;Che fregatura, ora meno fondi per allevatori e coabitazione&#8221;"},"content":{"rendered":"<p>L&#8217;eurodeputata dei Verdi Cristina Guarda interviene in merito al declassamento del lupo, alla vigilia della votazione prevista domani alla Plenaria di Strasburgo tra le 12:00 e le 14:00.<\/p>\n<figure id=\"attachment_149752\" aria-describedby=\"caption-attachment-149752\" style=\"width: 699px\" class=\"wp-caption aligncenter\"><img loading=\"lazy\" decoding=\"async\" class=\"size-full wp-image-149752\" src=\"https:\/\/www.bellunopress.it\/wp-content\/uploads\/2024\/04\/Cristina-Guarda_edited.jpg\" alt=\"\" width=\"699\" height=\"937\" srcset=\"https:\/\/www.bellunopress.it\/wp-content\/uploads\/2024\/04\/Cristina-Guarda_edited.jpg 699w, https:\/\/www.bellunopress.it\/wp-content\/uploads\/2024\/04\/Cristina-Guarda_edited-373x500.jpg 373w, https:\/\/www.bellunopress.it\/wp-content\/uploads\/2024\/04\/Cristina-Guarda_edited-313x420.jpg 313w, https:\/\/www.bellunopress.it\/wp-content\/uploads\/2024\/04\/Cristina-Guarda_edited-696x933.jpg 696w\" sizes=\"auto, (max-width: 699px) 100vw, 699px\" \/><figcaption id=\"caption-attachment-149752\" class=\"wp-caption-text\">Cristina Guarda, eurodeputata<\/figcaption><\/figure>\n<p>&#8220;Come Verdi, continuiamo a difendere con fermezza il lupo e crediamo in un approccio rigorosamente scientifico per la convivenza con la fauna selvatica. Un approccio basato su interventi mirati \u2013 per esempio, accompagnando le specifiche esigenze di ciascun territorio e tipologia di allevamento \u2013 sarebbe la strada migliore per un equilibrio tra la natura e le attivit\u00e0 umane. Invece, il declassamento disperde risorse essenziali e scarica il peso delle conseguenze su chi gi\u00e0 oggi fatica a convivere con le sfide della presenza del lupo, a causa di scelte politiche miopi e strumentalizzate. Per questo, domani voteremo contro la proposta della Commissione europea sul declassamento, respingendo le balle raccontate dalle destre, da alcune categorie e dal mondo della caccia, che spacciano questo provvedimento come risolutivo,&#8221; dichiara Guarda.<\/p>\n<p>&#8220;Anche dopo il cambiamento di status da &#8220;strettamente protetto&#8221; a &#8220;protetto&#8221;, il lupo rimarr\u00e0 una specie tutelata e gli Stati membri saranno comunque tenuti a garantire adeguate misure di protezione,&#8221; sottolinea l&#8217;eurodeputata. &#8220;Tuttavia, le risorse per la prevenzione saranno destinate ad altre specie: altro che soluzione, \u00e8 un&#8217;autentica fregatura per gli allevatori e per le amministrazioni locali realmente impegnate nella gestione del lupo,&#8221; spiega Guarda. &#8220;Esiste un concreto rischio che le misure preventive perdano fondi fondamentali: i fondi LIFE, prioritari per le specie strettamente protette, potrebbero non essere pi\u00f9 accessibili, mentre i fondi PAC, seppur pi\u00f9 consistenti, rimangono subordinati alle scelte degli Stati membri. Questo spostamento di priorit\u00e0 rischia di compromettere gli investimenti a lungo termine nella gestione efficace della convivenza, lasciando gli allevatori e le comunit\u00e0 locali senza il sostegno economico necessario,&#8221; conclude l&#8217;eurodeputata.<\/p>","protected":false},"excerpt":{"rendered":"<p>L&#8217;eurodeputata dei Verdi Cristina Guarda interviene in merito al declassamento del lupo, alla vigilia della votazione prevista domani alla Plenaria di Strasburgo tra le 12:00 e le 14:00. &#8220;Come Verdi, continuiamo a difendere con fermezza il lupo e crediamo in un approccio rigorosamente scientifico per la convivenza con la fauna selvatica. Un approccio basato su [&hellip;]<\/p>\n","protected":false},"author":2,"featured_media":149752,"comment_status":"closed","ping_status":"open","sticky":false,"template":"","format":"standard","meta":{"footnotes":""},"categories":[5,26],"tags":[],"class_list":["post-160047","post","type-post","status-publish","format-standard","has-post-thumbnail","category-cronaca","category-prima-pagina"],"yoast_head":"<!-- This site is optimized with the Yoast SEO plugin v28.4 - https:\/\/yoast.com\/product\/yoast-seo-wordpress\/ -->\n<title>Declassamento lupo. Eurodeputata Guarda: &quot;Che fregatura, ora meno fondi per allevatori e coabitazione&quot; - Bellunopress - Dolomiti<\/title>\n<meta name=\"robots\" content=\"index, follow, max-snippet:-1, max-image-preview:large, max-video-preview:-1\" \/>\n<link rel=\"canonical\" href=\"https:\/\/www.bellunopress.it\/fr\/2025\/05\/07\/declassamento-lupo-eurodeputata-guarda-che-fregatura-ora-meno-fondi-per-allevatori-e-coabitazione\/\" \/>\n<meta property=\"og:locale\" content=\"fr_FR\" \/>\n<meta property=\"og:type\" content=\"article\" \/>\n<meta property=\"og:title\" content=\"Declassamento lupo. Eurodeputata Guarda: &quot;Che fregatura, ora meno fondi per allevatori e coabitazione&quot; - Bellunopress - Dolomiti\" \/>\n<meta property=\"og:description\" content=\"L&#8217;eurodeputata dei Verdi Cristina Guarda interviene in merito al declassamento del lupo, alla vigilia della votazione prevista domani alla Plenaria di Strasburgo tra le 12:00 e le 14:00. &#8220;Come Verdi, continuiamo a difendere con fermezza il lupo e crediamo in un approccio rigorosamente scientifico per la convivenza con la fauna selvatica. Un approccio basato su [&hellip;]\" \/>\n<meta property=\"og:url\" content=\"https:\/\/www.bellunopress.it\/fr\/2025\/05\/07\/declassamento-lupo-eurodeputata-guarda-che-fregatura-ora-meno-fondi-per-allevatori-e-coabitazione\/\" \/>\n<meta property=\"og:site_name\" content=\"Bellunopress - Dolomiti\" \/>\n<meta property=\"article:publisher\" content=\"https:\/\/www.facebook.com\/profile.php?id=100008943462799\" \/>\n<meta property=\"article:published_time\" content=\"2025-05-07T12:16:52+00:00\" \/>\n<meta property=\"og:image\" content=\"https:\/\/www.bellunopress.it\/wp-content\/uploads\/2024\/04\/Cristina-Guarda_edited.jpg\" \/>\n\t<meta property=\"og:image:width\" content=\"699\" \/>\n\t<meta property=\"og:image:height\" content=\"937\" \/>\n\t<meta property=\"og:image:type\" content=\"image\/jpeg\" \/>\n<meta name=\"author\" content=\"redazione\" \/>\n<meta name=\"twitter:card\" content=\"summary_large_image\" \/>\n<meta name=\"twitter:creator\" content=\"@bellunopress\" \/>\n<meta name=\"twitter:site\" content=\"@bellunopress\" \/>\n<meta name=\"twitter:label1\" content=\"\u00c9crit par\" \/>\n\t<meta name=\"twitter:data1\" content=\"redazione\" \/>\n\t<meta name=\"twitter:label2\" content=\"Dur\u00e9e de lecture estim\u00e9e\" \/>\n\t<meta name=\"twitter:data2\" content=\"1 minute\" \/>\n<script type=\"application\/ld+json\" class=\"yoast-schema-graph\">{\"@context\":\"https:\\\/\\\/schema.org\",\"@graph\":[{\"@type\":\"Article\",\"@id\":\"https:\\\/\\\/www.bellunopress.it\\\/2025\\\/05\\\/07\\\/declassamento-lupo-eurodeputata-guarda-che-fregatura-ora-meno-fondi-per-allevatori-e-coabitazione\\\/#article\",\"isPartOf\":{\"@id\":\"https:\\\/\\\/www.bellunopress.it\\\/2025\\\/05\\\/07\\\/declassamento-lupo-eurodeputata-guarda-che-fregatura-ora-meno-fondi-per-allevatori-e-coabitazione\\\/\"},\"author\":{\"name\":\"redazione\",\"@id\":\"https:\\\/\\\/www.bellunopress.it\\\/#\\\/schema\\\/person\\\/79bb06722b37ece1c03d3e94beb30d73\"},\"headline\":\"Declassamento lupo. Eurodeputata Guarda: &#8220;Che fregatura, ora meno fondi per allevatori e coabitazione&#8221;\",\"datePublished\":\"2025-05-07T12:16:52+00:00\",\"mainEntityOfPage\":{\"@id\":\"https:\\\/\\\/www.bellunopress.it\\\/2025\\\/05\\\/07\\\/declassamento-lupo-eurodeputata-guarda-che-fregatura-ora-meno-fondi-per-allevatori-e-coabitazione\\\/\"},\"wordCount\":311,\"publisher\":{\"@id\":\"https:\\\/\\\/www.bellunopress.it\\\/#organization\"},\"image\":{\"@id\":\"https:\\\/\\\/www.bellunopress.it\\\/2025\\\/05\\\/07\\\/declassamento-lupo-eurodeputata-guarda-che-fregatura-ora-meno-fondi-per-allevatori-e-coabitazione\\\/#primaryimage\"},\"thumbnailUrl\":\"https:\\\/\\\/www.bellunopress.it\\\/wp-content\\\/uploads\\\/2024\\\/04\\\/Cristina-Guarda_edited.jpg\",\"articleSection\":[\"Cronaca\\\/Politica\",\"Prima Pagina\"],\"inLanguage\":\"fr-FR\"},{\"@type\":\"WebPage\",\"@id\":\"https:\\\/\\\/www.bellunopress.it\\\/2025\\\/05\\\/07\\\/declassamento-lupo-eurodeputata-guarda-che-fregatura-ora-meno-fondi-per-allevatori-e-coabitazione\\\/\",\"url\":\"https:\\\/\\\/www.bellunopress.it\\\/2025\\\/05\\\/07\\\/declassamento-lupo-eurodeputata-guarda-che-fregatura-ora-meno-fondi-per-allevatori-e-coabitazione\\\/\",\"name\":\"Declassamento lupo. Eurodeputata Guarda: \\\"Che fregatura, ora meno fondi per allevatori e coabitazione\\\" - Bellunopress - Dolomiti\",\"isPartOf\":{\"@id\":\"https:\\\/\\\/www.bellunopress.it\\\/#website\"},\"primaryImageOfPage\":{\"@id\":\"https:\\\/\\\/www.bellunopress.it\\\/2025\\\/05\\\/07\\\/declassamento-lupo-eurodeputata-guarda-che-fregatura-ora-meno-fondi-per-allevatori-e-coabitazione\\\/#primaryimage\"},\"image\":{\"@id\":\"https:\\\/\\\/www.bellunopress.it\\\/2025\\\/05\\\/07\\\/declassamento-lupo-eurodeputata-guarda-che-fregatura-ora-meno-fondi-per-allevatori-e-coabitazione\\\/#primaryimage\"},\"thumbnailUrl\":\"https:\\\/\\\/www.bellunopress.it\\\/wp-content\\\/uploads\\\/2024\\\/04\\\/Cristina-Guarda_edited.jpg\",\"datePublished\":\"2025-05-07T12:16:52+00:00\",\"breadcrumb\":{\"@id\":\"https:\\\/\\\/www.bellunopress.it\\\/2025\\\/05\\\/07\\\/declassamento-lupo-eurodeputata-guarda-che-fregatura-ora-meno-fondi-per-allevatori-e-coabitazione\\\/#breadcrumb\"},\"inLanguage\":\"fr-FR\",\"potentialAction\":[{\"@type\":\"ReadAction\",\"target\":[\"https:\\\/\\\/www.bellunopress.it\\\/2025\\\/05\\\/07\\\/declassamento-lupo-eurodeputata-guarda-che-fregatura-ora-meno-fondi-per-allevatori-e-coabitazione\\\/\"]}]},{\"@type\":\"ImageObject\",\"inLanguage\":\"fr-FR\",\"@id\":\"https:\\\/\\\/www.bellunopress.it\\\/2025\\\/05\\\/07\\\/declassamento-lupo-eurodeputata-guarda-che-fregatura-ora-meno-fondi-per-allevatori-e-coabitazione\\\/#primaryimage\",\"url\":\"https:\\\/\\\/www.bellunopress.it\\\/wp-content\\\/uploads\\\/2024\\\/04\\\/Cristina-Guarda_edited.jpg\",\"contentUrl\":\"https:\\\/\\\/www.bellunopress.it\\\/wp-content\\\/uploads\\\/2024\\\/04\\\/Cristina-Guarda_edited.jpg\",\"width\":699,\"height\":937,\"caption\":\"Cristina Guarda, eurodeputata\"},{\"@type\":\"BreadcrumbList\",\"@id\":\"https:\\\/\\\/www.bellunopress.it\\\/2025\\\/05\\\/07\\\/declassamento-lupo-eurodeputata-guarda-che-fregatura-ora-meno-fondi-per-allevatori-e-coabitazione\\\/#breadcrumb\",\"itemListElement\":[{\"@type\":\"ListItem\",\"position\":1,\"name\":\"Home\",\"item\":\"https:\\\/\\\/www.bellunopress.it\\\/\"},{\"@type\":\"ListItem\",\"position\":2,\"name\":\"Declassamento lupo. Eurodeputata Guarda: &#8220;Che fregatura, ora meno fondi per allevatori e coabitazione&#8221;\"}]},{\"@type\":\"WebSite\",\"@id\":\"https:\\\/\\\/www.bellunopress.it\\\/#website\",\"url\":\"https:\\\/\\\/www.bellunopress.it\\\/\",\"name\":\"Bellunopress - Dolomiti\",\"description\":\"e-mail: redazione@bellunopress.it\",\"publisher\":{\"@id\":\"https:\\\/\\\/www.bellunopress.it\\\/#organization\"},\"potentialAction\":[{\"@type\":\"SearchAction\",\"target\":{\"@type\":\"EntryPoint\",\"urlTemplate\":\"https:\\\/\\\/www.bellunopress.it\\\/?s={search_term_string}\"},\"query-input\":{\"@type\":\"PropertyValueSpecification\",\"valueRequired\":true,\"valueName\":\"search_term_string\"}}],\"inLanguage\":\"fr-FR\"},{\"@type\":\"Organization\",\"@id\":\"https:\\\/\\\/www.bellunopress.it\\\/#organization\",\"name\":\"Bellunopress\",\"url\":\"https:\\\/\\\/www.bellunopress.it\\\/\",\"logo\":{\"@type\":\"ImageObject\",\"inLanguage\":\"fr-FR\",\"@id\":\"https:\\\/\\\/www.bellunopress.it\\\/#\\\/schema\\\/logo\\\/image\\\/\",\"url\":\"https:\\\/\\\/www.bellunopress.it\\\/wp-content\\\/uploads\\\/2011\\\/05\\\/cropped-logo-bellunopress-.jpg\",\"contentUrl\":\"https:\\\/\\\/www.bellunopress.it\\\/wp-content\\\/uploads\\\/2011\\\/05\\\/cropped-logo-bellunopress-.jpg\",\"width\":512,\"height\":512,\"caption\":\"Bellunopress\"},\"image\":{\"@id\":\"https:\\\/\\\/www.bellunopress.it\\\/#\\\/schema\\\/logo\\\/image\\\/\"},\"sameAs\":[\"https:\\\/\\\/www.facebook.com\\\/profile.php?id=100008943462799\",\"https:\\\/\\\/x.com\\\/bellunopress\",\"https:\\\/\\\/www.linkedin.com\\\/hp\\\/?dnr=JBzUWaJfMUw8vbXJJ2tVW5-I3jZKvC4wsoxE&amp;amp;amp;amp;amp;amp;trk=nav_responsive_tab_home\",\"https:\\\/\\\/www.youtube.com\\\/channel\\\/UCxL0wu1uN0_3_7hGG0306cw\"]},{\"@type\":\"Person\",\"@id\":\"https:\\\/\\\/www.bellunopress.it\\\/#\\\/schema\\\/person\\\/79bb06722b37ece1c03d3e94beb30d73\",\"name\":\"redazione\",\"image\":{\"@type\":\"ImageObject\",\"inLanguage\":\"fr-FR\",\"@id\":\"https:\\\/\\\/secure.gravatar.com\\\/avatar\\\/37d968a2e67a6fd04c169c4bdef102d0bc5d31b2546345219e348575eb80e9a0?s=96&d=mm&r=g\",\"url\":\"https:\\\/\\\/secure.gravatar.com\\\/avatar\\\/37d968a2e67a6fd04c169c4bdef102d0bc5d31b2546345219e348575eb80e9a0?s=96&d=mm&r=g\",\"contentUrl\":\"https:\\\/\\\/secure.gravatar.com\\\/avatar\\\/37d968a2e67a6fd04c169c4bdef102d0bc5d31b2546345219e348575eb80e9a0?s=96&d=mm&r=g\",\"caption\":\"redazione\"},\"sameAs\":[\"http:\\\/\\\/www.bellunopress.it\",\"https:\\\/\\\/x.com\\\/bellunopress\"],\"url\":\"https:\\\/\\\/www.bellunopress.it\\\/fr\\\/author\\\/redazione\\\/\"}]}<\/script>\n<!-- \/ Yoast SEO plugin. -->","yoast_head_json":{"title":"Declassamento lupo. Eurodeputata Guarda: \"Che fregatura, ora meno fondi per allevatori e coabitazione\" - Bellunopress - Dolomiti","robots":{"index":"index","follow":"follow","max-snippet":"max-snippet:-1","max-image-preview":"max-image-preview:large","max-video-preview":"max-video-preview:-1"},"canonical":"https:\/\/www.bellunopress.it\/fr\/2025\/05\/07\/declassamento-lupo-eurodeputata-guarda-che-fregatura-ora-meno-fondi-per-allevatori-e-coabitazione\/","og_locale":"fr_FR","og_type":"article","og_title":"Declassamento lupo. Eurodeputata Guarda: \"Che fregatura, ora meno fondi per allevatori e coabitazione\" - Bellunopress - Dolomiti","og_description":"L&#8217;eurodeputata dei Verdi Cristina Guarda interviene in merito al declassamento del lupo, alla vigilia della votazione prevista domani alla Plenaria di Strasburgo tra le 12:00 e le 14:00. &#8220;Come Verdi, continuiamo a difendere con fermezza il lupo e crediamo in un approccio rigorosamente scientifico per la convivenza con la fauna selvatica. Un approccio basato su [&hellip;]","og_url":"https:\/\/www.bellunopress.it\/fr\/2025\/05\/07\/declassamento-lupo-eurodeputata-guarda-che-fregatura-ora-meno-fondi-per-allevatori-e-coabitazione\/","og_site_name":"Bellunopress - Dolomiti","article_publisher":"https:\/\/www.facebook.com\/profile.php?id=100008943462799","article_published_time":"2025-05-07T12:16:52+00:00","og_image":[{"width":699,"height":937,"url":"https:\/\/www.bellunopress.it\/wp-content\/uploads\/2024\/04\/Cristina-Guarda_edited.jpg","type":"image\/jpeg"}],"author":"redazione","twitter_card":"summary_large_image","twitter_creator":"@bellunopress","twitter_site":"@bellunopress","twitter_misc":{"\u00c9crit par":"redazione","Dur\u00e9e de lecture estim\u00e9e":"1 minute"},"schema":{"@context":"https:\/\/schema.org","@graph":[{"@type":"Article","@id":"https:\/\/www.bellunopress.it\/2025\/05\/07\/declassamento-lupo-eurodeputata-guarda-che-fregatura-ora-meno-fondi-per-allevatori-e-coabitazione\/#article","isPartOf":{"@id":"https:\/\/www.bellunopress.it\/2025\/05\/07\/declassamento-lupo-eurodeputata-guarda-che-fregatura-ora-meno-fondi-per-allevatori-e-coabitazione\/"},"author":{"name":"redazione","@id":"https:\/\/www.bellunopress.it\/#\/schema\/person\/79bb06722b37ece1c03d3e94beb30d73"},"headline":"Declassamento lupo. Eurodeputata Guarda: &#8220;Che fregatura, ora meno fondi per allevatori e coabitazione&#8221;","datePublished":"2025-05-07T12:16:52+00:00","mainEntityOfPage":{"@id":"https:\/\/www.bellunopress.it\/2025\/05\/07\/declassamento-lupo-eurodeputata-guarda-che-fregatura-ora-meno-fondi-per-allevatori-e-coabitazione\/"},"wordCount":311,"publisher":{"@id":"https:\/\/www.bellunopress.it\/#organization"},"image":{"@id":"https:\/\/www.bellunopress.it\/2025\/05\/07\/declassamento-lupo-eurodeputata-guarda-che-fregatura-ora-meno-fondi-per-allevatori-e-coabitazione\/#primaryimage"},"thumbnailUrl":"https:\/\/www.bellunopress.it\/wp-content\/uploads\/2024\/04\/Cristina-Guarda_edited.jpg","articleSection":["Cronaca\/Politica","Prima Pagina"],"inLanguage":"fr-FR"},{"@type":"WebPage","@id":"https:\/\/www.bellunopress.it\/2025\/05\/07\/declassamento-lupo-eurodeputata-guarda-che-fregatura-ora-meno-fondi-per-allevatori-e-coabitazione\/","url":"https:\/\/www.bellunopress.it\/2025\/05\/07\/declassamento-lupo-eurodeputata-guarda-che-fregatura-ora-meno-fondi-per-allevatori-e-coabitazione\/","name":"Declassamento lupo. Eurodeputata Guarda: \"Che fregatura, ora meno fondi per allevatori e coabitazione\" - Bellunopress - Dolomiti","isPartOf":{"@id":"https:\/\/www.bellunopress.it\/#website"},"primaryImageOfPage":{"@id":"https:\/\/www.bellunopress.it\/2025\/05\/07\/declassamento-lupo-eurodeputata-guarda-che-fregatura-ora-meno-fondi-per-allevatori-e-coabitazione\/#primaryimage"},"image":{"@id":"https:\/\/www.bellunopress.it\/2025\/05\/07\/declassamento-lupo-eurodeputata-guarda-che-fregatura-ora-meno-fondi-per-allevatori-e-coabitazione\/#primaryimage"},"thumbnailUrl":"https:\/\/www.bellunopress.it\/wp-content\/uploads\/2024\/04\/Cristina-Guarda_edited.jpg","datePublished":"2025-05-07T12:16:52+00:00","breadcrumb":{"@id":"https:\/\/www.bellunopress.it\/2025\/05\/07\/declassamento-lupo-eurodeputata-guarda-che-fregatura-ora-meno-fondi-per-allevatori-e-coabitazione\/#breadcrumb"},"inLanguage":"fr-FR","potentialAction":[{"@type":"ReadAction","target":["https:\/\/www.bellunopress.it\/2025\/05\/07\/declassamento-lupo-eurodeputata-guarda-che-fregatura-ora-meno-fondi-per-allevatori-e-coabitazione\/"]}]},{"@type":"ImageObject","inLanguage":"fr-FR","@id":"https:\/\/www.bellunopress.it\/2025\/05\/07\/declassamento-lupo-eurodeputata-guarda-che-fregatura-ora-meno-fondi-per-allevatori-e-coabitazione\/#primaryimage","url":"https:\/\/www.bellunopress.it\/wp-content\/uploads\/2024\/04\/Cristina-Guarda_edited.jpg","contentUrl":"https:\/\/www.bellunopress.it\/wp-content\/uploads\/2024\/04\/Cristina-Guarda_edited.jpg","width":699,"height":937,"caption":"Cristina Guarda, eurodeputata"},{"@type":"BreadcrumbList","@id":"https:\/\/www.bellunopress.it\/2025\/05\/07\/declassamento-lupo-eurodeputata-guarda-che-fregatura-ora-meno-fondi-per-allevatori-e-coabitazione\/#breadcrumb","itemListElement":[{"@type":"ListItem","position":1,"name":"Home","item":"https:\/\/www.bellunopress.it\/"},{"@type":"ListItem","position":2,"name":"Declassamento lupo. Eurodeputata Guarda: &#8220;Che fregatura, ora meno fondi per allevatori e coabitazione&#8221;"}]},{"@type":"WebSite","@id":"https:\/\/www.bellunopress.it\/#website","url":"https:\/\/www.bellunopress.it\/","name":"Bellunopress - Dolomiti","description":"e-mail: redazione@bellunopress.it","publisher":{"@id":"https:\/\/www.bellunopress.it\/#organization"},"potentialAction":[{"@type":"SearchAction","target":{"@type":"EntryPoint","urlTemplate":"https:\/\/www.bellunopress.it\/?s={search_term_string}"},"query-input":{"@type":"PropertyValueSpecification","valueRequired":true,"valueName":"search_term_string"}}],"inLanguage":"fr-FR"},{"@type":"Organization","@id":"https:\/\/www.bellunopress.it\/#organization","name":"Bellunopress","url":"https:\/\/www.bellunopress.it\/","logo":{"@type":"ImageObject","inLanguage":"fr-FR","@id":"https:\/\/www.bellunopress.it\/#\/schema\/logo\/image\/","url":"https:\/\/www.bellunopress.it\/wp-content\/uploads\/2011\/05\/cropped-logo-bellunopress-.jpg","contentUrl":"https:\/\/www.bellunopress.it\/wp-content\/uploads\/2011\/05\/cropped-logo-bellunopress-.jpg","width":512,"height":512,"caption":"Bellunopress"},"image":{"@id":"https:\/\/www.bellunopress.it\/#\/schema\/logo\/image\/"},"sameAs":["https:\/\/www.facebook.com\/profile.php?id=100008943462799","https:\/\/x.com\/bellunopress","https:\/\/www.linkedin.com\/hp\/?dnr=JBzUWaJfMUw8vbXJJ2tVW5-I3jZKvC4wsoxE&amp;amp;amp;amp;amp;amp;trk=nav_responsive_tab_home","https:\/\/www.youtube.com\/channel\/UCxL0wu1uN0_3_7hGG0306cw"]},{"@type":"Person","@id":"https:\/\/www.bellunopress.it\/#\/schema\/person\/79bb06722b37ece1c03d3e94beb30d73","name":"r\u00e9daction","image":{"@type":"ImageObject","inLanguage":"fr-FR","@id":"https:\/\/secure.gravatar.com\/avatar\/37d968a2e67a6fd04c169c4bdef102d0bc5d31b2546345219e348575eb80e9a0?s=96&d=mm&r=g","url":"https:\/\/secure.gravatar.com\/avatar\/37d968a2e67a6fd04c169c4bdef102d0bc5d31b2546345219e348575eb80e9a0?s=96&d=mm&r=g","contentUrl":"https:\/\/secure.gravatar.com\/avatar\/37d968a2e67a6fd04c169c4bdef102d0bc5d31b2546345219e348575eb80e9a0?s=96&d=mm&r=g","caption":"redazione"},"sameAs":["http:\/\/www.bellunopress.it","https:\/\/x.com\/bellunopress"],"url":"https:\/\/www.bellunopress.it\/fr\/author\/redazione\/"}]}},"_links":{"self":[{"href":"https:\/\/www.bellunopress.it\/fr\/wp-json\/wp\/v2\/posts\/160047","targetHints":{"allow":["GET"]}}],"collection":[{"href":"https:\/\/www.bellunopress.it\/fr\/wp-json\/wp\/v2\/posts"}],"about":[{"href":"https:\/\/www.bellunopress.it\/fr\/wp-json\/wp\/v2\/types\/post"}],"author":[{"embeddable":true,"href":"https:\/\/www.bellunopress.it\/fr\/wp-json\/wp\/v2\/users\/2"}],"replies":[{"embeddable":true,"href":"https:\/\/www.bellunopress.it\/fr\/wp-json\/wp\/v2\/comments?post=160047"}],"version-history":[{"count":1,"href":"https:\/\/www.bellunopress.it\/fr\/wp-json\/wp\/v2\/posts\/160047\/revisions"}],"predecessor-version":[{"id":160048,"href":"https:\/\/www.bellunopress.it\/fr\/wp-json\/wp\/v2\/posts\/160047\/revisions\/160048"}],"wp:featuredmedia":[{"embeddable":true,"href":"https:\/\/www.bellunopress.it\/fr\/wp-json\/wp\/v2\/media\/149752"}],"wp:attachment":[{"href":"https:\/\/www.bellunopress.it\/fr\/wp-json\/wp\/v2\/media?parent=160047"}],"wp:term":[{"taxonomy":"category","embeddable":true,"href":"https:\/\/www.bellunopress.it\/fr\/wp-json\/wp\/v2\/categories?post=160047"},{"taxonomy":"post_tag","embeddable":true,"href":"https:\/\/www.bellunopress.it\/fr\/wp-json\/wp\/v2\/tags?post=160047"}],"curies":[{"name":"wp","href":"https:\/\/api.w.org\/{rel}","templated":true}]}}