{"id":160044,"date":"2025-05-07T12:40:54","date_gmt":"2025-05-07T10:40:54","guid":{"rendered":"https:\/\/www.bellunopress.it\/?p=160044"},"modified":"2025-05-07T12:40:54","modified_gmt":"2025-05-07T10:40:54","slug":"valdobbiadenejazz-2025-un-gran-finale-tra-groove-colline-e-stelle-del-jazz","status":"publish","type":"post","link":"https:\/\/www.bellunopress.it\/fr\/2025\/05\/07\/valdobbiadenejazz-2025-un-gran-finale-tra-groove-colline-e-stelle-del-jazz\/","title":{"rendered":"ValdobbiadeneJazz 2025: un gran finale tra groove, colline e stelle del jazz"},"content":{"rendered":"<figure id=\"attachment_160045\" aria-describedby=\"caption-attachment-160045\" style=\"width: 696px\" class=\"wp-caption aligncenter\"><img loading=\"lazy\" decoding=\"async\" class=\"size-full wp-image-160045\" src=\"https:\/\/www.bellunopress.it\/wp-content\/uploads\/2025\/05\/MAX-VERONICA-1_edited.jpg\" alt=\"\" width=\"696\" height=\"499\" srcset=\"https:\/\/www.bellunopress.it\/wp-content\/uploads\/2025\/05\/MAX-VERONICA-1_edited.jpg 696w, https:\/\/www.bellunopress.it\/wp-content\/uploads\/2025\/05\/MAX-VERONICA-1_edited-500x358.jpg 500w, https:\/\/www.bellunopress.it\/wp-content\/uploads\/2025\/05\/MAX-VERONICA-1_edited-586x420.jpg 586w\" sizes=\"auto, (max-width: 696px) 100vw, 696px\" \/><figcaption id=\"caption-attachment-160045\" class=\"wp-caption-text\">Max &amp; Veronica<\/figcaption><\/figure>\n<p class=\"\" data-start=\"82\" data-end=\"501\">Valdobbiadene 7 maggio 2025 \u2013 Dal 9 all\u201911 maggio, la settima edizione di <em data-start=\"142\" data-end=\"161\">ValdobbiadeneJazz<\/em> si prepara a chiudere in bellezza con il quarto e ultimo weekend del festival, portando la magia del jazz nel cuore delle colline del Prosecco, Patrimonio UNESCO. Un\u2019edizione che ha saputo coniugare il respiro internazionale della musica con la valorizzazione del territorio, offrendo al pubblico un\u2019esperienza artistica e culturale unica.<\/p>\n<p class=\"\" data-start=\"503\" data-end=\"836\">Il titolo di questo ultimo appuntamento, <em data-start=\"544\" data-end=\"593\">&#8220;Il jazz che unisce: dalla piazza alle cantine&#8221;<\/em>, ben riassume lo spirito della manifestazione, che anche in questi tre giorni offrir\u00e0 un ricco programma di concerti gratuiti, eventi collaterali e incontri tra artisti e pubblico, in una sinergia che attraversa paesaggi, sonorit\u00e0 e comunit\u00e0.<\/p>\n<p class=\"\" data-start=\"838\" data-end=\"1298\">Si parte venerd\u00ec 9 maggio, alle ore 21:00 in Piazza Marconi, con LeBron Johnson: giovane promessa della scena soul italiana, originario della Nigeria, capace di conquistare il pubblico con un sound vibrante che omaggia giganti come Marvin Gaye e Nina Simone. A seguire, alle 22:30, ci si sposta alle Cantine Valdo Spumanti per un tuffo nella musica roots americana con il duo Veronica Sbergia &amp; Max De Bernardi, interpreti appassionati del blues pi\u00f9 autentico.<\/p>\n<p class=\"\" data-start=\"1300\" data-end=\"1674\">Sabato 10 maggio, alle ore 19:00, le eleganti Cantine Mionetto ospiteranno il Calgaro-Novikov-Beggio Jazz Trio, formazione che promette un set sofisticato e ricco di interplay. La sera, alle 21:00 in Piazza Marconi, sar\u00e0 la volta di Francesco Piu &amp; The Groovy Brotherhood con la straordinaria partecipazione di Roberto Luti, per un&#8217;esplosione di funk, soul e blues dal vivo.<\/p>\n<p class=\"\" data-start=\"1676\" data-end=\"2093\">Domenica 11 maggio, alle ore 18:30 sempre in Piazza Marconi, il Drifting Trio incontrer\u00e0 il sassofonista Bob Franceschini in un viaggio musicale tra jazz contemporaneo e suggestioni globali. Gran finale alle 20:30 al Parco della Filandetta presso le Cantine Bortolomiol con Francesco Bearzatti e i suoi Electric Bears: sperimentazione, energia e talento per salutare questa edizione con una nota di audace creativit\u00e0.<\/p>\n<p class=\"\" data-start=\"2095\" data-end=\"2264\">Da segnalare anche il recupero del concerto di Alberto Visentin, inizialmente previsto per il 4 maggio, che andr\u00e0 in scena sabato 18 maggio a Borgo Stramare di Segusino.<\/p>\n<p class=\"\" data-start=\"2266\" data-end=\"2739\">ValdobbiadeneJazz 2025 conferma il proprio ruolo non solo come rassegna musicale, ma anche come progetto di marketing territoriale e culturale, sostenuto da un ampio network di istituzioni e aziende locali. Durante il weekend si potranno visitare anche due mostre allestite a Villa dei Cedri: <em data-start=\"2559\" data-end=\"2578\">\u201cQUE RESTE-T-IL?\u201d<\/em> di Italo Gerlin e <em data-start=\"2597\" data-end=\"2623\">\u201cIL PASSO DEL VIANDANTE\u201d<\/em> di Arcangelo Piai, che dialogano con il paesaggio delle colline del Prosecco in una narrazione visiva affascinante.<\/p>\n<p class=\"\" data-start=\"2741\" data-end=\"3035\">In caso di maltempo, tutti i concerti previsti in Piazza Marconi si terranno all\u2019Auditorium C. Piva. Tutte le informazioni aggiornate, il programma dettagliato e lo spot ufficiale del festival \u201cAs Young as Jazz\u201d sono disponibili sul sito <a class=\"\" href=\"http:\/\/www.valdobbiadenejazz.com\" target=\"_new\" rel=\"noopener\" data-start=\"2979\" data-end=\"3004\">www.valdobbiadenejazz.com<\/a> e sui canali social ufficiali.<\/p>\n<p>&nbsp;<\/p>","protected":false},"excerpt":{"rendered":"<p>Valdobbiadene 7 maggio 2025 \u2013 Dal 9 all\u201911 maggio, la settima edizione di ValdobbiadeneJazz si prepara a chiudere in bellezza con il quarto e ultimo weekend del festival, portando la magia del jazz nel cuore delle colline del Prosecco, Patrimonio UNESCO. Un\u2019edizione che ha saputo coniugare il respiro internazionale della musica con la valorizzazione del [&hellip;]<\/p>\n","protected":false},"author":2,"featured_media":160045,"comment_status":"closed","ping_status":"open","sticky":false,"template":"","format":"standard","meta":{"footnotes":""},"categories":[3394,25],"tags":[],"class_list":["post-160044","post","type-post","status-publish","format-standard","has-post-thumbnail","category-cultura-e-spettacoli-fuori-provincia","category-pausa-caffe"],"yoast_head":"<!-- This site is optimized with the Yoast SEO plugin v28.4 - https:\/\/yoast.com\/product\/yoast-seo-wordpress\/ -->\n<title>ValdobbiadeneJazz 2025: un gran finale tra groove, colline e stelle del jazz - Bellunopress - Dolomiti<\/title>\n<meta name=\"robots\" content=\"index, follow, max-snippet:-1, max-image-preview:large, max-video-preview:-1\" \/>\n<link rel=\"canonical\" href=\"https:\/\/www.bellunopress.it\/fr\/2025\/05\/07\/valdobbiadenejazz-2025-un-gran-finale-tra-groove-colline-e-stelle-del-jazz\/\" \/>\n<meta property=\"og:locale\" content=\"fr_FR\" \/>\n<meta property=\"og:type\" content=\"article\" \/>\n<meta property=\"og:title\" content=\"ValdobbiadeneJazz 2025: un gran finale tra groove, colline e stelle del jazz - Bellunopress - Dolomiti\" \/>\n<meta property=\"og:description\" content=\"Valdobbiadene 7 maggio 2025 \u2013 Dal 9 all\u201911 maggio, la settima edizione di ValdobbiadeneJazz si prepara a chiudere in bellezza con il quarto e ultimo weekend del festival, portando la magia del jazz nel cuore delle colline del Prosecco, Patrimonio UNESCO. Un\u2019edizione che ha saputo coniugare il respiro internazionale della musica con la valorizzazione del [&hellip;]\" \/>\n<meta property=\"og:url\" content=\"https:\/\/www.bellunopress.it\/fr\/2025\/05\/07\/valdobbiadenejazz-2025-un-gran-finale-tra-groove-colline-e-stelle-del-jazz\/\" \/>\n<meta property=\"og:site_name\" content=\"Bellunopress - Dolomiti\" \/>\n<meta property=\"article:publisher\" content=\"https:\/\/www.facebook.com\/profile.php?id=100008943462799\" \/>\n<meta property=\"article:published_time\" content=\"2025-05-07T10:40:54+00:00\" \/>\n<meta property=\"og:image\" content=\"https:\/\/www.bellunopress.it\/wp-content\/uploads\/2025\/05\/MAX-VERONICA-1_edited.jpg\" \/>\n\t<meta property=\"og:image:width\" content=\"696\" \/>\n\t<meta property=\"og:image:height\" content=\"499\" \/>\n\t<meta property=\"og:image:type\" content=\"image\/jpeg\" \/>\n<meta name=\"author\" content=\"redazione\" \/>\n<meta name=\"twitter:card\" content=\"summary_large_image\" \/>\n<meta name=\"twitter:creator\" content=\"@bellunopress\" \/>\n<meta name=\"twitter:site\" content=\"@bellunopress\" \/>\n<meta name=\"twitter:label1\" content=\"\u00c9crit par\" \/>\n\t<meta name=\"twitter:data1\" content=\"redazione\" \/>\n\t<meta name=\"twitter:label2\" content=\"Dur\u00e9e de lecture estim\u00e9e\" \/>\n\t<meta name=\"twitter:data2\" content=\"2 minutes\" \/>\n<script type=\"application\/ld+json\" class=\"yoast-schema-graph\">{\"@context\":\"https:\\\/\\\/schema.org\",\"@graph\":[{\"@type\":\"Article\",\"@id\":\"https:\\\/\\\/www.bellunopress.it\\\/2025\\\/05\\\/07\\\/valdobbiadenejazz-2025-un-gran-finale-tra-groove-colline-e-stelle-del-jazz\\\/#article\",\"isPartOf\":{\"@id\":\"https:\\\/\\\/www.bellunopress.it\\\/2025\\\/05\\\/07\\\/valdobbiadenejazz-2025-un-gran-finale-tra-groove-colline-e-stelle-del-jazz\\\/\"},\"author\":{\"name\":\"redazione\",\"@id\":\"https:\\\/\\\/www.bellunopress.it\\\/#\\\/schema\\\/person\\\/79bb06722b37ece1c03d3e94beb30d73\"},\"headline\":\"ValdobbiadeneJazz 2025: un gran finale tra groove, colline e stelle del jazz\",\"datePublished\":\"2025-05-07T10:40:54+00:00\",\"mainEntityOfPage\":{\"@id\":\"https:\\\/\\\/www.bellunopress.it\\\/2025\\\/05\\\/07\\\/valdobbiadenejazz-2025-un-gran-finale-tra-groove-colline-e-stelle-del-jazz\\\/\"},\"wordCount\":462,\"publisher\":{\"@id\":\"https:\\\/\\\/www.bellunopress.it\\\/#organization\"},\"image\":{\"@id\":\"https:\\\/\\\/www.bellunopress.it\\\/2025\\\/05\\\/07\\\/valdobbiadenejazz-2025-un-gran-finale-tra-groove-colline-e-stelle-del-jazz\\\/#primaryimage\"},\"thumbnailUrl\":\"https:\\\/\\\/www.bellunopress.it\\\/wp-content\\\/uploads\\\/2025\\\/05\\\/MAX-VERONICA-1_edited.jpg\",\"articleSection\":[\"Cultura e spettacoli, tempo libero, benessere, fuori provincia\",\"Pausa Caff\u00e8\"],\"inLanguage\":\"fr-FR\"},{\"@type\":\"WebPage\",\"@id\":\"https:\\\/\\\/www.bellunopress.it\\\/2025\\\/05\\\/07\\\/valdobbiadenejazz-2025-un-gran-finale-tra-groove-colline-e-stelle-del-jazz\\\/\",\"url\":\"https:\\\/\\\/www.bellunopress.it\\\/2025\\\/05\\\/07\\\/valdobbiadenejazz-2025-un-gran-finale-tra-groove-colline-e-stelle-del-jazz\\\/\",\"name\":\"ValdobbiadeneJazz 2025: un gran finale tra groove, colline e stelle del jazz - Bellunopress - Dolomiti\",\"isPartOf\":{\"@id\":\"https:\\\/\\\/www.bellunopress.it\\\/#website\"},\"primaryImageOfPage\":{\"@id\":\"https:\\\/\\\/www.bellunopress.it\\\/2025\\\/05\\\/07\\\/valdobbiadenejazz-2025-un-gran-finale-tra-groove-colline-e-stelle-del-jazz\\\/#primaryimage\"},\"image\":{\"@id\":\"https:\\\/\\\/www.bellunopress.it\\\/2025\\\/05\\\/07\\\/valdobbiadenejazz-2025-un-gran-finale-tra-groove-colline-e-stelle-del-jazz\\\/#primaryimage\"},\"thumbnailUrl\":\"https:\\\/\\\/www.bellunopress.it\\\/wp-content\\\/uploads\\\/2025\\\/05\\\/MAX-VERONICA-1_edited.jpg\",\"datePublished\":\"2025-05-07T10:40:54+00:00\",\"breadcrumb\":{\"@id\":\"https:\\\/\\\/www.bellunopress.it\\\/2025\\\/05\\\/07\\\/valdobbiadenejazz-2025-un-gran-finale-tra-groove-colline-e-stelle-del-jazz\\\/#breadcrumb\"},\"inLanguage\":\"fr-FR\",\"potentialAction\":[{\"@type\":\"ReadAction\",\"target\":[\"https:\\\/\\\/www.bellunopress.it\\\/2025\\\/05\\\/07\\\/valdobbiadenejazz-2025-un-gran-finale-tra-groove-colline-e-stelle-del-jazz\\\/\"]}]},{\"@type\":\"ImageObject\",\"inLanguage\":\"fr-FR\",\"@id\":\"https:\\\/\\\/www.bellunopress.it\\\/2025\\\/05\\\/07\\\/valdobbiadenejazz-2025-un-gran-finale-tra-groove-colline-e-stelle-del-jazz\\\/#primaryimage\",\"url\":\"https:\\\/\\\/www.bellunopress.it\\\/wp-content\\\/uploads\\\/2025\\\/05\\\/MAX-VERONICA-1_edited.jpg\",\"contentUrl\":\"https:\\\/\\\/www.bellunopress.it\\\/wp-content\\\/uploads\\\/2025\\\/05\\\/MAX-VERONICA-1_edited.jpg\",\"width\":696,\"height\":499,\"caption\":\"Max & Veronica\"},{\"@type\":\"BreadcrumbList\",\"@id\":\"https:\\\/\\\/www.bellunopress.it\\\/2025\\\/05\\\/07\\\/valdobbiadenejazz-2025-un-gran-finale-tra-groove-colline-e-stelle-del-jazz\\\/#breadcrumb\",\"itemListElement\":[{\"@type\":\"ListItem\",\"position\":1,\"name\":\"Home\",\"item\":\"https:\\\/\\\/www.bellunopress.it\\\/\"},{\"@type\":\"ListItem\",\"position\":2,\"name\":\"ValdobbiadeneJazz 2025: un gran finale tra groove, colline e stelle del jazz\"}]},{\"@type\":\"WebSite\",\"@id\":\"https:\\\/\\\/www.bellunopress.it\\\/#website\",\"url\":\"https:\\\/\\\/www.bellunopress.it\\\/\",\"name\":\"Bellunopress - Dolomiti\",\"description\":\"e-mail: redazione@bellunopress.it\",\"publisher\":{\"@id\":\"https:\\\/\\\/www.bellunopress.it\\\/#organization\"},\"potentialAction\":[{\"@type\":\"SearchAction\",\"target\":{\"@type\":\"EntryPoint\",\"urlTemplate\":\"https:\\\/\\\/www.bellunopress.it\\\/?s={search_term_string}\"},\"query-input\":{\"@type\":\"PropertyValueSpecification\",\"valueRequired\":true,\"valueName\":\"search_term_string\"}}],\"inLanguage\":\"fr-FR\"},{\"@type\":\"Organization\",\"@id\":\"https:\\\/\\\/www.bellunopress.it\\\/#organization\",\"name\":\"Bellunopress\",\"url\":\"https:\\\/\\\/www.bellunopress.it\\\/\",\"logo\":{\"@type\":\"ImageObject\",\"inLanguage\":\"fr-FR\",\"@id\":\"https:\\\/\\\/www.bellunopress.it\\\/#\\\/schema\\\/logo\\\/image\\\/\",\"url\":\"https:\\\/\\\/www.bellunopress.it\\\/wp-content\\\/uploads\\\/2011\\\/05\\\/cropped-logo-bellunopress-.jpg\",\"contentUrl\":\"https:\\\/\\\/www.bellunopress.it\\\/wp-content\\\/uploads\\\/2011\\\/05\\\/cropped-logo-bellunopress-.jpg\",\"width\":512,\"height\":512,\"caption\":\"Bellunopress\"},\"image\":{\"@id\":\"https:\\\/\\\/www.bellunopress.it\\\/#\\\/schema\\\/logo\\\/image\\\/\"},\"sameAs\":[\"https:\\\/\\\/www.facebook.com\\\/profile.php?id=100008943462799\",\"https:\\\/\\\/x.com\\\/bellunopress\",\"https:\\\/\\\/www.linkedin.com\\\/hp\\\/?dnr=JBzUWaJfMUw8vbXJJ2tVW5-I3jZKvC4wsoxE&amp;amp;amp;amp;amp;amp;trk=nav_responsive_tab_home\",\"https:\\\/\\\/www.youtube.com\\\/channel\\\/UCxL0wu1uN0_3_7hGG0306cw\"]},{\"@type\":\"Person\",\"@id\":\"https:\\\/\\\/www.bellunopress.it\\\/#\\\/schema\\\/person\\\/79bb06722b37ece1c03d3e94beb30d73\",\"name\":\"redazione\",\"image\":{\"@type\":\"ImageObject\",\"inLanguage\":\"fr-FR\",\"@id\":\"https:\\\/\\\/secure.gravatar.com\\\/avatar\\\/37d968a2e67a6fd04c169c4bdef102d0bc5d31b2546345219e348575eb80e9a0?s=96&d=mm&r=g\",\"url\":\"https:\\\/\\\/secure.gravatar.com\\\/avatar\\\/37d968a2e67a6fd04c169c4bdef102d0bc5d31b2546345219e348575eb80e9a0?s=96&d=mm&r=g\",\"contentUrl\":\"https:\\\/\\\/secure.gravatar.com\\\/avatar\\\/37d968a2e67a6fd04c169c4bdef102d0bc5d31b2546345219e348575eb80e9a0?s=96&d=mm&r=g\",\"caption\":\"redazione\"},\"sameAs\":[\"http:\\\/\\\/www.bellunopress.it\",\"https:\\\/\\\/x.com\\\/bellunopress\"],\"url\":\"https:\\\/\\\/www.bellunopress.it\\\/fr\\\/author\\\/redazione\\\/\"}]}<\/script>\n<!-- \/ Yoast SEO plugin. -->","yoast_head_json":{"title":"ValdobbiadeneJazz 2025: un gran finale tra groove, colline e stelle del jazz - Bellunopress - Dolomiti","robots":{"index":"index","follow":"follow","max-snippet":"max-snippet:-1","max-image-preview":"max-image-preview:large","max-video-preview":"max-video-preview:-1"},"canonical":"https:\/\/www.bellunopress.it\/fr\/2025\/05\/07\/valdobbiadenejazz-2025-un-gran-finale-tra-groove-colline-e-stelle-del-jazz\/","og_locale":"fr_FR","og_type":"article","og_title":"ValdobbiadeneJazz 2025: un gran finale tra groove, colline e stelle del jazz - Bellunopress - Dolomiti","og_description":"Valdobbiadene 7 maggio 2025 \u2013 Dal 9 all\u201911 maggio, la settima edizione di ValdobbiadeneJazz si prepara a chiudere in bellezza con il quarto e ultimo weekend del festival, portando la magia del jazz nel cuore delle colline del Prosecco, Patrimonio UNESCO. Un\u2019edizione che ha saputo coniugare il respiro internazionale della musica con la valorizzazione del [&hellip;]","og_url":"https:\/\/www.bellunopress.it\/fr\/2025\/05\/07\/valdobbiadenejazz-2025-un-gran-finale-tra-groove-colline-e-stelle-del-jazz\/","og_site_name":"Bellunopress - Dolomiti","article_publisher":"https:\/\/www.facebook.com\/profile.php?id=100008943462799","article_published_time":"2025-05-07T10:40:54+00:00","og_image":[{"width":696,"height":499,"url":"https:\/\/www.bellunopress.it\/wp-content\/uploads\/2025\/05\/MAX-VERONICA-1_edited.jpg","type":"image\/jpeg"}],"author":"redazione","twitter_card":"summary_large_image","twitter_creator":"@bellunopress","twitter_site":"@bellunopress","twitter_misc":{"\u00c9crit par":"redazione","Dur\u00e9e de lecture estim\u00e9e":"2 minutes"},"schema":{"@context":"https:\/\/schema.org","@graph":[{"@type":"Article","@id":"https:\/\/www.bellunopress.it\/2025\/05\/07\/valdobbiadenejazz-2025-un-gran-finale-tra-groove-colline-e-stelle-del-jazz\/#article","isPartOf":{"@id":"https:\/\/www.bellunopress.it\/2025\/05\/07\/valdobbiadenejazz-2025-un-gran-finale-tra-groove-colline-e-stelle-del-jazz\/"},"author":{"name":"redazione","@id":"https:\/\/www.bellunopress.it\/#\/schema\/person\/79bb06722b37ece1c03d3e94beb30d73"},"headline":"ValdobbiadeneJazz 2025: un gran finale tra groove, colline e stelle del jazz","datePublished":"2025-05-07T10:40:54+00:00","mainEntityOfPage":{"@id":"https:\/\/www.bellunopress.it\/2025\/05\/07\/valdobbiadenejazz-2025-un-gran-finale-tra-groove-colline-e-stelle-del-jazz\/"},"wordCount":462,"publisher":{"@id":"https:\/\/www.bellunopress.it\/#organization"},"image":{"@id":"https:\/\/www.bellunopress.it\/2025\/05\/07\/valdobbiadenejazz-2025-un-gran-finale-tra-groove-colline-e-stelle-del-jazz\/#primaryimage"},"thumbnailUrl":"https:\/\/www.bellunopress.it\/wp-content\/uploads\/2025\/05\/MAX-VERONICA-1_edited.jpg","articleSection":["Cultura e spettacoli, tempo libero, benessere, fuori provincia","Pausa Caff\u00e8"],"inLanguage":"fr-FR"},{"@type":"WebPage","@id":"https:\/\/www.bellunopress.it\/2025\/05\/07\/valdobbiadenejazz-2025-un-gran-finale-tra-groove-colline-e-stelle-del-jazz\/","url":"https:\/\/www.bellunopress.it\/2025\/05\/07\/valdobbiadenejazz-2025-un-gran-finale-tra-groove-colline-e-stelle-del-jazz\/","name":"ValdobbiadeneJazz 2025: un gran finale tra groove, colline e stelle del jazz - Bellunopress - Dolomiti","isPartOf":{"@id":"https:\/\/www.bellunopress.it\/#website"},"primaryImageOfPage":{"@id":"https:\/\/www.bellunopress.it\/2025\/05\/07\/valdobbiadenejazz-2025-un-gran-finale-tra-groove-colline-e-stelle-del-jazz\/#primaryimage"},"image":{"@id":"https:\/\/www.bellunopress.it\/2025\/05\/07\/valdobbiadenejazz-2025-un-gran-finale-tra-groove-colline-e-stelle-del-jazz\/#primaryimage"},"thumbnailUrl":"https:\/\/www.bellunopress.it\/wp-content\/uploads\/2025\/05\/MAX-VERONICA-1_edited.jpg","datePublished":"2025-05-07T10:40:54+00:00","breadcrumb":{"@id":"https:\/\/www.bellunopress.it\/2025\/05\/07\/valdobbiadenejazz-2025-un-gran-finale-tra-groove-colline-e-stelle-del-jazz\/#breadcrumb"},"inLanguage":"fr-FR","potentialAction":[{"@type":"ReadAction","target":["https:\/\/www.bellunopress.it\/2025\/05\/07\/valdobbiadenejazz-2025-un-gran-finale-tra-groove-colline-e-stelle-del-jazz\/"]}]},{"@type":"ImageObject","inLanguage":"fr-FR","@id":"https:\/\/www.bellunopress.it\/2025\/05\/07\/valdobbiadenejazz-2025-un-gran-finale-tra-groove-colline-e-stelle-del-jazz\/#primaryimage","url":"https:\/\/www.bellunopress.it\/wp-content\/uploads\/2025\/05\/MAX-VERONICA-1_edited.jpg","contentUrl":"https:\/\/www.bellunopress.it\/wp-content\/uploads\/2025\/05\/MAX-VERONICA-1_edited.jpg","width":696,"height":499,"caption":"Max & Veronica"},{"@type":"BreadcrumbList","@id":"https:\/\/www.bellunopress.it\/2025\/05\/07\/valdobbiadenejazz-2025-un-gran-finale-tra-groove-colline-e-stelle-del-jazz\/#breadcrumb","itemListElement":[{"@type":"ListItem","position":1,"name":"Home","item":"https:\/\/www.bellunopress.it\/"},{"@type":"ListItem","position":2,"name":"ValdobbiadeneJazz 2025: un gran finale tra groove, colline e stelle del jazz"}]},{"@type":"WebSite","@id":"https:\/\/www.bellunopress.it\/#website","url":"https:\/\/www.bellunopress.it\/","name":"Bellunopress - Dolomiti","description":"e-mail: redazione@bellunopress.it","publisher":{"@id":"https:\/\/www.bellunopress.it\/#organization"},"potentialAction":[{"@type":"SearchAction","target":{"@type":"EntryPoint","urlTemplate":"https:\/\/www.bellunopress.it\/?s={search_term_string}"},"query-input":{"@type":"PropertyValueSpecification","valueRequired":true,"valueName":"search_term_string"}}],"inLanguage":"fr-FR"},{"@type":"Organization","@id":"https:\/\/www.bellunopress.it\/#organization","name":"Bellunopress","url":"https:\/\/www.bellunopress.it\/","logo":{"@type":"ImageObject","inLanguage":"fr-FR","@id":"https:\/\/www.bellunopress.it\/#\/schema\/logo\/image\/","url":"https:\/\/www.bellunopress.it\/wp-content\/uploads\/2011\/05\/cropped-logo-bellunopress-.jpg","contentUrl":"https:\/\/www.bellunopress.it\/wp-content\/uploads\/2011\/05\/cropped-logo-bellunopress-.jpg","width":512,"height":512,"caption":"Bellunopress"},"image":{"@id":"https:\/\/www.bellunopress.it\/#\/schema\/logo\/image\/"},"sameAs":["https:\/\/www.facebook.com\/profile.php?id=100008943462799","https:\/\/x.com\/bellunopress","https:\/\/www.linkedin.com\/hp\/?dnr=JBzUWaJfMUw8vbXJJ2tVW5-I3jZKvC4wsoxE&amp;amp;amp;amp;amp;amp;trk=nav_responsive_tab_home","https:\/\/www.youtube.com\/channel\/UCxL0wu1uN0_3_7hGG0306cw"]},{"@type":"Person","@id":"https:\/\/www.bellunopress.it\/#\/schema\/person\/79bb06722b37ece1c03d3e94beb30d73","name":"r\u00e9daction","image":{"@type":"ImageObject","inLanguage":"fr-FR","@id":"https:\/\/secure.gravatar.com\/avatar\/37d968a2e67a6fd04c169c4bdef102d0bc5d31b2546345219e348575eb80e9a0?s=96&d=mm&r=g","url":"https:\/\/secure.gravatar.com\/avatar\/37d968a2e67a6fd04c169c4bdef102d0bc5d31b2546345219e348575eb80e9a0?s=96&d=mm&r=g","contentUrl":"https:\/\/secure.gravatar.com\/avatar\/37d968a2e67a6fd04c169c4bdef102d0bc5d31b2546345219e348575eb80e9a0?s=96&d=mm&r=g","caption":"redazione"},"sameAs":["http:\/\/www.bellunopress.it","https:\/\/x.com\/bellunopress"],"url":"https:\/\/www.bellunopress.it\/fr\/author\/redazione\/"}]}},"_links":{"self":[{"href":"https:\/\/www.bellunopress.it\/fr\/wp-json\/wp\/v2\/posts\/160044","targetHints":{"allow":["GET"]}}],"collection":[{"href":"https:\/\/www.bellunopress.it\/fr\/wp-json\/wp\/v2\/posts"}],"about":[{"href":"https:\/\/www.bellunopress.it\/fr\/wp-json\/wp\/v2\/types\/post"}],"author":[{"embeddable":true,"href":"https:\/\/www.bellunopress.it\/fr\/wp-json\/wp\/v2\/users\/2"}],"replies":[{"embeddable":true,"href":"https:\/\/www.bellunopress.it\/fr\/wp-json\/wp\/v2\/comments?post=160044"}],"version-history":[{"count":1,"href":"https:\/\/www.bellunopress.it\/fr\/wp-json\/wp\/v2\/posts\/160044\/revisions"}],"predecessor-version":[{"id":160046,"href":"https:\/\/www.bellunopress.it\/fr\/wp-json\/wp\/v2\/posts\/160044\/revisions\/160046"}],"wp:featuredmedia":[{"embeddable":true,"href":"https:\/\/www.bellunopress.it\/fr\/wp-json\/wp\/v2\/media\/160045"}],"wp:attachment":[{"href":"https:\/\/www.bellunopress.it\/fr\/wp-json\/wp\/v2\/media?parent=160044"}],"wp:term":[{"taxonomy":"category","embeddable":true,"href":"https:\/\/www.bellunopress.it\/fr\/wp-json\/wp\/v2\/categories?post=160044"},{"taxonomy":"post_tag","embeddable":true,"href":"https:\/\/www.bellunopress.it\/fr\/wp-json\/wp\/v2\/tags?post=160044"}],"curies":[{"name":"wp","href":"https:\/\/api.w.org\/{rel}","templated":true}]}}