{"id":160018,"date":"2025-05-06T16:17:50","date_gmt":"2025-05-06T14:17:50","guid":{"rendered":"https:\/\/www.bellunopress.it\/?p=160018"},"modified":"2025-05-06T16:35:15","modified_gmt":"2025-05-06T14:35:15","slug":"borgo-valbelluna-le-giornate-dei-narcisi-i-meravigliosi-prati-di-col-dartent-tornano-a-dare-spettacolo","status":"publish","type":"post","link":"https:\/\/www.bellunopress.it\/fr\/2025\/05\/06\/borgo-valbelluna-le-giornate-dei-narcisi-i-meravigliosi-prati-di-col-dartent-tornano-a-dare-spettacolo\/","title":{"rendered":"Borgo Valbelluna. Le Giornate dei Narcisi: i meravigliosi prati di Col d\u2019Artent tornano a dare spettacolo"},"content":{"rendered":"<p><img loading=\"lazy\" decoding=\"async\" class=\"aligncenter size-full wp-image-118100\" src=\"https:\/\/www.bellunopress.it\/wp-content\/uploads\/2020\/10\/Narcisi-Borgo-Valbelluna_edited.jpg\" alt=\"\" width=\"800\" height=\"560\" srcset=\"https:\/\/www.bellunopress.it\/wp-content\/uploads\/2020\/10\/Narcisi-Borgo-Valbelluna_edited.jpg 800w, https:\/\/www.bellunopress.it\/wp-content\/uploads\/2020\/10\/Narcisi-Borgo-Valbelluna_edited-500x350.jpg 500w, https:\/\/www.bellunopress.it\/wp-content\/uploads\/2020\/10\/Narcisi-Borgo-Valbelluna_edited-696x487.jpg 696w, https:\/\/www.bellunopress.it\/wp-content\/uploads\/2020\/10\/Narcisi-Borgo-Valbelluna_edited-600x420.jpg 600w, https:\/\/www.bellunopress.it\/wp-content\/uploads\/2020\/10\/Narcisi-Borgo-Valbelluna_edited-100x70.jpg 100w\" sizes=\"auto, (max-width: 800px) 100vw, 800px\" \/>Il Comune di Borgo Valbelluna in collaborazione con la Pro Loco di Lentiai e le<br \/>\nassociazioni del Municipio di Lentiai organizzano per le domeniche del 11, 18, 25 maggio,<br \/>\nle Giornate dei Narcisi.<\/p>\n<p>Un\u2019occasione per contribuire alla salvaguardia del narciso, il \u201cPrincipe Bianco\u201d delle nostre<br \/>\nmontagne, con un\u2019esperienza di sostenibilit\u00e0 ambientale indispensabile per salvaguardare questa tipicit\u00e0 del nostro crinale prealpino che attira ogni anno migliaia di visitatori. Proprio sul crinale di Garda \u2013 Col Moscher \u2013 Col d&#8217;Artent il progetto di recupero delle fioriture vede il prezioso lavoro del Gruppo Natura Lentiai, Unifarco e Amministrazione Comunale.<\/p>\n<p>Nell&#8217;ottica della gestione del flusso turistico, della piena fruibilit\u00e0 del sito nel rispetto della Natura, l&#8217;accesso veicolare sar\u00e0 interdetto in corrispondenza del ristorante Baiocco dove si potr\u00e0 lasciare la propria auto e salire sulla navetta che porta allo chalet di Col d&#8217;Artent al prezzo di 2 Euro Andata-Ritorno.<\/p>\n<p>Nei giorni 18 e 25 maggio, dalle ore 15:00 alle ore 18:00, sar\u00e0 possibile visitare le chiese di Bardies, Colder\u00f9 e Lentiai grazie ai volontari di Frammenti d\u2019Arte.<\/p>","protected":false},"excerpt":{"rendered":"<p>Il Comune di Borgo Valbelluna in collaborazione con la Pro Loco di Lentiai e le associazioni del Municipio di Lentiai organizzano per le domeniche del 11, 18, 25 maggio, le Giornate dei Narcisi. Un\u2019occasione per contribuire alla salvaguardia del narciso, il \u201cPrincipe Bianco\u201d delle nostre montagne, con un\u2019esperienza di sostenibilit\u00e0 ambientale indispensabile per salvaguardare questa [&hellip;]<\/p>\n","protected":false},"author":2,"featured_media":150802,"comment_status":"closed","ping_status":"open","sticky":false,"template":"","format":"standard","meta":{"footnotes":""},"categories":[38,26],"tags":[],"class_list":["post-160018","post","type-post","status-publish","format-standard","has-post-thumbnail","category-natura-ambiente","category-prima-pagina"],"yoast_head":"<!-- This site is optimized with the Yoast SEO plugin v28.4 - https:\/\/yoast.com\/product\/yoast-seo-wordpress\/ -->\n<title>Borgo Valbelluna. Le Giornate dei Narcisi: i meravigliosi prati di Col d\u2019Artent tornano a dare spettacolo - Bellunopress - Dolomiti<\/title>\n<meta name=\"robots\" content=\"index, follow, max-snippet:-1, max-image-preview:large, max-video-preview:-1\" \/>\n<link rel=\"canonical\" href=\"https:\/\/www.bellunopress.it\/fr\/2025\/05\/06\/borgo-valbelluna-le-giornate-dei-narcisi-i-meravigliosi-prati-di-col-dartent-tornano-a-dare-spettacolo\/\" \/>\n<meta property=\"og:locale\" content=\"fr_FR\" \/>\n<meta property=\"og:type\" content=\"article\" \/>\n<meta property=\"og:title\" content=\"Borgo Valbelluna. Le Giornate dei Narcisi: i meravigliosi prati di Col d\u2019Artent tornano a dare spettacolo - Bellunopress - Dolomiti\" \/>\n<meta property=\"og:description\" content=\"Il Comune di Borgo Valbelluna in collaborazione con la Pro Loco di Lentiai e le associazioni del Municipio di Lentiai organizzano per le domeniche del 11, 18, 25 maggio, le Giornate dei Narcisi. Un\u2019occasione per contribuire alla salvaguardia del narciso, il \u201cPrincipe Bianco\u201d delle nostre montagne, con un\u2019esperienza di sostenibilit\u00e0 ambientale indispensabile per salvaguardare questa [&hellip;]\" \/>\n<meta property=\"og:url\" content=\"https:\/\/www.bellunopress.it\/fr\/2025\/05\/06\/borgo-valbelluna-le-giornate-dei-narcisi-i-meravigliosi-prati-di-col-dartent-tornano-a-dare-spettacolo\/\" \/>\n<meta property=\"og:site_name\" content=\"Bellunopress - Dolomiti\" \/>\n<meta property=\"article:publisher\" content=\"https:\/\/www.facebook.com\/profile.php?id=100008943462799\" \/>\n<meta property=\"article:published_time\" content=\"2025-05-06T14:17:50+00:00\" \/>\n<meta property=\"article:modified_time\" content=\"2025-05-06T14:35:15+00:00\" \/>\n<meta property=\"og:image\" content=\"https:\/\/www.bellunopress.it\/wp-content\/uploads\/2024\/05\/narcisi-borgo-valbelluna.jpg\" \/>\n\t<meta property=\"og:image:width\" content=\"1000\" \/>\n\t<meta property=\"og:image:height\" content=\"667\" \/>\n\t<meta property=\"og:image:type\" content=\"image\/jpeg\" \/>\n<meta name=\"author\" content=\"redazione\" \/>\n<meta name=\"twitter:card\" content=\"summary_large_image\" \/>\n<meta name=\"twitter:creator\" content=\"@bellunopress\" \/>\n<meta name=\"twitter:site\" content=\"@bellunopress\" \/>\n<meta name=\"twitter:label1\" content=\"\u00c9crit par\" \/>\n\t<meta name=\"twitter:data1\" content=\"redazione\" \/>\n\t<meta name=\"twitter:label2\" content=\"Dur\u00e9e de lecture estim\u00e9e\" \/>\n\t<meta name=\"twitter:data2\" content=\"1 minute\" \/>\n<script type=\"application\/ld+json\" class=\"yoast-schema-graph\">{\"@context\":\"https:\\\/\\\/schema.org\",\"@graph\":[{\"@type\":\"Article\",\"@id\":\"https:\\\/\\\/www.bellunopress.it\\\/2025\\\/05\\\/06\\\/borgo-valbelluna-le-giornate-dei-narcisi-i-meravigliosi-prati-di-col-dartent-tornano-a-dare-spettacolo\\\/#article\",\"isPartOf\":{\"@id\":\"https:\\\/\\\/www.bellunopress.it\\\/2025\\\/05\\\/06\\\/borgo-valbelluna-le-giornate-dei-narcisi-i-meravigliosi-prati-di-col-dartent-tornano-a-dare-spettacolo\\\/\"},\"author\":{\"name\":\"redazione\",\"@id\":\"https:\\\/\\\/www.bellunopress.it\\\/#\\\/schema\\\/person\\\/79bb06722b37ece1c03d3e94beb30d73\"},\"headline\":\"Borgo Valbelluna. Le Giornate dei Narcisi: i meravigliosi prati di Col d\u2019Artent tornano a dare spettacolo\",\"datePublished\":\"2025-05-06T14:17:50+00:00\",\"dateModified\":\"2025-05-06T14:35:15+00:00\",\"mainEntityOfPage\":{\"@id\":\"https:\\\/\\\/www.bellunopress.it\\\/2025\\\/05\\\/06\\\/borgo-valbelluna-le-giornate-dei-narcisi-i-meravigliosi-prati-di-col-dartent-tornano-a-dare-spettacolo\\\/\"},\"wordCount\":186,\"publisher\":{\"@id\":\"https:\\\/\\\/www.bellunopress.it\\\/#organization\"},\"image\":{\"@id\":\"https:\\\/\\\/www.bellunopress.it\\\/2025\\\/05\\\/06\\\/borgo-valbelluna-le-giornate-dei-narcisi-i-meravigliosi-prati-di-col-dartent-tornano-a-dare-spettacolo\\\/#primaryimage\"},\"thumbnailUrl\":\"https:\\\/\\\/www.bellunopress.it\\\/wp-content\\\/uploads\\\/2024\\\/05\\\/narcisi-borgo-valbelluna.jpg\",\"articleSection\":[\"Meteo, natura, ambiente, animali\",\"Prima Pagina\"],\"inLanguage\":\"fr-FR\"},{\"@type\":\"WebPage\",\"@id\":\"https:\\\/\\\/www.bellunopress.it\\\/2025\\\/05\\\/06\\\/borgo-valbelluna-le-giornate-dei-narcisi-i-meravigliosi-prati-di-col-dartent-tornano-a-dare-spettacolo\\\/\",\"url\":\"https:\\\/\\\/www.bellunopress.it\\\/2025\\\/05\\\/06\\\/borgo-valbelluna-le-giornate-dei-narcisi-i-meravigliosi-prati-di-col-dartent-tornano-a-dare-spettacolo\\\/\",\"name\":\"Borgo Valbelluna. Le Giornate dei Narcisi: i meravigliosi prati di Col d\u2019Artent tornano a dare spettacolo - Bellunopress - Dolomiti\",\"isPartOf\":{\"@id\":\"https:\\\/\\\/www.bellunopress.it\\\/#website\"},\"primaryImageOfPage\":{\"@id\":\"https:\\\/\\\/www.bellunopress.it\\\/2025\\\/05\\\/06\\\/borgo-valbelluna-le-giornate-dei-narcisi-i-meravigliosi-prati-di-col-dartent-tornano-a-dare-spettacolo\\\/#primaryimage\"},\"image\":{\"@id\":\"https:\\\/\\\/www.bellunopress.it\\\/2025\\\/05\\\/06\\\/borgo-valbelluna-le-giornate-dei-narcisi-i-meravigliosi-prati-di-col-dartent-tornano-a-dare-spettacolo\\\/#primaryimage\"},\"thumbnailUrl\":\"https:\\\/\\\/www.bellunopress.it\\\/wp-content\\\/uploads\\\/2024\\\/05\\\/narcisi-borgo-valbelluna.jpg\",\"datePublished\":\"2025-05-06T14:17:50+00:00\",\"dateModified\":\"2025-05-06T14:35:15+00:00\",\"breadcrumb\":{\"@id\":\"https:\\\/\\\/www.bellunopress.it\\\/2025\\\/05\\\/06\\\/borgo-valbelluna-le-giornate-dei-narcisi-i-meravigliosi-prati-di-col-dartent-tornano-a-dare-spettacolo\\\/#breadcrumb\"},\"inLanguage\":\"fr-FR\",\"potentialAction\":[{\"@type\":\"ReadAction\",\"target\":[\"https:\\\/\\\/www.bellunopress.it\\\/2025\\\/05\\\/06\\\/borgo-valbelluna-le-giornate-dei-narcisi-i-meravigliosi-prati-di-col-dartent-tornano-a-dare-spettacolo\\\/\"]}]},{\"@type\":\"ImageObject\",\"inLanguage\":\"fr-FR\",\"@id\":\"https:\\\/\\\/www.bellunopress.it\\\/2025\\\/05\\\/06\\\/borgo-valbelluna-le-giornate-dei-narcisi-i-meravigliosi-prati-di-col-dartent-tornano-a-dare-spettacolo\\\/#primaryimage\",\"url\":\"https:\\\/\\\/www.bellunopress.it\\\/wp-content\\\/uploads\\\/2024\\\/05\\\/narcisi-borgo-valbelluna.jpg\",\"contentUrl\":\"https:\\\/\\\/www.bellunopress.it\\\/wp-content\\\/uploads\\\/2024\\\/05\\\/narcisi-borgo-valbelluna.jpg\",\"width\":1000,\"height\":667},{\"@type\":\"BreadcrumbList\",\"@id\":\"https:\\\/\\\/www.bellunopress.it\\\/2025\\\/05\\\/06\\\/borgo-valbelluna-le-giornate-dei-narcisi-i-meravigliosi-prati-di-col-dartent-tornano-a-dare-spettacolo\\\/#breadcrumb\",\"itemListElement\":[{\"@type\":\"ListItem\",\"position\":1,\"name\":\"Home\",\"item\":\"https:\\\/\\\/www.bellunopress.it\\\/\"},{\"@type\":\"ListItem\",\"position\":2,\"name\":\"Borgo Valbelluna. Le Giornate dei Narcisi: i meravigliosi prati di Col d\u2019Artent tornano a dare spettacolo\"}]},{\"@type\":\"WebSite\",\"@id\":\"https:\\\/\\\/www.bellunopress.it\\\/#website\",\"url\":\"https:\\\/\\\/www.bellunopress.it\\\/\",\"name\":\"Bellunopress - Dolomiti\",\"description\":\"e-mail: redazione@bellunopress.it\",\"publisher\":{\"@id\":\"https:\\\/\\\/www.bellunopress.it\\\/#organization\"},\"potentialAction\":[{\"@type\":\"SearchAction\",\"target\":{\"@type\":\"EntryPoint\",\"urlTemplate\":\"https:\\\/\\\/www.bellunopress.it\\\/?s={search_term_string}\"},\"query-input\":{\"@type\":\"PropertyValueSpecification\",\"valueRequired\":true,\"valueName\":\"search_term_string\"}}],\"inLanguage\":\"fr-FR\"},{\"@type\":\"Organization\",\"@id\":\"https:\\\/\\\/www.bellunopress.it\\\/#organization\",\"name\":\"Bellunopress\",\"url\":\"https:\\\/\\\/www.bellunopress.it\\\/\",\"logo\":{\"@type\":\"ImageObject\",\"inLanguage\":\"fr-FR\",\"@id\":\"https:\\\/\\\/www.bellunopress.it\\\/#\\\/schema\\\/logo\\\/image\\\/\",\"url\":\"https:\\\/\\\/www.bellunopress.it\\\/wp-content\\\/uploads\\\/2011\\\/05\\\/cropped-logo-bellunopress-.jpg\",\"contentUrl\":\"https:\\\/\\\/www.bellunopress.it\\\/wp-content\\\/uploads\\\/2011\\\/05\\\/cropped-logo-bellunopress-.jpg\",\"width\":512,\"height\":512,\"caption\":\"Bellunopress\"},\"image\":{\"@id\":\"https:\\\/\\\/www.bellunopress.it\\\/#\\\/schema\\\/logo\\\/image\\\/\"},\"sameAs\":[\"https:\\\/\\\/www.facebook.com\\\/profile.php?id=100008943462799\",\"https:\\\/\\\/x.com\\\/bellunopress\",\"https:\\\/\\\/www.linkedin.com\\\/hp\\\/?dnr=JBzUWaJfMUw8vbXJJ2tVW5-I3jZKvC4wsoxE&amp;amp;amp;amp;amp;amp;trk=nav_responsive_tab_home\",\"https:\\\/\\\/www.youtube.com\\\/channel\\\/UCxL0wu1uN0_3_7hGG0306cw\"]},{\"@type\":\"Person\",\"@id\":\"https:\\\/\\\/www.bellunopress.it\\\/#\\\/schema\\\/person\\\/79bb06722b37ece1c03d3e94beb30d73\",\"name\":\"redazione\",\"image\":{\"@type\":\"ImageObject\",\"inLanguage\":\"fr-FR\",\"@id\":\"https:\\\/\\\/secure.gravatar.com\\\/avatar\\\/37d968a2e67a6fd04c169c4bdef102d0bc5d31b2546345219e348575eb80e9a0?s=96&d=mm&r=g\",\"url\":\"https:\\\/\\\/secure.gravatar.com\\\/avatar\\\/37d968a2e67a6fd04c169c4bdef102d0bc5d31b2546345219e348575eb80e9a0?s=96&d=mm&r=g\",\"contentUrl\":\"https:\\\/\\\/secure.gravatar.com\\\/avatar\\\/37d968a2e67a6fd04c169c4bdef102d0bc5d31b2546345219e348575eb80e9a0?s=96&d=mm&r=g\",\"caption\":\"redazione\"},\"sameAs\":[\"http:\\\/\\\/www.bellunopress.it\",\"https:\\\/\\\/x.com\\\/bellunopress\"],\"url\":\"https:\\\/\\\/www.bellunopress.it\\\/fr\\\/author\\\/redazione\\\/\"}]}<\/script>\n<!-- \/ Yoast SEO plugin. -->","yoast_head_json":{"title":"Borgo Valbelluna. Le Giornate dei Narcisi: i meravigliosi prati di Col d\u2019Artent tornano a dare spettacolo - Bellunopress - Dolomiti","robots":{"index":"index","follow":"follow","max-snippet":"max-snippet:-1","max-image-preview":"max-image-preview:large","max-video-preview":"max-video-preview:-1"},"canonical":"https:\/\/www.bellunopress.it\/fr\/2025\/05\/06\/borgo-valbelluna-le-giornate-dei-narcisi-i-meravigliosi-prati-di-col-dartent-tornano-a-dare-spettacolo\/","og_locale":"fr_FR","og_type":"article","og_title":"Borgo Valbelluna. Le Giornate dei Narcisi: i meravigliosi prati di Col d\u2019Artent tornano a dare spettacolo - Bellunopress - Dolomiti","og_description":"Il Comune di Borgo Valbelluna in collaborazione con la Pro Loco di Lentiai e le associazioni del Municipio di Lentiai organizzano per le domeniche del 11, 18, 25 maggio, le Giornate dei Narcisi. Un\u2019occasione per contribuire alla salvaguardia del narciso, il \u201cPrincipe Bianco\u201d delle nostre montagne, con un\u2019esperienza di sostenibilit\u00e0 ambientale indispensabile per salvaguardare questa [&hellip;]","og_url":"https:\/\/www.bellunopress.it\/fr\/2025\/05\/06\/borgo-valbelluna-le-giornate-dei-narcisi-i-meravigliosi-prati-di-col-dartent-tornano-a-dare-spettacolo\/","og_site_name":"Bellunopress - Dolomiti","article_publisher":"https:\/\/www.facebook.com\/profile.php?id=100008943462799","article_published_time":"2025-05-06T14:17:50+00:00","article_modified_time":"2025-05-06T14:35:15+00:00","og_image":[{"width":1000,"height":667,"url":"https:\/\/www.bellunopress.it\/wp-content\/uploads\/2024\/05\/narcisi-borgo-valbelluna.jpg","type":"image\/jpeg"}],"author":"redazione","twitter_card":"summary_large_image","twitter_creator":"@bellunopress","twitter_site":"@bellunopress","twitter_misc":{"\u00c9crit par":"redazione","Dur\u00e9e de lecture estim\u00e9e":"1 minute"},"schema":{"@context":"https:\/\/schema.org","@graph":[{"@type":"Article","@id":"https:\/\/www.bellunopress.it\/2025\/05\/06\/borgo-valbelluna-le-giornate-dei-narcisi-i-meravigliosi-prati-di-col-dartent-tornano-a-dare-spettacolo\/#article","isPartOf":{"@id":"https:\/\/www.bellunopress.it\/2025\/05\/06\/borgo-valbelluna-le-giornate-dei-narcisi-i-meravigliosi-prati-di-col-dartent-tornano-a-dare-spettacolo\/"},"author":{"name":"redazione","@id":"https:\/\/www.bellunopress.it\/#\/schema\/person\/79bb06722b37ece1c03d3e94beb30d73"},"headline":"Borgo Valbelluna. Le Giornate dei Narcisi: i meravigliosi prati di Col d\u2019Artent tornano a dare spettacolo","datePublished":"2025-05-06T14:17:50+00:00","dateModified":"2025-05-06T14:35:15+00:00","mainEntityOfPage":{"@id":"https:\/\/www.bellunopress.it\/2025\/05\/06\/borgo-valbelluna-le-giornate-dei-narcisi-i-meravigliosi-prati-di-col-dartent-tornano-a-dare-spettacolo\/"},"wordCount":186,"publisher":{"@id":"https:\/\/www.bellunopress.it\/#organization"},"image":{"@id":"https:\/\/www.bellunopress.it\/2025\/05\/06\/borgo-valbelluna-le-giornate-dei-narcisi-i-meravigliosi-prati-di-col-dartent-tornano-a-dare-spettacolo\/#primaryimage"},"thumbnailUrl":"https:\/\/www.bellunopress.it\/wp-content\/uploads\/2024\/05\/narcisi-borgo-valbelluna.jpg","articleSection":["Meteo, natura, ambiente, animali","Prima Pagina"],"inLanguage":"fr-FR"},{"@type":"WebPage","@id":"https:\/\/www.bellunopress.it\/2025\/05\/06\/borgo-valbelluna-le-giornate-dei-narcisi-i-meravigliosi-prati-di-col-dartent-tornano-a-dare-spettacolo\/","url":"https:\/\/www.bellunopress.it\/2025\/05\/06\/borgo-valbelluna-le-giornate-dei-narcisi-i-meravigliosi-prati-di-col-dartent-tornano-a-dare-spettacolo\/","name":"Borgo Valbelluna. Le Giornate dei Narcisi: i meravigliosi prati di Col d\u2019Artent tornano a dare spettacolo - Bellunopress - Dolomiti","isPartOf":{"@id":"https:\/\/www.bellunopress.it\/#website"},"primaryImageOfPage":{"@id":"https:\/\/www.bellunopress.it\/2025\/05\/06\/borgo-valbelluna-le-giornate-dei-narcisi-i-meravigliosi-prati-di-col-dartent-tornano-a-dare-spettacolo\/#primaryimage"},"image":{"@id":"https:\/\/www.bellunopress.it\/2025\/05\/06\/borgo-valbelluna-le-giornate-dei-narcisi-i-meravigliosi-prati-di-col-dartent-tornano-a-dare-spettacolo\/#primaryimage"},"thumbnailUrl":"https:\/\/www.bellunopress.it\/wp-content\/uploads\/2024\/05\/narcisi-borgo-valbelluna.jpg","datePublished":"2025-05-06T14:17:50+00:00","dateModified":"2025-05-06T14:35:15+00:00","breadcrumb":{"@id":"https:\/\/www.bellunopress.it\/2025\/05\/06\/borgo-valbelluna-le-giornate-dei-narcisi-i-meravigliosi-prati-di-col-dartent-tornano-a-dare-spettacolo\/#breadcrumb"},"inLanguage":"fr-FR","potentialAction":[{"@type":"ReadAction","target":["https:\/\/www.bellunopress.it\/2025\/05\/06\/borgo-valbelluna-le-giornate-dei-narcisi-i-meravigliosi-prati-di-col-dartent-tornano-a-dare-spettacolo\/"]}]},{"@type":"ImageObject","inLanguage":"fr-FR","@id":"https:\/\/www.bellunopress.it\/2025\/05\/06\/borgo-valbelluna-le-giornate-dei-narcisi-i-meravigliosi-prati-di-col-dartent-tornano-a-dare-spettacolo\/#primaryimage","url":"https:\/\/www.bellunopress.it\/wp-content\/uploads\/2024\/05\/narcisi-borgo-valbelluna.jpg","contentUrl":"https:\/\/www.bellunopress.it\/wp-content\/uploads\/2024\/05\/narcisi-borgo-valbelluna.jpg","width":1000,"height":667},{"@type":"BreadcrumbList","@id":"https:\/\/www.bellunopress.it\/2025\/05\/06\/borgo-valbelluna-le-giornate-dei-narcisi-i-meravigliosi-prati-di-col-dartent-tornano-a-dare-spettacolo\/#breadcrumb","itemListElement":[{"@type":"ListItem","position":1,"name":"Home","item":"https:\/\/www.bellunopress.it\/"},{"@type":"ListItem","position":2,"name":"Borgo Valbelluna. Le Giornate dei Narcisi: i meravigliosi prati di Col d\u2019Artent tornano a dare spettacolo"}]},{"@type":"WebSite","@id":"https:\/\/www.bellunopress.it\/#website","url":"https:\/\/www.bellunopress.it\/","name":"Bellunopress - Dolomiti","description":"e-mail: redazione@bellunopress.it","publisher":{"@id":"https:\/\/www.bellunopress.it\/#organization"},"potentialAction":[{"@type":"SearchAction","target":{"@type":"EntryPoint","urlTemplate":"https:\/\/www.bellunopress.it\/?s={search_term_string}"},"query-input":{"@type":"PropertyValueSpecification","valueRequired":true,"valueName":"search_term_string"}}],"inLanguage":"fr-FR"},{"@type":"Organization","@id":"https:\/\/www.bellunopress.it\/#organization","name":"Bellunopress","url":"https:\/\/www.bellunopress.it\/","logo":{"@type":"ImageObject","inLanguage":"fr-FR","@id":"https:\/\/www.bellunopress.it\/#\/schema\/logo\/image\/","url":"https:\/\/www.bellunopress.it\/wp-content\/uploads\/2011\/05\/cropped-logo-bellunopress-.jpg","contentUrl":"https:\/\/www.bellunopress.it\/wp-content\/uploads\/2011\/05\/cropped-logo-bellunopress-.jpg","width":512,"height":512,"caption":"Bellunopress"},"image":{"@id":"https:\/\/www.bellunopress.it\/#\/schema\/logo\/image\/"},"sameAs":["https:\/\/www.facebook.com\/profile.php?id=100008943462799","https:\/\/x.com\/bellunopress","https:\/\/www.linkedin.com\/hp\/?dnr=JBzUWaJfMUw8vbXJJ2tVW5-I3jZKvC4wsoxE&amp;amp;amp;amp;amp;amp;trk=nav_responsive_tab_home","https:\/\/www.youtube.com\/channel\/UCxL0wu1uN0_3_7hGG0306cw"]},{"@type":"Person","@id":"https:\/\/www.bellunopress.it\/#\/schema\/person\/79bb06722b37ece1c03d3e94beb30d73","name":"r\u00e9daction","image":{"@type":"ImageObject","inLanguage":"fr-FR","@id":"https:\/\/secure.gravatar.com\/avatar\/37d968a2e67a6fd04c169c4bdef102d0bc5d31b2546345219e348575eb80e9a0?s=96&d=mm&r=g","url":"https:\/\/secure.gravatar.com\/avatar\/37d968a2e67a6fd04c169c4bdef102d0bc5d31b2546345219e348575eb80e9a0?s=96&d=mm&r=g","contentUrl":"https:\/\/secure.gravatar.com\/avatar\/37d968a2e67a6fd04c169c4bdef102d0bc5d31b2546345219e348575eb80e9a0?s=96&d=mm&r=g","caption":"redazione"},"sameAs":["http:\/\/www.bellunopress.it","https:\/\/x.com\/bellunopress"],"url":"https:\/\/www.bellunopress.it\/fr\/author\/redazione\/"}]}},"_links":{"self":[{"href":"https:\/\/www.bellunopress.it\/fr\/wp-json\/wp\/v2\/posts\/160018","targetHints":{"allow":["GET"]}}],"collection":[{"href":"https:\/\/www.bellunopress.it\/fr\/wp-json\/wp\/v2\/posts"}],"about":[{"href":"https:\/\/www.bellunopress.it\/fr\/wp-json\/wp\/v2\/types\/post"}],"author":[{"embeddable":true,"href":"https:\/\/www.bellunopress.it\/fr\/wp-json\/wp\/v2\/users\/2"}],"replies":[{"embeddable":true,"href":"https:\/\/www.bellunopress.it\/fr\/wp-json\/wp\/v2\/comments?post=160018"}],"version-history":[{"count":3,"href":"https:\/\/www.bellunopress.it\/fr\/wp-json\/wp\/v2\/posts\/160018\/revisions"}],"predecessor-version":[{"id":160023,"href":"https:\/\/www.bellunopress.it\/fr\/wp-json\/wp\/v2\/posts\/160018\/revisions\/160023"}],"wp:featuredmedia":[{"embeddable":true,"href":"https:\/\/www.bellunopress.it\/fr\/wp-json\/wp\/v2\/media\/150802"}],"wp:attachment":[{"href":"https:\/\/www.bellunopress.it\/fr\/wp-json\/wp\/v2\/media?parent=160018"}],"wp:term":[{"taxonomy":"category","embeddable":true,"href":"https:\/\/www.bellunopress.it\/fr\/wp-json\/wp\/v2\/categories?post=160018"},{"taxonomy":"post_tag","embeddable":true,"href":"https:\/\/www.bellunopress.it\/fr\/wp-json\/wp\/v2\/tags?post=160018"}],"curies":[{"name":"wp","href":"https:\/\/api.w.org\/{rel}","templated":true}]}}