{"id":159988,"date":"2025-05-05T15:01:06","date_gmt":"2025-05-05T13:01:06","guid":{"rendered":"https:\/\/www.bellunopress.it\/?p=159988"},"modified":"2025-05-05T15:01:06","modified_gmt":"2025-05-05T13:01:06","slug":"meteo-allerta-gialla-in-veneto","status":"publish","type":"post","link":"https:\/\/www.bellunopress.it\/fr\/2025\/05\/05\/meteo-allerta-gialla-in-veneto\/","title":{"rendered":"Meteo, allerta gialla in Veneto"},"content":{"rendered":"<p><img loading=\"lazy\" decoding=\"async\" class=\"aligncenter size-full wp-image-106641\" src=\"https:\/\/www.bellunopress.it\/wp-content\/uploads\/2019\/07\/scala-allerta-meteo.jpg\" alt=\"\" width=\"358\" height=\"209\" \/>Venezia, 5 maggio 2025\u00a0 &#8211;\u00a0 Meteo regionale segnala che tra il pomeriggio di oggi, luned\u00ec 5 maggio, e la prima parte di domani il tempo sar\u00e0 in prevalenza instabile, a tratti perturbato, con precipitazioni a prevalente carattere di rovescio o temporale localmente anche forti, pi\u00f9 frequenti sulle zone centro-settentrionali e con quantitativi localmente abbondanti specie sui settori orientali dove i fenomeni potranno risultare pi\u00f9 persistenti o ripetuti. Fenomeni pi\u00f9 irregolari potranno verificarsi nella seconda parte di marted\u00ec 6 maggio.<\/p>\n<p>Il Centro Funzionale Decentrato della Protezione Civile del Veneto ha previsto &#8211; dalle 14 di oggi alla stessa ora di domani \u2013 la fase operativa di attenzione (gialla) per temporali in tutto il territorio regionale.<\/p>\n<p>Fase di attenzione per criticit\u00e0 idrogeologica in tre bacini del Veneto: VENE-H (Piave Pedemontano, BL-TV), VENE-F (Basso Piave, Sile e Bacino scolante in laguna, VE-TV-PD), e VENE-G (Livenza, Lemene e Tagliamento, VE-TV); in quest\u2019ultima zona l\u2019allerta sar\u00e0 gialla anche per criticit\u00e0 idraulica.<\/p>\n<p>&nbsp;<\/p>","protected":false},"excerpt":{"rendered":"<p>Venezia, 5 maggio 2025\u00a0 &#8211;\u00a0 Meteo regionale segnala che tra il pomeriggio di oggi, luned\u00ec 5 maggio, e la prima parte di domani il tempo sar\u00e0 in prevalenza instabile, a tratti perturbato, con precipitazioni a prevalente carattere di rovescio o temporale localmente anche forti, pi\u00f9 frequenti sulle zone centro-settentrionali e con quantitativi localmente abbondanti specie [&hellip;]<\/p>\n","protected":false},"author":2,"featured_media":106641,"comment_status":"closed","ping_status":"open","sticky":false,"template":"","format":"standard","meta":{"footnotes":""},"categories":[38],"tags":[],"class_list":["post-159988","post","type-post","status-publish","format-standard","has-post-thumbnail","category-natura-ambiente"],"yoast_head":"<!-- This site is optimized with the Yoast SEO plugin v28.4 - https:\/\/yoast.com\/product\/yoast-seo-wordpress\/ -->\n<title>Meteo, allerta gialla in Veneto - Bellunopress - Dolomiti<\/title>\n<meta name=\"robots\" content=\"index, follow, max-snippet:-1, max-image-preview:large, max-video-preview:-1\" \/>\n<link rel=\"canonical\" href=\"https:\/\/www.bellunopress.it\/fr\/2025\/05\/05\/meteo-allerta-gialla-in-veneto\/\" \/>\n<meta property=\"og:locale\" content=\"fr_FR\" \/>\n<meta property=\"og:type\" content=\"article\" \/>\n<meta property=\"og:title\" content=\"Meteo, allerta gialla in Veneto - Bellunopress - Dolomiti\" \/>\n<meta property=\"og:description\" content=\"Venezia, 5 maggio 2025\u00a0 &#8211;\u00a0 Meteo regionale segnala che tra il pomeriggio di oggi, luned\u00ec 5 maggio, e la prima parte di domani il tempo sar\u00e0 in prevalenza instabile, a tratti perturbato, con precipitazioni a prevalente carattere di rovescio o temporale localmente anche forti, pi\u00f9 frequenti sulle zone centro-settentrionali e con quantitativi localmente abbondanti specie [&hellip;]\" \/>\n<meta property=\"og:url\" content=\"https:\/\/www.bellunopress.it\/fr\/2025\/05\/05\/meteo-allerta-gialla-in-veneto\/\" \/>\n<meta property=\"og:site_name\" content=\"Bellunopress - Dolomiti\" \/>\n<meta property=\"article:publisher\" content=\"https:\/\/www.facebook.com\/profile.php?id=100008943462799\" \/>\n<meta property=\"article:published_time\" content=\"2025-05-05T13:01:06+00:00\" \/>\n<meta property=\"og:image\" content=\"https:\/\/www.bellunopress.it\/wp-content\/uploads\/2019\/07\/scala-allerta-meteo.jpg\" \/>\n\t<meta property=\"og:image:width\" content=\"358\" \/>\n\t<meta property=\"og:image:height\" content=\"209\" \/>\n\t<meta property=\"og:image:type\" content=\"image\/jpeg\" \/>\n<meta name=\"author\" content=\"redazione\" \/>\n<meta name=\"twitter:card\" content=\"summary_large_image\" \/>\n<meta name=\"twitter:creator\" content=\"@bellunopress\" \/>\n<meta name=\"twitter:site\" content=\"@bellunopress\" \/>\n<meta name=\"twitter:label1\" content=\"\u00c9crit par\" \/>\n\t<meta name=\"twitter:data1\" content=\"redazione\" \/>\n\t<meta name=\"twitter:label2\" content=\"Dur\u00e9e de lecture estim\u00e9e\" \/>\n\t<meta name=\"twitter:data2\" content=\"1 minute\" \/>\n<script type=\"application\/ld+json\" class=\"yoast-schema-graph\">{\"@context\":\"https:\\\/\\\/schema.org\",\"@graph\":[{\"@type\":\"Article\",\"@id\":\"https:\\\/\\\/www.bellunopress.it\\\/2025\\\/05\\\/05\\\/meteo-allerta-gialla-in-veneto\\\/#article\",\"isPartOf\":{\"@id\":\"https:\\\/\\\/www.bellunopress.it\\\/2025\\\/05\\\/05\\\/meteo-allerta-gialla-in-veneto\\\/\"},\"author\":{\"name\":\"redazione\",\"@id\":\"https:\\\/\\\/www.bellunopress.it\\\/#\\\/schema\\\/person\\\/79bb06722b37ece1c03d3e94beb30d73\"},\"headline\":\"Meteo, allerta gialla in Veneto\",\"datePublished\":\"2025-05-05T13:01:06+00:00\",\"mainEntityOfPage\":{\"@id\":\"https:\\\/\\\/www.bellunopress.it\\\/2025\\\/05\\\/05\\\/meteo-allerta-gialla-in-veneto\\\/\"},\"wordCount\":158,\"publisher\":{\"@id\":\"https:\\\/\\\/www.bellunopress.it\\\/#organization\"},\"image\":{\"@id\":\"https:\\\/\\\/www.bellunopress.it\\\/2025\\\/05\\\/05\\\/meteo-allerta-gialla-in-veneto\\\/#primaryimage\"},\"thumbnailUrl\":\"https:\\\/\\\/www.bellunopress.it\\\/wp-content\\\/uploads\\\/2019\\\/07\\\/scala-allerta-meteo.jpg\",\"articleSection\":[\"Meteo, natura, ambiente, animali\"],\"inLanguage\":\"fr-FR\"},{\"@type\":\"WebPage\",\"@id\":\"https:\\\/\\\/www.bellunopress.it\\\/2025\\\/05\\\/05\\\/meteo-allerta-gialla-in-veneto\\\/\",\"url\":\"https:\\\/\\\/www.bellunopress.it\\\/2025\\\/05\\\/05\\\/meteo-allerta-gialla-in-veneto\\\/\",\"name\":\"Meteo, allerta gialla in Veneto - Bellunopress - Dolomiti\",\"isPartOf\":{\"@id\":\"https:\\\/\\\/www.bellunopress.it\\\/#website\"},\"primaryImageOfPage\":{\"@id\":\"https:\\\/\\\/www.bellunopress.it\\\/2025\\\/05\\\/05\\\/meteo-allerta-gialla-in-veneto\\\/#primaryimage\"},\"image\":{\"@id\":\"https:\\\/\\\/www.bellunopress.it\\\/2025\\\/05\\\/05\\\/meteo-allerta-gialla-in-veneto\\\/#primaryimage\"},\"thumbnailUrl\":\"https:\\\/\\\/www.bellunopress.it\\\/wp-content\\\/uploads\\\/2019\\\/07\\\/scala-allerta-meteo.jpg\",\"datePublished\":\"2025-05-05T13:01:06+00:00\",\"breadcrumb\":{\"@id\":\"https:\\\/\\\/www.bellunopress.it\\\/2025\\\/05\\\/05\\\/meteo-allerta-gialla-in-veneto\\\/#breadcrumb\"},\"inLanguage\":\"fr-FR\",\"potentialAction\":[{\"@type\":\"ReadAction\",\"target\":[\"https:\\\/\\\/www.bellunopress.it\\\/2025\\\/05\\\/05\\\/meteo-allerta-gialla-in-veneto\\\/\"]}]},{\"@type\":\"ImageObject\",\"inLanguage\":\"fr-FR\",\"@id\":\"https:\\\/\\\/www.bellunopress.it\\\/2025\\\/05\\\/05\\\/meteo-allerta-gialla-in-veneto\\\/#primaryimage\",\"url\":\"https:\\\/\\\/www.bellunopress.it\\\/wp-content\\\/uploads\\\/2019\\\/07\\\/scala-allerta-meteo.jpg\",\"contentUrl\":\"https:\\\/\\\/www.bellunopress.it\\\/wp-content\\\/uploads\\\/2019\\\/07\\\/scala-allerta-meteo.jpg\",\"width\":358,\"height\":209},{\"@type\":\"BreadcrumbList\",\"@id\":\"https:\\\/\\\/www.bellunopress.it\\\/2025\\\/05\\\/05\\\/meteo-allerta-gialla-in-veneto\\\/#breadcrumb\",\"itemListElement\":[{\"@type\":\"ListItem\",\"position\":1,\"name\":\"Home\",\"item\":\"https:\\\/\\\/www.bellunopress.it\\\/\"},{\"@type\":\"ListItem\",\"position\":2,\"name\":\"Meteo, allerta gialla in Veneto\"}]},{\"@type\":\"WebSite\",\"@id\":\"https:\\\/\\\/www.bellunopress.it\\\/#website\",\"url\":\"https:\\\/\\\/www.bellunopress.it\\\/\",\"name\":\"Bellunopress - Dolomiti\",\"description\":\"e-mail: redazione@bellunopress.it\",\"publisher\":{\"@id\":\"https:\\\/\\\/www.bellunopress.it\\\/#organization\"},\"potentialAction\":[{\"@type\":\"SearchAction\",\"target\":{\"@type\":\"EntryPoint\",\"urlTemplate\":\"https:\\\/\\\/www.bellunopress.it\\\/?s={search_term_string}\"},\"query-input\":{\"@type\":\"PropertyValueSpecification\",\"valueRequired\":true,\"valueName\":\"search_term_string\"}}],\"inLanguage\":\"fr-FR\"},{\"@type\":\"Organization\",\"@id\":\"https:\\\/\\\/www.bellunopress.it\\\/#organization\",\"name\":\"Bellunopress\",\"url\":\"https:\\\/\\\/www.bellunopress.it\\\/\",\"logo\":{\"@type\":\"ImageObject\",\"inLanguage\":\"fr-FR\",\"@id\":\"https:\\\/\\\/www.bellunopress.it\\\/#\\\/schema\\\/logo\\\/image\\\/\",\"url\":\"https:\\\/\\\/www.bellunopress.it\\\/wp-content\\\/uploads\\\/2011\\\/05\\\/cropped-logo-bellunopress-.jpg\",\"contentUrl\":\"https:\\\/\\\/www.bellunopress.it\\\/wp-content\\\/uploads\\\/2011\\\/05\\\/cropped-logo-bellunopress-.jpg\",\"width\":512,\"height\":512,\"caption\":\"Bellunopress\"},\"image\":{\"@id\":\"https:\\\/\\\/www.bellunopress.it\\\/#\\\/schema\\\/logo\\\/image\\\/\"},\"sameAs\":[\"https:\\\/\\\/www.facebook.com\\\/profile.php?id=100008943462799\",\"https:\\\/\\\/x.com\\\/bellunopress\",\"https:\\\/\\\/www.linkedin.com\\\/hp\\\/?dnr=JBzUWaJfMUw8vbXJJ2tVW5-I3jZKvC4wsoxE&amp;amp;amp;amp;amp;amp;trk=nav_responsive_tab_home\",\"https:\\\/\\\/www.youtube.com\\\/channel\\\/UCxL0wu1uN0_3_7hGG0306cw\"]},{\"@type\":\"Person\",\"@id\":\"https:\\\/\\\/www.bellunopress.it\\\/#\\\/schema\\\/person\\\/79bb06722b37ece1c03d3e94beb30d73\",\"name\":\"redazione\",\"image\":{\"@type\":\"ImageObject\",\"inLanguage\":\"fr-FR\",\"@id\":\"https:\\\/\\\/secure.gravatar.com\\\/avatar\\\/37d968a2e67a6fd04c169c4bdef102d0bc5d31b2546345219e348575eb80e9a0?s=96&d=mm&r=g\",\"url\":\"https:\\\/\\\/secure.gravatar.com\\\/avatar\\\/37d968a2e67a6fd04c169c4bdef102d0bc5d31b2546345219e348575eb80e9a0?s=96&d=mm&r=g\",\"contentUrl\":\"https:\\\/\\\/secure.gravatar.com\\\/avatar\\\/37d968a2e67a6fd04c169c4bdef102d0bc5d31b2546345219e348575eb80e9a0?s=96&d=mm&r=g\",\"caption\":\"redazione\"},\"sameAs\":[\"http:\\\/\\\/www.bellunopress.it\",\"https:\\\/\\\/x.com\\\/bellunopress\"],\"url\":\"https:\\\/\\\/www.bellunopress.it\\\/fr\\\/author\\\/redazione\\\/\"}]}<\/script>\n<!-- \/ Yoast SEO plugin. -->","yoast_head_json":{"title":"Meteo, allerta gialla in Veneto - Bellunopress - Dolomiti","robots":{"index":"index","follow":"follow","max-snippet":"max-snippet:-1","max-image-preview":"max-image-preview:large","max-video-preview":"max-video-preview:-1"},"canonical":"https:\/\/www.bellunopress.it\/fr\/2025\/05\/05\/meteo-allerta-gialla-in-veneto\/","og_locale":"fr_FR","og_type":"article","og_title":"Meteo, allerta gialla in Veneto - Bellunopress - Dolomiti","og_description":"Venezia, 5 maggio 2025\u00a0 &#8211;\u00a0 Meteo regionale segnala che tra il pomeriggio di oggi, luned\u00ec 5 maggio, e la prima parte di domani il tempo sar\u00e0 in prevalenza instabile, a tratti perturbato, con precipitazioni a prevalente carattere di rovescio o temporale localmente anche forti, pi\u00f9 frequenti sulle zone centro-settentrionali e con quantitativi localmente abbondanti specie [&hellip;]","og_url":"https:\/\/www.bellunopress.it\/fr\/2025\/05\/05\/meteo-allerta-gialla-in-veneto\/","og_site_name":"Bellunopress - Dolomiti","article_publisher":"https:\/\/www.facebook.com\/profile.php?id=100008943462799","article_published_time":"2025-05-05T13:01:06+00:00","og_image":[{"width":358,"height":209,"url":"https:\/\/www.bellunopress.it\/wp-content\/uploads\/2019\/07\/scala-allerta-meteo.jpg","type":"image\/jpeg"}],"author":"redazione","twitter_card":"summary_large_image","twitter_creator":"@bellunopress","twitter_site":"@bellunopress","twitter_misc":{"\u00c9crit par":"redazione","Dur\u00e9e de lecture estim\u00e9e":"1 minute"},"schema":{"@context":"https:\/\/schema.org","@graph":[{"@type":"Article","@id":"https:\/\/www.bellunopress.it\/2025\/05\/05\/meteo-allerta-gialla-in-veneto\/#article","isPartOf":{"@id":"https:\/\/www.bellunopress.it\/2025\/05\/05\/meteo-allerta-gialla-in-veneto\/"},"author":{"name":"redazione","@id":"https:\/\/www.bellunopress.it\/#\/schema\/person\/79bb06722b37ece1c03d3e94beb30d73"},"headline":"Meteo, allerta gialla in Veneto","datePublished":"2025-05-05T13:01:06+00:00","mainEntityOfPage":{"@id":"https:\/\/www.bellunopress.it\/2025\/05\/05\/meteo-allerta-gialla-in-veneto\/"},"wordCount":158,"publisher":{"@id":"https:\/\/www.bellunopress.it\/#organization"},"image":{"@id":"https:\/\/www.bellunopress.it\/2025\/05\/05\/meteo-allerta-gialla-in-veneto\/#primaryimage"},"thumbnailUrl":"https:\/\/www.bellunopress.it\/wp-content\/uploads\/2019\/07\/scala-allerta-meteo.jpg","articleSection":["Meteo, natura, ambiente, animali"],"inLanguage":"fr-FR"},{"@type":"WebPage","@id":"https:\/\/www.bellunopress.it\/2025\/05\/05\/meteo-allerta-gialla-in-veneto\/","url":"https:\/\/www.bellunopress.it\/2025\/05\/05\/meteo-allerta-gialla-in-veneto\/","name":"Meteo, allerta gialla in Veneto - Bellunopress - Dolomiti","isPartOf":{"@id":"https:\/\/www.bellunopress.it\/#website"},"primaryImageOfPage":{"@id":"https:\/\/www.bellunopress.it\/2025\/05\/05\/meteo-allerta-gialla-in-veneto\/#primaryimage"},"image":{"@id":"https:\/\/www.bellunopress.it\/2025\/05\/05\/meteo-allerta-gialla-in-veneto\/#primaryimage"},"thumbnailUrl":"https:\/\/www.bellunopress.it\/wp-content\/uploads\/2019\/07\/scala-allerta-meteo.jpg","datePublished":"2025-05-05T13:01:06+00:00","breadcrumb":{"@id":"https:\/\/www.bellunopress.it\/2025\/05\/05\/meteo-allerta-gialla-in-veneto\/#breadcrumb"},"inLanguage":"fr-FR","potentialAction":[{"@type":"ReadAction","target":["https:\/\/www.bellunopress.it\/2025\/05\/05\/meteo-allerta-gialla-in-veneto\/"]}]},{"@type":"ImageObject","inLanguage":"fr-FR","@id":"https:\/\/www.bellunopress.it\/2025\/05\/05\/meteo-allerta-gialla-in-veneto\/#primaryimage","url":"https:\/\/www.bellunopress.it\/wp-content\/uploads\/2019\/07\/scala-allerta-meteo.jpg","contentUrl":"https:\/\/www.bellunopress.it\/wp-content\/uploads\/2019\/07\/scala-allerta-meteo.jpg","width":358,"height":209},{"@type":"BreadcrumbList","@id":"https:\/\/www.bellunopress.it\/2025\/05\/05\/meteo-allerta-gialla-in-veneto\/#breadcrumb","itemListElement":[{"@type":"ListItem","position":1,"name":"Home","item":"https:\/\/www.bellunopress.it\/"},{"@type":"ListItem","position":2,"name":"Meteo, allerta gialla in Veneto"}]},{"@type":"WebSite","@id":"https:\/\/www.bellunopress.it\/#website","url":"https:\/\/www.bellunopress.it\/","name":"Bellunopress - Dolomiti","description":"e-mail: redazione@bellunopress.it","publisher":{"@id":"https:\/\/www.bellunopress.it\/#organization"},"potentialAction":[{"@type":"SearchAction","target":{"@type":"EntryPoint","urlTemplate":"https:\/\/www.bellunopress.it\/?s={search_term_string}"},"query-input":{"@type":"PropertyValueSpecification","valueRequired":true,"valueName":"search_term_string"}}],"inLanguage":"fr-FR"},{"@type":"Organization","@id":"https:\/\/www.bellunopress.it\/#organization","name":"Bellunopress","url":"https:\/\/www.bellunopress.it\/","logo":{"@type":"ImageObject","inLanguage":"fr-FR","@id":"https:\/\/www.bellunopress.it\/#\/schema\/logo\/image\/","url":"https:\/\/www.bellunopress.it\/wp-content\/uploads\/2011\/05\/cropped-logo-bellunopress-.jpg","contentUrl":"https:\/\/www.bellunopress.it\/wp-content\/uploads\/2011\/05\/cropped-logo-bellunopress-.jpg","width":512,"height":512,"caption":"Bellunopress"},"image":{"@id":"https:\/\/www.bellunopress.it\/#\/schema\/logo\/image\/"},"sameAs":["https:\/\/www.facebook.com\/profile.php?id=100008943462799","https:\/\/x.com\/bellunopress","https:\/\/www.linkedin.com\/hp\/?dnr=JBzUWaJfMUw8vbXJJ2tVW5-I3jZKvC4wsoxE&amp;amp;amp;amp;amp;amp;trk=nav_responsive_tab_home","https:\/\/www.youtube.com\/channel\/UCxL0wu1uN0_3_7hGG0306cw"]},{"@type":"Person","@id":"https:\/\/www.bellunopress.it\/#\/schema\/person\/79bb06722b37ece1c03d3e94beb30d73","name":"r\u00e9daction","image":{"@type":"ImageObject","inLanguage":"fr-FR","@id":"https:\/\/secure.gravatar.com\/avatar\/37d968a2e67a6fd04c169c4bdef102d0bc5d31b2546345219e348575eb80e9a0?s=96&d=mm&r=g","url":"https:\/\/secure.gravatar.com\/avatar\/37d968a2e67a6fd04c169c4bdef102d0bc5d31b2546345219e348575eb80e9a0?s=96&d=mm&r=g","contentUrl":"https:\/\/secure.gravatar.com\/avatar\/37d968a2e67a6fd04c169c4bdef102d0bc5d31b2546345219e348575eb80e9a0?s=96&d=mm&r=g","caption":"redazione"},"sameAs":["http:\/\/www.bellunopress.it","https:\/\/x.com\/bellunopress"],"url":"https:\/\/www.bellunopress.it\/fr\/author\/redazione\/"}]}},"_links":{"self":[{"href":"https:\/\/www.bellunopress.it\/fr\/wp-json\/wp\/v2\/posts\/159988","targetHints":{"allow":["GET"]}}],"collection":[{"href":"https:\/\/www.bellunopress.it\/fr\/wp-json\/wp\/v2\/posts"}],"about":[{"href":"https:\/\/www.bellunopress.it\/fr\/wp-json\/wp\/v2\/types\/post"}],"author":[{"embeddable":true,"href":"https:\/\/www.bellunopress.it\/fr\/wp-json\/wp\/v2\/users\/2"}],"replies":[{"embeddable":true,"href":"https:\/\/www.bellunopress.it\/fr\/wp-json\/wp\/v2\/comments?post=159988"}],"version-history":[{"count":1,"href":"https:\/\/www.bellunopress.it\/fr\/wp-json\/wp\/v2\/posts\/159988\/revisions"}],"predecessor-version":[{"id":159989,"href":"https:\/\/www.bellunopress.it\/fr\/wp-json\/wp\/v2\/posts\/159988\/revisions\/159989"}],"wp:featuredmedia":[{"embeddable":true,"href":"https:\/\/www.bellunopress.it\/fr\/wp-json\/wp\/v2\/media\/106641"}],"wp:attachment":[{"href":"https:\/\/www.bellunopress.it\/fr\/wp-json\/wp\/v2\/media?parent=159988"}],"wp:term":[{"taxonomy":"category","embeddable":true,"href":"https:\/\/www.bellunopress.it\/fr\/wp-json\/wp\/v2\/categories?post=159988"},{"taxonomy":"post_tag","embeddable":true,"href":"https:\/\/www.bellunopress.it\/fr\/wp-json\/wp\/v2\/tags?post=159988"}],"curies":[{"name":"wp","href":"https:\/\/api.w.org\/{rel}","templated":true}]}}