{"id":159808,"date":"2025-04-27T16:19:14","date_gmt":"2025-04-27T14:19:14","guid":{"rendered":"https:\/\/www.bellunopress.it\/?p=159808"},"modified":"2025-04-27T16:19:14","modified_gmt":"2025-04-27T14:19:14","slug":"isacco-costa-colora-di-tricolore-lundicesima-edizione-del-trail-de-le-longane","status":"publish","type":"post","link":"https:\/\/www.bellunopress.it\/fr\/2025\/04\/27\/isacco-costa-colora-di-tricolore-lundicesima-edizione-del-trail-de-le-longane\/","title":{"rendered":"Isacco Costa colora di tricolore l&#8217;undicesima edizione del Trail de le Longane"},"content":{"rendered":"<figure id=\"attachment_159809\" aria-describedby=\"caption-attachment-159809\" style=\"width: 1000px\" class=\"wp-caption aligncenter\"><img loading=\"lazy\" decoding=\"async\" class=\"size-full wp-image-159809\" src=\"https:\/\/www.bellunopress.it\/wp-content\/uploads\/2025\/04\/trail-longane-27-aprile-2025_il-vincitore-isacco-costa_edited.jpg\" alt=\"\" width=\"1000\" height=\"751\" srcset=\"https:\/\/www.bellunopress.it\/wp-content\/uploads\/2025\/04\/trail-longane-27-aprile-2025_il-vincitore-isacco-costa_edited.jpg 1000w, https:\/\/www.bellunopress.it\/wp-content\/uploads\/2025\/04\/trail-longane-27-aprile-2025_il-vincitore-isacco-costa_edited-500x376.jpg 500w, https:\/\/www.bellunopress.it\/wp-content\/uploads\/2025\/04\/trail-longane-27-aprile-2025_il-vincitore-isacco-costa_edited-559x420.jpg 559w, https:\/\/www.bellunopress.it\/wp-content\/uploads\/2025\/04\/trail-longane-27-aprile-2025_il-vincitore-isacco-costa_edited-80x60.jpg 80w, https:\/\/www.bellunopress.it\/wp-content\/uploads\/2025\/04\/trail-longane-27-aprile-2025_il-vincitore-isacco-costa_edited-696x523.jpg 696w\" sizes=\"auto, (max-width: 1000px) 100vw, 1000px\" \/><figcaption id=\"caption-attachment-159809\" class=\"wp-caption-text\">Trail delle Longane 27 aprile 2025. Il vincitore Isacco Costa<\/figcaption><\/figure>\n<p><strong>Vittoria del campione italiano di corsa in montagna a Lozzo di Cadore, sulle Dolomiti Bellunesi. Successo friulano tra le donne con Sara Nait<\/strong><\/p>\n<p>Lozzo di Cadore (Belluno), 27 aprile 2025 \u2013 Isacco Costa colora di tricolore il Trail de le Longane 2025. \u00c8 infatti l&#8217;ingegnere zoldano, classe 1999, campione italiano in carica di corsa in montagna, a imporsi nell&#8217;undicesima edizione dell&#8217;evento di trail running proposto, domenica 27 aprile, a Lozzo di Cadore, sulle Dolomiti Bellunesi, dal Gruppo Fatti di Lozzo e dall&#8217;Unione sportiva Aquilotti, in collaborazione con le Sezioni Cadorine del Cai e il Soccorso Alpino di Pieve di Cadore, Centro Cadore e Auronzo.<\/p>\n<p>Sui 15 chilometri del tracciato cadorino (1.100 i metri di dislivello positivo) Costa \u00e8 stato autore di una prestazione di eccellenza, fermando il cronometro sul tempo di 1&#8217;07&#8243;12, tempo che non gli ha comunque consentito di battere la migliore prestazione, quella stabilit\u00e0 da Abdoullah Bamoussa nel 2013 (1h06&#8217;13&#8221;). L&#8217;unico che ha tenuto per un po&#8217; testa al vincitore \u00e8 stato il friulano Michael Galassi (ex azzurro del biathlon), finito a 1&#8217;05&#8221;. A completare il podio, staccato di 5&#8217;29&#8221;, un altro atleta friulano, Giulio Simonetti.<\/p>\n<p>Tra le donne, dominio incontrastato per Sara Nait: la friulana del Team Aldo Moro Nortec ha vinto in 1h31&#8217;37&#8221;, precedendo di quasi 5&#8242; la compagna di squadra Jaska Martin e di quasi 7&#8242; la bellunese Cecilia De Filippo.<\/p>\n<p>\u00abNumero di partecipanti in crescita, oltre duecento, e ottimo livello tecnico: mandiamo in archivio il Trail de le Longane 2025 con grande soddisfazione\u00bb commenta Andrea Forni, coordinatore del comitato organizzatore. \u00abUn ringraziamento a tutti coloro che ci hanno dato una mano. E anche al meteo che \u00e8 stato clemente per tutta la mattinata\u00bb!<\/p>\n<p>Classifica maschile: 1. Isacco Costa (Team Salomon \u2013 Sinteco) 1h07.12; 2. Michael Galassi (Aldo Moro Paluzza Nortec) 1h08.17; 3. Giulio Simonetti (Gemonatletica) 1h12.41; 4. Nicola Mostacchetti (Atletica Valle Brembana) 1h13.21; 5. Mattia Preschern (Us Aldo Moro) 1h13.51; 6. Dylan De Michiel (Sinteco Running Team) 1h14.30; 7. Giovanni De Bon (Gruppo Marciatori Calalzo) 1h14.49; 8. Francesco Lorenzi (Team Scarpa) 1h15.16; 9. Massimo Garlatti (Team Aldo Moro Nortec) 1h16.17; 10. Lorenzo Buttazzoni (Team Aldo Moro Nortec) 1h17.31<\/p>\n<p>Classifica femminile: 1. Sara Nait (Team Aldo Moro Nortec) 1h31.37; 2. Jaska Martin (Team Aldo Moro Nortec) 1h36.35; 3. Cecilia De Filippo (Dolomiti Ski Alp) 1h38.33; 4. Katia Zandegiacomo (Us Tre Cime Auronzo) 1h40.09; 5. Valentina Bombassei (Us Tre Cime Auronzo) 1h40.19; 6. Elena Funes (Team Rosa) 1h46.26; 7. Rosy Martin (Team Aldo Moro Nortec) 1h46.52; 8. Marzia Rovato (Atletica Vittorio Veneto) 1h56.16; 9. Arianna Viezzer 2h00.55; 10. Leila Bressan 2h04.42.<\/p>","protected":false},"excerpt":{"rendered":"<p>Vittoria del campione italiano di corsa in montagna a Lozzo di Cadore, sulle Dolomiti Bellunesi. Successo friulano tra le donne con Sara Nait Lozzo di Cadore (Belluno), 27 aprile 2025 \u2013 Isacco Costa colora di tricolore il Trail de le Longane 2025. \u00c8 infatti l&#8217;ingegnere zoldano, classe 1999, campione italiano in carica di corsa in [&hellip;]<\/p>\n","protected":false},"author":2,"featured_media":159809,"comment_status":"closed","ping_status":"open","sticky":false,"template":"","format":"standard","meta":{"footnotes":""},"categories":[26,4],"tags":[],"class_list":["post-159808","post","type-post","status-publish","format-standard","has-post-thumbnail","category-prima-pagina","category-sport"],"yoast_head":"<!-- This site is optimized with the Yoast SEO plugin v28.4 - https:\/\/yoast.com\/product\/yoast-seo-wordpress\/ -->\n<title>Isacco Costa colora di tricolore l&#039;undicesima edizione del Trail de le Longane - Bellunopress - Dolomiti<\/title>\n<meta name=\"robots\" content=\"index, follow, max-snippet:-1, max-image-preview:large, max-video-preview:-1\" \/>\n<link rel=\"canonical\" href=\"https:\/\/www.bellunopress.it\/fr\/2025\/04\/27\/isacco-costa-colora-di-tricolore-lundicesima-edizione-del-trail-de-le-longane\/\" \/>\n<meta property=\"og:locale\" content=\"fr_FR\" \/>\n<meta property=\"og:type\" content=\"article\" \/>\n<meta property=\"og:title\" content=\"Isacco Costa colora di tricolore l&#039;undicesima edizione del Trail de le Longane - Bellunopress - Dolomiti\" \/>\n<meta property=\"og:description\" content=\"Vittoria del campione italiano di corsa in montagna a Lozzo di Cadore, sulle Dolomiti Bellunesi. Successo friulano tra le donne con Sara Nait Lozzo di Cadore (Belluno), 27 aprile 2025 \u2013 Isacco Costa colora di tricolore il Trail de le Longane 2025. \u00c8 infatti l&#8217;ingegnere zoldano, classe 1999, campione italiano in carica di corsa in [&hellip;]\" \/>\n<meta property=\"og:url\" content=\"https:\/\/www.bellunopress.it\/fr\/2025\/04\/27\/isacco-costa-colora-di-tricolore-lundicesima-edizione-del-trail-de-le-longane\/\" \/>\n<meta property=\"og:site_name\" content=\"Bellunopress - Dolomiti\" \/>\n<meta property=\"article:publisher\" content=\"https:\/\/www.facebook.com\/profile.php?id=100008943462799\" \/>\n<meta property=\"article:published_time\" content=\"2025-04-27T14:19:14+00:00\" \/>\n<meta property=\"og:image\" content=\"https:\/\/www.bellunopress.it\/wp-content\/uploads\/2025\/04\/trail-longane-27-aprile-2025_il-vincitore-isacco-costa_edited.jpg\" \/>\n\t<meta property=\"og:image:width\" content=\"1000\" \/>\n\t<meta property=\"og:image:height\" content=\"751\" \/>\n\t<meta property=\"og:image:type\" content=\"image\/jpeg\" \/>\n<meta name=\"author\" content=\"redazione\" \/>\n<meta name=\"twitter:card\" content=\"summary_large_image\" \/>\n<meta name=\"twitter:creator\" content=\"@bellunopress\" \/>\n<meta name=\"twitter:site\" content=\"@bellunopress\" \/>\n<meta name=\"twitter:label1\" content=\"\u00c9crit par\" \/>\n\t<meta name=\"twitter:data1\" content=\"redazione\" \/>\n\t<meta name=\"twitter:label2\" content=\"Dur\u00e9e de lecture estim\u00e9e\" \/>\n\t<meta name=\"twitter:data2\" content=\"2 minutes\" \/>\n<script type=\"application\/ld+json\" class=\"yoast-schema-graph\">{\"@context\":\"https:\\\/\\\/schema.org\",\"@graph\":[{\"@type\":\"Article\",\"@id\":\"https:\\\/\\\/www.bellunopress.it\\\/2025\\\/04\\\/27\\\/isacco-costa-colora-di-tricolore-lundicesima-edizione-del-trail-de-le-longane\\\/#article\",\"isPartOf\":{\"@id\":\"https:\\\/\\\/www.bellunopress.it\\\/2025\\\/04\\\/27\\\/isacco-costa-colora-di-tricolore-lundicesima-edizione-del-trail-de-le-longane\\\/\"},\"author\":{\"name\":\"redazione\",\"@id\":\"https:\\\/\\\/www.bellunopress.it\\\/#\\\/schema\\\/person\\\/79bb06722b37ece1c03d3e94beb30d73\"},\"headline\":\"Isacco Costa colora di tricolore l&#8217;undicesima edizione del Trail de le Longane\",\"datePublished\":\"2025-04-27T14:19:14+00:00\",\"mainEntityOfPage\":{\"@id\":\"https:\\\/\\\/www.bellunopress.it\\\/2025\\\/04\\\/27\\\/isacco-costa-colora-di-tricolore-lundicesima-edizione-del-trail-de-le-longane\\\/\"},\"wordCount\":418,\"publisher\":{\"@id\":\"https:\\\/\\\/www.bellunopress.it\\\/#organization\"},\"image\":{\"@id\":\"https:\\\/\\\/www.bellunopress.it\\\/2025\\\/04\\\/27\\\/isacco-costa-colora-di-tricolore-lundicesima-edizione-del-trail-de-le-longane\\\/#primaryimage\"},\"thumbnailUrl\":\"https:\\\/\\\/www.bellunopress.it\\\/wp-content\\\/uploads\\\/2025\\\/04\\\/trail-longane-27-aprile-2025_il-vincitore-isacco-costa_edited.jpg\",\"articleSection\":[\"Prima Pagina\",\"Sport, tempo libero\"],\"inLanguage\":\"fr-FR\"},{\"@type\":\"WebPage\",\"@id\":\"https:\\\/\\\/www.bellunopress.it\\\/2025\\\/04\\\/27\\\/isacco-costa-colora-di-tricolore-lundicesima-edizione-del-trail-de-le-longane\\\/\",\"url\":\"https:\\\/\\\/www.bellunopress.it\\\/2025\\\/04\\\/27\\\/isacco-costa-colora-di-tricolore-lundicesima-edizione-del-trail-de-le-longane\\\/\",\"name\":\"Isacco Costa colora di tricolore l'undicesima edizione del Trail de le Longane - Bellunopress - Dolomiti\",\"isPartOf\":{\"@id\":\"https:\\\/\\\/www.bellunopress.it\\\/#website\"},\"primaryImageOfPage\":{\"@id\":\"https:\\\/\\\/www.bellunopress.it\\\/2025\\\/04\\\/27\\\/isacco-costa-colora-di-tricolore-lundicesima-edizione-del-trail-de-le-longane\\\/#primaryimage\"},\"image\":{\"@id\":\"https:\\\/\\\/www.bellunopress.it\\\/2025\\\/04\\\/27\\\/isacco-costa-colora-di-tricolore-lundicesima-edizione-del-trail-de-le-longane\\\/#primaryimage\"},\"thumbnailUrl\":\"https:\\\/\\\/www.bellunopress.it\\\/wp-content\\\/uploads\\\/2025\\\/04\\\/trail-longane-27-aprile-2025_il-vincitore-isacco-costa_edited.jpg\",\"datePublished\":\"2025-04-27T14:19:14+00:00\",\"breadcrumb\":{\"@id\":\"https:\\\/\\\/www.bellunopress.it\\\/2025\\\/04\\\/27\\\/isacco-costa-colora-di-tricolore-lundicesima-edizione-del-trail-de-le-longane\\\/#breadcrumb\"},\"inLanguage\":\"fr-FR\",\"potentialAction\":[{\"@type\":\"ReadAction\",\"target\":[\"https:\\\/\\\/www.bellunopress.it\\\/2025\\\/04\\\/27\\\/isacco-costa-colora-di-tricolore-lundicesima-edizione-del-trail-de-le-longane\\\/\"]}]},{\"@type\":\"ImageObject\",\"inLanguage\":\"fr-FR\",\"@id\":\"https:\\\/\\\/www.bellunopress.it\\\/2025\\\/04\\\/27\\\/isacco-costa-colora-di-tricolore-lundicesima-edizione-del-trail-de-le-longane\\\/#primaryimage\",\"url\":\"https:\\\/\\\/www.bellunopress.it\\\/wp-content\\\/uploads\\\/2025\\\/04\\\/trail-longane-27-aprile-2025_il-vincitore-isacco-costa_edited.jpg\",\"contentUrl\":\"https:\\\/\\\/www.bellunopress.it\\\/wp-content\\\/uploads\\\/2025\\\/04\\\/trail-longane-27-aprile-2025_il-vincitore-isacco-costa_edited.jpg\",\"width\":1000,\"height\":751,\"caption\":\"Trail delle Longane 27 aprile 2025. Il vincitore Isacco Costa\"},{\"@type\":\"BreadcrumbList\",\"@id\":\"https:\\\/\\\/www.bellunopress.it\\\/2025\\\/04\\\/27\\\/isacco-costa-colora-di-tricolore-lundicesima-edizione-del-trail-de-le-longane\\\/#breadcrumb\",\"itemListElement\":[{\"@type\":\"ListItem\",\"position\":1,\"name\":\"Home\",\"item\":\"https:\\\/\\\/www.bellunopress.it\\\/\"},{\"@type\":\"ListItem\",\"position\":2,\"name\":\"Isacco Costa colora di tricolore l&#8217;undicesima edizione del Trail de le Longane\"}]},{\"@type\":\"WebSite\",\"@id\":\"https:\\\/\\\/www.bellunopress.it\\\/#website\",\"url\":\"https:\\\/\\\/www.bellunopress.it\\\/\",\"name\":\"Bellunopress - Dolomiti\",\"description\":\"e-mail: redazione@bellunopress.it\",\"publisher\":{\"@id\":\"https:\\\/\\\/www.bellunopress.it\\\/#organization\"},\"potentialAction\":[{\"@type\":\"SearchAction\",\"target\":{\"@type\":\"EntryPoint\",\"urlTemplate\":\"https:\\\/\\\/www.bellunopress.it\\\/?s={search_term_string}\"},\"query-input\":{\"@type\":\"PropertyValueSpecification\",\"valueRequired\":true,\"valueName\":\"search_term_string\"}}],\"inLanguage\":\"fr-FR\"},{\"@type\":\"Organization\",\"@id\":\"https:\\\/\\\/www.bellunopress.it\\\/#organization\",\"name\":\"Bellunopress\",\"url\":\"https:\\\/\\\/www.bellunopress.it\\\/\",\"logo\":{\"@type\":\"ImageObject\",\"inLanguage\":\"fr-FR\",\"@id\":\"https:\\\/\\\/www.bellunopress.it\\\/#\\\/schema\\\/logo\\\/image\\\/\",\"url\":\"https:\\\/\\\/www.bellunopress.it\\\/wp-content\\\/uploads\\\/2011\\\/05\\\/cropped-logo-bellunopress-.jpg\",\"contentUrl\":\"https:\\\/\\\/www.bellunopress.it\\\/wp-content\\\/uploads\\\/2011\\\/05\\\/cropped-logo-bellunopress-.jpg\",\"width\":512,\"height\":512,\"caption\":\"Bellunopress\"},\"image\":{\"@id\":\"https:\\\/\\\/www.bellunopress.it\\\/#\\\/schema\\\/logo\\\/image\\\/\"},\"sameAs\":[\"https:\\\/\\\/www.facebook.com\\\/profile.php?id=100008943462799\",\"https:\\\/\\\/x.com\\\/bellunopress\",\"https:\\\/\\\/www.linkedin.com\\\/hp\\\/?dnr=JBzUWaJfMUw8vbXJJ2tVW5-I3jZKvC4wsoxE&amp;amp;amp;amp;amp;amp;trk=nav_responsive_tab_home\",\"https:\\\/\\\/www.youtube.com\\\/channel\\\/UCxL0wu1uN0_3_7hGG0306cw\"]},{\"@type\":\"Person\",\"@id\":\"https:\\\/\\\/www.bellunopress.it\\\/#\\\/schema\\\/person\\\/79bb06722b37ece1c03d3e94beb30d73\",\"name\":\"redazione\",\"image\":{\"@type\":\"ImageObject\",\"inLanguage\":\"fr-FR\",\"@id\":\"https:\\\/\\\/secure.gravatar.com\\\/avatar\\\/37d968a2e67a6fd04c169c4bdef102d0bc5d31b2546345219e348575eb80e9a0?s=96&d=mm&r=g\",\"url\":\"https:\\\/\\\/secure.gravatar.com\\\/avatar\\\/37d968a2e67a6fd04c169c4bdef102d0bc5d31b2546345219e348575eb80e9a0?s=96&d=mm&r=g\",\"contentUrl\":\"https:\\\/\\\/secure.gravatar.com\\\/avatar\\\/37d968a2e67a6fd04c169c4bdef102d0bc5d31b2546345219e348575eb80e9a0?s=96&d=mm&r=g\",\"caption\":\"redazione\"},\"sameAs\":[\"http:\\\/\\\/www.bellunopress.it\",\"https:\\\/\\\/x.com\\\/bellunopress\"],\"url\":\"https:\\\/\\\/www.bellunopress.it\\\/fr\\\/author\\\/redazione\\\/\"}]}<\/script>\n<!-- \/ Yoast SEO plugin. -->","yoast_head_json":{"title":"Isacco Costa colora di tricolore l'undicesima edizione del Trail de le Longane - Bellunopress - Dolomiti","robots":{"index":"index","follow":"follow","max-snippet":"max-snippet:-1","max-image-preview":"max-image-preview:large","max-video-preview":"max-video-preview:-1"},"canonical":"https:\/\/www.bellunopress.it\/fr\/2025\/04\/27\/isacco-costa-colora-di-tricolore-lundicesima-edizione-del-trail-de-le-longane\/","og_locale":"fr_FR","og_type":"article","og_title":"Isacco Costa colora di tricolore l'undicesima edizione del Trail de le Longane - Bellunopress - Dolomiti","og_description":"Vittoria del campione italiano di corsa in montagna a Lozzo di Cadore, sulle Dolomiti Bellunesi. Successo friulano tra le donne con Sara Nait Lozzo di Cadore (Belluno), 27 aprile 2025 \u2013 Isacco Costa colora di tricolore il Trail de le Longane 2025. \u00c8 infatti l&#8217;ingegnere zoldano, classe 1999, campione italiano in carica di corsa in [&hellip;]","og_url":"https:\/\/www.bellunopress.it\/fr\/2025\/04\/27\/isacco-costa-colora-di-tricolore-lundicesima-edizione-del-trail-de-le-longane\/","og_site_name":"Bellunopress - Dolomiti","article_publisher":"https:\/\/www.facebook.com\/profile.php?id=100008943462799","article_published_time":"2025-04-27T14:19:14+00:00","og_image":[{"width":1000,"height":751,"url":"https:\/\/www.bellunopress.it\/wp-content\/uploads\/2025\/04\/trail-longane-27-aprile-2025_il-vincitore-isacco-costa_edited.jpg","type":"image\/jpeg"}],"author":"redazione","twitter_card":"summary_large_image","twitter_creator":"@bellunopress","twitter_site":"@bellunopress","twitter_misc":{"\u00c9crit par":"redazione","Dur\u00e9e de lecture estim\u00e9e":"2 minutes"},"schema":{"@context":"https:\/\/schema.org","@graph":[{"@type":"Article","@id":"https:\/\/www.bellunopress.it\/2025\/04\/27\/isacco-costa-colora-di-tricolore-lundicesima-edizione-del-trail-de-le-longane\/#article","isPartOf":{"@id":"https:\/\/www.bellunopress.it\/2025\/04\/27\/isacco-costa-colora-di-tricolore-lundicesima-edizione-del-trail-de-le-longane\/"},"author":{"name":"redazione","@id":"https:\/\/www.bellunopress.it\/#\/schema\/person\/79bb06722b37ece1c03d3e94beb30d73"},"headline":"Isacco Costa colora di tricolore l&#8217;undicesima edizione del Trail de le Longane","datePublished":"2025-04-27T14:19:14+00:00","mainEntityOfPage":{"@id":"https:\/\/www.bellunopress.it\/2025\/04\/27\/isacco-costa-colora-di-tricolore-lundicesima-edizione-del-trail-de-le-longane\/"},"wordCount":418,"publisher":{"@id":"https:\/\/www.bellunopress.it\/#organization"},"image":{"@id":"https:\/\/www.bellunopress.it\/2025\/04\/27\/isacco-costa-colora-di-tricolore-lundicesima-edizione-del-trail-de-le-longane\/#primaryimage"},"thumbnailUrl":"https:\/\/www.bellunopress.it\/wp-content\/uploads\/2025\/04\/trail-longane-27-aprile-2025_il-vincitore-isacco-costa_edited.jpg","articleSection":["Prima Pagina","Sport, tempo libero"],"inLanguage":"fr-FR"},{"@type":"WebPage","@id":"https:\/\/www.bellunopress.it\/2025\/04\/27\/isacco-costa-colora-di-tricolore-lundicesima-edizione-del-trail-de-le-longane\/","url":"https:\/\/www.bellunopress.it\/2025\/04\/27\/isacco-costa-colora-di-tricolore-lundicesima-edizione-del-trail-de-le-longane\/","name":"Isacco Costa colora di tricolore l'undicesima edizione del Trail de le Longane - Bellunopress - Dolomiti","isPartOf":{"@id":"https:\/\/www.bellunopress.it\/#website"},"primaryImageOfPage":{"@id":"https:\/\/www.bellunopress.it\/2025\/04\/27\/isacco-costa-colora-di-tricolore-lundicesima-edizione-del-trail-de-le-longane\/#primaryimage"},"image":{"@id":"https:\/\/www.bellunopress.it\/2025\/04\/27\/isacco-costa-colora-di-tricolore-lundicesima-edizione-del-trail-de-le-longane\/#primaryimage"},"thumbnailUrl":"https:\/\/www.bellunopress.it\/wp-content\/uploads\/2025\/04\/trail-longane-27-aprile-2025_il-vincitore-isacco-costa_edited.jpg","datePublished":"2025-04-27T14:19:14+00:00","breadcrumb":{"@id":"https:\/\/www.bellunopress.it\/2025\/04\/27\/isacco-costa-colora-di-tricolore-lundicesima-edizione-del-trail-de-le-longane\/#breadcrumb"},"inLanguage":"fr-FR","potentialAction":[{"@type":"ReadAction","target":["https:\/\/www.bellunopress.it\/2025\/04\/27\/isacco-costa-colora-di-tricolore-lundicesima-edizione-del-trail-de-le-longane\/"]}]},{"@type":"ImageObject","inLanguage":"fr-FR","@id":"https:\/\/www.bellunopress.it\/2025\/04\/27\/isacco-costa-colora-di-tricolore-lundicesima-edizione-del-trail-de-le-longane\/#primaryimage","url":"https:\/\/www.bellunopress.it\/wp-content\/uploads\/2025\/04\/trail-longane-27-aprile-2025_il-vincitore-isacco-costa_edited.jpg","contentUrl":"https:\/\/www.bellunopress.it\/wp-content\/uploads\/2025\/04\/trail-longane-27-aprile-2025_il-vincitore-isacco-costa_edited.jpg","width":1000,"height":751,"caption":"Trail delle Longane 27 aprile 2025. Il vincitore Isacco Costa"},{"@type":"BreadcrumbList","@id":"https:\/\/www.bellunopress.it\/2025\/04\/27\/isacco-costa-colora-di-tricolore-lundicesima-edizione-del-trail-de-le-longane\/#breadcrumb","itemListElement":[{"@type":"ListItem","position":1,"name":"Home","item":"https:\/\/www.bellunopress.it\/"},{"@type":"ListItem","position":2,"name":"Isacco Costa colora di tricolore l&#8217;undicesima edizione del Trail de le Longane"}]},{"@type":"WebSite","@id":"https:\/\/www.bellunopress.it\/#website","url":"https:\/\/www.bellunopress.it\/","name":"Bellunopress - Dolomiti","description":"e-mail: redazione@bellunopress.it","publisher":{"@id":"https:\/\/www.bellunopress.it\/#organization"},"potentialAction":[{"@type":"SearchAction","target":{"@type":"EntryPoint","urlTemplate":"https:\/\/www.bellunopress.it\/?s={search_term_string}"},"query-input":{"@type":"PropertyValueSpecification","valueRequired":true,"valueName":"search_term_string"}}],"inLanguage":"fr-FR"},{"@type":"Organization","@id":"https:\/\/www.bellunopress.it\/#organization","name":"Bellunopress","url":"https:\/\/www.bellunopress.it\/","logo":{"@type":"ImageObject","inLanguage":"fr-FR","@id":"https:\/\/www.bellunopress.it\/#\/schema\/logo\/image\/","url":"https:\/\/www.bellunopress.it\/wp-content\/uploads\/2011\/05\/cropped-logo-bellunopress-.jpg","contentUrl":"https:\/\/www.bellunopress.it\/wp-content\/uploads\/2011\/05\/cropped-logo-bellunopress-.jpg","width":512,"height":512,"caption":"Bellunopress"},"image":{"@id":"https:\/\/www.bellunopress.it\/#\/schema\/logo\/image\/"},"sameAs":["https:\/\/www.facebook.com\/profile.php?id=100008943462799","https:\/\/x.com\/bellunopress","https:\/\/www.linkedin.com\/hp\/?dnr=JBzUWaJfMUw8vbXJJ2tVW5-I3jZKvC4wsoxE&amp;amp;amp;amp;amp;amp;trk=nav_responsive_tab_home","https:\/\/www.youtube.com\/channel\/UCxL0wu1uN0_3_7hGG0306cw"]},{"@type":"Person","@id":"https:\/\/www.bellunopress.it\/#\/schema\/person\/79bb06722b37ece1c03d3e94beb30d73","name":"r\u00e9daction","image":{"@type":"ImageObject","inLanguage":"fr-FR","@id":"https:\/\/secure.gravatar.com\/avatar\/37d968a2e67a6fd04c169c4bdef102d0bc5d31b2546345219e348575eb80e9a0?s=96&d=mm&r=g","url":"https:\/\/secure.gravatar.com\/avatar\/37d968a2e67a6fd04c169c4bdef102d0bc5d31b2546345219e348575eb80e9a0?s=96&d=mm&r=g","contentUrl":"https:\/\/secure.gravatar.com\/avatar\/37d968a2e67a6fd04c169c4bdef102d0bc5d31b2546345219e348575eb80e9a0?s=96&d=mm&r=g","caption":"redazione"},"sameAs":["http:\/\/www.bellunopress.it","https:\/\/x.com\/bellunopress"],"url":"https:\/\/www.bellunopress.it\/fr\/author\/redazione\/"}]}},"_links":{"self":[{"href":"https:\/\/www.bellunopress.it\/fr\/wp-json\/wp\/v2\/posts\/159808","targetHints":{"allow":["GET"]}}],"collection":[{"href":"https:\/\/www.bellunopress.it\/fr\/wp-json\/wp\/v2\/posts"}],"about":[{"href":"https:\/\/www.bellunopress.it\/fr\/wp-json\/wp\/v2\/types\/post"}],"author":[{"embeddable":true,"href":"https:\/\/www.bellunopress.it\/fr\/wp-json\/wp\/v2\/users\/2"}],"replies":[{"embeddable":true,"href":"https:\/\/www.bellunopress.it\/fr\/wp-json\/wp\/v2\/comments?post=159808"}],"version-history":[{"count":1,"href":"https:\/\/www.bellunopress.it\/fr\/wp-json\/wp\/v2\/posts\/159808\/revisions"}],"predecessor-version":[{"id":159810,"href":"https:\/\/www.bellunopress.it\/fr\/wp-json\/wp\/v2\/posts\/159808\/revisions\/159810"}],"wp:featuredmedia":[{"embeddable":true,"href":"https:\/\/www.bellunopress.it\/fr\/wp-json\/wp\/v2\/media\/159809"}],"wp:attachment":[{"href":"https:\/\/www.bellunopress.it\/fr\/wp-json\/wp\/v2\/media?parent=159808"}],"wp:term":[{"taxonomy":"category","embeddable":true,"href":"https:\/\/www.bellunopress.it\/fr\/wp-json\/wp\/v2\/categories?post=159808"},{"taxonomy":"post_tag","embeddable":true,"href":"https:\/\/www.bellunopress.it\/fr\/wp-json\/wp\/v2\/tags?post=159808"}],"curies":[{"name":"wp","href":"https:\/\/api.w.org\/{rel}","templated":true}]}}