{"id":159801,"date":"2025-04-26T21:23:19","date_gmt":"2025-04-26T19:23:19","guid":{"rendered":"https:\/\/www.bellunopress.it\/?p=159801"},"modified":"2025-04-26T21:23:19","modified_gmt":"2025-04-26T19:23:19","slug":"appello-contro-le-deroghe-al-divieto-al-transito-di-veicoli-nelle-strade-silvo-pastorali","status":"publish","type":"post","link":"https:\/\/www.bellunopress.it\/fr\/2025\/04\/26\/appello-contro-le-deroghe-al-divieto-al-transito-di-veicoli-nelle-strade-silvo-pastorali\/","title":{"rendered":"Appello contro le deroghe al divieto al transito di veicoli nelle strade silvo-pastorali"},"content":{"rendered":"<p><em><img loading=\"lazy\" decoding=\"async\" class=\"aligncenter size-full wp-image-142988\" src=\"https:\/\/www.bellunopress.it\/wp-content\/uploads\/2023\/07\/peraltrestrade_edited.jpg\" alt=\"\" width=\"1000\" height=\"251\" srcset=\"https:\/\/www.bellunopress.it\/wp-content\/uploads\/2023\/07\/peraltrestrade_edited.jpg 1000w, https:\/\/www.bellunopress.it\/wp-content\/uploads\/2023\/07\/peraltrestrade_edited-500x126.jpg 500w, https:\/\/www.bellunopress.it\/wp-content\/uploads\/2023\/07\/peraltrestrade_edited-696x175.jpg 696w\" sizes=\"auto, (max-width: 1000px) 100vw, 1000px\" \/>PDL n. 189 sostenuto da Lega e Federcaccia \u201cModifiche e integrazioni alla legge regionale 31 marzo 1992, n. 14\u00a0<\/em><br \/>\n<em>Disciplina della viabilit\u00e0 silvopastorale\u201d in votazione il 29 aprile 2025<\/em><\/p>\n<p>Marted\u00ec 29 aprile il Consiglio Regionale voter\u00e0 un progetto di legge relativo a modifiche alla norma sulla viabilit\u00e0 silvo-pastorale che, se fosse approvato, causerebbe un impatto molto negativo per le nostre colline e montagne.<\/p>\n<p>Presentato da nove consiglieri della Lega (primo firmatario Gianpietro Possamai, presidente<br \/>\nregionale di Federcaccia Veneto) il progetto prevede l\u2019introduzione di deroghe al divieto di<br \/>\ntransito dei mezzi a motore nelle strade silvo-pastorali che, in assenza di controlli stringenti, costituirebbe un potenziale via libera ad invadere i sentieri anche di alta quota per migliaia di fuoristrada di coloro che esercitano attivit\u00e0 collegate con la caccia.<\/p>\n<p>Gi\u00e0 nell\u2019ottobre del 2018 ci fu un tentativo analogo che non and\u00f2 a buon fine per la ferma<br \/>\nopposizione del CAI Veneto e di altre Associazioni e Istituzioni. Il tentativo si ripete oggi con la proposta di inserire tre nuove categorie che potrebbero andare in deroga alla legge regionale, cio\u00e8:<br \/>\na) soggetti privati gestori della fauna selvatica,<br \/>\nb) conduttori di cani da recupero,<br \/>\nc) soggetti per il contenimento di specie invasive,<br \/>\ncategorie di operatori, queste, che fino ad oggi hanno potuto svolgere il loro ruolo senza la necessit\u00e0 di dover violare il divieto di circolazione.<\/p>\n<p>\u00c8 nostra convinzione che aprire ai mezzi a motore la viabilit\u00e0 silvo-pastorale per scopi privatistici (venatori o altro) comporti problemi che vanno ben oltre la tutela della fauna selvatica e incida negativamente sul corretto governo del territorio forestale, montano e delle aree protette.<br \/>\nRiteniamo inoltre che un tale provvedimento vada contro gli interessi della montagna, dei montanari e degli escursionisti per i problemi che porta con s\u00e9 legati alla sicurezza, da garantire in tutte le situazioni, alla manutenzione ordinaria e straordinaria, alla responsabilit\u00e0 penale. A questo si aggiunga l\u2019inquinamento ambientale e acustico che un maggiore traffico di mezzi motorizzati comporterebbe in ambienti delicati e di grande pregio naturalistico e il rischio che con l\u2019incremento della viabilit\u00e0 aumenti ancor di pi\u00f9 l\u2019opera di bracconaggio, non sempre facile da contenere.<\/p>\n<p>Per tutti questi motivi invitiamo i cittadini veneti a mobilitarsi nel modo che riterranno pi\u00f9<br \/>\nopportuno, in modo particolare presso i Consiglieri regionali del loro territorio, per fare in<br \/>\nmodo che almeno i sentieri vietati al traffico privato rimangano liberi da mezzi a motore e<br \/>\nrestino a disposizione di chi desidera camminare in sicurezza, nel silenzio e nella tranquillit\u00e0<br \/>\ndella natura.<\/p>\n<p><strong>26 aprile 2025<\/strong><br \/>\n<strong>Peraltrestrade Dolomiti<\/strong><br \/>\n<strong>per COORDINAMENTO ASSOCIAZIONI PER AMBIENTE E LEGALIT\u00c0 ALTO BELLUNESE<\/strong><\/p>","protected":false},"excerpt":{"rendered":"<p>PDL n. 189 sostenuto da Lega e Federcaccia \u201cModifiche e integrazioni alla legge regionale 31 marzo 1992, n. 14\u00a0 Disciplina della viabilit\u00e0 silvopastorale\u201d in votazione il 29 aprile 2025 Marted\u00ec 29 aprile il Consiglio Regionale voter\u00e0 un progetto di legge relativo a modifiche alla norma sulla viabilit\u00e0 silvo-pastorale che, se fosse approvato, causerebbe un impatto [&hellip;]<\/p>\n","protected":false},"author":2,"featured_media":142988,"comment_status":"closed","ping_status":"open","sticky":false,"template":"","format":"standard","meta":{"footnotes":""},"categories":[38,8],"tags":[],"class_list":["post-159801","post","type-post","status-publish","format-standard","has-post-thumbnail","category-natura-ambiente","category-societa-istituzioni"],"yoast_head":"<!-- This site is optimized with the Yoast SEO plugin v28.4 - https:\/\/yoast.com\/product\/yoast-seo-wordpress\/ -->\n<title>Appello contro le deroghe al divieto al transito di veicoli nelle strade silvo-pastorali - Bellunopress - Dolomiti<\/title>\n<meta name=\"robots\" content=\"index, follow, max-snippet:-1, max-image-preview:large, max-video-preview:-1\" \/>\n<link rel=\"canonical\" href=\"https:\/\/www.bellunopress.it\/fr\/2025\/04\/26\/appello-contro-le-deroghe-al-divieto-al-transito-di-veicoli-nelle-strade-silvo-pastorali\/\" \/>\n<meta property=\"og:locale\" content=\"fr_FR\" \/>\n<meta property=\"og:type\" content=\"article\" \/>\n<meta property=\"og:title\" content=\"Appello contro le deroghe al divieto al transito di veicoli nelle strade silvo-pastorali - Bellunopress - Dolomiti\" \/>\n<meta property=\"og:description\" content=\"PDL n. 189 sostenuto da Lega e Federcaccia \u201cModifiche e integrazioni alla legge regionale 31 marzo 1992, n. 14\u00a0 Disciplina della viabilit\u00e0 silvopastorale\u201d in votazione il 29 aprile 2025 Marted\u00ec 29 aprile il Consiglio Regionale voter\u00e0 un progetto di legge relativo a modifiche alla norma sulla viabilit\u00e0 silvo-pastorale che, se fosse approvato, causerebbe un impatto [&hellip;]\" \/>\n<meta property=\"og:url\" content=\"https:\/\/www.bellunopress.it\/fr\/2025\/04\/26\/appello-contro-le-deroghe-al-divieto-al-transito-di-veicoli-nelle-strade-silvo-pastorali\/\" \/>\n<meta property=\"og:site_name\" content=\"Bellunopress - Dolomiti\" \/>\n<meta property=\"article:publisher\" content=\"https:\/\/www.facebook.com\/profile.php?id=100008943462799\" \/>\n<meta property=\"article:published_time\" content=\"2025-04-26T19:23:19+00:00\" \/>\n<meta property=\"og:image\" content=\"https:\/\/www.bellunopress.it\/wp-content\/uploads\/2023\/07\/peraltrestrade_edited.jpg\" \/>\n\t<meta property=\"og:image:width\" content=\"1000\" \/>\n\t<meta property=\"og:image:height\" content=\"251\" \/>\n\t<meta property=\"og:image:type\" content=\"image\/jpeg\" \/>\n<meta name=\"author\" content=\"redazione\" \/>\n<meta name=\"twitter:card\" content=\"summary_large_image\" \/>\n<meta name=\"twitter:creator\" content=\"@bellunopress\" \/>\n<meta name=\"twitter:site\" content=\"@bellunopress\" \/>\n<meta name=\"twitter:label1\" content=\"\u00c9crit par\" \/>\n\t<meta name=\"twitter:data1\" content=\"redazione\" \/>\n\t<meta name=\"twitter:label2\" content=\"Dur\u00e9e de lecture estim\u00e9e\" \/>\n\t<meta name=\"twitter:data2\" content=\"2 minutes\" \/>\n<script type=\"application\/ld+json\" class=\"yoast-schema-graph\">{\"@context\":\"https:\\\/\\\/schema.org\",\"@graph\":[{\"@type\":\"Article\",\"@id\":\"https:\\\/\\\/www.bellunopress.it\\\/2025\\\/04\\\/26\\\/appello-contro-le-deroghe-al-divieto-al-transito-di-veicoli-nelle-strade-silvo-pastorali\\\/#article\",\"isPartOf\":{\"@id\":\"https:\\\/\\\/www.bellunopress.it\\\/2025\\\/04\\\/26\\\/appello-contro-le-deroghe-al-divieto-al-transito-di-veicoli-nelle-strade-silvo-pastorali\\\/\"},\"author\":{\"name\":\"redazione\",\"@id\":\"https:\\\/\\\/www.bellunopress.it\\\/#\\\/schema\\\/person\\\/79bb06722b37ece1c03d3e94beb30d73\"},\"headline\":\"Appello contro le deroghe al divieto al transito di veicoli nelle strade silvo-pastorali\",\"datePublished\":\"2025-04-26T19:23:19+00:00\",\"mainEntityOfPage\":{\"@id\":\"https:\\\/\\\/www.bellunopress.it\\\/2025\\\/04\\\/26\\\/appello-contro-le-deroghe-al-divieto-al-transito-di-veicoli-nelle-strade-silvo-pastorali\\\/\"},\"wordCount\":432,\"publisher\":{\"@id\":\"https:\\\/\\\/www.bellunopress.it\\\/#organization\"},\"image\":{\"@id\":\"https:\\\/\\\/www.bellunopress.it\\\/2025\\\/04\\\/26\\\/appello-contro-le-deroghe-al-divieto-al-transito-di-veicoli-nelle-strade-silvo-pastorali\\\/#primaryimage\"},\"thumbnailUrl\":\"https:\\\/\\\/www.bellunopress.it\\\/wp-content\\\/uploads\\\/2023\\\/07\\\/peraltrestrade_edited.jpg\",\"articleSection\":[\"Meteo, natura, ambiente, animali\",\"Societ\u00e0, Associazioni, Istituzioni\"],\"inLanguage\":\"fr-FR\"},{\"@type\":\"WebPage\",\"@id\":\"https:\\\/\\\/www.bellunopress.it\\\/2025\\\/04\\\/26\\\/appello-contro-le-deroghe-al-divieto-al-transito-di-veicoli-nelle-strade-silvo-pastorali\\\/\",\"url\":\"https:\\\/\\\/www.bellunopress.it\\\/2025\\\/04\\\/26\\\/appello-contro-le-deroghe-al-divieto-al-transito-di-veicoli-nelle-strade-silvo-pastorali\\\/\",\"name\":\"Appello contro le deroghe al divieto al transito di veicoli nelle strade silvo-pastorali - Bellunopress - Dolomiti\",\"isPartOf\":{\"@id\":\"https:\\\/\\\/www.bellunopress.it\\\/#website\"},\"primaryImageOfPage\":{\"@id\":\"https:\\\/\\\/www.bellunopress.it\\\/2025\\\/04\\\/26\\\/appello-contro-le-deroghe-al-divieto-al-transito-di-veicoli-nelle-strade-silvo-pastorali\\\/#primaryimage\"},\"image\":{\"@id\":\"https:\\\/\\\/www.bellunopress.it\\\/2025\\\/04\\\/26\\\/appello-contro-le-deroghe-al-divieto-al-transito-di-veicoli-nelle-strade-silvo-pastorali\\\/#primaryimage\"},\"thumbnailUrl\":\"https:\\\/\\\/www.bellunopress.it\\\/wp-content\\\/uploads\\\/2023\\\/07\\\/peraltrestrade_edited.jpg\",\"datePublished\":\"2025-04-26T19:23:19+00:00\",\"breadcrumb\":{\"@id\":\"https:\\\/\\\/www.bellunopress.it\\\/2025\\\/04\\\/26\\\/appello-contro-le-deroghe-al-divieto-al-transito-di-veicoli-nelle-strade-silvo-pastorali\\\/#breadcrumb\"},\"inLanguage\":\"fr-FR\",\"potentialAction\":[{\"@type\":\"ReadAction\",\"target\":[\"https:\\\/\\\/www.bellunopress.it\\\/2025\\\/04\\\/26\\\/appello-contro-le-deroghe-al-divieto-al-transito-di-veicoli-nelle-strade-silvo-pastorali\\\/\"]}]},{\"@type\":\"ImageObject\",\"inLanguage\":\"fr-FR\",\"@id\":\"https:\\\/\\\/www.bellunopress.it\\\/2025\\\/04\\\/26\\\/appello-contro-le-deroghe-al-divieto-al-transito-di-veicoli-nelle-strade-silvo-pastorali\\\/#primaryimage\",\"url\":\"https:\\\/\\\/www.bellunopress.it\\\/wp-content\\\/uploads\\\/2023\\\/07\\\/peraltrestrade_edited.jpg\",\"contentUrl\":\"https:\\\/\\\/www.bellunopress.it\\\/wp-content\\\/uploads\\\/2023\\\/07\\\/peraltrestrade_edited.jpg\",\"width\":1000,\"height\":251},{\"@type\":\"BreadcrumbList\",\"@id\":\"https:\\\/\\\/www.bellunopress.it\\\/2025\\\/04\\\/26\\\/appello-contro-le-deroghe-al-divieto-al-transito-di-veicoli-nelle-strade-silvo-pastorali\\\/#breadcrumb\",\"itemListElement\":[{\"@type\":\"ListItem\",\"position\":1,\"name\":\"Home\",\"item\":\"https:\\\/\\\/www.bellunopress.it\\\/\"},{\"@type\":\"ListItem\",\"position\":2,\"name\":\"Appello contro le deroghe al divieto al transito di veicoli nelle strade silvo-pastorali\"}]},{\"@type\":\"WebSite\",\"@id\":\"https:\\\/\\\/www.bellunopress.it\\\/#website\",\"url\":\"https:\\\/\\\/www.bellunopress.it\\\/\",\"name\":\"Bellunopress - Dolomiti\",\"description\":\"e-mail: redazione@bellunopress.it\",\"publisher\":{\"@id\":\"https:\\\/\\\/www.bellunopress.it\\\/#organization\"},\"potentialAction\":[{\"@type\":\"SearchAction\",\"target\":{\"@type\":\"EntryPoint\",\"urlTemplate\":\"https:\\\/\\\/www.bellunopress.it\\\/?s={search_term_string}\"},\"query-input\":{\"@type\":\"PropertyValueSpecification\",\"valueRequired\":true,\"valueName\":\"search_term_string\"}}],\"inLanguage\":\"fr-FR\"},{\"@type\":\"Organization\",\"@id\":\"https:\\\/\\\/www.bellunopress.it\\\/#organization\",\"name\":\"Bellunopress\",\"url\":\"https:\\\/\\\/www.bellunopress.it\\\/\",\"logo\":{\"@type\":\"ImageObject\",\"inLanguage\":\"fr-FR\",\"@id\":\"https:\\\/\\\/www.bellunopress.it\\\/#\\\/schema\\\/logo\\\/image\\\/\",\"url\":\"https:\\\/\\\/www.bellunopress.it\\\/wp-content\\\/uploads\\\/2011\\\/05\\\/cropped-logo-bellunopress-.jpg\",\"contentUrl\":\"https:\\\/\\\/www.bellunopress.it\\\/wp-content\\\/uploads\\\/2011\\\/05\\\/cropped-logo-bellunopress-.jpg\",\"width\":512,\"height\":512,\"caption\":\"Bellunopress\"},\"image\":{\"@id\":\"https:\\\/\\\/www.bellunopress.it\\\/#\\\/schema\\\/logo\\\/image\\\/\"},\"sameAs\":[\"https:\\\/\\\/www.facebook.com\\\/profile.php?id=100008943462799\",\"https:\\\/\\\/x.com\\\/bellunopress\",\"https:\\\/\\\/www.linkedin.com\\\/hp\\\/?dnr=JBzUWaJfMUw8vbXJJ2tVW5-I3jZKvC4wsoxE&amp;amp;amp;amp;amp;amp;trk=nav_responsive_tab_home\",\"https:\\\/\\\/www.youtube.com\\\/channel\\\/UCxL0wu1uN0_3_7hGG0306cw\"]},{\"@type\":\"Person\",\"@id\":\"https:\\\/\\\/www.bellunopress.it\\\/#\\\/schema\\\/person\\\/79bb06722b37ece1c03d3e94beb30d73\",\"name\":\"redazione\",\"image\":{\"@type\":\"ImageObject\",\"inLanguage\":\"fr-FR\",\"@id\":\"https:\\\/\\\/secure.gravatar.com\\\/avatar\\\/37d968a2e67a6fd04c169c4bdef102d0bc5d31b2546345219e348575eb80e9a0?s=96&d=mm&r=g\",\"url\":\"https:\\\/\\\/secure.gravatar.com\\\/avatar\\\/37d968a2e67a6fd04c169c4bdef102d0bc5d31b2546345219e348575eb80e9a0?s=96&d=mm&r=g\",\"contentUrl\":\"https:\\\/\\\/secure.gravatar.com\\\/avatar\\\/37d968a2e67a6fd04c169c4bdef102d0bc5d31b2546345219e348575eb80e9a0?s=96&d=mm&r=g\",\"caption\":\"redazione\"},\"sameAs\":[\"http:\\\/\\\/www.bellunopress.it\",\"https:\\\/\\\/x.com\\\/bellunopress\"],\"url\":\"https:\\\/\\\/www.bellunopress.it\\\/fr\\\/author\\\/redazione\\\/\"}]}<\/script>\n<!-- \/ Yoast SEO plugin. -->","yoast_head_json":{"title":"Appello contro le deroghe al divieto al transito di veicoli nelle strade silvo-pastorali - Bellunopress - Dolomiti","robots":{"index":"index","follow":"follow","max-snippet":"max-snippet:-1","max-image-preview":"max-image-preview:large","max-video-preview":"max-video-preview:-1"},"canonical":"https:\/\/www.bellunopress.it\/fr\/2025\/04\/26\/appello-contro-le-deroghe-al-divieto-al-transito-di-veicoli-nelle-strade-silvo-pastorali\/","og_locale":"fr_FR","og_type":"article","og_title":"Appello contro le deroghe al divieto al transito di veicoli nelle strade silvo-pastorali - Bellunopress - Dolomiti","og_description":"PDL n. 189 sostenuto da Lega e Federcaccia \u201cModifiche e integrazioni alla legge regionale 31 marzo 1992, n. 14\u00a0 Disciplina della viabilit\u00e0 silvopastorale\u201d in votazione il 29 aprile 2025 Marted\u00ec 29 aprile il Consiglio Regionale voter\u00e0 un progetto di legge relativo a modifiche alla norma sulla viabilit\u00e0 silvo-pastorale che, se fosse approvato, causerebbe un impatto [&hellip;]","og_url":"https:\/\/www.bellunopress.it\/fr\/2025\/04\/26\/appello-contro-le-deroghe-al-divieto-al-transito-di-veicoli-nelle-strade-silvo-pastorali\/","og_site_name":"Bellunopress - Dolomiti","article_publisher":"https:\/\/www.facebook.com\/profile.php?id=100008943462799","article_published_time":"2025-04-26T19:23:19+00:00","og_image":[{"width":1000,"height":251,"url":"https:\/\/www.bellunopress.it\/wp-content\/uploads\/2023\/07\/peraltrestrade_edited.jpg","type":"image\/jpeg"}],"author":"redazione","twitter_card":"summary_large_image","twitter_creator":"@bellunopress","twitter_site":"@bellunopress","twitter_misc":{"\u00c9crit par":"redazione","Dur\u00e9e de lecture estim\u00e9e":"2 minutes"},"schema":{"@context":"https:\/\/schema.org","@graph":[{"@type":"Article","@id":"https:\/\/www.bellunopress.it\/2025\/04\/26\/appello-contro-le-deroghe-al-divieto-al-transito-di-veicoli-nelle-strade-silvo-pastorali\/#article","isPartOf":{"@id":"https:\/\/www.bellunopress.it\/2025\/04\/26\/appello-contro-le-deroghe-al-divieto-al-transito-di-veicoli-nelle-strade-silvo-pastorali\/"},"author":{"name":"redazione","@id":"https:\/\/www.bellunopress.it\/#\/schema\/person\/79bb06722b37ece1c03d3e94beb30d73"},"headline":"Appello contro le deroghe al divieto al transito di veicoli nelle strade silvo-pastorali","datePublished":"2025-04-26T19:23:19+00:00","mainEntityOfPage":{"@id":"https:\/\/www.bellunopress.it\/2025\/04\/26\/appello-contro-le-deroghe-al-divieto-al-transito-di-veicoli-nelle-strade-silvo-pastorali\/"},"wordCount":432,"publisher":{"@id":"https:\/\/www.bellunopress.it\/#organization"},"image":{"@id":"https:\/\/www.bellunopress.it\/2025\/04\/26\/appello-contro-le-deroghe-al-divieto-al-transito-di-veicoli-nelle-strade-silvo-pastorali\/#primaryimage"},"thumbnailUrl":"https:\/\/www.bellunopress.it\/wp-content\/uploads\/2023\/07\/peraltrestrade_edited.jpg","articleSection":["Meteo, natura, ambiente, animali","Societ\u00e0, Associazioni, Istituzioni"],"inLanguage":"fr-FR"},{"@type":"WebPage","@id":"https:\/\/www.bellunopress.it\/2025\/04\/26\/appello-contro-le-deroghe-al-divieto-al-transito-di-veicoli-nelle-strade-silvo-pastorali\/","url":"https:\/\/www.bellunopress.it\/2025\/04\/26\/appello-contro-le-deroghe-al-divieto-al-transito-di-veicoli-nelle-strade-silvo-pastorali\/","name":"Appello contro le deroghe al divieto al transito di veicoli nelle strade silvo-pastorali - Bellunopress - Dolomiti","isPartOf":{"@id":"https:\/\/www.bellunopress.it\/#website"},"primaryImageOfPage":{"@id":"https:\/\/www.bellunopress.it\/2025\/04\/26\/appello-contro-le-deroghe-al-divieto-al-transito-di-veicoli-nelle-strade-silvo-pastorali\/#primaryimage"},"image":{"@id":"https:\/\/www.bellunopress.it\/2025\/04\/26\/appello-contro-le-deroghe-al-divieto-al-transito-di-veicoli-nelle-strade-silvo-pastorali\/#primaryimage"},"thumbnailUrl":"https:\/\/www.bellunopress.it\/wp-content\/uploads\/2023\/07\/peraltrestrade_edited.jpg","datePublished":"2025-04-26T19:23:19+00:00","breadcrumb":{"@id":"https:\/\/www.bellunopress.it\/2025\/04\/26\/appello-contro-le-deroghe-al-divieto-al-transito-di-veicoli-nelle-strade-silvo-pastorali\/#breadcrumb"},"inLanguage":"fr-FR","potentialAction":[{"@type":"ReadAction","target":["https:\/\/www.bellunopress.it\/2025\/04\/26\/appello-contro-le-deroghe-al-divieto-al-transito-di-veicoli-nelle-strade-silvo-pastorali\/"]}]},{"@type":"ImageObject","inLanguage":"fr-FR","@id":"https:\/\/www.bellunopress.it\/2025\/04\/26\/appello-contro-le-deroghe-al-divieto-al-transito-di-veicoli-nelle-strade-silvo-pastorali\/#primaryimage","url":"https:\/\/www.bellunopress.it\/wp-content\/uploads\/2023\/07\/peraltrestrade_edited.jpg","contentUrl":"https:\/\/www.bellunopress.it\/wp-content\/uploads\/2023\/07\/peraltrestrade_edited.jpg","width":1000,"height":251},{"@type":"BreadcrumbList","@id":"https:\/\/www.bellunopress.it\/2025\/04\/26\/appello-contro-le-deroghe-al-divieto-al-transito-di-veicoli-nelle-strade-silvo-pastorali\/#breadcrumb","itemListElement":[{"@type":"ListItem","position":1,"name":"Home","item":"https:\/\/www.bellunopress.it\/"},{"@type":"ListItem","position":2,"name":"Appello contro le deroghe al divieto al transito di veicoli nelle strade silvo-pastorali"}]},{"@type":"WebSite","@id":"https:\/\/www.bellunopress.it\/#website","url":"https:\/\/www.bellunopress.it\/","name":"Bellunopress - Dolomiti","description":"e-mail: redazione@bellunopress.it","publisher":{"@id":"https:\/\/www.bellunopress.it\/#organization"},"potentialAction":[{"@type":"SearchAction","target":{"@type":"EntryPoint","urlTemplate":"https:\/\/www.bellunopress.it\/?s={search_term_string}"},"query-input":{"@type":"PropertyValueSpecification","valueRequired":true,"valueName":"search_term_string"}}],"inLanguage":"fr-FR"},{"@type":"Organization","@id":"https:\/\/www.bellunopress.it\/#organization","name":"Bellunopress","url":"https:\/\/www.bellunopress.it\/","logo":{"@type":"ImageObject","inLanguage":"fr-FR","@id":"https:\/\/www.bellunopress.it\/#\/schema\/logo\/image\/","url":"https:\/\/www.bellunopress.it\/wp-content\/uploads\/2011\/05\/cropped-logo-bellunopress-.jpg","contentUrl":"https:\/\/www.bellunopress.it\/wp-content\/uploads\/2011\/05\/cropped-logo-bellunopress-.jpg","width":512,"height":512,"caption":"Bellunopress"},"image":{"@id":"https:\/\/www.bellunopress.it\/#\/schema\/logo\/image\/"},"sameAs":["https:\/\/www.facebook.com\/profile.php?id=100008943462799","https:\/\/x.com\/bellunopress","https:\/\/www.linkedin.com\/hp\/?dnr=JBzUWaJfMUw8vbXJJ2tVW5-I3jZKvC4wsoxE&amp;amp;amp;amp;amp;amp;trk=nav_responsive_tab_home","https:\/\/www.youtube.com\/channel\/UCxL0wu1uN0_3_7hGG0306cw"]},{"@type":"Person","@id":"https:\/\/www.bellunopress.it\/#\/schema\/person\/79bb06722b37ece1c03d3e94beb30d73","name":"r\u00e9daction","image":{"@type":"ImageObject","inLanguage":"fr-FR","@id":"https:\/\/secure.gravatar.com\/avatar\/37d968a2e67a6fd04c169c4bdef102d0bc5d31b2546345219e348575eb80e9a0?s=96&d=mm&r=g","url":"https:\/\/secure.gravatar.com\/avatar\/37d968a2e67a6fd04c169c4bdef102d0bc5d31b2546345219e348575eb80e9a0?s=96&d=mm&r=g","contentUrl":"https:\/\/secure.gravatar.com\/avatar\/37d968a2e67a6fd04c169c4bdef102d0bc5d31b2546345219e348575eb80e9a0?s=96&d=mm&r=g","caption":"redazione"},"sameAs":["http:\/\/www.bellunopress.it","https:\/\/x.com\/bellunopress"],"url":"https:\/\/www.bellunopress.it\/fr\/author\/redazione\/"}]}},"_links":{"self":[{"href":"https:\/\/www.bellunopress.it\/fr\/wp-json\/wp\/v2\/posts\/159801","targetHints":{"allow":["GET"]}}],"collection":[{"href":"https:\/\/www.bellunopress.it\/fr\/wp-json\/wp\/v2\/posts"}],"about":[{"href":"https:\/\/www.bellunopress.it\/fr\/wp-json\/wp\/v2\/types\/post"}],"author":[{"embeddable":true,"href":"https:\/\/www.bellunopress.it\/fr\/wp-json\/wp\/v2\/users\/2"}],"replies":[{"embeddable":true,"href":"https:\/\/www.bellunopress.it\/fr\/wp-json\/wp\/v2\/comments?post=159801"}],"version-history":[{"count":1,"href":"https:\/\/www.bellunopress.it\/fr\/wp-json\/wp\/v2\/posts\/159801\/revisions"}],"predecessor-version":[{"id":159802,"href":"https:\/\/www.bellunopress.it\/fr\/wp-json\/wp\/v2\/posts\/159801\/revisions\/159802"}],"wp:featuredmedia":[{"embeddable":true,"href":"https:\/\/www.bellunopress.it\/fr\/wp-json\/wp\/v2\/media\/142988"}],"wp:attachment":[{"href":"https:\/\/www.bellunopress.it\/fr\/wp-json\/wp\/v2\/media?parent=159801"}],"wp:term":[{"taxonomy":"category","embeddable":true,"href":"https:\/\/www.bellunopress.it\/fr\/wp-json\/wp\/v2\/categories?post=159801"},{"taxonomy":"post_tag","embeddable":true,"href":"https:\/\/www.bellunopress.it\/fr\/wp-json\/wp\/v2\/tags?post=159801"}],"curies":[{"name":"wp","href":"https:\/\/api.w.org\/{rel}","templated":true}]}}