{"id":159671,"date":"2025-04-21T13:12:39","date_gmt":"2025-04-21T11:12:39","guid":{"rendered":"https:\/\/www.bellunopress.it\/?p=159671"},"modified":"2025-04-23T16:54:04","modified_gmt":"2025-04-23T14:54:04","slug":"carbonara-festival-il-meglio-della-cucina-romana-a-belluno","status":"publish","type":"post","link":"https:\/\/www.bellunopress.it\/fr\/2025\/04\/21\/carbonara-festival-il-meglio-della-cucina-romana-a-belluno\/","title":{"rendered":"Carbonara Festival, il meglio della cucina romana a Belluno. Rinviato per lutto nazionale"},"content":{"rendered":"<p class=\"\" data-start=\"0\" data-end=\"399\"><img loading=\"lazy\" decoding=\"async\" class=\"aligncenter size-full wp-image-159672\" src=\"https:\/\/www.bellunopress.it\/wp-content\/uploads\/2025\/04\/carbonara-festival-belluno_edited.jpg\" alt=\"\" width=\"823\" height=\"1000\" srcset=\"https:\/\/www.bellunopress.it\/wp-content\/uploads\/2025\/04\/carbonara-festival-belluno_edited.jpg 823w, https:\/\/www.bellunopress.it\/wp-content\/uploads\/2025\/04\/carbonara-festival-belluno_edited-412x500.jpg 412w, https:\/\/www.bellunopress.it\/wp-content\/uploads\/2025\/04\/carbonara-festival-belluno_edited-346x420.jpg 346w, https:\/\/www.bellunopress.it\/wp-content\/uploads\/2025\/04\/carbonara-festival-belluno_edited-696x846.jpg 696w\" sizes=\"auto, (max-width: 823px) 100vw, 823px\" \/><\/p>\n<p data-start=\"0\" data-end=\"399\">RINVIATO A SEGUITO DEI 5 GIORNI DI LUTTO NAZIONALE PER LA MORTE DEL PAPA<\/p>\n<p data-start=\"0\" data-end=\"399\">Dal 24 al 27 aprile la Citt\u00e0 di Belluno diventa la capitale del gusto romano con il Carbonara Festival, un evento imperdibile per tutti gli amanti della cucina tradizionale italiana. In Piazza dei Martiri, il centro si animer\u00e0 di profumi irresistibili e sapori autentici per celebrare uno dei piatti pi\u00f9 iconici della gastronomia italiana: la Carbonara.<\/p>\n<p class=\"\" data-start=\"401\" data-end=\"727\">Il festival propone <strong data-start=\"421\" data-end=\"456\">\u201c<\/strong>Il meglio della cucina romana\u201d, offrendo un vero e proprio viaggio culinario tra piatti tipici, show cooking e intrattenimento dal vivo. Tra le attrazioni principali, spicca il live show dei Nova Roma, una band pronta a far ballare e divertire i partecipanti durante tutte le giornate dell\u2019evento.<\/p>\n<p class=\"\" data-start=\"729\" data-end=\"804\">Gli orari del festival sono comodi e pensati per ogni tipo di visitatore:<\/p>\n<ul data-start=\"805\" data-end=\"910\">\n<li class=\"\" data-start=\"805\" data-end=\"844\">\n<p class=\"\" data-start=\"807\" data-end=\"844\"><strong data-start=\"807\" data-end=\"818\">Gioved\u00ec<\/strong>: dalle 18.00 alle 24.00<\/p>\n<\/li>\n<li class=\"\" data-start=\"845\" data-end=\"910\">\n<p class=\"\" data-start=\"847\" data-end=\"910\"><strong data-start=\"847\" data-end=\"877\">Venerd\u00ec, Sabato e Domenica<\/strong>: dalle 11.00 fino a mezzanotte<\/p>\n<\/li>\n<\/ul>\n<p class=\"\" data-start=\"912\" data-end=\"1156\">Un\u2019occasione perfetta per gustare una carbonara fatta a regola d\u2019arte, scoprire altri piatti romani e trascorrere del tempo in compagnia tra musica e buon cibo. L&#8217;ingresso \u00e8 gratuito, e l\u2019atmosfera promette di essere calorosa e accogliente.<\/p>\n<p class=\"\" data-start=\"1158\" data-end=\"1298\">Non dimenticare di seguire la pagina ufficiale Carbonara Festival su Facebook e Instagram per restare aggiornato su tutte le novit\u00e0.<\/p>","protected":false},"excerpt":{"rendered":"<p>RINVIATO A SEGUITO DEI 5 GIORNI DI LUTTO NAZIONALE PER LA MORTE DEL PAPA Dal 24 al 27 aprile la Citt\u00e0 di Belluno diventa la capitale del gusto romano con il Carbonara Festival, un evento imperdibile per tutti gli amanti della cucina tradizionale italiana. In Piazza dei Martiri, il centro si animer\u00e0 di profumi irresistibili [&hellip;]<\/p>\n","protected":false},"author":2,"featured_media":159672,"comment_status":"closed","ping_status":"open","sticky":false,"template":"","format":"standard","meta":{"footnotes":""},"categories":[3393,25],"tags":[3729],"class_list":["post-159671","post","type-post","status-publish","format-standard","has-post-thumbnail","category-eventi-enogastronomici","category-pausa-caffe","tag-carbonara-festival-belluno"],"yoast_head":"<!-- This site is optimized with the Yoast SEO plugin v28.4 - https:\/\/yoast.com\/product\/yoast-seo-wordpress\/ -->\n<title>Carbonara Festival, il meglio della cucina romana a Belluno. Rinviato per lutto nazionale - Bellunopress - Dolomiti<\/title>\n<meta name=\"robots\" content=\"index, follow, max-snippet:-1, max-image-preview:large, max-video-preview:-1\" \/>\n<link rel=\"canonical\" href=\"https:\/\/www.bellunopress.it\/fr\/2025\/04\/21\/carbonara-festival-il-meglio-della-cucina-romana-a-belluno\/\" \/>\n<meta property=\"og:locale\" content=\"fr_FR\" \/>\n<meta property=\"og:type\" content=\"article\" \/>\n<meta property=\"og:title\" content=\"Carbonara Festival, il meglio della cucina romana a Belluno. Rinviato per lutto nazionale - Bellunopress - Dolomiti\" \/>\n<meta property=\"og:description\" content=\"RINVIATO A SEGUITO DEI 5 GIORNI DI LUTTO NAZIONALE PER LA MORTE DEL PAPA Dal 24 al 27 aprile la Citt\u00e0 di Belluno diventa la capitale del gusto romano con il Carbonara Festival, un evento imperdibile per tutti gli amanti della cucina tradizionale italiana. In Piazza dei Martiri, il centro si animer\u00e0 di profumi irresistibili [&hellip;]\" \/>\n<meta property=\"og:url\" content=\"https:\/\/www.bellunopress.it\/fr\/2025\/04\/21\/carbonara-festival-il-meglio-della-cucina-romana-a-belluno\/\" \/>\n<meta property=\"og:site_name\" content=\"Bellunopress - Dolomiti\" \/>\n<meta property=\"article:publisher\" content=\"https:\/\/www.facebook.com\/profile.php?id=100008943462799\" \/>\n<meta property=\"article:published_time\" content=\"2025-04-21T11:12:39+00:00\" \/>\n<meta property=\"article:modified_time\" content=\"2025-04-23T14:54:04+00:00\" \/>\n<meta property=\"og:image\" content=\"https:\/\/www.bellunopress.it\/wp-content\/uploads\/2025\/04\/carbonara-festival-belluno_edited.jpg\" \/>\n\t<meta property=\"og:image:width\" content=\"823\" \/>\n\t<meta property=\"og:image:height\" content=\"1000\" \/>\n\t<meta property=\"og:image:type\" content=\"image\/jpeg\" \/>\n<meta name=\"author\" content=\"redazione\" \/>\n<meta name=\"twitter:card\" content=\"summary_large_image\" \/>\n<meta name=\"twitter:creator\" content=\"@bellunopress\" \/>\n<meta name=\"twitter:site\" content=\"@bellunopress\" \/>\n<meta name=\"twitter:label1\" content=\"\u00c9crit par\" \/>\n\t<meta name=\"twitter:data1\" content=\"redazione\" \/>\n\t<meta name=\"twitter:label2\" content=\"Dur\u00e9e de lecture estim\u00e9e\" \/>\n\t<meta name=\"twitter:data2\" content=\"1 minute\" \/>\n<script type=\"application\/ld+json\" class=\"yoast-schema-graph\">{\"@context\":\"https:\\\/\\\/schema.org\",\"@graph\":[{\"@type\":\"Article\",\"@id\":\"https:\\\/\\\/www.bellunopress.it\\\/2025\\\/04\\\/21\\\/carbonara-festival-il-meglio-della-cucina-romana-a-belluno\\\/#article\",\"isPartOf\":{\"@id\":\"https:\\\/\\\/www.bellunopress.it\\\/2025\\\/04\\\/21\\\/carbonara-festival-il-meglio-della-cucina-romana-a-belluno\\\/\"},\"author\":{\"name\":\"redazione\",\"@id\":\"https:\\\/\\\/www.bellunopress.it\\\/#\\\/schema\\\/person\\\/79bb06722b37ece1c03d3e94beb30d73\"},\"headline\":\"Carbonara Festival, il meglio della cucina romana a Belluno. Rinviato per lutto nazionale\",\"datePublished\":\"2025-04-21T11:12:39+00:00\",\"dateModified\":\"2025-04-23T14:54:04+00:00\",\"mainEntityOfPage\":{\"@id\":\"https:\\\/\\\/www.bellunopress.it\\\/2025\\\/04\\\/21\\\/carbonara-festival-il-meglio-della-cucina-romana-a-belluno\\\/\"},\"wordCount\":214,\"publisher\":{\"@id\":\"https:\\\/\\\/www.bellunopress.it\\\/#organization\"},\"image\":{\"@id\":\"https:\\\/\\\/www.bellunopress.it\\\/2025\\\/04\\\/21\\\/carbonara-festival-il-meglio-della-cucina-romana-a-belluno\\\/#primaryimage\"},\"thumbnailUrl\":\"https:\\\/\\\/www.bellunopress.it\\\/wp-content\\\/uploads\\\/2025\\\/04\\\/carbonara-festival-belluno_edited.jpg\",\"keywords\":[\"Carbonara Festival Belluno\"],\"articleSection\":[\"Eventi enogastronomici\",\"Pausa Caff\u00e8\"],\"inLanguage\":\"fr-FR\"},{\"@type\":\"WebPage\",\"@id\":\"https:\\\/\\\/www.bellunopress.it\\\/2025\\\/04\\\/21\\\/carbonara-festival-il-meglio-della-cucina-romana-a-belluno\\\/\",\"url\":\"https:\\\/\\\/www.bellunopress.it\\\/2025\\\/04\\\/21\\\/carbonara-festival-il-meglio-della-cucina-romana-a-belluno\\\/\",\"name\":\"Carbonara Festival, il meglio della cucina romana a Belluno. Rinviato per lutto nazionale - Bellunopress - Dolomiti\",\"isPartOf\":{\"@id\":\"https:\\\/\\\/www.bellunopress.it\\\/#website\"},\"primaryImageOfPage\":{\"@id\":\"https:\\\/\\\/www.bellunopress.it\\\/2025\\\/04\\\/21\\\/carbonara-festival-il-meglio-della-cucina-romana-a-belluno\\\/#primaryimage\"},\"image\":{\"@id\":\"https:\\\/\\\/www.bellunopress.it\\\/2025\\\/04\\\/21\\\/carbonara-festival-il-meglio-della-cucina-romana-a-belluno\\\/#primaryimage\"},\"thumbnailUrl\":\"https:\\\/\\\/www.bellunopress.it\\\/wp-content\\\/uploads\\\/2025\\\/04\\\/carbonara-festival-belluno_edited.jpg\",\"datePublished\":\"2025-04-21T11:12:39+00:00\",\"dateModified\":\"2025-04-23T14:54:04+00:00\",\"breadcrumb\":{\"@id\":\"https:\\\/\\\/www.bellunopress.it\\\/2025\\\/04\\\/21\\\/carbonara-festival-il-meglio-della-cucina-romana-a-belluno\\\/#breadcrumb\"},\"inLanguage\":\"fr-FR\",\"potentialAction\":[{\"@type\":\"ReadAction\",\"target\":[\"https:\\\/\\\/www.bellunopress.it\\\/2025\\\/04\\\/21\\\/carbonara-festival-il-meglio-della-cucina-romana-a-belluno\\\/\"]}]},{\"@type\":\"ImageObject\",\"inLanguage\":\"fr-FR\",\"@id\":\"https:\\\/\\\/www.bellunopress.it\\\/2025\\\/04\\\/21\\\/carbonara-festival-il-meglio-della-cucina-romana-a-belluno\\\/#primaryimage\",\"url\":\"https:\\\/\\\/www.bellunopress.it\\\/wp-content\\\/uploads\\\/2025\\\/04\\\/carbonara-festival-belluno_edited.jpg\",\"contentUrl\":\"https:\\\/\\\/www.bellunopress.it\\\/wp-content\\\/uploads\\\/2025\\\/04\\\/carbonara-festival-belluno_edited.jpg\",\"width\":823,\"height\":1000},{\"@type\":\"BreadcrumbList\",\"@id\":\"https:\\\/\\\/www.bellunopress.it\\\/2025\\\/04\\\/21\\\/carbonara-festival-il-meglio-della-cucina-romana-a-belluno\\\/#breadcrumb\",\"itemListElement\":[{\"@type\":\"ListItem\",\"position\":1,\"name\":\"Home\",\"item\":\"https:\\\/\\\/www.bellunopress.it\\\/\"},{\"@type\":\"ListItem\",\"position\":2,\"name\":\"Carbonara Festival, il meglio della cucina romana a Belluno. Rinviato per lutto nazionale\"}]},{\"@type\":\"WebSite\",\"@id\":\"https:\\\/\\\/www.bellunopress.it\\\/#website\",\"url\":\"https:\\\/\\\/www.bellunopress.it\\\/\",\"name\":\"Bellunopress - Dolomiti\",\"description\":\"e-mail: redazione@bellunopress.it\",\"publisher\":{\"@id\":\"https:\\\/\\\/www.bellunopress.it\\\/#organization\"},\"potentialAction\":[{\"@type\":\"SearchAction\",\"target\":{\"@type\":\"EntryPoint\",\"urlTemplate\":\"https:\\\/\\\/www.bellunopress.it\\\/?s={search_term_string}\"},\"query-input\":{\"@type\":\"PropertyValueSpecification\",\"valueRequired\":true,\"valueName\":\"search_term_string\"}}],\"inLanguage\":\"fr-FR\"},{\"@type\":\"Organization\",\"@id\":\"https:\\\/\\\/www.bellunopress.it\\\/#organization\",\"name\":\"Bellunopress\",\"url\":\"https:\\\/\\\/www.bellunopress.it\\\/\",\"logo\":{\"@type\":\"ImageObject\",\"inLanguage\":\"fr-FR\",\"@id\":\"https:\\\/\\\/www.bellunopress.it\\\/#\\\/schema\\\/logo\\\/image\\\/\",\"url\":\"https:\\\/\\\/www.bellunopress.it\\\/wp-content\\\/uploads\\\/2011\\\/05\\\/cropped-logo-bellunopress-.jpg\",\"contentUrl\":\"https:\\\/\\\/www.bellunopress.it\\\/wp-content\\\/uploads\\\/2011\\\/05\\\/cropped-logo-bellunopress-.jpg\",\"width\":512,\"height\":512,\"caption\":\"Bellunopress\"},\"image\":{\"@id\":\"https:\\\/\\\/www.bellunopress.it\\\/#\\\/schema\\\/logo\\\/image\\\/\"},\"sameAs\":[\"https:\\\/\\\/www.facebook.com\\\/profile.php?id=100008943462799\",\"https:\\\/\\\/x.com\\\/bellunopress\",\"https:\\\/\\\/www.linkedin.com\\\/hp\\\/?dnr=JBzUWaJfMUw8vbXJJ2tVW5-I3jZKvC4wsoxE&amp;amp;amp;amp;amp;amp;trk=nav_responsive_tab_home\",\"https:\\\/\\\/www.youtube.com\\\/channel\\\/UCxL0wu1uN0_3_7hGG0306cw\"]},{\"@type\":\"Person\",\"@id\":\"https:\\\/\\\/www.bellunopress.it\\\/#\\\/schema\\\/person\\\/79bb06722b37ece1c03d3e94beb30d73\",\"name\":\"redazione\",\"image\":{\"@type\":\"ImageObject\",\"inLanguage\":\"fr-FR\",\"@id\":\"https:\\\/\\\/secure.gravatar.com\\\/avatar\\\/37d968a2e67a6fd04c169c4bdef102d0bc5d31b2546345219e348575eb80e9a0?s=96&d=mm&r=g\",\"url\":\"https:\\\/\\\/secure.gravatar.com\\\/avatar\\\/37d968a2e67a6fd04c169c4bdef102d0bc5d31b2546345219e348575eb80e9a0?s=96&d=mm&r=g\",\"contentUrl\":\"https:\\\/\\\/secure.gravatar.com\\\/avatar\\\/37d968a2e67a6fd04c169c4bdef102d0bc5d31b2546345219e348575eb80e9a0?s=96&d=mm&r=g\",\"caption\":\"redazione\"},\"sameAs\":[\"http:\\\/\\\/www.bellunopress.it\",\"https:\\\/\\\/x.com\\\/bellunopress\"],\"url\":\"https:\\\/\\\/www.bellunopress.it\\\/fr\\\/author\\\/redazione\\\/\"}]}<\/script>\n<!-- \/ Yoast SEO plugin. -->","yoast_head_json":{"title":"Carbonara Festival, il meglio della cucina romana a Belluno. Rinviato per lutto nazionale - Bellunopress - Dolomiti","robots":{"index":"index","follow":"follow","max-snippet":"max-snippet:-1","max-image-preview":"max-image-preview:large","max-video-preview":"max-video-preview:-1"},"canonical":"https:\/\/www.bellunopress.it\/fr\/2025\/04\/21\/carbonara-festival-il-meglio-della-cucina-romana-a-belluno\/","og_locale":"fr_FR","og_type":"article","og_title":"Carbonara Festival, il meglio della cucina romana a Belluno. Rinviato per lutto nazionale - Bellunopress - Dolomiti","og_description":"RINVIATO A SEGUITO DEI 5 GIORNI DI LUTTO NAZIONALE PER LA MORTE DEL PAPA Dal 24 al 27 aprile la Citt\u00e0 di Belluno diventa la capitale del gusto romano con il Carbonara Festival, un evento imperdibile per tutti gli amanti della cucina tradizionale italiana. In Piazza dei Martiri, il centro si animer\u00e0 di profumi irresistibili [&hellip;]","og_url":"https:\/\/www.bellunopress.it\/fr\/2025\/04\/21\/carbonara-festival-il-meglio-della-cucina-romana-a-belluno\/","og_site_name":"Bellunopress - Dolomiti","article_publisher":"https:\/\/www.facebook.com\/profile.php?id=100008943462799","article_published_time":"2025-04-21T11:12:39+00:00","article_modified_time":"2025-04-23T14:54:04+00:00","og_image":[{"width":823,"height":1000,"url":"https:\/\/www.bellunopress.it\/wp-content\/uploads\/2025\/04\/carbonara-festival-belluno_edited.jpg","type":"image\/jpeg"}],"author":"redazione","twitter_card":"summary_large_image","twitter_creator":"@bellunopress","twitter_site":"@bellunopress","twitter_misc":{"\u00c9crit par":"redazione","Dur\u00e9e de lecture estim\u00e9e":"1 minute"},"schema":{"@context":"https:\/\/schema.org","@graph":[{"@type":"Article","@id":"https:\/\/www.bellunopress.it\/2025\/04\/21\/carbonara-festival-il-meglio-della-cucina-romana-a-belluno\/#article","isPartOf":{"@id":"https:\/\/www.bellunopress.it\/2025\/04\/21\/carbonara-festival-il-meglio-della-cucina-romana-a-belluno\/"},"author":{"name":"redazione","@id":"https:\/\/www.bellunopress.it\/#\/schema\/person\/79bb06722b37ece1c03d3e94beb30d73"},"headline":"Carbonara Festival, il meglio della cucina romana a Belluno. Rinviato per lutto nazionale","datePublished":"2025-04-21T11:12:39+00:00","dateModified":"2025-04-23T14:54:04+00:00","mainEntityOfPage":{"@id":"https:\/\/www.bellunopress.it\/2025\/04\/21\/carbonara-festival-il-meglio-della-cucina-romana-a-belluno\/"},"wordCount":214,"publisher":{"@id":"https:\/\/www.bellunopress.it\/#organization"},"image":{"@id":"https:\/\/www.bellunopress.it\/2025\/04\/21\/carbonara-festival-il-meglio-della-cucina-romana-a-belluno\/#primaryimage"},"thumbnailUrl":"https:\/\/www.bellunopress.it\/wp-content\/uploads\/2025\/04\/carbonara-festival-belluno_edited.jpg","keywords":["Carbonara Festival Belluno"],"articleSection":["Eventi enogastronomici","Pausa Caff\u00e8"],"inLanguage":"fr-FR"},{"@type":"WebPage","@id":"https:\/\/www.bellunopress.it\/2025\/04\/21\/carbonara-festival-il-meglio-della-cucina-romana-a-belluno\/","url":"https:\/\/www.bellunopress.it\/2025\/04\/21\/carbonara-festival-il-meglio-della-cucina-romana-a-belluno\/","name":"Carbonara Festival, il meglio della cucina romana a Belluno. Rinviato per lutto nazionale - Bellunopress - Dolomiti","isPartOf":{"@id":"https:\/\/www.bellunopress.it\/#website"},"primaryImageOfPage":{"@id":"https:\/\/www.bellunopress.it\/2025\/04\/21\/carbonara-festival-il-meglio-della-cucina-romana-a-belluno\/#primaryimage"},"image":{"@id":"https:\/\/www.bellunopress.it\/2025\/04\/21\/carbonara-festival-il-meglio-della-cucina-romana-a-belluno\/#primaryimage"},"thumbnailUrl":"https:\/\/www.bellunopress.it\/wp-content\/uploads\/2025\/04\/carbonara-festival-belluno_edited.jpg","datePublished":"2025-04-21T11:12:39+00:00","dateModified":"2025-04-23T14:54:04+00:00","breadcrumb":{"@id":"https:\/\/www.bellunopress.it\/2025\/04\/21\/carbonara-festival-il-meglio-della-cucina-romana-a-belluno\/#breadcrumb"},"inLanguage":"fr-FR","potentialAction":[{"@type":"ReadAction","target":["https:\/\/www.bellunopress.it\/2025\/04\/21\/carbonara-festival-il-meglio-della-cucina-romana-a-belluno\/"]}]},{"@type":"ImageObject","inLanguage":"fr-FR","@id":"https:\/\/www.bellunopress.it\/2025\/04\/21\/carbonara-festival-il-meglio-della-cucina-romana-a-belluno\/#primaryimage","url":"https:\/\/www.bellunopress.it\/wp-content\/uploads\/2025\/04\/carbonara-festival-belluno_edited.jpg","contentUrl":"https:\/\/www.bellunopress.it\/wp-content\/uploads\/2025\/04\/carbonara-festival-belluno_edited.jpg","width":823,"height":1000},{"@type":"BreadcrumbList","@id":"https:\/\/www.bellunopress.it\/2025\/04\/21\/carbonara-festival-il-meglio-della-cucina-romana-a-belluno\/#breadcrumb","itemListElement":[{"@type":"ListItem","position":1,"name":"Home","item":"https:\/\/www.bellunopress.it\/"},{"@type":"ListItem","position":2,"name":"Carbonara Festival, il meglio della cucina romana a Belluno. Rinviato per lutto nazionale"}]},{"@type":"WebSite","@id":"https:\/\/www.bellunopress.it\/#website","url":"https:\/\/www.bellunopress.it\/","name":"Bellunopress - Dolomiti","description":"e-mail: redazione@bellunopress.it","publisher":{"@id":"https:\/\/www.bellunopress.it\/#organization"},"potentialAction":[{"@type":"SearchAction","target":{"@type":"EntryPoint","urlTemplate":"https:\/\/www.bellunopress.it\/?s={search_term_string}"},"query-input":{"@type":"PropertyValueSpecification","valueRequired":true,"valueName":"search_term_string"}}],"inLanguage":"fr-FR"},{"@type":"Organization","@id":"https:\/\/www.bellunopress.it\/#organization","name":"Bellunopress","url":"https:\/\/www.bellunopress.it\/","logo":{"@type":"ImageObject","inLanguage":"fr-FR","@id":"https:\/\/www.bellunopress.it\/#\/schema\/logo\/image\/","url":"https:\/\/www.bellunopress.it\/wp-content\/uploads\/2011\/05\/cropped-logo-bellunopress-.jpg","contentUrl":"https:\/\/www.bellunopress.it\/wp-content\/uploads\/2011\/05\/cropped-logo-bellunopress-.jpg","width":512,"height":512,"caption":"Bellunopress"},"image":{"@id":"https:\/\/www.bellunopress.it\/#\/schema\/logo\/image\/"},"sameAs":["https:\/\/www.facebook.com\/profile.php?id=100008943462799","https:\/\/x.com\/bellunopress","https:\/\/www.linkedin.com\/hp\/?dnr=JBzUWaJfMUw8vbXJJ2tVW5-I3jZKvC4wsoxE&amp;amp;amp;amp;amp;amp;trk=nav_responsive_tab_home","https:\/\/www.youtube.com\/channel\/UCxL0wu1uN0_3_7hGG0306cw"]},{"@type":"Person","@id":"https:\/\/www.bellunopress.it\/#\/schema\/person\/79bb06722b37ece1c03d3e94beb30d73","name":"r\u00e9daction","image":{"@type":"ImageObject","inLanguage":"fr-FR","@id":"https:\/\/secure.gravatar.com\/avatar\/37d968a2e67a6fd04c169c4bdef102d0bc5d31b2546345219e348575eb80e9a0?s=96&d=mm&r=g","url":"https:\/\/secure.gravatar.com\/avatar\/37d968a2e67a6fd04c169c4bdef102d0bc5d31b2546345219e348575eb80e9a0?s=96&d=mm&r=g","contentUrl":"https:\/\/secure.gravatar.com\/avatar\/37d968a2e67a6fd04c169c4bdef102d0bc5d31b2546345219e348575eb80e9a0?s=96&d=mm&r=g","caption":"redazione"},"sameAs":["http:\/\/www.bellunopress.it","https:\/\/x.com\/bellunopress"],"url":"https:\/\/www.bellunopress.it\/fr\/author\/redazione\/"}]}},"_links":{"self":[{"href":"https:\/\/www.bellunopress.it\/fr\/wp-json\/wp\/v2\/posts\/159671","targetHints":{"allow":["GET"]}}],"collection":[{"href":"https:\/\/www.bellunopress.it\/fr\/wp-json\/wp\/v2\/posts"}],"about":[{"href":"https:\/\/www.bellunopress.it\/fr\/wp-json\/wp\/v2\/types\/post"}],"author":[{"embeddable":true,"href":"https:\/\/www.bellunopress.it\/fr\/wp-json\/wp\/v2\/users\/2"}],"replies":[{"embeddable":true,"href":"https:\/\/www.bellunopress.it\/fr\/wp-json\/wp\/v2\/comments?post=159671"}],"version-history":[{"count":3,"href":"https:\/\/www.bellunopress.it\/fr\/wp-json\/wp\/v2\/posts\/159671\/revisions"}],"predecessor-version":[{"id":159728,"href":"https:\/\/www.bellunopress.it\/fr\/wp-json\/wp\/v2\/posts\/159671\/revisions\/159728"}],"wp:featuredmedia":[{"embeddable":true,"href":"https:\/\/www.bellunopress.it\/fr\/wp-json\/wp\/v2\/media\/159672"}],"wp:attachment":[{"href":"https:\/\/www.bellunopress.it\/fr\/wp-json\/wp\/v2\/media?parent=159671"}],"wp:term":[{"taxonomy":"category","embeddable":true,"href":"https:\/\/www.bellunopress.it\/fr\/wp-json\/wp\/v2\/categories?post=159671"},{"taxonomy":"post_tag","embeddable":true,"href":"https:\/\/www.bellunopress.it\/fr\/wp-json\/wp\/v2\/tags?post=159671"}],"curies":[{"name":"wp","href":"https:\/\/api.w.org\/{rel}","templated":true}]}}