{"id":159222,"date":"2025-04-04T16:59:01","date_gmt":"2025-04-04T14:59:01","guid":{"rendered":"https:\/\/www.bellunopress.it\/?p=159222"},"modified":"2025-04-04T16:59:01","modified_gmt":"2025-04-04T14:59:01","slug":"il-futuro-della-cultura-a-belluno-tra-assenza-di-visione-e-occasioni-mancate","status":"publish","type":"post","link":"https:\/\/www.bellunopress.it\/fr\/2025\/04\/04\/il-futuro-della-cultura-a-belluno-tra-assenza-di-visione-e-occasioni-mancate\/","title":{"rendered":"Il futuro della cultura a Belluno: tra assenza di visione e occasioni mancate"},"content":{"rendered":"<p><img loading=\"lazy\" decoding=\"async\" class=\"aligncenter size-full wp-image-128801\" src=\"https:\/\/www.bellunopress.it\/wp-content\/uploads\/2021\/10\/lettera_edited.jpg\" alt=\"\" width=\"477\" height=\"224\" \/>In un&#8217;epoca in cui la cultura pu\u00f2 e deve rappresentare un motore strategico per lo sviluppo dei territori, Belluno sembra aver perso la bussola. A pochi mesi dai Giochi Olimpici e Paralimpici Invernali del 2026, un evento che potrebbe trasformarsi in una straordinaria opportunit\u00e0 di rilancio e visibilit\u00e0 internazionale, il capoluogo dolomitico continua a navigare senza una rotta chiara. Il Comune di Belluno, e in particolare l&#8217;Assessorato alla Cultura, si trova al centro di un vuoto di visione che preoccupa cittadini, operatori culturali e realt\u00e0 associative.<\/p>\n<p>L&#8217;assenza di una pianificazione culturale coerente e orientata al futuro non \u00e8 solo una lacuna amministrativa: \u00e8 il sintomo di un&#8217;impostazione politica miope, concentrata sul presente e sull&#8217;apparenza, incapace di immaginare scenari evolutivi, strategie di sviluppo e sinergie capaci di valorizzare le energie del territorio. Laddove si dovrebbe costruire un ecosistema culturale solido, dinamico, inclusivo, in grado di attrarre e trattenere talenti, Belluno resta impantanata in logiche frammentarie e autoreferenziali.<\/p>\n<p>Un esempio lampante di questa mancanza di visione \u00e8 rappresentato dal destino incerto del progetto &#8220;Culture Link&#8221;, promosso dalla Fondazione Teatri delle Dolomiti. Un progetto che, nelle intenzioni iniziali, avrebbe dovuto rappresentare un vero e proprio banco regia della cultura bellunese: una cabina di regia capace di coordinare, stimolare e innovare l&#8217;intero comparto culturale della provincia, costruendo un sistema integrato tra enti, comuni, associazioni e universit\u00e0.<\/p>\n<p>Con oltre 45 partner coinvolti, &#8220;Culture Link&#8221; si presentava come un modello di governance partecipata, pronto a valorizzare le risorse esistenti e a intercettare nuove energie creative. Eppure, quel potenziale \u00e8 rimasto inespresso. La Fondazione Teatri delle Dolomiti \u00e8 rimasta sulla panchina, quando avrebbe dovuto scendere in campo da protagonista. \u00c8 rimasta in silenzio mentre altre citt\u00e0, ben pi\u00f9 strutturate, prendevano iniziativa. Il rischio ora \u00e8 che quell&#8217;iniziativa diventi esclusiva di altri, e che Belluno venga nuovamente &#8220;colonizzata&#8221; da logiche esterne, come gi\u00e0 accaduto in passato.<\/p>\n<p>Il confronto con Pordenone \u00e8 emblematico. La citt\u00e0 friulana ha saputo sviluppare una politica culturale innovativa e coerente, che intreccia sapientemente tradizione e contemporaneit\u00e0. Festival internazionali, mostre, percorsi urbani, progetti educativi e partecipazione attiva della cittadinanza compongono una visione integrata capace di rafforzare l&#8217;identit\u00e0 del territorio e di attrarre attenzione e risorse. Pordenone non si \u00e8 limitata ad &#8220;ospitare eventi&#8221;, ma ha costruito un ecosistema culturale dove l&#8217;arte \u00e8 parte del quotidiano e motore di sviluppo.<\/p>\n<p>Eppure, anche Belluno ha le carte in regola per fare altrettanto \u2013 paesaggi unici, storia, identit\u00e0, associazioni vivaci \u2013 ma ci\u00f2 che manca \u00e8 il valore aggiunto del pensiero sul futuro.<\/p>\n<p>Ci\u00f2 che preoccupa maggiormente \u00e8 la tendenza di questa amministrazione a rifugiarsi nel presente, rincorrendo inaugurazioni, mostre e convegni organizzati da altri, con l&#8217;unico obiettivo di comparire in vetrina. Ma un territorio non cresce con l&#8217;apparenza: cresce con la visione, con la progettualit\u00e0, con la capacit\u00e0 di generare contenuti autentici, condivisi, radicati.<\/p>\n<p>L&#8217;arte e la cultura non sono &#8220;cornici&#8221; da aggiungere agli eventi, sono elementi strutturali di un&#8217;identit\u00e0 collettiva. E proprio per questo, ignorare la loro pianificazione significa lasciare il territorio in balia dei venti, incapace di scegliere il proprio futuro.<\/p>\n<p>La domanda \u00e8 legittima e urgente: qual \u00e8 il futuro culturale che ci aspetta? Perch\u00e9 l&#8217;impressione, purtroppo, \u00e8 che nessuno tra gli amministratori locali se la ponga davvero. L&#8217;incapacit\u00e0 di assumersi responsabilit\u00e0 e prendere decisioni strategiche ora, comporter\u00e0 \u2013 inevitabilmente \u2013 un futuro deciso da altri. Altri territori, altre istituzioni, altri modelli.<\/p>\n<p>Quella &#8220;colonizzazione culturale&#8221; che alcuni amministratori temevano e usavano come spauracchio per giustificare l&#8217;immobilismo, \u00e8 gi\u00e0 in atto. Ma non \u00e8 una colonizzazione imposta: \u00e8 una conseguenza naturale dell&#8217;inerzia e del continuo rimandare.<\/p>\n<p>\u00c8 il momento di alzare lo sguardo e cambiare passo. Di chiedere con forza \u2013 come cittadini, operatori culturali, educatori, artisti \u2013 una visione forte, coraggiosa e partecipativa. Di risvegliare la Fondazione Teatri delle Dolomiti dal suo letargo e restituirle un ruolo attivo. Di costruire un&#8217;agenda culturale strategica che guardi al 2026 come punto di partenza, non come traguardo.<\/p>\n<p>La cultura non \u00e8 un lusso, n\u00e9 un ornamento. \u00c8 un diritto e un dovere. \u00c8 tempo che Belluno lo ricordi, e lo trasformi in azione.<\/p>\n<p>&nbsp;<\/p>\n<p><strong>Prof. Massimo Ferigutti<\/strong><\/p>\n<p><strong>Presidente \u2013 Centro Studi e Ricerche FormArte<\/strong><\/p>","protected":false},"excerpt":{"rendered":"<p>In un&#8217;epoca in cui la cultura pu\u00f2 e deve rappresentare un motore strategico per lo sviluppo dei territori, Belluno sembra aver perso la bussola. A pochi mesi dai Giochi Olimpici e Paralimpici Invernali del 2026, un evento che potrebbe trasformarsi in una straordinaria opportunit\u00e0 di rilancio e visibilit\u00e0 internazionale, il capoluogo dolomitico continua a navigare [&hellip;]<\/p>\n","protected":false},"author":2,"featured_media":123649,"comment_status":"closed","ping_status":"open","sticky":false,"template":"","format":"standard","meta":{"footnotes":""},"categories":[1],"tags":[],"class_list":["post-159222","post","type-post","status-publish","format-standard","has-post-thumbnail","category-leo"],"yoast_head":"<!-- This site is optimized with the Yoast SEO plugin v28.4 - https:\/\/yoast.com\/product\/yoast-seo-wordpress\/ -->\n<title>Il futuro della cultura a Belluno: tra assenza di visione e occasioni mancate - Bellunopress - Dolomiti<\/title>\n<meta name=\"robots\" content=\"index, follow, max-snippet:-1, max-image-preview:large, max-video-preview:-1\" \/>\n<link rel=\"canonical\" href=\"https:\/\/www.bellunopress.it\/fr\/2025\/04\/04\/il-futuro-della-cultura-a-belluno-tra-assenza-di-visione-e-occasioni-mancate\/\" \/>\n<meta property=\"og:locale\" content=\"fr_FR\" \/>\n<meta property=\"og:type\" content=\"article\" \/>\n<meta property=\"og:title\" content=\"Il futuro della cultura a Belluno: tra assenza di visione e occasioni mancate - Bellunopress - Dolomiti\" \/>\n<meta property=\"og:description\" content=\"In un&#8217;epoca in cui la cultura pu\u00f2 e deve rappresentare un motore strategico per lo sviluppo dei territori, Belluno sembra aver perso la bussola. A pochi mesi dai Giochi Olimpici e Paralimpici Invernali del 2026, un evento che potrebbe trasformarsi in una straordinaria opportunit\u00e0 di rilancio e visibilit\u00e0 internazionale, il capoluogo dolomitico continua a navigare [&hellip;]\" \/>\n<meta property=\"og:url\" content=\"https:\/\/www.bellunopress.it\/fr\/2025\/04\/04\/il-futuro-della-cultura-a-belluno-tra-assenza-di-visione-e-occasioni-mancate\/\" \/>\n<meta property=\"og:site_name\" content=\"Bellunopress - Dolomiti\" \/>\n<meta property=\"article:publisher\" content=\"https:\/\/www.facebook.com\/profile.php?id=100008943462799\" \/>\n<meta property=\"article:published_time\" content=\"2025-04-04T14:59:01+00:00\" \/>\n<meta property=\"og:image\" content=\"https:\/\/www.bellunopress.it\/wp-content\/uploads\/2021\/04\/lettera-mail_edited.jpg\" \/>\n\t<meta property=\"og:image:width\" content=\"962\" \/>\n\t<meta property=\"og:image:height\" content=\"1000\" \/>\n\t<meta property=\"og:image:type\" content=\"image\/jpeg\" \/>\n<meta name=\"author\" content=\"redazione\" \/>\n<meta name=\"twitter:card\" content=\"summary_large_image\" \/>\n<meta name=\"twitter:creator\" content=\"@bellunopress\" \/>\n<meta name=\"twitter:site\" content=\"@bellunopress\" \/>\n<meta name=\"twitter:label1\" content=\"\u00c9crit par\" \/>\n\t<meta name=\"twitter:data1\" content=\"redazione\" \/>\n\t<meta name=\"twitter:label2\" content=\"Dur\u00e9e de lecture estim\u00e9e\" \/>\n\t<meta name=\"twitter:data2\" content=\"3 minutes\" \/>\n<script type=\"application\/ld+json\" class=\"yoast-schema-graph\">{\"@context\":\"https:\\\/\\\/schema.org\",\"@graph\":[{\"@type\":\"Article\",\"@id\":\"https:\\\/\\\/www.bellunopress.it\\\/2025\\\/04\\\/04\\\/il-futuro-della-cultura-a-belluno-tra-assenza-di-visione-e-occasioni-mancate\\\/#article\",\"isPartOf\":{\"@id\":\"https:\\\/\\\/www.bellunopress.it\\\/2025\\\/04\\\/04\\\/il-futuro-della-cultura-a-belluno-tra-assenza-di-visione-e-occasioni-mancate\\\/\"},\"author\":{\"name\":\"redazione\",\"@id\":\"https:\\\/\\\/www.bellunopress.it\\\/#\\\/schema\\\/person\\\/79bb06722b37ece1c03d3e94beb30d73\"},\"headline\":\"Il futuro della cultura a Belluno: tra assenza di visione e occasioni mancate\",\"datePublished\":\"2025-04-04T14:59:01+00:00\",\"mainEntityOfPage\":{\"@id\":\"https:\\\/\\\/www.bellunopress.it\\\/2025\\\/04\\\/04\\\/il-futuro-della-cultura-a-belluno-tra-assenza-di-visione-e-occasioni-mancate\\\/\"},\"wordCount\":686,\"publisher\":{\"@id\":\"https:\\\/\\\/www.bellunopress.it\\\/#organization\"},\"image\":{\"@id\":\"https:\\\/\\\/www.bellunopress.it\\\/2025\\\/04\\\/04\\\/il-futuro-della-cultura-a-belluno-tra-assenza-di-visione-e-occasioni-mancate\\\/#primaryimage\"},\"thumbnailUrl\":\"https:\\\/\\\/www.bellunopress.it\\\/wp-content\\\/uploads\\\/2021\\\/04\\\/lettera-mail_edited.jpg\",\"articleSection\":[\"Lettere Opinioni\"],\"inLanguage\":\"fr-FR\"},{\"@type\":\"WebPage\",\"@id\":\"https:\\\/\\\/www.bellunopress.it\\\/2025\\\/04\\\/04\\\/il-futuro-della-cultura-a-belluno-tra-assenza-di-visione-e-occasioni-mancate\\\/\",\"url\":\"https:\\\/\\\/www.bellunopress.it\\\/2025\\\/04\\\/04\\\/il-futuro-della-cultura-a-belluno-tra-assenza-di-visione-e-occasioni-mancate\\\/\",\"name\":\"Il futuro della cultura a Belluno: tra assenza di visione e occasioni mancate - Bellunopress - Dolomiti\",\"isPartOf\":{\"@id\":\"https:\\\/\\\/www.bellunopress.it\\\/#website\"},\"primaryImageOfPage\":{\"@id\":\"https:\\\/\\\/www.bellunopress.it\\\/2025\\\/04\\\/04\\\/il-futuro-della-cultura-a-belluno-tra-assenza-di-visione-e-occasioni-mancate\\\/#primaryimage\"},\"image\":{\"@id\":\"https:\\\/\\\/www.bellunopress.it\\\/2025\\\/04\\\/04\\\/il-futuro-della-cultura-a-belluno-tra-assenza-di-visione-e-occasioni-mancate\\\/#primaryimage\"},\"thumbnailUrl\":\"https:\\\/\\\/www.bellunopress.it\\\/wp-content\\\/uploads\\\/2021\\\/04\\\/lettera-mail_edited.jpg\",\"datePublished\":\"2025-04-04T14:59:01+00:00\",\"breadcrumb\":{\"@id\":\"https:\\\/\\\/www.bellunopress.it\\\/2025\\\/04\\\/04\\\/il-futuro-della-cultura-a-belluno-tra-assenza-di-visione-e-occasioni-mancate\\\/#breadcrumb\"},\"inLanguage\":\"fr-FR\",\"potentialAction\":[{\"@type\":\"ReadAction\",\"target\":[\"https:\\\/\\\/www.bellunopress.it\\\/2025\\\/04\\\/04\\\/il-futuro-della-cultura-a-belluno-tra-assenza-di-visione-e-occasioni-mancate\\\/\"]}]},{\"@type\":\"ImageObject\",\"inLanguage\":\"fr-FR\",\"@id\":\"https:\\\/\\\/www.bellunopress.it\\\/2025\\\/04\\\/04\\\/il-futuro-della-cultura-a-belluno-tra-assenza-di-visione-e-occasioni-mancate\\\/#primaryimage\",\"url\":\"https:\\\/\\\/www.bellunopress.it\\\/wp-content\\\/uploads\\\/2021\\\/04\\\/lettera-mail_edited.jpg\",\"contentUrl\":\"https:\\\/\\\/www.bellunopress.it\\\/wp-content\\\/uploads\\\/2021\\\/04\\\/lettera-mail_edited.jpg\",\"width\":962,\"height\":1000},{\"@type\":\"BreadcrumbList\",\"@id\":\"https:\\\/\\\/www.bellunopress.it\\\/2025\\\/04\\\/04\\\/il-futuro-della-cultura-a-belluno-tra-assenza-di-visione-e-occasioni-mancate\\\/#breadcrumb\",\"itemListElement\":[{\"@type\":\"ListItem\",\"position\":1,\"name\":\"Home\",\"item\":\"https:\\\/\\\/www.bellunopress.it\\\/\"},{\"@type\":\"ListItem\",\"position\":2,\"name\":\"Il futuro della cultura a Belluno: tra assenza di visione e occasioni mancate\"}]},{\"@type\":\"WebSite\",\"@id\":\"https:\\\/\\\/www.bellunopress.it\\\/#website\",\"url\":\"https:\\\/\\\/www.bellunopress.it\\\/\",\"name\":\"Bellunopress - Dolomiti\",\"description\":\"e-mail: redazione@bellunopress.it\",\"publisher\":{\"@id\":\"https:\\\/\\\/www.bellunopress.it\\\/#organization\"},\"potentialAction\":[{\"@type\":\"SearchAction\",\"target\":{\"@type\":\"EntryPoint\",\"urlTemplate\":\"https:\\\/\\\/www.bellunopress.it\\\/?s={search_term_string}\"},\"query-input\":{\"@type\":\"PropertyValueSpecification\",\"valueRequired\":true,\"valueName\":\"search_term_string\"}}],\"inLanguage\":\"fr-FR\"},{\"@type\":\"Organization\",\"@id\":\"https:\\\/\\\/www.bellunopress.it\\\/#organization\",\"name\":\"Bellunopress\",\"url\":\"https:\\\/\\\/www.bellunopress.it\\\/\",\"logo\":{\"@type\":\"ImageObject\",\"inLanguage\":\"fr-FR\",\"@id\":\"https:\\\/\\\/www.bellunopress.it\\\/#\\\/schema\\\/logo\\\/image\\\/\",\"url\":\"https:\\\/\\\/www.bellunopress.it\\\/wp-content\\\/uploads\\\/2011\\\/05\\\/cropped-logo-bellunopress-.jpg\",\"contentUrl\":\"https:\\\/\\\/www.bellunopress.it\\\/wp-content\\\/uploads\\\/2011\\\/05\\\/cropped-logo-bellunopress-.jpg\",\"width\":512,\"height\":512,\"caption\":\"Bellunopress\"},\"image\":{\"@id\":\"https:\\\/\\\/www.bellunopress.it\\\/#\\\/schema\\\/logo\\\/image\\\/\"},\"sameAs\":[\"https:\\\/\\\/www.facebook.com\\\/profile.php?id=100008943462799\",\"https:\\\/\\\/x.com\\\/bellunopress\",\"https:\\\/\\\/www.linkedin.com\\\/hp\\\/?dnr=JBzUWaJfMUw8vbXJJ2tVW5-I3jZKvC4wsoxE&amp;amp;amp;amp;amp;amp;trk=nav_responsive_tab_home\",\"https:\\\/\\\/www.youtube.com\\\/channel\\\/UCxL0wu1uN0_3_7hGG0306cw\"]},{\"@type\":\"Person\",\"@id\":\"https:\\\/\\\/www.bellunopress.it\\\/#\\\/schema\\\/person\\\/79bb06722b37ece1c03d3e94beb30d73\",\"name\":\"redazione\",\"image\":{\"@type\":\"ImageObject\",\"inLanguage\":\"fr-FR\",\"@id\":\"https:\\\/\\\/secure.gravatar.com\\\/avatar\\\/37d968a2e67a6fd04c169c4bdef102d0bc5d31b2546345219e348575eb80e9a0?s=96&d=mm&r=g\",\"url\":\"https:\\\/\\\/secure.gravatar.com\\\/avatar\\\/37d968a2e67a6fd04c169c4bdef102d0bc5d31b2546345219e348575eb80e9a0?s=96&d=mm&r=g\",\"contentUrl\":\"https:\\\/\\\/secure.gravatar.com\\\/avatar\\\/37d968a2e67a6fd04c169c4bdef102d0bc5d31b2546345219e348575eb80e9a0?s=96&d=mm&r=g\",\"caption\":\"redazione\"},\"sameAs\":[\"http:\\\/\\\/www.bellunopress.it\",\"https:\\\/\\\/x.com\\\/bellunopress\"],\"url\":\"https:\\\/\\\/www.bellunopress.it\\\/fr\\\/author\\\/redazione\\\/\"}]}<\/script>\n<!-- \/ Yoast SEO plugin. -->","yoast_head_json":{"title":"Il futuro della cultura a Belluno: tra assenza di visione e occasioni mancate - Bellunopress - Dolomiti","robots":{"index":"index","follow":"follow","max-snippet":"max-snippet:-1","max-image-preview":"max-image-preview:large","max-video-preview":"max-video-preview:-1"},"canonical":"https:\/\/www.bellunopress.it\/fr\/2025\/04\/04\/il-futuro-della-cultura-a-belluno-tra-assenza-di-visione-e-occasioni-mancate\/","og_locale":"fr_FR","og_type":"article","og_title":"Il futuro della cultura a Belluno: tra assenza di visione e occasioni mancate - Bellunopress - Dolomiti","og_description":"In un&#8217;epoca in cui la cultura pu\u00f2 e deve rappresentare un motore strategico per lo sviluppo dei territori, Belluno sembra aver perso la bussola. A pochi mesi dai Giochi Olimpici e Paralimpici Invernali del 2026, un evento che potrebbe trasformarsi in una straordinaria opportunit\u00e0 di rilancio e visibilit\u00e0 internazionale, il capoluogo dolomitico continua a navigare [&hellip;]","og_url":"https:\/\/www.bellunopress.it\/fr\/2025\/04\/04\/il-futuro-della-cultura-a-belluno-tra-assenza-di-visione-e-occasioni-mancate\/","og_site_name":"Bellunopress - Dolomiti","article_publisher":"https:\/\/www.facebook.com\/profile.php?id=100008943462799","article_published_time":"2025-04-04T14:59:01+00:00","og_image":[{"width":962,"height":1000,"url":"https:\/\/www.bellunopress.it\/wp-content\/uploads\/2021\/04\/lettera-mail_edited.jpg","type":"image\/jpeg"}],"author":"redazione","twitter_card":"summary_large_image","twitter_creator":"@bellunopress","twitter_site":"@bellunopress","twitter_misc":{"\u00c9crit par":"redazione","Dur\u00e9e de lecture estim\u00e9e":"3 minutes"},"schema":{"@context":"https:\/\/schema.org","@graph":[{"@type":"Article","@id":"https:\/\/www.bellunopress.it\/2025\/04\/04\/il-futuro-della-cultura-a-belluno-tra-assenza-di-visione-e-occasioni-mancate\/#article","isPartOf":{"@id":"https:\/\/www.bellunopress.it\/2025\/04\/04\/il-futuro-della-cultura-a-belluno-tra-assenza-di-visione-e-occasioni-mancate\/"},"author":{"name":"redazione","@id":"https:\/\/www.bellunopress.it\/#\/schema\/person\/79bb06722b37ece1c03d3e94beb30d73"},"headline":"Il futuro della cultura a Belluno: tra assenza di visione e occasioni mancate","datePublished":"2025-04-04T14:59:01+00:00","mainEntityOfPage":{"@id":"https:\/\/www.bellunopress.it\/2025\/04\/04\/il-futuro-della-cultura-a-belluno-tra-assenza-di-visione-e-occasioni-mancate\/"},"wordCount":686,"publisher":{"@id":"https:\/\/www.bellunopress.it\/#organization"},"image":{"@id":"https:\/\/www.bellunopress.it\/2025\/04\/04\/il-futuro-della-cultura-a-belluno-tra-assenza-di-visione-e-occasioni-mancate\/#primaryimage"},"thumbnailUrl":"https:\/\/www.bellunopress.it\/wp-content\/uploads\/2021\/04\/lettera-mail_edited.jpg","articleSection":["Lettere Opinioni"],"inLanguage":"fr-FR"},{"@type":"WebPage","@id":"https:\/\/www.bellunopress.it\/2025\/04\/04\/il-futuro-della-cultura-a-belluno-tra-assenza-di-visione-e-occasioni-mancate\/","url":"https:\/\/www.bellunopress.it\/2025\/04\/04\/il-futuro-della-cultura-a-belluno-tra-assenza-di-visione-e-occasioni-mancate\/","name":"Il futuro della cultura a Belluno: tra assenza di visione e occasioni mancate - Bellunopress - Dolomiti","isPartOf":{"@id":"https:\/\/www.bellunopress.it\/#website"},"primaryImageOfPage":{"@id":"https:\/\/www.bellunopress.it\/2025\/04\/04\/il-futuro-della-cultura-a-belluno-tra-assenza-di-visione-e-occasioni-mancate\/#primaryimage"},"image":{"@id":"https:\/\/www.bellunopress.it\/2025\/04\/04\/il-futuro-della-cultura-a-belluno-tra-assenza-di-visione-e-occasioni-mancate\/#primaryimage"},"thumbnailUrl":"https:\/\/www.bellunopress.it\/wp-content\/uploads\/2021\/04\/lettera-mail_edited.jpg","datePublished":"2025-04-04T14:59:01+00:00","breadcrumb":{"@id":"https:\/\/www.bellunopress.it\/2025\/04\/04\/il-futuro-della-cultura-a-belluno-tra-assenza-di-visione-e-occasioni-mancate\/#breadcrumb"},"inLanguage":"fr-FR","potentialAction":[{"@type":"ReadAction","target":["https:\/\/www.bellunopress.it\/2025\/04\/04\/il-futuro-della-cultura-a-belluno-tra-assenza-di-visione-e-occasioni-mancate\/"]}]},{"@type":"ImageObject","inLanguage":"fr-FR","@id":"https:\/\/www.bellunopress.it\/2025\/04\/04\/il-futuro-della-cultura-a-belluno-tra-assenza-di-visione-e-occasioni-mancate\/#primaryimage","url":"https:\/\/www.bellunopress.it\/wp-content\/uploads\/2021\/04\/lettera-mail_edited.jpg","contentUrl":"https:\/\/www.bellunopress.it\/wp-content\/uploads\/2021\/04\/lettera-mail_edited.jpg","width":962,"height":1000},{"@type":"BreadcrumbList","@id":"https:\/\/www.bellunopress.it\/2025\/04\/04\/il-futuro-della-cultura-a-belluno-tra-assenza-di-visione-e-occasioni-mancate\/#breadcrumb","itemListElement":[{"@type":"ListItem","position":1,"name":"Home","item":"https:\/\/www.bellunopress.it\/"},{"@type":"ListItem","position":2,"name":"Il futuro della cultura a Belluno: tra assenza di visione e occasioni mancate"}]},{"@type":"WebSite","@id":"https:\/\/www.bellunopress.it\/#website","url":"https:\/\/www.bellunopress.it\/","name":"Bellunopress - Dolomiti","description":"e-mail: redazione@bellunopress.it","publisher":{"@id":"https:\/\/www.bellunopress.it\/#organization"},"potentialAction":[{"@type":"SearchAction","target":{"@type":"EntryPoint","urlTemplate":"https:\/\/www.bellunopress.it\/?s={search_term_string}"},"query-input":{"@type":"PropertyValueSpecification","valueRequired":true,"valueName":"search_term_string"}}],"inLanguage":"fr-FR"},{"@type":"Organization","@id":"https:\/\/www.bellunopress.it\/#organization","name":"Bellunopress","url":"https:\/\/www.bellunopress.it\/","logo":{"@type":"ImageObject","inLanguage":"fr-FR","@id":"https:\/\/www.bellunopress.it\/#\/schema\/logo\/image\/","url":"https:\/\/www.bellunopress.it\/wp-content\/uploads\/2011\/05\/cropped-logo-bellunopress-.jpg","contentUrl":"https:\/\/www.bellunopress.it\/wp-content\/uploads\/2011\/05\/cropped-logo-bellunopress-.jpg","width":512,"height":512,"caption":"Bellunopress"},"image":{"@id":"https:\/\/www.bellunopress.it\/#\/schema\/logo\/image\/"},"sameAs":["https:\/\/www.facebook.com\/profile.php?id=100008943462799","https:\/\/x.com\/bellunopress","https:\/\/www.linkedin.com\/hp\/?dnr=JBzUWaJfMUw8vbXJJ2tVW5-I3jZKvC4wsoxE&amp;amp;amp;amp;amp;amp;trk=nav_responsive_tab_home","https:\/\/www.youtube.com\/channel\/UCxL0wu1uN0_3_7hGG0306cw"]},{"@type":"Person","@id":"https:\/\/www.bellunopress.it\/#\/schema\/person\/79bb06722b37ece1c03d3e94beb30d73","name":"r\u00e9daction","image":{"@type":"ImageObject","inLanguage":"fr-FR","@id":"https:\/\/secure.gravatar.com\/avatar\/37d968a2e67a6fd04c169c4bdef102d0bc5d31b2546345219e348575eb80e9a0?s=96&d=mm&r=g","url":"https:\/\/secure.gravatar.com\/avatar\/37d968a2e67a6fd04c169c4bdef102d0bc5d31b2546345219e348575eb80e9a0?s=96&d=mm&r=g","contentUrl":"https:\/\/secure.gravatar.com\/avatar\/37d968a2e67a6fd04c169c4bdef102d0bc5d31b2546345219e348575eb80e9a0?s=96&d=mm&r=g","caption":"redazione"},"sameAs":["http:\/\/www.bellunopress.it","https:\/\/x.com\/bellunopress"],"url":"https:\/\/www.bellunopress.it\/fr\/author\/redazione\/"}]}},"_links":{"self":[{"href":"https:\/\/www.bellunopress.it\/fr\/wp-json\/wp\/v2\/posts\/159222","targetHints":{"allow":["GET"]}}],"collection":[{"href":"https:\/\/www.bellunopress.it\/fr\/wp-json\/wp\/v2\/posts"}],"about":[{"href":"https:\/\/www.bellunopress.it\/fr\/wp-json\/wp\/v2\/types\/post"}],"author":[{"embeddable":true,"href":"https:\/\/www.bellunopress.it\/fr\/wp-json\/wp\/v2\/users\/2"}],"replies":[{"embeddable":true,"href":"https:\/\/www.bellunopress.it\/fr\/wp-json\/wp\/v2\/comments?post=159222"}],"version-history":[{"count":1,"href":"https:\/\/www.bellunopress.it\/fr\/wp-json\/wp\/v2\/posts\/159222\/revisions"}],"predecessor-version":[{"id":159223,"href":"https:\/\/www.bellunopress.it\/fr\/wp-json\/wp\/v2\/posts\/159222\/revisions\/159223"}],"wp:featuredmedia":[{"embeddable":true,"href":"https:\/\/www.bellunopress.it\/fr\/wp-json\/wp\/v2\/media\/123649"}],"wp:attachment":[{"href":"https:\/\/www.bellunopress.it\/fr\/wp-json\/wp\/v2\/media?parent=159222"}],"wp:term":[{"taxonomy":"category","embeddable":true,"href":"https:\/\/www.bellunopress.it\/fr\/wp-json\/wp\/v2\/categories?post=159222"},{"taxonomy":"post_tag","embeddable":true,"href":"https:\/\/www.bellunopress.it\/fr\/wp-json\/wp\/v2\/tags?post=159222"}],"curies":[{"name":"wp","href":"https:\/\/api.w.org\/{rel}","templated":true}]}}