{"id":159008,"date":"2025-03-29T09:50:11","date_gmt":"2025-03-29T08:50:11","guid":{"rendered":"https:\/\/www.bellunopress.it\/?p=159008"},"modified":"2025-03-29T09:50:11","modified_gmt":"2025-03-29T08:50:11","slug":"cervi-e-danni-allagricoltura-scatta-il-piano-di-controllo-primaverile","status":"publish","type":"post","link":"https:\/\/www.bellunopress.it\/fr\/2025\/03\/29\/cervi-e-danni-allagricoltura-scatta-il-piano-di-controllo-primaverile\/","title":{"rendered":"Cervi e danni all\u2019agricoltura: scatta il piano di controllo primaverile"},"content":{"rendered":"<figure id=\"attachment_146392\" aria-describedby=\"caption-attachment-146392\" style=\"width: 980px\" class=\"wp-caption aligncenter\"><img loading=\"lazy\" decoding=\"async\" class=\"size-full wp-image-146392\" src=\"https:\/\/www.bellunopress.it\/wp-content\/uploads\/2023\/12\/Silvia-Calligaro-coordinatrice-prov-Fratelli-dItalia.jpg\" alt=\"\" width=\"980\" height=\"1000\" srcset=\"https:\/\/www.bellunopress.it\/wp-content\/uploads\/2023\/12\/Silvia-Calligaro-coordinatrice-prov-Fratelli-dItalia.jpg 980w, https:\/\/www.bellunopress.it\/wp-content\/uploads\/2023\/12\/Silvia-Calligaro-coordinatrice-prov-Fratelli-dItalia-490x500.jpg 490w, https:\/\/www.bellunopress.it\/wp-content\/uploads\/2023\/12\/Silvia-Calligaro-coordinatrice-prov-Fratelli-dItalia-696x710.jpg 696w\" sizes=\"auto, (max-width: 980px) 100vw, 980px\" \/><figcaption id=\"caption-attachment-146392\" class=\"wp-caption-text\">Silvia Calligaro, vicepresidente della Provincia e coordinatrice provinciale Fratelli d&#8217;Italia<\/figcaption><\/figure>\n<p class=\"\" data-start=\"83\" data-end=\"201\"><strong data-start=\"83\" data-end=\"199\">Da marzo a maggio misure mirate per tutelare le colture. Calligaro: \u00abAscoltate le esigenze del settore primario\u00bb<\/strong><\/p>\n<p class=\"\" data-start=\"203\" data-end=\"486\">Stop ai danni dei cervi ai campi coltivati. La Provincia di Belluno ha approvato il piano di controllo primaverile degli ungulati, un\u2019iniziativa che sar\u00e0 attuata da marzo a maggio per prevenire e contenere le devastazioni causate dai branchi di cervi ai germogli delle colture.<\/p>\n<p class=\"\" data-start=\"488\" data-end=\"1026\">\u00abSi tratta di una misura nata in seno al Tavolo verde, che risponde alle esigenze espresse dal mondo agricolo, offrendo una soluzione concreta\u00bb, spiega Silvia Calligaro, vice presidente della Provincia di Belluno con delega all\u2019agricoltura. \u00abNegli ultimi mesi abbiamo ascoltato le associazioni di categoria e studiato interventi che possano tutelare il lavoro degli agricoltori in un periodo delicato per le coltivazioni. Se i cervi mangiano i primi germogli, gli sforzi delle imprese rischiano di essere annullati in pochi giorni\u00bb.<\/p>\n<h3 class=\"\" data-start=\"1028\" data-end=\"1074\"><strong data-start=\"1032\" data-end=\"1072\">Misure selettive per ridurre i danni<\/strong><\/h3>\n<p class=\"\" data-start=\"1076\" data-end=\"1333\">Il piano non prevede abbattimenti indiscriminati, ma interventi mirati e progressivi, attivati solo in presenza di danni accertati e su segnalazione. La gestione \u00e8 affidata a operatori qualificati, sotto il controllo della Polizia Provinciale.<\/p>\n<p class=\"\" data-start=\"1335\" data-end=\"1366\">Le azioni previste includono:<\/p>\n<ul data-start=\"1367\" data-end=\"1556\">\n<li class=\"\" data-start=\"1367\" data-end=\"1419\">\n<p class=\"\" data-start=\"1369\" data-end=\"1419\"><strong data-start=\"1369\" data-end=\"1383\">Recinzioni<\/strong> attorno ai campi, dove possibile.<\/p>\n<\/li>\n<li class=\"\" data-start=\"1420\" data-end=\"1485\">\n<p class=\"\" data-start=\"1422\" data-end=\"1485\"><strong data-start=\"1422\" data-end=\"1454\">Dissuasori luminosi e sonori<\/strong> per allontanare gli animali.<\/p>\n<\/li>\n<li class=\"\" data-start=\"1486\" data-end=\"1556\">\n<p class=\"\" data-start=\"1488\" data-end=\"1556\"><strong data-start=\"1488\" data-end=\"1512\">Interventi selettivi<\/strong> con abbattimenti solo come estrema ratio.<\/p>\n<\/li>\n<\/ul>\n<p class=\"\" data-start=\"1558\" data-end=\"1929\">\u00abL\u2019obiettivo principale \u00e8 quello di spostare i cervi lontano dalle aree coltivate\u00bb, sottolinea Calligaro. \u00abGli interventi puntiformi servono a proteggere le colture senza intaccare l\u2019equilibrio faunistico. In montagna \u00e8 essenziale un\u2019azione coordinata per sostenere l\u2019agricoltura, che svolge un ruolo chiave nella tutela del territorio e nella lotta allo spopolamento\u00bb.<\/p>\n<p class=\"\" data-start=\"1931\" data-end=\"2159\">Un approccio pragmatico e regolamentato, dunque, che punta a garantire convivenza tra fauna selvatica e attivit\u00e0 agricole, senza ricorrere a misure drastiche, ma con strategie mirate alla salvaguardia dell\u2019economia rurale.<\/p>","protected":false},"excerpt":{"rendered":"<p>Da marzo a maggio misure mirate per tutelare le colture. Calligaro: \u00abAscoltate le esigenze del settore primario\u00bb Stop ai danni dei cervi ai campi coltivati. La Provincia di Belluno ha approvato il piano di controllo primaverile degli ungulati, un\u2019iniziativa che sar\u00e0 attuata da marzo a maggio per prevenire e contenere le devastazioni causate dai branchi [&hellip;]<\/p>\n","protected":false},"author":2,"featured_media":117337,"comment_status":"closed","ping_status":"open","sticky":false,"template":"","format":"standard","meta":{"footnotes":""},"categories":[5,38],"tags":[],"class_list":["post-159008","post","type-post","status-publish","format-standard","has-post-thumbnail","category-cronaca","category-natura-ambiente"],"yoast_head":"<!-- This site is optimized with the Yoast SEO plugin v28.4 - https:\/\/yoast.com\/product\/yoast-seo-wordpress\/ -->\n<title>Cervi e danni all\u2019agricoltura: scatta il piano di controllo primaverile - Bellunopress - Dolomiti<\/title>\n<meta name=\"robots\" content=\"index, follow, max-snippet:-1, max-image-preview:large, max-video-preview:-1\" \/>\n<link rel=\"canonical\" href=\"https:\/\/www.bellunopress.it\/fr\/2025\/03\/29\/cervi-e-danni-allagricoltura-scatta-il-piano-di-controllo-primaverile\/\" \/>\n<meta property=\"og:locale\" content=\"fr_FR\" \/>\n<meta property=\"og:type\" content=\"article\" \/>\n<meta property=\"og:title\" content=\"Cervi e danni all\u2019agricoltura: scatta il piano di controllo primaverile - Bellunopress - Dolomiti\" \/>\n<meta property=\"og:description\" content=\"Da marzo a maggio misure mirate per tutelare le colture. Calligaro: \u00abAscoltate le esigenze del settore primario\u00bb Stop ai danni dei cervi ai campi coltivati. La Provincia di Belluno ha approvato il piano di controllo primaverile degli ungulati, un\u2019iniziativa che sar\u00e0 attuata da marzo a maggio per prevenire e contenere le devastazioni causate dai branchi [&hellip;]\" \/>\n<meta property=\"og:url\" content=\"https:\/\/www.bellunopress.it\/fr\/2025\/03\/29\/cervi-e-danni-allagricoltura-scatta-il-piano-di-controllo-primaverile\/\" \/>\n<meta property=\"og:site_name\" content=\"Bellunopress - Dolomiti\" \/>\n<meta property=\"article:publisher\" content=\"https:\/\/www.facebook.com\/profile.php?id=100008943462799\" \/>\n<meta property=\"article:published_time\" content=\"2025-03-29T08:50:11+00:00\" \/>\n<meta property=\"og:image\" content=\"https:\/\/www.bellunopress.it\/wp-content\/uploads\/2020\/09\/Cervo_edited.jpg\" \/>\n\t<meta property=\"og:image:width\" content=\"800\" \/>\n\t<meta property=\"og:image:height\" content=\"628\" \/>\n\t<meta property=\"og:image:type\" content=\"image\/jpeg\" \/>\n<meta name=\"author\" content=\"redazione\" \/>\n<meta name=\"twitter:card\" content=\"summary_large_image\" \/>\n<meta name=\"twitter:creator\" content=\"@bellunopress\" \/>\n<meta name=\"twitter:site\" content=\"@bellunopress\" \/>\n<meta name=\"twitter:label1\" content=\"\u00c9crit par\" \/>\n\t<meta name=\"twitter:data1\" content=\"redazione\" \/>\n\t<meta name=\"twitter:label2\" content=\"Dur\u00e9e de lecture estim\u00e9e\" \/>\n\t<meta name=\"twitter:data2\" content=\"2 minutes\" \/>\n<script type=\"application\/ld+json\" class=\"yoast-schema-graph\">{\"@context\":\"https:\\\/\\\/schema.org\",\"@graph\":[{\"@type\":\"Article\",\"@id\":\"https:\\\/\\\/www.bellunopress.it\\\/2025\\\/03\\\/29\\\/cervi-e-danni-allagricoltura-scatta-il-piano-di-controllo-primaverile\\\/#article\",\"isPartOf\":{\"@id\":\"https:\\\/\\\/www.bellunopress.it\\\/2025\\\/03\\\/29\\\/cervi-e-danni-allagricoltura-scatta-il-piano-di-controllo-primaverile\\\/\"},\"author\":{\"name\":\"redazione\",\"@id\":\"https:\\\/\\\/www.bellunopress.it\\\/#\\\/schema\\\/person\\\/79bb06722b37ece1c03d3e94beb30d73\"},\"headline\":\"Cervi e danni all\u2019agricoltura: scatta il piano di controllo primaverile\",\"datePublished\":\"2025-03-29T08:50:11+00:00\",\"mainEntityOfPage\":{\"@id\":\"https:\\\/\\\/www.bellunopress.it\\\/2025\\\/03\\\/29\\\/cervi-e-danni-allagricoltura-scatta-il-piano-di-controllo-primaverile\\\/\"},\"wordCount\":318,\"publisher\":{\"@id\":\"https:\\\/\\\/www.bellunopress.it\\\/#organization\"},\"image\":{\"@id\":\"https:\\\/\\\/www.bellunopress.it\\\/2025\\\/03\\\/29\\\/cervi-e-danni-allagricoltura-scatta-il-piano-di-controllo-primaverile\\\/#primaryimage\"},\"thumbnailUrl\":\"https:\\\/\\\/www.bellunopress.it\\\/wp-content\\\/uploads\\\/2020\\\/09\\\/Cervo_edited.jpg\",\"articleSection\":[\"Cronaca\\\/Politica\",\"Meteo, natura, ambiente, animali\"],\"inLanguage\":\"fr-FR\"},{\"@type\":\"WebPage\",\"@id\":\"https:\\\/\\\/www.bellunopress.it\\\/2025\\\/03\\\/29\\\/cervi-e-danni-allagricoltura-scatta-il-piano-di-controllo-primaverile\\\/\",\"url\":\"https:\\\/\\\/www.bellunopress.it\\\/2025\\\/03\\\/29\\\/cervi-e-danni-allagricoltura-scatta-il-piano-di-controllo-primaverile\\\/\",\"name\":\"Cervi e danni all\u2019agricoltura: scatta il piano di controllo primaverile - Bellunopress - Dolomiti\",\"isPartOf\":{\"@id\":\"https:\\\/\\\/www.bellunopress.it\\\/#website\"},\"primaryImageOfPage\":{\"@id\":\"https:\\\/\\\/www.bellunopress.it\\\/2025\\\/03\\\/29\\\/cervi-e-danni-allagricoltura-scatta-il-piano-di-controllo-primaverile\\\/#primaryimage\"},\"image\":{\"@id\":\"https:\\\/\\\/www.bellunopress.it\\\/2025\\\/03\\\/29\\\/cervi-e-danni-allagricoltura-scatta-il-piano-di-controllo-primaverile\\\/#primaryimage\"},\"thumbnailUrl\":\"https:\\\/\\\/www.bellunopress.it\\\/wp-content\\\/uploads\\\/2020\\\/09\\\/Cervo_edited.jpg\",\"datePublished\":\"2025-03-29T08:50:11+00:00\",\"breadcrumb\":{\"@id\":\"https:\\\/\\\/www.bellunopress.it\\\/2025\\\/03\\\/29\\\/cervi-e-danni-allagricoltura-scatta-il-piano-di-controllo-primaverile\\\/#breadcrumb\"},\"inLanguage\":\"fr-FR\",\"potentialAction\":[{\"@type\":\"ReadAction\",\"target\":[\"https:\\\/\\\/www.bellunopress.it\\\/2025\\\/03\\\/29\\\/cervi-e-danni-allagricoltura-scatta-il-piano-di-controllo-primaverile\\\/\"]}]},{\"@type\":\"ImageObject\",\"inLanguage\":\"fr-FR\",\"@id\":\"https:\\\/\\\/www.bellunopress.it\\\/2025\\\/03\\\/29\\\/cervi-e-danni-allagricoltura-scatta-il-piano-di-controllo-primaverile\\\/#primaryimage\",\"url\":\"https:\\\/\\\/www.bellunopress.it\\\/wp-content\\\/uploads\\\/2020\\\/09\\\/Cervo_edited.jpg\",\"contentUrl\":\"https:\\\/\\\/www.bellunopress.it\\\/wp-content\\\/uploads\\\/2020\\\/09\\\/Cervo_edited.jpg\",\"width\":800,\"height\":628},{\"@type\":\"BreadcrumbList\",\"@id\":\"https:\\\/\\\/www.bellunopress.it\\\/2025\\\/03\\\/29\\\/cervi-e-danni-allagricoltura-scatta-il-piano-di-controllo-primaverile\\\/#breadcrumb\",\"itemListElement\":[{\"@type\":\"ListItem\",\"position\":1,\"name\":\"Home\",\"item\":\"https:\\\/\\\/www.bellunopress.it\\\/\"},{\"@type\":\"ListItem\",\"position\":2,\"name\":\"Cervi e danni all\u2019agricoltura: scatta il piano di controllo primaverile\"}]},{\"@type\":\"WebSite\",\"@id\":\"https:\\\/\\\/www.bellunopress.it\\\/#website\",\"url\":\"https:\\\/\\\/www.bellunopress.it\\\/\",\"name\":\"Bellunopress - Dolomiti\",\"description\":\"e-mail: redazione@bellunopress.it\",\"publisher\":{\"@id\":\"https:\\\/\\\/www.bellunopress.it\\\/#organization\"},\"potentialAction\":[{\"@type\":\"SearchAction\",\"target\":{\"@type\":\"EntryPoint\",\"urlTemplate\":\"https:\\\/\\\/www.bellunopress.it\\\/?s={search_term_string}\"},\"query-input\":{\"@type\":\"PropertyValueSpecification\",\"valueRequired\":true,\"valueName\":\"search_term_string\"}}],\"inLanguage\":\"fr-FR\"},{\"@type\":\"Organization\",\"@id\":\"https:\\\/\\\/www.bellunopress.it\\\/#organization\",\"name\":\"Bellunopress\",\"url\":\"https:\\\/\\\/www.bellunopress.it\\\/\",\"logo\":{\"@type\":\"ImageObject\",\"inLanguage\":\"fr-FR\",\"@id\":\"https:\\\/\\\/www.bellunopress.it\\\/#\\\/schema\\\/logo\\\/image\\\/\",\"url\":\"https:\\\/\\\/www.bellunopress.it\\\/wp-content\\\/uploads\\\/2011\\\/05\\\/cropped-logo-bellunopress-.jpg\",\"contentUrl\":\"https:\\\/\\\/www.bellunopress.it\\\/wp-content\\\/uploads\\\/2011\\\/05\\\/cropped-logo-bellunopress-.jpg\",\"width\":512,\"height\":512,\"caption\":\"Bellunopress\"},\"image\":{\"@id\":\"https:\\\/\\\/www.bellunopress.it\\\/#\\\/schema\\\/logo\\\/image\\\/\"},\"sameAs\":[\"https:\\\/\\\/www.facebook.com\\\/profile.php?id=100008943462799\",\"https:\\\/\\\/x.com\\\/bellunopress\",\"https:\\\/\\\/www.linkedin.com\\\/hp\\\/?dnr=JBzUWaJfMUw8vbXJJ2tVW5-I3jZKvC4wsoxE&amp;amp;amp;amp;amp;amp;trk=nav_responsive_tab_home\",\"https:\\\/\\\/www.youtube.com\\\/channel\\\/UCxL0wu1uN0_3_7hGG0306cw\"]},{\"@type\":\"Person\",\"@id\":\"https:\\\/\\\/www.bellunopress.it\\\/#\\\/schema\\\/person\\\/79bb06722b37ece1c03d3e94beb30d73\",\"name\":\"redazione\",\"image\":{\"@type\":\"ImageObject\",\"inLanguage\":\"fr-FR\",\"@id\":\"https:\\\/\\\/secure.gravatar.com\\\/avatar\\\/37d968a2e67a6fd04c169c4bdef102d0bc5d31b2546345219e348575eb80e9a0?s=96&d=mm&r=g\",\"url\":\"https:\\\/\\\/secure.gravatar.com\\\/avatar\\\/37d968a2e67a6fd04c169c4bdef102d0bc5d31b2546345219e348575eb80e9a0?s=96&d=mm&r=g\",\"contentUrl\":\"https:\\\/\\\/secure.gravatar.com\\\/avatar\\\/37d968a2e67a6fd04c169c4bdef102d0bc5d31b2546345219e348575eb80e9a0?s=96&d=mm&r=g\",\"caption\":\"redazione\"},\"sameAs\":[\"http:\\\/\\\/www.bellunopress.it\",\"https:\\\/\\\/x.com\\\/bellunopress\"],\"url\":\"https:\\\/\\\/www.bellunopress.it\\\/fr\\\/author\\\/redazione\\\/\"}]}<\/script>\n<!-- \/ Yoast SEO plugin. -->","yoast_head_json":{"title":"Cervi e danni all\u2019agricoltura: scatta il piano di controllo primaverile - Bellunopress - Dolomiti","robots":{"index":"index","follow":"follow","max-snippet":"max-snippet:-1","max-image-preview":"max-image-preview:large","max-video-preview":"max-video-preview:-1"},"canonical":"https:\/\/www.bellunopress.it\/fr\/2025\/03\/29\/cervi-e-danni-allagricoltura-scatta-il-piano-di-controllo-primaverile\/","og_locale":"fr_FR","og_type":"article","og_title":"Cervi e danni all\u2019agricoltura: scatta il piano di controllo primaverile - Bellunopress - Dolomiti","og_description":"Da marzo a maggio misure mirate per tutelare le colture. Calligaro: \u00abAscoltate le esigenze del settore primario\u00bb Stop ai danni dei cervi ai campi coltivati. La Provincia di Belluno ha approvato il piano di controllo primaverile degli ungulati, un\u2019iniziativa che sar\u00e0 attuata da marzo a maggio per prevenire e contenere le devastazioni causate dai branchi [&hellip;]","og_url":"https:\/\/www.bellunopress.it\/fr\/2025\/03\/29\/cervi-e-danni-allagricoltura-scatta-il-piano-di-controllo-primaverile\/","og_site_name":"Bellunopress - Dolomiti","article_publisher":"https:\/\/www.facebook.com\/profile.php?id=100008943462799","article_published_time":"2025-03-29T08:50:11+00:00","og_image":[{"width":800,"height":628,"url":"https:\/\/www.bellunopress.it\/wp-content\/uploads\/2020\/09\/Cervo_edited.jpg","type":"image\/jpeg"}],"author":"redazione","twitter_card":"summary_large_image","twitter_creator":"@bellunopress","twitter_site":"@bellunopress","twitter_misc":{"\u00c9crit par":"redazione","Dur\u00e9e de lecture estim\u00e9e":"2 minutes"},"schema":{"@context":"https:\/\/schema.org","@graph":[{"@type":"Article","@id":"https:\/\/www.bellunopress.it\/2025\/03\/29\/cervi-e-danni-allagricoltura-scatta-il-piano-di-controllo-primaverile\/#article","isPartOf":{"@id":"https:\/\/www.bellunopress.it\/2025\/03\/29\/cervi-e-danni-allagricoltura-scatta-il-piano-di-controllo-primaverile\/"},"author":{"name":"redazione","@id":"https:\/\/www.bellunopress.it\/#\/schema\/person\/79bb06722b37ece1c03d3e94beb30d73"},"headline":"Cervi e danni all\u2019agricoltura: scatta il piano di controllo primaverile","datePublished":"2025-03-29T08:50:11+00:00","mainEntityOfPage":{"@id":"https:\/\/www.bellunopress.it\/2025\/03\/29\/cervi-e-danni-allagricoltura-scatta-il-piano-di-controllo-primaverile\/"},"wordCount":318,"publisher":{"@id":"https:\/\/www.bellunopress.it\/#organization"},"image":{"@id":"https:\/\/www.bellunopress.it\/2025\/03\/29\/cervi-e-danni-allagricoltura-scatta-il-piano-di-controllo-primaverile\/#primaryimage"},"thumbnailUrl":"https:\/\/www.bellunopress.it\/wp-content\/uploads\/2020\/09\/Cervo_edited.jpg","articleSection":["Cronaca\/Politica","Meteo, natura, ambiente, animali"],"inLanguage":"fr-FR"},{"@type":"WebPage","@id":"https:\/\/www.bellunopress.it\/2025\/03\/29\/cervi-e-danni-allagricoltura-scatta-il-piano-di-controllo-primaverile\/","url":"https:\/\/www.bellunopress.it\/2025\/03\/29\/cervi-e-danni-allagricoltura-scatta-il-piano-di-controllo-primaverile\/","name":"Cervi e danni all\u2019agricoltura: scatta il piano di controllo primaverile - Bellunopress - Dolomiti","isPartOf":{"@id":"https:\/\/www.bellunopress.it\/#website"},"primaryImageOfPage":{"@id":"https:\/\/www.bellunopress.it\/2025\/03\/29\/cervi-e-danni-allagricoltura-scatta-il-piano-di-controllo-primaverile\/#primaryimage"},"image":{"@id":"https:\/\/www.bellunopress.it\/2025\/03\/29\/cervi-e-danni-allagricoltura-scatta-il-piano-di-controllo-primaverile\/#primaryimage"},"thumbnailUrl":"https:\/\/www.bellunopress.it\/wp-content\/uploads\/2020\/09\/Cervo_edited.jpg","datePublished":"2025-03-29T08:50:11+00:00","breadcrumb":{"@id":"https:\/\/www.bellunopress.it\/2025\/03\/29\/cervi-e-danni-allagricoltura-scatta-il-piano-di-controllo-primaverile\/#breadcrumb"},"inLanguage":"fr-FR","potentialAction":[{"@type":"ReadAction","target":["https:\/\/www.bellunopress.it\/2025\/03\/29\/cervi-e-danni-allagricoltura-scatta-il-piano-di-controllo-primaverile\/"]}]},{"@type":"ImageObject","inLanguage":"fr-FR","@id":"https:\/\/www.bellunopress.it\/2025\/03\/29\/cervi-e-danni-allagricoltura-scatta-il-piano-di-controllo-primaverile\/#primaryimage","url":"https:\/\/www.bellunopress.it\/wp-content\/uploads\/2020\/09\/Cervo_edited.jpg","contentUrl":"https:\/\/www.bellunopress.it\/wp-content\/uploads\/2020\/09\/Cervo_edited.jpg","width":800,"height":628},{"@type":"BreadcrumbList","@id":"https:\/\/www.bellunopress.it\/2025\/03\/29\/cervi-e-danni-allagricoltura-scatta-il-piano-di-controllo-primaverile\/#breadcrumb","itemListElement":[{"@type":"ListItem","position":1,"name":"Home","item":"https:\/\/www.bellunopress.it\/"},{"@type":"ListItem","position":2,"name":"Cervi e danni all\u2019agricoltura: scatta il piano di controllo primaverile"}]},{"@type":"WebSite","@id":"https:\/\/www.bellunopress.it\/#website","url":"https:\/\/www.bellunopress.it\/","name":"Bellunopress - Dolomiti","description":"e-mail: redazione@bellunopress.it","publisher":{"@id":"https:\/\/www.bellunopress.it\/#organization"},"potentialAction":[{"@type":"SearchAction","target":{"@type":"EntryPoint","urlTemplate":"https:\/\/www.bellunopress.it\/?s={search_term_string}"},"query-input":{"@type":"PropertyValueSpecification","valueRequired":true,"valueName":"search_term_string"}}],"inLanguage":"fr-FR"},{"@type":"Organization","@id":"https:\/\/www.bellunopress.it\/#organization","name":"Bellunopress","url":"https:\/\/www.bellunopress.it\/","logo":{"@type":"ImageObject","inLanguage":"fr-FR","@id":"https:\/\/www.bellunopress.it\/#\/schema\/logo\/image\/","url":"https:\/\/www.bellunopress.it\/wp-content\/uploads\/2011\/05\/cropped-logo-bellunopress-.jpg","contentUrl":"https:\/\/www.bellunopress.it\/wp-content\/uploads\/2011\/05\/cropped-logo-bellunopress-.jpg","width":512,"height":512,"caption":"Bellunopress"},"image":{"@id":"https:\/\/www.bellunopress.it\/#\/schema\/logo\/image\/"},"sameAs":["https:\/\/www.facebook.com\/profile.php?id=100008943462799","https:\/\/x.com\/bellunopress","https:\/\/www.linkedin.com\/hp\/?dnr=JBzUWaJfMUw8vbXJJ2tVW5-I3jZKvC4wsoxE&amp;amp;amp;amp;amp;amp;trk=nav_responsive_tab_home","https:\/\/www.youtube.com\/channel\/UCxL0wu1uN0_3_7hGG0306cw"]},{"@type":"Person","@id":"https:\/\/www.bellunopress.it\/#\/schema\/person\/79bb06722b37ece1c03d3e94beb30d73","name":"r\u00e9daction","image":{"@type":"ImageObject","inLanguage":"fr-FR","@id":"https:\/\/secure.gravatar.com\/avatar\/37d968a2e67a6fd04c169c4bdef102d0bc5d31b2546345219e348575eb80e9a0?s=96&d=mm&r=g","url":"https:\/\/secure.gravatar.com\/avatar\/37d968a2e67a6fd04c169c4bdef102d0bc5d31b2546345219e348575eb80e9a0?s=96&d=mm&r=g","contentUrl":"https:\/\/secure.gravatar.com\/avatar\/37d968a2e67a6fd04c169c4bdef102d0bc5d31b2546345219e348575eb80e9a0?s=96&d=mm&r=g","caption":"redazione"},"sameAs":["http:\/\/www.bellunopress.it","https:\/\/x.com\/bellunopress"],"url":"https:\/\/www.bellunopress.it\/fr\/author\/redazione\/"}]}},"_links":{"self":[{"href":"https:\/\/www.bellunopress.it\/fr\/wp-json\/wp\/v2\/posts\/159008","targetHints":{"allow":["GET"]}}],"collection":[{"href":"https:\/\/www.bellunopress.it\/fr\/wp-json\/wp\/v2\/posts"}],"about":[{"href":"https:\/\/www.bellunopress.it\/fr\/wp-json\/wp\/v2\/types\/post"}],"author":[{"embeddable":true,"href":"https:\/\/www.bellunopress.it\/fr\/wp-json\/wp\/v2\/users\/2"}],"replies":[{"embeddable":true,"href":"https:\/\/www.bellunopress.it\/fr\/wp-json\/wp\/v2\/comments?post=159008"}],"version-history":[{"count":1,"href":"https:\/\/www.bellunopress.it\/fr\/wp-json\/wp\/v2\/posts\/159008\/revisions"}],"predecessor-version":[{"id":159009,"href":"https:\/\/www.bellunopress.it\/fr\/wp-json\/wp\/v2\/posts\/159008\/revisions\/159009"}],"wp:featuredmedia":[{"embeddable":true,"href":"https:\/\/www.bellunopress.it\/fr\/wp-json\/wp\/v2\/media\/117337"}],"wp:attachment":[{"href":"https:\/\/www.bellunopress.it\/fr\/wp-json\/wp\/v2\/media?parent=159008"}],"wp:term":[{"taxonomy":"category","embeddable":true,"href":"https:\/\/www.bellunopress.it\/fr\/wp-json\/wp\/v2\/categories?post=159008"},{"taxonomy":"post_tag","embeddable":true,"href":"https:\/\/www.bellunopress.it\/fr\/wp-json\/wp\/v2\/tags?post=159008"}],"curies":[{"name":"wp","href":"https:\/\/api.w.org\/{rel}","templated":true}]}}