{"id":158817,"date":"2025-03-22T07:57:39","date_gmt":"2025-03-22T06:57:39","guid":{"rendered":"https:\/\/www.bellunopress.it\/?p=158817"},"modified":"2025-03-22T07:57:39","modified_gmt":"2025-03-22T06:57:39","slug":"giornata-internazionale-delle-foreste-i-carabinieri-forestali-impegnati-nelleducazione-ambientale","status":"publish","type":"post","link":"https:\/\/www.bellunopress.it\/fr\/2025\/03\/22\/giornata-internazionale-delle-foreste-i-carabinieri-forestali-impegnati-nelleducazione-ambientale\/","title":{"rendered":"Giornata internazionale delle foreste: i carabinieri forestali impegnati nell&#8217;educazione ambientale"},"content":{"rendered":"<p><strong><img loading=\"lazy\" decoding=\"async\" class=\"aligncenter size-full wp-image-158818\" src=\"https:\/\/www.bellunopress.it\/wp-content\/uploads\/2025\/03\/carabinieri-forestali-a-Celarda-.jpg\" alt=\"\" width=\"1000\" height=\"666\" srcset=\"https:\/\/www.bellunopress.it\/wp-content\/uploads\/2025\/03\/carabinieri-forestali-a-Celarda-.jpg 1000w, https:\/\/www.bellunopress.it\/wp-content\/uploads\/2025\/03\/carabinieri-forestali-a-Celarda--500x333.jpg 500w, https:\/\/www.bellunopress.it\/wp-content\/uploads\/2025\/03\/carabinieri-forestali-a-Celarda--631x420.jpg 631w, https:\/\/www.bellunopress.it\/wp-content\/uploads\/2025\/03\/carabinieri-forestali-a-Celarda--696x464.jpg 696w\" sizes=\"auto, (max-width: 1000px) 100vw, 1000px\" \/>Attivit\u00e0 didattiche nella Riserva Naturale Statale \u201cVincheto di Celarda\u201d e alla Scuola Primaria di Auronzo di Cadore &#8211; Villapiccola<\/strong><\/p>\n<p>BELLUNO \u2013 In occasione della Giornata Internazionale delle Foreste, celebrata il 21 marzo, i Carabinieri Forestali di Belluno hanno promosso un\u2019importante iniziativa di educazione ambientale coinvolgendo gli alunni della Scuola Primaria \u201cLa Quercia\u201d di Norcen (ospitati presso il Centro Visite della Riserva Naturale Statale \u201cVincheto di Celarda\u201d) e della Scuola Primaria di Auronzo di Cadore &#8211; Villapiccola. L\u2019attivit\u00e0 ha avuto l\u2019obiettivo di sensibilizzare i pi\u00f9 giovani sull\u2019importanza delle risorse forestali per la conservazione dell\u2019ambiente e la sostenibilit\u00e0 della vita sul pianeta.<\/p>\n<p>Il Reparto Carabinieri Biodiversit\u00e0 di Belluno, insieme al Reparto Carabinieri del Parco Nazionale Dolomiti Bellunesi e al Nucleo Carabinieri Forestale di Auronzo di Cadore, ha illustrato il ruolo delle foreste nel delicato equilibrio ecologico, con particolare attenzione alla loro funzione nella mitigazione del cambiamento climatico e nella difesa del suolo dal dissesto idrogeologico.<\/p>\n<p>Durante gli incontri, i militari hanno evidenziato i molteplici servizi che le foreste offrono all\u2019umanit\u00e0: oltre a rappresentare una fonte di acqua, legno e cibo, esse svolgono un ruolo cruciale nella regolazione idrogeologica e nella cattura della CO\u2082 attraverso la fotosintesi clorofilliana. Inoltre, sono un baluardo essenziale contro la desertificazione e la perdita di biodiversit\u00e0.<\/p>\n<p>I Carabinieri Forestali hanno anche posto l\u2019accento sulle minacce che oggi gravano sulle foreste, spesso dovute ad azioni illecite dell\u2019uomo: tagli abusivi, furti di legname e incendi boschivi sono tra i principali fattori di degrado ambientale. In Italia, questi fenomeni contribuiscono al peggioramento del dissesto idrogeologico, con pesanti conseguenze sulla biodiversit\u00e0 e sulla qualit\u00e0 della vita.<\/p>\n<p>Particolare attenzione \u00e8 stata dedicata alla piaga degli incendi boschivi, riconosciuta come una delle minacce pi\u00f9 gravi per il patrimonio forestale. I Carabinieri Forestali sono impegnati costantemente nella prevenzione e repressione di questi eventi, attraverso attivit\u00e0 di monitoraggio e pianificazione di interventi mirati.<\/p>\n<p>Queste iniziative didattiche rientrano in un pi\u00f9 ampio progetto di educazione ambientale, con l\u2019obiettivo di trasmettere alle nuove generazioni la consapevolezza che le foreste rappresentano il secondo pi\u00f9 grande serbatoio di carbonio al mondo dopo gli oceani. La loro tutela \u00e8 essenziale per garantire un futuro sostenibile e ridurre l\u2019impatto delle attivit\u00e0 umane sugli ecosistemi naturali.<\/p>","protected":false},"excerpt":{"rendered":"<p>Attivit\u00e0 didattiche nella Riserva Naturale Statale \u201cVincheto di Celarda\u201d e alla Scuola Primaria di Auronzo di Cadore &#8211; Villapiccola BELLUNO \u2013 In occasione della Giornata Internazionale delle Foreste, celebrata il 21 marzo, i Carabinieri Forestali di Belluno hanno promosso un\u2019importante iniziativa di educazione ambientale coinvolgendo gli alunni della Scuola Primaria \u201cLa Quercia\u201d di Norcen (ospitati [&hellip;]<\/p>\n","protected":false},"author":2,"featured_media":158818,"comment_status":"closed","ping_status":"open","sticky":false,"template":"","format":"standard","meta":{"footnotes":""},"categories":[38,15,8],"tags":[],"class_list":["post-158817","post","type-post","status-publish","format-standard","has-post-thumbnail","category-natura-ambiente","category-scuola","category-societa-istituzioni"],"yoast_head":"<!-- This site is optimized with the Yoast SEO plugin v28.4 - https:\/\/yoast.com\/product\/yoast-seo-wordpress\/ -->\n<title>Giornata internazionale delle foreste: i carabinieri forestali impegnati nell&#039;educazione ambientale - Bellunopress - Dolomiti<\/title>\n<meta name=\"robots\" content=\"index, follow, max-snippet:-1, max-image-preview:large, max-video-preview:-1\" \/>\n<link rel=\"canonical\" href=\"https:\/\/www.bellunopress.it\/fr\/2025\/03\/22\/giornata-internazionale-delle-foreste-i-carabinieri-forestali-impegnati-nelleducazione-ambientale\/\" \/>\n<meta property=\"og:locale\" content=\"fr_FR\" \/>\n<meta property=\"og:type\" content=\"article\" \/>\n<meta property=\"og:title\" content=\"Giornata internazionale delle foreste: i carabinieri forestali impegnati nell&#039;educazione ambientale - Bellunopress - Dolomiti\" \/>\n<meta property=\"og:description\" content=\"Attivit\u00e0 didattiche nella Riserva Naturale Statale \u201cVincheto di Celarda\u201d e alla Scuola Primaria di Auronzo di Cadore &#8211; Villapiccola BELLUNO \u2013 In occasione della Giornata Internazionale delle Foreste, celebrata il 21 marzo, i Carabinieri Forestali di Belluno hanno promosso un\u2019importante iniziativa di educazione ambientale coinvolgendo gli alunni della Scuola Primaria \u201cLa Quercia\u201d di Norcen (ospitati [&hellip;]\" \/>\n<meta property=\"og:url\" content=\"https:\/\/www.bellunopress.it\/fr\/2025\/03\/22\/giornata-internazionale-delle-foreste-i-carabinieri-forestali-impegnati-nelleducazione-ambientale\/\" \/>\n<meta property=\"og:site_name\" content=\"Bellunopress - Dolomiti\" \/>\n<meta property=\"article:publisher\" content=\"https:\/\/www.facebook.com\/profile.php?id=100008943462799\" \/>\n<meta property=\"article:published_time\" content=\"2025-03-22T06:57:39+00:00\" \/>\n<meta property=\"og:image\" content=\"https:\/\/www.bellunopress.it\/wp-content\/uploads\/2025\/03\/carabinieri-forestali-a-Celarda-.jpg\" \/>\n\t<meta property=\"og:image:width\" content=\"1000\" \/>\n\t<meta property=\"og:image:height\" content=\"666\" \/>\n\t<meta property=\"og:image:type\" content=\"image\/jpeg\" \/>\n<meta name=\"author\" content=\"redazione\" \/>\n<meta name=\"twitter:card\" content=\"summary_large_image\" \/>\n<meta name=\"twitter:creator\" content=\"@bellunopress\" \/>\n<meta name=\"twitter:site\" content=\"@bellunopress\" \/>\n<meta name=\"twitter:label1\" content=\"\u00c9crit par\" \/>\n\t<meta name=\"twitter:data1\" content=\"redazione\" \/>\n\t<meta name=\"twitter:label2\" content=\"Dur\u00e9e de lecture estim\u00e9e\" \/>\n\t<meta name=\"twitter:data2\" content=\"2 minutes\" \/>\n<script type=\"application\/ld+json\" class=\"yoast-schema-graph\">{\"@context\":\"https:\\\/\\\/schema.org\",\"@graph\":[{\"@type\":\"Article\",\"@id\":\"https:\\\/\\\/www.bellunopress.it\\\/2025\\\/03\\\/22\\\/giornata-internazionale-delle-foreste-i-carabinieri-forestali-impegnati-nelleducazione-ambientale\\\/#article\",\"isPartOf\":{\"@id\":\"https:\\\/\\\/www.bellunopress.it\\\/2025\\\/03\\\/22\\\/giornata-internazionale-delle-foreste-i-carabinieri-forestali-impegnati-nelleducazione-ambientale\\\/\"},\"author\":{\"name\":\"redazione\",\"@id\":\"https:\\\/\\\/www.bellunopress.it\\\/#\\\/schema\\\/person\\\/79bb06722b37ece1c03d3e94beb30d73\"},\"headline\":\"Giornata internazionale delle foreste: i carabinieri forestali impegnati nell&#8217;educazione ambientale\",\"datePublished\":\"2025-03-22T06:57:39+00:00\",\"mainEntityOfPage\":{\"@id\":\"https:\\\/\\\/www.bellunopress.it\\\/2025\\\/03\\\/22\\\/giornata-internazionale-delle-foreste-i-carabinieri-forestali-impegnati-nelleducazione-ambientale\\\/\"},\"wordCount\":380,\"publisher\":{\"@id\":\"https:\\\/\\\/www.bellunopress.it\\\/#organization\"},\"image\":{\"@id\":\"https:\\\/\\\/www.bellunopress.it\\\/2025\\\/03\\\/22\\\/giornata-internazionale-delle-foreste-i-carabinieri-forestali-impegnati-nelleducazione-ambientale\\\/#primaryimage\"},\"thumbnailUrl\":\"https:\\\/\\\/www.bellunopress.it\\\/wp-content\\\/uploads\\\/2025\\\/03\\\/carabinieri-forestali-a-Celarda-.jpg\",\"articleSection\":[\"Meteo, natura, ambiente, animali\",\"Scuola\",\"Societ\u00e0, Associazioni, Istituzioni\"],\"inLanguage\":\"fr-FR\"},{\"@type\":\"WebPage\",\"@id\":\"https:\\\/\\\/www.bellunopress.it\\\/2025\\\/03\\\/22\\\/giornata-internazionale-delle-foreste-i-carabinieri-forestali-impegnati-nelleducazione-ambientale\\\/\",\"url\":\"https:\\\/\\\/www.bellunopress.it\\\/2025\\\/03\\\/22\\\/giornata-internazionale-delle-foreste-i-carabinieri-forestali-impegnati-nelleducazione-ambientale\\\/\",\"name\":\"Giornata internazionale delle foreste: i carabinieri forestali impegnati nell'educazione ambientale - Bellunopress - Dolomiti\",\"isPartOf\":{\"@id\":\"https:\\\/\\\/www.bellunopress.it\\\/#website\"},\"primaryImageOfPage\":{\"@id\":\"https:\\\/\\\/www.bellunopress.it\\\/2025\\\/03\\\/22\\\/giornata-internazionale-delle-foreste-i-carabinieri-forestali-impegnati-nelleducazione-ambientale\\\/#primaryimage\"},\"image\":{\"@id\":\"https:\\\/\\\/www.bellunopress.it\\\/2025\\\/03\\\/22\\\/giornata-internazionale-delle-foreste-i-carabinieri-forestali-impegnati-nelleducazione-ambientale\\\/#primaryimage\"},\"thumbnailUrl\":\"https:\\\/\\\/www.bellunopress.it\\\/wp-content\\\/uploads\\\/2025\\\/03\\\/carabinieri-forestali-a-Celarda-.jpg\",\"datePublished\":\"2025-03-22T06:57:39+00:00\",\"breadcrumb\":{\"@id\":\"https:\\\/\\\/www.bellunopress.it\\\/2025\\\/03\\\/22\\\/giornata-internazionale-delle-foreste-i-carabinieri-forestali-impegnati-nelleducazione-ambientale\\\/#breadcrumb\"},\"inLanguage\":\"fr-FR\",\"potentialAction\":[{\"@type\":\"ReadAction\",\"target\":[\"https:\\\/\\\/www.bellunopress.it\\\/2025\\\/03\\\/22\\\/giornata-internazionale-delle-foreste-i-carabinieri-forestali-impegnati-nelleducazione-ambientale\\\/\"]}]},{\"@type\":\"ImageObject\",\"inLanguage\":\"fr-FR\",\"@id\":\"https:\\\/\\\/www.bellunopress.it\\\/2025\\\/03\\\/22\\\/giornata-internazionale-delle-foreste-i-carabinieri-forestali-impegnati-nelleducazione-ambientale\\\/#primaryimage\",\"url\":\"https:\\\/\\\/www.bellunopress.it\\\/wp-content\\\/uploads\\\/2025\\\/03\\\/carabinieri-forestali-a-Celarda-.jpg\",\"contentUrl\":\"https:\\\/\\\/www.bellunopress.it\\\/wp-content\\\/uploads\\\/2025\\\/03\\\/carabinieri-forestali-a-Celarda-.jpg\",\"width\":1000,\"height\":666},{\"@type\":\"BreadcrumbList\",\"@id\":\"https:\\\/\\\/www.bellunopress.it\\\/2025\\\/03\\\/22\\\/giornata-internazionale-delle-foreste-i-carabinieri-forestali-impegnati-nelleducazione-ambientale\\\/#breadcrumb\",\"itemListElement\":[{\"@type\":\"ListItem\",\"position\":1,\"name\":\"Home\",\"item\":\"https:\\\/\\\/www.bellunopress.it\\\/\"},{\"@type\":\"ListItem\",\"position\":2,\"name\":\"Giornata internazionale delle foreste: i carabinieri forestali impegnati nell&#8217;educazione ambientale\"}]},{\"@type\":\"WebSite\",\"@id\":\"https:\\\/\\\/www.bellunopress.it\\\/#website\",\"url\":\"https:\\\/\\\/www.bellunopress.it\\\/\",\"name\":\"Bellunopress - Dolomiti\",\"description\":\"e-mail: redazione@bellunopress.it\",\"publisher\":{\"@id\":\"https:\\\/\\\/www.bellunopress.it\\\/#organization\"},\"potentialAction\":[{\"@type\":\"SearchAction\",\"target\":{\"@type\":\"EntryPoint\",\"urlTemplate\":\"https:\\\/\\\/www.bellunopress.it\\\/?s={search_term_string}\"},\"query-input\":{\"@type\":\"PropertyValueSpecification\",\"valueRequired\":true,\"valueName\":\"search_term_string\"}}],\"inLanguage\":\"fr-FR\"},{\"@type\":\"Organization\",\"@id\":\"https:\\\/\\\/www.bellunopress.it\\\/#organization\",\"name\":\"Bellunopress\",\"url\":\"https:\\\/\\\/www.bellunopress.it\\\/\",\"logo\":{\"@type\":\"ImageObject\",\"inLanguage\":\"fr-FR\",\"@id\":\"https:\\\/\\\/www.bellunopress.it\\\/#\\\/schema\\\/logo\\\/image\\\/\",\"url\":\"https:\\\/\\\/www.bellunopress.it\\\/wp-content\\\/uploads\\\/2011\\\/05\\\/cropped-logo-bellunopress-.jpg\",\"contentUrl\":\"https:\\\/\\\/www.bellunopress.it\\\/wp-content\\\/uploads\\\/2011\\\/05\\\/cropped-logo-bellunopress-.jpg\",\"width\":512,\"height\":512,\"caption\":\"Bellunopress\"},\"image\":{\"@id\":\"https:\\\/\\\/www.bellunopress.it\\\/#\\\/schema\\\/logo\\\/image\\\/\"},\"sameAs\":[\"https:\\\/\\\/www.facebook.com\\\/profile.php?id=100008943462799\",\"https:\\\/\\\/x.com\\\/bellunopress\",\"https:\\\/\\\/www.linkedin.com\\\/hp\\\/?dnr=JBzUWaJfMUw8vbXJJ2tVW5-I3jZKvC4wsoxE&amp;amp;amp;amp;amp;amp;trk=nav_responsive_tab_home\",\"https:\\\/\\\/www.youtube.com\\\/channel\\\/UCxL0wu1uN0_3_7hGG0306cw\"]},{\"@type\":\"Person\",\"@id\":\"https:\\\/\\\/www.bellunopress.it\\\/#\\\/schema\\\/person\\\/79bb06722b37ece1c03d3e94beb30d73\",\"name\":\"redazione\",\"image\":{\"@type\":\"ImageObject\",\"inLanguage\":\"fr-FR\",\"@id\":\"https:\\\/\\\/secure.gravatar.com\\\/avatar\\\/37d968a2e67a6fd04c169c4bdef102d0bc5d31b2546345219e348575eb80e9a0?s=96&d=mm&r=g\",\"url\":\"https:\\\/\\\/secure.gravatar.com\\\/avatar\\\/37d968a2e67a6fd04c169c4bdef102d0bc5d31b2546345219e348575eb80e9a0?s=96&d=mm&r=g\",\"contentUrl\":\"https:\\\/\\\/secure.gravatar.com\\\/avatar\\\/37d968a2e67a6fd04c169c4bdef102d0bc5d31b2546345219e348575eb80e9a0?s=96&d=mm&r=g\",\"caption\":\"redazione\"},\"sameAs\":[\"http:\\\/\\\/www.bellunopress.it\",\"https:\\\/\\\/x.com\\\/bellunopress\"],\"url\":\"https:\\\/\\\/www.bellunopress.it\\\/fr\\\/author\\\/redazione\\\/\"}]}<\/script>\n<!-- \/ Yoast SEO plugin. -->","yoast_head_json":{"title":"Giornata internazionale delle foreste: i carabinieri forestali impegnati nell'educazione ambientale - Bellunopress - Dolomiti","robots":{"index":"index","follow":"follow","max-snippet":"max-snippet:-1","max-image-preview":"max-image-preview:large","max-video-preview":"max-video-preview:-1"},"canonical":"https:\/\/www.bellunopress.it\/fr\/2025\/03\/22\/giornata-internazionale-delle-foreste-i-carabinieri-forestali-impegnati-nelleducazione-ambientale\/","og_locale":"fr_FR","og_type":"article","og_title":"Giornata internazionale delle foreste: i carabinieri forestali impegnati nell'educazione ambientale - Bellunopress - Dolomiti","og_description":"Attivit\u00e0 didattiche nella Riserva Naturale Statale \u201cVincheto di Celarda\u201d e alla Scuola Primaria di Auronzo di Cadore &#8211; Villapiccola BELLUNO \u2013 In occasione della Giornata Internazionale delle Foreste, celebrata il 21 marzo, i Carabinieri Forestali di Belluno hanno promosso un\u2019importante iniziativa di educazione ambientale coinvolgendo gli alunni della Scuola Primaria \u201cLa Quercia\u201d di Norcen (ospitati [&hellip;]","og_url":"https:\/\/www.bellunopress.it\/fr\/2025\/03\/22\/giornata-internazionale-delle-foreste-i-carabinieri-forestali-impegnati-nelleducazione-ambientale\/","og_site_name":"Bellunopress - Dolomiti","article_publisher":"https:\/\/www.facebook.com\/profile.php?id=100008943462799","article_published_time":"2025-03-22T06:57:39+00:00","og_image":[{"width":1000,"height":666,"url":"https:\/\/www.bellunopress.it\/wp-content\/uploads\/2025\/03\/carabinieri-forestali-a-Celarda-.jpg","type":"image\/jpeg"}],"author":"redazione","twitter_card":"summary_large_image","twitter_creator":"@bellunopress","twitter_site":"@bellunopress","twitter_misc":{"\u00c9crit par":"redazione","Dur\u00e9e de lecture estim\u00e9e":"2 minutes"},"schema":{"@context":"https:\/\/schema.org","@graph":[{"@type":"Article","@id":"https:\/\/www.bellunopress.it\/2025\/03\/22\/giornata-internazionale-delle-foreste-i-carabinieri-forestali-impegnati-nelleducazione-ambientale\/#article","isPartOf":{"@id":"https:\/\/www.bellunopress.it\/2025\/03\/22\/giornata-internazionale-delle-foreste-i-carabinieri-forestali-impegnati-nelleducazione-ambientale\/"},"author":{"name":"redazione","@id":"https:\/\/www.bellunopress.it\/#\/schema\/person\/79bb06722b37ece1c03d3e94beb30d73"},"headline":"Giornata internazionale delle foreste: i carabinieri forestali impegnati nell&#8217;educazione ambientale","datePublished":"2025-03-22T06:57:39+00:00","mainEntityOfPage":{"@id":"https:\/\/www.bellunopress.it\/2025\/03\/22\/giornata-internazionale-delle-foreste-i-carabinieri-forestali-impegnati-nelleducazione-ambientale\/"},"wordCount":380,"publisher":{"@id":"https:\/\/www.bellunopress.it\/#organization"},"image":{"@id":"https:\/\/www.bellunopress.it\/2025\/03\/22\/giornata-internazionale-delle-foreste-i-carabinieri-forestali-impegnati-nelleducazione-ambientale\/#primaryimage"},"thumbnailUrl":"https:\/\/www.bellunopress.it\/wp-content\/uploads\/2025\/03\/carabinieri-forestali-a-Celarda-.jpg","articleSection":["Meteo, natura, ambiente, animali","Scuola","Societ\u00e0, Associazioni, Istituzioni"],"inLanguage":"fr-FR"},{"@type":"WebPage","@id":"https:\/\/www.bellunopress.it\/2025\/03\/22\/giornata-internazionale-delle-foreste-i-carabinieri-forestali-impegnati-nelleducazione-ambientale\/","url":"https:\/\/www.bellunopress.it\/2025\/03\/22\/giornata-internazionale-delle-foreste-i-carabinieri-forestali-impegnati-nelleducazione-ambientale\/","name":"Giornata internazionale delle foreste: i carabinieri forestali impegnati nell'educazione ambientale - Bellunopress - Dolomiti","isPartOf":{"@id":"https:\/\/www.bellunopress.it\/#website"},"primaryImageOfPage":{"@id":"https:\/\/www.bellunopress.it\/2025\/03\/22\/giornata-internazionale-delle-foreste-i-carabinieri-forestali-impegnati-nelleducazione-ambientale\/#primaryimage"},"image":{"@id":"https:\/\/www.bellunopress.it\/2025\/03\/22\/giornata-internazionale-delle-foreste-i-carabinieri-forestali-impegnati-nelleducazione-ambientale\/#primaryimage"},"thumbnailUrl":"https:\/\/www.bellunopress.it\/wp-content\/uploads\/2025\/03\/carabinieri-forestali-a-Celarda-.jpg","datePublished":"2025-03-22T06:57:39+00:00","breadcrumb":{"@id":"https:\/\/www.bellunopress.it\/2025\/03\/22\/giornata-internazionale-delle-foreste-i-carabinieri-forestali-impegnati-nelleducazione-ambientale\/#breadcrumb"},"inLanguage":"fr-FR","potentialAction":[{"@type":"ReadAction","target":["https:\/\/www.bellunopress.it\/2025\/03\/22\/giornata-internazionale-delle-foreste-i-carabinieri-forestali-impegnati-nelleducazione-ambientale\/"]}]},{"@type":"ImageObject","inLanguage":"fr-FR","@id":"https:\/\/www.bellunopress.it\/2025\/03\/22\/giornata-internazionale-delle-foreste-i-carabinieri-forestali-impegnati-nelleducazione-ambientale\/#primaryimage","url":"https:\/\/www.bellunopress.it\/wp-content\/uploads\/2025\/03\/carabinieri-forestali-a-Celarda-.jpg","contentUrl":"https:\/\/www.bellunopress.it\/wp-content\/uploads\/2025\/03\/carabinieri-forestali-a-Celarda-.jpg","width":1000,"height":666},{"@type":"BreadcrumbList","@id":"https:\/\/www.bellunopress.it\/2025\/03\/22\/giornata-internazionale-delle-foreste-i-carabinieri-forestali-impegnati-nelleducazione-ambientale\/#breadcrumb","itemListElement":[{"@type":"ListItem","position":1,"name":"Home","item":"https:\/\/www.bellunopress.it\/"},{"@type":"ListItem","position":2,"name":"Giornata internazionale delle foreste: i carabinieri forestali impegnati nell&#8217;educazione ambientale"}]},{"@type":"WebSite","@id":"https:\/\/www.bellunopress.it\/#website","url":"https:\/\/www.bellunopress.it\/","name":"Bellunopress - Dolomiti","description":"e-mail: redazione@bellunopress.it","publisher":{"@id":"https:\/\/www.bellunopress.it\/#organization"},"potentialAction":[{"@type":"SearchAction","target":{"@type":"EntryPoint","urlTemplate":"https:\/\/www.bellunopress.it\/?s={search_term_string}"},"query-input":{"@type":"PropertyValueSpecification","valueRequired":true,"valueName":"search_term_string"}}],"inLanguage":"fr-FR"},{"@type":"Organization","@id":"https:\/\/www.bellunopress.it\/#organization","name":"Bellunopress","url":"https:\/\/www.bellunopress.it\/","logo":{"@type":"ImageObject","inLanguage":"fr-FR","@id":"https:\/\/www.bellunopress.it\/#\/schema\/logo\/image\/","url":"https:\/\/www.bellunopress.it\/wp-content\/uploads\/2011\/05\/cropped-logo-bellunopress-.jpg","contentUrl":"https:\/\/www.bellunopress.it\/wp-content\/uploads\/2011\/05\/cropped-logo-bellunopress-.jpg","width":512,"height":512,"caption":"Bellunopress"},"image":{"@id":"https:\/\/www.bellunopress.it\/#\/schema\/logo\/image\/"},"sameAs":["https:\/\/www.facebook.com\/profile.php?id=100008943462799","https:\/\/x.com\/bellunopress","https:\/\/www.linkedin.com\/hp\/?dnr=JBzUWaJfMUw8vbXJJ2tVW5-I3jZKvC4wsoxE&amp;amp;amp;amp;amp;amp;trk=nav_responsive_tab_home","https:\/\/www.youtube.com\/channel\/UCxL0wu1uN0_3_7hGG0306cw"]},{"@type":"Person","@id":"https:\/\/www.bellunopress.it\/#\/schema\/person\/79bb06722b37ece1c03d3e94beb30d73","name":"r\u00e9daction","image":{"@type":"ImageObject","inLanguage":"fr-FR","@id":"https:\/\/secure.gravatar.com\/avatar\/37d968a2e67a6fd04c169c4bdef102d0bc5d31b2546345219e348575eb80e9a0?s=96&d=mm&r=g","url":"https:\/\/secure.gravatar.com\/avatar\/37d968a2e67a6fd04c169c4bdef102d0bc5d31b2546345219e348575eb80e9a0?s=96&d=mm&r=g","contentUrl":"https:\/\/secure.gravatar.com\/avatar\/37d968a2e67a6fd04c169c4bdef102d0bc5d31b2546345219e348575eb80e9a0?s=96&d=mm&r=g","caption":"redazione"},"sameAs":["http:\/\/www.bellunopress.it","https:\/\/x.com\/bellunopress"],"url":"https:\/\/www.bellunopress.it\/fr\/author\/redazione\/"}]}},"_links":{"self":[{"href":"https:\/\/www.bellunopress.it\/fr\/wp-json\/wp\/v2\/posts\/158817","targetHints":{"allow":["GET"]}}],"collection":[{"href":"https:\/\/www.bellunopress.it\/fr\/wp-json\/wp\/v2\/posts"}],"about":[{"href":"https:\/\/www.bellunopress.it\/fr\/wp-json\/wp\/v2\/types\/post"}],"author":[{"embeddable":true,"href":"https:\/\/www.bellunopress.it\/fr\/wp-json\/wp\/v2\/users\/2"}],"replies":[{"embeddable":true,"href":"https:\/\/www.bellunopress.it\/fr\/wp-json\/wp\/v2\/comments?post=158817"}],"version-history":[{"count":1,"href":"https:\/\/www.bellunopress.it\/fr\/wp-json\/wp\/v2\/posts\/158817\/revisions"}],"predecessor-version":[{"id":158819,"href":"https:\/\/www.bellunopress.it\/fr\/wp-json\/wp\/v2\/posts\/158817\/revisions\/158819"}],"wp:featuredmedia":[{"embeddable":true,"href":"https:\/\/www.bellunopress.it\/fr\/wp-json\/wp\/v2\/media\/158818"}],"wp:attachment":[{"href":"https:\/\/www.bellunopress.it\/fr\/wp-json\/wp\/v2\/media?parent=158817"}],"wp:term":[{"taxonomy":"category","embeddable":true,"href":"https:\/\/www.bellunopress.it\/fr\/wp-json\/wp\/v2\/categories?post=158817"},{"taxonomy":"post_tag","embeddable":true,"href":"https:\/\/www.bellunopress.it\/fr\/wp-json\/wp\/v2\/tags?post=158817"}],"curies":[{"name":"wp","href":"https:\/\/api.w.org\/{rel}","templated":true}]}}