{"id":158637,"date":"2025-03-16T06:37:37","date_gmt":"2025-03-16T05:37:37","guid":{"rendered":"https:\/\/www.bellunopress.it\/?p=158637"},"modified":"2025-03-16T06:43:15","modified_gmt":"2025-03-16T05:43:15","slug":"belluno-celebra-andy-warhol-in-arrivo-al-museo-fulcis-la-mostra-love-pop","status":"publish","type":"post","link":"https:\/\/www.bellunopress.it\/fr\/2025\/03\/16\/belluno-celebra-andy-warhol-in-arrivo-al-museo-fulcis-la-mostra-love-pop\/","title":{"rendered":"Belluno celebra Andy Warhol: in arrivo al Museo Fulcis la mostra \u201cLOVE POP\u201d"},"content":{"rendered":"<p><img loading=\"lazy\" decoding=\"async\" class=\"aligncenter size-full wp-image-158639\" src=\"https:\/\/www.bellunopress.it\/wp-content\/uploads\/2025\/03\/mostra-Andy-Warhol_edited.jpg\" alt=\"\" width=\"619\" height=\"336\" srcset=\"https:\/\/www.bellunopress.it\/wp-content\/uploads\/2025\/03\/mostra-Andy-Warhol_edited.jpg 619w, https:\/\/www.bellunopress.it\/wp-content\/uploads\/2025\/03\/mostra-Andy-Warhol_edited-500x271.jpg 500w\" sizes=\"auto, (max-width: 619px) 100vw, 619px\" \/>Belluno si prepara ad accogliere un evento artistico di grande rilievo: dal 19 aprile al 29 giugno il Museo Fulcis ospiter\u00e0 92 opere della collezione Rosini Gutman dedicate al genio di Andy Warhol. Un\u2019iniziativa resa possibile grazie all\u2019impegno di un gruppo di imprenditori locali, che hanno unito le forze per portare in citt\u00e0 un\u2019occasione unica di approfondimento culturale su uno degli artisti pi\u00f9 influenti del XX secolo.<\/p>\n<p>La mostra, intitolata \u201cAndy Warhol \u2013 LOVE POP \u2013 Icons e Masterpieces\u201d, intende porre l\u2019accento non solo sull\u2019eredit\u00e0 artistica del maestro della Pop Art, ma anche sul valore della collaborazione e del senso di appartenenza. In un contesto sociale sempre pi\u00f9 frammentato, il progetto rappresenta un esempio concreto di sinergia tra privati per promuovere la cultura e valorizzare il territorio.<\/p>\n<p>\u201cAl di l\u00e0 del pregio artistico della collezione \u2013 spiega Gianfranco Rosini, curatore della mostra \u2013 ci\u00f2 che colpisce \u00e8 la dedizione di questi imprenditori, che hanno investito risorse ed energie per regalare a Belluno un evento di grande spessore. Non \u00e8 scontato vedere aziende sostenere la cultura senza un ritorno economico immediato, ma solo per amore della propria citt\u00e0. Questo appuntamento vuole portare bellezza, creare occasioni di incontro e attrarre visitatori in un territorio incantevole, incastonato tra le Dolomiti e il Piave.\u201d<\/p>\n<p><strong>Un viaggio nel mondo di Warhol<\/strong><br \/>\nAllestita al terzo piano del Museo Fulcis, la mostra offrir\u00e0 un percorso immersivo nell\u2019universo creativo di Warhol, presentando non solo le sue opere pi\u00f9 celebri, ma anche aspetti meno noti del suo lavoro. Accanto alle iconiche serigrafie e litografie, i visitatori potranno ammirare una selezione di memorabilia e oggetti che testimoniano la sua profonda influenza sulla cultura popolare. Tra le chicche esposte, anche cover di album realizzate per leggende della musica come i Rolling Stones e i Velvet Underground.<\/p>\n<figure id=\"attachment_158638\" aria-describedby=\"caption-attachment-158638\" style=\"width: 400px\" class=\"wp-caption aligncenter\"><img loading=\"lazy\" decoding=\"async\" class=\"size-full wp-image-158638\" src=\"https:\/\/www.bellunopress.it\/wp-content\/uploads\/2025\/03\/mostra-Andy-Warhol-Belluno.jpg\" alt=\"\" width=\"400\" height=\"400\" srcset=\"https:\/\/www.bellunopress.it\/wp-content\/uploads\/2025\/03\/mostra-Andy-Warhol-Belluno.jpg 400w, https:\/\/www.bellunopress.it\/wp-content\/uploads\/2025\/03\/mostra-Andy-Warhol-Belluno-300x300.jpg 300w\" sizes=\"auto, (max-width: 400px) 100vw, 400px\" \/><figcaption id=\"caption-attachment-158638\" class=\"wp-caption-text\">Liza Minelli<\/figcaption><\/figure>\n<p>Per restare aggiornati sulla mostra, \u00e8 possibile seguire i profili social dedicati: cercando \u201cmostra Andy Warhol Belluno\u201d su Facebook o Instagram, apparir\u00e0 il ritratto di Liza Minnelli, scelto come immagine simbolo dell\u2019evento. Attraverso questi canali, verranno svelati progressivamente dettagli e curiosit\u00e0 in attesa dell\u2019inaugurazione.<\/p>\n<p>Un appuntamento imperdibile per gli amanti dell\u2019arte e della cultura pop, che promette di trasformare Belluno in un punto di riferimento per gli appassionati di Warhol e della sua rivoluzione artistica.<\/p>","protected":false},"excerpt":{"rendered":"<p>Belluno si prepara ad accogliere un evento artistico di grande rilievo: dal 19 aprile al 29 giugno il Museo Fulcis ospiter\u00e0 92 opere della collezione Rosini Gutman dedicate al genio di Andy Warhol. Un\u2019iniziativa resa possibile grazie all\u2019impegno di un gruppo di imprenditori locali, che hanno unito le forze per portare in citt\u00e0 un\u2019occasione unica [&hellip;]<\/p>\n","protected":false},"author":2,"featured_media":158641,"comment_status":"closed","ping_status":"open","sticky":false,"template":"","format":"standard","meta":{"footnotes":""},"categories":[27,3,25],"tags":[],"class_list":["post-158637","post","type-post","status-publish","format-standard","has-post-thumbnail","category-appuntamenti","category-arte-cultura-spettacoli-scienza-archivi","category-pausa-caffe"],"yoast_head":"<!-- This site is optimized with the Yoast SEO plugin v28.4 - https:\/\/yoast.com\/product\/yoast-seo-wordpress\/ -->\n<title>Belluno celebra Andy Warhol: in arrivo al Museo Fulcis la mostra \u201cLOVE POP\u201d - Bellunopress - Dolomiti<\/title>\n<meta name=\"robots\" content=\"index, follow, max-snippet:-1, max-image-preview:large, max-video-preview:-1\" \/>\n<link rel=\"canonical\" href=\"https:\/\/www.bellunopress.it\/fr\/2025\/03\/16\/belluno-celebra-andy-warhol-in-arrivo-al-museo-fulcis-la-mostra-love-pop\/\" \/>\n<meta property=\"og:locale\" content=\"fr_FR\" \/>\n<meta property=\"og:type\" content=\"article\" \/>\n<meta property=\"og:title\" content=\"Belluno celebra Andy Warhol: in arrivo al Museo Fulcis la mostra \u201cLOVE POP\u201d - Bellunopress - Dolomiti\" \/>\n<meta property=\"og:description\" content=\"Belluno si prepara ad accogliere un evento artistico di grande rilievo: dal 19 aprile al 29 giugno il Museo Fulcis ospiter\u00e0 92 opere della collezione Rosini Gutman dedicate al genio di Andy Warhol. Un\u2019iniziativa resa possibile grazie all\u2019impegno di un gruppo di imprenditori locali, che hanno unito le forze per portare in citt\u00e0 un\u2019occasione unica [&hellip;]\" \/>\n<meta property=\"og:url\" content=\"https:\/\/www.bellunopress.it\/fr\/2025\/03\/16\/belluno-celebra-andy-warhol-in-arrivo-al-museo-fulcis-la-mostra-love-pop\/\" \/>\n<meta property=\"og:site_name\" content=\"Bellunopress - Dolomiti\" \/>\n<meta property=\"article:publisher\" content=\"https:\/\/www.facebook.com\/profile.php?id=100008943462799\" \/>\n<meta property=\"article:published_time\" content=\"2025-03-16T05:37:37+00:00\" \/>\n<meta property=\"article:modified_time\" content=\"2025-03-16T05:43:15+00:00\" \/>\n<meta property=\"og:image\" content=\"https:\/\/www.bellunopress.it\/wp-content\/uploads\/2025\/03\/mostra-Andy-Warhol-a-Belluno_edited.jpg\" \/>\n\t<meta property=\"og:image:width\" content=\"1000\" \/>\n\t<meta property=\"og:image:height\" content=\"415\" \/>\n\t<meta property=\"og:image:type\" content=\"image\/jpeg\" \/>\n<meta name=\"author\" content=\"redazione\" \/>\n<meta name=\"twitter:card\" content=\"summary_large_image\" \/>\n<meta name=\"twitter:creator\" content=\"@bellunopress\" \/>\n<meta name=\"twitter:site\" content=\"@bellunopress\" \/>\n<meta name=\"twitter:label1\" content=\"\u00c9crit par\" \/>\n\t<meta name=\"twitter:data1\" content=\"redazione\" \/>\n\t<meta name=\"twitter:label2\" content=\"Dur\u00e9e de lecture estim\u00e9e\" \/>\n\t<meta name=\"twitter:data2\" content=\"2 minutes\" \/>\n<script type=\"application\/ld+json\" class=\"yoast-schema-graph\">{\"@context\":\"https:\\\/\\\/schema.org\",\"@graph\":[{\"@type\":\"Article\",\"@id\":\"https:\\\/\\\/www.bellunopress.it\\\/2025\\\/03\\\/16\\\/belluno-celebra-andy-warhol-in-arrivo-al-museo-fulcis-la-mostra-love-pop\\\/#article\",\"isPartOf\":{\"@id\":\"https:\\\/\\\/www.bellunopress.it\\\/2025\\\/03\\\/16\\\/belluno-celebra-andy-warhol-in-arrivo-al-museo-fulcis-la-mostra-love-pop\\\/\"},\"author\":{\"name\":\"redazione\",\"@id\":\"https:\\\/\\\/www.bellunopress.it\\\/#\\\/schema\\\/person\\\/79bb06722b37ece1c03d3e94beb30d73\"},\"headline\":\"Belluno celebra Andy Warhol: in arrivo al Museo Fulcis la mostra \u201cLOVE POP\u201d\",\"datePublished\":\"2025-03-16T05:37:37+00:00\",\"dateModified\":\"2025-03-16T05:43:15+00:00\",\"mainEntityOfPage\":{\"@id\":\"https:\\\/\\\/www.bellunopress.it\\\/2025\\\/03\\\/16\\\/belluno-celebra-andy-warhol-in-arrivo-al-museo-fulcis-la-mostra-love-pop\\\/\"},\"wordCount\":391,\"publisher\":{\"@id\":\"https:\\\/\\\/www.bellunopress.it\\\/#organization\"},\"image\":{\"@id\":\"https:\\\/\\\/www.bellunopress.it\\\/2025\\\/03\\\/16\\\/belluno-celebra-andy-warhol-in-arrivo-al-museo-fulcis-la-mostra-love-pop\\\/#primaryimage\"},\"thumbnailUrl\":\"https:\\\/\\\/www.bellunopress.it\\\/wp-content\\\/uploads\\\/2025\\\/03\\\/mostra-Andy-Warhol-a-Belluno_edited.jpg\",\"articleSection\":[\"Appuntamenti, Eventi\",\"Arte, Cultura, Spettacoli, Scienza\",\"Pausa Caff\u00e8\"],\"inLanguage\":\"fr-FR\"},{\"@type\":\"WebPage\",\"@id\":\"https:\\\/\\\/www.bellunopress.it\\\/2025\\\/03\\\/16\\\/belluno-celebra-andy-warhol-in-arrivo-al-museo-fulcis-la-mostra-love-pop\\\/\",\"url\":\"https:\\\/\\\/www.bellunopress.it\\\/2025\\\/03\\\/16\\\/belluno-celebra-andy-warhol-in-arrivo-al-museo-fulcis-la-mostra-love-pop\\\/\",\"name\":\"Belluno celebra Andy Warhol: in arrivo al Museo Fulcis la mostra \u201cLOVE POP\u201d - Bellunopress - Dolomiti\",\"isPartOf\":{\"@id\":\"https:\\\/\\\/www.bellunopress.it\\\/#website\"},\"primaryImageOfPage\":{\"@id\":\"https:\\\/\\\/www.bellunopress.it\\\/2025\\\/03\\\/16\\\/belluno-celebra-andy-warhol-in-arrivo-al-museo-fulcis-la-mostra-love-pop\\\/#primaryimage\"},\"image\":{\"@id\":\"https:\\\/\\\/www.bellunopress.it\\\/2025\\\/03\\\/16\\\/belluno-celebra-andy-warhol-in-arrivo-al-museo-fulcis-la-mostra-love-pop\\\/#primaryimage\"},\"thumbnailUrl\":\"https:\\\/\\\/www.bellunopress.it\\\/wp-content\\\/uploads\\\/2025\\\/03\\\/mostra-Andy-Warhol-a-Belluno_edited.jpg\",\"datePublished\":\"2025-03-16T05:37:37+00:00\",\"dateModified\":\"2025-03-16T05:43:15+00:00\",\"breadcrumb\":{\"@id\":\"https:\\\/\\\/www.bellunopress.it\\\/2025\\\/03\\\/16\\\/belluno-celebra-andy-warhol-in-arrivo-al-museo-fulcis-la-mostra-love-pop\\\/#breadcrumb\"},\"inLanguage\":\"fr-FR\",\"potentialAction\":[{\"@type\":\"ReadAction\",\"target\":[\"https:\\\/\\\/www.bellunopress.it\\\/2025\\\/03\\\/16\\\/belluno-celebra-andy-warhol-in-arrivo-al-museo-fulcis-la-mostra-love-pop\\\/\"]}]},{\"@type\":\"ImageObject\",\"inLanguage\":\"fr-FR\",\"@id\":\"https:\\\/\\\/www.bellunopress.it\\\/2025\\\/03\\\/16\\\/belluno-celebra-andy-warhol-in-arrivo-al-museo-fulcis-la-mostra-love-pop\\\/#primaryimage\",\"url\":\"https:\\\/\\\/www.bellunopress.it\\\/wp-content\\\/uploads\\\/2025\\\/03\\\/mostra-Andy-Warhol-a-Belluno_edited.jpg\",\"contentUrl\":\"https:\\\/\\\/www.bellunopress.it\\\/wp-content\\\/uploads\\\/2025\\\/03\\\/mostra-Andy-Warhol-a-Belluno_edited.jpg\",\"width\":1000,\"height\":415,\"caption\":\"Liza Minelli\"},{\"@type\":\"BreadcrumbList\",\"@id\":\"https:\\\/\\\/www.bellunopress.it\\\/2025\\\/03\\\/16\\\/belluno-celebra-andy-warhol-in-arrivo-al-museo-fulcis-la-mostra-love-pop\\\/#breadcrumb\",\"itemListElement\":[{\"@type\":\"ListItem\",\"position\":1,\"name\":\"Home\",\"item\":\"https:\\\/\\\/www.bellunopress.it\\\/\"},{\"@type\":\"ListItem\",\"position\":2,\"name\":\"Belluno celebra Andy Warhol: in arrivo al Museo Fulcis la mostra \u201cLOVE POP\u201d\"}]},{\"@type\":\"WebSite\",\"@id\":\"https:\\\/\\\/www.bellunopress.it\\\/#website\",\"url\":\"https:\\\/\\\/www.bellunopress.it\\\/\",\"name\":\"Bellunopress - Dolomiti\",\"description\":\"e-mail: redazione@bellunopress.it\",\"publisher\":{\"@id\":\"https:\\\/\\\/www.bellunopress.it\\\/#organization\"},\"potentialAction\":[{\"@type\":\"SearchAction\",\"target\":{\"@type\":\"EntryPoint\",\"urlTemplate\":\"https:\\\/\\\/www.bellunopress.it\\\/?s={search_term_string}\"},\"query-input\":{\"@type\":\"PropertyValueSpecification\",\"valueRequired\":true,\"valueName\":\"search_term_string\"}}],\"inLanguage\":\"fr-FR\"},{\"@type\":\"Organization\",\"@id\":\"https:\\\/\\\/www.bellunopress.it\\\/#organization\",\"name\":\"Bellunopress\",\"url\":\"https:\\\/\\\/www.bellunopress.it\\\/\",\"logo\":{\"@type\":\"ImageObject\",\"inLanguage\":\"fr-FR\",\"@id\":\"https:\\\/\\\/www.bellunopress.it\\\/#\\\/schema\\\/logo\\\/image\\\/\",\"url\":\"https:\\\/\\\/www.bellunopress.it\\\/wp-content\\\/uploads\\\/2011\\\/05\\\/cropped-logo-bellunopress-.jpg\",\"contentUrl\":\"https:\\\/\\\/www.bellunopress.it\\\/wp-content\\\/uploads\\\/2011\\\/05\\\/cropped-logo-bellunopress-.jpg\",\"width\":512,\"height\":512,\"caption\":\"Bellunopress\"},\"image\":{\"@id\":\"https:\\\/\\\/www.bellunopress.it\\\/#\\\/schema\\\/logo\\\/image\\\/\"},\"sameAs\":[\"https:\\\/\\\/www.facebook.com\\\/profile.php?id=100008943462799\",\"https:\\\/\\\/x.com\\\/bellunopress\",\"https:\\\/\\\/www.linkedin.com\\\/hp\\\/?dnr=JBzUWaJfMUw8vbXJJ2tVW5-I3jZKvC4wsoxE&amp;amp;amp;amp;amp;amp;trk=nav_responsive_tab_home\",\"https:\\\/\\\/www.youtube.com\\\/channel\\\/UCxL0wu1uN0_3_7hGG0306cw\"]},{\"@type\":\"Person\",\"@id\":\"https:\\\/\\\/www.bellunopress.it\\\/#\\\/schema\\\/person\\\/79bb06722b37ece1c03d3e94beb30d73\",\"name\":\"redazione\",\"image\":{\"@type\":\"ImageObject\",\"inLanguage\":\"fr-FR\",\"@id\":\"https:\\\/\\\/secure.gravatar.com\\\/avatar\\\/37d968a2e67a6fd04c169c4bdef102d0bc5d31b2546345219e348575eb80e9a0?s=96&d=mm&r=g\",\"url\":\"https:\\\/\\\/secure.gravatar.com\\\/avatar\\\/37d968a2e67a6fd04c169c4bdef102d0bc5d31b2546345219e348575eb80e9a0?s=96&d=mm&r=g\",\"contentUrl\":\"https:\\\/\\\/secure.gravatar.com\\\/avatar\\\/37d968a2e67a6fd04c169c4bdef102d0bc5d31b2546345219e348575eb80e9a0?s=96&d=mm&r=g\",\"caption\":\"redazione\"},\"sameAs\":[\"http:\\\/\\\/www.bellunopress.it\",\"https:\\\/\\\/x.com\\\/bellunopress\"],\"url\":\"https:\\\/\\\/www.bellunopress.it\\\/fr\\\/author\\\/redazione\\\/\"}]}<\/script>\n<!-- \/ Yoast SEO plugin. -->","yoast_head_json":{"title":"Belluno celebra Andy Warhol: in arrivo al Museo Fulcis la mostra \u201cLOVE POP\u201d - Bellunopress - Dolomiti","robots":{"index":"index","follow":"follow","max-snippet":"max-snippet:-1","max-image-preview":"max-image-preview:large","max-video-preview":"max-video-preview:-1"},"canonical":"https:\/\/www.bellunopress.it\/fr\/2025\/03\/16\/belluno-celebra-andy-warhol-in-arrivo-al-museo-fulcis-la-mostra-love-pop\/","og_locale":"fr_FR","og_type":"article","og_title":"Belluno celebra Andy Warhol: in arrivo al Museo Fulcis la mostra \u201cLOVE POP\u201d - Bellunopress - Dolomiti","og_description":"Belluno si prepara ad accogliere un evento artistico di grande rilievo: dal 19 aprile al 29 giugno il Museo Fulcis ospiter\u00e0 92 opere della collezione Rosini Gutman dedicate al genio di Andy Warhol. Un\u2019iniziativa resa possibile grazie all\u2019impegno di un gruppo di imprenditori locali, che hanno unito le forze per portare in citt\u00e0 un\u2019occasione unica [&hellip;]","og_url":"https:\/\/www.bellunopress.it\/fr\/2025\/03\/16\/belluno-celebra-andy-warhol-in-arrivo-al-museo-fulcis-la-mostra-love-pop\/","og_site_name":"Bellunopress - Dolomiti","article_publisher":"https:\/\/www.facebook.com\/profile.php?id=100008943462799","article_published_time":"2025-03-16T05:37:37+00:00","article_modified_time":"2025-03-16T05:43:15+00:00","og_image":[{"width":1000,"height":415,"url":"https:\/\/www.bellunopress.it\/wp-content\/uploads\/2025\/03\/mostra-Andy-Warhol-a-Belluno_edited.jpg","type":"image\/jpeg"}],"author":"redazione","twitter_card":"summary_large_image","twitter_creator":"@bellunopress","twitter_site":"@bellunopress","twitter_misc":{"\u00c9crit par":"redazione","Dur\u00e9e de lecture estim\u00e9e":"2 minutes"},"schema":{"@context":"https:\/\/schema.org","@graph":[{"@type":"Article","@id":"https:\/\/www.bellunopress.it\/2025\/03\/16\/belluno-celebra-andy-warhol-in-arrivo-al-museo-fulcis-la-mostra-love-pop\/#article","isPartOf":{"@id":"https:\/\/www.bellunopress.it\/2025\/03\/16\/belluno-celebra-andy-warhol-in-arrivo-al-museo-fulcis-la-mostra-love-pop\/"},"author":{"name":"redazione","@id":"https:\/\/www.bellunopress.it\/#\/schema\/person\/79bb06722b37ece1c03d3e94beb30d73"},"headline":"Belluno celebra Andy Warhol: in arrivo al Museo Fulcis la mostra \u201cLOVE POP\u201d","datePublished":"2025-03-16T05:37:37+00:00","dateModified":"2025-03-16T05:43:15+00:00","mainEntityOfPage":{"@id":"https:\/\/www.bellunopress.it\/2025\/03\/16\/belluno-celebra-andy-warhol-in-arrivo-al-museo-fulcis-la-mostra-love-pop\/"},"wordCount":391,"publisher":{"@id":"https:\/\/www.bellunopress.it\/#organization"},"image":{"@id":"https:\/\/www.bellunopress.it\/2025\/03\/16\/belluno-celebra-andy-warhol-in-arrivo-al-museo-fulcis-la-mostra-love-pop\/#primaryimage"},"thumbnailUrl":"https:\/\/www.bellunopress.it\/wp-content\/uploads\/2025\/03\/mostra-Andy-Warhol-a-Belluno_edited.jpg","articleSection":["Appuntamenti, Eventi","Arte, Cultura, Spettacoli, Scienza","Pausa Caff\u00e8"],"inLanguage":"fr-FR"},{"@type":"WebPage","@id":"https:\/\/www.bellunopress.it\/2025\/03\/16\/belluno-celebra-andy-warhol-in-arrivo-al-museo-fulcis-la-mostra-love-pop\/","url":"https:\/\/www.bellunopress.it\/2025\/03\/16\/belluno-celebra-andy-warhol-in-arrivo-al-museo-fulcis-la-mostra-love-pop\/","name":"Belluno celebra Andy Warhol: in arrivo al Museo Fulcis la mostra \u201cLOVE POP\u201d - Bellunopress - Dolomiti","isPartOf":{"@id":"https:\/\/www.bellunopress.it\/#website"},"primaryImageOfPage":{"@id":"https:\/\/www.bellunopress.it\/2025\/03\/16\/belluno-celebra-andy-warhol-in-arrivo-al-museo-fulcis-la-mostra-love-pop\/#primaryimage"},"image":{"@id":"https:\/\/www.bellunopress.it\/2025\/03\/16\/belluno-celebra-andy-warhol-in-arrivo-al-museo-fulcis-la-mostra-love-pop\/#primaryimage"},"thumbnailUrl":"https:\/\/www.bellunopress.it\/wp-content\/uploads\/2025\/03\/mostra-Andy-Warhol-a-Belluno_edited.jpg","datePublished":"2025-03-16T05:37:37+00:00","dateModified":"2025-03-16T05:43:15+00:00","breadcrumb":{"@id":"https:\/\/www.bellunopress.it\/2025\/03\/16\/belluno-celebra-andy-warhol-in-arrivo-al-museo-fulcis-la-mostra-love-pop\/#breadcrumb"},"inLanguage":"fr-FR","potentialAction":[{"@type":"ReadAction","target":["https:\/\/www.bellunopress.it\/2025\/03\/16\/belluno-celebra-andy-warhol-in-arrivo-al-museo-fulcis-la-mostra-love-pop\/"]}]},{"@type":"ImageObject","inLanguage":"fr-FR","@id":"https:\/\/www.bellunopress.it\/2025\/03\/16\/belluno-celebra-andy-warhol-in-arrivo-al-museo-fulcis-la-mostra-love-pop\/#primaryimage","url":"https:\/\/www.bellunopress.it\/wp-content\/uploads\/2025\/03\/mostra-Andy-Warhol-a-Belluno_edited.jpg","contentUrl":"https:\/\/www.bellunopress.it\/wp-content\/uploads\/2025\/03\/mostra-Andy-Warhol-a-Belluno_edited.jpg","width":1000,"height":415,"caption":"Liza Minelli"},{"@type":"BreadcrumbList","@id":"https:\/\/www.bellunopress.it\/2025\/03\/16\/belluno-celebra-andy-warhol-in-arrivo-al-museo-fulcis-la-mostra-love-pop\/#breadcrumb","itemListElement":[{"@type":"ListItem","position":1,"name":"Home","item":"https:\/\/www.bellunopress.it\/"},{"@type":"ListItem","position":2,"name":"Belluno celebra Andy Warhol: in arrivo al Museo Fulcis la mostra \u201cLOVE POP\u201d"}]},{"@type":"WebSite","@id":"https:\/\/www.bellunopress.it\/#website","url":"https:\/\/www.bellunopress.it\/","name":"Bellunopress - Dolomiti","description":"e-mail: redazione@bellunopress.it","publisher":{"@id":"https:\/\/www.bellunopress.it\/#organization"},"potentialAction":[{"@type":"SearchAction","target":{"@type":"EntryPoint","urlTemplate":"https:\/\/www.bellunopress.it\/?s={search_term_string}"},"query-input":{"@type":"PropertyValueSpecification","valueRequired":true,"valueName":"search_term_string"}}],"inLanguage":"fr-FR"},{"@type":"Organization","@id":"https:\/\/www.bellunopress.it\/#organization","name":"Bellunopress","url":"https:\/\/www.bellunopress.it\/","logo":{"@type":"ImageObject","inLanguage":"fr-FR","@id":"https:\/\/www.bellunopress.it\/#\/schema\/logo\/image\/","url":"https:\/\/www.bellunopress.it\/wp-content\/uploads\/2011\/05\/cropped-logo-bellunopress-.jpg","contentUrl":"https:\/\/www.bellunopress.it\/wp-content\/uploads\/2011\/05\/cropped-logo-bellunopress-.jpg","width":512,"height":512,"caption":"Bellunopress"},"image":{"@id":"https:\/\/www.bellunopress.it\/#\/schema\/logo\/image\/"},"sameAs":["https:\/\/www.facebook.com\/profile.php?id=100008943462799","https:\/\/x.com\/bellunopress","https:\/\/www.linkedin.com\/hp\/?dnr=JBzUWaJfMUw8vbXJJ2tVW5-I3jZKvC4wsoxE&amp;amp;amp;amp;amp;amp;trk=nav_responsive_tab_home","https:\/\/www.youtube.com\/channel\/UCxL0wu1uN0_3_7hGG0306cw"]},{"@type":"Person","@id":"https:\/\/www.bellunopress.it\/#\/schema\/person\/79bb06722b37ece1c03d3e94beb30d73","name":"r\u00e9daction","image":{"@type":"ImageObject","inLanguage":"fr-FR","@id":"https:\/\/secure.gravatar.com\/avatar\/37d968a2e67a6fd04c169c4bdef102d0bc5d31b2546345219e348575eb80e9a0?s=96&d=mm&r=g","url":"https:\/\/secure.gravatar.com\/avatar\/37d968a2e67a6fd04c169c4bdef102d0bc5d31b2546345219e348575eb80e9a0?s=96&d=mm&r=g","contentUrl":"https:\/\/secure.gravatar.com\/avatar\/37d968a2e67a6fd04c169c4bdef102d0bc5d31b2546345219e348575eb80e9a0?s=96&d=mm&r=g","caption":"redazione"},"sameAs":["http:\/\/www.bellunopress.it","https:\/\/x.com\/bellunopress"],"url":"https:\/\/www.bellunopress.it\/fr\/author\/redazione\/"}]}},"_links":{"self":[{"href":"https:\/\/www.bellunopress.it\/fr\/wp-json\/wp\/v2\/posts\/158637","targetHints":{"allow":["GET"]}}],"collection":[{"href":"https:\/\/www.bellunopress.it\/fr\/wp-json\/wp\/v2\/posts"}],"about":[{"href":"https:\/\/www.bellunopress.it\/fr\/wp-json\/wp\/v2\/types\/post"}],"author":[{"embeddable":true,"href":"https:\/\/www.bellunopress.it\/fr\/wp-json\/wp\/v2\/users\/2"}],"replies":[{"embeddable":true,"href":"https:\/\/www.bellunopress.it\/fr\/wp-json\/wp\/v2\/comments?post=158637"}],"version-history":[{"count":1,"href":"https:\/\/www.bellunopress.it\/fr\/wp-json\/wp\/v2\/posts\/158637\/revisions"}],"predecessor-version":[{"id":158640,"href":"https:\/\/www.bellunopress.it\/fr\/wp-json\/wp\/v2\/posts\/158637\/revisions\/158640"}],"wp:featuredmedia":[{"embeddable":true,"href":"https:\/\/www.bellunopress.it\/fr\/wp-json\/wp\/v2\/media\/158641"}],"wp:attachment":[{"href":"https:\/\/www.bellunopress.it\/fr\/wp-json\/wp\/v2\/media?parent=158637"}],"wp:term":[{"taxonomy":"category","embeddable":true,"href":"https:\/\/www.bellunopress.it\/fr\/wp-json\/wp\/v2\/categories?post=158637"},{"taxonomy":"post_tag","embeddable":true,"href":"https:\/\/www.bellunopress.it\/fr\/wp-json\/wp\/v2\/tags?post=158637"}],"curies":[{"name":"wp","href":"https:\/\/api.w.org\/{rel}","templated":true}]}}