{"id":158632,"date":"2025-03-15T21:02:01","date_gmt":"2025-03-15T20:02:01","guid":{"rendered":"https:\/\/www.bellunopress.it\/?p=158632"},"modified":"2025-03-15T21:02:01","modified_gmt":"2025-03-15T20:02:01","slug":"musica-maestri-le-note-della-filarmonica-di-lentiai-alla-scuola-secondaria","status":"publish","type":"post","link":"https:\/\/www.bellunopress.it\/fr\/2025\/03\/15\/musica-maestri-le-note-della-filarmonica-di-lentiai-alla-scuola-secondaria\/","title":{"rendered":"Musica maestri. Le note della Filarmonica di Lentiai alla Scuola secondaria"},"content":{"rendered":"<figure id=\"attachment_158633\" aria-describedby=\"caption-attachment-158633\" style=\"width: 1000px\" class=\"wp-caption aligncenter\"><img loading=\"lazy\" decoding=\"async\" class=\"size-full wp-image-158633\" src=\"https:\/\/www.bellunopress.it\/wp-content\/uploads\/2025\/03\/Filarmonica-di-Lentiai.jpg\" alt=\"\" width=\"1000\" height=\"462\" srcset=\"https:\/\/www.bellunopress.it\/wp-content\/uploads\/2025\/03\/Filarmonica-di-Lentiai.jpg 1000w, https:\/\/www.bellunopress.it\/wp-content\/uploads\/2025\/03\/Filarmonica-di-Lentiai-500x231.jpg 500w, https:\/\/www.bellunopress.it\/wp-content\/uploads\/2025\/03\/Filarmonica-di-Lentiai-909x420.jpg 909w, https:\/\/www.bellunopress.it\/wp-content\/uploads\/2025\/03\/Filarmonica-di-Lentiai-696x322.jpg 696w\" sizes=\"auto, (max-width: 1000px) 100vw, 1000px\" \/><figcaption id=\"caption-attachment-158633\" class=\"wp-caption-text\">Filarmonica di Lentiai<\/figcaption><\/figure>\n<p>Lentiai (Borgo Valbelluna), 15 marzo 2025 &#8211;\u00a0 All\u2019esterno, il cielo \u00e8 grigio e la pioggia cade sottile, ma dentro l\u2019aula magna della Scuola secondaria di primo grado di Lentiai il colore \u00e8 tutto nella musica. Le note della Filarmonica di Lentiai risuonano vibranti tra le pareti, trasformando la mattinata in un\u2019esperienza unica per gli studenti, letteralmente rapiti dalle melodie e dall\u2019energia dei musicisti.<\/p>\n<p>L\u2019iniziativa, fortemente voluta dalla professoressa Erika De Bortoli, docente di educazione musicale, si inserisce nell\u2019ambito dell\u2019ampliamento dell\u2019offerta formativa dell\u2019Istituto Comprensivo di Mel, che da anni promuove lo studio della musica con il suo indirizzo musicale attivo dal 2008 e l\u2019adesione alla rete SMIM (Scuole Medie a Indirizzo Musicale).<\/p>\n<p>L\u2019evento ha preso il via con un programma variegato, spaziando dai ritmi serrati della Formula Uno Theme di Brian Tyler fino all\u2019energia di Thriller di Michael Jackson, passando per Moondance, Watermelon Man e un emozionante medley dedicato a Ennio Morricone. Un viaggio musicale che ha saputo catturare l\u2019attenzione degli studenti, incuriositi non solo dalle esecuzioni ma anche dalla possibilit\u00e0 di conoscere pi\u00f9 da vicino gli strumenti.<\/p>\n<p>I componenti della Filarmonica, guidati dal carismatico maestro Domenico Vello, hanno infatti interagito con i ragazzi, presentando i vari strumenti \u2013 dal flauto traverso alla tromba, fino al bombardino \u2013 e raccontando aneddoti e curiosit\u00e0, come la storia del sassofono, uno degli ultimi arrivati nella tradizione bandistica.<\/p>\n<p>Maestro instancabile e trascinatore, Vello ha condiviso con i giovani ascoltatori la sua visione della musica: non solo suoni e melodie, ma emozioni da trasmettere e vivere. &#8220;Senza emozione \u2013 ha spiegato \u2013 il musicista sarebbe solo un bronzo che risuona o un cembalo che tintinna&#8221;, parafrasando San Paolo.<\/p>\n<p>Oltre all\u2019aspetto artistico, l\u2019incontro ha rappresentato un\u2019occasione per conoscere la storia della Filarmonica di Lentiai, nata nel 1743 e ufficialmente riconosciuta come Societ\u00e0 Filarmonica nel 1838, rendendola una delle pi\u00f9 antiche bande d\u2019Italia. Un\u2019eredit\u00e0 che il maestro Vello ha saputo rinnovare con passione e creativit\u00e0, portando il gruppo ad affrontare repertori sempre pi\u00f9 eclettici e accattivanti.<\/p>\n<p>Un altro elemento fondamentale emerso dalla mattinata \u00e8 stato il valore inclusivo della Filarmonica: un ensemble composto da musicisti di tutte le et\u00e0 ed esperienze, uniti dal piacere di suonare insieme. E proprio questa dimensione aggregativa \u00e8 stata evidente nel momento in cui, prima di eseguire un brano jazz, ogni sezione strumentale ha proposto un\u2019anticipazione sonora, dimostrando quanto la musica sia un lavoro di squadra.<\/p>\n<p>I ragazzi, entusiasti e incuriositi, hanno rivolto molte domande ai musicisti, scoprendo dettagli e segreti sugli strumenti e sulla vita della banda. Un allievo, in particolare, ha chiesto se la Filarmonica avesse in repertorio la sigla di una nota serie avventurosa, segno di quanto la musica sappia parlare a tutti, indipendentemente dall\u2019et\u00e0 e dalle esperienze personali.<\/p>\n<p>L\u2019evento si \u00e8 concluso tra applausi calorosi e la speranza, espressa da molti, di poter ripetere presto un\u2019esperienza cos\u00ec coinvolgente. &#8220;La musica ha colpito nel segno!&#8221; ha commentato con soddisfazione il maestro Vello, auspicando che qualche giovane, affascinato dalla magia delle note, possa decidere di avvicinarsi allo studio di uno strumento e magari entrare a far parte della Filarmonica.<\/p>\n<p>La musica, ancora una volta, si \u00e8 rivelata un linguaggio universale capace di emozionare, educare e unire.<\/p>\n<p>&nbsp;<\/p>\n<p>&nbsp;<\/p>\n<p>&nbsp;<\/p>","protected":false},"excerpt":{"rendered":"<p>Lentiai (Borgo Valbelluna), 15 marzo 2025 &#8211;\u00a0 All\u2019esterno, il cielo \u00e8 grigio e la pioggia cade sottile, ma dentro l\u2019aula magna della Scuola secondaria di primo grado di Lentiai il colore \u00e8 tutto nella musica. Le note della Filarmonica di Lentiai risuonano vibranti tra le pareti, trasformando la mattinata in un\u2019esperienza unica per gli studenti, [&hellip;]<\/p>\n","protected":false},"author":2,"featured_media":158633,"comment_status":"closed","ping_status":"open","sticky":false,"template":"","format":"standard","meta":{"footnotes":""},"categories":[26,15],"tags":[],"class_list":["post-158632","post","type-post","status-publish","format-standard","has-post-thumbnail","category-prima-pagina","category-scuola"],"yoast_head":"<!-- This site is optimized with the Yoast SEO plugin v28.4 - https:\/\/yoast.com\/product\/yoast-seo-wordpress\/ -->\n<title>Musica maestri. Le note della Filarmonica di Lentiai alla Scuola secondaria - Bellunopress - Dolomiti<\/title>\n<meta name=\"robots\" content=\"index, follow, max-snippet:-1, max-image-preview:large, max-video-preview:-1\" \/>\n<link rel=\"canonical\" href=\"https:\/\/www.bellunopress.it\/fr\/2025\/03\/15\/musica-maestri-le-note-della-filarmonica-di-lentiai-alla-scuola-secondaria\/\" \/>\n<meta property=\"og:locale\" content=\"fr_FR\" \/>\n<meta property=\"og:type\" content=\"article\" \/>\n<meta property=\"og:title\" content=\"Musica maestri. Le note della Filarmonica di Lentiai alla Scuola secondaria - Bellunopress - Dolomiti\" \/>\n<meta property=\"og:description\" content=\"Lentiai (Borgo Valbelluna), 15 marzo 2025 &#8211;\u00a0 All\u2019esterno, il cielo \u00e8 grigio e la pioggia cade sottile, ma dentro l\u2019aula magna della Scuola secondaria di primo grado di Lentiai il colore \u00e8 tutto nella musica. Le note della Filarmonica di Lentiai risuonano vibranti tra le pareti, trasformando la mattinata in un\u2019esperienza unica per gli studenti, [&hellip;]\" \/>\n<meta property=\"og:url\" content=\"https:\/\/www.bellunopress.it\/fr\/2025\/03\/15\/musica-maestri-le-note-della-filarmonica-di-lentiai-alla-scuola-secondaria\/\" \/>\n<meta property=\"og:site_name\" content=\"Bellunopress - Dolomiti\" \/>\n<meta property=\"article:publisher\" content=\"https:\/\/www.facebook.com\/profile.php?id=100008943462799\" \/>\n<meta property=\"article:published_time\" content=\"2025-03-15T20:02:01+00:00\" \/>\n<meta property=\"og:image\" content=\"https:\/\/www.bellunopress.it\/wp-content\/uploads\/2025\/03\/Filarmonica-di-Lentiai.jpg\" \/>\n\t<meta property=\"og:image:width\" content=\"1000\" \/>\n\t<meta property=\"og:image:height\" content=\"462\" \/>\n\t<meta property=\"og:image:type\" content=\"image\/jpeg\" \/>\n<meta name=\"author\" content=\"redazione\" \/>\n<meta name=\"twitter:card\" content=\"summary_large_image\" \/>\n<meta name=\"twitter:creator\" content=\"@bellunopress\" \/>\n<meta name=\"twitter:site\" content=\"@bellunopress\" \/>\n<meta name=\"twitter:label1\" content=\"\u00c9crit par\" \/>\n\t<meta name=\"twitter:data1\" content=\"redazione\" \/>\n\t<meta name=\"twitter:label2\" content=\"Dur\u00e9e de lecture estim\u00e9e\" \/>\n\t<meta name=\"twitter:data2\" content=\"3 minutes\" \/>\n<script type=\"application\/ld+json\" class=\"yoast-schema-graph\">{\"@context\":\"https:\\\/\\\/schema.org\",\"@graph\":[{\"@type\":\"Article\",\"@id\":\"https:\\\/\\\/www.bellunopress.it\\\/2025\\\/03\\\/15\\\/musica-maestri-le-note-della-filarmonica-di-lentiai-alla-scuola-secondaria\\\/#article\",\"isPartOf\":{\"@id\":\"https:\\\/\\\/www.bellunopress.it\\\/2025\\\/03\\\/15\\\/musica-maestri-le-note-della-filarmonica-di-lentiai-alla-scuola-secondaria\\\/\"},\"author\":{\"name\":\"redazione\",\"@id\":\"https:\\\/\\\/www.bellunopress.it\\\/#\\\/schema\\\/person\\\/79bb06722b37ece1c03d3e94beb30d73\"},\"headline\":\"Musica maestri. Le note della Filarmonica di Lentiai alla Scuola secondaria\",\"datePublished\":\"2025-03-15T20:02:01+00:00\",\"mainEntityOfPage\":{\"@id\":\"https:\\\/\\\/www.bellunopress.it\\\/2025\\\/03\\\/15\\\/musica-maestri-le-note-della-filarmonica-di-lentiai-alla-scuola-secondaria\\\/\"},\"wordCount\":557,\"publisher\":{\"@id\":\"https:\\\/\\\/www.bellunopress.it\\\/#organization\"},\"image\":{\"@id\":\"https:\\\/\\\/www.bellunopress.it\\\/2025\\\/03\\\/15\\\/musica-maestri-le-note-della-filarmonica-di-lentiai-alla-scuola-secondaria\\\/#primaryimage\"},\"thumbnailUrl\":\"https:\\\/\\\/www.bellunopress.it\\\/wp-content\\\/uploads\\\/2025\\\/03\\\/Filarmonica-di-Lentiai.jpg\",\"articleSection\":[\"Prima Pagina\",\"Scuola\"],\"inLanguage\":\"fr-FR\"},{\"@type\":\"WebPage\",\"@id\":\"https:\\\/\\\/www.bellunopress.it\\\/2025\\\/03\\\/15\\\/musica-maestri-le-note-della-filarmonica-di-lentiai-alla-scuola-secondaria\\\/\",\"url\":\"https:\\\/\\\/www.bellunopress.it\\\/2025\\\/03\\\/15\\\/musica-maestri-le-note-della-filarmonica-di-lentiai-alla-scuola-secondaria\\\/\",\"name\":\"Musica maestri. Le note della Filarmonica di Lentiai alla Scuola secondaria - Bellunopress - Dolomiti\",\"isPartOf\":{\"@id\":\"https:\\\/\\\/www.bellunopress.it\\\/#website\"},\"primaryImageOfPage\":{\"@id\":\"https:\\\/\\\/www.bellunopress.it\\\/2025\\\/03\\\/15\\\/musica-maestri-le-note-della-filarmonica-di-lentiai-alla-scuola-secondaria\\\/#primaryimage\"},\"image\":{\"@id\":\"https:\\\/\\\/www.bellunopress.it\\\/2025\\\/03\\\/15\\\/musica-maestri-le-note-della-filarmonica-di-lentiai-alla-scuola-secondaria\\\/#primaryimage\"},\"thumbnailUrl\":\"https:\\\/\\\/www.bellunopress.it\\\/wp-content\\\/uploads\\\/2025\\\/03\\\/Filarmonica-di-Lentiai.jpg\",\"datePublished\":\"2025-03-15T20:02:01+00:00\",\"breadcrumb\":{\"@id\":\"https:\\\/\\\/www.bellunopress.it\\\/2025\\\/03\\\/15\\\/musica-maestri-le-note-della-filarmonica-di-lentiai-alla-scuola-secondaria\\\/#breadcrumb\"},\"inLanguage\":\"fr-FR\",\"potentialAction\":[{\"@type\":\"ReadAction\",\"target\":[\"https:\\\/\\\/www.bellunopress.it\\\/2025\\\/03\\\/15\\\/musica-maestri-le-note-della-filarmonica-di-lentiai-alla-scuola-secondaria\\\/\"]}]},{\"@type\":\"ImageObject\",\"inLanguage\":\"fr-FR\",\"@id\":\"https:\\\/\\\/www.bellunopress.it\\\/2025\\\/03\\\/15\\\/musica-maestri-le-note-della-filarmonica-di-lentiai-alla-scuola-secondaria\\\/#primaryimage\",\"url\":\"https:\\\/\\\/www.bellunopress.it\\\/wp-content\\\/uploads\\\/2025\\\/03\\\/Filarmonica-di-Lentiai.jpg\",\"contentUrl\":\"https:\\\/\\\/www.bellunopress.it\\\/wp-content\\\/uploads\\\/2025\\\/03\\\/Filarmonica-di-Lentiai.jpg\",\"width\":1000,\"height\":462,\"caption\":\"Filarmonica di Lentiai\"},{\"@type\":\"BreadcrumbList\",\"@id\":\"https:\\\/\\\/www.bellunopress.it\\\/2025\\\/03\\\/15\\\/musica-maestri-le-note-della-filarmonica-di-lentiai-alla-scuola-secondaria\\\/#breadcrumb\",\"itemListElement\":[{\"@type\":\"ListItem\",\"position\":1,\"name\":\"Home\",\"item\":\"https:\\\/\\\/www.bellunopress.it\\\/\"},{\"@type\":\"ListItem\",\"position\":2,\"name\":\"Musica maestri. Le note della Filarmonica di Lentiai alla Scuola secondaria\"}]},{\"@type\":\"WebSite\",\"@id\":\"https:\\\/\\\/www.bellunopress.it\\\/#website\",\"url\":\"https:\\\/\\\/www.bellunopress.it\\\/\",\"name\":\"Bellunopress - Dolomiti\",\"description\":\"e-mail: redazione@bellunopress.it\",\"publisher\":{\"@id\":\"https:\\\/\\\/www.bellunopress.it\\\/#organization\"},\"potentialAction\":[{\"@type\":\"SearchAction\",\"target\":{\"@type\":\"EntryPoint\",\"urlTemplate\":\"https:\\\/\\\/www.bellunopress.it\\\/?s={search_term_string}\"},\"query-input\":{\"@type\":\"PropertyValueSpecification\",\"valueRequired\":true,\"valueName\":\"search_term_string\"}}],\"inLanguage\":\"fr-FR\"},{\"@type\":\"Organization\",\"@id\":\"https:\\\/\\\/www.bellunopress.it\\\/#organization\",\"name\":\"Bellunopress\",\"url\":\"https:\\\/\\\/www.bellunopress.it\\\/\",\"logo\":{\"@type\":\"ImageObject\",\"inLanguage\":\"fr-FR\",\"@id\":\"https:\\\/\\\/www.bellunopress.it\\\/#\\\/schema\\\/logo\\\/image\\\/\",\"url\":\"https:\\\/\\\/www.bellunopress.it\\\/wp-content\\\/uploads\\\/2011\\\/05\\\/cropped-logo-bellunopress-.jpg\",\"contentUrl\":\"https:\\\/\\\/www.bellunopress.it\\\/wp-content\\\/uploads\\\/2011\\\/05\\\/cropped-logo-bellunopress-.jpg\",\"width\":512,\"height\":512,\"caption\":\"Bellunopress\"},\"image\":{\"@id\":\"https:\\\/\\\/www.bellunopress.it\\\/#\\\/schema\\\/logo\\\/image\\\/\"},\"sameAs\":[\"https:\\\/\\\/www.facebook.com\\\/profile.php?id=100008943462799\",\"https:\\\/\\\/x.com\\\/bellunopress\",\"https:\\\/\\\/www.linkedin.com\\\/hp\\\/?dnr=JBzUWaJfMUw8vbXJJ2tVW5-I3jZKvC4wsoxE&amp;amp;amp;amp;amp;amp;trk=nav_responsive_tab_home\",\"https:\\\/\\\/www.youtube.com\\\/channel\\\/UCxL0wu1uN0_3_7hGG0306cw\"]},{\"@type\":\"Person\",\"@id\":\"https:\\\/\\\/www.bellunopress.it\\\/#\\\/schema\\\/person\\\/79bb06722b37ece1c03d3e94beb30d73\",\"name\":\"redazione\",\"image\":{\"@type\":\"ImageObject\",\"inLanguage\":\"fr-FR\",\"@id\":\"https:\\\/\\\/secure.gravatar.com\\\/avatar\\\/37d968a2e67a6fd04c169c4bdef102d0bc5d31b2546345219e348575eb80e9a0?s=96&d=mm&r=g\",\"url\":\"https:\\\/\\\/secure.gravatar.com\\\/avatar\\\/37d968a2e67a6fd04c169c4bdef102d0bc5d31b2546345219e348575eb80e9a0?s=96&d=mm&r=g\",\"contentUrl\":\"https:\\\/\\\/secure.gravatar.com\\\/avatar\\\/37d968a2e67a6fd04c169c4bdef102d0bc5d31b2546345219e348575eb80e9a0?s=96&d=mm&r=g\",\"caption\":\"redazione\"},\"sameAs\":[\"http:\\\/\\\/www.bellunopress.it\",\"https:\\\/\\\/x.com\\\/bellunopress\"],\"url\":\"https:\\\/\\\/www.bellunopress.it\\\/fr\\\/author\\\/redazione\\\/\"}]}<\/script>\n<!-- \/ Yoast SEO plugin. -->","yoast_head_json":{"title":"Musica maestri. Le note della Filarmonica di Lentiai alla Scuola secondaria - Bellunopress - Dolomiti","robots":{"index":"index","follow":"follow","max-snippet":"max-snippet:-1","max-image-preview":"max-image-preview:large","max-video-preview":"max-video-preview:-1"},"canonical":"https:\/\/www.bellunopress.it\/fr\/2025\/03\/15\/musica-maestri-le-note-della-filarmonica-di-lentiai-alla-scuola-secondaria\/","og_locale":"fr_FR","og_type":"article","og_title":"Musica maestri. Le note della Filarmonica di Lentiai alla Scuola secondaria - Bellunopress - Dolomiti","og_description":"Lentiai (Borgo Valbelluna), 15 marzo 2025 &#8211;\u00a0 All\u2019esterno, il cielo \u00e8 grigio e la pioggia cade sottile, ma dentro l\u2019aula magna della Scuola secondaria di primo grado di Lentiai il colore \u00e8 tutto nella musica. Le note della Filarmonica di Lentiai risuonano vibranti tra le pareti, trasformando la mattinata in un\u2019esperienza unica per gli studenti, [&hellip;]","og_url":"https:\/\/www.bellunopress.it\/fr\/2025\/03\/15\/musica-maestri-le-note-della-filarmonica-di-lentiai-alla-scuola-secondaria\/","og_site_name":"Bellunopress - Dolomiti","article_publisher":"https:\/\/www.facebook.com\/profile.php?id=100008943462799","article_published_time":"2025-03-15T20:02:01+00:00","og_image":[{"width":1000,"height":462,"url":"https:\/\/www.bellunopress.it\/wp-content\/uploads\/2025\/03\/Filarmonica-di-Lentiai.jpg","type":"image\/jpeg"}],"author":"redazione","twitter_card":"summary_large_image","twitter_creator":"@bellunopress","twitter_site":"@bellunopress","twitter_misc":{"\u00c9crit par":"redazione","Dur\u00e9e de lecture estim\u00e9e":"3 minutes"},"schema":{"@context":"https:\/\/schema.org","@graph":[{"@type":"Article","@id":"https:\/\/www.bellunopress.it\/2025\/03\/15\/musica-maestri-le-note-della-filarmonica-di-lentiai-alla-scuola-secondaria\/#article","isPartOf":{"@id":"https:\/\/www.bellunopress.it\/2025\/03\/15\/musica-maestri-le-note-della-filarmonica-di-lentiai-alla-scuola-secondaria\/"},"author":{"name":"redazione","@id":"https:\/\/www.bellunopress.it\/#\/schema\/person\/79bb06722b37ece1c03d3e94beb30d73"},"headline":"Musica maestri. Le note della Filarmonica di Lentiai alla Scuola secondaria","datePublished":"2025-03-15T20:02:01+00:00","mainEntityOfPage":{"@id":"https:\/\/www.bellunopress.it\/2025\/03\/15\/musica-maestri-le-note-della-filarmonica-di-lentiai-alla-scuola-secondaria\/"},"wordCount":557,"publisher":{"@id":"https:\/\/www.bellunopress.it\/#organization"},"image":{"@id":"https:\/\/www.bellunopress.it\/2025\/03\/15\/musica-maestri-le-note-della-filarmonica-di-lentiai-alla-scuola-secondaria\/#primaryimage"},"thumbnailUrl":"https:\/\/www.bellunopress.it\/wp-content\/uploads\/2025\/03\/Filarmonica-di-Lentiai.jpg","articleSection":["Prima Pagina","Scuola"],"inLanguage":"fr-FR"},{"@type":"WebPage","@id":"https:\/\/www.bellunopress.it\/2025\/03\/15\/musica-maestri-le-note-della-filarmonica-di-lentiai-alla-scuola-secondaria\/","url":"https:\/\/www.bellunopress.it\/2025\/03\/15\/musica-maestri-le-note-della-filarmonica-di-lentiai-alla-scuola-secondaria\/","name":"Musica maestri. Le note della Filarmonica di Lentiai alla Scuola secondaria - Bellunopress - Dolomiti","isPartOf":{"@id":"https:\/\/www.bellunopress.it\/#website"},"primaryImageOfPage":{"@id":"https:\/\/www.bellunopress.it\/2025\/03\/15\/musica-maestri-le-note-della-filarmonica-di-lentiai-alla-scuola-secondaria\/#primaryimage"},"image":{"@id":"https:\/\/www.bellunopress.it\/2025\/03\/15\/musica-maestri-le-note-della-filarmonica-di-lentiai-alla-scuola-secondaria\/#primaryimage"},"thumbnailUrl":"https:\/\/www.bellunopress.it\/wp-content\/uploads\/2025\/03\/Filarmonica-di-Lentiai.jpg","datePublished":"2025-03-15T20:02:01+00:00","breadcrumb":{"@id":"https:\/\/www.bellunopress.it\/2025\/03\/15\/musica-maestri-le-note-della-filarmonica-di-lentiai-alla-scuola-secondaria\/#breadcrumb"},"inLanguage":"fr-FR","potentialAction":[{"@type":"ReadAction","target":["https:\/\/www.bellunopress.it\/2025\/03\/15\/musica-maestri-le-note-della-filarmonica-di-lentiai-alla-scuola-secondaria\/"]}]},{"@type":"ImageObject","inLanguage":"fr-FR","@id":"https:\/\/www.bellunopress.it\/2025\/03\/15\/musica-maestri-le-note-della-filarmonica-di-lentiai-alla-scuola-secondaria\/#primaryimage","url":"https:\/\/www.bellunopress.it\/wp-content\/uploads\/2025\/03\/Filarmonica-di-Lentiai.jpg","contentUrl":"https:\/\/www.bellunopress.it\/wp-content\/uploads\/2025\/03\/Filarmonica-di-Lentiai.jpg","width":1000,"height":462,"caption":"Filarmonica di Lentiai"},{"@type":"BreadcrumbList","@id":"https:\/\/www.bellunopress.it\/2025\/03\/15\/musica-maestri-le-note-della-filarmonica-di-lentiai-alla-scuola-secondaria\/#breadcrumb","itemListElement":[{"@type":"ListItem","position":1,"name":"Home","item":"https:\/\/www.bellunopress.it\/"},{"@type":"ListItem","position":2,"name":"Musica maestri. Le note della Filarmonica di Lentiai alla Scuola secondaria"}]},{"@type":"WebSite","@id":"https:\/\/www.bellunopress.it\/#website","url":"https:\/\/www.bellunopress.it\/","name":"Bellunopress - Dolomiti","description":"e-mail: redazione@bellunopress.it","publisher":{"@id":"https:\/\/www.bellunopress.it\/#organization"},"potentialAction":[{"@type":"SearchAction","target":{"@type":"EntryPoint","urlTemplate":"https:\/\/www.bellunopress.it\/?s={search_term_string}"},"query-input":{"@type":"PropertyValueSpecification","valueRequired":true,"valueName":"search_term_string"}}],"inLanguage":"fr-FR"},{"@type":"Organization","@id":"https:\/\/www.bellunopress.it\/#organization","name":"Bellunopress","url":"https:\/\/www.bellunopress.it\/","logo":{"@type":"ImageObject","inLanguage":"fr-FR","@id":"https:\/\/www.bellunopress.it\/#\/schema\/logo\/image\/","url":"https:\/\/www.bellunopress.it\/wp-content\/uploads\/2011\/05\/cropped-logo-bellunopress-.jpg","contentUrl":"https:\/\/www.bellunopress.it\/wp-content\/uploads\/2011\/05\/cropped-logo-bellunopress-.jpg","width":512,"height":512,"caption":"Bellunopress"},"image":{"@id":"https:\/\/www.bellunopress.it\/#\/schema\/logo\/image\/"},"sameAs":["https:\/\/www.facebook.com\/profile.php?id=100008943462799","https:\/\/x.com\/bellunopress","https:\/\/www.linkedin.com\/hp\/?dnr=JBzUWaJfMUw8vbXJJ2tVW5-I3jZKvC4wsoxE&amp;amp;amp;amp;amp;amp;trk=nav_responsive_tab_home","https:\/\/www.youtube.com\/channel\/UCxL0wu1uN0_3_7hGG0306cw"]},{"@type":"Person","@id":"https:\/\/www.bellunopress.it\/#\/schema\/person\/79bb06722b37ece1c03d3e94beb30d73","name":"r\u00e9daction","image":{"@type":"ImageObject","inLanguage":"fr-FR","@id":"https:\/\/secure.gravatar.com\/avatar\/37d968a2e67a6fd04c169c4bdef102d0bc5d31b2546345219e348575eb80e9a0?s=96&d=mm&r=g","url":"https:\/\/secure.gravatar.com\/avatar\/37d968a2e67a6fd04c169c4bdef102d0bc5d31b2546345219e348575eb80e9a0?s=96&d=mm&r=g","contentUrl":"https:\/\/secure.gravatar.com\/avatar\/37d968a2e67a6fd04c169c4bdef102d0bc5d31b2546345219e348575eb80e9a0?s=96&d=mm&r=g","caption":"redazione"},"sameAs":["http:\/\/www.bellunopress.it","https:\/\/x.com\/bellunopress"],"url":"https:\/\/www.bellunopress.it\/fr\/author\/redazione\/"}]}},"_links":{"self":[{"href":"https:\/\/www.bellunopress.it\/fr\/wp-json\/wp\/v2\/posts\/158632","targetHints":{"allow":["GET"]}}],"collection":[{"href":"https:\/\/www.bellunopress.it\/fr\/wp-json\/wp\/v2\/posts"}],"about":[{"href":"https:\/\/www.bellunopress.it\/fr\/wp-json\/wp\/v2\/types\/post"}],"author":[{"embeddable":true,"href":"https:\/\/www.bellunopress.it\/fr\/wp-json\/wp\/v2\/users\/2"}],"replies":[{"embeddable":true,"href":"https:\/\/www.bellunopress.it\/fr\/wp-json\/wp\/v2\/comments?post=158632"}],"version-history":[{"count":1,"href":"https:\/\/www.bellunopress.it\/fr\/wp-json\/wp\/v2\/posts\/158632\/revisions"}],"predecessor-version":[{"id":158634,"href":"https:\/\/www.bellunopress.it\/fr\/wp-json\/wp\/v2\/posts\/158632\/revisions\/158634"}],"wp:featuredmedia":[{"embeddable":true,"href":"https:\/\/www.bellunopress.it\/fr\/wp-json\/wp\/v2\/media\/158633"}],"wp:attachment":[{"href":"https:\/\/www.bellunopress.it\/fr\/wp-json\/wp\/v2\/media?parent=158632"}],"wp:term":[{"taxonomy":"category","embeddable":true,"href":"https:\/\/www.bellunopress.it\/fr\/wp-json\/wp\/v2\/categories?post=158632"},{"taxonomy":"post_tag","embeddable":true,"href":"https:\/\/www.bellunopress.it\/fr\/wp-json\/wp\/v2\/tags?post=158632"}],"curies":[{"name":"wp","href":"https:\/\/api.w.org\/{rel}","templated":true}]}}