{"id":158630,"date":"2025-03-15T17:00:50","date_gmt":"2025-03-15T16:00:50","guid":{"rendered":"https:\/\/www.bellunopress.it\/?p=158630"},"modified":"2025-03-17T09:21:18","modified_gmt":"2025-03-17T08:21:18","slug":"reset-europe-ripartire-da-de-gasperi-di-enzo-de-biasi","status":"publish","type":"post","link":"https:\/\/www.bellunopress.it\/fr\/2025\/03\/15\/reset-europe-ripartire-da-de-gasperi-di-enzo-de-biasi\/","title":{"rendered":"Reset Europe, ripartire da De Gasperi   * di Enzo De Biasi"},"content":{"rendered":"<figure id=\"attachment_121061\" aria-describedby=\"caption-attachment-121061\" style=\"width: 1000px\" class=\"wp-caption aligncenter\"><img loading=\"lazy\" decoding=\"async\" class=\"size-full wp-image-121061\" src=\"https:\/\/www.bellunopress.it\/wp-content\/uploads\/2021\/01\/Unione-Europea_edited.jpg\" alt=\"Europa\" width=\"1000\" height=\"668\" srcset=\"https:\/\/www.bellunopress.it\/wp-content\/uploads\/2021\/01\/Unione-Europea_edited.jpg 1000w, https:\/\/www.bellunopress.it\/wp-content\/uploads\/2021\/01\/Unione-Europea_edited-500x334.jpg 500w, https:\/\/www.bellunopress.it\/wp-content\/uploads\/2021\/01\/Unione-Europea_edited-696x465.jpg 696w, https:\/\/www.bellunopress.it\/wp-content\/uploads\/2021\/01\/Unione-Europea_edited-629x420.jpg 629w\" sizes=\"auto, (max-width: 1000px) 100vw, 1000px\" \/><figcaption id=\"caption-attachment-121061\" class=\"wp-caption-text\">Parlamento Europeo &#8211; Strasburgo<\/figcaption><\/figure>\n<p><strong>Per un\u2019Unione Europea con Stato Federale, Esercito Unico, Poteri in Affari \u00a0Esteri, Difesa, Fiscalit\u00e0, Ambiente, Sanit\u00e0 \u00a0e Infrastrutture materiali ed immateriali<\/strong><strong>. <\/strong><\/p>\n<p><strong>Il piano Re-Arm\u201d UE da 800 miliardi di \u20ac, sono &#8220;soldi buttati via&#8221; (Romano Prodi), se non si fa l\u2019Europa Politica con &#8211; da subito &#8211; Politica Estera e Difesa.<\/strong><\/p>\n<p><strong>Boicottiamo le merci made in USA, non acquistiamo pi\u00f9 Coca-Cola, Auto Tesla e abbandoniamo X di Musk, come hanno fatto in Canada e in Gran Bretagna<\/strong><strong>.<\/strong><\/p>\n<p style=\"text-align: center;\">***<\/p>\n<p><strong><em>Mario Draghi, 18 febbraio 2025<\/em><\/strong>, <em>\u201cl\u2019Europa deve agire come <strong>un unico stato<\/strong> e la risposta deve essere <strong>rapida <\/strong>perch\u00e9 il <strong>tempo non \u00e8<\/strong> dalla nostra parte\u2026\u201d. <\/em><\/p>\n<p>Il discorso di <strong>Mario Draghi<\/strong>, ex-premier italiano, davanti all\u2019eurocamera di met\u00e0 febbraio, \u00e8 stato assertivo, categorico, in altre parole, un appello ultimativo e stringente rivolto ai decisori politici di Bruxelles affinch\u00e9 assumano, una volta per tutte, il coraggio di\u00a0 affrontare e risolvere\u00a0 con velocit\u00e0 ed intensit\u00e0 adeguate, problemi irrisolti e stagnanti da decenni. Le determinazioni da adottare riguardano, i settori economici trainanti, nonch\u00e9 la rimozione e la semplificazione delle barriere disciplinari bloccanti investimenti strategici, salvaguardando un\u2019equa competitivit\u00e0 \u00a0tra beni, servizi e capitali.<\/p>\n<p>L\u2019Unione Europea, in questi settantacinque anni\u00a0 non ha mai potuto agire come\u00a0 <strong>soggetto politico sovrano ed autonomo<\/strong>, perch\u00e9 in tre quarti di secolo gli <strong>Stati- Nazione <\/strong>aderenti, a partire dall\u2019Italia, non hanno mai <strong>voluto<\/strong> trasferire \u201ccompetenze statali\u201d da esercitare e gestire come <strong>Europa<\/strong>. Questo \u00e8, \u00e8 stato, il problema irrisolto dal 1951. Lo tsunami D. Trump e le due guerre a noi vicine sveglieranno dal\u00a0 coma profondo le classi dirigenti europee ? <strong>Temo di no<\/strong>.<\/p>\n<p>L\u2019intervento del mese scorso a \u00a0Strasburgo avanti all\u2019Assemblea Legislativa dell\u2019ex Presidente della B.C.E., \u00e8 apparso dedicato pi\u00f9 che agli eurodeputati presenti in aula, ai Capi di Stato e dei Governi dei ventisette Paesi dell\u2019Unione Europe. Infatti, per com\u2019\u00e8 la distribuzione reale del potere legislativo ed esecutivo nell\u2019organigramma U.E, sono gli Stati partner che <strong>incidono, ostacolano, intermediano e ritardano<\/strong> la \u201cmessa a terra\u201d di direttive e regolamenti istituzionalmente proposti dalla Commissione Europea e definitamente approvati dagli eletti da ciascuna nazione rappresentata a Bruxelles.<\/p>\n<p>Ogni Paese membro, ha <strong>-appunto<\/strong>&#8211; il potere di incidere, ostacolare, intermediare, ritardare. La telenovela propinata al pubblico di casa \u201cItalia\u201d da molti radio-telegiornali-stampa, \u00e8 che i governanti \u00a0agiscono per conto \u201cdell\u2019interesse nazionale\u201d, mentre l\u2019Europa \u00e8 lontana e non si cura dei cittadini. Vero \u00e8 che, sovente, \u00a0la realt\u00e0 dei fatti viene adulterata, travisata, modificata per gli usi ed abitudine domestiche.<\/p>\n<p>La disinformazione diffusa dai politici e diligentemente veicolata dai mezzi di comunicazione di massa, \u00a0serve agli attori e alle attrici in scena nel teatrino nazionale, per aumentare il consenso per ciascuna delle singole fette di elettorato riferentesi ai partiti della maggioranza \u00a0governativa pro-tempore.<\/p>\n<p>Dietro la sfibrante e\u00a0 ripetuta litania <strong>\u201cce lo chiede l\u2019Europa\u201d,<\/strong> soprattutto quando le scelte sono impopolari, si cela la volont\u00e0 di nascondere paternit\u00e0 e \u00a0maternit\u00e0, relazioni di parentela prossima e remota, trattasi di prole illegittima, non desiderata, n\u00e9 riconosciuta. Da trent\u2019anni in qua, <strong>la responsabilit\u00e0 politica<\/strong> \u00e8 scomparsa dal vocabolario di chi \u00e8 eletto a Roma o a Bruxelles, specie se costui o costei fa parte degli esecutivi nazionali, regionali, comunali e rispettivi Consigli di amministrazione di societ\u00e0 per azioni ed enti dell\u2019apparato pubblico finanziato dal pubblico erario, dal cittadino-contribuente.<\/p>\n<p><strong><em>Alcide De Gasperi 30 dicembre 1951<\/em><\/strong><em> occorre \u00a0\u201cunificare l\u2019Europa costruendo uno <strong>Stato Federale<\/strong>, garante di sicurezza e\u00a0 un esercito in comune inserito nella NATO<\/em> \u201d.<\/p>\n<p>Di tutt\u2019altre finalit\u00e0, sostanza, qualit\u00e0 e speranze, \u00a0fu il comportamento ed \u00a0il ragionamento svolto alla Conferenza di Pace tenutasi a Parigi nel dicembre del 1951 <strong>da Alcide De Gasperi, <\/strong>al tempo Presidente Consiglio dei ministri. In quell\u2019occasione, il leader della Democrazia Cristiana, parl\u00f2 a sei Paesi: <strong>Italia, Germania, Francia, Belgio, Olanda, Lussemburgo,<\/strong> futuri soci fondatori dell\u2019 Europa unita e nucleo di base di ogni altra e successiva aggregazione.<\/p>\n<p>Lo scopo dichiarato era quello di promuovere la \u201ccasa comune europea\u201d, risultato finale di un intenso lavoro portato avanti da A. De Gasperi assieme a Konrad Adenauer, Cancelliere Tedesco e Robert Schuman, Ministro degli Esteri Francese, tutti e tre di provenienza cattolica-cristiana. Qui la parte essenziale di quel discorso, che \u00a0risponde a tre interrogativi fondamentali: <strong>perch\u00e9, come e cosa<\/strong> <strong>fare da subito in un\u2019Europa Occidentale unificata. <\/strong><\/p>\n<p>\u00abNon si tratta di fare uno dei soliti trattati di non aggressione fra due Stati, ma soprattutto <strong>un <\/strong>trattato di pace fra gli Stati europei. Questo \u00e8 il problema principale: impedire, attraverso la costituzione di una federazione o confederazione europea, che si determinino nuovamente, ad esempio, motivi di attrito e di revanche tra la Francia e la Germania, sarebbe gi\u00e0 un grande risultato. Ma il nostro trattato si propone una m\u00e8ta pi\u00f9 alta; esso sar\u00e0 un trattato di pace perch\u00e9 poggia su uno strumento di pace, perch\u00e9 \u00e8 garantito dal fatto che<strong> <em>i Paesi membri hanno un esercito in comune<\/em><\/strong>. Questa m\u00e8ta \u00e8 tanto alta che merita ogni nostro sforzo e il conseguirla potrebbe da solo chiudere la nostra attivit\u00e0 come generazione politica. Non si tratta poi soltanto di <strong>impedire la guerra <\/strong>fra noi ma anche di <strong>formare una comunit\u00e0 di difesa<\/strong>, che abbia a suo programma non di attaccare, non di conquistare, ma solo di scoraggiare qualsiasi attacco dall\u2019esterno in odio a questa formazione dell\u2019Europa unita. L\u2019altro scopo \u00e8 di allargare la comunit\u00e0 dei beni, dei mercati, del lavoro<strong>, <\/strong>compito gigantesco, invero. Non \u00e8 possibile trovare la soluzione dei nostri <strong>problemi nell\u2019ambito nazionale<\/strong>, ed occorre trovare nuovi sbocchi, acquistare uno spazio di vita. Questi sono sforzi legittimi\u00bb.<\/p>\n<p>Questa prolusione venne poi, nell\u2019estate del \u201951, integrata da un secondo intervento del politico trentino titolato dal quotidiano il Popolo-organo di stampa della D.C. <strong>\u201cL\u2019occasione che passa e che non torner\u00e0 pi\u00f9\u201d.<\/strong> Destino gi\u00e0 predeterminato?<\/p>\n<p>I pilastri portanti degli Stati Uniti d\u2019 Europa furono cos\u00ec individuati: <strong>federazione tra gli stati<\/strong> <strong>aderenti<\/strong>, <strong>esercito comune di difesa inserito nella Nato<\/strong> e <strong>bilancio unico<\/strong>. Infine, sempre nello stesso frangente, A. De Gasperi afferm\u00f2 che l\u2019Italia \u201cera pronta a trasferire\u00a0 <strong>ampi poteri, <\/strong>purch\u00e9 gestiti democraticamente e con sicure garanzie di vita e di sviluppo\u201d. Dell\u2019intero progetto venne reso partecipe il Comandante supremo \u00a0Generale della <strong>NATO <\/strong>e futuro Presidente USA, <strong>Eisenhower Dwight David, IKE<\/strong> per i soldati, esponente del Partito repubblicano che comment\u00f2: \u201csono \u00a0convinto <strong>della necessit\u00e0<\/strong> di unificare l\u2019Europa\u201d.<\/p>\n<p>Oggi, marzo 2025, possiamo dire che dell\u2019Europa a suo tempo prospettata, poco \u00e8 stato realizzato e quel poco, <strong>a partire da chi decide cosa<\/strong>, \u00a0\u00e8 confuso. Nella seconda met\u00e0 del secolo scorso, le classi dirigenti europee e italiane, in particolare, hanno esorcizzato il problema, abbandonato il programma e archiviato l\u2019argomento, accucciandosi sotto l\u2019ombrello americano della North Atlantic Treaty Organization, <strong>NATO, <\/strong>Organizzazione del trattato Nord Atlantico, sorta il 4 aprile 1949.<\/p>\n<p><strong><em>Nella UE contano gli stakeholder \u201clocali\u201d, i Paesi membri. L\u2019Europa,\u00a0 rimanendo cos\u00ec com\u2019\u00e8, \u00e8 e sar\u00e0 sempre pi\u00f9 irrilevante a livello mondiale.\u00a0 <\/em><\/strong><\/p>\n<p>Infatti, differentemente dalla propaganda insincera, \u00a0poche e risicate sono le competenze in gestione esclusive della UE, tra queste le pi\u00f9 importanti sono: <strong>concorrenza, moneta, politica agricola<\/strong>.<\/p>\n<p>In verit\u00e0, l\u2019Unione Europea \u00e8 una fabbrica di automobili\u00a0 quotata in borsa, nel palcoscenico politico internazionale, epper\u00f2 produce solo gli specchietti retrovisori, i sedili interni e i tergicristalli.<\/p>\n<p>Una siffatta casa produttrice d\u2019auto sarebbe paragonabile ad una General Motors, Toyota, Mercedes-Benz? Assolutamente no. A ci\u00f2 si aggiunga, che tutti gli altri componenti utili al veicolo da mettere in strada, sono prodotti e consegnati alla titolare del marchio di fabbrica da singoli fornitori che decidono se, quanto, e quando devono conferire la merce. Stiamo parlando degli Stati-Nazione che rispetto alla casa madre UE, sono gli stakeholder inseriti nella catena di comando, processi decisionali, dell\u2019output comunitario. L\u2019Europa, oggi come ieri e come l\u2019altro ieri, \u00e8 una cornice dorata e pregiata di un quadro senza tela, senza dipinto da appendere al chiodino del salotto buono di casa.\u00a0 L\u2019artista \u00e8 morto anzitempo e \u00a0nessuno ha raccolto l\u2019eredit\u00e0. Tale situazione poteva <strong>-forse-<\/strong> trovare una giustificazione \u00a0durante la \u201cguerra fredda\u201d, ma dopo ?.\u00a0 Per il primo tempo, 1950-1989, il quesito non trova interlocutori dato che la gran parte\u00a0 sono defunti, per il secondo tempo, 1989-2025, anche se viventi non si assumono responsabilit\u00e0 politiche precise.<\/p>\n<p>Inoltre, tranne le attribuzioni di cui sopra, tutto il resto sono potest\u00e0 pubbliche concorrenti, partecipate, trasferibili ed affidate per l\u2019attuazione ai Paesi soci che, a loro volta, possono fare qualcosa se e qualora associati. Questi raggruppamenti temporanei-non di imprese- ma di Stati Nazionali, sono chiamati <strong>\u201ccoalizioni di volontari\u201d <\/strong>sorgono per l\u2019occorrenza e la gravit\u00e0 del momento. Secondo consuetudine, superata l\u2019urgenza e l\u2019emergenza, le aggregazioni\u00a0 cessano e ciascun stakeholder torna a curare il proprio orto di casa:\u00a0 l\u2019interesse nazionale. E quello europeo? Prossimamente se ci sar\u00e0 necessit\u00e0. Le \u201cbrigate temporanee\u201d gestiscono le funzioni pubbliche europee, \u00e0 la carte e on demand quando i soci aderenti stanno collassando. Ieri, la spinta \u00e8 stata data dall\u2019epidemia Covid2019, oggi -marzo 2025- chi vorr\u00e0, far\u00e0 parte della squadra dei volenterosi pro Ucraina contro Russia. Perch\u00e9 non rendere stabile e irreversibile l\u2019affidamento alla UE di compiti istituzionali oggi non esercitati ? Ciascun lettore chieda conto a chi ha votato per uno scranno al Parlamento italiano o europeo, qui non siamo in grado di rispondere.<\/p>\n<p>\u00c8 bizzarro sentire e vedere taluni show men-giornalisti, gente di e da spettacolo, che ipocritamente e ipercriticamente intervistano il politico di turno, domandogli perch\u00e9 la UE poco influenza e poco influisce negli accadimenti delle due\u00a0 guerre in corso, Israele-Palestinesi e \u00a0Russia-Ucraina. Sembra di assistere ad uno sketch dei tempi andati, i Fratelli De Rege: Walter Chiari e Carlo Campanini, ottimi interpreti comici.<\/p>\n<p>Ripetiamo ancora una volta, l\u2019Unione Europea non \u00e8\u00a0 (non \u00e8 mai stata) un soggetto politico, sovrano, autonomo, indipendente che, democraticamente, legifera e amministra <strong>direttamente e celermente<\/strong> quando ,cosa \u00a0e come fare per cittadini, imprese, a nome e per conto dei Paesi UE. Le Nazioni europee non lo hanno voluto.<\/p>\n<p>Peraltro, basta seguire la cronaca di questi giorni. La decisione di approvare il piano per il ri-armo dell\u2019Europa da 800 miliardi di \u20ac, proposto dalla Ursula von der Leyen a nome \u00a0della Commissione Europea, \u00e8 stata approvata dai <strong>Consiglio Europe<\/strong>, <strong>i 27 Capi di Stato e di Governo <\/strong>che allargata al presidente del Consiglio europeo e al presidente della Commissione europea, \u00e8 <strong>-di fatto<\/strong>&#8211; il Governo Europeo, la c.d. <strong>Commissione inter-governativa.<\/strong> Gli organi decisionali a Bruxelles sono quattro: <strong>Europarlamento e Commissione Europea<\/strong> espressione il primo dei cittadini-elettori, che-a sua volta- genera il secondo organismo, condizionato -per\u00f2- dal consenso-assenso dei Capi di Governo e dei Capi di Stato, quelli che possiamo definire \u00a0gli azionisti di riferimento.<\/p>\n<p>La seconda accoppiata, <strong>Consiglio Europeo<\/strong> (vedasi sopra) e <strong>Consiglio dei ministri, <\/strong>formato da un rappresentante di ciascuno Stato membro a livello ministeriale che si occupa della stessa materia a livello statale. Alla stretta finale, la Commissione ha suggerito e gli Stati Nazionali hanno deciso e l\u2019Europarlamento \u00e8 stato -di fatto- scavalcato.<\/p>\n<p>La decisione adottata \u00a0il 6 marzo scorso, \u00e8 forse una forzatura dell\u2019art.122 del Trattato UE, giuridicamente criticabile e ricorribile, ma qui poco interessa. La sostanza e la circostanza dimostrano che -ancora una volta- governance\u00a0 e processi decisionali, non appartengono agli eletti dal \u201dpopolo sovrano\u201d, quanto \u00a0alla \u201cCommissione intergovernativa\u201d, gli Stati Nazione. Cos\u00ec \u00e8 da sempre, chi risponde del tempo perso, 75 anni? Il tandem Trump\/Putin \u00e8 un disastro per noi europei; tuttavia, ha avuto il \u201cmerito\u201d di darci una forte scossa tellurica.<\/p>\n<p>Ricorriamo, ancora alla metafora dell\u2019automobile. La UE \u00e8 un veicolo condotto <strong>da due autisti<\/strong> che -di norma-, convivono, collaborano e concordano- ma se ci\u00f2 non accade e\/o se c\u2019\u00e8 urgenza vera o presunta, sono i vertici di ciascun Paese a dominare. Epper\u00f2, se qualcosa andr\u00e0 storto, sar\u00e0 l\u2019Unione Europea esposta ai \u00a0pubblici (elettorati) dei Paesi membri, a pagare dazio in termini di <strong>immagine, reputazione, affidabilit\u00e0 e gradimento<\/strong>. Il <strong>\u201cdifetto di fabbrica\u201d<\/strong> sta proprio qui, un deficit di democrazia tra rappresentati e rappresentanti, quindi, tra quest\u2019ultimi e chi decide davvero a Bruxelles, <strong>gli Stati-Nazioni. <\/strong>Del resto, la campagna elettorale per le europee, specie in Italia, non \u00e8 per discutere di \u201ccosa e come fare e stare in Europa, affrontando problemi a valenza europea\u201d. In sintesi, e in concreto, tutelare, migliorare, consolidare e sviluppare ulteriormente qualit\u00e0 della vita e servizi per cittadini ed imprese da garantite a 448 milioni di abitanti. \u00a0No, l\u2019obiettivo principale \u00e8 raccogliere il massimo del consenso per il proprio partito in Italia, da usare nel cortile di casa.<\/p>\n<p>Non a caso, A. De Gasperi pose innanzitutto la questione politica, la forma di Stato, Federazione o Confederazione, congiunta alla necessit\u00e0 di un esercito europeo e -a seguire- l\u2019aggregazione a scopo economico. Gli eventi accaduti nella realt\u00e0 hanno capovolto le priorit\u00e0. In prima battuta venne la C.E.C.A, Comunit\u00e0 Europea del Carbone e dell\u2019Acciaio-1951, poich\u00e9 la Francia aveva bocciato la Comunit\u00e0 Europea di Difesa-C.E.D. compromettendo <strong>-subito-<\/strong> uno dei due pilastri fondamentali e cos\u00ec facendo, aveva travolto e tombato anche il secondo pilastro, lo \u00a0Stato Federale, previsto come oggetto di studio \u201cfase pre-costituente\u201d dall\u2019art.38 del trattato CED. La forma federale era stata un\u2019istanza accolta da De Gasperi,\u00a0 grazie alla pressione di Altiero Spinelli e del Movimento Federalista Europeo. Il terzo pilastro, il bilancio unico, \u00e8 stato attuato, strumento necessario ma non sufficiente per l\u2019unit\u00e0 e l\u2019integrazione politica degli Stati Uniti d\u2019 Europa. Nel 2005 la Francia, in questo caso assieme all\u2019Olanda 2006, con il 54% dei primi \u00a0e il 64% dei secondi respinse il \u00abTrattato che istituisce la costituzione europea\u00bb che avrebbe migliorato i meccanismi decisionali della UE, voto a maggioranza. Il nuovo \u201cpatto\u201d, elaborato sotto l\u2019encomiabile presidenza della Commissione UE del Prof. Romano Prodi 1999-2004, sarebbe entrato in vigore nel 2009 o nel 2012. Comunque, e in particolare, non avrebbe intaccato il potere <strong>dei governi nazionali<\/strong> nei settori della difesa, della politica estera, della politica economica e della fiscalit\u00e0, perpetuando l\u2019attuale stato di debolezza dell\u2019Unione. Oggi, 2025, \u00a0siamo dove eravamo nel 1951, passi in avanti per un\u2019Europa soggetto politico a 360 gradi, player partecipe e incisivo sulla scena mondiale assieme ad altri attori \u201cmondiali\u201d, USA, Cina, Russia:\u00a0 <strong>rien de rien<\/strong>.<\/p>\n<p>Di Mr. Maga, Make America Great Again-Donald Trump senior, <strong>fracassante<\/strong> regole interne USA, convivenze internazionali consolidate e istituzioni \u00a0multilaterali a partire dal Patto Atlantico, parleremo pi\u00f9 avanti.<\/p>\n<p>Qui giova introdurre, un quarto polo mondiale presente in scena dal 2009, \u00a0oltre tre lustri or sono. L\u2019acronimo \u00e8 <strong>BRICS<\/strong>: Brasile, Russia, India, Cina,\u00a0 Sudafrica che -di recente- si \u00e8 allargato a Egitto, Emirati Arabi Uniti, Etiopia, Iran, Indonesia, partecipanti, a vario titolo, altre cinquanta\u00a0 Nazioni dell\u2019 Africa, del Sud-America, dell\u2019 Asia e dell\u2019 Europa: Serbia e Turchia. Finalit\u00e0 primaria \u00e8 la cooperazione economica e ragione specifica \u00e8 la de-dollarizzazione del pianeta. Nonostante l\u2019ampiezza della cooperazione finanziaria dei paesi BRICS e le attivit\u00e0 dei BRICS nel regno monetario sono state -finora- \u00a0sottovalutate, la posta in gioco sul lato moneta \u00e8 particolarmente alta. Il dollaro USA \u00e8 la valuta dominante nel sistema finanziario e monetario globale influenzando tanti aspetti degli affari globali. I BRICS intendono sottrarre potere e prestigio al dollaro, di conseguenza all\u2019euro, incrementando in questo modo la loro potenza e leadership a livello globale.\u00a0 Come evidenziato dal rapporto del Servizio ricerca del Parlamento europeo (UE-Eprs), questo raggruppamento politico-economico ora rappresenta <strong>3,27 miliardi di persone<\/strong>, ovvero il 41,13% della popolazione mondiale e il <strong>32% del PIL globale. <\/strong>Si segnala che Cina e Russia,\u00a0 casualmente (?) sono altres\u00ec soci fondatori di questa\u00a0 nuova potente unione planetaria che punta a sostituire i G7. Altro dettaglio, gran parte dei BRICS sono retti da regimi poco (nulla in alcuni casi) \u00a0liberal-democratici. Facile constatare, poi, che l\u2019Europa Occidentale, mollata da Mr. Maga accoppiatosi\u00a0 con\u00a0 lo zar di Russia, si trova da sola a difendere la propria frontiera, s\u00ec ma quale ? <strong>Ripetiamo,<\/strong> la UE dopo <strong>tre quarti di secolo<\/strong> di chiacchere e distintivi, \u00e8 ancora divisa e sotto-ripartita in ventisette\u00a0 \u201cnani politico-economici\u201d.<\/p>\n<p>La domanda \u00e8 che fine far\u00e0 l\u2019Europa nel terzo millennio?\u00a0 Saremo solo una\u00a0 destinazione turistico-gastronomica- culturale ?. <strong>Probabile<\/strong>. Specie in Italia, I giovani pi\u00f9 preparati e competitivi cercheranno (cercano gi\u00e0) \u00a0fortuna e migliori stipendi all\u2019estero, come fecero i loro nonni e bisnonni. Tutti gli altri potranno sempre trovare occupazione nella ristorazione, nell\u2019accoglienza turistica e museale, negli alberghi, nell\u2019industria, commercio, artigianato, agricoltura di basso valore aggiunto. Alle generazioni presenti nate dopo il duemila e a quelle successive, lasciamo un\u2019eccelletene eredit\u00e0, 50.000 \u20ac circa di debito pubblico pro-capite, pi\u00f9 una prospettiva lavorativa \u201cpregiata e pregevole\u201d da: camerieri, guide turistiche-museali, cuochi, pizzaioli, banconisti, conducenti di automezzi, \u00a0operai specializzati, salariati agricoli, impieghi dove l\u2019offerta di lavoro \u201cpovero\u201d trabocca.<\/p>\n<p>Per le libere professioni, gli impiegati, \u00a0gli insegnanti, i dipendenti della Pubblica Amministrazione, \u00a0i posti saranno sempre pi\u00f9 in diminuzione, causa: inverno demografico, mancata gestione dei flussi migratori \u00a0e -infine- la sostituzione dei lavoratori di \u201cconcetto\u201d con l\u2019intelligenza artificiale, i robot generativi, \u201cgli umanoidi\u201d, gi\u00e0 in attivit\u00e0 in diversi settori bancario, assicurativo, studi professionali, eccetera.<\/p>\n<p><strong><em>Donald Trump sr.,\u00a0 47\u00ba Presidente degli Stati Uniti, inviato da Dio per rifare grande l\u2019America, MAGA, imprenditore dichiaratosi sei volte in bancarotta, primo presidente pregiudicato con la fedina penale sporca<\/em><\/strong><strong>.\u00a0 \u00a0<\/strong><\/p>\n<p>Ohib\u00f2, ma come \u00e8 stato possibile ? Semplice, in una democrazia liberale il popolo \u00e8 \u201csovrano\u201d e vota chi gli pare. Se successivamente gli elettori si accorgono di aver sbagliato leader, la Storia dell\u2019Umanit\u00e0 insegna che, di norma, non \u00e8 consentito tornare indietro poich\u00e9 la <strong>democrazia non c\u2019\u00e8 pi\u00f9<\/strong>. Nel primo trentennio del secolo scorso, giusto per ricordare un evento, scelto il leader massimo con le regole del tempo, non \u00e8 stato pi\u00f9 possibile retrocedere, per innata ignavia delle classi dirigenti dell\u2019epoca. Issatesi al potere Mussolini \u00a0e Hitler, entrambi morirono verso la fine o appena terminata la Seconda guerra mondiale costata circa <strong>sessantotto <\/strong>milioni di vittime tra militari e civili pi\u00f9 <strong>sei <\/strong>milioni di ebrei uccisi nei lager nazisti \u00a0Pure le popolazioni dell\u2019Est Europa, credettero nei leader e nell\u2019ideologia comunista: potere al popolo, propriet\u00e0 privata furto alla collettivit\u00e0 e Stato unico proprietario dei mezzi di produzione di beni, prodotti e servizi.<\/p>\n<p>Il crollo del muro di Berlino 1989 ha certificato il fallimento di citate idee, \u00a0ideologia e leader. I documenti tratti dagli archivi sovietici, dove erano stati catalogati gli internati e i decessi, fra il 1930 ed il 1956 imperante\u00a0 Stalin, stimano i morti in 1.606.748. Tuttavia, nei campi di lavoro correttivi pi\u00f9 noti come Gulag, sono state \u201cospitate\u201d circa 18 milioni di persone, epper\u00f2 non si sa quante di queste siano tornate vive ai loro domicili .<\/p>\n<p>Oggi, la Federazione russa \u00e8 retta da Vladimir Putin gi\u00e0 spia del KGB, servizio segreto\u00a0 dell\u2019ex-URSS, Unione Repubbliche Socialiste Sovietiche. V. Putin, grazie ad una modifica costituzionale votata a larga maggioranza dal popolo, star\u00e0 in carica <strong>fino al 2039<\/strong>. Negli ultimi anni, le televisioni occidentali, mostrano il Presidente mentre si reca alla Santa Messa di Natale, un fedele e ossequiante cristiano ortodosso ligio ai sacramenti. D\u2019altro canto, la Chiesa Cristiano Ortodossa Moscovita, ha benedetto la guerra contro l\u2019Ucraina e confida nel ritorno alla Grande Madre Russia esistente al tempo dell\u2019Impero zarista possibilmente con i territori del tempo che fu. Si sa, l\u2019orologio \u00e8 andato avanti ed alcune Nazioni confinanti con la Russia hanno -nel frattempo- scelto di propria volont\u00e0 \u00a0la NATO e aderito all\u2019Unione Europea. \u00a0Il neo zar V. Putin vorr\u00e0 riprendersele? Al quesito \u00a0potrebbero\u00a0 rispondere i pacifisti nostrani, per capirci, \u00a0<strong>Giuseppe Conte, Matteo Salvini e Michele Santoro<\/strong> accomunati -notoriamente- da un idem sentire e dalla medesima visione politica dell\u2019Europa.<\/p>\n<p>Se il Capo del Cremlino \u00e8 un buon cristiano, Capelli Giallo-Ocra-Platino alla Casa Bianca non \u00e8 da meno . Ogni riunione del Consiglio dei ministri, \u00e8 preceduto da una preghiera recitata dall\u2019ex pastore Scott Turner, Segretario della Casa e dello Sviluppo Urbano, che benedicente gli astanti, tra l\u2019altro, dice:\u201c&#8221;\u2026Dio ti ringraziamo per averci permesso di vedere. Grazie Dio per averci dato il presidente Trump\u201d.<\/p>\n<p>Non \u00e8 folklore, \u00a0sono accadimenti da non sminuire n\u00e9 banalizzare. Quando l\u2019uomo pi\u00f9 \u201celevato\u201d della terra, si ritiene un \u201cinviato da Dio\u201d o egli pensa, sul serio, che la legittimazione della sua autorit\u00e0 deriva da Dio oppure siamo su \u201cScherzi a parte\u201d un\u2019americanata per i followers. Oppure e viceversa, sa che l\u00ec dove sta l\u2019ha \u201cinviato e a maggioranza\u201d l\u2019elettorato in carne ed ossa. \u00a0Tertium non datur, non c\u2019\u00e8 una terza opzione. Se la prima opzione \u00e8 quella in cui Mr. MAGA crede fermamente, egli sa e vuole agire legibus solutus, sciolto da ogni vincolo costituzionale e legale. \u00a0In questo secondo contesto, la conclusione viene da s\u00e9. Il regime pi\u00f9 simile all\u2019attuale \u201crealt\u00e0 statunitense\u201d \u00e8 quello \u00a0monarchico-assoluto. Al tempo di Luigi XIV di Borbone, detto il Re Sole, \u00a0era il sovrano ad esercitare tutti i poteri, esecutivo, legislativo e giudiziario, coadiuvato da ministri o altri funzionari da lui nominati senza condizionamento alcuno. Le Roi Soleil al di sopra della legge poteva dire\u00a0 \u201c<strong>L&#8217;\u00c9tat, c&#8217;est moi<\/strong>\u00a0-Lo Stato sono io&#8221;.<\/p>\n<p>Forse, stiamo vivendo in diretta, \u00a0la proiezione di ci\u00f2 che ci aspetta<strong>, il medioevo prossimo futuro <\/strong>e tanti segnali -in tale cirezione- sono gi\u00e0 presenti in Italia.<\/p>\n<p>I fatti , per\u00f2, stanno a testimoniare che il sistema democratico americano, prima di tirar le cuoia, sta recalcitrando, resistendo, reagendo attivando gli anticorpi e i contrappesi fissati\u00a0 nella Costituzione Federale entrata in vigore nel 1789. \u00a0In Europa, nello stesso anno, la Rivoluzione francese ghigliottinava monarca, aristocratici e alti chierici . Il potere assoluto incorporato nella persona del re venne ripartito in tre poteri distinti e autonomi: esecutivo, legislativo, giudiziario, i primi due esercitati dal popolo sovrano tramite \u00a0propri eletti e il terzo affidato ad un ordine specializzato, ma non elettivo. Tutti e tre, poi, restano sottoposti alla legge che vale per tutti. Tale regola fondamentale per le democrazie liberali, oggi, sta fortemente traballando\u00a0 nel mondo occidentale, Nord-America-Europa, considerato che chi ha vinto le elezioni vuole pigliarsi tutto.<\/p>\n<p>Tuttavia, negli States, diversi giudici federali hanno impugnato, sospeso, bocciato oltre una decina\u00a0 di esecutive order, decisioni presidenziali immediatamente esecutive , ma non per questo immuni da ricorsi e bocciature. Tra queste citiamo, la permanenza dello ius soli, chance di diventare cittadino americano se si \u00e8 nati in territorio USA, la salvaguardia dei diritti \u00a0transgender e \u00a0di quelli generativi delle donne, accorgimento delle immigrazioni illegali, garanzie sulla privacy nell\u2019 accesso ai dati sensibili, cessazione temporanea del rimpatrio dei messicani. Tutti ricordiamo la triste fila di messicani \u00a0con le catene ai piedi, avviati verso l\u2019imbarco in un Boeing per ri-portarli \u201c a casa loro\u201d. Ebbene, tutto \u00e8 sospeso, considerate le pressioni delle imprese\u00a0 americane alle quali i messicani <strong>\u201cservono\u201d.<\/strong> Mai saremo informati da Fox news, emittente pro- D.T., quando il venti milionesimo messicano sar\u00e0 stato espatriato, per la semplice ragione che ci\u00f2 non accadr\u00e0, anche se l\u2019effetto \u201cpromessa mantenuta !\u201d \u00e8 gi\u00e0 stato acquisito il 23 gennaio scorso in mondovisione. Altro provvedimento impugnato, riguarda i quarantatr\u00e9 milioni di studenti universitari beneficiari del \u201cdebito studentesco\u201d. Uno speciale credito d\u2019onore per chi, senza mezzi economici, pu\u00f2 (poteva) frequentare l\u2019universit\u00e0. Il Presidente-Imperiale, ha deciso di non finanziare pi\u00f9 il fondo statale dedicato. Per far capire chi \u201ccomanda\u201d, sta \u00a0penalizzando tutte le Universit\u00e0\u00a0 tolleranti verso gli studenti che pensano e manifestano pro Palestina.<\/p>\n<p>Oltre ai giudici, pure \u00a0la societ\u00e0 civile si \u00e8 messa in marcai contro Trusk.<\/p>\n<p>Dal giorno del suo insediamento 20 gennaio scorso, in oltre cento citt\u00e0\u00a0 si sono svolte proteste per esprimere l\u2019opposizione ai tagli governativi operati da \u00a0Mr. Maga\u00a0 e dal suo pi\u00f9 caro e stretto amico \u00a0<strong>\u201cFirst Buddy\u201d,<\/strong> il miliardario Elon Musk. Nei cortei lo slogan pi\u00f9 ripetuto \u00e8 <strong>\u201cNiente Re, Niente Tiranni<\/strong>\u201d. Finora \u00a0poche decine di migliaia di contestatori, epper\u00f2 sono in aumento il numero e di manifestazioni e di partecipazione popolare nelle piazze e nelle strade. A novembre del prossimo anno si terranno le elezioni di medio termine, allora si vedr\u00e0 se l\u2019acronimo Trusk avr\u00e0 al Congresso il medesimo numero di parlamentari di novembre 2024.<\/p>\n<p>I giudici trovano ragioni di sospensione\/bocciature degli ultimatum trumpiani, le proteste popolari \u00a0per i diritti civili negati e per la diminuzione del budget federale a favore dei servizi pubblici, nel contempo dubbi e perplessit\u00e0 sulla politica economica in particolare e in quella generale serpeggiano nelle \u00e9lite.<\/p>\n<p>In proposito, Washington Post, giornale conservatore, del 12 marzo evidenzia che: \u201c<em>Il piano Marshall non fu progettato per estrarre ricchezze dai nostri alleati, ma per costruire le ricchezze dell\u2019Europa\u2026. La decisione di Donald Trump di rimproverare pubblicamente, il Presidente dell\u2019Ucraina Zelensky nello studio ovale, ha stracciato il libro delle regole. Trump non <strong>\u00e8 interessato a costruire alleanze o<\/strong> <strong>alla leadership globale dell\u2019America<\/strong>, alla base c\u2019\u00e8 il fatto che egli vede gli altri Paesi come un <strong>immobiliarista predatore <\/strong>vede un determinato appezzamento di terreno, come un\u2019altra opportunit\u00e0 di sfruttamento. Senza dubbio, la svolta americana verso questo <strong>atteggiamento predatorio<\/strong> \u00a0porter\u00e0 ad ogni sorta di ramificazioni secondaria\u201d<\/em> Inoltre, l\u2019agenzia britannica Reuters, molto seguita negli USA, nello stesso giorno segnala che il \u00a0\u201c<em>mercato azionario statunitense perde <strong>quattromila miliardi<\/strong> di dollari rispetto a febbraio\u201d<\/em> e il sistema USA si sta avviando \u00a0verso\u00a0 una recessione economica. Tutto questo \u00e8 causato dall\u2019incertezza nella politica dei dazi annunciati e poi nel giro di poco tempo, a volte ore, smentiti. Il costante e continuo terremoto nelle relazioni commerciali, Messico e Canada gli ultimi casi, \u00e8 mal digerito dalle multinazionali quotate in borsa, dagli investitori, dalle imprese e dai consumatori. In questa direzione i cittadini canadesi, per una giornata si sono astenuti dall\u2019acquistare prodotti americana nei mega-store, risultato un danno di 238 milioni di $. Esempio che potremo seguire anche in Italia, due settimane di astensione per Coca-Cola, Tesla e abbandono di X, ex Twitter. In U.K.-Gran Bretagna, il quotidiano\u00a0 \u201cThe Guardian\u201d ha deciso di abbandonare il social media di propriet\u00e0 di Elon Musk a causa dei suoi contenuti \u201cnegativi, offensivi\u2026\u00e8 una piattaforma tossica\u201d dato che \u00ab<strong>Musk usa la sua influenza per modellare condizionare il dibattito politico\u00bb<\/strong>. The Guardian, quotidiano di orientamento progressista, conta pi\u00f9 di 80 profili su X con circa <strong>27 milioni di follower<\/strong>. I principali quotidiani italiani e le tre \u00a0emittenti nazionali possono, se vorranno, essere d\u2019esempio per milioni di loro lettori e telespettatori.<\/p>\n<p>Prima annunciati e poi momentaneamente azzerati i dazi al Canada , su acciaio e alluminio, l \u2018instabile Mr. Maga ha deciso di applicare dal 12 marzo un \u00a025% per le stesse materie in entrata\u00a0 negli\u00a0 USA e provenienti dalla UE che- a sua volta- ha controbattuto con un % \u00a0identica. Il danno commerciale statunitense , provocato e stimato, \u00e8 pari a 28 miliardi di $ corrispondenti 26 miliardi di \u20ac: \u201cLe nostre contromisure saranno introdotte in due fasi. A partire dal 1\u00b0 aprile e pienamente operative dal 13 aprile&#8221;, firmato Ursula von der Leyen. Sul Wall Street Journal, altro quotidiano conservatore, in edicola e nel web dell\u201911 marzo scorso, \u00a0la disfida dei dazi era cos\u00ec definita: \u201c <strong>la pi\u00f9 stupida guerra commerciale di tutti i tempi\u00bb. <\/strong><\/p>\n<p>Tuttavia<strong>, <\/strong>qui siamo e questo \u00e8 l\u2019interlocutore scelto dal \u201cpopolo sovrano\u201d statunitense: visione da immobiliarista, istinto da predatore, comportamento \u00a0arrogante e amorale, senza valori etici di qualsiasi genere.<\/p>\n<p>L\u2019analisi fin qui condotta, ha messo in evidenza: <strong>a) De Gasperi<\/strong>: UE come Stato Unitario, dotata di esercito e pacchetto di competenze proprie, <strong>b)<\/strong> fragilit\u00e0 dell\u2019odierna UE, automobile \u00a0guidata <strong>da due autisti<\/strong>, nelle decisioni importanti, prevale il conducente che rappresenta \u00a0gli Stati Nazionali, <strong>c)<\/strong> USA <strong>alleati <\/strong>della Russia, <strong>d)<\/strong> vigente configurazione <strong>geo-politica<\/strong>, i quattro poli <strong>dominanti<\/strong>: USA, Russia (Grande Madre Russia), Cina, BRICS e <strong>l\u2019Europa Occidentale ??<\/strong><\/p>\n<p><strong>Il piano \u201cRe-Arm\u201dUE da 800 miliardi di \u20ac , sono \u201csoldi buttati via- Romano Prodi\u201d se non si procede verso l\u2019integrazione europea iniziando da affari esteri e difesa, da subito.<\/strong><\/p>\n<p>Il prof. Romano Prodi, unico italiano \u00a0Presidente della Commissione Europea, in una lunga intervista spiega bene il problema :&#8221;Non sono mai stato un guerrafondaio \u2013 Rai news di oggi &#8211; ma questa \u00e8 la condizione in cui ci tocca vivere. Si \u00e8 chiuso l&#8217;ombrello della Nato, <strong>dobbiamo difenderci da soli<\/strong>. Ma voglio che questo sia solo un primo passo: se aumentiamo le spese militari senza organizzare una politica estera e una difesa comune, <strong>sono soldi buttati via<\/strong>&#8220;.<\/p>\n<p>Probabilmente,\u00a0 Alcide De Gasperi in Paradiso da decenni e in attesa di beatificazione, leggendo queste affermazioni si sar\u00e0 detto : \u201c Bravo il Prof. Romani Prodi ! Finalmente qualcuno che riprende \u00a0il percorso attivato dall\u2019 Italia con il Trattato della Comunit\u00e0 Europea di Difesa approvato, poi, in sei Parlamenti Nazionali\u201d e successivamente bocciato dalla Francia perch\u00e9 risultava indigesto e indigeribile l\u2019art. 38 dell\u2019accordo. All\u2019archivio storico, \u00e8 lo stesso Paese, , \u00a0che nel 2005 assieme all\u2019Olanda nel 2006, come sopra segnalato, ostacol\u00f2 una seconda volta \u00a0il processo d\u2019integrazione europea. Oggi, la Francia ha cambiato idea e offre la \u201cprotezione nucleare\u201d a servizio dell\u2019UE. Non \u00e8 sufficiente. Deve mettere a disposizione anche il posto che occupa nel direttivo ristretto dell\u2019ONU, un modesto risarcimento per oltre sette decadi fatti perdere e causa principale della mancata integrazione politica europea, configurata come Stato Federale.<\/p>\n<p>Epper\u00f2, il grande statista trentino, parlando tra s\u00e9 e s\u00e9 , continua \u201cCaro Romano,\u00a0 all\u2019epoca, avevo di fronte sei Nazioni, con confini geo-politici certi e certificati e conseguenti eserciti, potreste tu e il resto della compagnia, far la conta, giusto per non perdere altre decine d\u2019anni e non sperperare 800 miliardi in \u00a027 centri di spesa nazionali, quanti Paesi vogliono marciare a tappe forzate verso un\u2019Europa, politica, libera, pacifica e equa ?\u201d Il suggerimento \u00e8 che, \u201cfatta la conta\u201d chi ci sta, ci sta; le restanti Nazioni potranno rimanere nello spazio economico europea battente moneta euro.<\/p>\n<p>Riflessione necessaria e opportuna da condividere appieno. Di conseguenza, tradotto nella realt\u00e0 del terzo millennio, significa assumere decisioni irrevocabili che trasferiscano precise competenze di ciascun Stato Nazionale all\u2019Unione Europea. In altre parole , le attribuzioni statali da devolvere sono quelle indicate nel titolo di questo articolo che, a ben osservare,\u00a0 interagiscono, completano -in modo sistemico- l\u2019obietti dichiarato e da cogliere: l\u2019esercito europeo garante di pace e sicurezza. Per non prendere in giro, per i prossimi 75 anni, n\u00e9 gli elettori europei, n\u00e9 \u00a0ancora Alcide De Gasperi, occorre, al pi\u00f9 presto, predisporre programma,\u00a0 con scadenze temporali pre-fissate, ponendo a sistema: l\u2019apparato bellico in dotazione, le aziende produttrici di armi, le piattaforme logistiche e gli organigrammi dirigenziali delle Forze Armate.<\/p>\n<p>Le cronache raccontano che \u00e8 in allestimento l\u2019usuale \u201ccoalizione di volenterosi\u201d (la solita brigata temporanea) \u00a0a guida\u00a0 franco-britannica-tedesca. Il popolo italiano \u00a0\u00e8 pacifista, a prescindere, tuttalpi\u00f9 se proprio costretti, vicenda Ucraina insegna, preferiamo l\u2019opzione \u201carmiamoli e vadano loro al fronte\u201d, noi difendiamo i confini dell\u2019Occidente stando \u201c a casa nostra\u201d, discutendone in famiglia, al bar e nei talk-show. \u00a0\u201cVai avanti tu, che a me vien da ridere\u201d, motto insito nel DNA nazional-popolare.<\/p>\n<p>Tuttavia, il traguardo indicatoci dall\u2019accoppiata Alcide De Gasperi, 1951, Romano Prodi, 2025, merita un\u2019appropriata meditazione e un qualche apprezzamento, comprendendo -bene- i concetti e le premesse espressi da entrambi.<\/p>\n<p>15 marzo 2025\u00a0\u00a0\u00a0\u00a0\u00a0 \u00a0\u00a0\u00a0\u00a0\u00a0\u00a0\u00a0\u00a0\u00a0\u00a0\u00a0\u00a0\u00a0\u00a0\u00a0\u00a0\u00a0\u00a0\u00a0\u00a0\u00a0\u00a0\u00a0\u00a0\u00a0\u00a0\u00a0\u00a0\u00a0\u00a0\u00a0\u00a0\u00a0\u00a0\u00a0\u00a0\u00a0\u00a0\u00a0\u00a0\u00a0\u00a0\u00a0\u00a0\u00a0\u00a0\u00a0\u00a0\u00a0\u00a0\u00a0\u00a0\u00a0\u00a0\u00a0\u00a0\u00a0\u00a0\u00a0\u00a0\u00a0\u00a0\u00a0\u00a0\u00a0\u00a0\u00a0\u00a0\u00a0\u00a0\u00a0\u00a0\u00a0\u00a0\u00a0\u00a0\u00a0\u00a0\u00a0\u00a0\u00a0\u00a0\u00a0\u00a0\u00a0\u00a0\u00a0\u00a0\u00a0\u00a0\u00a0\u00a0\u00a0\u00a0\u00a0\u00a0\u00a0\u00a0\u00a0\u00a0\u00a0\u00a0\u00a0\u00a0\u00a0\u00a0\u00a0\u00a0\u00a0\u00a0\u00a0\u00a0\u00a0\u00a0\u00a0\u00a0\u00a0\u00a0Enzo De Biasi<\/p>\n<p>&nbsp;<\/p>\n<p>Fonti:<\/p>\n<p><a href=\"https:\/\/www.lanostrapatriaeuropa.org\/de-gasperi-e-la-ced\/cronologia\/27-30-dicembre-1951-de-gasperi-alla-conferenza-dellesercito-europeo-dalla-difesa-allunione-politica\/\">https:\/\/www.lanostrapatriaeuropa.org\/de-gasperi-e-la-ced\/cronologia\/27-30-dicembre-1951-de-gasperi-alla-conferenza-dellesercito-europeo-dalla-difesa-allunione-politica\/<\/a> \u00a0A. De Gasperi<\/p>\n<p><a href=\"https:\/\/www.lanostrapatriaeuropa.org\/de-gasperi-e-la-ced\/cronologia\/10-dicembre-1951-discorso-di-de-gasperi-allassemblea-del-consiglio-deuropa-loccasione-che-passa\/\">https:\/\/www.lanostrapatriaeuropa.org\/de-gasperi-e-la-ced\/cronologia\/10-dicembre-1951-discorso-di-de-gasperi-allassemblea-del-consiglio-deuropa-loccasione-che-passa\/<\/a>\u00a0 A. De Gasperi,<\/p>\n<p><a href=\"https:\/\/www.laportadivetro.com\/post\/alcide-de-gasperi-sar%C3%A0-beato\">https:\/\/www.laportadivetro.com\/post\/alcide-de-gasperi-sar%C3%A0-beato<\/a> A. De Gasperi, sar\u00e0 beato\u00a0?<\/p>\n<p><a href=\"https:\/\/www.repubblica.it\/politica\/2025\/02\/18\/video\/draghileuropa_deve_fare_presto_e_agire_come_un_unico_stato_una_sfida_senza_precedenti-424011765\/\">https:\/\/www.repubblica.it\/politica\/2025\/02\/18\/video\/draghileuropa_deve_fare_presto_e_agire_come_un_unico_stato_una_sfida_senza_precedenti-424011765\/<\/a>\u00a0 Mario Draghi<\/p>\n<p><a href=\"https:\/\/www.ansa.it\/sito\/notizie\/mondo\/nordamerica\/2025\/01\/20\/trump-io-salvato-da-dio-per-rendere-lamerica-di-nuovo-grande_19ab302f-abe3-4a14-89bc-cd813953a96b.html\">https:\/\/www.ansa.it\/sito\/notizie\/mondo\/nordamerica\/2025\/01\/20\/trump-io-salvato-da-dio-per-rendere-lamerica-di-nuovo-grande_19ab302f-abe3-4a14-89bc-cd813953a96b.html<\/a> \u00a0Trump inviato da DIO<\/p>\n<p><a href=\"https:\/\/www.ansa.it\/sito\/notizie\/mondo\/2025\/01\/10\/nessuna-pena-per-trump-ma-la-sua-fedina-penale-e-sporca_68b83d51-e4f2-4c00-be4c-9c93e72d0911.html\">https:\/\/www.ansa.it\/sito\/notizie\/mondo\/2025\/01\/10\/nessuna-pena-per-trump-ma-la-sua-fedina-penale-e-sporca_68b83d51-e4f2-4c00-be4c-9c93e72d0911.html<\/a>\u00a0 Fedina \u00a0TRUMP<\/p>\n<p><a href=\"https:\/\/www.cdt.ch\/news\/mondo\/imprenditore-uomo-di-spettacolo-e-presidente-usa-per-due-volte-le-molte-vite-di-trump-369074\">https:\/\/www.cdt.ch\/news\/mondo\/imprenditore-uomo-di-spettacolo-e-presidente-usa-per-due-volte-le-molte-vite-di-trump-369074<\/a> Trump sei volte in bancarotta,<\/p>\n<p><a href=\"https:\/\/www.corriere.it\/economia\/finanza\/25_gennaio_22\/criptovalute-quel-tesoro-di-donald-e-melania-trump-ma-c-e-conflitto-di-interessi-6ca8516c-782a-4c33-aa08-dcf191c48xlk.shtml\">https:\/\/www.corriere.it\/economia\/finanza\/25_gennaio_22\/criptovalute-quel-tesoro-di-donald-e-melania-trump-ma-c-e-conflitto-di-interessi-6ca8516c-782a-4c33-aa08-dcf191c48xlk.shtml<\/a> operazione meme coin \u00a0di Trump<\/p>\n<p><a href=\"https:\/\/www.europarl.europa.eu\/doceo\/document\/RC-10-2025-0146_IT.html\">https:\/\/www.europarl.europa.eu\/doceo\/document\/RC-10-2025-0146_IT.html<\/a>\u00a0 Re Arm<\/p>\n<p><a href=\"https:\/\/it.wikipedia.org\/wiki\/BRICS\">https:\/\/it.wikipedia.org\/wiki\/BRICS<\/a> i BRICS<\/p>\n<p><a href=\"https:\/\/www.economia-italia.com\/brics-obiettivo-de-dollarizzazione-sistema-finanziario-mondiale\">https:\/\/www.economia-italia.com\/brics-obiettivo-de-dollarizzazione-sistema-finanziario-mondiale<\/a> Brics<\/p>\n<p><a href=\"https:\/\/euroborsa.it\/dazi-canada-resilienza.aspx\">https:\/\/euroborsa.it\/dazi-canada-resilienza.aspx<\/a> Canada rifiuta acquisto merce USA<\/p>\n<p><a href=\"https:\/\/www.rainews.it\/articoli\/2025\/03\/accusa-di-prodi-armi-indispensabili-ma-per-la-pace-europa-non-ha-fatto-nulla-6767526b-8cf8-4191-a572-7a1a8274586e.html\">https:\/\/www.rainews.it\/articoli\/2025\/03\/accusa-di-prodi-armi-indispensabili-ma-per-la-pace-europa-non-ha-fatto-nulla-6767526b-8cf8-4191-a572-7a1a8274586e.html<\/a> RAI News intervista Romano Prodi dal \u201c Il Fatto Quotidiano del15 02 2025\u201d<\/p>\n<p><a href=\"https:\/\/european-union.europa.eu\/index_it\">https:\/\/european-union.europa.eu\/index_it<\/a> sito ufficiale della UE<\/p>\n<p><a href=\"https:\/\/ilgiornaledelveneto.it\/fallimento-dellautonomia-differenziata-e-inutilita-del-premierato\/\">https:\/\/ilgiornaledelveneto.it\/fallimento-dellautonomia-differenziata-e-inutilita-del-premierato\/<\/a> competenze attuali Unione Europea<\/p>\n<p>&nbsp;<\/p>\n<p>&nbsp;<\/p>","protected":false},"excerpt":{"rendered":"<p>Per un\u2019Unione Europea con Stato Federale, Esercito Unico, Poteri in Affari \u00a0Esteri, Difesa, Fiscalit\u00e0, Ambiente, Sanit\u00e0 \u00a0e Infrastrutture materiali ed immateriali. Il piano Re-Arm\u201d UE da 800 miliardi di \u20ac, sono &#8220;soldi buttati via&#8221; (Romano Prodi), se non si fa l\u2019Europa Politica con &#8211; da subito &#8211; Politica Estera e Difesa. Boicottiamo le merci made [&hellip;]<\/p>\n","protected":false},"author":2,"featured_media":121061,"comment_status":"closed","ping_status":"open","sticky":false,"template":"","format":"standard","meta":{"footnotes":""},"categories":[5,26],"tags":[],"class_list":["post-158630","post","type-post","status-publish","format-standard","has-post-thumbnail","category-cronaca","category-prima-pagina"],"yoast_head":"<!-- This site is optimized with the Yoast SEO plugin v28.4 - https:\/\/yoast.com\/product\/yoast-seo-wordpress\/ -->\n<title>Reset Europe, ripartire da De Gasperi  * di Enzo De Biasi - Bellunopress - Dolomiti<\/title>\n<meta name=\"robots\" content=\"index, follow, max-snippet:-1, max-image-preview:large, max-video-preview:-1\" \/>\n<link rel=\"canonical\" href=\"https:\/\/www.bellunopress.it\/fr\/2025\/03\/15\/reset-europe-ripartire-da-de-gasperi-di-enzo-de-biasi\/\" \/>\n<meta property=\"og:locale\" content=\"fr_FR\" \/>\n<meta property=\"og:type\" content=\"article\" \/>\n<meta property=\"og:title\" content=\"Reset Europe, ripartire da De Gasperi  * di Enzo De Biasi - Bellunopress - Dolomiti\" \/>\n<meta property=\"og:description\" content=\"Per un\u2019Unione Europea con Stato Federale, Esercito Unico, Poteri in Affari \u00a0Esteri, Difesa, Fiscalit\u00e0, Ambiente, Sanit\u00e0 \u00a0e Infrastrutture materiali ed immateriali. Il piano Re-Arm\u201d UE da 800 miliardi di \u20ac, sono &#8220;soldi buttati via&#8221; (Romano Prodi), se non si fa l\u2019Europa Politica con &#8211; da subito &#8211; Politica Estera e Difesa. Boicottiamo le merci made [&hellip;]\" \/>\n<meta property=\"og:url\" content=\"https:\/\/www.bellunopress.it\/fr\/2025\/03\/15\/reset-europe-ripartire-da-de-gasperi-di-enzo-de-biasi\/\" \/>\n<meta property=\"og:site_name\" content=\"Bellunopress - Dolomiti\" \/>\n<meta property=\"article:publisher\" content=\"https:\/\/www.facebook.com\/profile.php?id=100008943462799\" \/>\n<meta property=\"article:published_time\" content=\"2025-03-15T16:00:50+00:00\" \/>\n<meta property=\"article:modified_time\" content=\"2025-03-17T08:21:18+00:00\" \/>\n<meta property=\"og:image\" content=\"https:\/\/www.bellunopress.it\/wp-content\/uploads\/2021\/01\/Unione-Europea_edited.jpg\" \/>\n\t<meta property=\"og:image:width\" content=\"1000\" \/>\n\t<meta property=\"og:image:height\" content=\"668\" \/>\n\t<meta property=\"og:image:type\" content=\"image\/jpeg\" \/>\n<meta name=\"author\" content=\"redazione\" \/>\n<meta name=\"twitter:card\" content=\"summary_large_image\" \/>\n<meta name=\"twitter:creator\" content=\"@bellunopress\" \/>\n<meta name=\"twitter:site\" content=\"@bellunopress\" \/>\n<meta name=\"twitter:label1\" content=\"\u00c9crit par\" \/>\n\t<meta name=\"twitter:data1\" content=\"redazione\" \/>\n\t<meta name=\"twitter:label2\" content=\"Dur\u00e9e de lecture estim\u00e9e\" \/>\n\t<meta name=\"twitter:data2\" content=\"26 minutes\" \/>\n<script type=\"application\/ld+json\" class=\"yoast-schema-graph\">{\"@context\":\"https:\\\/\\\/schema.org\",\"@graph\":[{\"@type\":\"Article\",\"@id\":\"https:\\\/\\\/www.bellunopress.it\\\/2025\\\/03\\\/15\\\/reset-europe-ripartire-da-de-gasperi-di-enzo-de-biasi\\\/#article\",\"isPartOf\":{\"@id\":\"https:\\\/\\\/www.bellunopress.it\\\/2025\\\/03\\\/15\\\/reset-europe-ripartire-da-de-gasperi-di-enzo-de-biasi\\\/\"},\"author\":{\"name\":\"redazione\",\"@id\":\"https:\\\/\\\/www.bellunopress.it\\\/#\\\/schema\\\/person\\\/79bb06722b37ece1c03d3e94beb30d73\"},\"headline\":\"Reset Europe, ripartire da De Gasperi * di Enzo De Biasi\",\"datePublished\":\"2025-03-15T16:00:50+00:00\",\"dateModified\":\"2025-03-17T08:21:18+00:00\",\"mainEntityOfPage\":{\"@id\":\"https:\\\/\\\/www.bellunopress.it\\\/2025\\\/03\\\/15\\\/reset-europe-ripartire-da-de-gasperi-di-enzo-de-biasi\\\/\"},\"wordCount\":5286,\"publisher\":{\"@id\":\"https:\\\/\\\/www.bellunopress.it\\\/#organization\"},\"image\":{\"@id\":\"https:\\\/\\\/www.bellunopress.it\\\/2025\\\/03\\\/15\\\/reset-europe-ripartire-da-de-gasperi-di-enzo-de-biasi\\\/#primaryimage\"},\"thumbnailUrl\":\"https:\\\/\\\/www.bellunopress.it\\\/wp-content\\\/uploads\\\/2021\\\/01\\\/Unione-Europea_edited.jpg\",\"articleSection\":[\"Cronaca\\\/Politica\",\"Prima Pagina\"],\"inLanguage\":\"fr-FR\"},{\"@type\":\"WebPage\",\"@id\":\"https:\\\/\\\/www.bellunopress.it\\\/2025\\\/03\\\/15\\\/reset-europe-ripartire-da-de-gasperi-di-enzo-de-biasi\\\/\",\"url\":\"https:\\\/\\\/www.bellunopress.it\\\/2025\\\/03\\\/15\\\/reset-europe-ripartire-da-de-gasperi-di-enzo-de-biasi\\\/\",\"name\":\"Reset Europe, ripartire da De Gasperi * di Enzo De Biasi - Bellunopress - Dolomiti\",\"isPartOf\":{\"@id\":\"https:\\\/\\\/www.bellunopress.it\\\/#website\"},\"primaryImageOfPage\":{\"@id\":\"https:\\\/\\\/www.bellunopress.it\\\/2025\\\/03\\\/15\\\/reset-europe-ripartire-da-de-gasperi-di-enzo-de-biasi\\\/#primaryimage\"},\"image\":{\"@id\":\"https:\\\/\\\/www.bellunopress.it\\\/2025\\\/03\\\/15\\\/reset-europe-ripartire-da-de-gasperi-di-enzo-de-biasi\\\/#primaryimage\"},\"thumbnailUrl\":\"https:\\\/\\\/www.bellunopress.it\\\/wp-content\\\/uploads\\\/2021\\\/01\\\/Unione-Europea_edited.jpg\",\"datePublished\":\"2025-03-15T16:00:50+00:00\",\"dateModified\":\"2025-03-17T08:21:18+00:00\",\"breadcrumb\":{\"@id\":\"https:\\\/\\\/www.bellunopress.it\\\/2025\\\/03\\\/15\\\/reset-europe-ripartire-da-de-gasperi-di-enzo-de-biasi\\\/#breadcrumb\"},\"inLanguage\":\"fr-FR\",\"potentialAction\":[{\"@type\":\"ReadAction\",\"target\":[\"https:\\\/\\\/www.bellunopress.it\\\/2025\\\/03\\\/15\\\/reset-europe-ripartire-da-de-gasperi-di-enzo-de-biasi\\\/\"]}]},{\"@type\":\"ImageObject\",\"inLanguage\":\"fr-FR\",\"@id\":\"https:\\\/\\\/www.bellunopress.it\\\/2025\\\/03\\\/15\\\/reset-europe-ripartire-da-de-gasperi-di-enzo-de-biasi\\\/#primaryimage\",\"url\":\"https:\\\/\\\/www.bellunopress.it\\\/wp-content\\\/uploads\\\/2021\\\/01\\\/Unione-Europea_edited.jpg\",\"contentUrl\":\"https:\\\/\\\/www.bellunopress.it\\\/wp-content\\\/uploads\\\/2021\\\/01\\\/Unione-Europea_edited.jpg\",\"width\":1000,\"height\":668,\"caption\":\"Parlamento Europeo - Strasburgo\"},{\"@type\":\"BreadcrumbList\",\"@id\":\"https:\\\/\\\/www.bellunopress.it\\\/2025\\\/03\\\/15\\\/reset-europe-ripartire-da-de-gasperi-di-enzo-de-biasi\\\/#breadcrumb\",\"itemListElement\":[{\"@type\":\"ListItem\",\"position\":1,\"name\":\"Home\",\"item\":\"https:\\\/\\\/www.bellunopress.it\\\/\"},{\"@type\":\"ListItem\",\"position\":2,\"name\":\"Reset Europe, ripartire da De Gasperi * di Enzo De Biasi\"}]},{\"@type\":\"WebSite\",\"@id\":\"https:\\\/\\\/www.bellunopress.it\\\/#website\",\"url\":\"https:\\\/\\\/www.bellunopress.it\\\/\",\"name\":\"Bellunopress - Dolomiti\",\"description\":\"e-mail: redazione@bellunopress.it\",\"publisher\":{\"@id\":\"https:\\\/\\\/www.bellunopress.it\\\/#organization\"},\"potentialAction\":[{\"@type\":\"SearchAction\",\"target\":{\"@type\":\"EntryPoint\",\"urlTemplate\":\"https:\\\/\\\/www.bellunopress.it\\\/?s={search_term_string}\"},\"query-input\":{\"@type\":\"PropertyValueSpecification\",\"valueRequired\":true,\"valueName\":\"search_term_string\"}}],\"inLanguage\":\"fr-FR\"},{\"@type\":\"Organization\",\"@id\":\"https:\\\/\\\/www.bellunopress.it\\\/#organization\",\"name\":\"Bellunopress\",\"url\":\"https:\\\/\\\/www.bellunopress.it\\\/\",\"logo\":{\"@type\":\"ImageObject\",\"inLanguage\":\"fr-FR\",\"@id\":\"https:\\\/\\\/www.bellunopress.it\\\/#\\\/schema\\\/logo\\\/image\\\/\",\"url\":\"https:\\\/\\\/www.bellunopress.it\\\/wp-content\\\/uploads\\\/2011\\\/05\\\/cropped-logo-bellunopress-.jpg\",\"contentUrl\":\"https:\\\/\\\/www.bellunopress.it\\\/wp-content\\\/uploads\\\/2011\\\/05\\\/cropped-logo-bellunopress-.jpg\",\"width\":512,\"height\":512,\"caption\":\"Bellunopress\"},\"image\":{\"@id\":\"https:\\\/\\\/www.bellunopress.it\\\/#\\\/schema\\\/logo\\\/image\\\/\"},\"sameAs\":[\"https:\\\/\\\/www.facebook.com\\\/profile.php?id=100008943462799\",\"https:\\\/\\\/x.com\\\/bellunopress\",\"https:\\\/\\\/www.linkedin.com\\\/hp\\\/?dnr=JBzUWaJfMUw8vbXJJ2tVW5-I3jZKvC4wsoxE&amp;amp;amp;amp;amp;amp;trk=nav_responsive_tab_home\",\"https:\\\/\\\/www.youtube.com\\\/channel\\\/UCxL0wu1uN0_3_7hGG0306cw\"]},{\"@type\":\"Person\",\"@id\":\"https:\\\/\\\/www.bellunopress.it\\\/#\\\/schema\\\/person\\\/79bb06722b37ece1c03d3e94beb30d73\",\"name\":\"redazione\",\"image\":{\"@type\":\"ImageObject\",\"inLanguage\":\"fr-FR\",\"@id\":\"https:\\\/\\\/secure.gravatar.com\\\/avatar\\\/37d968a2e67a6fd04c169c4bdef102d0bc5d31b2546345219e348575eb80e9a0?s=96&d=mm&r=g\",\"url\":\"https:\\\/\\\/secure.gravatar.com\\\/avatar\\\/37d968a2e67a6fd04c169c4bdef102d0bc5d31b2546345219e348575eb80e9a0?s=96&d=mm&r=g\",\"contentUrl\":\"https:\\\/\\\/secure.gravatar.com\\\/avatar\\\/37d968a2e67a6fd04c169c4bdef102d0bc5d31b2546345219e348575eb80e9a0?s=96&d=mm&r=g\",\"caption\":\"redazione\"},\"sameAs\":[\"http:\\\/\\\/www.bellunopress.it\",\"https:\\\/\\\/x.com\\\/bellunopress\"],\"url\":\"https:\\\/\\\/www.bellunopress.it\\\/fr\\\/author\\\/redazione\\\/\"}]}<\/script>\n<!-- \/ Yoast SEO plugin. -->","yoast_head_json":{"title":"Reset Europe, ripartire da De Gasperi  * di Enzo De Biasi - Bellunopress - Dolomiti","robots":{"index":"index","follow":"follow","max-snippet":"max-snippet:-1","max-image-preview":"max-image-preview:large","max-video-preview":"max-video-preview:-1"},"canonical":"https:\/\/www.bellunopress.it\/fr\/2025\/03\/15\/reset-europe-ripartire-da-de-gasperi-di-enzo-de-biasi\/","og_locale":"fr_FR","og_type":"article","og_title":"Reset Europe, ripartire da De Gasperi  * di Enzo De Biasi - Bellunopress - Dolomiti","og_description":"Per un\u2019Unione Europea con Stato Federale, Esercito Unico, Poteri in Affari \u00a0Esteri, Difesa, Fiscalit\u00e0, Ambiente, Sanit\u00e0 \u00a0e Infrastrutture materiali ed immateriali. Il piano Re-Arm\u201d UE da 800 miliardi di \u20ac, sono &#8220;soldi buttati via&#8221; (Romano Prodi), se non si fa l\u2019Europa Politica con &#8211; da subito &#8211; Politica Estera e Difesa. Boicottiamo le merci made [&hellip;]","og_url":"https:\/\/www.bellunopress.it\/fr\/2025\/03\/15\/reset-europe-ripartire-da-de-gasperi-di-enzo-de-biasi\/","og_site_name":"Bellunopress - Dolomiti","article_publisher":"https:\/\/www.facebook.com\/profile.php?id=100008943462799","article_published_time":"2025-03-15T16:00:50+00:00","article_modified_time":"2025-03-17T08:21:18+00:00","og_image":[{"width":1000,"height":668,"url":"https:\/\/www.bellunopress.it\/wp-content\/uploads\/2021\/01\/Unione-Europea_edited.jpg","type":"image\/jpeg"}],"author":"redazione","twitter_card":"summary_large_image","twitter_creator":"@bellunopress","twitter_site":"@bellunopress","twitter_misc":{"\u00c9crit par":"redazione","Dur\u00e9e de lecture estim\u00e9e":"26 minutes"},"schema":{"@context":"https:\/\/schema.org","@graph":[{"@type":"Article","@id":"https:\/\/www.bellunopress.it\/2025\/03\/15\/reset-europe-ripartire-da-de-gasperi-di-enzo-de-biasi\/#article","isPartOf":{"@id":"https:\/\/www.bellunopress.it\/2025\/03\/15\/reset-europe-ripartire-da-de-gasperi-di-enzo-de-biasi\/"},"author":{"name":"redazione","@id":"https:\/\/www.bellunopress.it\/#\/schema\/person\/79bb06722b37ece1c03d3e94beb30d73"},"headline":"Reset Europe, ripartire da De Gasperi * di Enzo De Biasi","datePublished":"2025-03-15T16:00:50+00:00","dateModified":"2025-03-17T08:21:18+00:00","mainEntityOfPage":{"@id":"https:\/\/www.bellunopress.it\/2025\/03\/15\/reset-europe-ripartire-da-de-gasperi-di-enzo-de-biasi\/"},"wordCount":5286,"publisher":{"@id":"https:\/\/www.bellunopress.it\/#organization"},"image":{"@id":"https:\/\/www.bellunopress.it\/2025\/03\/15\/reset-europe-ripartire-da-de-gasperi-di-enzo-de-biasi\/#primaryimage"},"thumbnailUrl":"https:\/\/www.bellunopress.it\/wp-content\/uploads\/2021\/01\/Unione-Europea_edited.jpg","articleSection":["Cronaca\/Politica","Prima Pagina"],"inLanguage":"fr-FR"},{"@type":"WebPage","@id":"https:\/\/www.bellunopress.it\/2025\/03\/15\/reset-europe-ripartire-da-de-gasperi-di-enzo-de-biasi\/","url":"https:\/\/www.bellunopress.it\/2025\/03\/15\/reset-europe-ripartire-da-de-gasperi-di-enzo-de-biasi\/","name":"Reset Europe, ripartire da De Gasperi * di Enzo De Biasi - Bellunopress - Dolomiti","isPartOf":{"@id":"https:\/\/www.bellunopress.it\/#website"},"primaryImageOfPage":{"@id":"https:\/\/www.bellunopress.it\/2025\/03\/15\/reset-europe-ripartire-da-de-gasperi-di-enzo-de-biasi\/#primaryimage"},"image":{"@id":"https:\/\/www.bellunopress.it\/2025\/03\/15\/reset-europe-ripartire-da-de-gasperi-di-enzo-de-biasi\/#primaryimage"},"thumbnailUrl":"https:\/\/www.bellunopress.it\/wp-content\/uploads\/2021\/01\/Unione-Europea_edited.jpg","datePublished":"2025-03-15T16:00:50+00:00","dateModified":"2025-03-17T08:21:18+00:00","breadcrumb":{"@id":"https:\/\/www.bellunopress.it\/2025\/03\/15\/reset-europe-ripartire-da-de-gasperi-di-enzo-de-biasi\/#breadcrumb"},"inLanguage":"fr-FR","potentialAction":[{"@type":"ReadAction","target":["https:\/\/www.bellunopress.it\/2025\/03\/15\/reset-europe-ripartire-da-de-gasperi-di-enzo-de-biasi\/"]}]},{"@type":"ImageObject","inLanguage":"fr-FR","@id":"https:\/\/www.bellunopress.it\/2025\/03\/15\/reset-europe-ripartire-da-de-gasperi-di-enzo-de-biasi\/#primaryimage","url":"https:\/\/www.bellunopress.it\/wp-content\/uploads\/2021\/01\/Unione-Europea_edited.jpg","contentUrl":"https:\/\/www.bellunopress.it\/wp-content\/uploads\/2021\/01\/Unione-Europea_edited.jpg","width":1000,"height":668,"caption":"Parlamento Europeo - Strasburgo"},{"@type":"BreadcrumbList","@id":"https:\/\/www.bellunopress.it\/2025\/03\/15\/reset-europe-ripartire-da-de-gasperi-di-enzo-de-biasi\/#breadcrumb","itemListElement":[{"@type":"ListItem","position":1,"name":"Home","item":"https:\/\/www.bellunopress.it\/"},{"@type":"ListItem","position":2,"name":"Reset Europe, ripartire da De Gasperi * di Enzo De Biasi"}]},{"@type":"WebSite","@id":"https:\/\/www.bellunopress.it\/#website","url":"https:\/\/www.bellunopress.it\/","name":"Bellunopress - Dolomiti","description":"e-mail: redazione@bellunopress.it","publisher":{"@id":"https:\/\/www.bellunopress.it\/#organization"},"potentialAction":[{"@type":"SearchAction","target":{"@type":"EntryPoint","urlTemplate":"https:\/\/www.bellunopress.it\/?s={search_term_string}"},"query-input":{"@type":"PropertyValueSpecification","valueRequired":true,"valueName":"search_term_string"}}],"inLanguage":"fr-FR"},{"@type":"Organization","@id":"https:\/\/www.bellunopress.it\/#organization","name":"Bellunopress","url":"https:\/\/www.bellunopress.it\/","logo":{"@type":"ImageObject","inLanguage":"fr-FR","@id":"https:\/\/www.bellunopress.it\/#\/schema\/logo\/image\/","url":"https:\/\/www.bellunopress.it\/wp-content\/uploads\/2011\/05\/cropped-logo-bellunopress-.jpg","contentUrl":"https:\/\/www.bellunopress.it\/wp-content\/uploads\/2011\/05\/cropped-logo-bellunopress-.jpg","width":512,"height":512,"caption":"Bellunopress"},"image":{"@id":"https:\/\/www.bellunopress.it\/#\/schema\/logo\/image\/"},"sameAs":["https:\/\/www.facebook.com\/profile.php?id=100008943462799","https:\/\/x.com\/bellunopress","https:\/\/www.linkedin.com\/hp\/?dnr=JBzUWaJfMUw8vbXJJ2tVW5-I3jZKvC4wsoxE&amp;amp;amp;amp;amp;amp;trk=nav_responsive_tab_home","https:\/\/www.youtube.com\/channel\/UCxL0wu1uN0_3_7hGG0306cw"]},{"@type":"Person","@id":"https:\/\/www.bellunopress.it\/#\/schema\/person\/79bb06722b37ece1c03d3e94beb30d73","name":"r\u00e9daction","image":{"@type":"ImageObject","inLanguage":"fr-FR","@id":"https:\/\/secure.gravatar.com\/avatar\/37d968a2e67a6fd04c169c4bdef102d0bc5d31b2546345219e348575eb80e9a0?s=96&d=mm&r=g","url":"https:\/\/secure.gravatar.com\/avatar\/37d968a2e67a6fd04c169c4bdef102d0bc5d31b2546345219e348575eb80e9a0?s=96&d=mm&r=g","contentUrl":"https:\/\/secure.gravatar.com\/avatar\/37d968a2e67a6fd04c169c4bdef102d0bc5d31b2546345219e348575eb80e9a0?s=96&d=mm&r=g","caption":"redazione"},"sameAs":["http:\/\/www.bellunopress.it","https:\/\/x.com\/bellunopress"],"url":"https:\/\/www.bellunopress.it\/fr\/author\/redazione\/"}]}},"_links":{"self":[{"href":"https:\/\/www.bellunopress.it\/fr\/wp-json\/wp\/v2\/posts\/158630","targetHints":{"allow":["GET"]}}],"collection":[{"href":"https:\/\/www.bellunopress.it\/fr\/wp-json\/wp\/v2\/posts"}],"about":[{"href":"https:\/\/www.bellunopress.it\/fr\/wp-json\/wp\/v2\/types\/post"}],"author":[{"embeddable":true,"href":"https:\/\/www.bellunopress.it\/fr\/wp-json\/wp\/v2\/users\/2"}],"replies":[{"embeddable":true,"href":"https:\/\/www.bellunopress.it\/fr\/wp-json\/wp\/v2\/comments?post=158630"}],"version-history":[{"count":3,"href":"https:\/\/www.bellunopress.it\/fr\/wp-json\/wp\/v2\/posts\/158630\/revisions"}],"predecessor-version":[{"id":158671,"href":"https:\/\/www.bellunopress.it\/fr\/wp-json\/wp\/v2\/posts\/158630\/revisions\/158671"}],"wp:featuredmedia":[{"embeddable":true,"href":"https:\/\/www.bellunopress.it\/fr\/wp-json\/wp\/v2\/media\/121061"}],"wp:attachment":[{"href":"https:\/\/www.bellunopress.it\/fr\/wp-json\/wp\/v2\/media?parent=158630"}],"wp:term":[{"taxonomy":"category","embeddable":true,"href":"https:\/\/www.bellunopress.it\/fr\/wp-json\/wp\/v2\/categories?post=158630"},{"taxonomy":"post_tag","embeddable":true,"href":"https:\/\/www.bellunopress.it\/fr\/wp-json\/wp\/v2\/tags?post=158630"}],"curies":[{"name":"wp","href":"https:\/\/api.w.org\/{rel}","templated":true}]}}