{"id":158624,"date":"2025-03-16T09:46:34","date_gmt":"2025-03-16T08:46:34","guid":{"rendered":"https:\/\/www.bellunopress.it\/?p=158624"},"modified":"2025-03-15T14:54:01","modified_gmt":"2025-03-15T13:54:01","slug":"val-di-zoldo-pronta-ad-accogliere-i-campionati-nazionali-universitari-invernali","status":"publish","type":"post","link":"https:\/\/www.bellunopress.it\/fr\/2025\/03\/16\/val-di-zoldo-pronta-ad-accogliere-i-campionati-nazionali-universitari-invernali\/","title":{"rendered":"Val di Zoldo pronta ad accogliere i Campionati Nazionali Universitari Invernali"},"content":{"rendered":"<p><img loading=\"lazy\" decoding=\"async\" class=\"aligncenter size-full wp-image-158625\" src=\"https:\/\/www.bellunopress.it\/wp-content\/uploads\/2025\/03\/Val-di-Zoldo-Campionati-Nazionali-Universitari-Invernali.jpg\" alt=\"\" width=\"1000\" height=\"641\" srcset=\"https:\/\/www.bellunopress.it\/wp-content\/uploads\/2025\/03\/Val-di-Zoldo-Campionati-Nazionali-Universitari-Invernali.jpg 1000w, https:\/\/www.bellunopress.it\/wp-content\/uploads\/2025\/03\/Val-di-Zoldo-Campionati-Nazionali-Universitari-Invernali-500x321.jpg 500w, https:\/\/www.bellunopress.it\/wp-content\/uploads\/2025\/03\/Val-di-Zoldo-Campionati-Nazionali-Universitari-Invernali-655x420.jpg 655w, https:\/\/www.bellunopress.it\/wp-content\/uploads\/2025\/03\/Val-di-Zoldo-Campionati-Nazionali-Universitari-Invernali-696x446.jpg 696w\" sizes=\"auto, (max-width: 1000px) 100vw, 1000px\" \/>Val di Zoldo si prepara ad accogliere la 64\u00aa edizione dei Campionati Nazionali Universitari Invernali FIS\/FISU &#8220;Open&#8221;. L\u2019evento, organizzato dal C.U.S. Venezia sotto l\u2019egida di FederCusi e con il sostegno del Comune, del Consorzio Turistico e di Funivie Spa, vedr\u00e0 la partecipazione di oltre 260 atleti provenienti da tutta Italia e dall\u2019estero.<\/p>\n<p>Le competizioni, inizialmente previste su pi\u00f9 giornate, saranno concentrate tra marted\u00ec 18 e mercoled\u00ec 19 marzo a causa delle condizioni meteorologiche. La pista Cristellin ospiter\u00e0 le gare di slalom gigante FIS, valide per i titoli nazionali universitari, con una seconda prova il giorno successivo per l\u2019assegnazione dei punteggi FIS\/UNI.<\/p>\n<p>L\u2019evento ha registrato un interesse straordinario: nel settore maschile sono arrivate oltre 200 richieste di partecipazione, a fronte di 140 posti disponibili, mentre le atlete iscritte sono circa 120. Tra le nazioni rappresentate figurano Stati Uniti, Giappone, Nuova Zelanda e, per la prima volta, Haiti, Brasile e Nepal.<\/p>\n<p>Accanto alle competizioni ufficiali, tornano i Giochi Sportivi Universitari, un\u2019iniziativa pensata per coinvolgere studenti, personale accademico e dirigenti in gare amatoriali. Oltre un centinaio di iscritti si sfideranno nello sci alpino e nel nuovissimo torneo di snow volley, in programma tra il 17 e il 18 marzo.<\/p>\n<p>Grande soddisfazione \u00e8 stata espressa da Massimo Zanotto, presidente del C.U.S. Venezia: &#8220;Dopo un anno di pausa, siamo felici di riportare questa prestigiosa competizione in Val di Zoldo. Un ringraziamento speciale a FederCUSI per la fiducia e al territorio che, ancora una volta, ci accoglie con entusiasmo.&#8221;<\/p>\n<p>Durante la manifestazione \u00e8 previsto anche un sopralluogo da parte dello staff dell\u2019EUSA (European Universities Sports Association) in vista della seconda edizione dei Campionati Europei Universitari Invernali, che si terranno dal 15 al 18 dicembre 2025. Un\u2019opportunit\u00e0 ulteriore per consolidare il ruolo della Val di Zoldo come punto di riferimento per gli sport universitari sulla neve.<\/p>\n<p>Il presidente di FederCUSI, Antonio Dima, ha sottolineato l\u2019importanza dell\u2019evento: &#8220;Siamo certi che il C.U.S. Venezia, con il supporto del C.U.S. Bergamo e del C.U.S. Brescia, garantir\u00e0 un\u2019organizzazione impeccabile. La presenza dei Giochi Sportivi Universitari aggiunge un valore inclusivo alla manifestazione, permettendo a tanti studenti di vivere lo spirito autentico dello sport universitario.&#8221;<\/p>\n<p>Anche Roberto Padrin, presidente della Provincia di Belluno, ha evidenziato il valore strategico della competizione: &#8220;Ospitare questi Campionati \u00e8 un onore e una sfida. A meno di un anno dalle Olimpiadi e Paralimpiadi, eventi come questo rafforzano l\u2019atmosfera di attesa e dimostrano la capacit\u00e0 del nostro territorio di accogliere il grande sport.&#8221;<\/p>\n<p>La Val di Zoldo si prepara dunque a vivere giornate intense, tra agonismo e momenti di condivisione, confermandosi ancora una volta come palcoscenico d\u2019eccellenza per gli sport invernali universitari.<\/p>","protected":false},"excerpt":{"rendered":"<p>Val di Zoldo si prepara ad accogliere la 64\u00aa edizione dei Campionati Nazionali Universitari Invernali FIS\/FISU &#8220;Open&#8221;. L\u2019evento, organizzato dal C.U.S. Venezia sotto l\u2019egida di FederCusi e con il sostegno del Comune, del Consorzio Turistico e di Funivie Spa, vedr\u00e0 la partecipazione di oltre 260 atleti provenienti da tutta Italia e dall\u2019estero. Le competizioni, inizialmente [&hellip;]<\/p>\n","protected":false},"author":2,"featured_media":158625,"comment_status":"closed","ping_status":"open","sticky":false,"template":"","format":"standard","meta":{"footnotes":""},"categories":[25,15,4],"tags":[],"class_list":["post-158624","post","type-post","status-publish","format-standard","has-post-thumbnail","category-pausa-caffe","category-scuola","category-sport"],"yoast_head":"<!-- This site is optimized with the Yoast SEO plugin v28.4 - https:\/\/yoast.com\/product\/yoast-seo-wordpress\/ -->\n<title>Val di Zoldo pronta ad accogliere i Campionati Nazionali Universitari Invernali - Bellunopress - Dolomiti<\/title>\n<meta name=\"robots\" content=\"index, follow, max-snippet:-1, max-image-preview:large, max-video-preview:-1\" \/>\n<link rel=\"canonical\" href=\"https:\/\/www.bellunopress.it\/fr\/2025\/03\/16\/val-di-zoldo-pronta-ad-accogliere-i-campionati-nazionali-universitari-invernali\/\" \/>\n<meta property=\"og:locale\" content=\"fr_FR\" \/>\n<meta property=\"og:type\" content=\"article\" \/>\n<meta property=\"og:title\" content=\"Val di Zoldo pronta ad accogliere i Campionati Nazionali Universitari Invernali - Bellunopress - Dolomiti\" \/>\n<meta property=\"og:description\" content=\"Val di Zoldo si prepara ad accogliere la 64\u00aa edizione dei Campionati Nazionali Universitari Invernali FIS\/FISU &#8220;Open&#8221;. L\u2019evento, organizzato dal C.U.S. Venezia sotto l\u2019egida di FederCusi e con il sostegno del Comune, del Consorzio Turistico e di Funivie Spa, vedr\u00e0 la partecipazione di oltre 260 atleti provenienti da tutta Italia e dall\u2019estero. Le competizioni, inizialmente [&hellip;]\" \/>\n<meta property=\"og:url\" content=\"https:\/\/www.bellunopress.it\/fr\/2025\/03\/16\/val-di-zoldo-pronta-ad-accogliere-i-campionati-nazionali-universitari-invernali\/\" \/>\n<meta property=\"og:site_name\" content=\"Bellunopress - Dolomiti\" \/>\n<meta property=\"article:publisher\" content=\"https:\/\/www.facebook.com\/profile.php?id=100008943462799\" \/>\n<meta property=\"article:published_time\" content=\"2025-03-16T08:46:34+00:00\" \/>\n<meta property=\"og:image\" content=\"https:\/\/www.bellunopress.it\/wp-content\/uploads\/2025\/03\/Val-di-Zoldo-Campionati-Nazionali-Universitari-Invernali.jpg\" \/>\n\t<meta property=\"og:image:width\" content=\"1000\" \/>\n\t<meta property=\"og:image:height\" content=\"641\" \/>\n\t<meta property=\"og:image:type\" content=\"image\/jpeg\" \/>\n<meta name=\"author\" content=\"redazione\" \/>\n<meta name=\"twitter:card\" content=\"summary_large_image\" \/>\n<meta name=\"twitter:creator\" content=\"@bellunopress\" \/>\n<meta name=\"twitter:site\" content=\"@bellunopress\" \/>\n<meta name=\"twitter:label1\" content=\"\u00c9crit par\" \/>\n\t<meta name=\"twitter:data1\" content=\"redazione\" \/>\n\t<meta name=\"twitter:label2\" content=\"Dur\u00e9e de lecture estim\u00e9e\" \/>\n\t<meta name=\"twitter:data2\" content=\"2 minutes\" \/>\n<script type=\"application\/ld+json\" class=\"yoast-schema-graph\">{\"@context\":\"https:\\\/\\\/schema.org\",\"@graph\":[{\"@type\":\"Article\",\"@id\":\"https:\\\/\\\/www.bellunopress.it\\\/2025\\\/03\\\/16\\\/val-di-zoldo-pronta-ad-accogliere-i-campionati-nazionali-universitari-invernali\\\/#article\",\"isPartOf\":{\"@id\":\"https:\\\/\\\/www.bellunopress.it\\\/2025\\\/03\\\/16\\\/val-di-zoldo-pronta-ad-accogliere-i-campionati-nazionali-universitari-invernali\\\/\"},\"author\":{\"name\":\"redazione\",\"@id\":\"https:\\\/\\\/www.bellunopress.it\\\/#\\\/schema\\\/person\\\/79bb06722b37ece1c03d3e94beb30d73\"},\"headline\":\"Val di Zoldo pronta ad accogliere i Campionati Nazionali Universitari Invernali\",\"datePublished\":\"2025-03-16T08:46:34+00:00\",\"mainEntityOfPage\":{\"@id\":\"https:\\\/\\\/www.bellunopress.it\\\/2025\\\/03\\\/16\\\/val-di-zoldo-pronta-ad-accogliere-i-campionati-nazionali-universitari-invernali\\\/\"},\"wordCount\":454,\"publisher\":{\"@id\":\"https:\\\/\\\/www.bellunopress.it\\\/#organization\"},\"image\":{\"@id\":\"https:\\\/\\\/www.bellunopress.it\\\/2025\\\/03\\\/16\\\/val-di-zoldo-pronta-ad-accogliere-i-campionati-nazionali-universitari-invernali\\\/#primaryimage\"},\"thumbnailUrl\":\"https:\\\/\\\/www.bellunopress.it\\\/wp-content\\\/uploads\\\/2025\\\/03\\\/Val-di-Zoldo-Campionati-Nazionali-Universitari-Invernali.jpg\",\"articleSection\":[\"Pausa Caff\u00e8\",\"Scuola\",\"Sport, tempo libero\"],\"inLanguage\":\"fr-FR\"},{\"@type\":\"WebPage\",\"@id\":\"https:\\\/\\\/www.bellunopress.it\\\/2025\\\/03\\\/16\\\/val-di-zoldo-pronta-ad-accogliere-i-campionati-nazionali-universitari-invernali\\\/\",\"url\":\"https:\\\/\\\/www.bellunopress.it\\\/2025\\\/03\\\/16\\\/val-di-zoldo-pronta-ad-accogliere-i-campionati-nazionali-universitari-invernali\\\/\",\"name\":\"Val di Zoldo pronta ad accogliere i Campionati Nazionali Universitari Invernali - Bellunopress - Dolomiti\",\"isPartOf\":{\"@id\":\"https:\\\/\\\/www.bellunopress.it\\\/#website\"},\"primaryImageOfPage\":{\"@id\":\"https:\\\/\\\/www.bellunopress.it\\\/2025\\\/03\\\/16\\\/val-di-zoldo-pronta-ad-accogliere-i-campionati-nazionali-universitari-invernali\\\/#primaryimage\"},\"image\":{\"@id\":\"https:\\\/\\\/www.bellunopress.it\\\/2025\\\/03\\\/16\\\/val-di-zoldo-pronta-ad-accogliere-i-campionati-nazionali-universitari-invernali\\\/#primaryimage\"},\"thumbnailUrl\":\"https:\\\/\\\/www.bellunopress.it\\\/wp-content\\\/uploads\\\/2025\\\/03\\\/Val-di-Zoldo-Campionati-Nazionali-Universitari-Invernali.jpg\",\"datePublished\":\"2025-03-16T08:46:34+00:00\",\"breadcrumb\":{\"@id\":\"https:\\\/\\\/www.bellunopress.it\\\/2025\\\/03\\\/16\\\/val-di-zoldo-pronta-ad-accogliere-i-campionati-nazionali-universitari-invernali\\\/#breadcrumb\"},\"inLanguage\":\"fr-FR\",\"potentialAction\":[{\"@type\":\"ReadAction\",\"target\":[\"https:\\\/\\\/www.bellunopress.it\\\/2025\\\/03\\\/16\\\/val-di-zoldo-pronta-ad-accogliere-i-campionati-nazionali-universitari-invernali\\\/\"]}]},{\"@type\":\"ImageObject\",\"inLanguage\":\"fr-FR\",\"@id\":\"https:\\\/\\\/www.bellunopress.it\\\/2025\\\/03\\\/16\\\/val-di-zoldo-pronta-ad-accogliere-i-campionati-nazionali-universitari-invernali\\\/#primaryimage\",\"url\":\"https:\\\/\\\/www.bellunopress.it\\\/wp-content\\\/uploads\\\/2025\\\/03\\\/Val-di-Zoldo-Campionati-Nazionali-Universitari-Invernali.jpg\",\"contentUrl\":\"https:\\\/\\\/www.bellunopress.it\\\/wp-content\\\/uploads\\\/2025\\\/03\\\/Val-di-Zoldo-Campionati-Nazionali-Universitari-Invernali.jpg\",\"width\":1000,\"height\":641},{\"@type\":\"BreadcrumbList\",\"@id\":\"https:\\\/\\\/www.bellunopress.it\\\/2025\\\/03\\\/16\\\/val-di-zoldo-pronta-ad-accogliere-i-campionati-nazionali-universitari-invernali\\\/#breadcrumb\",\"itemListElement\":[{\"@type\":\"ListItem\",\"position\":1,\"name\":\"Home\",\"item\":\"https:\\\/\\\/www.bellunopress.it\\\/\"},{\"@type\":\"ListItem\",\"position\":2,\"name\":\"Val di Zoldo pronta ad accogliere i Campionati Nazionali Universitari Invernali\"}]},{\"@type\":\"WebSite\",\"@id\":\"https:\\\/\\\/www.bellunopress.it\\\/#website\",\"url\":\"https:\\\/\\\/www.bellunopress.it\\\/\",\"name\":\"Bellunopress - Dolomiti\",\"description\":\"e-mail: redazione@bellunopress.it\",\"publisher\":{\"@id\":\"https:\\\/\\\/www.bellunopress.it\\\/#organization\"},\"potentialAction\":[{\"@type\":\"SearchAction\",\"target\":{\"@type\":\"EntryPoint\",\"urlTemplate\":\"https:\\\/\\\/www.bellunopress.it\\\/?s={search_term_string}\"},\"query-input\":{\"@type\":\"PropertyValueSpecification\",\"valueRequired\":true,\"valueName\":\"search_term_string\"}}],\"inLanguage\":\"fr-FR\"},{\"@type\":\"Organization\",\"@id\":\"https:\\\/\\\/www.bellunopress.it\\\/#organization\",\"name\":\"Bellunopress\",\"url\":\"https:\\\/\\\/www.bellunopress.it\\\/\",\"logo\":{\"@type\":\"ImageObject\",\"inLanguage\":\"fr-FR\",\"@id\":\"https:\\\/\\\/www.bellunopress.it\\\/#\\\/schema\\\/logo\\\/image\\\/\",\"url\":\"https:\\\/\\\/www.bellunopress.it\\\/wp-content\\\/uploads\\\/2011\\\/05\\\/cropped-logo-bellunopress-.jpg\",\"contentUrl\":\"https:\\\/\\\/www.bellunopress.it\\\/wp-content\\\/uploads\\\/2011\\\/05\\\/cropped-logo-bellunopress-.jpg\",\"width\":512,\"height\":512,\"caption\":\"Bellunopress\"},\"image\":{\"@id\":\"https:\\\/\\\/www.bellunopress.it\\\/#\\\/schema\\\/logo\\\/image\\\/\"},\"sameAs\":[\"https:\\\/\\\/www.facebook.com\\\/profile.php?id=100008943462799\",\"https:\\\/\\\/x.com\\\/bellunopress\",\"https:\\\/\\\/www.linkedin.com\\\/hp\\\/?dnr=JBzUWaJfMUw8vbXJJ2tVW5-I3jZKvC4wsoxE&amp;amp;amp;amp;amp;amp;trk=nav_responsive_tab_home\",\"https:\\\/\\\/www.youtube.com\\\/channel\\\/UCxL0wu1uN0_3_7hGG0306cw\"]},{\"@type\":\"Person\",\"@id\":\"https:\\\/\\\/www.bellunopress.it\\\/#\\\/schema\\\/person\\\/79bb06722b37ece1c03d3e94beb30d73\",\"name\":\"redazione\",\"image\":{\"@type\":\"ImageObject\",\"inLanguage\":\"fr-FR\",\"@id\":\"https:\\\/\\\/secure.gravatar.com\\\/avatar\\\/37d968a2e67a6fd04c169c4bdef102d0bc5d31b2546345219e348575eb80e9a0?s=96&d=mm&r=g\",\"url\":\"https:\\\/\\\/secure.gravatar.com\\\/avatar\\\/37d968a2e67a6fd04c169c4bdef102d0bc5d31b2546345219e348575eb80e9a0?s=96&d=mm&r=g\",\"contentUrl\":\"https:\\\/\\\/secure.gravatar.com\\\/avatar\\\/37d968a2e67a6fd04c169c4bdef102d0bc5d31b2546345219e348575eb80e9a0?s=96&d=mm&r=g\",\"caption\":\"redazione\"},\"sameAs\":[\"http:\\\/\\\/www.bellunopress.it\",\"https:\\\/\\\/x.com\\\/bellunopress\"],\"url\":\"https:\\\/\\\/www.bellunopress.it\\\/fr\\\/author\\\/redazione\\\/\"}]}<\/script>\n<!-- \/ Yoast SEO plugin. -->","yoast_head_json":{"title":"Val di Zoldo pronta ad accogliere i Campionati Nazionali Universitari Invernali - Bellunopress - Dolomiti","robots":{"index":"index","follow":"follow","max-snippet":"max-snippet:-1","max-image-preview":"max-image-preview:large","max-video-preview":"max-video-preview:-1"},"canonical":"https:\/\/www.bellunopress.it\/fr\/2025\/03\/16\/val-di-zoldo-pronta-ad-accogliere-i-campionati-nazionali-universitari-invernali\/","og_locale":"fr_FR","og_type":"article","og_title":"Val di Zoldo pronta ad accogliere i Campionati Nazionali Universitari Invernali - Bellunopress - Dolomiti","og_description":"Val di Zoldo si prepara ad accogliere la 64\u00aa edizione dei Campionati Nazionali Universitari Invernali FIS\/FISU &#8220;Open&#8221;. L\u2019evento, organizzato dal C.U.S. Venezia sotto l\u2019egida di FederCusi e con il sostegno del Comune, del Consorzio Turistico e di Funivie Spa, vedr\u00e0 la partecipazione di oltre 260 atleti provenienti da tutta Italia e dall\u2019estero. Le competizioni, inizialmente [&hellip;]","og_url":"https:\/\/www.bellunopress.it\/fr\/2025\/03\/16\/val-di-zoldo-pronta-ad-accogliere-i-campionati-nazionali-universitari-invernali\/","og_site_name":"Bellunopress - Dolomiti","article_publisher":"https:\/\/www.facebook.com\/profile.php?id=100008943462799","article_published_time":"2025-03-16T08:46:34+00:00","og_image":[{"width":1000,"height":641,"url":"https:\/\/www.bellunopress.it\/wp-content\/uploads\/2025\/03\/Val-di-Zoldo-Campionati-Nazionali-Universitari-Invernali.jpg","type":"image\/jpeg"}],"author":"redazione","twitter_card":"summary_large_image","twitter_creator":"@bellunopress","twitter_site":"@bellunopress","twitter_misc":{"\u00c9crit par":"redazione","Dur\u00e9e de lecture estim\u00e9e":"2 minutes"},"schema":{"@context":"https:\/\/schema.org","@graph":[{"@type":"Article","@id":"https:\/\/www.bellunopress.it\/2025\/03\/16\/val-di-zoldo-pronta-ad-accogliere-i-campionati-nazionali-universitari-invernali\/#article","isPartOf":{"@id":"https:\/\/www.bellunopress.it\/2025\/03\/16\/val-di-zoldo-pronta-ad-accogliere-i-campionati-nazionali-universitari-invernali\/"},"author":{"name":"redazione","@id":"https:\/\/www.bellunopress.it\/#\/schema\/person\/79bb06722b37ece1c03d3e94beb30d73"},"headline":"Val di Zoldo pronta ad accogliere i Campionati Nazionali Universitari Invernali","datePublished":"2025-03-16T08:46:34+00:00","mainEntityOfPage":{"@id":"https:\/\/www.bellunopress.it\/2025\/03\/16\/val-di-zoldo-pronta-ad-accogliere-i-campionati-nazionali-universitari-invernali\/"},"wordCount":454,"publisher":{"@id":"https:\/\/www.bellunopress.it\/#organization"},"image":{"@id":"https:\/\/www.bellunopress.it\/2025\/03\/16\/val-di-zoldo-pronta-ad-accogliere-i-campionati-nazionali-universitari-invernali\/#primaryimage"},"thumbnailUrl":"https:\/\/www.bellunopress.it\/wp-content\/uploads\/2025\/03\/Val-di-Zoldo-Campionati-Nazionali-Universitari-Invernali.jpg","articleSection":["Pausa Caff\u00e8","Scuola","Sport, tempo libero"],"inLanguage":"fr-FR"},{"@type":"WebPage","@id":"https:\/\/www.bellunopress.it\/2025\/03\/16\/val-di-zoldo-pronta-ad-accogliere-i-campionati-nazionali-universitari-invernali\/","url":"https:\/\/www.bellunopress.it\/2025\/03\/16\/val-di-zoldo-pronta-ad-accogliere-i-campionati-nazionali-universitari-invernali\/","name":"Val di Zoldo pronta ad accogliere i Campionati Nazionali Universitari Invernali - Bellunopress - Dolomiti","isPartOf":{"@id":"https:\/\/www.bellunopress.it\/#website"},"primaryImageOfPage":{"@id":"https:\/\/www.bellunopress.it\/2025\/03\/16\/val-di-zoldo-pronta-ad-accogliere-i-campionati-nazionali-universitari-invernali\/#primaryimage"},"image":{"@id":"https:\/\/www.bellunopress.it\/2025\/03\/16\/val-di-zoldo-pronta-ad-accogliere-i-campionati-nazionali-universitari-invernali\/#primaryimage"},"thumbnailUrl":"https:\/\/www.bellunopress.it\/wp-content\/uploads\/2025\/03\/Val-di-Zoldo-Campionati-Nazionali-Universitari-Invernali.jpg","datePublished":"2025-03-16T08:46:34+00:00","breadcrumb":{"@id":"https:\/\/www.bellunopress.it\/2025\/03\/16\/val-di-zoldo-pronta-ad-accogliere-i-campionati-nazionali-universitari-invernali\/#breadcrumb"},"inLanguage":"fr-FR","potentialAction":[{"@type":"ReadAction","target":["https:\/\/www.bellunopress.it\/2025\/03\/16\/val-di-zoldo-pronta-ad-accogliere-i-campionati-nazionali-universitari-invernali\/"]}]},{"@type":"ImageObject","inLanguage":"fr-FR","@id":"https:\/\/www.bellunopress.it\/2025\/03\/16\/val-di-zoldo-pronta-ad-accogliere-i-campionati-nazionali-universitari-invernali\/#primaryimage","url":"https:\/\/www.bellunopress.it\/wp-content\/uploads\/2025\/03\/Val-di-Zoldo-Campionati-Nazionali-Universitari-Invernali.jpg","contentUrl":"https:\/\/www.bellunopress.it\/wp-content\/uploads\/2025\/03\/Val-di-Zoldo-Campionati-Nazionali-Universitari-Invernali.jpg","width":1000,"height":641},{"@type":"BreadcrumbList","@id":"https:\/\/www.bellunopress.it\/2025\/03\/16\/val-di-zoldo-pronta-ad-accogliere-i-campionati-nazionali-universitari-invernali\/#breadcrumb","itemListElement":[{"@type":"ListItem","position":1,"name":"Home","item":"https:\/\/www.bellunopress.it\/"},{"@type":"ListItem","position":2,"name":"Val di Zoldo pronta ad accogliere i Campionati Nazionali Universitari Invernali"}]},{"@type":"WebSite","@id":"https:\/\/www.bellunopress.it\/#website","url":"https:\/\/www.bellunopress.it\/","name":"Bellunopress - Dolomiti","description":"e-mail: redazione@bellunopress.it","publisher":{"@id":"https:\/\/www.bellunopress.it\/#organization"},"potentialAction":[{"@type":"SearchAction","target":{"@type":"EntryPoint","urlTemplate":"https:\/\/www.bellunopress.it\/?s={search_term_string}"},"query-input":{"@type":"PropertyValueSpecification","valueRequired":true,"valueName":"search_term_string"}}],"inLanguage":"fr-FR"},{"@type":"Organization","@id":"https:\/\/www.bellunopress.it\/#organization","name":"Bellunopress","url":"https:\/\/www.bellunopress.it\/","logo":{"@type":"ImageObject","inLanguage":"fr-FR","@id":"https:\/\/www.bellunopress.it\/#\/schema\/logo\/image\/","url":"https:\/\/www.bellunopress.it\/wp-content\/uploads\/2011\/05\/cropped-logo-bellunopress-.jpg","contentUrl":"https:\/\/www.bellunopress.it\/wp-content\/uploads\/2011\/05\/cropped-logo-bellunopress-.jpg","width":512,"height":512,"caption":"Bellunopress"},"image":{"@id":"https:\/\/www.bellunopress.it\/#\/schema\/logo\/image\/"},"sameAs":["https:\/\/www.facebook.com\/profile.php?id=100008943462799","https:\/\/x.com\/bellunopress","https:\/\/www.linkedin.com\/hp\/?dnr=JBzUWaJfMUw8vbXJJ2tVW5-I3jZKvC4wsoxE&amp;amp;amp;amp;amp;amp;trk=nav_responsive_tab_home","https:\/\/www.youtube.com\/channel\/UCxL0wu1uN0_3_7hGG0306cw"]},{"@type":"Person","@id":"https:\/\/www.bellunopress.it\/#\/schema\/person\/79bb06722b37ece1c03d3e94beb30d73","name":"r\u00e9daction","image":{"@type":"ImageObject","inLanguage":"fr-FR","@id":"https:\/\/secure.gravatar.com\/avatar\/37d968a2e67a6fd04c169c4bdef102d0bc5d31b2546345219e348575eb80e9a0?s=96&d=mm&r=g","url":"https:\/\/secure.gravatar.com\/avatar\/37d968a2e67a6fd04c169c4bdef102d0bc5d31b2546345219e348575eb80e9a0?s=96&d=mm&r=g","contentUrl":"https:\/\/secure.gravatar.com\/avatar\/37d968a2e67a6fd04c169c4bdef102d0bc5d31b2546345219e348575eb80e9a0?s=96&d=mm&r=g","caption":"redazione"},"sameAs":["http:\/\/www.bellunopress.it","https:\/\/x.com\/bellunopress"],"url":"https:\/\/www.bellunopress.it\/fr\/author\/redazione\/"}]}},"_links":{"self":[{"href":"https:\/\/www.bellunopress.it\/fr\/wp-json\/wp\/v2\/posts\/158624","targetHints":{"allow":["GET"]}}],"collection":[{"href":"https:\/\/www.bellunopress.it\/fr\/wp-json\/wp\/v2\/posts"}],"about":[{"href":"https:\/\/www.bellunopress.it\/fr\/wp-json\/wp\/v2\/types\/post"}],"author":[{"embeddable":true,"href":"https:\/\/www.bellunopress.it\/fr\/wp-json\/wp\/v2\/users\/2"}],"replies":[{"embeddable":true,"href":"https:\/\/www.bellunopress.it\/fr\/wp-json\/wp\/v2\/comments?post=158624"}],"version-history":[{"count":1,"href":"https:\/\/www.bellunopress.it\/fr\/wp-json\/wp\/v2\/posts\/158624\/revisions"}],"predecessor-version":[{"id":158626,"href":"https:\/\/www.bellunopress.it\/fr\/wp-json\/wp\/v2\/posts\/158624\/revisions\/158626"}],"wp:featuredmedia":[{"embeddable":true,"href":"https:\/\/www.bellunopress.it\/fr\/wp-json\/wp\/v2\/media\/158625"}],"wp:attachment":[{"href":"https:\/\/www.bellunopress.it\/fr\/wp-json\/wp\/v2\/media?parent=158624"}],"wp:term":[{"taxonomy":"category","embeddable":true,"href":"https:\/\/www.bellunopress.it\/fr\/wp-json\/wp\/v2\/categories?post=158624"},{"taxonomy":"post_tag","embeddable":true,"href":"https:\/\/www.bellunopress.it\/fr\/wp-json\/wp\/v2\/tags?post=158624"}],"curies":[{"name":"wp","href":"https:\/\/api.w.org\/{rel}","templated":true}]}}