{"id":158618,"date":"2025-03-15T13:45:52","date_gmt":"2025-03-15T12:45:52","guid":{"rendered":"https:\/\/www.bellunopress.it\/?p=158618"},"modified":"2025-03-15T13:45:52","modified_gmt":"2025-03-15T12:45:52","slug":"agrimont-2025-lassessore-caner-inaugura-la-fiera-e-ribadisce-limpegno-per-lagricoltura-di-montagna","status":"publish","type":"post","link":"https:\/\/www.bellunopress.it\/fr\/2025\/03\/15\/agrimont-2025-lassessore-caner-inaugura-la-fiera-e-ribadisce-limpegno-per-lagricoltura-di-montagna\/","title":{"rendered":"Agrimont 2025: l\u2019assessore Caner inaugura la fiera e ribadisce l\u2019impegno per l\u2019agricoltura di montagna"},"content":{"rendered":"<figure id=\"attachment_158619\" aria-describedby=\"caption-attachment-158619\" style=\"width: 1000px\" class=\"wp-caption aligncenter\"><img loading=\"lazy\" decoding=\"async\" class=\"size-full wp-image-158619\" src=\"https:\/\/www.bellunopress.it\/wp-content\/uploads\/2025\/03\/Agrimont-2025.jpg\" alt=\"\" width=\"1000\" height=\"750\" srcset=\"https:\/\/www.bellunopress.it\/wp-content\/uploads\/2025\/03\/Agrimont-2025.jpg 1000w, https:\/\/www.bellunopress.it\/wp-content\/uploads\/2025\/03\/Agrimont-2025-500x375.jpg 500w, https:\/\/www.bellunopress.it\/wp-content\/uploads\/2025\/03\/Agrimont-2025-560x420.jpg 560w, https:\/\/www.bellunopress.it\/wp-content\/uploads\/2025\/03\/Agrimont-2025-80x60.jpg 80w, https:\/\/www.bellunopress.it\/wp-content\/uploads\/2025\/03\/Agrimont-2025-696x522.jpg 696w\" sizes=\"auto, (max-width: 1000px) 100vw, 1000px\" \/><figcaption id=\"caption-attachment-158619\" class=\"wp-caption-text\">Longarone Fiere, 15 marzo 2025 &#8211; Inaugurazione Agrimont 2025<\/figcaption><\/figure>\n<p>Longarone, 15 marzo 2025\u00a0 &#8211;\u00a0\u00a0La montagna veneta rappresenta meno dell\u20198% delle imprese agricole regionali, ma il suo ruolo va ben oltre il dato numerico: tutela il territorio, garantisce sicurezza idrogeologica e ne valorizza l\u2019attrattivit\u00e0 turistica. Con questa consapevolezza, la Regione Veneto ha destinato alla montagna il 40% delle risorse del Programma di Sviluppo Rurale (PSR) 2014-2022, pari a 1.561 milioni di euro complessivi.<\/p>\n<p>Lo ha ricordato oggi l\u2019assessore regionale all\u2019Agricoltura, Federico Caner, inaugurando a Longarone la fiera Agrimont e illustrando i numeri dell\u2019impegno regionale a sostegno dell\u2019agricoltura di montagna.<\/p>\n<p>Oltre 225 milioni di euro per la provincia di Belluno<br \/>\nNegli ultimi dieci anni, il PSR ha assegnato alla montagna veneta risorse significative:<\/p>\n<p>27 milioni di euro per l\u2019insediamento di 670 giovani agricoltori,<br \/>\n100 milioni per l\u2019ammodernamento di 1.250 aziende,<br \/>\n170 milioni di indennit\u00e0 compensative a 3.600 aziende agricole,<br \/>\n110 milioni per il mantenimento di prati e pascoli montani,<br \/>\n60 milioni per le imprese forestali,<br \/>\n44,6 milioni ai quattro GAL della zona montana per lo sviluppo locale.<br \/>\nSolo nella provincia di Belluno, gli aiuti del PSR 2014-2022 hanno superato i 225 milioni di euro, finanziando ogni anno circa 1.400 domande per l\u2019indennit\u00e0 compensativa e altrettante per la gestione dei pascoli.<\/p>\n<p><strong>L\u2019impegno continua con il CSR 2023-2027<\/strong><br \/>\n\u201cLa Regione \u2013 ha proseguito Caner \u2013 ha confermato questa linea anche nel Complemento regionale per lo sviluppo rurale (CSR) 2023-2027. Nei primi due anni di attuazione, sono gi\u00e0 state finanziate in provincia di Belluno 1.364 domande per oltre 44 milioni di euro. A questi fondi si aggiungono i finanziamenti ai due GAL locali: 23 milioni dal PSR e altri 12,4 milioni dal CSR, pi\u00f9 4 milioni di euro per le nuove Aree Interne\u201d.<\/p>\n<p>L\u2019agricoltura di montagna \u00e8 una sfida quotidiana contro le difficolt\u00e0 climatiche e territoriali, ma \u00e8 anche una risorsa strategica per la tutela del paesaggio e la sostenibilit\u00e0 economica delle aree interne. \u201cIl nostro compito \u2013 ha concluso Caner \u2013 \u00e8 sostenere i custodi delle terre alte. E i numeri dimostrano che lo stiamo facendo concretamente\u201d.<\/p>","protected":false},"excerpt":{"rendered":"<p>Longarone, 15 marzo 2025\u00a0 &#8211;\u00a0\u00a0La montagna veneta rappresenta meno dell\u20198% delle imprese agricole regionali, ma il suo ruolo va ben oltre il dato numerico: tutela il territorio, garantisce sicurezza idrogeologica e ne valorizza l\u2019attrattivit\u00e0 turistica. Con questa consapevolezza, la Regione Veneto ha destinato alla montagna il 40% delle risorse del Programma di Sviluppo Rurale (PSR) [&hellip;]<\/p>\n","protected":false},"author":2,"featured_media":158619,"comment_status":"closed","ping_status":"open","sticky":false,"template":"","format":"standard","meta":{"footnotes":""},"categories":[5,26],"tags":[],"class_list":["post-158618","post","type-post","status-publish","format-standard","has-post-thumbnail","category-cronaca","category-prima-pagina"],"yoast_head":"<!-- This site is optimized with the Yoast SEO plugin v28.4 - https:\/\/yoast.com\/product\/yoast-seo-wordpress\/ -->\n<title>Agrimont 2025: l\u2019assessore Caner inaugura la fiera e ribadisce l\u2019impegno per l\u2019agricoltura di montagna - Bellunopress - Dolomiti<\/title>\n<meta name=\"robots\" content=\"index, follow, max-snippet:-1, max-image-preview:large, max-video-preview:-1\" \/>\n<link rel=\"canonical\" href=\"https:\/\/www.bellunopress.it\/fr\/2025\/03\/15\/agrimont-2025-lassessore-caner-inaugura-la-fiera-e-ribadisce-limpegno-per-lagricoltura-di-montagna\/\" \/>\n<meta property=\"og:locale\" content=\"fr_FR\" \/>\n<meta property=\"og:type\" content=\"article\" \/>\n<meta property=\"og:title\" content=\"Agrimont 2025: l\u2019assessore Caner inaugura la fiera e ribadisce l\u2019impegno per l\u2019agricoltura di montagna - Bellunopress - Dolomiti\" \/>\n<meta property=\"og:description\" content=\"Longarone, 15 marzo 2025\u00a0 &#8211;\u00a0\u00a0La montagna veneta rappresenta meno dell\u20198% delle imprese agricole regionali, ma il suo ruolo va ben oltre il dato numerico: tutela il territorio, garantisce sicurezza idrogeologica e ne valorizza l\u2019attrattivit\u00e0 turistica. Con questa consapevolezza, la Regione Veneto ha destinato alla montagna il 40% delle risorse del Programma di Sviluppo Rurale (PSR) [&hellip;]\" \/>\n<meta property=\"og:url\" content=\"https:\/\/www.bellunopress.it\/fr\/2025\/03\/15\/agrimont-2025-lassessore-caner-inaugura-la-fiera-e-ribadisce-limpegno-per-lagricoltura-di-montagna\/\" \/>\n<meta property=\"og:site_name\" content=\"Bellunopress - Dolomiti\" \/>\n<meta property=\"article:publisher\" content=\"https:\/\/www.facebook.com\/profile.php?id=100008943462799\" \/>\n<meta property=\"article:published_time\" content=\"2025-03-15T12:45:52+00:00\" \/>\n<meta property=\"og:image\" content=\"https:\/\/www.bellunopress.it\/wp-content\/uploads\/2025\/03\/Agrimont-2025.jpg\" \/>\n\t<meta property=\"og:image:width\" content=\"1000\" \/>\n\t<meta property=\"og:image:height\" content=\"750\" \/>\n\t<meta property=\"og:image:type\" content=\"image\/jpeg\" \/>\n<meta name=\"author\" content=\"redazione\" \/>\n<meta name=\"twitter:card\" content=\"summary_large_image\" \/>\n<meta name=\"twitter:creator\" content=\"@bellunopress\" \/>\n<meta name=\"twitter:site\" content=\"@bellunopress\" \/>\n<meta name=\"twitter:label1\" content=\"\u00c9crit par\" \/>\n\t<meta name=\"twitter:data1\" content=\"redazione\" \/>\n\t<meta name=\"twitter:label2\" content=\"Dur\u00e9e de lecture estim\u00e9e\" \/>\n\t<meta name=\"twitter:data2\" content=\"2 minutes\" \/>\n<script type=\"application\/ld+json\" class=\"yoast-schema-graph\">{\"@context\":\"https:\\\/\\\/schema.org\",\"@graph\":[{\"@type\":\"Article\",\"@id\":\"https:\\\/\\\/www.bellunopress.it\\\/2025\\\/03\\\/15\\\/agrimont-2025-lassessore-caner-inaugura-la-fiera-e-ribadisce-limpegno-per-lagricoltura-di-montagna\\\/#article\",\"isPartOf\":{\"@id\":\"https:\\\/\\\/www.bellunopress.it\\\/2025\\\/03\\\/15\\\/agrimont-2025-lassessore-caner-inaugura-la-fiera-e-ribadisce-limpegno-per-lagricoltura-di-montagna\\\/\"},\"author\":{\"name\":\"redazione\",\"@id\":\"https:\\\/\\\/www.bellunopress.it\\\/#\\\/schema\\\/person\\\/79bb06722b37ece1c03d3e94beb30d73\"},\"headline\":\"Agrimont 2025: l\u2019assessore Caner inaugura la fiera e ribadisce l\u2019impegno per l\u2019agricoltura di montagna\",\"datePublished\":\"2025-03-15T12:45:52+00:00\",\"mainEntityOfPage\":{\"@id\":\"https:\\\/\\\/www.bellunopress.it\\\/2025\\\/03\\\/15\\\/agrimont-2025-lassessore-caner-inaugura-la-fiera-e-ribadisce-limpegno-per-lagricoltura-di-montagna\\\/\"},\"wordCount\":346,\"publisher\":{\"@id\":\"https:\\\/\\\/www.bellunopress.it\\\/#organization\"},\"image\":{\"@id\":\"https:\\\/\\\/www.bellunopress.it\\\/2025\\\/03\\\/15\\\/agrimont-2025-lassessore-caner-inaugura-la-fiera-e-ribadisce-limpegno-per-lagricoltura-di-montagna\\\/#primaryimage\"},\"thumbnailUrl\":\"https:\\\/\\\/www.bellunopress.it\\\/wp-content\\\/uploads\\\/2025\\\/03\\\/Agrimont-2025.jpg\",\"articleSection\":[\"Cronaca\\\/Politica\",\"Prima Pagina\"],\"inLanguage\":\"fr-FR\"},{\"@type\":\"WebPage\",\"@id\":\"https:\\\/\\\/www.bellunopress.it\\\/2025\\\/03\\\/15\\\/agrimont-2025-lassessore-caner-inaugura-la-fiera-e-ribadisce-limpegno-per-lagricoltura-di-montagna\\\/\",\"url\":\"https:\\\/\\\/www.bellunopress.it\\\/2025\\\/03\\\/15\\\/agrimont-2025-lassessore-caner-inaugura-la-fiera-e-ribadisce-limpegno-per-lagricoltura-di-montagna\\\/\",\"name\":\"Agrimont 2025: l\u2019assessore Caner inaugura la fiera e ribadisce l\u2019impegno per l\u2019agricoltura di montagna - Bellunopress - Dolomiti\",\"isPartOf\":{\"@id\":\"https:\\\/\\\/www.bellunopress.it\\\/#website\"},\"primaryImageOfPage\":{\"@id\":\"https:\\\/\\\/www.bellunopress.it\\\/2025\\\/03\\\/15\\\/agrimont-2025-lassessore-caner-inaugura-la-fiera-e-ribadisce-limpegno-per-lagricoltura-di-montagna\\\/#primaryimage\"},\"image\":{\"@id\":\"https:\\\/\\\/www.bellunopress.it\\\/2025\\\/03\\\/15\\\/agrimont-2025-lassessore-caner-inaugura-la-fiera-e-ribadisce-limpegno-per-lagricoltura-di-montagna\\\/#primaryimage\"},\"thumbnailUrl\":\"https:\\\/\\\/www.bellunopress.it\\\/wp-content\\\/uploads\\\/2025\\\/03\\\/Agrimont-2025.jpg\",\"datePublished\":\"2025-03-15T12:45:52+00:00\",\"breadcrumb\":{\"@id\":\"https:\\\/\\\/www.bellunopress.it\\\/2025\\\/03\\\/15\\\/agrimont-2025-lassessore-caner-inaugura-la-fiera-e-ribadisce-limpegno-per-lagricoltura-di-montagna\\\/#breadcrumb\"},\"inLanguage\":\"fr-FR\",\"potentialAction\":[{\"@type\":\"ReadAction\",\"target\":[\"https:\\\/\\\/www.bellunopress.it\\\/2025\\\/03\\\/15\\\/agrimont-2025-lassessore-caner-inaugura-la-fiera-e-ribadisce-limpegno-per-lagricoltura-di-montagna\\\/\"]}]},{\"@type\":\"ImageObject\",\"inLanguage\":\"fr-FR\",\"@id\":\"https:\\\/\\\/www.bellunopress.it\\\/2025\\\/03\\\/15\\\/agrimont-2025-lassessore-caner-inaugura-la-fiera-e-ribadisce-limpegno-per-lagricoltura-di-montagna\\\/#primaryimage\",\"url\":\"https:\\\/\\\/www.bellunopress.it\\\/wp-content\\\/uploads\\\/2025\\\/03\\\/Agrimont-2025.jpg\",\"contentUrl\":\"https:\\\/\\\/www.bellunopress.it\\\/wp-content\\\/uploads\\\/2025\\\/03\\\/Agrimont-2025.jpg\",\"width\":1000,\"height\":750,\"caption\":\"Longarone Fiere, 15 marzo 2025 - Inaugurazione Agrimont 2025\"},{\"@type\":\"BreadcrumbList\",\"@id\":\"https:\\\/\\\/www.bellunopress.it\\\/2025\\\/03\\\/15\\\/agrimont-2025-lassessore-caner-inaugura-la-fiera-e-ribadisce-limpegno-per-lagricoltura-di-montagna\\\/#breadcrumb\",\"itemListElement\":[{\"@type\":\"ListItem\",\"position\":1,\"name\":\"Home\",\"item\":\"https:\\\/\\\/www.bellunopress.it\\\/\"},{\"@type\":\"ListItem\",\"position\":2,\"name\":\"Agrimont 2025: l\u2019assessore Caner inaugura la fiera e ribadisce l\u2019impegno per l\u2019agricoltura di montagna\"}]},{\"@type\":\"WebSite\",\"@id\":\"https:\\\/\\\/www.bellunopress.it\\\/#website\",\"url\":\"https:\\\/\\\/www.bellunopress.it\\\/\",\"name\":\"Bellunopress - Dolomiti\",\"description\":\"e-mail: redazione@bellunopress.it\",\"publisher\":{\"@id\":\"https:\\\/\\\/www.bellunopress.it\\\/#organization\"},\"potentialAction\":[{\"@type\":\"SearchAction\",\"target\":{\"@type\":\"EntryPoint\",\"urlTemplate\":\"https:\\\/\\\/www.bellunopress.it\\\/?s={search_term_string}\"},\"query-input\":{\"@type\":\"PropertyValueSpecification\",\"valueRequired\":true,\"valueName\":\"search_term_string\"}}],\"inLanguage\":\"fr-FR\"},{\"@type\":\"Organization\",\"@id\":\"https:\\\/\\\/www.bellunopress.it\\\/#organization\",\"name\":\"Bellunopress\",\"url\":\"https:\\\/\\\/www.bellunopress.it\\\/\",\"logo\":{\"@type\":\"ImageObject\",\"inLanguage\":\"fr-FR\",\"@id\":\"https:\\\/\\\/www.bellunopress.it\\\/#\\\/schema\\\/logo\\\/image\\\/\",\"url\":\"https:\\\/\\\/www.bellunopress.it\\\/wp-content\\\/uploads\\\/2011\\\/05\\\/cropped-logo-bellunopress-.jpg\",\"contentUrl\":\"https:\\\/\\\/www.bellunopress.it\\\/wp-content\\\/uploads\\\/2011\\\/05\\\/cropped-logo-bellunopress-.jpg\",\"width\":512,\"height\":512,\"caption\":\"Bellunopress\"},\"image\":{\"@id\":\"https:\\\/\\\/www.bellunopress.it\\\/#\\\/schema\\\/logo\\\/image\\\/\"},\"sameAs\":[\"https:\\\/\\\/www.facebook.com\\\/profile.php?id=100008943462799\",\"https:\\\/\\\/x.com\\\/bellunopress\",\"https:\\\/\\\/www.linkedin.com\\\/hp\\\/?dnr=JBzUWaJfMUw8vbXJJ2tVW5-I3jZKvC4wsoxE&amp;amp;amp;amp;amp;amp;trk=nav_responsive_tab_home\",\"https:\\\/\\\/www.youtube.com\\\/channel\\\/UCxL0wu1uN0_3_7hGG0306cw\"]},{\"@type\":\"Person\",\"@id\":\"https:\\\/\\\/www.bellunopress.it\\\/#\\\/schema\\\/person\\\/79bb06722b37ece1c03d3e94beb30d73\",\"name\":\"redazione\",\"image\":{\"@type\":\"ImageObject\",\"inLanguage\":\"fr-FR\",\"@id\":\"https:\\\/\\\/secure.gravatar.com\\\/avatar\\\/37d968a2e67a6fd04c169c4bdef102d0bc5d31b2546345219e348575eb80e9a0?s=96&d=mm&r=g\",\"url\":\"https:\\\/\\\/secure.gravatar.com\\\/avatar\\\/37d968a2e67a6fd04c169c4bdef102d0bc5d31b2546345219e348575eb80e9a0?s=96&d=mm&r=g\",\"contentUrl\":\"https:\\\/\\\/secure.gravatar.com\\\/avatar\\\/37d968a2e67a6fd04c169c4bdef102d0bc5d31b2546345219e348575eb80e9a0?s=96&d=mm&r=g\",\"caption\":\"redazione\"},\"sameAs\":[\"http:\\\/\\\/www.bellunopress.it\",\"https:\\\/\\\/x.com\\\/bellunopress\"],\"url\":\"https:\\\/\\\/www.bellunopress.it\\\/fr\\\/author\\\/redazione\\\/\"}]}<\/script>\n<!-- \/ Yoast SEO plugin. -->","yoast_head_json":{"title":"Agrimont 2025: l\u2019assessore Caner inaugura la fiera e ribadisce l\u2019impegno per l\u2019agricoltura di montagna - Bellunopress - Dolomiti","robots":{"index":"index","follow":"follow","max-snippet":"max-snippet:-1","max-image-preview":"max-image-preview:large","max-video-preview":"max-video-preview:-1"},"canonical":"https:\/\/www.bellunopress.it\/fr\/2025\/03\/15\/agrimont-2025-lassessore-caner-inaugura-la-fiera-e-ribadisce-limpegno-per-lagricoltura-di-montagna\/","og_locale":"fr_FR","og_type":"article","og_title":"Agrimont 2025: l\u2019assessore Caner inaugura la fiera e ribadisce l\u2019impegno per l\u2019agricoltura di montagna - Bellunopress - Dolomiti","og_description":"Longarone, 15 marzo 2025\u00a0 &#8211;\u00a0\u00a0La montagna veneta rappresenta meno dell\u20198% delle imprese agricole regionali, ma il suo ruolo va ben oltre il dato numerico: tutela il territorio, garantisce sicurezza idrogeologica e ne valorizza l\u2019attrattivit\u00e0 turistica. Con questa consapevolezza, la Regione Veneto ha destinato alla montagna il 40% delle risorse del Programma di Sviluppo Rurale (PSR) [&hellip;]","og_url":"https:\/\/www.bellunopress.it\/fr\/2025\/03\/15\/agrimont-2025-lassessore-caner-inaugura-la-fiera-e-ribadisce-limpegno-per-lagricoltura-di-montagna\/","og_site_name":"Bellunopress - Dolomiti","article_publisher":"https:\/\/www.facebook.com\/profile.php?id=100008943462799","article_published_time":"2025-03-15T12:45:52+00:00","og_image":[{"width":1000,"height":750,"url":"https:\/\/www.bellunopress.it\/wp-content\/uploads\/2025\/03\/Agrimont-2025.jpg","type":"image\/jpeg"}],"author":"redazione","twitter_card":"summary_large_image","twitter_creator":"@bellunopress","twitter_site":"@bellunopress","twitter_misc":{"\u00c9crit par":"redazione","Dur\u00e9e de lecture estim\u00e9e":"2 minutes"},"schema":{"@context":"https:\/\/schema.org","@graph":[{"@type":"Article","@id":"https:\/\/www.bellunopress.it\/2025\/03\/15\/agrimont-2025-lassessore-caner-inaugura-la-fiera-e-ribadisce-limpegno-per-lagricoltura-di-montagna\/#article","isPartOf":{"@id":"https:\/\/www.bellunopress.it\/2025\/03\/15\/agrimont-2025-lassessore-caner-inaugura-la-fiera-e-ribadisce-limpegno-per-lagricoltura-di-montagna\/"},"author":{"name":"redazione","@id":"https:\/\/www.bellunopress.it\/#\/schema\/person\/79bb06722b37ece1c03d3e94beb30d73"},"headline":"Agrimont 2025: l\u2019assessore Caner inaugura la fiera e ribadisce l\u2019impegno per l\u2019agricoltura di montagna","datePublished":"2025-03-15T12:45:52+00:00","mainEntityOfPage":{"@id":"https:\/\/www.bellunopress.it\/2025\/03\/15\/agrimont-2025-lassessore-caner-inaugura-la-fiera-e-ribadisce-limpegno-per-lagricoltura-di-montagna\/"},"wordCount":346,"publisher":{"@id":"https:\/\/www.bellunopress.it\/#organization"},"image":{"@id":"https:\/\/www.bellunopress.it\/2025\/03\/15\/agrimont-2025-lassessore-caner-inaugura-la-fiera-e-ribadisce-limpegno-per-lagricoltura-di-montagna\/#primaryimage"},"thumbnailUrl":"https:\/\/www.bellunopress.it\/wp-content\/uploads\/2025\/03\/Agrimont-2025.jpg","articleSection":["Cronaca\/Politica","Prima Pagina"],"inLanguage":"fr-FR"},{"@type":"WebPage","@id":"https:\/\/www.bellunopress.it\/2025\/03\/15\/agrimont-2025-lassessore-caner-inaugura-la-fiera-e-ribadisce-limpegno-per-lagricoltura-di-montagna\/","url":"https:\/\/www.bellunopress.it\/2025\/03\/15\/agrimont-2025-lassessore-caner-inaugura-la-fiera-e-ribadisce-limpegno-per-lagricoltura-di-montagna\/","name":"Agrimont 2025: l\u2019assessore Caner inaugura la fiera e ribadisce l\u2019impegno per l\u2019agricoltura di montagna - Bellunopress - Dolomiti","isPartOf":{"@id":"https:\/\/www.bellunopress.it\/#website"},"primaryImageOfPage":{"@id":"https:\/\/www.bellunopress.it\/2025\/03\/15\/agrimont-2025-lassessore-caner-inaugura-la-fiera-e-ribadisce-limpegno-per-lagricoltura-di-montagna\/#primaryimage"},"image":{"@id":"https:\/\/www.bellunopress.it\/2025\/03\/15\/agrimont-2025-lassessore-caner-inaugura-la-fiera-e-ribadisce-limpegno-per-lagricoltura-di-montagna\/#primaryimage"},"thumbnailUrl":"https:\/\/www.bellunopress.it\/wp-content\/uploads\/2025\/03\/Agrimont-2025.jpg","datePublished":"2025-03-15T12:45:52+00:00","breadcrumb":{"@id":"https:\/\/www.bellunopress.it\/2025\/03\/15\/agrimont-2025-lassessore-caner-inaugura-la-fiera-e-ribadisce-limpegno-per-lagricoltura-di-montagna\/#breadcrumb"},"inLanguage":"fr-FR","potentialAction":[{"@type":"ReadAction","target":["https:\/\/www.bellunopress.it\/2025\/03\/15\/agrimont-2025-lassessore-caner-inaugura-la-fiera-e-ribadisce-limpegno-per-lagricoltura-di-montagna\/"]}]},{"@type":"ImageObject","inLanguage":"fr-FR","@id":"https:\/\/www.bellunopress.it\/2025\/03\/15\/agrimont-2025-lassessore-caner-inaugura-la-fiera-e-ribadisce-limpegno-per-lagricoltura-di-montagna\/#primaryimage","url":"https:\/\/www.bellunopress.it\/wp-content\/uploads\/2025\/03\/Agrimont-2025.jpg","contentUrl":"https:\/\/www.bellunopress.it\/wp-content\/uploads\/2025\/03\/Agrimont-2025.jpg","width":1000,"height":750,"caption":"Longarone Fiere, 15 marzo 2025 - Inaugurazione Agrimont 2025"},{"@type":"BreadcrumbList","@id":"https:\/\/www.bellunopress.it\/2025\/03\/15\/agrimont-2025-lassessore-caner-inaugura-la-fiera-e-ribadisce-limpegno-per-lagricoltura-di-montagna\/#breadcrumb","itemListElement":[{"@type":"ListItem","position":1,"name":"Home","item":"https:\/\/www.bellunopress.it\/"},{"@type":"ListItem","position":2,"name":"Agrimont 2025: l\u2019assessore Caner inaugura la fiera e ribadisce l\u2019impegno per l\u2019agricoltura di montagna"}]},{"@type":"WebSite","@id":"https:\/\/www.bellunopress.it\/#website","url":"https:\/\/www.bellunopress.it\/","name":"Bellunopress - Dolomiti","description":"e-mail: redazione@bellunopress.it","publisher":{"@id":"https:\/\/www.bellunopress.it\/#organization"},"potentialAction":[{"@type":"SearchAction","target":{"@type":"EntryPoint","urlTemplate":"https:\/\/www.bellunopress.it\/?s={search_term_string}"},"query-input":{"@type":"PropertyValueSpecification","valueRequired":true,"valueName":"search_term_string"}}],"inLanguage":"fr-FR"},{"@type":"Organization","@id":"https:\/\/www.bellunopress.it\/#organization","name":"Bellunopress","url":"https:\/\/www.bellunopress.it\/","logo":{"@type":"ImageObject","inLanguage":"fr-FR","@id":"https:\/\/www.bellunopress.it\/#\/schema\/logo\/image\/","url":"https:\/\/www.bellunopress.it\/wp-content\/uploads\/2011\/05\/cropped-logo-bellunopress-.jpg","contentUrl":"https:\/\/www.bellunopress.it\/wp-content\/uploads\/2011\/05\/cropped-logo-bellunopress-.jpg","width":512,"height":512,"caption":"Bellunopress"},"image":{"@id":"https:\/\/www.bellunopress.it\/#\/schema\/logo\/image\/"},"sameAs":["https:\/\/www.facebook.com\/profile.php?id=100008943462799","https:\/\/x.com\/bellunopress","https:\/\/www.linkedin.com\/hp\/?dnr=JBzUWaJfMUw8vbXJJ2tVW5-I3jZKvC4wsoxE&amp;amp;amp;amp;amp;amp;trk=nav_responsive_tab_home","https:\/\/www.youtube.com\/channel\/UCxL0wu1uN0_3_7hGG0306cw"]},{"@type":"Person","@id":"https:\/\/www.bellunopress.it\/#\/schema\/person\/79bb06722b37ece1c03d3e94beb30d73","name":"r\u00e9daction","image":{"@type":"ImageObject","inLanguage":"fr-FR","@id":"https:\/\/secure.gravatar.com\/avatar\/37d968a2e67a6fd04c169c4bdef102d0bc5d31b2546345219e348575eb80e9a0?s=96&d=mm&r=g","url":"https:\/\/secure.gravatar.com\/avatar\/37d968a2e67a6fd04c169c4bdef102d0bc5d31b2546345219e348575eb80e9a0?s=96&d=mm&r=g","contentUrl":"https:\/\/secure.gravatar.com\/avatar\/37d968a2e67a6fd04c169c4bdef102d0bc5d31b2546345219e348575eb80e9a0?s=96&d=mm&r=g","caption":"redazione"},"sameAs":["http:\/\/www.bellunopress.it","https:\/\/x.com\/bellunopress"],"url":"https:\/\/www.bellunopress.it\/fr\/author\/redazione\/"}]}},"_links":{"self":[{"href":"https:\/\/www.bellunopress.it\/fr\/wp-json\/wp\/v2\/posts\/158618","targetHints":{"allow":["GET"]}}],"collection":[{"href":"https:\/\/www.bellunopress.it\/fr\/wp-json\/wp\/v2\/posts"}],"about":[{"href":"https:\/\/www.bellunopress.it\/fr\/wp-json\/wp\/v2\/types\/post"}],"author":[{"embeddable":true,"href":"https:\/\/www.bellunopress.it\/fr\/wp-json\/wp\/v2\/users\/2"}],"replies":[{"embeddable":true,"href":"https:\/\/www.bellunopress.it\/fr\/wp-json\/wp\/v2\/comments?post=158618"}],"version-history":[{"count":1,"href":"https:\/\/www.bellunopress.it\/fr\/wp-json\/wp\/v2\/posts\/158618\/revisions"}],"predecessor-version":[{"id":158620,"href":"https:\/\/www.bellunopress.it\/fr\/wp-json\/wp\/v2\/posts\/158618\/revisions\/158620"}],"wp:featuredmedia":[{"embeddable":true,"href":"https:\/\/www.bellunopress.it\/fr\/wp-json\/wp\/v2\/media\/158619"}],"wp:attachment":[{"href":"https:\/\/www.bellunopress.it\/fr\/wp-json\/wp\/v2\/media?parent=158618"}],"wp:term":[{"taxonomy":"category","embeddable":true,"href":"https:\/\/www.bellunopress.it\/fr\/wp-json\/wp\/v2\/categories?post=158618"},{"taxonomy":"post_tag","embeddable":true,"href":"https:\/\/www.bellunopress.it\/fr\/wp-json\/wp\/v2\/tags?post=158618"}],"curies":[{"name":"wp","href":"https:\/\/api.w.org\/{rel}","templated":true}]}}