{"id":158612,"date":"2025-03-15T12:37:33","date_gmt":"2025-03-15T11:37:33","guid":{"rendered":"https:\/\/www.bellunopress.it\/?p=158612"},"modified":"2025-03-15T12:37:33","modified_gmt":"2025-03-15T11:37:33","slug":"la-lega-verso-il-congresso-federale-salvini-candidato-unico-la-liga-veneta-rilancia-i-suoi-valori","status":"publish","type":"post","link":"https:\/\/www.bellunopress.it\/fr\/2025\/03\/15\/la-lega-verso-il-congresso-federale-salvini-candidato-unico-la-liga-veneta-rilancia-i-suoi-valori\/","title":{"rendered":"La Lega verso il Congresso Federale: Salvini candidato unico, la Liga Veneta rilancia i suoi valori"},"content":{"rendered":"<figure id=\"attachment_139204\" aria-describedby=\"caption-attachment-139204\" style=\"width: 554px\" class=\"wp-caption aligncenter\"><img loading=\"lazy\" decoding=\"async\" class=\"size-full wp-image-139204\" src=\"https:\/\/www.bellunopress.it\/wp-content\/uploads\/2023\/01\/De-Bernardin_edited.jpg\" alt=\"\" width=\"554\" height=\"506\" srcset=\"https:\/\/www.bellunopress.it\/wp-content\/uploads\/2023\/01\/De-Bernardin_edited.jpg 554w, https:\/\/www.bellunopress.it\/wp-content\/uploads\/2023\/01\/De-Bernardin_edited-500x457.jpg 500w, https:\/\/www.bellunopress.it\/wp-content\/uploads\/2023\/01\/De-Bernardin_edited-460x420.jpg 460w\" sizes=\"auto, (max-width: 554px) 100vw, 554px\" \/><figcaption id=\"caption-attachment-139204\" class=\"wp-caption-text\">Andrea De Bernardin, segretario provinciale Lega<\/figcaption><\/figure>\n<p data-start=\"107\" data-end=\"379\">La Lega si prepara al Congresso Federale del 5 e 6 aprile, un appuntamento cruciale per il futuro del partito. Al momento, il candidato unico alla segreteria \u00e8 Matteo Salvini, leader uscente e vicepremier, che si appresta a ricevere la conferma alla guida del movimento.<\/p>\n<p data-start=\"381\" data-end=\"1016\">Nel frattempo, sul fronte veneto, la Liga Veneta continua a rafforzare la propria identit\u00e0 e il radicamento sul territorio. Il segretario regionale Alberto Stefani, con il sostegno dei segretari provinciali, ha elaborato la mozione <em data-start=\"613\" data-end=\"634\">&#8220;Futuro e Identit\u00e0&#8221;<\/em>, un documento che sintetizza i principi fondanti del movimento e che sar\u00e0 presentato al Congresso. I sei punti programmatici della mozione ribadiscono l\u2019impegno per la difesa dell&#8217;identit\u00e0 locale, l&#8217;Autonomia, il Federalismo fiscale, la Questione settentrionale, il buongoverno e la vicinanza ai territori. Valori cardine che la Liga Veneta intende preservare con determinazione.<\/p>\n<h3 data-start=\"1018\" data-end=\"1083\">Mobilitazione sul territorio: tesseramento e raccolta firme<\/h3>\n<p data-start=\"1084\" data-end=\"1824\">A livello locale, la Segreteria provinciale \u00e8 impegnata su pi\u00f9 fronti. In primo piano la campagna tesseramento, con l\u2019obiettivo di ampliare la base dei sostenitori. Forte partecipazione anche ai gazebo allestiti in diverse localit\u00e0 della provincia, tra cui Belluno, Sedico, Agordo, Canale d\u2019Agordo, Trichiana e Pieve di Cadore, dove numerosi cittadini hanno firmato a favore dell\u2019iniziativa <em data-start=\"1475\" data-end=\"1493\">Veneti ai Veneti<\/em>, sostenendo Luca Zaia per un nuovo mandato alla guida della Regione. Alta affluenza anche per la raccolta firme a supporto delle Forze dell\u2019ordine, con un ritorno di entusiasmo che non si registrava da tempo. Il prossimo appuntamento \u00e8 fissato per il 15 marzo a Tambre, con nuovi gazebo previsti nei giorni successivi ad Agordo.<\/p>\n<h3 data-start=\"1826\" data-end=\"1858\">Eventi e incontri tematici<\/h3>\n<p data-start=\"1859\" data-end=\"2377\">Non solo politica, ma anche occasioni conviviali: grande successo per le iniziative organizzate a Sospirolo per la Festa della Donna e a Limana per un brindisi in amicizia. Sul fronte degli incontri pubblici, si sta definendo un importante evento sulla Sicurezza, previsto per la fine del mese nella zona di Sedico. Un altro appuntamento chiave sar\u00e0 il confronto sulla Legge della Montagna, promossa dal Ministro Calderoli e attualmente in attesa di approvazione definitiva alla Camera dopo il via libera del Senato.<\/p>\n<h3 data-start=\"2379\" data-end=\"2453\">Salvini: no a soldati in Ucraina e stop alla corsa al debito europeo<\/h3>\n<p data-start=\"2454\" data-end=\"2856\">Intanto, il Vicepremier Matteo Salvini continua a portare avanti le sue battaglie politiche a livello nazionale e internazionale. Tra i temi centrali, il no deciso all\u2019invio di soldati italiani in Ucraina e la ferma opposizione a un indebitamento eccessivo dell\u2019Europa per finanziare la corsa agli armamenti. Due posizioni che segnano il solco della linea leghista sullo scenario geopolitico attuale.<\/p>\n<p data-start=\"2858\" data-end=\"3066\">La Lega si appresta dunque a vivere un Congresso decisivo, con la Liga Veneta pronta a far sentire la propria voce, riaffermando il suo ruolo storico di baluardo dell\u2019autonomia e dell\u2019identit\u00e0 territoriale.<\/p>\n<p>&nbsp;<\/p>\n<p>&nbsp;<\/p>\n<p>&nbsp;<\/p>\n<p>&nbsp;<\/p>\n<p>&nbsp;<\/p>\n<p>&nbsp;<\/p>","protected":false},"excerpt":{"rendered":"<p>La Lega si prepara al Congresso Federale del 5 e 6 aprile, un appuntamento cruciale per il futuro del partito. Al momento, il candidato unico alla segreteria \u00e8 Matteo Salvini, leader uscente e vicepremier, che si appresta a ricevere la conferma alla guida del movimento. Nel frattempo, sul fronte veneto, la Liga Veneta continua a [&hellip;]<\/p>\n","protected":false},"author":2,"featured_media":139204,"comment_status":"closed","ping_status":"open","sticky":false,"template":"","format":"standard","meta":{"footnotes":""},"categories":[5,26],"tags":[],"class_list":["post-158612","post","type-post","status-publish","format-standard","has-post-thumbnail","category-cronaca","category-prima-pagina"],"yoast_head":"<!-- This site is optimized with the Yoast SEO plugin v28.4 - https:\/\/yoast.com\/product\/yoast-seo-wordpress\/ -->\n<title>La Lega verso il Congresso Federale: Salvini candidato unico, la Liga Veneta rilancia i suoi valori - Bellunopress - Dolomiti<\/title>\n<meta name=\"robots\" content=\"index, follow, max-snippet:-1, max-image-preview:large, max-video-preview:-1\" \/>\n<link rel=\"canonical\" href=\"https:\/\/www.bellunopress.it\/fr\/2025\/03\/15\/la-lega-verso-il-congresso-federale-salvini-candidato-unico-la-liga-veneta-rilancia-i-suoi-valori\/\" \/>\n<meta property=\"og:locale\" content=\"fr_FR\" \/>\n<meta property=\"og:type\" content=\"article\" \/>\n<meta property=\"og:title\" content=\"La Lega verso il Congresso Federale: Salvini candidato unico, la Liga Veneta rilancia i suoi valori - Bellunopress - Dolomiti\" \/>\n<meta property=\"og:description\" content=\"La Lega si prepara al Congresso Federale del 5 e 6 aprile, un appuntamento cruciale per il futuro del partito. Al momento, il candidato unico alla segreteria \u00e8 Matteo Salvini, leader uscente e vicepremier, che si appresta a ricevere la conferma alla guida del movimento. Nel frattempo, sul fronte veneto, la Liga Veneta continua a [&hellip;]\" \/>\n<meta property=\"og:url\" content=\"https:\/\/www.bellunopress.it\/fr\/2025\/03\/15\/la-lega-verso-il-congresso-federale-salvini-candidato-unico-la-liga-veneta-rilancia-i-suoi-valori\/\" \/>\n<meta property=\"og:site_name\" content=\"Bellunopress - Dolomiti\" \/>\n<meta property=\"article:publisher\" content=\"https:\/\/www.facebook.com\/profile.php?id=100008943462799\" \/>\n<meta property=\"article:published_time\" content=\"2025-03-15T11:37:33+00:00\" \/>\n<meta property=\"og:image\" content=\"https:\/\/www.bellunopress.it\/wp-content\/uploads\/2023\/01\/De-Bernardin_edited.jpg\" \/>\n\t<meta property=\"og:image:width\" content=\"554\" \/>\n\t<meta property=\"og:image:height\" content=\"506\" \/>\n\t<meta property=\"og:image:type\" content=\"image\/jpeg\" \/>\n<meta name=\"author\" content=\"redazione\" \/>\n<meta name=\"twitter:card\" content=\"summary_large_image\" \/>\n<meta name=\"twitter:creator\" content=\"@bellunopress\" \/>\n<meta name=\"twitter:site\" content=\"@bellunopress\" \/>\n<meta name=\"twitter:label1\" content=\"\u00c9crit par\" \/>\n\t<meta name=\"twitter:data1\" content=\"redazione\" \/>\n\t<meta name=\"twitter:label2\" content=\"Dur\u00e9e de lecture estim\u00e9e\" \/>\n\t<meta name=\"twitter:data2\" content=\"2 minutes\" \/>\n<script type=\"application\/ld+json\" class=\"yoast-schema-graph\">{\"@context\":\"https:\\\/\\\/schema.org\",\"@graph\":[{\"@type\":\"Article\",\"@id\":\"https:\\\/\\\/www.bellunopress.it\\\/2025\\\/03\\\/15\\\/la-lega-verso-il-congresso-federale-salvini-candidato-unico-la-liga-veneta-rilancia-i-suoi-valori\\\/#article\",\"isPartOf\":{\"@id\":\"https:\\\/\\\/www.bellunopress.it\\\/2025\\\/03\\\/15\\\/la-lega-verso-il-congresso-federale-salvini-candidato-unico-la-liga-veneta-rilancia-i-suoi-valori\\\/\"},\"author\":{\"name\":\"redazione\",\"@id\":\"https:\\\/\\\/www.bellunopress.it\\\/#\\\/schema\\\/person\\\/79bb06722b37ece1c03d3e94beb30d73\"},\"headline\":\"La Lega verso il Congresso Federale: Salvini candidato unico, la Liga Veneta rilancia i suoi valori\",\"datePublished\":\"2025-03-15T11:37:33+00:00\",\"mainEntityOfPage\":{\"@id\":\"https:\\\/\\\/www.bellunopress.it\\\/2025\\\/03\\\/15\\\/la-lega-verso-il-congresso-federale-salvini-candidato-unico-la-liga-veneta-rilancia-i-suoi-valori\\\/\"},\"wordCount\":483,\"publisher\":{\"@id\":\"https:\\\/\\\/www.bellunopress.it\\\/#organization\"},\"image\":{\"@id\":\"https:\\\/\\\/www.bellunopress.it\\\/2025\\\/03\\\/15\\\/la-lega-verso-il-congresso-federale-salvini-candidato-unico-la-liga-veneta-rilancia-i-suoi-valori\\\/#primaryimage\"},\"thumbnailUrl\":\"https:\\\/\\\/www.bellunopress.it\\\/wp-content\\\/uploads\\\/2023\\\/01\\\/De-Bernardin_edited.jpg\",\"articleSection\":[\"Cronaca\\\/Politica\",\"Prima Pagina\"],\"inLanguage\":\"fr-FR\"},{\"@type\":\"WebPage\",\"@id\":\"https:\\\/\\\/www.bellunopress.it\\\/2025\\\/03\\\/15\\\/la-lega-verso-il-congresso-federale-salvini-candidato-unico-la-liga-veneta-rilancia-i-suoi-valori\\\/\",\"url\":\"https:\\\/\\\/www.bellunopress.it\\\/2025\\\/03\\\/15\\\/la-lega-verso-il-congresso-federale-salvini-candidato-unico-la-liga-veneta-rilancia-i-suoi-valori\\\/\",\"name\":\"La Lega verso il Congresso Federale: Salvini candidato unico, la Liga Veneta rilancia i suoi valori - Bellunopress - Dolomiti\",\"isPartOf\":{\"@id\":\"https:\\\/\\\/www.bellunopress.it\\\/#website\"},\"primaryImageOfPage\":{\"@id\":\"https:\\\/\\\/www.bellunopress.it\\\/2025\\\/03\\\/15\\\/la-lega-verso-il-congresso-federale-salvini-candidato-unico-la-liga-veneta-rilancia-i-suoi-valori\\\/#primaryimage\"},\"image\":{\"@id\":\"https:\\\/\\\/www.bellunopress.it\\\/2025\\\/03\\\/15\\\/la-lega-verso-il-congresso-federale-salvini-candidato-unico-la-liga-veneta-rilancia-i-suoi-valori\\\/#primaryimage\"},\"thumbnailUrl\":\"https:\\\/\\\/www.bellunopress.it\\\/wp-content\\\/uploads\\\/2023\\\/01\\\/De-Bernardin_edited.jpg\",\"datePublished\":\"2025-03-15T11:37:33+00:00\",\"breadcrumb\":{\"@id\":\"https:\\\/\\\/www.bellunopress.it\\\/2025\\\/03\\\/15\\\/la-lega-verso-il-congresso-federale-salvini-candidato-unico-la-liga-veneta-rilancia-i-suoi-valori\\\/#breadcrumb\"},\"inLanguage\":\"fr-FR\",\"potentialAction\":[{\"@type\":\"ReadAction\",\"target\":[\"https:\\\/\\\/www.bellunopress.it\\\/2025\\\/03\\\/15\\\/la-lega-verso-il-congresso-federale-salvini-candidato-unico-la-liga-veneta-rilancia-i-suoi-valori\\\/\"]}]},{\"@type\":\"ImageObject\",\"inLanguage\":\"fr-FR\",\"@id\":\"https:\\\/\\\/www.bellunopress.it\\\/2025\\\/03\\\/15\\\/la-lega-verso-il-congresso-federale-salvini-candidato-unico-la-liga-veneta-rilancia-i-suoi-valori\\\/#primaryimage\",\"url\":\"https:\\\/\\\/www.bellunopress.it\\\/wp-content\\\/uploads\\\/2023\\\/01\\\/De-Bernardin_edited.jpg\",\"contentUrl\":\"https:\\\/\\\/www.bellunopress.it\\\/wp-content\\\/uploads\\\/2023\\\/01\\\/De-Bernardin_edited.jpg\",\"width\":554,\"height\":506,\"caption\":\"Andrea De Bernardin, segretario provinciale Lega\"},{\"@type\":\"BreadcrumbList\",\"@id\":\"https:\\\/\\\/www.bellunopress.it\\\/2025\\\/03\\\/15\\\/la-lega-verso-il-congresso-federale-salvini-candidato-unico-la-liga-veneta-rilancia-i-suoi-valori\\\/#breadcrumb\",\"itemListElement\":[{\"@type\":\"ListItem\",\"position\":1,\"name\":\"Home\",\"item\":\"https:\\\/\\\/www.bellunopress.it\\\/\"},{\"@type\":\"ListItem\",\"position\":2,\"name\":\"La Lega verso il Congresso Federale: Salvini candidato unico, la Liga Veneta rilancia i suoi valori\"}]},{\"@type\":\"WebSite\",\"@id\":\"https:\\\/\\\/www.bellunopress.it\\\/#website\",\"url\":\"https:\\\/\\\/www.bellunopress.it\\\/\",\"name\":\"Bellunopress - Dolomiti\",\"description\":\"e-mail: redazione@bellunopress.it\",\"publisher\":{\"@id\":\"https:\\\/\\\/www.bellunopress.it\\\/#organization\"},\"potentialAction\":[{\"@type\":\"SearchAction\",\"target\":{\"@type\":\"EntryPoint\",\"urlTemplate\":\"https:\\\/\\\/www.bellunopress.it\\\/?s={search_term_string}\"},\"query-input\":{\"@type\":\"PropertyValueSpecification\",\"valueRequired\":true,\"valueName\":\"search_term_string\"}}],\"inLanguage\":\"fr-FR\"},{\"@type\":\"Organization\",\"@id\":\"https:\\\/\\\/www.bellunopress.it\\\/#organization\",\"name\":\"Bellunopress\",\"url\":\"https:\\\/\\\/www.bellunopress.it\\\/\",\"logo\":{\"@type\":\"ImageObject\",\"inLanguage\":\"fr-FR\",\"@id\":\"https:\\\/\\\/www.bellunopress.it\\\/#\\\/schema\\\/logo\\\/image\\\/\",\"url\":\"https:\\\/\\\/www.bellunopress.it\\\/wp-content\\\/uploads\\\/2011\\\/05\\\/cropped-logo-bellunopress-.jpg\",\"contentUrl\":\"https:\\\/\\\/www.bellunopress.it\\\/wp-content\\\/uploads\\\/2011\\\/05\\\/cropped-logo-bellunopress-.jpg\",\"width\":512,\"height\":512,\"caption\":\"Bellunopress\"},\"image\":{\"@id\":\"https:\\\/\\\/www.bellunopress.it\\\/#\\\/schema\\\/logo\\\/image\\\/\"},\"sameAs\":[\"https:\\\/\\\/www.facebook.com\\\/profile.php?id=100008943462799\",\"https:\\\/\\\/x.com\\\/bellunopress\",\"https:\\\/\\\/www.linkedin.com\\\/hp\\\/?dnr=JBzUWaJfMUw8vbXJJ2tVW5-I3jZKvC4wsoxE&amp;amp;amp;amp;amp;amp;trk=nav_responsive_tab_home\",\"https:\\\/\\\/www.youtube.com\\\/channel\\\/UCxL0wu1uN0_3_7hGG0306cw\"]},{\"@type\":\"Person\",\"@id\":\"https:\\\/\\\/www.bellunopress.it\\\/#\\\/schema\\\/person\\\/79bb06722b37ece1c03d3e94beb30d73\",\"name\":\"redazione\",\"image\":{\"@type\":\"ImageObject\",\"inLanguage\":\"fr-FR\",\"@id\":\"https:\\\/\\\/secure.gravatar.com\\\/avatar\\\/37d968a2e67a6fd04c169c4bdef102d0bc5d31b2546345219e348575eb80e9a0?s=96&d=mm&r=g\",\"url\":\"https:\\\/\\\/secure.gravatar.com\\\/avatar\\\/37d968a2e67a6fd04c169c4bdef102d0bc5d31b2546345219e348575eb80e9a0?s=96&d=mm&r=g\",\"contentUrl\":\"https:\\\/\\\/secure.gravatar.com\\\/avatar\\\/37d968a2e67a6fd04c169c4bdef102d0bc5d31b2546345219e348575eb80e9a0?s=96&d=mm&r=g\",\"caption\":\"redazione\"},\"sameAs\":[\"http:\\\/\\\/www.bellunopress.it\",\"https:\\\/\\\/x.com\\\/bellunopress\"],\"url\":\"https:\\\/\\\/www.bellunopress.it\\\/fr\\\/author\\\/redazione\\\/\"}]}<\/script>\n<!-- \/ Yoast SEO plugin. -->","yoast_head_json":{"title":"La Lega verso il Congresso Federale: Salvini candidato unico, la Liga Veneta rilancia i suoi valori - Bellunopress - Dolomiti","robots":{"index":"index","follow":"follow","max-snippet":"max-snippet:-1","max-image-preview":"max-image-preview:large","max-video-preview":"max-video-preview:-1"},"canonical":"https:\/\/www.bellunopress.it\/fr\/2025\/03\/15\/la-lega-verso-il-congresso-federale-salvini-candidato-unico-la-liga-veneta-rilancia-i-suoi-valori\/","og_locale":"fr_FR","og_type":"article","og_title":"La Lega verso il Congresso Federale: Salvini candidato unico, la Liga Veneta rilancia i suoi valori - Bellunopress - Dolomiti","og_description":"La Lega si prepara al Congresso Federale del 5 e 6 aprile, un appuntamento cruciale per il futuro del partito. Al momento, il candidato unico alla segreteria \u00e8 Matteo Salvini, leader uscente e vicepremier, che si appresta a ricevere la conferma alla guida del movimento. Nel frattempo, sul fronte veneto, la Liga Veneta continua a [&hellip;]","og_url":"https:\/\/www.bellunopress.it\/fr\/2025\/03\/15\/la-lega-verso-il-congresso-federale-salvini-candidato-unico-la-liga-veneta-rilancia-i-suoi-valori\/","og_site_name":"Bellunopress - Dolomiti","article_publisher":"https:\/\/www.facebook.com\/profile.php?id=100008943462799","article_published_time":"2025-03-15T11:37:33+00:00","og_image":[{"width":554,"height":506,"url":"https:\/\/www.bellunopress.it\/wp-content\/uploads\/2023\/01\/De-Bernardin_edited.jpg","type":"image\/jpeg"}],"author":"redazione","twitter_card":"summary_large_image","twitter_creator":"@bellunopress","twitter_site":"@bellunopress","twitter_misc":{"\u00c9crit par":"redazione","Dur\u00e9e de lecture estim\u00e9e":"2 minutes"},"schema":{"@context":"https:\/\/schema.org","@graph":[{"@type":"Article","@id":"https:\/\/www.bellunopress.it\/2025\/03\/15\/la-lega-verso-il-congresso-federale-salvini-candidato-unico-la-liga-veneta-rilancia-i-suoi-valori\/#article","isPartOf":{"@id":"https:\/\/www.bellunopress.it\/2025\/03\/15\/la-lega-verso-il-congresso-federale-salvini-candidato-unico-la-liga-veneta-rilancia-i-suoi-valori\/"},"author":{"name":"redazione","@id":"https:\/\/www.bellunopress.it\/#\/schema\/person\/79bb06722b37ece1c03d3e94beb30d73"},"headline":"La Lega verso il Congresso Federale: Salvini candidato unico, la Liga Veneta rilancia i suoi valori","datePublished":"2025-03-15T11:37:33+00:00","mainEntityOfPage":{"@id":"https:\/\/www.bellunopress.it\/2025\/03\/15\/la-lega-verso-il-congresso-federale-salvini-candidato-unico-la-liga-veneta-rilancia-i-suoi-valori\/"},"wordCount":483,"publisher":{"@id":"https:\/\/www.bellunopress.it\/#organization"},"image":{"@id":"https:\/\/www.bellunopress.it\/2025\/03\/15\/la-lega-verso-il-congresso-federale-salvini-candidato-unico-la-liga-veneta-rilancia-i-suoi-valori\/#primaryimage"},"thumbnailUrl":"https:\/\/www.bellunopress.it\/wp-content\/uploads\/2023\/01\/De-Bernardin_edited.jpg","articleSection":["Cronaca\/Politica","Prima Pagina"],"inLanguage":"fr-FR"},{"@type":"WebPage","@id":"https:\/\/www.bellunopress.it\/2025\/03\/15\/la-lega-verso-il-congresso-federale-salvini-candidato-unico-la-liga-veneta-rilancia-i-suoi-valori\/","url":"https:\/\/www.bellunopress.it\/2025\/03\/15\/la-lega-verso-il-congresso-federale-salvini-candidato-unico-la-liga-veneta-rilancia-i-suoi-valori\/","name":"La Lega verso il Congresso Federale: Salvini candidato unico, la Liga Veneta rilancia i suoi valori - Bellunopress - Dolomiti","isPartOf":{"@id":"https:\/\/www.bellunopress.it\/#website"},"primaryImageOfPage":{"@id":"https:\/\/www.bellunopress.it\/2025\/03\/15\/la-lega-verso-il-congresso-federale-salvini-candidato-unico-la-liga-veneta-rilancia-i-suoi-valori\/#primaryimage"},"image":{"@id":"https:\/\/www.bellunopress.it\/2025\/03\/15\/la-lega-verso-il-congresso-federale-salvini-candidato-unico-la-liga-veneta-rilancia-i-suoi-valori\/#primaryimage"},"thumbnailUrl":"https:\/\/www.bellunopress.it\/wp-content\/uploads\/2023\/01\/De-Bernardin_edited.jpg","datePublished":"2025-03-15T11:37:33+00:00","breadcrumb":{"@id":"https:\/\/www.bellunopress.it\/2025\/03\/15\/la-lega-verso-il-congresso-federale-salvini-candidato-unico-la-liga-veneta-rilancia-i-suoi-valori\/#breadcrumb"},"inLanguage":"fr-FR","potentialAction":[{"@type":"ReadAction","target":["https:\/\/www.bellunopress.it\/2025\/03\/15\/la-lega-verso-il-congresso-federale-salvini-candidato-unico-la-liga-veneta-rilancia-i-suoi-valori\/"]}]},{"@type":"ImageObject","inLanguage":"fr-FR","@id":"https:\/\/www.bellunopress.it\/2025\/03\/15\/la-lega-verso-il-congresso-federale-salvini-candidato-unico-la-liga-veneta-rilancia-i-suoi-valori\/#primaryimage","url":"https:\/\/www.bellunopress.it\/wp-content\/uploads\/2023\/01\/De-Bernardin_edited.jpg","contentUrl":"https:\/\/www.bellunopress.it\/wp-content\/uploads\/2023\/01\/De-Bernardin_edited.jpg","width":554,"height":506,"caption":"Andrea De Bernardin, segretario provinciale Lega"},{"@type":"BreadcrumbList","@id":"https:\/\/www.bellunopress.it\/2025\/03\/15\/la-lega-verso-il-congresso-federale-salvini-candidato-unico-la-liga-veneta-rilancia-i-suoi-valori\/#breadcrumb","itemListElement":[{"@type":"ListItem","position":1,"name":"Home","item":"https:\/\/www.bellunopress.it\/"},{"@type":"ListItem","position":2,"name":"La Lega verso il Congresso Federale: Salvini candidato unico, la Liga Veneta rilancia i suoi valori"}]},{"@type":"WebSite","@id":"https:\/\/www.bellunopress.it\/#website","url":"https:\/\/www.bellunopress.it\/","name":"Bellunopress - Dolomiti","description":"e-mail: redazione@bellunopress.it","publisher":{"@id":"https:\/\/www.bellunopress.it\/#organization"},"potentialAction":[{"@type":"SearchAction","target":{"@type":"EntryPoint","urlTemplate":"https:\/\/www.bellunopress.it\/?s={search_term_string}"},"query-input":{"@type":"PropertyValueSpecification","valueRequired":true,"valueName":"search_term_string"}}],"inLanguage":"fr-FR"},{"@type":"Organization","@id":"https:\/\/www.bellunopress.it\/#organization","name":"Bellunopress","url":"https:\/\/www.bellunopress.it\/","logo":{"@type":"ImageObject","inLanguage":"fr-FR","@id":"https:\/\/www.bellunopress.it\/#\/schema\/logo\/image\/","url":"https:\/\/www.bellunopress.it\/wp-content\/uploads\/2011\/05\/cropped-logo-bellunopress-.jpg","contentUrl":"https:\/\/www.bellunopress.it\/wp-content\/uploads\/2011\/05\/cropped-logo-bellunopress-.jpg","width":512,"height":512,"caption":"Bellunopress"},"image":{"@id":"https:\/\/www.bellunopress.it\/#\/schema\/logo\/image\/"},"sameAs":["https:\/\/www.facebook.com\/profile.php?id=100008943462799","https:\/\/x.com\/bellunopress","https:\/\/www.linkedin.com\/hp\/?dnr=JBzUWaJfMUw8vbXJJ2tVW5-I3jZKvC4wsoxE&amp;amp;amp;amp;amp;amp;trk=nav_responsive_tab_home","https:\/\/www.youtube.com\/channel\/UCxL0wu1uN0_3_7hGG0306cw"]},{"@type":"Person","@id":"https:\/\/www.bellunopress.it\/#\/schema\/person\/79bb06722b37ece1c03d3e94beb30d73","name":"r\u00e9daction","image":{"@type":"ImageObject","inLanguage":"fr-FR","@id":"https:\/\/secure.gravatar.com\/avatar\/37d968a2e67a6fd04c169c4bdef102d0bc5d31b2546345219e348575eb80e9a0?s=96&d=mm&r=g","url":"https:\/\/secure.gravatar.com\/avatar\/37d968a2e67a6fd04c169c4bdef102d0bc5d31b2546345219e348575eb80e9a0?s=96&d=mm&r=g","contentUrl":"https:\/\/secure.gravatar.com\/avatar\/37d968a2e67a6fd04c169c4bdef102d0bc5d31b2546345219e348575eb80e9a0?s=96&d=mm&r=g","caption":"redazione"},"sameAs":["http:\/\/www.bellunopress.it","https:\/\/x.com\/bellunopress"],"url":"https:\/\/www.bellunopress.it\/fr\/author\/redazione\/"}]}},"_links":{"self":[{"href":"https:\/\/www.bellunopress.it\/fr\/wp-json\/wp\/v2\/posts\/158612","targetHints":{"allow":["GET"]}}],"collection":[{"href":"https:\/\/www.bellunopress.it\/fr\/wp-json\/wp\/v2\/posts"}],"about":[{"href":"https:\/\/www.bellunopress.it\/fr\/wp-json\/wp\/v2\/types\/post"}],"author":[{"embeddable":true,"href":"https:\/\/www.bellunopress.it\/fr\/wp-json\/wp\/v2\/users\/2"}],"replies":[{"embeddable":true,"href":"https:\/\/www.bellunopress.it\/fr\/wp-json\/wp\/v2\/comments?post=158612"}],"version-history":[{"count":1,"href":"https:\/\/www.bellunopress.it\/fr\/wp-json\/wp\/v2\/posts\/158612\/revisions"}],"predecessor-version":[{"id":158613,"href":"https:\/\/www.bellunopress.it\/fr\/wp-json\/wp\/v2\/posts\/158612\/revisions\/158613"}],"wp:featuredmedia":[{"embeddable":true,"href":"https:\/\/www.bellunopress.it\/fr\/wp-json\/wp\/v2\/media\/139204"}],"wp:attachment":[{"href":"https:\/\/www.bellunopress.it\/fr\/wp-json\/wp\/v2\/media?parent=158612"}],"wp:term":[{"taxonomy":"category","embeddable":true,"href":"https:\/\/www.bellunopress.it\/fr\/wp-json\/wp\/v2\/categories?post=158612"},{"taxonomy":"post_tag","embeddable":true,"href":"https:\/\/www.bellunopress.it\/fr\/wp-json\/wp\/v2\/tags?post=158612"}],"curies":[{"name":"wp","href":"https:\/\/api.w.org\/{rel}","templated":true}]}}