{"id":158594,"date":"2025-03-15T10:19:44","date_gmt":"2025-03-15T09:19:44","guid":{"rendered":"https:\/\/www.bellunopress.it\/?p=158594"},"modified":"2025-03-14T21:22:50","modified_gmt":"2025-03-14T20:22:50","slug":"collegamento-scioviario-comelico-val-pusteria-confcommercio-opera-strategica-per-la-montagna","status":"publish","type":"post","link":"https:\/\/www.bellunopress.it\/fr\/2025\/03\/15\/collegamento-scioviario-comelico-val-pusteria-confcommercio-opera-strategica-per-la-montagna\/","title":{"rendered":"Collegamento scioviario Comelico &#8211; Val Pusteria. Confcommercio: opera strategica per la montagna"},"content":{"rendered":"<p><img loading=\"lazy\" decoding=\"async\" class=\"aligncenter size-full wp-image-113826\" src=\"https:\/\/www.bellunopress.it\/wp-content\/uploads\/2020\/04\/Ascom-Confcommercio-Belluno_edited.jpg\" alt=\"\" width=\"579\" height=\"346\" srcset=\"https:\/\/www.bellunopress.it\/wp-content\/uploads\/2020\/04\/Ascom-Confcommercio-Belluno_edited.jpg 579w, https:\/\/www.bellunopress.it\/wp-content\/uploads\/2020\/04\/Ascom-Confcommercio-Belluno_edited-500x299.jpg 500w\" sizes=\"auto, (max-width: 579px) 100vw, 579px\" \/>&#8220;Garantire economia alla montagna significa garantirne il popolamento e il presidio del territorio.&#8221; \u00c8 con questa consapevolezza che Confcommercio Belluno &#8211; Dolomiti da quasi vent&#8217;anni, si sta adoperando affinch\u00e9 il collegamento scioviario tra il Comelico e la Val Pusteria venga finalmente completato.<\/p>\n<p>Un&#8217;opera di cruciale importanza per il rilancio economico e turistico dell&#8217;area, che non pu\u00f2 pi\u00f9 subire ulteriori ritardi o incertezze.<br \/>\nDavide Zandonella Necca, Delegato Comunale Confcommercio di Comelico Superiore e componente della Giunta provinciale, sottolinea come lo sviluppo infrastrutturale della montagna sia il pi\u00f9 efficace strumento per garantire la permanenza delle comunit\u00e0 locali e il mantenimento di servizi essenziali. &#8220;Senza una solida economia di supporto \u2013 dichiara \u2013 il rischio \u00e8 lo spopolamento progressivo, con conseguenze devastanti per l&#8217;equilibrio socio-economico e ambientale della nostra valle. Il collegamento con la Val Pusteria rappresenta non solo un&#8217;opportunit\u00e0 di sviluppo turistico, ma un elemento chiave per l&#8217;intero tessuto imprenditoriale del Comelico.&#8221;<\/p>\n<p>L&#8217;integrazione dell&#8217;offerta sciistica locale con un sistema di collegamenti pi\u00f9 ampio garantirebbe un afflusso turistico costante, una maggiore competitivit\u00e0 rispetto ad altre localit\u00e0 alpine e un significativo indotto economico per le attivit\u00e0 del commercio e del turismo. &#8220;Siamo consapevoli \u2013 prosegue Zandonella Necca \u2013 che investire in infrastrutture turistiche sostenibili significa creare le condizioni per un&#8217;economia di montagna solida e resiliente, capace di offrire opportunit\u00e0 di lavoro e di crescita per le future generazioni.&#8221;<br \/>\nNonostante gli sforzi profusi negli ultimi due decenni da Confcommercio Belluno &#8211; Dolomiti, il progetto del collegamento scioviario continua a essere oggetto di ritardi e incertezze.<\/p>\n<p>&#8220;Non possiamo pi\u00f9 permetterci procrastinazioni e tentennamenti \u2013 conclude il Delegato Comunale \u2013. Se questa situazione persister\u00e0, a breve, le attivit\u00e0 del commercio e del turismo locali si troveranno in numeri assoluti tali da richiedere una tutela urgente da parte dell\u2019associazionismo pi\u00f9 attento alla salvaguardia socioambientale.&#8221;<br \/>\nConfcommercio Belluno \u2013 Dolomiti ribadisce con forza l&#8217;urgenza di portare a compimento questo progetto strategico, nella convinzione che solo attraverso un serio impegno istituzionale e una chiara volont\u00e0 politica si potr\u00e0 garantire un futuro solido e sostenibile al territorio montano del Comelico.<\/p>\n<p>&nbsp;<\/p>","protected":false},"excerpt":{"rendered":"<p>&#8220;Garantire economia alla montagna significa garantirne il popolamento e il presidio del territorio.&#8221; \u00c8 con questa consapevolezza che Confcommercio Belluno &#8211; Dolomiti da quasi vent&#8217;anni, si sta adoperando affinch\u00e9 il collegamento scioviario tra il Comelico e la Val Pusteria venga finalmente completato. Un&#8217;opera di cruciale importanza per il rilancio economico e turistico dell&#8217;area, che non [&hellip;]<\/p>\n","protected":false},"author":2,"featured_media":113826,"comment_status":"closed","ping_status":"open","sticky":false,"template":"","format":"standard","meta":{"footnotes":""},"categories":[36],"tags":[],"class_list":["post-158594","post","type-post","status-publish","format-standard","has-post-thumbnail","category-lavoro-economia"],"yoast_head":"<!-- This site is optimized with the Yoast SEO plugin v28.4 - https:\/\/yoast.com\/product\/yoast-seo-wordpress\/ -->\n<title>Collegamento scioviario Comelico - Val Pusteria. Confcommercio: opera strategica per la montagna - Bellunopress - Dolomiti<\/title>\n<meta name=\"robots\" content=\"index, follow, max-snippet:-1, max-image-preview:large, max-video-preview:-1\" \/>\n<link rel=\"canonical\" href=\"https:\/\/www.bellunopress.it\/fr\/2025\/03\/15\/collegamento-scioviario-comelico-val-pusteria-confcommercio-opera-strategica-per-la-montagna\/\" \/>\n<meta property=\"og:locale\" content=\"fr_FR\" \/>\n<meta property=\"og:type\" content=\"article\" \/>\n<meta property=\"og:title\" content=\"Collegamento scioviario Comelico - Val Pusteria. Confcommercio: opera strategica per la montagna - Bellunopress - Dolomiti\" \/>\n<meta property=\"og:description\" content=\"&#8220;Garantire economia alla montagna significa garantirne il popolamento e il presidio del territorio.&#8221; \u00c8 con questa consapevolezza che Confcommercio Belluno &#8211; Dolomiti da quasi vent&#8217;anni, si sta adoperando affinch\u00e9 il collegamento scioviario tra il Comelico e la Val Pusteria venga finalmente completato. Un&#8217;opera di cruciale importanza per il rilancio economico e turistico dell&#8217;area, che non [&hellip;]\" \/>\n<meta property=\"og:url\" content=\"https:\/\/www.bellunopress.it\/fr\/2025\/03\/15\/collegamento-scioviario-comelico-val-pusteria-confcommercio-opera-strategica-per-la-montagna\/\" \/>\n<meta property=\"og:site_name\" content=\"Bellunopress - Dolomiti\" \/>\n<meta property=\"article:publisher\" content=\"https:\/\/www.facebook.com\/profile.php?id=100008943462799\" \/>\n<meta property=\"article:published_time\" content=\"2025-03-15T09:19:44+00:00\" \/>\n<meta property=\"og:image\" content=\"https:\/\/www.bellunopress.it\/wp-content\/uploads\/2020\/04\/Ascom-Confcommercio-Belluno_edited.jpg\" \/>\n\t<meta property=\"og:image:width\" content=\"579\" \/>\n\t<meta property=\"og:image:height\" content=\"346\" \/>\n\t<meta property=\"og:image:type\" content=\"image\/jpeg\" \/>\n<meta name=\"author\" content=\"redazione\" \/>\n<meta name=\"twitter:card\" content=\"summary_large_image\" \/>\n<meta name=\"twitter:creator\" content=\"@bellunopress\" \/>\n<meta name=\"twitter:site\" content=\"@bellunopress\" \/>\n<meta name=\"twitter:label1\" content=\"\u00c9crit par\" \/>\n\t<meta name=\"twitter:data1\" content=\"redazione\" \/>\n\t<meta name=\"twitter:label2\" content=\"Dur\u00e9e de lecture estim\u00e9e\" \/>\n\t<meta name=\"twitter:data2\" content=\"2 minutes\" \/>\n<script type=\"application\/ld+json\" class=\"yoast-schema-graph\">{\"@context\":\"https:\\\/\\\/schema.org\",\"@graph\":[{\"@type\":\"Article\",\"@id\":\"https:\\\/\\\/www.bellunopress.it\\\/2025\\\/03\\\/15\\\/collegamento-scioviario-comelico-val-pusteria-confcommercio-opera-strategica-per-la-montagna\\\/#article\",\"isPartOf\":{\"@id\":\"https:\\\/\\\/www.bellunopress.it\\\/2025\\\/03\\\/15\\\/collegamento-scioviario-comelico-val-pusteria-confcommercio-opera-strategica-per-la-montagna\\\/\"},\"author\":{\"name\":\"redazione\",\"@id\":\"https:\\\/\\\/www.bellunopress.it\\\/#\\\/schema\\\/person\\\/79bb06722b37ece1c03d3e94beb30d73\"},\"headline\":\"Collegamento scioviario Comelico &#8211; Val Pusteria. Confcommercio: opera strategica per la montagna\",\"datePublished\":\"2025-03-15T09:19:44+00:00\",\"mainEntityOfPage\":{\"@id\":\"https:\\\/\\\/www.bellunopress.it\\\/2025\\\/03\\\/15\\\/collegamento-scioviario-comelico-val-pusteria-confcommercio-opera-strategica-per-la-montagna\\\/\"},\"wordCount\":353,\"publisher\":{\"@id\":\"https:\\\/\\\/www.bellunopress.it\\\/#organization\"},\"image\":{\"@id\":\"https:\\\/\\\/www.bellunopress.it\\\/2025\\\/03\\\/15\\\/collegamento-scioviario-comelico-val-pusteria-confcommercio-opera-strategica-per-la-montagna\\\/#primaryimage\"},\"thumbnailUrl\":\"https:\\\/\\\/www.bellunopress.it\\\/wp-content\\\/uploads\\\/2020\\\/04\\\/Ascom-Confcommercio-Belluno_edited.jpg\",\"articleSection\":[\"Lavoro, Economia, Turismo\"],\"inLanguage\":\"fr-FR\"},{\"@type\":\"WebPage\",\"@id\":\"https:\\\/\\\/www.bellunopress.it\\\/2025\\\/03\\\/15\\\/collegamento-scioviario-comelico-val-pusteria-confcommercio-opera-strategica-per-la-montagna\\\/\",\"url\":\"https:\\\/\\\/www.bellunopress.it\\\/2025\\\/03\\\/15\\\/collegamento-scioviario-comelico-val-pusteria-confcommercio-opera-strategica-per-la-montagna\\\/\",\"name\":\"Collegamento scioviario Comelico - Val Pusteria. Confcommercio: opera strategica per la montagna - Bellunopress - Dolomiti\",\"isPartOf\":{\"@id\":\"https:\\\/\\\/www.bellunopress.it\\\/#website\"},\"primaryImageOfPage\":{\"@id\":\"https:\\\/\\\/www.bellunopress.it\\\/2025\\\/03\\\/15\\\/collegamento-scioviario-comelico-val-pusteria-confcommercio-opera-strategica-per-la-montagna\\\/#primaryimage\"},\"image\":{\"@id\":\"https:\\\/\\\/www.bellunopress.it\\\/2025\\\/03\\\/15\\\/collegamento-scioviario-comelico-val-pusteria-confcommercio-opera-strategica-per-la-montagna\\\/#primaryimage\"},\"thumbnailUrl\":\"https:\\\/\\\/www.bellunopress.it\\\/wp-content\\\/uploads\\\/2020\\\/04\\\/Ascom-Confcommercio-Belluno_edited.jpg\",\"datePublished\":\"2025-03-15T09:19:44+00:00\",\"breadcrumb\":{\"@id\":\"https:\\\/\\\/www.bellunopress.it\\\/2025\\\/03\\\/15\\\/collegamento-scioviario-comelico-val-pusteria-confcommercio-opera-strategica-per-la-montagna\\\/#breadcrumb\"},\"inLanguage\":\"fr-FR\",\"potentialAction\":[{\"@type\":\"ReadAction\",\"target\":[\"https:\\\/\\\/www.bellunopress.it\\\/2025\\\/03\\\/15\\\/collegamento-scioviario-comelico-val-pusteria-confcommercio-opera-strategica-per-la-montagna\\\/\"]}]},{\"@type\":\"ImageObject\",\"inLanguage\":\"fr-FR\",\"@id\":\"https:\\\/\\\/www.bellunopress.it\\\/2025\\\/03\\\/15\\\/collegamento-scioviario-comelico-val-pusteria-confcommercio-opera-strategica-per-la-montagna\\\/#primaryimage\",\"url\":\"https:\\\/\\\/www.bellunopress.it\\\/wp-content\\\/uploads\\\/2020\\\/04\\\/Ascom-Confcommercio-Belluno_edited.jpg\",\"contentUrl\":\"https:\\\/\\\/www.bellunopress.it\\\/wp-content\\\/uploads\\\/2020\\\/04\\\/Ascom-Confcommercio-Belluno_edited.jpg\",\"width\":579,\"height\":346},{\"@type\":\"BreadcrumbList\",\"@id\":\"https:\\\/\\\/www.bellunopress.it\\\/2025\\\/03\\\/15\\\/collegamento-scioviario-comelico-val-pusteria-confcommercio-opera-strategica-per-la-montagna\\\/#breadcrumb\",\"itemListElement\":[{\"@type\":\"ListItem\",\"position\":1,\"name\":\"Home\",\"item\":\"https:\\\/\\\/www.bellunopress.it\\\/\"},{\"@type\":\"ListItem\",\"position\":2,\"name\":\"Collegamento scioviario Comelico &#8211; Val Pusteria. Confcommercio: opera strategica per la montagna\"}]},{\"@type\":\"WebSite\",\"@id\":\"https:\\\/\\\/www.bellunopress.it\\\/#website\",\"url\":\"https:\\\/\\\/www.bellunopress.it\\\/\",\"name\":\"Bellunopress - Dolomiti\",\"description\":\"e-mail: redazione@bellunopress.it\",\"publisher\":{\"@id\":\"https:\\\/\\\/www.bellunopress.it\\\/#organization\"},\"potentialAction\":[{\"@type\":\"SearchAction\",\"target\":{\"@type\":\"EntryPoint\",\"urlTemplate\":\"https:\\\/\\\/www.bellunopress.it\\\/?s={search_term_string}\"},\"query-input\":{\"@type\":\"PropertyValueSpecification\",\"valueRequired\":true,\"valueName\":\"search_term_string\"}}],\"inLanguage\":\"fr-FR\"},{\"@type\":\"Organization\",\"@id\":\"https:\\\/\\\/www.bellunopress.it\\\/#organization\",\"name\":\"Bellunopress\",\"url\":\"https:\\\/\\\/www.bellunopress.it\\\/\",\"logo\":{\"@type\":\"ImageObject\",\"inLanguage\":\"fr-FR\",\"@id\":\"https:\\\/\\\/www.bellunopress.it\\\/#\\\/schema\\\/logo\\\/image\\\/\",\"url\":\"https:\\\/\\\/www.bellunopress.it\\\/wp-content\\\/uploads\\\/2011\\\/05\\\/cropped-logo-bellunopress-.jpg\",\"contentUrl\":\"https:\\\/\\\/www.bellunopress.it\\\/wp-content\\\/uploads\\\/2011\\\/05\\\/cropped-logo-bellunopress-.jpg\",\"width\":512,\"height\":512,\"caption\":\"Bellunopress\"},\"image\":{\"@id\":\"https:\\\/\\\/www.bellunopress.it\\\/#\\\/schema\\\/logo\\\/image\\\/\"},\"sameAs\":[\"https:\\\/\\\/www.facebook.com\\\/profile.php?id=100008943462799\",\"https:\\\/\\\/x.com\\\/bellunopress\",\"https:\\\/\\\/www.linkedin.com\\\/hp\\\/?dnr=JBzUWaJfMUw8vbXJJ2tVW5-I3jZKvC4wsoxE&amp;amp;amp;amp;amp;amp;trk=nav_responsive_tab_home\",\"https:\\\/\\\/www.youtube.com\\\/channel\\\/UCxL0wu1uN0_3_7hGG0306cw\"]},{\"@type\":\"Person\",\"@id\":\"https:\\\/\\\/www.bellunopress.it\\\/#\\\/schema\\\/person\\\/79bb06722b37ece1c03d3e94beb30d73\",\"name\":\"redazione\",\"image\":{\"@type\":\"ImageObject\",\"inLanguage\":\"fr-FR\",\"@id\":\"https:\\\/\\\/secure.gravatar.com\\\/avatar\\\/37d968a2e67a6fd04c169c4bdef102d0bc5d31b2546345219e348575eb80e9a0?s=96&d=mm&r=g\",\"url\":\"https:\\\/\\\/secure.gravatar.com\\\/avatar\\\/37d968a2e67a6fd04c169c4bdef102d0bc5d31b2546345219e348575eb80e9a0?s=96&d=mm&r=g\",\"contentUrl\":\"https:\\\/\\\/secure.gravatar.com\\\/avatar\\\/37d968a2e67a6fd04c169c4bdef102d0bc5d31b2546345219e348575eb80e9a0?s=96&d=mm&r=g\",\"caption\":\"redazione\"},\"sameAs\":[\"http:\\\/\\\/www.bellunopress.it\",\"https:\\\/\\\/x.com\\\/bellunopress\"],\"url\":\"https:\\\/\\\/www.bellunopress.it\\\/fr\\\/author\\\/redazione\\\/\"}]}<\/script>\n<!-- \/ Yoast SEO plugin. -->","yoast_head_json":{"title":"Collegamento scioviario Comelico - Val Pusteria. Confcommercio: opera strategica per la montagna - Bellunopress - Dolomiti","robots":{"index":"index","follow":"follow","max-snippet":"max-snippet:-1","max-image-preview":"max-image-preview:large","max-video-preview":"max-video-preview:-1"},"canonical":"https:\/\/www.bellunopress.it\/fr\/2025\/03\/15\/collegamento-scioviario-comelico-val-pusteria-confcommercio-opera-strategica-per-la-montagna\/","og_locale":"fr_FR","og_type":"article","og_title":"Collegamento scioviario Comelico - Val Pusteria. Confcommercio: opera strategica per la montagna - Bellunopress - Dolomiti","og_description":"&#8220;Garantire economia alla montagna significa garantirne il popolamento e il presidio del territorio.&#8221; \u00c8 con questa consapevolezza che Confcommercio Belluno &#8211; Dolomiti da quasi vent&#8217;anni, si sta adoperando affinch\u00e9 il collegamento scioviario tra il Comelico e la Val Pusteria venga finalmente completato. Un&#8217;opera di cruciale importanza per il rilancio economico e turistico dell&#8217;area, che non [&hellip;]","og_url":"https:\/\/www.bellunopress.it\/fr\/2025\/03\/15\/collegamento-scioviario-comelico-val-pusteria-confcommercio-opera-strategica-per-la-montagna\/","og_site_name":"Bellunopress - Dolomiti","article_publisher":"https:\/\/www.facebook.com\/profile.php?id=100008943462799","article_published_time":"2025-03-15T09:19:44+00:00","og_image":[{"width":579,"height":346,"url":"https:\/\/www.bellunopress.it\/wp-content\/uploads\/2020\/04\/Ascom-Confcommercio-Belluno_edited.jpg","type":"image\/jpeg"}],"author":"redazione","twitter_card":"summary_large_image","twitter_creator":"@bellunopress","twitter_site":"@bellunopress","twitter_misc":{"\u00c9crit par":"redazione","Dur\u00e9e de lecture estim\u00e9e":"2 minutes"},"schema":{"@context":"https:\/\/schema.org","@graph":[{"@type":"Article","@id":"https:\/\/www.bellunopress.it\/2025\/03\/15\/collegamento-scioviario-comelico-val-pusteria-confcommercio-opera-strategica-per-la-montagna\/#article","isPartOf":{"@id":"https:\/\/www.bellunopress.it\/2025\/03\/15\/collegamento-scioviario-comelico-val-pusteria-confcommercio-opera-strategica-per-la-montagna\/"},"author":{"name":"redazione","@id":"https:\/\/www.bellunopress.it\/#\/schema\/person\/79bb06722b37ece1c03d3e94beb30d73"},"headline":"Collegamento scioviario Comelico &#8211; Val Pusteria. Confcommercio: opera strategica per la montagna","datePublished":"2025-03-15T09:19:44+00:00","mainEntityOfPage":{"@id":"https:\/\/www.bellunopress.it\/2025\/03\/15\/collegamento-scioviario-comelico-val-pusteria-confcommercio-opera-strategica-per-la-montagna\/"},"wordCount":353,"publisher":{"@id":"https:\/\/www.bellunopress.it\/#organization"},"image":{"@id":"https:\/\/www.bellunopress.it\/2025\/03\/15\/collegamento-scioviario-comelico-val-pusteria-confcommercio-opera-strategica-per-la-montagna\/#primaryimage"},"thumbnailUrl":"https:\/\/www.bellunopress.it\/wp-content\/uploads\/2020\/04\/Ascom-Confcommercio-Belluno_edited.jpg","articleSection":["Lavoro, Economia, Turismo"],"inLanguage":"fr-FR"},{"@type":"WebPage","@id":"https:\/\/www.bellunopress.it\/2025\/03\/15\/collegamento-scioviario-comelico-val-pusteria-confcommercio-opera-strategica-per-la-montagna\/","url":"https:\/\/www.bellunopress.it\/2025\/03\/15\/collegamento-scioviario-comelico-val-pusteria-confcommercio-opera-strategica-per-la-montagna\/","name":"Collegamento scioviario Comelico - Val Pusteria. Confcommercio: opera strategica per la montagna - Bellunopress - Dolomiti","isPartOf":{"@id":"https:\/\/www.bellunopress.it\/#website"},"primaryImageOfPage":{"@id":"https:\/\/www.bellunopress.it\/2025\/03\/15\/collegamento-scioviario-comelico-val-pusteria-confcommercio-opera-strategica-per-la-montagna\/#primaryimage"},"image":{"@id":"https:\/\/www.bellunopress.it\/2025\/03\/15\/collegamento-scioviario-comelico-val-pusteria-confcommercio-opera-strategica-per-la-montagna\/#primaryimage"},"thumbnailUrl":"https:\/\/www.bellunopress.it\/wp-content\/uploads\/2020\/04\/Ascom-Confcommercio-Belluno_edited.jpg","datePublished":"2025-03-15T09:19:44+00:00","breadcrumb":{"@id":"https:\/\/www.bellunopress.it\/2025\/03\/15\/collegamento-scioviario-comelico-val-pusteria-confcommercio-opera-strategica-per-la-montagna\/#breadcrumb"},"inLanguage":"fr-FR","potentialAction":[{"@type":"ReadAction","target":["https:\/\/www.bellunopress.it\/2025\/03\/15\/collegamento-scioviario-comelico-val-pusteria-confcommercio-opera-strategica-per-la-montagna\/"]}]},{"@type":"ImageObject","inLanguage":"fr-FR","@id":"https:\/\/www.bellunopress.it\/2025\/03\/15\/collegamento-scioviario-comelico-val-pusteria-confcommercio-opera-strategica-per-la-montagna\/#primaryimage","url":"https:\/\/www.bellunopress.it\/wp-content\/uploads\/2020\/04\/Ascom-Confcommercio-Belluno_edited.jpg","contentUrl":"https:\/\/www.bellunopress.it\/wp-content\/uploads\/2020\/04\/Ascom-Confcommercio-Belluno_edited.jpg","width":579,"height":346},{"@type":"BreadcrumbList","@id":"https:\/\/www.bellunopress.it\/2025\/03\/15\/collegamento-scioviario-comelico-val-pusteria-confcommercio-opera-strategica-per-la-montagna\/#breadcrumb","itemListElement":[{"@type":"ListItem","position":1,"name":"Home","item":"https:\/\/www.bellunopress.it\/"},{"@type":"ListItem","position":2,"name":"Collegamento scioviario Comelico &#8211; Val Pusteria. Confcommercio: opera strategica per la montagna"}]},{"@type":"WebSite","@id":"https:\/\/www.bellunopress.it\/#website","url":"https:\/\/www.bellunopress.it\/","name":"Bellunopress - Dolomiti","description":"e-mail: redazione@bellunopress.it","publisher":{"@id":"https:\/\/www.bellunopress.it\/#organization"},"potentialAction":[{"@type":"SearchAction","target":{"@type":"EntryPoint","urlTemplate":"https:\/\/www.bellunopress.it\/?s={search_term_string}"},"query-input":{"@type":"PropertyValueSpecification","valueRequired":true,"valueName":"search_term_string"}}],"inLanguage":"fr-FR"},{"@type":"Organization","@id":"https:\/\/www.bellunopress.it\/#organization","name":"Bellunopress","url":"https:\/\/www.bellunopress.it\/","logo":{"@type":"ImageObject","inLanguage":"fr-FR","@id":"https:\/\/www.bellunopress.it\/#\/schema\/logo\/image\/","url":"https:\/\/www.bellunopress.it\/wp-content\/uploads\/2011\/05\/cropped-logo-bellunopress-.jpg","contentUrl":"https:\/\/www.bellunopress.it\/wp-content\/uploads\/2011\/05\/cropped-logo-bellunopress-.jpg","width":512,"height":512,"caption":"Bellunopress"},"image":{"@id":"https:\/\/www.bellunopress.it\/#\/schema\/logo\/image\/"},"sameAs":["https:\/\/www.facebook.com\/profile.php?id=100008943462799","https:\/\/x.com\/bellunopress","https:\/\/www.linkedin.com\/hp\/?dnr=JBzUWaJfMUw8vbXJJ2tVW5-I3jZKvC4wsoxE&amp;amp;amp;amp;amp;amp;trk=nav_responsive_tab_home","https:\/\/www.youtube.com\/channel\/UCxL0wu1uN0_3_7hGG0306cw"]},{"@type":"Person","@id":"https:\/\/www.bellunopress.it\/#\/schema\/person\/79bb06722b37ece1c03d3e94beb30d73","name":"r\u00e9daction","image":{"@type":"ImageObject","inLanguage":"fr-FR","@id":"https:\/\/secure.gravatar.com\/avatar\/37d968a2e67a6fd04c169c4bdef102d0bc5d31b2546345219e348575eb80e9a0?s=96&d=mm&r=g","url":"https:\/\/secure.gravatar.com\/avatar\/37d968a2e67a6fd04c169c4bdef102d0bc5d31b2546345219e348575eb80e9a0?s=96&d=mm&r=g","contentUrl":"https:\/\/secure.gravatar.com\/avatar\/37d968a2e67a6fd04c169c4bdef102d0bc5d31b2546345219e348575eb80e9a0?s=96&d=mm&r=g","caption":"redazione"},"sameAs":["http:\/\/www.bellunopress.it","https:\/\/x.com\/bellunopress"],"url":"https:\/\/www.bellunopress.it\/fr\/author\/redazione\/"}]}},"_links":{"self":[{"href":"https:\/\/www.bellunopress.it\/fr\/wp-json\/wp\/v2\/posts\/158594","targetHints":{"allow":["GET"]}}],"collection":[{"href":"https:\/\/www.bellunopress.it\/fr\/wp-json\/wp\/v2\/posts"}],"about":[{"href":"https:\/\/www.bellunopress.it\/fr\/wp-json\/wp\/v2\/types\/post"}],"author":[{"embeddable":true,"href":"https:\/\/www.bellunopress.it\/fr\/wp-json\/wp\/v2\/users\/2"}],"replies":[{"embeddable":true,"href":"https:\/\/www.bellunopress.it\/fr\/wp-json\/wp\/v2\/comments?post=158594"}],"version-history":[{"count":1,"href":"https:\/\/www.bellunopress.it\/fr\/wp-json\/wp\/v2\/posts\/158594\/revisions"}],"predecessor-version":[{"id":158595,"href":"https:\/\/www.bellunopress.it\/fr\/wp-json\/wp\/v2\/posts\/158594\/revisions\/158595"}],"wp:featuredmedia":[{"embeddable":true,"href":"https:\/\/www.bellunopress.it\/fr\/wp-json\/wp\/v2\/media\/113826"}],"wp:attachment":[{"href":"https:\/\/www.bellunopress.it\/fr\/wp-json\/wp\/v2\/media?parent=158594"}],"wp:term":[{"taxonomy":"category","embeddable":true,"href":"https:\/\/www.bellunopress.it\/fr\/wp-json\/wp\/v2\/categories?post=158594"},{"taxonomy":"post_tag","embeddable":true,"href":"https:\/\/www.bellunopress.it\/fr\/wp-json\/wp\/v2\/tags?post=158594"}],"curies":[{"name":"wp","href":"https:\/\/api.w.org\/{rel}","templated":true}]}}