{"id":158544,"date":"2025-03-12T12:43:14","date_gmt":"2025-03-12T11:43:14","guid":{"rendered":"https:\/\/www.bellunopress.it\/?p=158544"},"modified":"2025-03-12T12:43:14","modified_gmt":"2025-03-12T11:43:14","slug":"turismo-sostenibile-i-brand-delle-dolomiti-e-del-prosecco-tra-percezione-e-opportunita","status":"publish","type":"post","link":"https:\/\/www.bellunopress.it\/fr\/2025\/03\/12\/turismo-sostenibile-i-brand-delle-dolomiti-e-del-prosecco-tra-percezione-e-opportunita\/","title":{"rendered":"Turismo sostenibile: i brand delle Dolomiti e del Prosecco tra percezione e opportunit\u00e0"},"content":{"rendered":"<div>\n<h3 data-start=\"95\" data-end=\"208\"><strong data-start=\"99\" data-end=\"206\"><img loading=\"lazy\" decoding=\"async\" class=\"aligncenter size-full wp-image-158545\" src=\"https:\/\/www.bellunopress.it\/wp-content\/uploads\/2025\/03\/convegno-brand-Dolomiti-Prosecco_edited.jpg\" alt=\"\" width=\"1000\" height=\"750\" srcset=\"https:\/\/www.bellunopress.it\/wp-content\/uploads\/2025\/03\/convegno-brand-Dolomiti-Prosecco_edited.jpg 1000w, https:\/\/www.bellunopress.it\/wp-content\/uploads\/2025\/03\/convegno-brand-Dolomiti-Prosecco_edited-500x375.jpg 500w, https:\/\/www.bellunopress.it\/wp-content\/uploads\/2025\/03\/convegno-brand-Dolomiti-Prosecco_edited-560x420.jpg 560w, https:\/\/www.bellunopress.it\/wp-content\/uploads\/2025\/03\/convegno-brand-Dolomiti-Prosecco_edited-80x60.jpg 80w, https:\/\/www.bellunopress.it\/wp-content\/uploads\/2025\/03\/convegno-brand-Dolomiti-Prosecco_edited-696x522.jpg 696w\" sizes=\"auto, (max-width: 1000px) 100vw, 1000px\" \/>I risultati di un&#8217;analisi sui mercati chiave del turismo in Italia, Germania, Regno Unito e Stati Uniti<\/strong><\/h3>\n<p data-start=\"210\" data-end=\"851\"><strong data-start=\"210\" data-end=\"244\">Belluno-Treviso, 12 marzo 2025<\/strong> \u2013 Una fotografia dettagliata del turismo sostenibile nelle Dolomiti e nelle Colline del Prosecco di Conegliano-Valdobbiadene \u00e8 stata presentata oggi a Castelbrando dalla Camera di Commercio di Treviso-Belluno | Dolomiti, in collaborazione con Venicepromex. Lo studio, curato dalla Dott.ssa Roberta Garibaldi, docente all&#8217;Universit\u00e0 di Bergamo e figura di riferimento nel settore turistico internazionale, ha analizzato come i viaggiatori di Italia, Germania, Regno Unito e Stati Uniti percepiscano il turismo sostenibile e quali siano le leve emotive che li spingono a scegliere determinate destinazioni.<\/p>\n<p data-start=\"853\" data-end=\"1104\">Un\u2019indagine basata su metodologie di marketing orientato al mercato (Effective, Market-oriented, Evidence-based Marketing) che fornisce dati concreti per valorizzare l&#8217;attrattivit\u00e0 del territorio e per sviluppare strategie promozionali pi\u00f9 efficaci.<\/p>\n<h3 data-start=\"1106\" data-end=\"1176\"><strong data-start=\"1110\" data-end=\"1174\">Turismo sostenibile: un concetto da raccontare in modo nuovo<\/strong><\/h3>\n<p data-start=\"1178\" data-end=\"1601\">Uno degli elementi pi\u00f9 significativi emersi dallo studio riguarda la differenza di percezione tra operatori del settore e viaggiatori. Se i primi tendono a identificare la sostenibilit\u00e0 con certificazioni ambientali e misure tecniche di riduzione dell&#8217;impatto ecologico, i turisti la associano invece a esperienze di immersione nella natura, alla possibilit\u00e0 di rallentare i ritmi e alla scoperta delle tradizioni locali.<\/p>\n<p data-start=\"1603\" data-end=\"1889\">Questa dicotomia offre un&#8217;opportunit\u00e0 chiave per ridefinire la narrazione del turismo sostenibile, spostando il focus dalle sole pratiche ecologiche a un racconto pi\u00f9 coinvolgente, capace di toccare corde emozionali e di trasmettere il senso di appartenenza a un territorio autentico.<\/p>\n<p data-start=\"1891\" data-end=\"2390\">I dati mostrano che i viaggiatori cercano esperienze memorabili e autentiche: il turismo sostenibile non \u00e8 solo una scelta etica, ma anche un modo di vivere il viaggio con maggiore consapevolezza, lasciandosi ispirare dalla natura e dalla cultura locale. Le Dolomiti e le Colline del Prosecco offrono un mix unico di paesaggi spettacolari, ospitalit\u00e0 genuina e una tradizione enogastronomica d&#8217;eccellenza, elementi che possono essere valorizzati attraverso una comunicazione mirata e coinvolgente.<\/p>\n<h3 data-start=\"2392\" data-end=\"2462\"><strong data-start=\"2396\" data-end=\"2460\">Un&#8217;occasione per rafforzare il posizionamento del territorio<\/strong><\/h3>\n<p data-start=\"2464\" data-end=\"2826\">Dallo studio emerge la necessit\u00e0 di raccontare il turismo sostenibile attraverso esperienze reali e storie capaci di evocare benessere e armonia con l&#8217;ambiente. Le nuove generazioni, in particolare, mostrano un crescente interesse per esperienze immersive e consapevoli, ponendo le basi per un turismo meno legato ai grandi numeri e pi\u00f9 orientato alla qualit\u00e0.<\/p>\n<p data-start=\"2828\" data-end=\"3172\">Interpretare questi cambiamenti significa trasformare ogni sfida in un&#8217;opportunit\u00e0 di crescita e posizionare il territorio in modo ancora pi\u00f9 competitivo a livello internazionale. Il turismo sostenibile non \u00e8 solo una tendenza, ma un processo in evoluzione, alimentato da nuove sensibilit\u00e0 e strumenti di comunicazione sempre pi\u00f9 sofisticati.<\/p>\n<h3 data-start=\"3174\" data-end=\"3236\"><strong data-start=\"3178\" data-end=\"3234\">Le istituzioni a sostegno della crescita sostenibile<\/strong><\/h3>\n<p data-start=\"3238\" data-end=\"3740\">Sull&#8217;importanza del destination branding \u00e8 intervenuto l&#8217;Assessore Regionale al Turismo, Federico Caner, sottolineando come l\u2019indagine rappresenti un prezioso strumento per affinare le strategie promozionali e valorizzare le peculiarit\u00e0 delle Dolomiti e delle Colline del Prosecco. \u201cQuesta ricerca non \u00e8 un punto di arrivo, ma di partenza\u201d, ha dichiarato, ribadendo l\u2019impegno della Regione Veneto nel supportare iniziative concrete che rafforzino la sostenibilit\u00e0 e l\u2019attrattivit\u00e0 delle destinazioni.<\/p>\n<p data-start=\"3742\" data-end=\"4165\">Mario Pozza, Presidente della Camera di Commercio di Treviso-Belluno | Dolomiti, ha evidenziato la necessit\u00e0 di mettere al centro le persone e le emozioni: \u201cDobbiamo ricreare e raccontare gli ambienti autentici delle nostre terre, trasmettendo la loro essenza in modo universale.\u201d Pozza ha inoltre sottolineato il ruolo chiave delle comunit\u00e0 locali e degli italiani all\u2019estero, veri ambasciatori del territorio nel mondo.<\/p>\n<p data-start=\"4167\" data-end=\"4739\">Secondo la Dott.ssa Roberta Garibaldi, il brand Dolomiti gode di un forte riconoscimento, ma \u00e8 ancora associato principalmente a esperienze legate alla natura e alle attivit\u00e0 outdoor. Vi sono margini di crescita per ampliare questa percezione, includendo esperienze di turismo sostenibile pi\u00f9 diversificate. Il Prosecco, invece, pur essendo un marchio di fama globale, non \u00e8 ancora percepito come una destinazione sostenibile. Per rafforzarne il posizionamento, dovrebbe essere collegato a esperienze slow, come il benessere nei vigneti o il cicloturismo tra le colline.<\/p>\n<h3 data-start=\"4741\" data-end=\"4801\"><strong data-start=\"4745\" data-end=\"4799\">Dati statistici: una crescita costante del settore<\/strong><\/h3>\n<p data-start=\"4803\" data-end=\"5189\">I numeri confermano l\u2019interesse crescente per il turismo nelle aree delle Dolomiti e del Prosecco. Tra il 2019 e il 2023, gli arrivi nell&#8217;area Unesco di Conegliano-Valdobbiadene sono aumentati del <strong data-start=\"5000\" data-end=\"5010\">+15,5%<\/strong>, con un incremento significativo del turismo extra-alberghiero <strong data-start=\"5074\" data-end=\"5086\">(+33,8%)<\/strong>. Anche il numero di strutture ricettive extralberghiere \u00e8 aumentato del <strong data-start=\"5159\" data-end=\"5169\">+58,1%<\/strong> dal 2018 al 2023.<\/p>\n<p data-start=\"5191\" data-end=\"5362\">Nel Bellunese, gli arrivi turistici sono cresciuti dell&#8217;<strong data-start=\"5247\" data-end=\"5255\">+11%<\/strong> rispetto al 2019, con un trend stabile nei primi 11 mesi del 2024 rispetto allo stesso periodo del 2023.<\/p>\n<p data-start=\"5364\" data-end=\"5669\">A livello imprenditoriale, nell\u2019area Unesco di Conegliano-Valdobbiadene si concentra circa un quarto delle attivit\u00e0 e degli addetti delle province di Treviso e Belluno, mentre l&#8217;area Unesco delle Dolomiti Bellunesi rappresenta il 75% delle imprese e quasi l&#8217;80% degli addetti della provincia di Belluno.<\/p>\n<h3 data-start=\"5671\" data-end=\"5723\"><strong data-start=\"5675\" data-end=\"5721\">Un futuro da costruire su strategie mirate<\/strong><\/h3>\n<p data-start=\"5725\" data-end=\"6041\">I dati e le analisi presentati oggi delineano un percorso chiaro: per rafforzare il turismo sostenibile nelle Dolomiti e nelle Colline del Prosecco, \u00e8 fondamentale costruire un racconto autentico e coinvolgente, capace di intercettare le esigenze di un viaggiatore sempre pi\u00f9 attento alla qualit\u00e0 e all\u2019esperienza.<\/p>\n<p data-start=\"6043\" data-end=\"6358\">Il turismo sostenibile non \u00e8 solo una scelta responsabile, ma un&#8217;opportunit\u00e0 di crescita per tutto il territorio. Interpretare e valorizzare al meglio questi cambiamenti significa trasformare il Veneto in un modello di riferimento per il turismo internazionale, con un\u2019offerta sempre pi\u00f9 distintiva e competitiva.<\/p>\n<\/div>\n<div>\n<div class=\"v1gmail_signature\" dir=\"ltr\">\n<div dir=\"ltr\">\n<div dir=\"ltr\">\n<div dir=\"ltr\">\n<div dir=\"ltr\">\n<div dir=\"ltr\">\n<div dir=\"ltr\">\n<div dir=\"ltr\">\n<div dir=\"ltr\">\n<div dir=\"ltr\">\n<div dir=\"ltr\">\n<div dir=\"ltr\">\n<div dir=\"ltr\">\n<div lang=\"IT\">\n<p>&nbsp;<\/p>\n<\/div>\n<\/div>\n<\/div>\n<\/div>\n<\/div>\n<\/div>\n<\/div>\n<\/div>\n<\/div>\n<\/div>\n<\/div>\n<\/div>\n<\/div>\n<\/div>\n<\/div>","protected":false},"excerpt":{"rendered":"<p>I risultati di un&#8217;analisi sui mercati chiave del turismo in Italia, Germania, Regno Unito e Stati Uniti Belluno-Treviso, 12 marzo 2025 \u2013 Una fotografia dettagliata del turismo sostenibile nelle Dolomiti e nelle Colline del Prosecco di Conegliano-Valdobbiadene \u00e8 stata presentata oggi a Castelbrando dalla Camera di Commercio di Treviso-Belluno | Dolomiti, in collaborazione con Venicepromex. [&hellip;]<\/p>\n","protected":false},"author":2,"featured_media":158545,"comment_status":"closed","ping_status":"open","sticky":false,"template":"","format":"standard","meta":{"footnotes":""},"categories":[36,26],"tags":[],"class_list":["post-158544","post","type-post","status-publish","format-standard","has-post-thumbnail","category-lavoro-economia","category-prima-pagina"],"yoast_head":"<!-- This site is optimized with the Yoast SEO plugin v28.4 - https:\/\/yoast.com\/product\/yoast-seo-wordpress\/ -->\n<title>Turismo sostenibile: i brand delle Dolomiti e del Prosecco tra percezione e opportunit\u00e0 - Bellunopress - Dolomiti<\/title>\n<meta name=\"robots\" content=\"index, follow, max-snippet:-1, max-image-preview:large, max-video-preview:-1\" \/>\n<link rel=\"canonical\" href=\"https:\/\/www.bellunopress.it\/fr\/2025\/03\/12\/turismo-sostenibile-i-brand-delle-dolomiti-e-del-prosecco-tra-percezione-e-opportunita\/\" \/>\n<meta property=\"og:locale\" content=\"fr_FR\" \/>\n<meta property=\"og:type\" content=\"article\" \/>\n<meta property=\"og:title\" content=\"Turismo sostenibile: i brand delle Dolomiti e del Prosecco tra percezione e opportunit\u00e0 - Bellunopress - Dolomiti\" \/>\n<meta property=\"og:description\" content=\"I risultati di un&#8217;analisi sui mercati chiave del turismo in Italia, Germania, Regno Unito e Stati Uniti Belluno-Treviso, 12 marzo 2025 \u2013 Una fotografia dettagliata del turismo sostenibile nelle Dolomiti e nelle Colline del Prosecco di Conegliano-Valdobbiadene \u00e8 stata presentata oggi a Castelbrando dalla Camera di Commercio di Treviso-Belluno | Dolomiti, in collaborazione con Venicepromex. [&hellip;]\" \/>\n<meta property=\"og:url\" content=\"https:\/\/www.bellunopress.it\/fr\/2025\/03\/12\/turismo-sostenibile-i-brand-delle-dolomiti-e-del-prosecco-tra-percezione-e-opportunita\/\" \/>\n<meta property=\"og:site_name\" content=\"Bellunopress - Dolomiti\" \/>\n<meta property=\"article:publisher\" content=\"https:\/\/www.facebook.com\/profile.php?id=100008943462799\" \/>\n<meta property=\"article:published_time\" content=\"2025-03-12T11:43:14+00:00\" \/>\n<meta property=\"og:image\" content=\"https:\/\/www.bellunopress.it\/wp-content\/uploads\/2025\/03\/convegno-brand-Dolomiti-Prosecco_edited.jpg\" \/>\n\t<meta property=\"og:image:width\" content=\"1000\" \/>\n\t<meta property=\"og:image:height\" content=\"750\" \/>\n\t<meta property=\"og:image:type\" content=\"image\/jpeg\" \/>\n<meta name=\"author\" content=\"redazione\" \/>\n<meta name=\"twitter:card\" content=\"summary_large_image\" \/>\n<meta name=\"twitter:creator\" content=\"@bellunopress\" \/>\n<meta name=\"twitter:site\" content=\"@bellunopress\" \/>\n<meta name=\"twitter:label1\" content=\"\u00c9crit par\" \/>\n\t<meta name=\"twitter:data1\" content=\"redazione\" \/>\n\t<meta name=\"twitter:label2\" content=\"Dur\u00e9e de lecture estim\u00e9e\" \/>\n\t<meta name=\"twitter:data2\" content=\"4 minutes\" \/>\n<script type=\"application\/ld+json\" class=\"yoast-schema-graph\">{\"@context\":\"https:\\\/\\\/schema.org\",\"@graph\":[{\"@type\":\"Article\",\"@id\":\"https:\\\/\\\/www.bellunopress.it\\\/2025\\\/03\\\/12\\\/turismo-sostenibile-i-brand-delle-dolomiti-e-del-prosecco-tra-percezione-e-opportunita\\\/#article\",\"isPartOf\":{\"@id\":\"https:\\\/\\\/www.bellunopress.it\\\/2025\\\/03\\\/12\\\/turismo-sostenibile-i-brand-delle-dolomiti-e-del-prosecco-tra-percezione-e-opportunita\\\/\"},\"author\":{\"name\":\"redazione\",\"@id\":\"https:\\\/\\\/www.bellunopress.it\\\/#\\\/schema\\\/person\\\/79bb06722b37ece1c03d3e94beb30d73\"},\"headline\":\"Turismo sostenibile: i brand delle Dolomiti e del Prosecco tra percezione e opportunit\u00e0\",\"datePublished\":\"2025-03-12T11:43:14+00:00\",\"mainEntityOfPage\":{\"@id\":\"https:\\\/\\\/www.bellunopress.it\\\/2025\\\/03\\\/12\\\/turismo-sostenibile-i-brand-delle-dolomiti-e-del-prosecco-tra-percezione-e-opportunita\\\/\"},\"wordCount\":875,\"publisher\":{\"@id\":\"https:\\\/\\\/www.bellunopress.it\\\/#organization\"},\"image\":{\"@id\":\"https:\\\/\\\/www.bellunopress.it\\\/2025\\\/03\\\/12\\\/turismo-sostenibile-i-brand-delle-dolomiti-e-del-prosecco-tra-percezione-e-opportunita\\\/#primaryimage\"},\"thumbnailUrl\":\"https:\\\/\\\/www.bellunopress.it\\\/wp-content\\\/uploads\\\/2025\\\/03\\\/convegno-brand-Dolomiti-Prosecco_edited.jpg\",\"articleSection\":[\"Lavoro, Economia, Turismo\",\"Prima Pagina\"],\"inLanguage\":\"fr-FR\"},{\"@type\":\"WebPage\",\"@id\":\"https:\\\/\\\/www.bellunopress.it\\\/2025\\\/03\\\/12\\\/turismo-sostenibile-i-brand-delle-dolomiti-e-del-prosecco-tra-percezione-e-opportunita\\\/\",\"url\":\"https:\\\/\\\/www.bellunopress.it\\\/2025\\\/03\\\/12\\\/turismo-sostenibile-i-brand-delle-dolomiti-e-del-prosecco-tra-percezione-e-opportunita\\\/\",\"name\":\"Turismo sostenibile: i brand delle Dolomiti e del Prosecco tra percezione e opportunit\u00e0 - Bellunopress - Dolomiti\",\"isPartOf\":{\"@id\":\"https:\\\/\\\/www.bellunopress.it\\\/#website\"},\"primaryImageOfPage\":{\"@id\":\"https:\\\/\\\/www.bellunopress.it\\\/2025\\\/03\\\/12\\\/turismo-sostenibile-i-brand-delle-dolomiti-e-del-prosecco-tra-percezione-e-opportunita\\\/#primaryimage\"},\"image\":{\"@id\":\"https:\\\/\\\/www.bellunopress.it\\\/2025\\\/03\\\/12\\\/turismo-sostenibile-i-brand-delle-dolomiti-e-del-prosecco-tra-percezione-e-opportunita\\\/#primaryimage\"},\"thumbnailUrl\":\"https:\\\/\\\/www.bellunopress.it\\\/wp-content\\\/uploads\\\/2025\\\/03\\\/convegno-brand-Dolomiti-Prosecco_edited.jpg\",\"datePublished\":\"2025-03-12T11:43:14+00:00\",\"breadcrumb\":{\"@id\":\"https:\\\/\\\/www.bellunopress.it\\\/2025\\\/03\\\/12\\\/turismo-sostenibile-i-brand-delle-dolomiti-e-del-prosecco-tra-percezione-e-opportunita\\\/#breadcrumb\"},\"inLanguage\":\"fr-FR\",\"potentialAction\":[{\"@type\":\"ReadAction\",\"target\":[\"https:\\\/\\\/www.bellunopress.it\\\/2025\\\/03\\\/12\\\/turismo-sostenibile-i-brand-delle-dolomiti-e-del-prosecco-tra-percezione-e-opportunita\\\/\"]}]},{\"@type\":\"ImageObject\",\"inLanguage\":\"fr-FR\",\"@id\":\"https:\\\/\\\/www.bellunopress.it\\\/2025\\\/03\\\/12\\\/turismo-sostenibile-i-brand-delle-dolomiti-e-del-prosecco-tra-percezione-e-opportunita\\\/#primaryimage\",\"url\":\"https:\\\/\\\/www.bellunopress.it\\\/wp-content\\\/uploads\\\/2025\\\/03\\\/convegno-brand-Dolomiti-Prosecco_edited.jpg\",\"contentUrl\":\"https:\\\/\\\/www.bellunopress.it\\\/wp-content\\\/uploads\\\/2025\\\/03\\\/convegno-brand-Dolomiti-Prosecco_edited.jpg\",\"width\":1000,\"height\":750},{\"@type\":\"BreadcrumbList\",\"@id\":\"https:\\\/\\\/www.bellunopress.it\\\/2025\\\/03\\\/12\\\/turismo-sostenibile-i-brand-delle-dolomiti-e-del-prosecco-tra-percezione-e-opportunita\\\/#breadcrumb\",\"itemListElement\":[{\"@type\":\"ListItem\",\"position\":1,\"name\":\"Home\",\"item\":\"https:\\\/\\\/www.bellunopress.it\\\/\"},{\"@type\":\"ListItem\",\"position\":2,\"name\":\"Turismo sostenibile: i brand delle Dolomiti e del Prosecco tra percezione e opportunit\u00e0\"}]},{\"@type\":\"WebSite\",\"@id\":\"https:\\\/\\\/www.bellunopress.it\\\/#website\",\"url\":\"https:\\\/\\\/www.bellunopress.it\\\/\",\"name\":\"Bellunopress - Dolomiti\",\"description\":\"e-mail: redazione@bellunopress.it\",\"publisher\":{\"@id\":\"https:\\\/\\\/www.bellunopress.it\\\/#organization\"},\"potentialAction\":[{\"@type\":\"SearchAction\",\"target\":{\"@type\":\"EntryPoint\",\"urlTemplate\":\"https:\\\/\\\/www.bellunopress.it\\\/?s={search_term_string}\"},\"query-input\":{\"@type\":\"PropertyValueSpecification\",\"valueRequired\":true,\"valueName\":\"search_term_string\"}}],\"inLanguage\":\"fr-FR\"},{\"@type\":\"Organization\",\"@id\":\"https:\\\/\\\/www.bellunopress.it\\\/#organization\",\"name\":\"Bellunopress\",\"url\":\"https:\\\/\\\/www.bellunopress.it\\\/\",\"logo\":{\"@type\":\"ImageObject\",\"inLanguage\":\"fr-FR\",\"@id\":\"https:\\\/\\\/www.bellunopress.it\\\/#\\\/schema\\\/logo\\\/image\\\/\",\"url\":\"https:\\\/\\\/www.bellunopress.it\\\/wp-content\\\/uploads\\\/2011\\\/05\\\/cropped-logo-bellunopress-.jpg\",\"contentUrl\":\"https:\\\/\\\/www.bellunopress.it\\\/wp-content\\\/uploads\\\/2011\\\/05\\\/cropped-logo-bellunopress-.jpg\",\"width\":512,\"height\":512,\"caption\":\"Bellunopress\"},\"image\":{\"@id\":\"https:\\\/\\\/www.bellunopress.it\\\/#\\\/schema\\\/logo\\\/image\\\/\"},\"sameAs\":[\"https:\\\/\\\/www.facebook.com\\\/profile.php?id=100008943462799\",\"https:\\\/\\\/x.com\\\/bellunopress\",\"https:\\\/\\\/www.linkedin.com\\\/hp\\\/?dnr=JBzUWaJfMUw8vbXJJ2tVW5-I3jZKvC4wsoxE&amp;amp;amp;amp;amp;amp;trk=nav_responsive_tab_home\",\"https:\\\/\\\/www.youtube.com\\\/channel\\\/UCxL0wu1uN0_3_7hGG0306cw\"]},{\"@type\":\"Person\",\"@id\":\"https:\\\/\\\/www.bellunopress.it\\\/#\\\/schema\\\/person\\\/79bb06722b37ece1c03d3e94beb30d73\",\"name\":\"redazione\",\"image\":{\"@type\":\"ImageObject\",\"inLanguage\":\"fr-FR\",\"@id\":\"https:\\\/\\\/secure.gravatar.com\\\/avatar\\\/37d968a2e67a6fd04c169c4bdef102d0bc5d31b2546345219e348575eb80e9a0?s=96&d=mm&r=g\",\"url\":\"https:\\\/\\\/secure.gravatar.com\\\/avatar\\\/37d968a2e67a6fd04c169c4bdef102d0bc5d31b2546345219e348575eb80e9a0?s=96&d=mm&r=g\",\"contentUrl\":\"https:\\\/\\\/secure.gravatar.com\\\/avatar\\\/37d968a2e67a6fd04c169c4bdef102d0bc5d31b2546345219e348575eb80e9a0?s=96&d=mm&r=g\",\"caption\":\"redazione\"},\"sameAs\":[\"http:\\\/\\\/www.bellunopress.it\",\"https:\\\/\\\/x.com\\\/bellunopress\"],\"url\":\"https:\\\/\\\/www.bellunopress.it\\\/fr\\\/author\\\/redazione\\\/\"}]}<\/script>\n<!-- \/ Yoast SEO plugin. -->","yoast_head_json":{"title":"Turismo sostenibile: i brand delle Dolomiti e del Prosecco tra percezione e opportunit\u00e0 - Bellunopress - Dolomiti","robots":{"index":"index","follow":"follow","max-snippet":"max-snippet:-1","max-image-preview":"max-image-preview:large","max-video-preview":"max-video-preview:-1"},"canonical":"https:\/\/www.bellunopress.it\/fr\/2025\/03\/12\/turismo-sostenibile-i-brand-delle-dolomiti-e-del-prosecco-tra-percezione-e-opportunita\/","og_locale":"fr_FR","og_type":"article","og_title":"Turismo sostenibile: i brand delle Dolomiti e del Prosecco tra percezione e opportunit\u00e0 - Bellunopress - Dolomiti","og_description":"I risultati di un&#8217;analisi sui mercati chiave del turismo in Italia, Germania, Regno Unito e Stati Uniti Belluno-Treviso, 12 marzo 2025 \u2013 Una fotografia dettagliata del turismo sostenibile nelle Dolomiti e nelle Colline del Prosecco di Conegliano-Valdobbiadene \u00e8 stata presentata oggi a Castelbrando dalla Camera di Commercio di Treviso-Belluno | Dolomiti, in collaborazione con Venicepromex. [&hellip;]","og_url":"https:\/\/www.bellunopress.it\/fr\/2025\/03\/12\/turismo-sostenibile-i-brand-delle-dolomiti-e-del-prosecco-tra-percezione-e-opportunita\/","og_site_name":"Bellunopress - Dolomiti","article_publisher":"https:\/\/www.facebook.com\/profile.php?id=100008943462799","article_published_time":"2025-03-12T11:43:14+00:00","og_image":[{"width":1000,"height":750,"url":"https:\/\/www.bellunopress.it\/wp-content\/uploads\/2025\/03\/convegno-brand-Dolomiti-Prosecco_edited.jpg","type":"image\/jpeg"}],"author":"redazione","twitter_card":"summary_large_image","twitter_creator":"@bellunopress","twitter_site":"@bellunopress","twitter_misc":{"\u00c9crit par":"redazione","Dur\u00e9e de lecture estim\u00e9e":"4 minutes"},"schema":{"@context":"https:\/\/schema.org","@graph":[{"@type":"Article","@id":"https:\/\/www.bellunopress.it\/2025\/03\/12\/turismo-sostenibile-i-brand-delle-dolomiti-e-del-prosecco-tra-percezione-e-opportunita\/#article","isPartOf":{"@id":"https:\/\/www.bellunopress.it\/2025\/03\/12\/turismo-sostenibile-i-brand-delle-dolomiti-e-del-prosecco-tra-percezione-e-opportunita\/"},"author":{"name":"redazione","@id":"https:\/\/www.bellunopress.it\/#\/schema\/person\/79bb06722b37ece1c03d3e94beb30d73"},"headline":"Turismo sostenibile: i brand delle Dolomiti e del Prosecco tra percezione e opportunit\u00e0","datePublished":"2025-03-12T11:43:14+00:00","mainEntityOfPage":{"@id":"https:\/\/www.bellunopress.it\/2025\/03\/12\/turismo-sostenibile-i-brand-delle-dolomiti-e-del-prosecco-tra-percezione-e-opportunita\/"},"wordCount":875,"publisher":{"@id":"https:\/\/www.bellunopress.it\/#organization"},"image":{"@id":"https:\/\/www.bellunopress.it\/2025\/03\/12\/turismo-sostenibile-i-brand-delle-dolomiti-e-del-prosecco-tra-percezione-e-opportunita\/#primaryimage"},"thumbnailUrl":"https:\/\/www.bellunopress.it\/wp-content\/uploads\/2025\/03\/convegno-brand-Dolomiti-Prosecco_edited.jpg","articleSection":["Lavoro, Economia, Turismo","Prima Pagina"],"inLanguage":"fr-FR"},{"@type":"WebPage","@id":"https:\/\/www.bellunopress.it\/2025\/03\/12\/turismo-sostenibile-i-brand-delle-dolomiti-e-del-prosecco-tra-percezione-e-opportunita\/","url":"https:\/\/www.bellunopress.it\/2025\/03\/12\/turismo-sostenibile-i-brand-delle-dolomiti-e-del-prosecco-tra-percezione-e-opportunita\/","name":"Turismo sostenibile: i brand delle Dolomiti e del Prosecco tra percezione e opportunit\u00e0 - Bellunopress - Dolomiti","isPartOf":{"@id":"https:\/\/www.bellunopress.it\/#website"},"primaryImageOfPage":{"@id":"https:\/\/www.bellunopress.it\/2025\/03\/12\/turismo-sostenibile-i-brand-delle-dolomiti-e-del-prosecco-tra-percezione-e-opportunita\/#primaryimage"},"image":{"@id":"https:\/\/www.bellunopress.it\/2025\/03\/12\/turismo-sostenibile-i-brand-delle-dolomiti-e-del-prosecco-tra-percezione-e-opportunita\/#primaryimage"},"thumbnailUrl":"https:\/\/www.bellunopress.it\/wp-content\/uploads\/2025\/03\/convegno-brand-Dolomiti-Prosecco_edited.jpg","datePublished":"2025-03-12T11:43:14+00:00","breadcrumb":{"@id":"https:\/\/www.bellunopress.it\/2025\/03\/12\/turismo-sostenibile-i-brand-delle-dolomiti-e-del-prosecco-tra-percezione-e-opportunita\/#breadcrumb"},"inLanguage":"fr-FR","potentialAction":[{"@type":"ReadAction","target":["https:\/\/www.bellunopress.it\/2025\/03\/12\/turismo-sostenibile-i-brand-delle-dolomiti-e-del-prosecco-tra-percezione-e-opportunita\/"]}]},{"@type":"ImageObject","inLanguage":"fr-FR","@id":"https:\/\/www.bellunopress.it\/2025\/03\/12\/turismo-sostenibile-i-brand-delle-dolomiti-e-del-prosecco-tra-percezione-e-opportunita\/#primaryimage","url":"https:\/\/www.bellunopress.it\/wp-content\/uploads\/2025\/03\/convegno-brand-Dolomiti-Prosecco_edited.jpg","contentUrl":"https:\/\/www.bellunopress.it\/wp-content\/uploads\/2025\/03\/convegno-brand-Dolomiti-Prosecco_edited.jpg","width":1000,"height":750},{"@type":"BreadcrumbList","@id":"https:\/\/www.bellunopress.it\/2025\/03\/12\/turismo-sostenibile-i-brand-delle-dolomiti-e-del-prosecco-tra-percezione-e-opportunita\/#breadcrumb","itemListElement":[{"@type":"ListItem","position":1,"name":"Home","item":"https:\/\/www.bellunopress.it\/"},{"@type":"ListItem","position":2,"name":"Turismo sostenibile: i brand delle Dolomiti e del Prosecco tra percezione e opportunit\u00e0"}]},{"@type":"WebSite","@id":"https:\/\/www.bellunopress.it\/#website","url":"https:\/\/www.bellunopress.it\/","name":"Bellunopress - Dolomiti","description":"e-mail: redazione@bellunopress.it","publisher":{"@id":"https:\/\/www.bellunopress.it\/#organization"},"potentialAction":[{"@type":"SearchAction","target":{"@type":"EntryPoint","urlTemplate":"https:\/\/www.bellunopress.it\/?s={search_term_string}"},"query-input":{"@type":"PropertyValueSpecification","valueRequired":true,"valueName":"search_term_string"}}],"inLanguage":"fr-FR"},{"@type":"Organization","@id":"https:\/\/www.bellunopress.it\/#organization","name":"Bellunopress","url":"https:\/\/www.bellunopress.it\/","logo":{"@type":"ImageObject","inLanguage":"fr-FR","@id":"https:\/\/www.bellunopress.it\/#\/schema\/logo\/image\/","url":"https:\/\/www.bellunopress.it\/wp-content\/uploads\/2011\/05\/cropped-logo-bellunopress-.jpg","contentUrl":"https:\/\/www.bellunopress.it\/wp-content\/uploads\/2011\/05\/cropped-logo-bellunopress-.jpg","width":512,"height":512,"caption":"Bellunopress"},"image":{"@id":"https:\/\/www.bellunopress.it\/#\/schema\/logo\/image\/"},"sameAs":["https:\/\/www.facebook.com\/profile.php?id=100008943462799","https:\/\/x.com\/bellunopress","https:\/\/www.linkedin.com\/hp\/?dnr=JBzUWaJfMUw8vbXJJ2tVW5-I3jZKvC4wsoxE&amp;amp;amp;amp;amp;amp;trk=nav_responsive_tab_home","https:\/\/www.youtube.com\/channel\/UCxL0wu1uN0_3_7hGG0306cw"]},{"@type":"Person","@id":"https:\/\/www.bellunopress.it\/#\/schema\/person\/79bb06722b37ece1c03d3e94beb30d73","name":"r\u00e9daction","image":{"@type":"ImageObject","inLanguage":"fr-FR","@id":"https:\/\/secure.gravatar.com\/avatar\/37d968a2e67a6fd04c169c4bdef102d0bc5d31b2546345219e348575eb80e9a0?s=96&d=mm&r=g","url":"https:\/\/secure.gravatar.com\/avatar\/37d968a2e67a6fd04c169c4bdef102d0bc5d31b2546345219e348575eb80e9a0?s=96&d=mm&r=g","contentUrl":"https:\/\/secure.gravatar.com\/avatar\/37d968a2e67a6fd04c169c4bdef102d0bc5d31b2546345219e348575eb80e9a0?s=96&d=mm&r=g","caption":"redazione"},"sameAs":["http:\/\/www.bellunopress.it","https:\/\/x.com\/bellunopress"],"url":"https:\/\/www.bellunopress.it\/fr\/author\/redazione\/"}]}},"_links":{"self":[{"href":"https:\/\/www.bellunopress.it\/fr\/wp-json\/wp\/v2\/posts\/158544","targetHints":{"allow":["GET"]}}],"collection":[{"href":"https:\/\/www.bellunopress.it\/fr\/wp-json\/wp\/v2\/posts"}],"about":[{"href":"https:\/\/www.bellunopress.it\/fr\/wp-json\/wp\/v2\/types\/post"}],"author":[{"embeddable":true,"href":"https:\/\/www.bellunopress.it\/fr\/wp-json\/wp\/v2\/users\/2"}],"replies":[{"embeddable":true,"href":"https:\/\/www.bellunopress.it\/fr\/wp-json\/wp\/v2\/comments?post=158544"}],"version-history":[{"count":1,"href":"https:\/\/www.bellunopress.it\/fr\/wp-json\/wp\/v2\/posts\/158544\/revisions"}],"predecessor-version":[{"id":158546,"href":"https:\/\/www.bellunopress.it\/fr\/wp-json\/wp\/v2\/posts\/158544\/revisions\/158546"}],"wp:featuredmedia":[{"embeddable":true,"href":"https:\/\/www.bellunopress.it\/fr\/wp-json\/wp\/v2\/media\/158545"}],"wp:attachment":[{"href":"https:\/\/www.bellunopress.it\/fr\/wp-json\/wp\/v2\/media?parent=158544"}],"wp:term":[{"taxonomy":"category","embeddable":true,"href":"https:\/\/www.bellunopress.it\/fr\/wp-json\/wp\/v2\/categories?post=158544"},{"taxonomy":"post_tag","embeddable":true,"href":"https:\/\/www.bellunopress.it\/fr\/wp-json\/wp\/v2\/tags?post=158544"}],"curies":[{"name":"wp","href":"https:\/\/api.w.org\/{rel}","templated":true}]}}