{"id":158217,"date":"2025-02-27T10:00:44","date_gmt":"2025-02-27T09:00:44","guid":{"rendered":"https:\/\/www.bellunopress.it\/?p=158217"},"modified":"2025-02-26T21:44:57","modified_gmt":"2025-02-26T20:44:57","slug":"faloria-cristallo-accessi-in-linea-con-la-stagione-precedente","status":"publish","type":"post","link":"https:\/\/www.bellunopress.it\/fr\/2025\/02\/27\/faloria-cristallo-accessi-in-linea-con-la-stagione-precedente\/","title":{"rendered":"Faloria Cristallo: accessi in linea con la stagione precedente"},"content":{"rendered":"<p><img loading=\"lazy\" decoding=\"async\" class=\"aligncenter size-full wp-image-156058\" src=\"https:\/\/www.bellunopress.it\/wp-content\/uploads\/2024\/12\/Faloria-Cristallo_edited.jpg\" alt=\"\" width=\"1000\" height=\"750\" srcset=\"https:\/\/www.bellunopress.it\/wp-content\/uploads\/2024\/12\/Faloria-Cristallo_edited.jpg 1000w, https:\/\/www.bellunopress.it\/wp-content\/uploads\/2024\/12\/Faloria-Cristallo_edited-500x375.jpg 500w, https:\/\/www.bellunopress.it\/wp-content\/uploads\/2024\/12\/Faloria-Cristallo_edited-560x420.jpg 560w, https:\/\/www.bellunopress.it\/wp-content\/uploads\/2024\/12\/Faloria-Cristallo_edited-80x60.jpg 80w, https:\/\/www.bellunopress.it\/wp-content\/uploads\/2024\/12\/Faloria-Cristallo_edited-696x522.jpg 696w\" sizes=\"auto, (max-width: 1000px) 100vw, 1000px\" \/>Nonostante un inizio stagione invernale con scarse precipitazioni atmosferiche il personale della societ\u00e0 Faloria-Cristallo si \u00e8 adoperato per rendere le piste e i tracciati perfettamente praticabili e in sicurezza garantendo inoltre l\u2019apertura dei punti di ristoro e i rifugi. Un lavoro molto apprezzato dalla clientela che continua a considerare la Ski Area Faloria-Cristallo come una met\u00e0 da non perdere: per gli sportivi che desiderano cimentarsi negli sport sulla neve e per quanti intendono trascorrere momenti di relax e intrattenersi per gli Apr\u00e8s-ski, pranzare o cenare nei rifugi con panorami mozzafiato e ancora partecipare ai numerosi eventi programmati per la stagione.<\/p>\n<p>I flussi turistici, sia durante le vacanze natalizie e sia nel mese di gennaio \u2013 tra l\u2019altro con il grande evento della Coppa del Mondo di Sci Alpino \u2013 sono stati caratterizzati da una forte presenza di stranieri risultando peraltro in linea con quelli dell\u2019anno scorso. Nel frattempo sono entrate nel vivo le \u201csettimane bianche\u201d che si concluderanno il 4 marzo e vedono una forte presenza di italiani oltre che degli stranieri.<\/p>\n<p>Per quanto riguarda gli eventi, oltre ai consueti Apr\u00e8s-ski nelle giornate di sabato 1\u00b0, 8 e 15 marzo i consueti, si ricorda \u201cCortina Food Lovers\u201d iniziativa enogastronomica in programma il 22 marzo al Rifugio Faloria dove gli chef ampezzani (Capanna Tondi, Fvsion, Lago Scin, Rio Gere, Tivoli) presenteranno le loro specialit\u00e0 primaverili accompagnate da vini di importanti cantine mentre i dolci saranno preparati dalla Pasticceria Alver\u00e0. L\u2019accompagnamento musicale sar\u00e0 a cura di \u201cThe Bridge Trio\u201d.<\/p>\n<p>Nell\u2019ambito delle discipline sport invernali la pista Tondi ospiter\u00e0 dal 5 al 6 aprile 2025 i Campionati italiani di snowboard.<br \/>\nPer quanto riguarda la mobilit\u00e0 interna \u00e8 stato intensificato il gi\u00e0 potenziato servizio di Skibus della Dolomitibus per l\u2019accesso alla Ski Area: sar\u00e0 cos\u00ec possibile arrivare con comodit\u00e0 di fronte alla partenza della funivia Faloria dove c\u2019\u00e8 anche il punto di noleggio sci.<br \/>\nIn localit\u00e0 Rio Gere \u00e8 possibile usufruire di un ampio parcheggio gestito dalla societ\u00e0 Faloria Cristallo, alla partenza della seggiovia \u00e8 disponibile il servizio noleggio sci e scarponi.<br \/>\nTutte le informazioni generali e ulteriori dettagli su piste, impianti ed eventi consultando il sito www.faloriacristallo.it<\/p>","protected":false},"excerpt":{"rendered":"<p>Nonostante un inizio stagione invernale con scarse precipitazioni atmosferiche il personale della societ\u00e0 Faloria-Cristallo si \u00e8 adoperato per rendere le piste e i tracciati perfettamente praticabili e in sicurezza garantendo inoltre l\u2019apertura dei punti di ristoro e i rifugi. Un lavoro molto apprezzato dalla clientela che continua a considerare la Ski Area Faloria-Cristallo come una [&hellip;]<\/p>\n","protected":false},"author":2,"featured_media":156058,"comment_status":"closed","ping_status":"open","sticky":false,"template":"","format":"standard","meta":{"footnotes":""},"categories":[36],"tags":[],"class_list":["post-158217","post","type-post","status-publish","format-standard","has-post-thumbnail","category-lavoro-economia"],"yoast_head":"<!-- This site is optimized with the Yoast SEO plugin v28.4 - https:\/\/yoast.com\/product\/yoast-seo-wordpress\/ -->\n<title>Faloria Cristallo: accessi in linea con la stagione precedente - Bellunopress - Dolomiti<\/title>\n<meta name=\"robots\" content=\"index, follow, max-snippet:-1, max-image-preview:large, max-video-preview:-1\" \/>\n<link rel=\"canonical\" href=\"https:\/\/www.bellunopress.it\/fr\/2025\/02\/27\/faloria-cristallo-accessi-in-linea-con-la-stagione-precedente\/\" \/>\n<meta property=\"og:locale\" content=\"fr_FR\" \/>\n<meta property=\"og:type\" content=\"article\" \/>\n<meta property=\"og:title\" content=\"Faloria Cristallo: accessi in linea con la stagione precedente - Bellunopress - Dolomiti\" \/>\n<meta property=\"og:description\" content=\"Nonostante un inizio stagione invernale con scarse precipitazioni atmosferiche il personale della societ\u00e0 Faloria-Cristallo si \u00e8 adoperato per rendere le piste e i tracciati perfettamente praticabili e in sicurezza garantendo inoltre l\u2019apertura dei punti di ristoro e i rifugi. Un lavoro molto apprezzato dalla clientela che continua a considerare la Ski Area Faloria-Cristallo come una [&hellip;]\" \/>\n<meta property=\"og:url\" content=\"https:\/\/www.bellunopress.it\/fr\/2025\/02\/27\/faloria-cristallo-accessi-in-linea-con-la-stagione-precedente\/\" \/>\n<meta property=\"og:site_name\" content=\"Bellunopress - Dolomiti\" \/>\n<meta property=\"article:publisher\" content=\"https:\/\/www.facebook.com\/profile.php?id=100008943462799\" \/>\n<meta property=\"article:published_time\" content=\"2025-02-27T09:00:44+00:00\" \/>\n<meta property=\"og:image\" content=\"https:\/\/www.bellunopress.it\/wp-content\/uploads\/2024\/12\/Faloria-Cristallo_edited.jpg\" \/>\n\t<meta property=\"og:image:width\" content=\"1000\" \/>\n\t<meta property=\"og:image:height\" content=\"750\" \/>\n\t<meta property=\"og:image:type\" content=\"image\/jpeg\" \/>\n<meta name=\"author\" content=\"redazione\" \/>\n<meta name=\"twitter:card\" content=\"summary_large_image\" \/>\n<meta name=\"twitter:creator\" content=\"@bellunopress\" \/>\n<meta name=\"twitter:site\" content=\"@bellunopress\" \/>\n<meta name=\"twitter:label1\" content=\"\u00c9crit par\" \/>\n\t<meta name=\"twitter:data1\" content=\"redazione\" \/>\n\t<meta name=\"twitter:label2\" content=\"Dur\u00e9e de lecture estim\u00e9e\" \/>\n\t<meta name=\"twitter:data2\" content=\"2 minutes\" \/>\n<script type=\"application\/ld+json\" class=\"yoast-schema-graph\">{\"@context\":\"https:\\\/\\\/schema.org\",\"@graph\":[{\"@type\":\"Article\",\"@id\":\"https:\\\/\\\/www.bellunopress.it\\\/2025\\\/02\\\/27\\\/faloria-cristallo-accessi-in-linea-con-la-stagione-precedente\\\/#article\",\"isPartOf\":{\"@id\":\"https:\\\/\\\/www.bellunopress.it\\\/2025\\\/02\\\/27\\\/faloria-cristallo-accessi-in-linea-con-la-stagione-precedente\\\/\"},\"author\":{\"name\":\"redazione\",\"@id\":\"https:\\\/\\\/www.bellunopress.it\\\/#\\\/schema\\\/person\\\/79bb06722b37ece1c03d3e94beb30d73\"},\"headline\":\"Faloria Cristallo: accessi in linea con la stagione precedente\",\"datePublished\":\"2025-02-27T09:00:44+00:00\",\"mainEntityOfPage\":{\"@id\":\"https:\\\/\\\/www.bellunopress.it\\\/2025\\\/02\\\/27\\\/faloria-cristallo-accessi-in-linea-con-la-stagione-precedente\\\/\"},\"wordCount\":359,\"publisher\":{\"@id\":\"https:\\\/\\\/www.bellunopress.it\\\/#organization\"},\"image\":{\"@id\":\"https:\\\/\\\/www.bellunopress.it\\\/2025\\\/02\\\/27\\\/faloria-cristallo-accessi-in-linea-con-la-stagione-precedente\\\/#primaryimage\"},\"thumbnailUrl\":\"https:\\\/\\\/www.bellunopress.it\\\/wp-content\\\/uploads\\\/2024\\\/12\\\/Faloria-Cristallo_edited.jpg\",\"articleSection\":[\"Lavoro, Economia, Turismo\"],\"inLanguage\":\"fr-FR\"},{\"@type\":\"WebPage\",\"@id\":\"https:\\\/\\\/www.bellunopress.it\\\/2025\\\/02\\\/27\\\/faloria-cristallo-accessi-in-linea-con-la-stagione-precedente\\\/\",\"url\":\"https:\\\/\\\/www.bellunopress.it\\\/2025\\\/02\\\/27\\\/faloria-cristallo-accessi-in-linea-con-la-stagione-precedente\\\/\",\"name\":\"Faloria Cristallo: accessi in linea con la stagione precedente - Bellunopress - Dolomiti\",\"isPartOf\":{\"@id\":\"https:\\\/\\\/www.bellunopress.it\\\/#website\"},\"primaryImageOfPage\":{\"@id\":\"https:\\\/\\\/www.bellunopress.it\\\/2025\\\/02\\\/27\\\/faloria-cristallo-accessi-in-linea-con-la-stagione-precedente\\\/#primaryimage\"},\"image\":{\"@id\":\"https:\\\/\\\/www.bellunopress.it\\\/2025\\\/02\\\/27\\\/faloria-cristallo-accessi-in-linea-con-la-stagione-precedente\\\/#primaryimage\"},\"thumbnailUrl\":\"https:\\\/\\\/www.bellunopress.it\\\/wp-content\\\/uploads\\\/2024\\\/12\\\/Faloria-Cristallo_edited.jpg\",\"datePublished\":\"2025-02-27T09:00:44+00:00\",\"breadcrumb\":{\"@id\":\"https:\\\/\\\/www.bellunopress.it\\\/2025\\\/02\\\/27\\\/faloria-cristallo-accessi-in-linea-con-la-stagione-precedente\\\/#breadcrumb\"},\"inLanguage\":\"fr-FR\",\"potentialAction\":[{\"@type\":\"ReadAction\",\"target\":[\"https:\\\/\\\/www.bellunopress.it\\\/2025\\\/02\\\/27\\\/faloria-cristallo-accessi-in-linea-con-la-stagione-precedente\\\/\"]}]},{\"@type\":\"ImageObject\",\"inLanguage\":\"fr-FR\",\"@id\":\"https:\\\/\\\/www.bellunopress.it\\\/2025\\\/02\\\/27\\\/faloria-cristallo-accessi-in-linea-con-la-stagione-precedente\\\/#primaryimage\",\"url\":\"https:\\\/\\\/www.bellunopress.it\\\/wp-content\\\/uploads\\\/2024\\\/12\\\/Faloria-Cristallo_edited.jpg\",\"contentUrl\":\"https:\\\/\\\/www.bellunopress.it\\\/wp-content\\\/uploads\\\/2024\\\/12\\\/Faloria-Cristallo_edited.jpg\",\"width\":1000,\"height\":750},{\"@type\":\"BreadcrumbList\",\"@id\":\"https:\\\/\\\/www.bellunopress.it\\\/2025\\\/02\\\/27\\\/faloria-cristallo-accessi-in-linea-con-la-stagione-precedente\\\/#breadcrumb\",\"itemListElement\":[{\"@type\":\"ListItem\",\"position\":1,\"name\":\"Home\",\"item\":\"https:\\\/\\\/www.bellunopress.it\\\/\"},{\"@type\":\"ListItem\",\"position\":2,\"name\":\"Faloria Cristallo: accessi in linea con la stagione precedente\"}]},{\"@type\":\"WebSite\",\"@id\":\"https:\\\/\\\/www.bellunopress.it\\\/#website\",\"url\":\"https:\\\/\\\/www.bellunopress.it\\\/\",\"name\":\"Bellunopress - Dolomiti\",\"description\":\"e-mail: redazione@bellunopress.it\",\"publisher\":{\"@id\":\"https:\\\/\\\/www.bellunopress.it\\\/#organization\"},\"potentialAction\":[{\"@type\":\"SearchAction\",\"target\":{\"@type\":\"EntryPoint\",\"urlTemplate\":\"https:\\\/\\\/www.bellunopress.it\\\/?s={search_term_string}\"},\"query-input\":{\"@type\":\"PropertyValueSpecification\",\"valueRequired\":true,\"valueName\":\"search_term_string\"}}],\"inLanguage\":\"fr-FR\"},{\"@type\":\"Organization\",\"@id\":\"https:\\\/\\\/www.bellunopress.it\\\/#organization\",\"name\":\"Bellunopress\",\"url\":\"https:\\\/\\\/www.bellunopress.it\\\/\",\"logo\":{\"@type\":\"ImageObject\",\"inLanguage\":\"fr-FR\",\"@id\":\"https:\\\/\\\/www.bellunopress.it\\\/#\\\/schema\\\/logo\\\/image\\\/\",\"url\":\"https:\\\/\\\/www.bellunopress.it\\\/wp-content\\\/uploads\\\/2011\\\/05\\\/cropped-logo-bellunopress-.jpg\",\"contentUrl\":\"https:\\\/\\\/www.bellunopress.it\\\/wp-content\\\/uploads\\\/2011\\\/05\\\/cropped-logo-bellunopress-.jpg\",\"width\":512,\"height\":512,\"caption\":\"Bellunopress\"},\"image\":{\"@id\":\"https:\\\/\\\/www.bellunopress.it\\\/#\\\/schema\\\/logo\\\/image\\\/\"},\"sameAs\":[\"https:\\\/\\\/www.facebook.com\\\/profile.php?id=100008943462799\",\"https:\\\/\\\/x.com\\\/bellunopress\",\"https:\\\/\\\/www.linkedin.com\\\/hp\\\/?dnr=JBzUWaJfMUw8vbXJJ2tVW5-I3jZKvC4wsoxE&amp;amp;amp;amp;amp;amp;trk=nav_responsive_tab_home\",\"https:\\\/\\\/www.youtube.com\\\/channel\\\/UCxL0wu1uN0_3_7hGG0306cw\"]},{\"@type\":\"Person\",\"@id\":\"https:\\\/\\\/www.bellunopress.it\\\/#\\\/schema\\\/person\\\/79bb06722b37ece1c03d3e94beb30d73\",\"name\":\"redazione\",\"image\":{\"@type\":\"ImageObject\",\"inLanguage\":\"fr-FR\",\"@id\":\"https:\\\/\\\/secure.gravatar.com\\\/avatar\\\/37d968a2e67a6fd04c169c4bdef102d0bc5d31b2546345219e348575eb80e9a0?s=96&d=mm&r=g\",\"url\":\"https:\\\/\\\/secure.gravatar.com\\\/avatar\\\/37d968a2e67a6fd04c169c4bdef102d0bc5d31b2546345219e348575eb80e9a0?s=96&d=mm&r=g\",\"contentUrl\":\"https:\\\/\\\/secure.gravatar.com\\\/avatar\\\/37d968a2e67a6fd04c169c4bdef102d0bc5d31b2546345219e348575eb80e9a0?s=96&d=mm&r=g\",\"caption\":\"redazione\"},\"sameAs\":[\"http:\\\/\\\/www.bellunopress.it\",\"https:\\\/\\\/x.com\\\/bellunopress\"],\"url\":\"https:\\\/\\\/www.bellunopress.it\\\/fr\\\/author\\\/redazione\\\/\"}]}<\/script>\n<!-- \/ Yoast SEO plugin. -->","yoast_head_json":{"title":"Faloria Cristallo: accessi in linea con la stagione precedente - Bellunopress - Dolomiti","robots":{"index":"index","follow":"follow","max-snippet":"max-snippet:-1","max-image-preview":"max-image-preview:large","max-video-preview":"max-video-preview:-1"},"canonical":"https:\/\/www.bellunopress.it\/fr\/2025\/02\/27\/faloria-cristallo-accessi-in-linea-con-la-stagione-precedente\/","og_locale":"fr_FR","og_type":"article","og_title":"Faloria Cristallo: accessi in linea con la stagione precedente - Bellunopress - Dolomiti","og_description":"Nonostante un inizio stagione invernale con scarse precipitazioni atmosferiche il personale della societ\u00e0 Faloria-Cristallo si \u00e8 adoperato per rendere le piste e i tracciati perfettamente praticabili e in sicurezza garantendo inoltre l\u2019apertura dei punti di ristoro e i rifugi. Un lavoro molto apprezzato dalla clientela che continua a considerare la Ski Area Faloria-Cristallo come una [&hellip;]","og_url":"https:\/\/www.bellunopress.it\/fr\/2025\/02\/27\/faloria-cristallo-accessi-in-linea-con-la-stagione-precedente\/","og_site_name":"Bellunopress - Dolomiti","article_publisher":"https:\/\/www.facebook.com\/profile.php?id=100008943462799","article_published_time":"2025-02-27T09:00:44+00:00","og_image":[{"width":1000,"height":750,"url":"https:\/\/www.bellunopress.it\/wp-content\/uploads\/2024\/12\/Faloria-Cristallo_edited.jpg","type":"image\/jpeg"}],"author":"redazione","twitter_card":"summary_large_image","twitter_creator":"@bellunopress","twitter_site":"@bellunopress","twitter_misc":{"\u00c9crit par":"redazione","Dur\u00e9e de lecture estim\u00e9e":"2 minutes"},"schema":{"@context":"https:\/\/schema.org","@graph":[{"@type":"Article","@id":"https:\/\/www.bellunopress.it\/2025\/02\/27\/faloria-cristallo-accessi-in-linea-con-la-stagione-precedente\/#article","isPartOf":{"@id":"https:\/\/www.bellunopress.it\/2025\/02\/27\/faloria-cristallo-accessi-in-linea-con-la-stagione-precedente\/"},"author":{"name":"redazione","@id":"https:\/\/www.bellunopress.it\/#\/schema\/person\/79bb06722b37ece1c03d3e94beb30d73"},"headline":"Faloria Cristallo: accessi in linea con la stagione precedente","datePublished":"2025-02-27T09:00:44+00:00","mainEntityOfPage":{"@id":"https:\/\/www.bellunopress.it\/2025\/02\/27\/faloria-cristallo-accessi-in-linea-con-la-stagione-precedente\/"},"wordCount":359,"publisher":{"@id":"https:\/\/www.bellunopress.it\/#organization"},"image":{"@id":"https:\/\/www.bellunopress.it\/2025\/02\/27\/faloria-cristallo-accessi-in-linea-con-la-stagione-precedente\/#primaryimage"},"thumbnailUrl":"https:\/\/www.bellunopress.it\/wp-content\/uploads\/2024\/12\/Faloria-Cristallo_edited.jpg","articleSection":["Lavoro, Economia, Turismo"],"inLanguage":"fr-FR"},{"@type":"WebPage","@id":"https:\/\/www.bellunopress.it\/2025\/02\/27\/faloria-cristallo-accessi-in-linea-con-la-stagione-precedente\/","url":"https:\/\/www.bellunopress.it\/2025\/02\/27\/faloria-cristallo-accessi-in-linea-con-la-stagione-precedente\/","name":"Faloria Cristallo: accessi in linea con la stagione precedente - Bellunopress - Dolomiti","isPartOf":{"@id":"https:\/\/www.bellunopress.it\/#website"},"primaryImageOfPage":{"@id":"https:\/\/www.bellunopress.it\/2025\/02\/27\/faloria-cristallo-accessi-in-linea-con-la-stagione-precedente\/#primaryimage"},"image":{"@id":"https:\/\/www.bellunopress.it\/2025\/02\/27\/faloria-cristallo-accessi-in-linea-con-la-stagione-precedente\/#primaryimage"},"thumbnailUrl":"https:\/\/www.bellunopress.it\/wp-content\/uploads\/2024\/12\/Faloria-Cristallo_edited.jpg","datePublished":"2025-02-27T09:00:44+00:00","breadcrumb":{"@id":"https:\/\/www.bellunopress.it\/2025\/02\/27\/faloria-cristallo-accessi-in-linea-con-la-stagione-precedente\/#breadcrumb"},"inLanguage":"fr-FR","potentialAction":[{"@type":"ReadAction","target":["https:\/\/www.bellunopress.it\/2025\/02\/27\/faloria-cristallo-accessi-in-linea-con-la-stagione-precedente\/"]}]},{"@type":"ImageObject","inLanguage":"fr-FR","@id":"https:\/\/www.bellunopress.it\/2025\/02\/27\/faloria-cristallo-accessi-in-linea-con-la-stagione-precedente\/#primaryimage","url":"https:\/\/www.bellunopress.it\/wp-content\/uploads\/2024\/12\/Faloria-Cristallo_edited.jpg","contentUrl":"https:\/\/www.bellunopress.it\/wp-content\/uploads\/2024\/12\/Faloria-Cristallo_edited.jpg","width":1000,"height":750},{"@type":"BreadcrumbList","@id":"https:\/\/www.bellunopress.it\/2025\/02\/27\/faloria-cristallo-accessi-in-linea-con-la-stagione-precedente\/#breadcrumb","itemListElement":[{"@type":"ListItem","position":1,"name":"Home","item":"https:\/\/www.bellunopress.it\/"},{"@type":"ListItem","position":2,"name":"Faloria Cristallo: accessi in linea con la stagione precedente"}]},{"@type":"WebSite","@id":"https:\/\/www.bellunopress.it\/#website","url":"https:\/\/www.bellunopress.it\/","name":"Bellunopress - Dolomiti","description":"e-mail: redazione@bellunopress.it","publisher":{"@id":"https:\/\/www.bellunopress.it\/#organization"},"potentialAction":[{"@type":"SearchAction","target":{"@type":"EntryPoint","urlTemplate":"https:\/\/www.bellunopress.it\/?s={search_term_string}"},"query-input":{"@type":"PropertyValueSpecification","valueRequired":true,"valueName":"search_term_string"}}],"inLanguage":"fr-FR"},{"@type":"Organization","@id":"https:\/\/www.bellunopress.it\/#organization","name":"Bellunopress","url":"https:\/\/www.bellunopress.it\/","logo":{"@type":"ImageObject","inLanguage":"fr-FR","@id":"https:\/\/www.bellunopress.it\/#\/schema\/logo\/image\/","url":"https:\/\/www.bellunopress.it\/wp-content\/uploads\/2011\/05\/cropped-logo-bellunopress-.jpg","contentUrl":"https:\/\/www.bellunopress.it\/wp-content\/uploads\/2011\/05\/cropped-logo-bellunopress-.jpg","width":512,"height":512,"caption":"Bellunopress"},"image":{"@id":"https:\/\/www.bellunopress.it\/#\/schema\/logo\/image\/"},"sameAs":["https:\/\/www.facebook.com\/profile.php?id=100008943462799","https:\/\/x.com\/bellunopress","https:\/\/www.linkedin.com\/hp\/?dnr=JBzUWaJfMUw8vbXJJ2tVW5-I3jZKvC4wsoxE&amp;amp;amp;amp;amp;amp;trk=nav_responsive_tab_home","https:\/\/www.youtube.com\/channel\/UCxL0wu1uN0_3_7hGG0306cw"]},{"@type":"Person","@id":"https:\/\/www.bellunopress.it\/#\/schema\/person\/79bb06722b37ece1c03d3e94beb30d73","name":"r\u00e9daction","image":{"@type":"ImageObject","inLanguage":"fr-FR","@id":"https:\/\/secure.gravatar.com\/avatar\/37d968a2e67a6fd04c169c4bdef102d0bc5d31b2546345219e348575eb80e9a0?s=96&d=mm&r=g","url":"https:\/\/secure.gravatar.com\/avatar\/37d968a2e67a6fd04c169c4bdef102d0bc5d31b2546345219e348575eb80e9a0?s=96&d=mm&r=g","contentUrl":"https:\/\/secure.gravatar.com\/avatar\/37d968a2e67a6fd04c169c4bdef102d0bc5d31b2546345219e348575eb80e9a0?s=96&d=mm&r=g","caption":"redazione"},"sameAs":["http:\/\/www.bellunopress.it","https:\/\/x.com\/bellunopress"],"url":"https:\/\/www.bellunopress.it\/fr\/author\/redazione\/"}]}},"_links":{"self":[{"href":"https:\/\/www.bellunopress.it\/fr\/wp-json\/wp\/v2\/posts\/158217","targetHints":{"allow":["GET"]}}],"collection":[{"href":"https:\/\/www.bellunopress.it\/fr\/wp-json\/wp\/v2\/posts"}],"about":[{"href":"https:\/\/www.bellunopress.it\/fr\/wp-json\/wp\/v2\/types\/post"}],"author":[{"embeddable":true,"href":"https:\/\/www.bellunopress.it\/fr\/wp-json\/wp\/v2\/users\/2"}],"replies":[{"embeddable":true,"href":"https:\/\/www.bellunopress.it\/fr\/wp-json\/wp\/v2\/comments?post=158217"}],"version-history":[{"count":1,"href":"https:\/\/www.bellunopress.it\/fr\/wp-json\/wp\/v2\/posts\/158217\/revisions"}],"predecessor-version":[{"id":158218,"href":"https:\/\/www.bellunopress.it\/fr\/wp-json\/wp\/v2\/posts\/158217\/revisions\/158218"}],"wp:featuredmedia":[{"embeddable":true,"href":"https:\/\/www.bellunopress.it\/fr\/wp-json\/wp\/v2\/media\/156058"}],"wp:attachment":[{"href":"https:\/\/www.bellunopress.it\/fr\/wp-json\/wp\/v2\/media?parent=158217"}],"wp:term":[{"taxonomy":"category","embeddable":true,"href":"https:\/\/www.bellunopress.it\/fr\/wp-json\/wp\/v2\/categories?post=158217"},{"taxonomy":"post_tag","embeddable":true,"href":"https:\/\/www.bellunopress.it\/fr\/wp-json\/wp\/v2\/tags?post=158217"}],"curies":[{"name":"wp","href":"https:\/\/api.w.org\/{rel}","templated":true}]}}