{"id":158215,"date":"2025-02-27T09:30:59","date_gmt":"2025-02-27T08:30:59","guid":{"rendered":"https:\/\/www.bellunopress.it\/?p=158215"},"modified":"2025-02-26T21:37:26","modified_gmt":"2025-02-26T20:37:26","slug":"gli-alberi-di-belluno-e-il-riscaldamento-climatico","status":"publish","type":"post","link":"https:\/\/www.bellunopress.it\/fr\/2025\/02\/27\/gli-alberi-di-belluno-e-il-riscaldamento-climatico\/","title":{"rendered":"Gli alberi di Belluno e il riscaldamento climatico"},"content":{"rendered":"<figure id=\"attachment_154087\" aria-describedby=\"caption-attachment-154087\" style=\"width: 1000px\" class=\"wp-caption aligncenter\"><img loading=\"lazy\" decoding=\"async\" class=\"size-full wp-image-154087\" src=\"https:\/\/www.bellunopress.it\/wp-content\/uploads\/2024\/09\/Cavarzano-piazzale-vittime-di-via-fani-taglio-alberi_edited.jpg\" alt=\"\" width=\"1000\" height=\"641\" srcset=\"https:\/\/www.bellunopress.it\/wp-content\/uploads\/2024\/09\/Cavarzano-piazzale-vittime-di-via-fani-taglio-alberi_edited.jpg 1000w, https:\/\/www.bellunopress.it\/wp-content\/uploads\/2024\/09\/Cavarzano-piazzale-vittime-di-via-fani-taglio-alberi_edited-500x321.jpg 500w, https:\/\/www.bellunopress.it\/wp-content\/uploads\/2024\/09\/Cavarzano-piazzale-vittime-di-via-fani-taglio-alberi_edited-655x420.jpg 655w, https:\/\/www.bellunopress.it\/wp-content\/uploads\/2024\/09\/Cavarzano-piazzale-vittime-di-via-fani-taglio-alberi_edited-696x446.jpg 696w\" sizes=\"auto, (max-width: 1000px) 100vw, 1000px\" \/><figcaption id=\"caption-attachment-154087\" class=\"wp-caption-text\">Cavarzano piazzale vittime di via fani taglio alberi<\/figcaption><\/figure>\n<p>Qualcuno potrebbe pensare che nella nostra valle il verde dominante ci assicuri una ecologia esemplare, con una profusione di alberi ad alto fusto, con piante sempreverdi di varia tipologia, con prati sfalciati, con orti e giardini curati: insomma un esempio di biodiversit\u00e0 in confronto alle miserabili condizioni della nostra pianura padana.<br \/>\nEbbene, quel qualcuno si sbaglierebbe.<br \/>\nPer coloro che arrivano nella nostra citt\u00e0, da est, da ovest e da nord, la profusione riguarda solamente piante invase e occultate da erbacce infestanti, spesso disseccate, molto spesso inclinate e incombenti. Nel perodo invernale abbiamo la dimostrazione che il nostro verde (quello che vediamo molto coreografico da lontano, nella stagione estiva) in realt\u00e0 \u00e8 costituito prevalentemente da erbacce, cespugli di rovi, ammassi di sterpi impraticabili.<br \/>\nAbbiamo avuto in questi tempi l&#8217;esempio di quale cura le nostre amministrazioni riservino al verde cittadino: piante sconciate, tagliate fino al fusto o eliminate e subito sostituite da un metro quadrato di asfalto, buttato senza cura sopra le radici residue, affinch\u00e9 a nessuno venga in mente di piantare altri alberi e di toglier spazio ai parcheggi.<\/p>\n<p>Ci sono due esempi che ritengo emblematici e di interesse per la salute dei cittadini e la regolare perviet\u00e0 delle strade e delle vie ferrate: in viale Europa, all&#8217;incrocio con via Anna Fulcis, un albero secco, soffocato dalle edere pencola sulla sede stradale. Sul versante opposto verso sud altre piante nelle stesse condizioni sembrano incombere sulla ferrovia.<br \/>\nAnalogamente nell&#8217;angolo tra l&#8217; inizio del Ponte degli Alpini e la via Lucio Doglioni.<br \/>\nNe ho parlato un giorno col personale del Gruppo Carabinieri Forestale di Belluno e del Reparto Biodiversit\u00e0: mi \u00e8 stato spiegato che bisogna parlare coi proprietari dei terreni relativi e pregarli di intervenire. Sar\u00e0 pi\u00f9 facile aspettare che si schiantino ai primi colpi di vento.<\/p>\n<p>Poich\u00e8 le piante, nella nostra arrapata civilt\u00e0 dei consumi, sono solo un ostacolo alla circolazione e ai parcheggi e quindi dovrebbero essere distrutte o quanto meno riservate alle sedi pi\u00f9 impervie e lontane.<br \/>\nQualcuno ogni tanto ricorda che sono essenziali per la produzione di ossigeno e quindi anche per la nostra respirazione.<br \/>\nQualcuno, pi\u00f9 informato, si permette ogni tanto di rammentare il riscaldamento climatico e la necessit\u00e0 di piantare miliardi di piante nel mondo per riportare la temperatura ai valori propri della fine del 1800, per mezzo di una nuova economia, opposta a quella capitalistica, orientata a curare il pianeta e quindi anche il futuro dei nostri figli.<br \/>\nIo sono molto noioso e seguito a ripetere che la CO2 nell&#8217;aria \u00e8 attualmente di 425 parti per milione e dovrebbe essere 280.<br \/>\nMettiamo dei fiori nei loro cannoni!!!<\/p>\n<p>dott. Filiberto Dal Molin<\/p>","protected":false},"excerpt":{"rendered":"<p>Qualcuno potrebbe pensare che nella nostra valle il verde dominante ci assicuri una ecologia esemplare, con una profusione di alberi ad alto fusto, con piante sempreverdi di varia tipologia, con prati sfalciati, con orti e giardini curati: insomma un esempio di biodiversit\u00e0 in confronto alle miserabili condizioni della nostra pianura padana. Ebbene, quel qualcuno si [&hellip;]<\/p>\n","protected":false},"author":2,"featured_media":154087,"comment_status":"closed","ping_status":"open","sticky":false,"template":"","format":"standard","meta":{"footnotes":""},"categories":[3614],"tags":[],"class_list":["post-158215","post","type-post","status-publish","format-standard","has-post-thumbnail","category-controcorrente"],"yoast_head":"<!-- This site is optimized with the Yoast SEO plugin v28.4 - https:\/\/yoast.com\/product\/yoast-seo-wordpress\/ -->\n<title>Gli alberi di Belluno e il riscaldamento climatico - Bellunopress - Dolomiti<\/title>\n<meta name=\"robots\" content=\"index, follow, max-snippet:-1, max-image-preview:large, max-video-preview:-1\" \/>\n<link rel=\"canonical\" href=\"https:\/\/www.bellunopress.it\/fr\/2025\/02\/27\/gli-alberi-di-belluno-e-il-riscaldamento-climatico\/\" \/>\n<meta property=\"og:locale\" content=\"fr_FR\" \/>\n<meta property=\"og:type\" content=\"article\" \/>\n<meta property=\"og:title\" content=\"Gli alberi di Belluno e il riscaldamento climatico - Bellunopress - Dolomiti\" \/>\n<meta property=\"og:description\" content=\"Qualcuno potrebbe pensare che nella nostra valle il verde dominante ci assicuri una ecologia esemplare, con una profusione di alberi ad alto fusto, con piante sempreverdi di varia tipologia, con prati sfalciati, con orti e giardini curati: insomma un esempio di biodiversit\u00e0 in confronto alle miserabili condizioni della nostra pianura padana. Ebbene, quel qualcuno si [&hellip;]\" \/>\n<meta property=\"og:url\" content=\"https:\/\/www.bellunopress.it\/fr\/2025\/02\/27\/gli-alberi-di-belluno-e-il-riscaldamento-climatico\/\" \/>\n<meta property=\"og:site_name\" content=\"Bellunopress - Dolomiti\" \/>\n<meta property=\"article:publisher\" content=\"https:\/\/www.facebook.com\/profile.php?id=100008943462799\" \/>\n<meta property=\"article:published_time\" content=\"2025-02-27T08:30:59+00:00\" \/>\n<meta property=\"og:image\" content=\"https:\/\/www.bellunopress.it\/wp-content\/uploads\/2024\/09\/Cavarzano-piazzale-vittime-di-via-fani-taglio-alberi_edited.jpg\" \/>\n\t<meta property=\"og:image:width\" content=\"1000\" \/>\n\t<meta property=\"og:image:height\" content=\"641\" \/>\n\t<meta property=\"og:image:type\" content=\"image\/jpeg\" \/>\n<meta name=\"author\" content=\"redazione\" \/>\n<meta name=\"twitter:card\" content=\"summary_large_image\" \/>\n<meta name=\"twitter:creator\" content=\"@bellunopress\" \/>\n<meta name=\"twitter:site\" content=\"@bellunopress\" \/>\n<meta name=\"twitter:label1\" content=\"Written by\" \/>\n\t<meta name=\"twitter:data1\" content=\"redazione\" \/>\n\t<meta name=\"twitter:label2\" content=\"Est. reading time\" \/>\n\t<meta name=\"twitter:data2\" content=\"2 minutes\" \/>\n<script type=\"application\/ld+json\" class=\"yoast-schema-graph\">{\"@context\":\"https:\\\/\\\/schema.org\",\"@graph\":[{\"@type\":\"Article\",\"@id\":\"https:\\\/\\\/www.bellunopress.it\\\/2025\\\/02\\\/27\\\/gli-alberi-di-belluno-e-il-riscaldamento-climatico\\\/#article\",\"isPartOf\":{\"@id\":\"https:\\\/\\\/www.bellunopress.it\\\/2025\\\/02\\\/27\\\/gli-alberi-di-belluno-e-il-riscaldamento-climatico\\\/\"},\"author\":{\"name\":\"redazione\",\"@id\":\"https:\\\/\\\/www.bellunopress.it\\\/#\\\/schema\\\/person\\\/79bb06722b37ece1c03d3e94beb30d73\"},\"headline\":\"Gli alberi di Belluno e il riscaldamento climatico\",\"datePublished\":\"2025-02-27T08:30:59+00:00\",\"mainEntityOfPage\":{\"@id\":\"https:\\\/\\\/www.bellunopress.it\\\/2025\\\/02\\\/27\\\/gli-alberi-di-belluno-e-il-riscaldamento-climatico\\\/\"},\"wordCount\":456,\"publisher\":{\"@id\":\"https:\\\/\\\/www.bellunopress.it\\\/#organization\"},\"image\":{\"@id\":\"https:\\\/\\\/www.bellunopress.it\\\/2025\\\/02\\\/27\\\/gli-alberi-di-belluno-e-il-riscaldamento-climatico\\\/#primaryimage\"},\"thumbnailUrl\":\"https:\\\/\\\/www.bellunopress.it\\\/wp-content\\\/uploads\\\/2024\\\/09\\\/Cavarzano-piazzale-vittime-di-via-fani-taglio-alberi_edited.jpg\",\"articleSection\":[\"Controcorrente Dr Filiberto Dal Molin\"],\"inLanguage\":\"fr-FR\"},{\"@type\":\"WebPage\",\"@id\":\"https:\\\/\\\/www.bellunopress.it\\\/2025\\\/02\\\/27\\\/gli-alberi-di-belluno-e-il-riscaldamento-climatico\\\/\",\"url\":\"https:\\\/\\\/www.bellunopress.it\\\/2025\\\/02\\\/27\\\/gli-alberi-di-belluno-e-il-riscaldamento-climatico\\\/\",\"name\":\"Gli alberi di Belluno e il riscaldamento climatico - Bellunopress - Dolomiti\",\"isPartOf\":{\"@id\":\"https:\\\/\\\/www.bellunopress.it\\\/#website\"},\"primaryImageOfPage\":{\"@id\":\"https:\\\/\\\/www.bellunopress.it\\\/2025\\\/02\\\/27\\\/gli-alberi-di-belluno-e-il-riscaldamento-climatico\\\/#primaryimage\"},\"image\":{\"@id\":\"https:\\\/\\\/www.bellunopress.it\\\/2025\\\/02\\\/27\\\/gli-alberi-di-belluno-e-il-riscaldamento-climatico\\\/#primaryimage\"},\"thumbnailUrl\":\"https:\\\/\\\/www.bellunopress.it\\\/wp-content\\\/uploads\\\/2024\\\/09\\\/Cavarzano-piazzale-vittime-di-via-fani-taglio-alberi_edited.jpg\",\"datePublished\":\"2025-02-27T08:30:59+00:00\",\"breadcrumb\":{\"@id\":\"https:\\\/\\\/www.bellunopress.it\\\/2025\\\/02\\\/27\\\/gli-alberi-di-belluno-e-il-riscaldamento-climatico\\\/#breadcrumb\"},\"inLanguage\":\"fr-FR\",\"potentialAction\":[{\"@type\":\"ReadAction\",\"target\":[\"https:\\\/\\\/www.bellunopress.it\\\/2025\\\/02\\\/27\\\/gli-alberi-di-belluno-e-il-riscaldamento-climatico\\\/\"]}]},{\"@type\":\"ImageObject\",\"inLanguage\":\"fr-FR\",\"@id\":\"https:\\\/\\\/www.bellunopress.it\\\/2025\\\/02\\\/27\\\/gli-alberi-di-belluno-e-il-riscaldamento-climatico\\\/#primaryimage\",\"url\":\"https:\\\/\\\/www.bellunopress.it\\\/wp-content\\\/uploads\\\/2024\\\/09\\\/Cavarzano-piazzale-vittime-di-via-fani-taglio-alberi_edited.jpg\",\"contentUrl\":\"https:\\\/\\\/www.bellunopress.it\\\/wp-content\\\/uploads\\\/2024\\\/09\\\/Cavarzano-piazzale-vittime-di-via-fani-taglio-alberi_edited.jpg\",\"width\":1000,\"height\":641,\"caption\":\"Cavarzano piazzale vittime di via fani taglio alberi\"},{\"@type\":\"BreadcrumbList\",\"@id\":\"https:\\\/\\\/www.bellunopress.it\\\/2025\\\/02\\\/27\\\/gli-alberi-di-belluno-e-il-riscaldamento-climatico\\\/#breadcrumb\",\"itemListElement\":[{\"@type\":\"ListItem\",\"position\":1,\"name\":\"Home\",\"item\":\"https:\\\/\\\/www.bellunopress.it\\\/\"},{\"@type\":\"ListItem\",\"position\":2,\"name\":\"Gli alberi di Belluno e il riscaldamento climatico\"}]},{\"@type\":\"WebSite\",\"@id\":\"https:\\\/\\\/www.bellunopress.it\\\/#website\",\"url\":\"https:\\\/\\\/www.bellunopress.it\\\/\",\"name\":\"Bellunopress - Dolomiti\",\"description\":\"e-mail: redazione@bellunopress.it\",\"publisher\":{\"@id\":\"https:\\\/\\\/www.bellunopress.it\\\/#organization\"},\"potentialAction\":[{\"@type\":\"SearchAction\",\"target\":{\"@type\":\"EntryPoint\",\"urlTemplate\":\"https:\\\/\\\/www.bellunopress.it\\\/?s={search_term_string}\"},\"query-input\":{\"@type\":\"PropertyValueSpecification\",\"valueRequired\":true,\"valueName\":\"search_term_string\"}}],\"inLanguage\":\"fr-FR\"},{\"@type\":\"Organization\",\"@id\":\"https:\\\/\\\/www.bellunopress.it\\\/#organization\",\"name\":\"Bellunopress\",\"url\":\"https:\\\/\\\/www.bellunopress.it\\\/\",\"logo\":{\"@type\":\"ImageObject\",\"inLanguage\":\"fr-FR\",\"@id\":\"https:\\\/\\\/www.bellunopress.it\\\/#\\\/schema\\\/logo\\\/image\\\/\",\"url\":\"https:\\\/\\\/www.bellunopress.it\\\/wp-content\\\/uploads\\\/2011\\\/05\\\/cropped-logo-bellunopress-.jpg\",\"contentUrl\":\"https:\\\/\\\/www.bellunopress.it\\\/wp-content\\\/uploads\\\/2011\\\/05\\\/cropped-logo-bellunopress-.jpg\",\"width\":512,\"height\":512,\"caption\":\"Bellunopress\"},\"image\":{\"@id\":\"https:\\\/\\\/www.bellunopress.it\\\/#\\\/schema\\\/logo\\\/image\\\/\"},\"sameAs\":[\"https:\\\/\\\/www.facebook.com\\\/profile.php?id=100008943462799\",\"https:\\\/\\\/x.com\\\/bellunopress\",\"https:\\\/\\\/www.linkedin.com\\\/hp\\\/?dnr=JBzUWaJfMUw8vbXJJ2tVW5-I3jZKvC4wsoxE&amp;amp;amp;amp;amp;amp;trk=nav_responsive_tab_home\",\"https:\\\/\\\/www.youtube.com\\\/channel\\\/UCxL0wu1uN0_3_7hGG0306cw\"]},{\"@type\":\"Person\",\"@id\":\"https:\\\/\\\/www.bellunopress.it\\\/#\\\/schema\\\/person\\\/79bb06722b37ece1c03d3e94beb30d73\",\"name\":\"redazione\",\"image\":{\"@type\":\"ImageObject\",\"inLanguage\":\"fr-FR\",\"@id\":\"https:\\\/\\\/secure.gravatar.com\\\/avatar\\\/37d968a2e67a6fd04c169c4bdef102d0bc5d31b2546345219e348575eb80e9a0?s=96&d=mm&r=g\",\"url\":\"https:\\\/\\\/secure.gravatar.com\\\/avatar\\\/37d968a2e67a6fd04c169c4bdef102d0bc5d31b2546345219e348575eb80e9a0?s=96&d=mm&r=g\",\"contentUrl\":\"https:\\\/\\\/secure.gravatar.com\\\/avatar\\\/37d968a2e67a6fd04c169c4bdef102d0bc5d31b2546345219e348575eb80e9a0?s=96&d=mm&r=g\",\"caption\":\"redazione\"},\"sameAs\":[\"http:\\\/\\\/www.bellunopress.it\",\"https:\\\/\\\/x.com\\\/bellunopress\"],\"url\":\"https:\\\/\\\/www.bellunopress.it\\\/fr\\\/author\\\/redazione\\\/\"}]}<\/script>\n<!-- \/ Yoast SEO plugin. -->","yoast_head_json":{"title":"Gli alberi di Belluno e il riscaldamento climatico - Bellunopress - Dolomiti","robots":{"index":"index","follow":"follow","max-snippet":"max-snippet:-1","max-image-preview":"max-image-preview:large","max-video-preview":"max-video-preview:-1"},"canonical":"https:\/\/www.bellunopress.it\/fr\/2025\/02\/27\/gli-alberi-di-belluno-e-il-riscaldamento-climatico\/","og_locale":"fr_FR","og_type":"article","og_title":"Gli alberi di Belluno e il riscaldamento climatico - Bellunopress - Dolomiti","og_description":"Qualcuno potrebbe pensare che nella nostra valle il verde dominante ci assicuri una ecologia esemplare, con una profusione di alberi ad alto fusto, con piante sempreverdi di varia tipologia, con prati sfalciati, con orti e giardini curati: insomma un esempio di biodiversit\u00e0 in confronto alle miserabili condizioni della nostra pianura padana. Ebbene, quel qualcuno si [&hellip;]","og_url":"https:\/\/www.bellunopress.it\/fr\/2025\/02\/27\/gli-alberi-di-belluno-e-il-riscaldamento-climatico\/","og_site_name":"Bellunopress - Dolomiti","article_publisher":"https:\/\/www.facebook.com\/profile.php?id=100008943462799","article_published_time":"2025-02-27T08:30:59+00:00","og_image":[{"width":1000,"height":641,"url":"https:\/\/www.bellunopress.it\/wp-content\/uploads\/2024\/09\/Cavarzano-piazzale-vittime-di-via-fani-taglio-alberi_edited.jpg","type":"image\/jpeg"}],"author":"redazione","twitter_card":"summary_large_image","twitter_creator":"@bellunopress","twitter_site":"@bellunopress","twitter_misc":{"Written by":"redazione","Est. reading time":"2 minutes"},"schema":{"@context":"https:\/\/schema.org","@graph":[{"@type":"Article","@id":"https:\/\/www.bellunopress.it\/2025\/02\/27\/gli-alberi-di-belluno-e-il-riscaldamento-climatico\/#article","isPartOf":{"@id":"https:\/\/www.bellunopress.it\/2025\/02\/27\/gli-alberi-di-belluno-e-il-riscaldamento-climatico\/"},"author":{"name":"redazione","@id":"https:\/\/www.bellunopress.it\/#\/schema\/person\/79bb06722b37ece1c03d3e94beb30d73"},"headline":"Gli alberi di Belluno e il riscaldamento climatico","datePublished":"2025-02-27T08:30:59+00:00","mainEntityOfPage":{"@id":"https:\/\/www.bellunopress.it\/2025\/02\/27\/gli-alberi-di-belluno-e-il-riscaldamento-climatico\/"},"wordCount":456,"publisher":{"@id":"https:\/\/www.bellunopress.it\/#organization"},"image":{"@id":"https:\/\/www.bellunopress.it\/2025\/02\/27\/gli-alberi-di-belluno-e-il-riscaldamento-climatico\/#primaryimage"},"thumbnailUrl":"https:\/\/www.bellunopress.it\/wp-content\/uploads\/2024\/09\/Cavarzano-piazzale-vittime-di-via-fani-taglio-alberi_edited.jpg","articleSection":["Controcorrente Dr Filiberto Dal Molin"],"inLanguage":"fr-FR"},{"@type":"WebPage","@id":"https:\/\/www.bellunopress.it\/2025\/02\/27\/gli-alberi-di-belluno-e-il-riscaldamento-climatico\/","url":"https:\/\/www.bellunopress.it\/2025\/02\/27\/gli-alberi-di-belluno-e-il-riscaldamento-climatico\/","name":"Gli alberi di Belluno e il riscaldamento climatico - Bellunopress - Dolomiti","isPartOf":{"@id":"https:\/\/www.bellunopress.it\/#website"},"primaryImageOfPage":{"@id":"https:\/\/www.bellunopress.it\/2025\/02\/27\/gli-alberi-di-belluno-e-il-riscaldamento-climatico\/#primaryimage"},"image":{"@id":"https:\/\/www.bellunopress.it\/2025\/02\/27\/gli-alberi-di-belluno-e-il-riscaldamento-climatico\/#primaryimage"},"thumbnailUrl":"https:\/\/www.bellunopress.it\/wp-content\/uploads\/2024\/09\/Cavarzano-piazzale-vittime-di-via-fani-taglio-alberi_edited.jpg","datePublished":"2025-02-27T08:30:59+00:00","breadcrumb":{"@id":"https:\/\/www.bellunopress.it\/2025\/02\/27\/gli-alberi-di-belluno-e-il-riscaldamento-climatico\/#breadcrumb"},"inLanguage":"fr-FR","potentialAction":[{"@type":"ReadAction","target":["https:\/\/www.bellunopress.it\/2025\/02\/27\/gli-alberi-di-belluno-e-il-riscaldamento-climatico\/"]}]},{"@type":"ImageObject","inLanguage":"fr-FR","@id":"https:\/\/www.bellunopress.it\/2025\/02\/27\/gli-alberi-di-belluno-e-il-riscaldamento-climatico\/#primaryimage","url":"https:\/\/www.bellunopress.it\/wp-content\/uploads\/2024\/09\/Cavarzano-piazzale-vittime-di-via-fani-taglio-alberi_edited.jpg","contentUrl":"https:\/\/www.bellunopress.it\/wp-content\/uploads\/2024\/09\/Cavarzano-piazzale-vittime-di-via-fani-taglio-alberi_edited.jpg","width":1000,"height":641,"caption":"Cavarzano piazzale vittime di via fani taglio alberi"},{"@type":"BreadcrumbList","@id":"https:\/\/www.bellunopress.it\/2025\/02\/27\/gli-alberi-di-belluno-e-il-riscaldamento-climatico\/#breadcrumb","itemListElement":[{"@type":"ListItem","position":1,"name":"Home","item":"https:\/\/www.bellunopress.it\/"},{"@type":"ListItem","position":2,"name":"Gli alberi di Belluno e il riscaldamento climatico"}]},{"@type":"WebSite","@id":"https:\/\/www.bellunopress.it\/#website","url":"https:\/\/www.bellunopress.it\/","name":"Bellunopress - Dolomiti","description":"e-mail: redazione@bellunopress.it","publisher":{"@id":"https:\/\/www.bellunopress.it\/#organization"},"potentialAction":[{"@type":"SearchAction","target":{"@type":"EntryPoint","urlTemplate":"https:\/\/www.bellunopress.it\/?s={search_term_string}"},"query-input":{"@type":"PropertyValueSpecification","valueRequired":true,"valueName":"search_term_string"}}],"inLanguage":"fr-FR"},{"@type":"Organization","@id":"https:\/\/www.bellunopress.it\/#organization","name":"Bellunopress","url":"https:\/\/www.bellunopress.it\/","logo":{"@type":"ImageObject","inLanguage":"fr-FR","@id":"https:\/\/www.bellunopress.it\/#\/schema\/logo\/image\/","url":"https:\/\/www.bellunopress.it\/wp-content\/uploads\/2011\/05\/cropped-logo-bellunopress-.jpg","contentUrl":"https:\/\/www.bellunopress.it\/wp-content\/uploads\/2011\/05\/cropped-logo-bellunopress-.jpg","width":512,"height":512,"caption":"Bellunopress"},"image":{"@id":"https:\/\/www.bellunopress.it\/#\/schema\/logo\/image\/"},"sameAs":["https:\/\/www.facebook.com\/profile.php?id=100008943462799","https:\/\/x.com\/bellunopress","https:\/\/www.linkedin.com\/hp\/?dnr=JBzUWaJfMUw8vbXJJ2tVW5-I3jZKvC4wsoxE&amp;amp;amp;amp;amp;amp;trk=nav_responsive_tab_home","https:\/\/www.youtube.com\/channel\/UCxL0wu1uN0_3_7hGG0306cw"]},{"@type":"Person","@id":"https:\/\/www.bellunopress.it\/#\/schema\/person\/79bb06722b37ece1c03d3e94beb30d73","name":"r\u00e9daction","image":{"@type":"ImageObject","inLanguage":"fr-FR","@id":"https:\/\/secure.gravatar.com\/avatar\/37d968a2e67a6fd04c169c4bdef102d0bc5d31b2546345219e348575eb80e9a0?s=96&d=mm&r=g","url":"https:\/\/secure.gravatar.com\/avatar\/37d968a2e67a6fd04c169c4bdef102d0bc5d31b2546345219e348575eb80e9a0?s=96&d=mm&r=g","contentUrl":"https:\/\/secure.gravatar.com\/avatar\/37d968a2e67a6fd04c169c4bdef102d0bc5d31b2546345219e348575eb80e9a0?s=96&d=mm&r=g","caption":"redazione"},"sameAs":["http:\/\/www.bellunopress.it","https:\/\/x.com\/bellunopress"],"url":"https:\/\/www.bellunopress.it\/fr\/author\/redazione\/"}]}},"_links":{"self":[{"href":"https:\/\/www.bellunopress.it\/fr\/wp-json\/wp\/v2\/posts\/158215","targetHints":{"allow":["GET"]}}],"collection":[{"href":"https:\/\/www.bellunopress.it\/fr\/wp-json\/wp\/v2\/posts"}],"about":[{"href":"https:\/\/www.bellunopress.it\/fr\/wp-json\/wp\/v2\/types\/post"}],"author":[{"embeddable":true,"href":"https:\/\/www.bellunopress.it\/fr\/wp-json\/wp\/v2\/users\/2"}],"replies":[{"embeddable":true,"href":"https:\/\/www.bellunopress.it\/fr\/wp-json\/wp\/v2\/comments?post=158215"}],"version-history":[{"count":1,"href":"https:\/\/www.bellunopress.it\/fr\/wp-json\/wp\/v2\/posts\/158215\/revisions"}],"predecessor-version":[{"id":158216,"href":"https:\/\/www.bellunopress.it\/fr\/wp-json\/wp\/v2\/posts\/158215\/revisions\/158216"}],"wp:featuredmedia":[{"embeddable":true,"href":"https:\/\/www.bellunopress.it\/fr\/wp-json\/wp\/v2\/media\/154087"}],"wp:attachment":[{"href":"https:\/\/www.bellunopress.it\/fr\/wp-json\/wp\/v2\/media?parent=158215"}],"wp:term":[{"taxonomy":"category","embeddable":true,"href":"https:\/\/www.bellunopress.it\/fr\/wp-json\/wp\/v2\/categories?post=158215"},{"taxonomy":"post_tag","embeddable":true,"href":"https:\/\/www.bellunopress.it\/fr\/wp-json\/wp\/v2\/tags?post=158215"}],"curies":[{"name":"wp","href":"https:\/\/api.w.org\/{rel}","templated":true}]}}