{"id":158213,"date":"2025-02-26T20:40:05","date_gmt":"2025-02-26T19:40:05","guid":{"rendered":"https:\/\/www.bellunopress.it\/?p=158213"},"modified":"2025-02-26T20:40:05","modified_gmt":"2025-02-26T19:40:05","slug":"chiusura-per-lavori-della-galleria-comelico-sia-in-orario-diurno-che-notturno-da-venerdi-7-a-domenica-9-marzo","status":"publish","type":"post","link":"https:\/\/www.bellunopress.it\/fr\/2025\/02\/26\/chiusura-per-lavori-della-galleria-comelico-sia-in-orario-diurno-che-notturno-da-venerdi-7-a-domenica-9-marzo\/","title":{"rendered":"Chiusura per lavori della galleria Comelico, sia in orario diurno che notturno, da venerd\u00ec 7 a domenica 9 marzo"},"content":{"rendered":"<figure id=\"attachment_140159\" aria-describedby=\"caption-attachment-140159\" style=\"width: 1000px\" class=\"wp-caption aligncenter\"><img loading=\"lazy\" decoding=\"async\" class=\"size-full wp-image-140159\" src=\"https:\/\/www.bellunopress.it\/wp-content\/uploads\/2023\/03\/prefettura_edited.jpg\" alt=\"\" width=\"1000\" height=\"750\" srcset=\"https:\/\/www.bellunopress.it\/wp-content\/uploads\/2023\/03\/prefettura_edited.jpg 1000w, https:\/\/www.bellunopress.it\/wp-content\/uploads\/2023\/03\/prefettura_edited-500x375.jpg 500w, https:\/\/www.bellunopress.it\/wp-content\/uploads\/2023\/03\/prefettura_edited-696x522.jpg 696w, https:\/\/www.bellunopress.it\/wp-content\/uploads\/2023\/03\/prefettura_edited-560x420.jpg 560w, https:\/\/www.bellunopress.it\/wp-content\/uploads\/2023\/03\/prefettura_edited-80x60.jpg 80w, https:\/\/www.bellunopress.it\/wp-content\/uploads\/2023\/03\/prefettura_edited-265x198.jpg 265w\" sizes=\"auto, (max-width: 1000px) 100vw, 1000px\" \/><figcaption id=\"caption-attachment-140159\" class=\"wp-caption-text\">Prefettura di Belluno<\/figcaption><\/figure>\n<p>Belluno, 26 febbraio 2025 &#8211;\u00a0 Anas (Gruppo FS Italiane) ha partecipato oggi all\u2019incontro, promosso dal Prefetto di Belluno, Antonello Roccoberton, in merito ai lavori di manutenzione programmata in corso della galleria \u201cComelico\u201d, lungo la strada statale 52 \u201cCarnica\u201d, tra Auronzo e Santo Stefano di Cadore (BL), alla presenza dei Sindaci di Auronzo di Cadore, Calalzo di Cadore Comelico Superiore, Danta di Cadore, San Nicol\u00f2 Comelico, San Pietro di Cadore e Santo Stefano di Cadore e da tutti gli enti preposti alla sicurezza e al soccorso tecnico urgente.<\/p>\n<p>Durante la riunione si \u00e8 parlato dei lavori in corso presso la galleria \u2018Comelico\u2019 avviati il 2 settembre dello scorso anno, che procedono nel rispetto del cronoprogramma e che, in questa prima macrofase vengono svolti con la sola chiusura notturna del tunnel, dalle ore 22:00 alle 6:00 del mattino successivo da luned\u00ec al venerd\u00ec.<\/p>\n<p>In questa fase dei lavori si rende necessario avviare le lavorazioni di rimozione di un soppalco, fissato alla calotta, contenente la strumentazione tecnologica posta all\u2019interno della galleria. Tali attivit\u00e0 per poter essere eseguite in sicurezza dovranno essere svolte in totale assenza di traffico e senza interruzioni, pertanto \u00e8 necessario programmare la chiusura temporanea totale al traffico per tre giorni consecutivi, inizialmente programmati da venerd\u00ec 28 febbraio a domenica 2 marzo.<\/p>\n<p>Come convenuto nel corso della riunione, al fine di creare il minor disagio ai flussi di traffico attesi per gli eventi locali programmati durante il prossimo week-end, \u00e8 stato concordato con i Sindaci del territorio di eseguire suddette attivit\u00e0 il week-end successivo.<\/p>\n<p><strong>Pertanto, la chiusura temporanea della galleria Comelico, sia in orario diurno che notturno, sar\u00e0 attiva da venerd\u00ec 7 a domenica 9 marzo.<\/strong><\/p>\n<p>Nel dettaglio dalle ore 22:00 di gioved\u00ec 6 marzo alle ore 6 del mattino successivo la galleria sar\u00e0 aperta al transito ai soli mezzi di soccorso ed emergenza e dalle ore 6:00 di venerd\u00ec 7 la galleria sar\u00e0 chiusa completamente al transito fino alla prima mattina di luned\u00ec.<\/p>\n<p><strong>A partire dalle ore 6:00 del 10 marzo si riaprir\u00e0 la galleria al transito, attuando la cantierizzazione fino ad ora effettuata: transito sempre consentito in orario diurno e chiusura notturna dalle ore 22:00 alle ore 6:00 nelle notti dal luned\u00ec al venerd\u00ec incluse.<\/strong><\/p>\n<p>Durante queste tre giornate oltre alle attivit\u00e0 di demolizione sopra descritte, si proseguir\u00e0 anche con le altre lavorazioni all\u2019interno della galleria in modo da trarre il maggior vantaggio possibile dalla chiusura totale al traffico temporanea.<\/p>\n<p>A ridosso della chiusura temporanea si dar\u00e0 ampia comunicazione all\u2019utenza delle modifiche e dei percorsi alternativi predisposti sia per i mezzi leggeri che per i mezzi pesanti.<\/p>\n<p><strong>I lavori di manutenzione in galleria \u2018Comelico\u2019<\/strong><br \/>\nL\u2019intervento in galleria \u2018Comelico\u2019, per un investimento complessivo di circa 100 milioni di euro, riguarda sia il consolidamento strutturale dell\u2019opera che l\u2019ammodernamento degli impianti tecnologici e di sicurezza. In particolare, per la parte strutturale saranno realizzati il consolidamento della volta, il nuovo rivestimento definitivo di tutta l\u2019infrastruttura e l\u2019arco rovescio per circa un chilometro di tracciato. Per la parte impiantistica sar\u00e0 eseguito il rifacimento degli impianti di ventilazione, illuminazione, videosorveglianza, SOS e antincendio secondo gli standard pi\u00f9 recenti. Inoltre, sar\u00e0 realizzato un nuovo sistema di raccolta delle acque di piattaforma per il drenaggio dei liquidi infiammabili e tossici in caso di sversamento.<\/p>\n<p>&nbsp;<\/p>\n<p>&nbsp;<\/p>\n<p>&nbsp;<\/p>","protected":false},"excerpt":{"rendered":"<p>Belluno, 26 febbraio 2025 &#8211;\u00a0 Anas (Gruppo FS Italiane) ha partecipato oggi all\u2019incontro, promosso dal Prefetto di Belluno, Antonello Roccoberton, in merito ai lavori di manutenzione programmata in corso della galleria \u201cComelico\u201d, lungo la strada statale 52 \u201cCarnica\u201d, tra Auronzo e Santo Stefano di Cadore (BL), alla presenza dei Sindaci di Auronzo di Cadore, Calalzo [&hellip;]<\/p>\n","protected":false},"author":2,"featured_media":140159,"comment_status":"closed","ping_status":"open","sticky":false,"template":"","format":"standard","meta":{"footnotes":""},"categories":[26,8],"tags":[],"class_list":["post-158213","post","type-post","status-publish","format-standard","has-post-thumbnail","category-prima-pagina","category-societa-istituzioni"],"yoast_head":"<!-- This site is optimized with the Yoast SEO plugin v28.4 - https:\/\/yoast.com\/product\/yoast-seo-wordpress\/ -->\n<title>Chiusura per lavori della galleria Comelico, sia in orario diurno che notturno, da venerd\u00ec 7 a domenica 9 marzo - Bellunopress - Dolomiti<\/title>\n<meta name=\"robots\" content=\"index, follow, max-snippet:-1, max-image-preview:large, max-video-preview:-1\" \/>\n<link rel=\"canonical\" href=\"https:\/\/www.bellunopress.it\/fr\/2025\/02\/26\/chiusura-per-lavori-della-galleria-comelico-sia-in-orario-diurno-che-notturno-da-venerdi-7-a-domenica-9-marzo\/\" \/>\n<meta property=\"og:locale\" content=\"fr_FR\" \/>\n<meta property=\"og:type\" content=\"article\" \/>\n<meta property=\"og:title\" content=\"Chiusura per lavori della galleria Comelico, sia in orario diurno che notturno, da venerd\u00ec 7 a domenica 9 marzo - Bellunopress - Dolomiti\" \/>\n<meta property=\"og:description\" content=\"Belluno, 26 febbraio 2025 &#8211;\u00a0 Anas (Gruppo FS Italiane) ha partecipato oggi all\u2019incontro, promosso dal Prefetto di Belluno, Antonello Roccoberton, in merito ai lavori di manutenzione programmata in corso della galleria \u201cComelico\u201d, lungo la strada statale 52 \u201cCarnica\u201d, tra Auronzo e Santo Stefano di Cadore (BL), alla presenza dei Sindaci di Auronzo di Cadore, Calalzo [&hellip;]\" \/>\n<meta property=\"og:url\" content=\"https:\/\/www.bellunopress.it\/fr\/2025\/02\/26\/chiusura-per-lavori-della-galleria-comelico-sia-in-orario-diurno-che-notturno-da-venerdi-7-a-domenica-9-marzo\/\" \/>\n<meta property=\"og:site_name\" content=\"Bellunopress - Dolomiti\" \/>\n<meta property=\"article:publisher\" content=\"https:\/\/www.facebook.com\/profile.php?id=100008943462799\" \/>\n<meta property=\"article:published_time\" content=\"2025-02-26T19:40:05+00:00\" \/>\n<meta property=\"og:image\" content=\"https:\/\/www.bellunopress.it\/wp-content\/uploads\/2023\/03\/prefettura_edited.jpg\" \/>\n\t<meta property=\"og:image:width\" content=\"1000\" \/>\n\t<meta property=\"og:image:height\" content=\"750\" \/>\n\t<meta property=\"og:image:type\" content=\"image\/jpeg\" \/>\n<meta name=\"author\" content=\"redazione\" \/>\n<meta name=\"twitter:card\" content=\"summary_large_image\" \/>\n<meta name=\"twitter:creator\" content=\"@bellunopress\" \/>\n<meta name=\"twitter:site\" content=\"@bellunopress\" \/>\n<meta name=\"twitter:label1\" content=\"\u00c9crit par\" \/>\n\t<meta name=\"twitter:data1\" content=\"redazione\" \/>\n\t<meta name=\"twitter:label2\" content=\"Dur\u00e9e de lecture estim\u00e9e\" \/>\n\t<meta name=\"twitter:data2\" content=\"3 minutes\" \/>\n<script type=\"application\/ld+json\" class=\"yoast-schema-graph\">{\"@context\":\"https:\\\/\\\/schema.org\",\"@graph\":[{\"@type\":\"Article\",\"@id\":\"https:\\\/\\\/www.bellunopress.it\\\/2025\\\/02\\\/26\\\/chiusura-per-lavori-della-galleria-comelico-sia-in-orario-diurno-che-notturno-da-venerdi-7-a-domenica-9-marzo\\\/#article\",\"isPartOf\":{\"@id\":\"https:\\\/\\\/www.bellunopress.it\\\/2025\\\/02\\\/26\\\/chiusura-per-lavori-della-galleria-comelico-sia-in-orario-diurno-che-notturno-da-venerdi-7-a-domenica-9-marzo\\\/\"},\"author\":{\"name\":\"redazione\",\"@id\":\"https:\\\/\\\/www.bellunopress.it\\\/#\\\/schema\\\/person\\\/79bb06722b37ece1c03d3e94beb30d73\"},\"headline\":\"Chiusura per lavori della galleria Comelico, sia in orario diurno che notturno, da venerd\u00ec 7 a domenica 9 marzo\",\"datePublished\":\"2025-02-26T19:40:05+00:00\",\"mainEntityOfPage\":{\"@id\":\"https:\\\/\\\/www.bellunopress.it\\\/2025\\\/02\\\/26\\\/chiusura-per-lavori-della-galleria-comelico-sia-in-orario-diurno-che-notturno-da-venerdi-7-a-domenica-9-marzo\\\/\"},\"wordCount\":553,\"publisher\":{\"@id\":\"https:\\\/\\\/www.bellunopress.it\\\/#organization\"},\"image\":{\"@id\":\"https:\\\/\\\/www.bellunopress.it\\\/2025\\\/02\\\/26\\\/chiusura-per-lavori-della-galleria-comelico-sia-in-orario-diurno-che-notturno-da-venerdi-7-a-domenica-9-marzo\\\/#primaryimage\"},\"thumbnailUrl\":\"https:\\\/\\\/www.bellunopress.it\\\/wp-content\\\/uploads\\\/2023\\\/03\\\/prefettura_edited.jpg\",\"articleSection\":[\"Prima Pagina\",\"Societ\u00e0, Associazioni, Istituzioni\"],\"inLanguage\":\"fr-FR\"},{\"@type\":\"WebPage\",\"@id\":\"https:\\\/\\\/www.bellunopress.it\\\/2025\\\/02\\\/26\\\/chiusura-per-lavori-della-galleria-comelico-sia-in-orario-diurno-che-notturno-da-venerdi-7-a-domenica-9-marzo\\\/\",\"url\":\"https:\\\/\\\/www.bellunopress.it\\\/2025\\\/02\\\/26\\\/chiusura-per-lavori-della-galleria-comelico-sia-in-orario-diurno-che-notturno-da-venerdi-7-a-domenica-9-marzo\\\/\",\"name\":\"Chiusura per lavori della galleria Comelico, sia in orario diurno che notturno, da venerd\u00ec 7 a domenica 9 marzo - Bellunopress - Dolomiti\",\"isPartOf\":{\"@id\":\"https:\\\/\\\/www.bellunopress.it\\\/#website\"},\"primaryImageOfPage\":{\"@id\":\"https:\\\/\\\/www.bellunopress.it\\\/2025\\\/02\\\/26\\\/chiusura-per-lavori-della-galleria-comelico-sia-in-orario-diurno-che-notturno-da-venerdi-7-a-domenica-9-marzo\\\/#primaryimage\"},\"image\":{\"@id\":\"https:\\\/\\\/www.bellunopress.it\\\/2025\\\/02\\\/26\\\/chiusura-per-lavori-della-galleria-comelico-sia-in-orario-diurno-che-notturno-da-venerdi-7-a-domenica-9-marzo\\\/#primaryimage\"},\"thumbnailUrl\":\"https:\\\/\\\/www.bellunopress.it\\\/wp-content\\\/uploads\\\/2023\\\/03\\\/prefettura_edited.jpg\",\"datePublished\":\"2025-02-26T19:40:05+00:00\",\"breadcrumb\":{\"@id\":\"https:\\\/\\\/www.bellunopress.it\\\/2025\\\/02\\\/26\\\/chiusura-per-lavori-della-galleria-comelico-sia-in-orario-diurno-che-notturno-da-venerdi-7-a-domenica-9-marzo\\\/#breadcrumb\"},\"inLanguage\":\"fr-FR\",\"potentialAction\":[{\"@type\":\"ReadAction\",\"target\":[\"https:\\\/\\\/www.bellunopress.it\\\/2025\\\/02\\\/26\\\/chiusura-per-lavori-della-galleria-comelico-sia-in-orario-diurno-che-notturno-da-venerdi-7-a-domenica-9-marzo\\\/\"]}]},{\"@type\":\"ImageObject\",\"inLanguage\":\"fr-FR\",\"@id\":\"https:\\\/\\\/www.bellunopress.it\\\/2025\\\/02\\\/26\\\/chiusura-per-lavori-della-galleria-comelico-sia-in-orario-diurno-che-notturno-da-venerdi-7-a-domenica-9-marzo\\\/#primaryimage\",\"url\":\"https:\\\/\\\/www.bellunopress.it\\\/wp-content\\\/uploads\\\/2023\\\/03\\\/prefettura_edited.jpg\",\"contentUrl\":\"https:\\\/\\\/www.bellunopress.it\\\/wp-content\\\/uploads\\\/2023\\\/03\\\/prefettura_edited.jpg\",\"width\":1000,\"height\":750,\"caption\":\"Prefettura di Belluno\"},{\"@type\":\"BreadcrumbList\",\"@id\":\"https:\\\/\\\/www.bellunopress.it\\\/2025\\\/02\\\/26\\\/chiusura-per-lavori-della-galleria-comelico-sia-in-orario-diurno-che-notturno-da-venerdi-7-a-domenica-9-marzo\\\/#breadcrumb\",\"itemListElement\":[{\"@type\":\"ListItem\",\"position\":1,\"name\":\"Home\",\"item\":\"https:\\\/\\\/www.bellunopress.it\\\/\"},{\"@type\":\"ListItem\",\"position\":2,\"name\":\"Chiusura per lavori della galleria Comelico, sia in orario diurno che notturno, da venerd\u00ec 7 a domenica 9 marzo\"}]},{\"@type\":\"WebSite\",\"@id\":\"https:\\\/\\\/www.bellunopress.it\\\/#website\",\"url\":\"https:\\\/\\\/www.bellunopress.it\\\/\",\"name\":\"Bellunopress - Dolomiti\",\"description\":\"e-mail: redazione@bellunopress.it\",\"publisher\":{\"@id\":\"https:\\\/\\\/www.bellunopress.it\\\/#organization\"},\"potentialAction\":[{\"@type\":\"SearchAction\",\"target\":{\"@type\":\"EntryPoint\",\"urlTemplate\":\"https:\\\/\\\/www.bellunopress.it\\\/?s={search_term_string}\"},\"query-input\":{\"@type\":\"PropertyValueSpecification\",\"valueRequired\":true,\"valueName\":\"search_term_string\"}}],\"inLanguage\":\"fr-FR\"},{\"@type\":\"Organization\",\"@id\":\"https:\\\/\\\/www.bellunopress.it\\\/#organization\",\"name\":\"Bellunopress\",\"url\":\"https:\\\/\\\/www.bellunopress.it\\\/\",\"logo\":{\"@type\":\"ImageObject\",\"inLanguage\":\"fr-FR\",\"@id\":\"https:\\\/\\\/www.bellunopress.it\\\/#\\\/schema\\\/logo\\\/image\\\/\",\"url\":\"https:\\\/\\\/www.bellunopress.it\\\/wp-content\\\/uploads\\\/2011\\\/05\\\/cropped-logo-bellunopress-.jpg\",\"contentUrl\":\"https:\\\/\\\/www.bellunopress.it\\\/wp-content\\\/uploads\\\/2011\\\/05\\\/cropped-logo-bellunopress-.jpg\",\"width\":512,\"height\":512,\"caption\":\"Bellunopress\"},\"image\":{\"@id\":\"https:\\\/\\\/www.bellunopress.it\\\/#\\\/schema\\\/logo\\\/image\\\/\"},\"sameAs\":[\"https:\\\/\\\/www.facebook.com\\\/profile.php?id=100008943462799\",\"https:\\\/\\\/x.com\\\/bellunopress\",\"https:\\\/\\\/www.linkedin.com\\\/hp\\\/?dnr=JBzUWaJfMUw8vbXJJ2tVW5-I3jZKvC4wsoxE&amp;amp;amp;amp;amp;amp;trk=nav_responsive_tab_home\",\"https:\\\/\\\/www.youtube.com\\\/channel\\\/UCxL0wu1uN0_3_7hGG0306cw\"]},{\"@type\":\"Person\",\"@id\":\"https:\\\/\\\/www.bellunopress.it\\\/#\\\/schema\\\/person\\\/79bb06722b37ece1c03d3e94beb30d73\",\"name\":\"redazione\",\"image\":{\"@type\":\"ImageObject\",\"inLanguage\":\"fr-FR\",\"@id\":\"https:\\\/\\\/secure.gravatar.com\\\/avatar\\\/37d968a2e67a6fd04c169c4bdef102d0bc5d31b2546345219e348575eb80e9a0?s=96&d=mm&r=g\",\"url\":\"https:\\\/\\\/secure.gravatar.com\\\/avatar\\\/37d968a2e67a6fd04c169c4bdef102d0bc5d31b2546345219e348575eb80e9a0?s=96&d=mm&r=g\",\"contentUrl\":\"https:\\\/\\\/secure.gravatar.com\\\/avatar\\\/37d968a2e67a6fd04c169c4bdef102d0bc5d31b2546345219e348575eb80e9a0?s=96&d=mm&r=g\",\"caption\":\"redazione\"},\"sameAs\":[\"http:\\\/\\\/www.bellunopress.it\",\"https:\\\/\\\/x.com\\\/bellunopress\"],\"url\":\"https:\\\/\\\/www.bellunopress.it\\\/fr\\\/author\\\/redazione\\\/\"}]}<\/script>\n<!-- \/ Yoast SEO plugin. -->","yoast_head_json":{"title":"Chiusura per lavori della galleria Comelico, sia in orario diurno che notturno, da venerd\u00ec 7 a domenica 9 marzo - Bellunopress - Dolomiti","robots":{"index":"index","follow":"follow","max-snippet":"max-snippet:-1","max-image-preview":"max-image-preview:large","max-video-preview":"max-video-preview:-1"},"canonical":"https:\/\/www.bellunopress.it\/fr\/2025\/02\/26\/chiusura-per-lavori-della-galleria-comelico-sia-in-orario-diurno-che-notturno-da-venerdi-7-a-domenica-9-marzo\/","og_locale":"fr_FR","og_type":"article","og_title":"Chiusura per lavori della galleria Comelico, sia in orario diurno che notturno, da venerd\u00ec 7 a domenica 9 marzo - Bellunopress - Dolomiti","og_description":"Belluno, 26 febbraio 2025 &#8211;\u00a0 Anas (Gruppo FS Italiane) ha partecipato oggi all\u2019incontro, promosso dal Prefetto di Belluno, Antonello Roccoberton, in merito ai lavori di manutenzione programmata in corso della galleria \u201cComelico\u201d, lungo la strada statale 52 \u201cCarnica\u201d, tra Auronzo e Santo Stefano di Cadore (BL), alla presenza dei Sindaci di Auronzo di Cadore, Calalzo [&hellip;]","og_url":"https:\/\/www.bellunopress.it\/fr\/2025\/02\/26\/chiusura-per-lavori-della-galleria-comelico-sia-in-orario-diurno-che-notturno-da-venerdi-7-a-domenica-9-marzo\/","og_site_name":"Bellunopress - Dolomiti","article_publisher":"https:\/\/www.facebook.com\/profile.php?id=100008943462799","article_published_time":"2025-02-26T19:40:05+00:00","og_image":[{"width":1000,"height":750,"url":"https:\/\/www.bellunopress.it\/wp-content\/uploads\/2023\/03\/prefettura_edited.jpg","type":"image\/jpeg"}],"author":"redazione","twitter_card":"summary_large_image","twitter_creator":"@bellunopress","twitter_site":"@bellunopress","twitter_misc":{"\u00c9crit par":"redazione","Dur\u00e9e de lecture estim\u00e9e":"3 minutes"},"schema":{"@context":"https:\/\/schema.org","@graph":[{"@type":"Article","@id":"https:\/\/www.bellunopress.it\/2025\/02\/26\/chiusura-per-lavori-della-galleria-comelico-sia-in-orario-diurno-che-notturno-da-venerdi-7-a-domenica-9-marzo\/#article","isPartOf":{"@id":"https:\/\/www.bellunopress.it\/2025\/02\/26\/chiusura-per-lavori-della-galleria-comelico-sia-in-orario-diurno-che-notturno-da-venerdi-7-a-domenica-9-marzo\/"},"author":{"name":"redazione","@id":"https:\/\/www.bellunopress.it\/#\/schema\/person\/79bb06722b37ece1c03d3e94beb30d73"},"headline":"Chiusura per lavori della galleria Comelico, sia in orario diurno che notturno, da venerd\u00ec 7 a domenica 9 marzo","datePublished":"2025-02-26T19:40:05+00:00","mainEntityOfPage":{"@id":"https:\/\/www.bellunopress.it\/2025\/02\/26\/chiusura-per-lavori-della-galleria-comelico-sia-in-orario-diurno-che-notturno-da-venerdi-7-a-domenica-9-marzo\/"},"wordCount":553,"publisher":{"@id":"https:\/\/www.bellunopress.it\/#organization"},"image":{"@id":"https:\/\/www.bellunopress.it\/2025\/02\/26\/chiusura-per-lavori-della-galleria-comelico-sia-in-orario-diurno-che-notturno-da-venerdi-7-a-domenica-9-marzo\/#primaryimage"},"thumbnailUrl":"https:\/\/www.bellunopress.it\/wp-content\/uploads\/2023\/03\/prefettura_edited.jpg","articleSection":["Prima Pagina","Societ\u00e0, Associazioni, Istituzioni"],"inLanguage":"fr-FR"},{"@type":"WebPage","@id":"https:\/\/www.bellunopress.it\/2025\/02\/26\/chiusura-per-lavori-della-galleria-comelico-sia-in-orario-diurno-che-notturno-da-venerdi-7-a-domenica-9-marzo\/","url":"https:\/\/www.bellunopress.it\/2025\/02\/26\/chiusura-per-lavori-della-galleria-comelico-sia-in-orario-diurno-che-notturno-da-venerdi-7-a-domenica-9-marzo\/","name":"Chiusura per lavori della galleria Comelico, sia in orario diurno che notturno, da venerd\u00ec 7 a domenica 9 marzo - Bellunopress - Dolomiti","isPartOf":{"@id":"https:\/\/www.bellunopress.it\/#website"},"primaryImageOfPage":{"@id":"https:\/\/www.bellunopress.it\/2025\/02\/26\/chiusura-per-lavori-della-galleria-comelico-sia-in-orario-diurno-che-notturno-da-venerdi-7-a-domenica-9-marzo\/#primaryimage"},"image":{"@id":"https:\/\/www.bellunopress.it\/2025\/02\/26\/chiusura-per-lavori-della-galleria-comelico-sia-in-orario-diurno-che-notturno-da-venerdi-7-a-domenica-9-marzo\/#primaryimage"},"thumbnailUrl":"https:\/\/www.bellunopress.it\/wp-content\/uploads\/2023\/03\/prefettura_edited.jpg","datePublished":"2025-02-26T19:40:05+00:00","breadcrumb":{"@id":"https:\/\/www.bellunopress.it\/2025\/02\/26\/chiusura-per-lavori-della-galleria-comelico-sia-in-orario-diurno-che-notturno-da-venerdi-7-a-domenica-9-marzo\/#breadcrumb"},"inLanguage":"fr-FR","potentialAction":[{"@type":"ReadAction","target":["https:\/\/www.bellunopress.it\/2025\/02\/26\/chiusura-per-lavori-della-galleria-comelico-sia-in-orario-diurno-che-notturno-da-venerdi-7-a-domenica-9-marzo\/"]}]},{"@type":"ImageObject","inLanguage":"fr-FR","@id":"https:\/\/www.bellunopress.it\/2025\/02\/26\/chiusura-per-lavori-della-galleria-comelico-sia-in-orario-diurno-che-notturno-da-venerdi-7-a-domenica-9-marzo\/#primaryimage","url":"https:\/\/www.bellunopress.it\/wp-content\/uploads\/2023\/03\/prefettura_edited.jpg","contentUrl":"https:\/\/www.bellunopress.it\/wp-content\/uploads\/2023\/03\/prefettura_edited.jpg","width":1000,"height":750,"caption":"Prefettura di Belluno"},{"@type":"BreadcrumbList","@id":"https:\/\/www.bellunopress.it\/2025\/02\/26\/chiusura-per-lavori-della-galleria-comelico-sia-in-orario-diurno-che-notturno-da-venerdi-7-a-domenica-9-marzo\/#breadcrumb","itemListElement":[{"@type":"ListItem","position":1,"name":"Home","item":"https:\/\/www.bellunopress.it\/"},{"@type":"ListItem","position":2,"name":"Chiusura per lavori della galleria Comelico, sia in orario diurno che notturno, da venerd\u00ec 7 a domenica 9 marzo"}]},{"@type":"WebSite","@id":"https:\/\/www.bellunopress.it\/#website","url":"https:\/\/www.bellunopress.it\/","name":"Bellunopress - Dolomiti","description":"e-mail: redazione@bellunopress.it","publisher":{"@id":"https:\/\/www.bellunopress.it\/#organization"},"potentialAction":[{"@type":"SearchAction","target":{"@type":"EntryPoint","urlTemplate":"https:\/\/www.bellunopress.it\/?s={search_term_string}"},"query-input":{"@type":"PropertyValueSpecification","valueRequired":true,"valueName":"search_term_string"}}],"inLanguage":"fr-FR"},{"@type":"Organization","@id":"https:\/\/www.bellunopress.it\/#organization","name":"Bellunopress","url":"https:\/\/www.bellunopress.it\/","logo":{"@type":"ImageObject","inLanguage":"fr-FR","@id":"https:\/\/www.bellunopress.it\/#\/schema\/logo\/image\/","url":"https:\/\/www.bellunopress.it\/wp-content\/uploads\/2011\/05\/cropped-logo-bellunopress-.jpg","contentUrl":"https:\/\/www.bellunopress.it\/wp-content\/uploads\/2011\/05\/cropped-logo-bellunopress-.jpg","width":512,"height":512,"caption":"Bellunopress"},"image":{"@id":"https:\/\/www.bellunopress.it\/#\/schema\/logo\/image\/"},"sameAs":["https:\/\/www.facebook.com\/profile.php?id=100008943462799","https:\/\/x.com\/bellunopress","https:\/\/www.linkedin.com\/hp\/?dnr=JBzUWaJfMUw8vbXJJ2tVW5-I3jZKvC4wsoxE&amp;amp;amp;amp;amp;amp;trk=nav_responsive_tab_home","https:\/\/www.youtube.com\/channel\/UCxL0wu1uN0_3_7hGG0306cw"]},{"@type":"Person","@id":"https:\/\/www.bellunopress.it\/#\/schema\/person\/79bb06722b37ece1c03d3e94beb30d73","name":"r\u00e9daction","image":{"@type":"ImageObject","inLanguage":"fr-FR","@id":"https:\/\/secure.gravatar.com\/avatar\/37d968a2e67a6fd04c169c4bdef102d0bc5d31b2546345219e348575eb80e9a0?s=96&d=mm&r=g","url":"https:\/\/secure.gravatar.com\/avatar\/37d968a2e67a6fd04c169c4bdef102d0bc5d31b2546345219e348575eb80e9a0?s=96&d=mm&r=g","contentUrl":"https:\/\/secure.gravatar.com\/avatar\/37d968a2e67a6fd04c169c4bdef102d0bc5d31b2546345219e348575eb80e9a0?s=96&d=mm&r=g","caption":"redazione"},"sameAs":["http:\/\/www.bellunopress.it","https:\/\/x.com\/bellunopress"],"url":"https:\/\/www.bellunopress.it\/fr\/author\/redazione\/"}]}},"_links":{"self":[{"href":"https:\/\/www.bellunopress.it\/fr\/wp-json\/wp\/v2\/posts\/158213","targetHints":{"allow":["GET"]}}],"collection":[{"href":"https:\/\/www.bellunopress.it\/fr\/wp-json\/wp\/v2\/posts"}],"about":[{"href":"https:\/\/www.bellunopress.it\/fr\/wp-json\/wp\/v2\/types\/post"}],"author":[{"embeddable":true,"href":"https:\/\/www.bellunopress.it\/fr\/wp-json\/wp\/v2\/users\/2"}],"replies":[{"embeddable":true,"href":"https:\/\/www.bellunopress.it\/fr\/wp-json\/wp\/v2\/comments?post=158213"}],"version-history":[{"count":1,"href":"https:\/\/www.bellunopress.it\/fr\/wp-json\/wp\/v2\/posts\/158213\/revisions"}],"predecessor-version":[{"id":158214,"href":"https:\/\/www.bellunopress.it\/fr\/wp-json\/wp\/v2\/posts\/158213\/revisions\/158214"}],"wp:featuredmedia":[{"embeddable":true,"href":"https:\/\/www.bellunopress.it\/fr\/wp-json\/wp\/v2\/media\/140159"}],"wp:attachment":[{"href":"https:\/\/www.bellunopress.it\/fr\/wp-json\/wp\/v2\/media?parent=158213"}],"wp:term":[{"taxonomy":"category","embeddable":true,"href":"https:\/\/www.bellunopress.it\/fr\/wp-json\/wp\/v2\/categories?post=158213"},{"taxonomy":"post_tag","embeddable":true,"href":"https:\/\/www.bellunopress.it\/fr\/wp-json\/wp\/v2\/tags?post=158213"}],"curies":[{"name":"wp","href":"https:\/\/api.w.org\/{rel}","templated":true}]}}