{"id":158207,"date":"2025-02-26T17:36:16","date_gmt":"2025-02-26T16:36:16","guid":{"rendered":"https:\/\/www.bellunopress.it\/?p=158207"},"modified":"2025-02-26T17:36:16","modified_gmt":"2025-02-26T16:36:16","slug":"da-picasso-a-van-gogh-treviso-museo-santa-caterina-15-novembre-2025-10-maggio-2026-a-cura-di-marco-goldin","status":"publish","type":"post","link":"https:\/\/www.bellunopress.it\/fr\/2025\/02\/26\/da-picasso-a-van-gogh-treviso-museo-santa-caterina-15-novembre-2025-10-maggio-2026-a-cura-di-marco-goldin\/","title":{"rendered":"Da Picasso a Van Gogh. Treviso, Museo Santa Caterina &#8211;\u00a015 novembre 2025 &#8211; 10 maggio 2026 a cura di Marco Goldin"},"content":{"rendered":"<figure id=\"attachment_158208\" aria-describedby=\"caption-attachment-158208\" style=\"width: 1000px\" class=\"wp-caption aligncenter\"><img loading=\"lazy\" decoding=\"async\" class=\"size-full wp-image-158208\" src=\"https:\/\/www.bellunopress.it\/wp-content\/uploads\/2025\/02\/VAN_GOGH_1479_edited.jpg\" alt=\"\" width=\"1000\" height=\"788\" srcset=\"https:\/\/www.bellunopress.it\/wp-content\/uploads\/2025\/02\/VAN_GOGH_1479_edited.jpg 1000w, https:\/\/www.bellunopress.it\/wp-content\/uploads\/2025\/02\/VAN_GOGH_1479_edited-500x394.jpg 500w, https:\/\/www.bellunopress.it\/wp-content\/uploads\/2025\/02\/VAN_GOGH_1479_edited-533x420.jpg 533w, https:\/\/www.bellunopress.it\/wp-content\/uploads\/2025\/02\/VAN_GOGH_1479_edited-696x548.jpg 696w\" sizes=\"auto, (max-width: 1000px) 100vw, 1000px\" \/><figcaption id=\"caption-attachment-158208\" class=\"wp-caption-text\">Vincent van Gogh, Auvers, campi di grano con mietitore, 1890, olio su tela, cm 73,6 x 93. Toledo Museum of Art<\/figcaption><\/figure>\n<p><strong>Capolavori dal Toledo Museum of Art. Mostra promossa dal Comune di Treviso, organizzata da Toledo Museum of Art e Linea d&#8217;ombra.\u00a0<\/strong><strong>Storie di pittura dall&#8217;astrazione all&#8217;impressionismo<\/strong><\/p>\n<p>Marco Goldin torna nella sua Treviso con una mostra di autentici capolavori. Sessanta quadri dal prestigio altissimo, se si pensa che nelle sale di Santa Caterina giungeranno opere per un valore totale di un miliardo di euro.<\/p>\n<p>Un&#8217;esposizione che nasce geograficamente da lontano \u2013 propone i capolavori del XIX e XX secolo del Toledo Museum of Art, in Ohio &#8211; e ancora pi\u00f9 nell&#8217;anima di Goldin, che, studente a Venezia a Ca&#8217; Foscari, scopre I racconti dell&#8217;Ohio di Sherwood Anderson e rimane affascinato dal paesaggio e dai personaggi, parimenti protagonisti.<\/p>\n<p>Nasce anche da una occasione pi\u00f9 vicina: il Museo statunitense sar\u00e0 oggetto di un importante ammodernamento e ampliamento e un nucleo delle sue opere pi\u00f9 belle far\u00e0 il giro del mondo. Toccando soprattutto il Continente australe e unicamente Treviso in Europa. Dati i rapporti di lunga data di Goldin con il Museo americano, a Treviso giunger\u00e0 un&#8217;edizione assolutamente speciale della mostra. Il curatore ha infatti ottenuto una integrazione del corpus destinato a girare il mondo, puntando a un nucleo aggiuntivo di opere di qualit\u00e0 assoluta che escono per la prima volta dal Museo e che, dopo questa occasione, non si potranno ammirare se non recandosi in Ohio. Il Toledo Museum of Art \u00e8 infatti per tradizione una istituzione gelosissima dei suoi innumerevoli capolavori e rarissimamente ne presta anche uno soltanto.<\/p>\n<p>Per scelta del critico, il percorso della mostra andr\u00e0 a ritroso nella storia dell&#8217;arte, partendo dall&#8217;astrazione americana del secondo Novecento, da Richard Diebenkorn a Morris Louis, da Ad Reinhardt a Helen Frankenthaler, per transitare poi ad alcune esperienze capitali dell&#8217;astrazione invece europea, da Ben Nicholson e Josef Albers fino a Piet Mondrian e Paul Klee, per approfondire quindi il passaggio dal &#8216;900 all&#8221;800 e di seguito i tre grandi temi: la natura morta, le figure e i ritratti, i paesaggi.<\/p>\n<p>Nel primo caso, compariranno due tra i maggiori artisti che nel XX secolo si sono dedicati alla natura morta, come Giorgio Morandi e Georges Braque, mentre Henri Fantin-Latour e Camille Pissarro, nel pieno tempo della formazione del gruppo impressionista, diranno, e specialmente il primo, della raffinatezza cui questo tema conduceva i migliori tra i pittori.<\/p>\n<p>Molto ampia, la sezione dedicata ai ritratti, alle figure e alle figure ambientate che propone un&#8217;emozionante sequenza di opere, a partire da Matisse, Bonnard e Vuillard, per giungere a De Chirico e Modigliani e a uno splendido Picasso cubista del 1909.<\/p>\n<p>Poi la relazione, sul tema delle figure all&#8217;aria aperta, tra gli impressionisti d&#8217;oltreoceano e gli impressionisti francesi, con opere di William Merritt Chase, Berthe Morisot, Camille Pissarro per approdare a Courbet e Millet. I capi d&#8217;opera di Pierre-Auguste Renoir, Edouard Manet e Edgar Degas danno valore spettacolare e assoluto a questa sezione.<\/p>\n<p>Anche la parte dedicata al paesaggio, quella che chiuder\u00e0 la mostra, ha i caratteri dell&#8217;eccezionalit\u00e0. Dapprincipio con le visioni che alcuni pittori, in modo assai diverso l&#8217;uno dall&#8217;altro, dedicano a Venezia (Signac) o a Parigi (Delaunay e L\u00e9ger) per godere poi di una sequenza strepitosa di paesaggi impressionisti e post-impressionisti. Tra essi una delle pi\u00f9 belle, e ultime, versioni delle Ninfee di Monet, accanto a capolavori di Gauguin, Cezanne, Caillebotte, Renoir, Sisley. Infine, su una parete isolata, quel Campo di grano con falciatore a Auvers con cui Van Gogh d\u00e0 l&#8217;addio alla vita.<\/p>\n<p>Un quadro che nella sua assolutezza, nel suo essere grondante di colore e umanit\u00e0, splendidamente rappresenta la qualit\u00e0 altissima delle opere custodite nel Toledo Museum of Art. Tra poco a Treviso.<\/p>\n<p>\u00abSiamo entusiasti e orgogliosi di annunciare il ritorno di Marco Goldin a Treviso con una mostra di respiro internazionale, da Picasso a Van Gogh\u00bb, afferma il Sindaco di Treviso Mario Conte. \u00abQuesto evento rappresenta un&#8217;importante occasione per affermare Treviso come centro culturale di primo piano, in un momento che accompagner\u00e0 anche il periodo delle Olimpiadi di Milano Cortina 2026, che vedr\u00e0 Treviso come polo logistico. La collaborazione con Goldin non solo arricchisce l&#8217;offerta artistica della citt\u00e0, rendendola ancora pi\u00f9 attrattiva, ma testimonia anche il nostro impegno nel proseguire il percorso tracciato dal dossier di candidatura a Capitale Italiana della Cultura, aggiungendo ulteriore pregio ad un progetto che ci ha visto, negli ultimi anni, consolidare una programmazione di primo piano. Ringrazio il Presidente Zaia con la Regione Veneto, i nostri partner istituzionali, gli sponsor che hanno voluto sposare questo grande progetto. \u00c8 una mostra del territorio, il futuro della nostra comunit\u00e0 passa attraverso eventi come questo\u00bb.<\/p>\n<p>\u00abDiamo il benvenuto a Marco Goldin nella sua Treviso, un curatore che ha sempre dimostrato un profondo legame con la sua citt\u00e0, dando e ricevendo in un dialogo continuo fatto di arte e cultura. La mostra che porter\u00e0 al Museo di Santa Caterina, con capolavori che spaziano da Picasso a Van Gogh, rappresenta un evento di straordinaria rilevanza, capace di attrarre appassionati e visitatori da tutta Italia e oltre.<\/p>\n<p>Questo progetto dimostra come Treviso sia una citt\u00e0 in cui le istituzioni pubbliche e private si riconoscono nei grandi eventi culturali, perch\u00e9 crediamo fortemente nel valore del rapporto tra impresa e cultura. \u00c8 proprio questa sinergia che rende possibile la realizzazione di iniziative di cos\u00ec alto livello, confermando la nostra vocazione a essere un punto di riferimento culturale a livello nazionale e internazionale\u00bb, dichiara Maria Teresa De Gregorio, Assessore alla Cultura e Turismo del Comune di Treviso.<\/p>\n<p>&nbsp;<\/p>\n<p>&nbsp;<\/p>","protected":false},"excerpt":{"rendered":"<p>Capolavori dal Toledo Museum of Art. Mostra promossa dal Comune di Treviso, organizzata da Toledo Museum of Art e Linea d&#8217;ombra.\u00a0Storie di pittura dall&#8217;astrazione all&#8217;impressionismo Marco Goldin torna nella sua Treviso con una mostra di autentici capolavori. Sessanta quadri dal prestigio altissimo, se si pensa che nelle sale di Santa Caterina giungeranno opere per un [&hellip;]<\/p>\n","protected":false},"author":2,"featured_media":158208,"comment_status":"closed","ping_status":"open","sticky":false,"template":"","format":"standard","meta":{"footnotes":""},"categories":[27,3,25],"tags":[],"class_list":["post-158207","post","type-post","status-publish","format-standard","has-post-thumbnail","category-appuntamenti","category-arte-cultura-spettacoli-scienza-archivi","category-pausa-caffe"],"yoast_head":"<!-- This site is optimized with the Yoast SEO plugin v28.4 - https:\/\/yoast.com\/product\/yoast-seo-wordpress\/ -->\n<title>Da Picasso a Van Gogh. Treviso, Museo Santa Caterina -\u00a015 novembre 2025 - 10 maggio 2026 a cura di Marco Goldin - Bellunopress - Dolomiti<\/title>\n<meta name=\"robots\" content=\"index, follow, max-snippet:-1, max-image-preview:large, max-video-preview:-1\" \/>\n<link rel=\"canonical\" href=\"https:\/\/www.bellunopress.it\/fr\/2025\/02\/26\/da-picasso-a-van-gogh-treviso-museo-santa-caterina-15-novembre-2025-10-maggio-2026-a-cura-di-marco-goldin\/\" \/>\n<meta property=\"og:locale\" content=\"fr_FR\" \/>\n<meta property=\"og:type\" content=\"article\" \/>\n<meta property=\"og:title\" content=\"Da Picasso a Van Gogh. Treviso, Museo Santa Caterina -\u00a015 novembre 2025 - 10 maggio 2026 a cura di Marco Goldin - Bellunopress - Dolomiti\" \/>\n<meta property=\"og:description\" content=\"Capolavori dal Toledo Museum of Art. Mostra promossa dal Comune di Treviso, organizzata da Toledo Museum of Art e Linea d&#8217;ombra.\u00a0Storie di pittura dall&#8217;astrazione all&#8217;impressionismo Marco Goldin torna nella sua Treviso con una mostra di autentici capolavori. Sessanta quadri dal prestigio altissimo, se si pensa che nelle sale di Santa Caterina giungeranno opere per un [&hellip;]\" \/>\n<meta property=\"og:url\" content=\"https:\/\/www.bellunopress.it\/fr\/2025\/02\/26\/da-picasso-a-van-gogh-treviso-museo-santa-caterina-15-novembre-2025-10-maggio-2026-a-cura-di-marco-goldin\/\" \/>\n<meta property=\"og:site_name\" content=\"Bellunopress - Dolomiti\" \/>\n<meta property=\"article:publisher\" content=\"https:\/\/www.facebook.com\/profile.php?id=100008943462799\" \/>\n<meta property=\"article:published_time\" content=\"2025-02-26T16:36:16+00:00\" \/>\n<meta property=\"og:image\" content=\"https:\/\/www.bellunopress.it\/wp-content\/uploads\/2025\/02\/VAN_GOGH_1479_edited.jpg\" \/>\n\t<meta property=\"og:image:width\" content=\"1000\" \/>\n\t<meta property=\"og:image:height\" content=\"788\" \/>\n\t<meta property=\"og:image:type\" content=\"image\/jpeg\" \/>\n<meta name=\"author\" content=\"redazione\" \/>\n<meta name=\"twitter:card\" content=\"summary_large_image\" \/>\n<meta name=\"twitter:creator\" content=\"@bellunopress\" \/>\n<meta name=\"twitter:site\" content=\"@bellunopress\" \/>\n<meta name=\"twitter:label1\" content=\"\u00c9crit par\" \/>\n\t<meta name=\"twitter:data1\" content=\"redazione\" \/>\n\t<meta name=\"twitter:label2\" content=\"Dur\u00e9e de lecture estim\u00e9e\" \/>\n\t<meta name=\"twitter:data2\" content=\"5 minutes\" \/>\n<script type=\"application\/ld+json\" class=\"yoast-schema-graph\">{\"@context\":\"https:\\\/\\\/schema.org\",\"@graph\":[{\"@type\":\"Article\",\"@id\":\"https:\\\/\\\/www.bellunopress.it\\\/2025\\\/02\\\/26\\\/da-picasso-a-van-gogh-treviso-museo-santa-caterina-15-novembre-2025-10-maggio-2026-a-cura-di-marco-goldin\\\/#article\",\"isPartOf\":{\"@id\":\"https:\\\/\\\/www.bellunopress.it\\\/2025\\\/02\\\/26\\\/da-picasso-a-van-gogh-treviso-museo-santa-caterina-15-novembre-2025-10-maggio-2026-a-cura-di-marco-goldin\\\/\"},\"author\":{\"name\":\"redazione\",\"@id\":\"https:\\\/\\\/www.bellunopress.it\\\/#\\\/schema\\\/person\\\/79bb06722b37ece1c03d3e94beb30d73\"},\"headline\":\"Da Picasso a Van Gogh. Treviso, Museo Santa Caterina &#8211;\u00a015 novembre 2025 &#8211; 10 maggio 2026 a cura di Marco Goldin\",\"datePublished\":\"2025-02-26T16:36:16+00:00\",\"mainEntityOfPage\":{\"@id\":\"https:\\\/\\\/www.bellunopress.it\\\/2025\\\/02\\\/26\\\/da-picasso-a-van-gogh-treviso-museo-santa-caterina-15-novembre-2025-10-maggio-2026-a-cura-di-marco-goldin\\\/\"},\"wordCount\":958,\"publisher\":{\"@id\":\"https:\\\/\\\/www.bellunopress.it\\\/#organization\"},\"image\":{\"@id\":\"https:\\\/\\\/www.bellunopress.it\\\/2025\\\/02\\\/26\\\/da-picasso-a-van-gogh-treviso-museo-santa-caterina-15-novembre-2025-10-maggio-2026-a-cura-di-marco-goldin\\\/#primaryimage\"},\"thumbnailUrl\":\"https:\\\/\\\/www.bellunopress.it\\\/wp-content\\\/uploads\\\/2025\\\/02\\\/VAN_GOGH_1479_edited.jpg\",\"articleSection\":[\"Appuntamenti, Eventi\",\"Arte, Cultura, Spettacoli, Scienza\",\"Pausa Caff\u00e8\"],\"inLanguage\":\"fr-FR\"},{\"@type\":\"WebPage\",\"@id\":\"https:\\\/\\\/www.bellunopress.it\\\/2025\\\/02\\\/26\\\/da-picasso-a-van-gogh-treviso-museo-santa-caterina-15-novembre-2025-10-maggio-2026-a-cura-di-marco-goldin\\\/\",\"url\":\"https:\\\/\\\/www.bellunopress.it\\\/2025\\\/02\\\/26\\\/da-picasso-a-van-gogh-treviso-museo-santa-caterina-15-novembre-2025-10-maggio-2026-a-cura-di-marco-goldin\\\/\",\"name\":\"Da Picasso a Van Gogh. Treviso, Museo Santa Caterina -\u00a015 novembre 2025 - 10 maggio 2026 a cura di Marco Goldin - Bellunopress - Dolomiti\",\"isPartOf\":{\"@id\":\"https:\\\/\\\/www.bellunopress.it\\\/#website\"},\"primaryImageOfPage\":{\"@id\":\"https:\\\/\\\/www.bellunopress.it\\\/2025\\\/02\\\/26\\\/da-picasso-a-van-gogh-treviso-museo-santa-caterina-15-novembre-2025-10-maggio-2026-a-cura-di-marco-goldin\\\/#primaryimage\"},\"image\":{\"@id\":\"https:\\\/\\\/www.bellunopress.it\\\/2025\\\/02\\\/26\\\/da-picasso-a-van-gogh-treviso-museo-santa-caterina-15-novembre-2025-10-maggio-2026-a-cura-di-marco-goldin\\\/#primaryimage\"},\"thumbnailUrl\":\"https:\\\/\\\/www.bellunopress.it\\\/wp-content\\\/uploads\\\/2025\\\/02\\\/VAN_GOGH_1479_edited.jpg\",\"datePublished\":\"2025-02-26T16:36:16+00:00\",\"breadcrumb\":{\"@id\":\"https:\\\/\\\/www.bellunopress.it\\\/2025\\\/02\\\/26\\\/da-picasso-a-van-gogh-treviso-museo-santa-caterina-15-novembre-2025-10-maggio-2026-a-cura-di-marco-goldin\\\/#breadcrumb\"},\"inLanguage\":\"fr-FR\",\"potentialAction\":[{\"@type\":\"ReadAction\",\"target\":[\"https:\\\/\\\/www.bellunopress.it\\\/2025\\\/02\\\/26\\\/da-picasso-a-van-gogh-treviso-museo-santa-caterina-15-novembre-2025-10-maggio-2026-a-cura-di-marco-goldin\\\/\"]}]},{\"@type\":\"ImageObject\",\"inLanguage\":\"fr-FR\",\"@id\":\"https:\\\/\\\/www.bellunopress.it\\\/2025\\\/02\\\/26\\\/da-picasso-a-van-gogh-treviso-museo-santa-caterina-15-novembre-2025-10-maggio-2026-a-cura-di-marco-goldin\\\/#primaryimage\",\"url\":\"https:\\\/\\\/www.bellunopress.it\\\/wp-content\\\/uploads\\\/2025\\\/02\\\/VAN_GOGH_1479_edited.jpg\",\"contentUrl\":\"https:\\\/\\\/www.bellunopress.it\\\/wp-content\\\/uploads\\\/2025\\\/02\\\/VAN_GOGH_1479_edited.jpg\",\"width\":1000,\"height\":788,\"caption\":\"Vincent van Gogh, Auvers, campi di grano con mietitore, 1890, olio su tela, cm 73,6 x 93. Toledo Museum of Art\"},{\"@type\":\"BreadcrumbList\",\"@id\":\"https:\\\/\\\/www.bellunopress.it\\\/2025\\\/02\\\/26\\\/da-picasso-a-van-gogh-treviso-museo-santa-caterina-15-novembre-2025-10-maggio-2026-a-cura-di-marco-goldin\\\/#breadcrumb\",\"itemListElement\":[{\"@type\":\"ListItem\",\"position\":1,\"name\":\"Home\",\"item\":\"https:\\\/\\\/www.bellunopress.it\\\/\"},{\"@type\":\"ListItem\",\"position\":2,\"name\":\"Da Picasso a Van Gogh. Treviso, Museo Santa Caterina &#8211;\u00a015 novembre 2025 &#8211; 10 maggio 2026 a cura di Marco Goldin\"}]},{\"@type\":\"WebSite\",\"@id\":\"https:\\\/\\\/www.bellunopress.it\\\/#website\",\"url\":\"https:\\\/\\\/www.bellunopress.it\\\/\",\"name\":\"Bellunopress - Dolomiti\",\"description\":\"e-mail: redazione@bellunopress.it\",\"publisher\":{\"@id\":\"https:\\\/\\\/www.bellunopress.it\\\/#organization\"},\"potentialAction\":[{\"@type\":\"SearchAction\",\"target\":{\"@type\":\"EntryPoint\",\"urlTemplate\":\"https:\\\/\\\/www.bellunopress.it\\\/?s={search_term_string}\"},\"query-input\":{\"@type\":\"PropertyValueSpecification\",\"valueRequired\":true,\"valueName\":\"search_term_string\"}}],\"inLanguage\":\"fr-FR\"},{\"@type\":\"Organization\",\"@id\":\"https:\\\/\\\/www.bellunopress.it\\\/#organization\",\"name\":\"Bellunopress\",\"url\":\"https:\\\/\\\/www.bellunopress.it\\\/\",\"logo\":{\"@type\":\"ImageObject\",\"inLanguage\":\"fr-FR\",\"@id\":\"https:\\\/\\\/www.bellunopress.it\\\/#\\\/schema\\\/logo\\\/image\\\/\",\"url\":\"https:\\\/\\\/www.bellunopress.it\\\/wp-content\\\/uploads\\\/2011\\\/05\\\/cropped-logo-bellunopress-.jpg\",\"contentUrl\":\"https:\\\/\\\/www.bellunopress.it\\\/wp-content\\\/uploads\\\/2011\\\/05\\\/cropped-logo-bellunopress-.jpg\",\"width\":512,\"height\":512,\"caption\":\"Bellunopress\"},\"image\":{\"@id\":\"https:\\\/\\\/www.bellunopress.it\\\/#\\\/schema\\\/logo\\\/image\\\/\"},\"sameAs\":[\"https:\\\/\\\/www.facebook.com\\\/profile.php?id=100008943462799\",\"https:\\\/\\\/x.com\\\/bellunopress\",\"https:\\\/\\\/www.linkedin.com\\\/hp\\\/?dnr=JBzUWaJfMUw8vbXJJ2tVW5-I3jZKvC4wsoxE&amp;amp;amp;amp;amp;amp;trk=nav_responsive_tab_home\",\"https:\\\/\\\/www.youtube.com\\\/channel\\\/UCxL0wu1uN0_3_7hGG0306cw\"]},{\"@type\":\"Person\",\"@id\":\"https:\\\/\\\/www.bellunopress.it\\\/#\\\/schema\\\/person\\\/79bb06722b37ece1c03d3e94beb30d73\",\"name\":\"redazione\",\"image\":{\"@type\":\"ImageObject\",\"inLanguage\":\"fr-FR\",\"@id\":\"https:\\\/\\\/secure.gravatar.com\\\/avatar\\\/37d968a2e67a6fd04c169c4bdef102d0bc5d31b2546345219e348575eb80e9a0?s=96&d=mm&r=g\",\"url\":\"https:\\\/\\\/secure.gravatar.com\\\/avatar\\\/37d968a2e67a6fd04c169c4bdef102d0bc5d31b2546345219e348575eb80e9a0?s=96&d=mm&r=g\",\"contentUrl\":\"https:\\\/\\\/secure.gravatar.com\\\/avatar\\\/37d968a2e67a6fd04c169c4bdef102d0bc5d31b2546345219e348575eb80e9a0?s=96&d=mm&r=g\",\"caption\":\"redazione\"},\"sameAs\":[\"http:\\\/\\\/www.bellunopress.it\",\"https:\\\/\\\/x.com\\\/bellunopress\"],\"url\":\"https:\\\/\\\/www.bellunopress.it\\\/fr\\\/author\\\/redazione\\\/\"}]}<\/script>\n<!-- \/ Yoast SEO plugin. -->","yoast_head_json":{"title":"Da Picasso a Van Gogh. Treviso, Museo Santa Caterina -\u00a015 novembre 2025 - 10 maggio 2026 a cura di Marco Goldin - Bellunopress - Dolomiti","robots":{"index":"index","follow":"follow","max-snippet":"max-snippet:-1","max-image-preview":"max-image-preview:large","max-video-preview":"max-video-preview:-1"},"canonical":"https:\/\/www.bellunopress.it\/fr\/2025\/02\/26\/da-picasso-a-van-gogh-treviso-museo-santa-caterina-15-novembre-2025-10-maggio-2026-a-cura-di-marco-goldin\/","og_locale":"fr_FR","og_type":"article","og_title":"Da Picasso a Van Gogh. Treviso, Museo Santa Caterina -\u00a015 novembre 2025 - 10 maggio 2026 a cura di Marco Goldin - Bellunopress - Dolomiti","og_description":"Capolavori dal Toledo Museum of Art. Mostra promossa dal Comune di Treviso, organizzata da Toledo Museum of Art e Linea d&#8217;ombra.\u00a0Storie di pittura dall&#8217;astrazione all&#8217;impressionismo Marco Goldin torna nella sua Treviso con una mostra di autentici capolavori. Sessanta quadri dal prestigio altissimo, se si pensa che nelle sale di Santa Caterina giungeranno opere per un [&hellip;]","og_url":"https:\/\/www.bellunopress.it\/fr\/2025\/02\/26\/da-picasso-a-van-gogh-treviso-museo-santa-caterina-15-novembre-2025-10-maggio-2026-a-cura-di-marco-goldin\/","og_site_name":"Bellunopress - Dolomiti","article_publisher":"https:\/\/www.facebook.com\/profile.php?id=100008943462799","article_published_time":"2025-02-26T16:36:16+00:00","og_image":[{"width":1000,"height":788,"url":"https:\/\/www.bellunopress.it\/wp-content\/uploads\/2025\/02\/VAN_GOGH_1479_edited.jpg","type":"image\/jpeg"}],"author":"redazione","twitter_card":"summary_large_image","twitter_creator":"@bellunopress","twitter_site":"@bellunopress","twitter_misc":{"\u00c9crit par":"redazione","Dur\u00e9e de lecture estim\u00e9e":"5 minutes"},"schema":{"@context":"https:\/\/schema.org","@graph":[{"@type":"Article","@id":"https:\/\/www.bellunopress.it\/2025\/02\/26\/da-picasso-a-van-gogh-treviso-museo-santa-caterina-15-novembre-2025-10-maggio-2026-a-cura-di-marco-goldin\/#article","isPartOf":{"@id":"https:\/\/www.bellunopress.it\/2025\/02\/26\/da-picasso-a-van-gogh-treviso-museo-santa-caterina-15-novembre-2025-10-maggio-2026-a-cura-di-marco-goldin\/"},"author":{"name":"redazione","@id":"https:\/\/www.bellunopress.it\/#\/schema\/person\/79bb06722b37ece1c03d3e94beb30d73"},"headline":"Da Picasso a Van Gogh. Treviso, Museo Santa Caterina &#8211;\u00a015 novembre 2025 &#8211; 10 maggio 2026 a cura di Marco Goldin","datePublished":"2025-02-26T16:36:16+00:00","mainEntityOfPage":{"@id":"https:\/\/www.bellunopress.it\/2025\/02\/26\/da-picasso-a-van-gogh-treviso-museo-santa-caterina-15-novembre-2025-10-maggio-2026-a-cura-di-marco-goldin\/"},"wordCount":958,"publisher":{"@id":"https:\/\/www.bellunopress.it\/#organization"},"image":{"@id":"https:\/\/www.bellunopress.it\/2025\/02\/26\/da-picasso-a-van-gogh-treviso-museo-santa-caterina-15-novembre-2025-10-maggio-2026-a-cura-di-marco-goldin\/#primaryimage"},"thumbnailUrl":"https:\/\/www.bellunopress.it\/wp-content\/uploads\/2025\/02\/VAN_GOGH_1479_edited.jpg","articleSection":["Appuntamenti, Eventi","Arte, Cultura, Spettacoli, Scienza","Pausa Caff\u00e8"],"inLanguage":"fr-FR"},{"@type":"WebPage","@id":"https:\/\/www.bellunopress.it\/2025\/02\/26\/da-picasso-a-van-gogh-treviso-museo-santa-caterina-15-novembre-2025-10-maggio-2026-a-cura-di-marco-goldin\/","url":"https:\/\/www.bellunopress.it\/2025\/02\/26\/da-picasso-a-van-gogh-treviso-museo-santa-caterina-15-novembre-2025-10-maggio-2026-a-cura-di-marco-goldin\/","name":"Da Picasso a Van Gogh. Treviso, Museo Santa Caterina -\u00a015 novembre 2025 - 10 maggio 2026 a cura di Marco Goldin - Bellunopress - Dolomiti","isPartOf":{"@id":"https:\/\/www.bellunopress.it\/#website"},"primaryImageOfPage":{"@id":"https:\/\/www.bellunopress.it\/2025\/02\/26\/da-picasso-a-van-gogh-treviso-museo-santa-caterina-15-novembre-2025-10-maggio-2026-a-cura-di-marco-goldin\/#primaryimage"},"image":{"@id":"https:\/\/www.bellunopress.it\/2025\/02\/26\/da-picasso-a-van-gogh-treviso-museo-santa-caterina-15-novembre-2025-10-maggio-2026-a-cura-di-marco-goldin\/#primaryimage"},"thumbnailUrl":"https:\/\/www.bellunopress.it\/wp-content\/uploads\/2025\/02\/VAN_GOGH_1479_edited.jpg","datePublished":"2025-02-26T16:36:16+00:00","breadcrumb":{"@id":"https:\/\/www.bellunopress.it\/2025\/02\/26\/da-picasso-a-van-gogh-treviso-museo-santa-caterina-15-novembre-2025-10-maggio-2026-a-cura-di-marco-goldin\/#breadcrumb"},"inLanguage":"fr-FR","potentialAction":[{"@type":"ReadAction","target":["https:\/\/www.bellunopress.it\/2025\/02\/26\/da-picasso-a-van-gogh-treviso-museo-santa-caterina-15-novembre-2025-10-maggio-2026-a-cura-di-marco-goldin\/"]}]},{"@type":"ImageObject","inLanguage":"fr-FR","@id":"https:\/\/www.bellunopress.it\/2025\/02\/26\/da-picasso-a-van-gogh-treviso-museo-santa-caterina-15-novembre-2025-10-maggio-2026-a-cura-di-marco-goldin\/#primaryimage","url":"https:\/\/www.bellunopress.it\/wp-content\/uploads\/2025\/02\/VAN_GOGH_1479_edited.jpg","contentUrl":"https:\/\/www.bellunopress.it\/wp-content\/uploads\/2025\/02\/VAN_GOGH_1479_edited.jpg","width":1000,"height":788,"caption":"Vincent van Gogh, Auvers, campi di grano con mietitore, 1890, olio su tela, cm 73,6 x 93. Toledo Museum of Art"},{"@type":"BreadcrumbList","@id":"https:\/\/www.bellunopress.it\/2025\/02\/26\/da-picasso-a-van-gogh-treviso-museo-santa-caterina-15-novembre-2025-10-maggio-2026-a-cura-di-marco-goldin\/#breadcrumb","itemListElement":[{"@type":"ListItem","position":1,"name":"Home","item":"https:\/\/www.bellunopress.it\/"},{"@type":"ListItem","position":2,"name":"Da Picasso a Van Gogh. Treviso, Museo Santa Caterina &#8211;\u00a015 novembre 2025 &#8211; 10 maggio 2026 a cura di Marco Goldin"}]},{"@type":"WebSite","@id":"https:\/\/www.bellunopress.it\/#website","url":"https:\/\/www.bellunopress.it\/","name":"Bellunopress - Dolomiti","description":"e-mail: redazione@bellunopress.it","publisher":{"@id":"https:\/\/www.bellunopress.it\/#organization"},"potentialAction":[{"@type":"SearchAction","target":{"@type":"EntryPoint","urlTemplate":"https:\/\/www.bellunopress.it\/?s={search_term_string}"},"query-input":{"@type":"PropertyValueSpecification","valueRequired":true,"valueName":"search_term_string"}}],"inLanguage":"fr-FR"},{"@type":"Organization","@id":"https:\/\/www.bellunopress.it\/#organization","name":"Bellunopress","url":"https:\/\/www.bellunopress.it\/","logo":{"@type":"ImageObject","inLanguage":"fr-FR","@id":"https:\/\/www.bellunopress.it\/#\/schema\/logo\/image\/","url":"https:\/\/www.bellunopress.it\/wp-content\/uploads\/2011\/05\/cropped-logo-bellunopress-.jpg","contentUrl":"https:\/\/www.bellunopress.it\/wp-content\/uploads\/2011\/05\/cropped-logo-bellunopress-.jpg","width":512,"height":512,"caption":"Bellunopress"},"image":{"@id":"https:\/\/www.bellunopress.it\/#\/schema\/logo\/image\/"},"sameAs":["https:\/\/www.facebook.com\/profile.php?id=100008943462799","https:\/\/x.com\/bellunopress","https:\/\/www.linkedin.com\/hp\/?dnr=JBzUWaJfMUw8vbXJJ2tVW5-I3jZKvC4wsoxE&amp;amp;amp;amp;amp;amp;trk=nav_responsive_tab_home","https:\/\/www.youtube.com\/channel\/UCxL0wu1uN0_3_7hGG0306cw"]},{"@type":"Person","@id":"https:\/\/www.bellunopress.it\/#\/schema\/person\/79bb06722b37ece1c03d3e94beb30d73","name":"r\u00e9daction","image":{"@type":"ImageObject","inLanguage":"fr-FR","@id":"https:\/\/secure.gravatar.com\/avatar\/37d968a2e67a6fd04c169c4bdef102d0bc5d31b2546345219e348575eb80e9a0?s=96&d=mm&r=g","url":"https:\/\/secure.gravatar.com\/avatar\/37d968a2e67a6fd04c169c4bdef102d0bc5d31b2546345219e348575eb80e9a0?s=96&d=mm&r=g","contentUrl":"https:\/\/secure.gravatar.com\/avatar\/37d968a2e67a6fd04c169c4bdef102d0bc5d31b2546345219e348575eb80e9a0?s=96&d=mm&r=g","caption":"redazione"},"sameAs":["http:\/\/www.bellunopress.it","https:\/\/x.com\/bellunopress"],"url":"https:\/\/www.bellunopress.it\/fr\/author\/redazione\/"}]}},"_links":{"self":[{"href":"https:\/\/www.bellunopress.it\/fr\/wp-json\/wp\/v2\/posts\/158207","targetHints":{"allow":["GET"]}}],"collection":[{"href":"https:\/\/www.bellunopress.it\/fr\/wp-json\/wp\/v2\/posts"}],"about":[{"href":"https:\/\/www.bellunopress.it\/fr\/wp-json\/wp\/v2\/types\/post"}],"author":[{"embeddable":true,"href":"https:\/\/www.bellunopress.it\/fr\/wp-json\/wp\/v2\/users\/2"}],"replies":[{"embeddable":true,"href":"https:\/\/www.bellunopress.it\/fr\/wp-json\/wp\/v2\/comments?post=158207"}],"version-history":[{"count":1,"href":"https:\/\/www.bellunopress.it\/fr\/wp-json\/wp\/v2\/posts\/158207\/revisions"}],"predecessor-version":[{"id":158209,"href":"https:\/\/www.bellunopress.it\/fr\/wp-json\/wp\/v2\/posts\/158207\/revisions\/158209"}],"wp:featuredmedia":[{"embeddable":true,"href":"https:\/\/www.bellunopress.it\/fr\/wp-json\/wp\/v2\/media\/158208"}],"wp:attachment":[{"href":"https:\/\/www.bellunopress.it\/fr\/wp-json\/wp\/v2\/media?parent=158207"}],"wp:term":[{"taxonomy":"category","embeddable":true,"href":"https:\/\/www.bellunopress.it\/fr\/wp-json\/wp\/v2\/categories?post=158207"},{"taxonomy":"post_tag","embeddable":true,"href":"https:\/\/www.bellunopress.it\/fr\/wp-json\/wp\/v2\/tags?post=158207"}],"curies":[{"name":"wp","href":"https:\/\/api.w.org\/{rel}","templated":true}]}}