{"id":158158,"date":"2025-02-24T15:40:45","date_gmt":"2025-02-24T14:40:45","guid":{"rendered":"https:\/\/www.bellunopress.it\/?p=158158"},"modified":"2025-02-24T18:44:01","modified_gmt":"2025-02-24T17:44:01","slug":"oipa-e-leal-chiedono-la-revoca-dellautorizzazione-per-la-prova-cinofila-sulle-lepri-in-veneto","status":"publish","type":"post","link":"https:\/\/www.bellunopress.it\/fr\/2025\/02\/24\/oipa-e-leal-chiedono-la-revoca-dellautorizzazione-per-la-prova-cinofila-sulle-lepri-in-veneto\/","title":{"rendered":"OIPA e LEAL chiedono la revoca dell\u2019autorizzazione per la prova cinofila sulle lepri in Veneto"},"content":{"rendered":"<p><img loading=\"lazy\" decoding=\"async\" class=\"aligncenter size-full wp-image-154299\" src=\"https:\/\/www.bellunopress.it\/wp-content\/uploads\/2024\/09\/Oipa_edited.jpg\" alt=\"\" width=\"1000\" height=\"259\" srcset=\"https:\/\/www.bellunopress.it\/wp-content\/uploads\/2024\/09\/Oipa_edited.jpg 1000w, https:\/\/www.bellunopress.it\/wp-content\/uploads\/2024\/09\/Oipa_edited-500x130.jpg 500w, https:\/\/www.bellunopress.it\/wp-content\/uploads\/2024\/09\/Oipa_edited-696x180.jpg 696w\" sizes=\"auto, (max-width: 1000px) 100vw, 1000px\" \/><img loading=\"lazy\" decoding=\"async\" class=\"aligncenter size-full wp-image-147732\" src=\"https:\/\/www.bellunopress.it\/wp-content\/uploads\/2024\/01\/Leal-no-vivisezione_edited.jpg\" alt=\"\" width=\"1000\" height=\"1000\" srcset=\"https:\/\/www.bellunopress.it\/wp-content\/uploads\/2024\/01\/Leal-no-vivisezione_edited.jpg 1000w, https:\/\/www.bellunopress.it\/wp-content\/uploads\/2024\/01\/Leal-no-vivisezione_edited-500x500.jpg 500w, https:\/\/www.bellunopress.it\/wp-content\/uploads\/2024\/01\/Leal-no-vivisezione_edited-300x300.jpg 300w, https:\/\/www.bellunopress.it\/wp-content\/uploads\/2024\/01\/Leal-no-vivisezione_edited-696x696.jpg 696w\" sizes=\"auto, (max-width: 1000px) 100vw, 1000px\" \/>Venerd\u00ec 21 febbraio 2025, l\u2019OIPA (Organizzazione Internazionale Protezione Animali) e LEAL (Lega Antivivisezione) hanno inviato una richiesta formale alla Regione Veneto per la revoca dell\u2019autorizzazione relativa alla prova cinofila su cani da seguita sulla specie lepre, programmata per l\u20198 e il 9 marzo.<\/p>\n<p>La richiesta \u00e8 stata inviata tramite i rispettivi uffici legali, con la firma dell\u2019Avv. Claudia Taccani per l\u2019OIPA e dell\u2019Avv. Rosaria Loprete per LEAL.<br \/>\nLe due associazioni esprimono grave preoccupazione per le implicazioni etiche e il benessere degli animali coinvolti, evidenziando i seguenti punti critici:<br \/>\n\u2013 la prova cinofila \u00e8 a tutti gli effetti assimilabile all\u2019attivit\u00e0 venatoria, la cui stagione si chiude ufficialmente il 31 gennaio di ogni anno;<br \/>\n\u2013 la prova \u00e8 programmata nel periodo riproduttivo delle lepri, mettendo a rischio la vita di lepri gravide e leprotti neonati che, se stanati dai cani, verrebbero sicuramente uccisi;<br \/>\n\u2013 l\u2019evento si terr\u00e0 anche in zone di ripopolamento e cattura, destinate alla protezione e riproduzione della fauna selvatica;<br \/>\n\u2013 la legge prevede che l\u2019autorizzazione per prove al di fuori delle zone di addestramento dei cani sia valida per 30 giorni dalla pubblicazione del provvedimento, durante i quali i proprietari dei terreni possono opporsi. Tuttavia, per molti Comuni coinvolti, il termine dei 30 giorni coincide con il secondo giorno della manifestazione o va addirittura oltre, compromettendo di fatto il diritto di opposizione.<\/p>\n<p>Per queste ragioni, l\u2019OIPA e LEAL chiedono alla Regione Veneto di revocare l\u2019autorizzazione concessa. \u00c8 essenziale che ogni decisione in merito alla gestione della fauna selvatica tuteli in prima istanza il benessere e la dignit\u00e0 degli animali, evitando pratiche che li espongano a inutili sofferenze.<\/p>","protected":false},"excerpt":{"rendered":"<p>Venerd\u00ec 21 febbraio 2025, l\u2019OIPA (Organizzazione Internazionale Protezione Animali) e LEAL (Lega Antivivisezione) hanno inviato una richiesta formale alla Regione Veneto per la revoca dell\u2019autorizzazione relativa alla prova cinofila su cani da seguita sulla specie lepre, programmata per l\u20198 e il 9 marzo. La richiesta \u00e8 stata inviata tramite i rispettivi uffici legali, con la [&hellip;]<\/p>\n","protected":false},"author":2,"featured_media":154299,"comment_status":"closed","ping_status":"open","sticky":false,"template":"","format":"standard","meta":{"footnotes":""},"categories":[38],"tags":[],"class_list":["post-158158","post","type-post","status-publish","format-standard","has-post-thumbnail","category-natura-ambiente"],"yoast_head":"<!-- This site is optimized with the Yoast SEO plugin v28.4 - https:\/\/yoast.com\/product\/yoast-seo-wordpress\/ -->\n<title>OIPA e LEAL chiedono la revoca dell\u2019autorizzazione per la prova cinofila sulle lepri in Veneto - Bellunopress - Dolomiti<\/title>\n<meta name=\"robots\" content=\"index, follow, max-snippet:-1, max-image-preview:large, max-video-preview:-1\" \/>\n<link rel=\"canonical\" href=\"https:\/\/www.bellunopress.it\/fr\/2025\/02\/24\/oipa-e-leal-chiedono-la-revoca-dellautorizzazione-per-la-prova-cinofila-sulle-lepri-in-veneto\/\" \/>\n<meta property=\"og:locale\" content=\"fr_FR\" \/>\n<meta property=\"og:type\" content=\"article\" \/>\n<meta property=\"og:title\" content=\"OIPA e LEAL chiedono la revoca dell\u2019autorizzazione per la prova cinofila sulle lepri in Veneto - Bellunopress - Dolomiti\" \/>\n<meta property=\"og:description\" content=\"Venerd\u00ec 21 febbraio 2025, l\u2019OIPA (Organizzazione Internazionale Protezione Animali) e LEAL (Lega Antivivisezione) hanno inviato una richiesta formale alla Regione Veneto per la revoca dell\u2019autorizzazione relativa alla prova cinofila su cani da seguita sulla specie lepre, programmata per l\u20198 e il 9 marzo. La richiesta \u00e8 stata inviata tramite i rispettivi uffici legali, con la [&hellip;]\" \/>\n<meta property=\"og:url\" content=\"https:\/\/www.bellunopress.it\/fr\/2025\/02\/24\/oipa-e-leal-chiedono-la-revoca-dellautorizzazione-per-la-prova-cinofila-sulle-lepri-in-veneto\/\" \/>\n<meta property=\"og:site_name\" content=\"Bellunopress - Dolomiti\" \/>\n<meta property=\"article:publisher\" content=\"https:\/\/www.facebook.com\/profile.php?id=100008943462799\" \/>\n<meta property=\"article:published_time\" content=\"2025-02-24T14:40:45+00:00\" \/>\n<meta property=\"article:modified_time\" content=\"2025-02-24T17:44:01+00:00\" \/>\n<meta property=\"og:image\" content=\"https:\/\/www.bellunopress.it\/wp-content\/uploads\/2024\/09\/Oipa_edited.jpg\" \/>\n\t<meta property=\"og:image:width\" content=\"1000\" \/>\n\t<meta property=\"og:image:height\" content=\"259\" \/>\n\t<meta property=\"og:image:type\" content=\"image\/jpeg\" \/>\n<meta name=\"author\" content=\"redazione\" \/>\n<meta name=\"twitter:card\" content=\"summary_large_image\" \/>\n<meta name=\"twitter:creator\" content=\"@bellunopress\" \/>\n<meta name=\"twitter:site\" content=\"@bellunopress\" \/>\n<meta name=\"twitter:label1\" content=\"\u00c9crit par\" \/>\n\t<meta name=\"twitter:data1\" content=\"redazione\" \/>\n\t<meta name=\"twitter:label2\" content=\"Dur\u00e9e de lecture estim\u00e9e\" \/>\n\t<meta name=\"twitter:data2\" content=\"1 minute\" \/>\n<script type=\"application\/ld+json\" class=\"yoast-schema-graph\">{\"@context\":\"https:\\\/\\\/schema.org\",\"@graph\":[{\"@type\":\"Article\",\"@id\":\"https:\\\/\\\/www.bellunopress.it\\\/2025\\\/02\\\/24\\\/oipa-e-leal-chiedono-la-revoca-dellautorizzazione-per-la-prova-cinofila-sulle-lepri-in-veneto\\\/#article\",\"isPartOf\":{\"@id\":\"https:\\\/\\\/www.bellunopress.it\\\/2025\\\/02\\\/24\\\/oipa-e-leal-chiedono-la-revoca-dellautorizzazione-per-la-prova-cinofila-sulle-lepri-in-veneto\\\/\"},\"author\":{\"name\":\"redazione\",\"@id\":\"https:\\\/\\\/www.bellunopress.it\\\/#\\\/schema\\\/person\\\/79bb06722b37ece1c03d3e94beb30d73\"},\"headline\":\"OIPA e LEAL chiedono la revoca dell\u2019autorizzazione per la prova cinofila sulle lepri in Veneto\",\"datePublished\":\"2025-02-24T14:40:45+00:00\",\"dateModified\":\"2025-02-24T17:44:01+00:00\",\"mainEntityOfPage\":{\"@id\":\"https:\\\/\\\/www.bellunopress.it\\\/2025\\\/02\\\/24\\\/oipa-e-leal-chiedono-la-revoca-dellautorizzazione-per-la-prova-cinofila-sulle-lepri-in-veneto\\\/\"},\"wordCount\":280,\"publisher\":{\"@id\":\"https:\\\/\\\/www.bellunopress.it\\\/#organization\"},\"image\":{\"@id\":\"https:\\\/\\\/www.bellunopress.it\\\/2025\\\/02\\\/24\\\/oipa-e-leal-chiedono-la-revoca-dellautorizzazione-per-la-prova-cinofila-sulle-lepri-in-veneto\\\/#primaryimage\"},\"thumbnailUrl\":\"https:\\\/\\\/www.bellunopress.it\\\/wp-content\\\/uploads\\\/2024\\\/09\\\/Oipa_edited.jpg\",\"articleSection\":[\"Meteo, natura, ambiente, animali\"],\"inLanguage\":\"fr-FR\"},{\"@type\":\"WebPage\",\"@id\":\"https:\\\/\\\/www.bellunopress.it\\\/2025\\\/02\\\/24\\\/oipa-e-leal-chiedono-la-revoca-dellautorizzazione-per-la-prova-cinofila-sulle-lepri-in-veneto\\\/\",\"url\":\"https:\\\/\\\/www.bellunopress.it\\\/2025\\\/02\\\/24\\\/oipa-e-leal-chiedono-la-revoca-dellautorizzazione-per-la-prova-cinofila-sulle-lepri-in-veneto\\\/\",\"name\":\"OIPA e LEAL chiedono la revoca dell\u2019autorizzazione per la prova cinofila sulle lepri in Veneto - Bellunopress - Dolomiti\",\"isPartOf\":{\"@id\":\"https:\\\/\\\/www.bellunopress.it\\\/#website\"},\"primaryImageOfPage\":{\"@id\":\"https:\\\/\\\/www.bellunopress.it\\\/2025\\\/02\\\/24\\\/oipa-e-leal-chiedono-la-revoca-dellautorizzazione-per-la-prova-cinofila-sulle-lepri-in-veneto\\\/#primaryimage\"},\"image\":{\"@id\":\"https:\\\/\\\/www.bellunopress.it\\\/2025\\\/02\\\/24\\\/oipa-e-leal-chiedono-la-revoca-dellautorizzazione-per-la-prova-cinofila-sulle-lepri-in-veneto\\\/#primaryimage\"},\"thumbnailUrl\":\"https:\\\/\\\/www.bellunopress.it\\\/wp-content\\\/uploads\\\/2024\\\/09\\\/Oipa_edited.jpg\",\"datePublished\":\"2025-02-24T14:40:45+00:00\",\"dateModified\":\"2025-02-24T17:44:01+00:00\",\"breadcrumb\":{\"@id\":\"https:\\\/\\\/www.bellunopress.it\\\/2025\\\/02\\\/24\\\/oipa-e-leal-chiedono-la-revoca-dellautorizzazione-per-la-prova-cinofila-sulle-lepri-in-veneto\\\/#breadcrumb\"},\"inLanguage\":\"fr-FR\",\"potentialAction\":[{\"@type\":\"ReadAction\",\"target\":[\"https:\\\/\\\/www.bellunopress.it\\\/2025\\\/02\\\/24\\\/oipa-e-leal-chiedono-la-revoca-dellautorizzazione-per-la-prova-cinofila-sulle-lepri-in-veneto\\\/\"]}]},{\"@type\":\"ImageObject\",\"inLanguage\":\"fr-FR\",\"@id\":\"https:\\\/\\\/www.bellunopress.it\\\/2025\\\/02\\\/24\\\/oipa-e-leal-chiedono-la-revoca-dellautorizzazione-per-la-prova-cinofila-sulle-lepri-in-veneto\\\/#primaryimage\",\"url\":\"https:\\\/\\\/www.bellunopress.it\\\/wp-content\\\/uploads\\\/2024\\\/09\\\/Oipa_edited.jpg\",\"contentUrl\":\"https:\\\/\\\/www.bellunopress.it\\\/wp-content\\\/uploads\\\/2024\\\/09\\\/Oipa_edited.jpg\",\"width\":1000,\"height\":259},{\"@type\":\"BreadcrumbList\",\"@id\":\"https:\\\/\\\/www.bellunopress.it\\\/2025\\\/02\\\/24\\\/oipa-e-leal-chiedono-la-revoca-dellautorizzazione-per-la-prova-cinofila-sulle-lepri-in-veneto\\\/#breadcrumb\",\"itemListElement\":[{\"@type\":\"ListItem\",\"position\":1,\"name\":\"Home\",\"item\":\"https:\\\/\\\/www.bellunopress.it\\\/\"},{\"@type\":\"ListItem\",\"position\":2,\"name\":\"OIPA e LEAL chiedono la revoca dell\u2019autorizzazione per la prova cinofila sulle lepri in Veneto\"}]},{\"@type\":\"WebSite\",\"@id\":\"https:\\\/\\\/www.bellunopress.it\\\/#website\",\"url\":\"https:\\\/\\\/www.bellunopress.it\\\/\",\"name\":\"Bellunopress - Dolomiti\",\"description\":\"e-mail: redazione@bellunopress.it\",\"publisher\":{\"@id\":\"https:\\\/\\\/www.bellunopress.it\\\/#organization\"},\"potentialAction\":[{\"@type\":\"SearchAction\",\"target\":{\"@type\":\"EntryPoint\",\"urlTemplate\":\"https:\\\/\\\/www.bellunopress.it\\\/?s={search_term_string}\"},\"query-input\":{\"@type\":\"PropertyValueSpecification\",\"valueRequired\":true,\"valueName\":\"search_term_string\"}}],\"inLanguage\":\"fr-FR\"},{\"@type\":\"Organization\",\"@id\":\"https:\\\/\\\/www.bellunopress.it\\\/#organization\",\"name\":\"Bellunopress\",\"url\":\"https:\\\/\\\/www.bellunopress.it\\\/\",\"logo\":{\"@type\":\"ImageObject\",\"inLanguage\":\"fr-FR\",\"@id\":\"https:\\\/\\\/www.bellunopress.it\\\/#\\\/schema\\\/logo\\\/image\\\/\",\"url\":\"https:\\\/\\\/www.bellunopress.it\\\/wp-content\\\/uploads\\\/2011\\\/05\\\/cropped-logo-bellunopress-.jpg\",\"contentUrl\":\"https:\\\/\\\/www.bellunopress.it\\\/wp-content\\\/uploads\\\/2011\\\/05\\\/cropped-logo-bellunopress-.jpg\",\"width\":512,\"height\":512,\"caption\":\"Bellunopress\"},\"image\":{\"@id\":\"https:\\\/\\\/www.bellunopress.it\\\/#\\\/schema\\\/logo\\\/image\\\/\"},\"sameAs\":[\"https:\\\/\\\/www.facebook.com\\\/profile.php?id=100008943462799\",\"https:\\\/\\\/x.com\\\/bellunopress\",\"https:\\\/\\\/www.linkedin.com\\\/hp\\\/?dnr=JBzUWaJfMUw8vbXJJ2tVW5-I3jZKvC4wsoxE&amp;amp;amp;amp;amp;amp;trk=nav_responsive_tab_home\",\"https:\\\/\\\/www.youtube.com\\\/channel\\\/UCxL0wu1uN0_3_7hGG0306cw\"]},{\"@type\":\"Person\",\"@id\":\"https:\\\/\\\/www.bellunopress.it\\\/#\\\/schema\\\/person\\\/79bb06722b37ece1c03d3e94beb30d73\",\"name\":\"redazione\",\"image\":{\"@type\":\"ImageObject\",\"inLanguage\":\"fr-FR\",\"@id\":\"https:\\\/\\\/secure.gravatar.com\\\/avatar\\\/37d968a2e67a6fd04c169c4bdef102d0bc5d31b2546345219e348575eb80e9a0?s=96&d=mm&r=g\",\"url\":\"https:\\\/\\\/secure.gravatar.com\\\/avatar\\\/37d968a2e67a6fd04c169c4bdef102d0bc5d31b2546345219e348575eb80e9a0?s=96&d=mm&r=g\",\"contentUrl\":\"https:\\\/\\\/secure.gravatar.com\\\/avatar\\\/37d968a2e67a6fd04c169c4bdef102d0bc5d31b2546345219e348575eb80e9a0?s=96&d=mm&r=g\",\"caption\":\"redazione\"},\"sameAs\":[\"http:\\\/\\\/www.bellunopress.it\",\"https:\\\/\\\/x.com\\\/bellunopress\"],\"url\":\"https:\\\/\\\/www.bellunopress.it\\\/fr\\\/author\\\/redazione\\\/\"}]}<\/script>\n<!-- \/ Yoast SEO plugin. -->","yoast_head_json":{"title":"OIPA e LEAL chiedono la revoca dell\u2019autorizzazione per la prova cinofila sulle lepri in Veneto - Bellunopress - Dolomiti","robots":{"index":"index","follow":"follow","max-snippet":"max-snippet:-1","max-image-preview":"max-image-preview:large","max-video-preview":"max-video-preview:-1"},"canonical":"https:\/\/www.bellunopress.it\/fr\/2025\/02\/24\/oipa-e-leal-chiedono-la-revoca-dellautorizzazione-per-la-prova-cinofila-sulle-lepri-in-veneto\/","og_locale":"fr_FR","og_type":"article","og_title":"OIPA e LEAL chiedono la revoca dell\u2019autorizzazione per la prova cinofila sulle lepri in Veneto - Bellunopress - Dolomiti","og_description":"Venerd\u00ec 21 febbraio 2025, l\u2019OIPA (Organizzazione Internazionale Protezione Animali) e LEAL (Lega Antivivisezione) hanno inviato una richiesta formale alla Regione Veneto per la revoca dell\u2019autorizzazione relativa alla prova cinofila su cani da seguita sulla specie lepre, programmata per l\u20198 e il 9 marzo. La richiesta \u00e8 stata inviata tramite i rispettivi uffici legali, con la [&hellip;]","og_url":"https:\/\/www.bellunopress.it\/fr\/2025\/02\/24\/oipa-e-leal-chiedono-la-revoca-dellautorizzazione-per-la-prova-cinofila-sulle-lepri-in-veneto\/","og_site_name":"Bellunopress - Dolomiti","article_publisher":"https:\/\/www.facebook.com\/profile.php?id=100008943462799","article_published_time":"2025-02-24T14:40:45+00:00","article_modified_time":"2025-02-24T17:44:01+00:00","og_image":[{"width":1000,"height":259,"url":"https:\/\/www.bellunopress.it\/wp-content\/uploads\/2024\/09\/Oipa_edited.jpg","type":"image\/jpeg"}],"author":"redazione","twitter_card":"summary_large_image","twitter_creator":"@bellunopress","twitter_site":"@bellunopress","twitter_misc":{"\u00c9crit par":"redazione","Dur\u00e9e de lecture estim\u00e9e":"1 minute"},"schema":{"@context":"https:\/\/schema.org","@graph":[{"@type":"Article","@id":"https:\/\/www.bellunopress.it\/2025\/02\/24\/oipa-e-leal-chiedono-la-revoca-dellautorizzazione-per-la-prova-cinofila-sulle-lepri-in-veneto\/#article","isPartOf":{"@id":"https:\/\/www.bellunopress.it\/2025\/02\/24\/oipa-e-leal-chiedono-la-revoca-dellautorizzazione-per-la-prova-cinofila-sulle-lepri-in-veneto\/"},"author":{"name":"redazione","@id":"https:\/\/www.bellunopress.it\/#\/schema\/person\/79bb06722b37ece1c03d3e94beb30d73"},"headline":"OIPA e LEAL chiedono la revoca dell\u2019autorizzazione per la prova cinofila sulle lepri in Veneto","datePublished":"2025-02-24T14:40:45+00:00","dateModified":"2025-02-24T17:44:01+00:00","mainEntityOfPage":{"@id":"https:\/\/www.bellunopress.it\/2025\/02\/24\/oipa-e-leal-chiedono-la-revoca-dellautorizzazione-per-la-prova-cinofila-sulle-lepri-in-veneto\/"},"wordCount":280,"publisher":{"@id":"https:\/\/www.bellunopress.it\/#organization"},"image":{"@id":"https:\/\/www.bellunopress.it\/2025\/02\/24\/oipa-e-leal-chiedono-la-revoca-dellautorizzazione-per-la-prova-cinofila-sulle-lepri-in-veneto\/#primaryimage"},"thumbnailUrl":"https:\/\/www.bellunopress.it\/wp-content\/uploads\/2024\/09\/Oipa_edited.jpg","articleSection":["Meteo, natura, ambiente, animali"],"inLanguage":"fr-FR"},{"@type":"WebPage","@id":"https:\/\/www.bellunopress.it\/2025\/02\/24\/oipa-e-leal-chiedono-la-revoca-dellautorizzazione-per-la-prova-cinofila-sulle-lepri-in-veneto\/","url":"https:\/\/www.bellunopress.it\/2025\/02\/24\/oipa-e-leal-chiedono-la-revoca-dellautorizzazione-per-la-prova-cinofila-sulle-lepri-in-veneto\/","name":"OIPA e LEAL chiedono la revoca dell\u2019autorizzazione per la prova cinofila sulle lepri in Veneto - Bellunopress - Dolomiti","isPartOf":{"@id":"https:\/\/www.bellunopress.it\/#website"},"primaryImageOfPage":{"@id":"https:\/\/www.bellunopress.it\/2025\/02\/24\/oipa-e-leal-chiedono-la-revoca-dellautorizzazione-per-la-prova-cinofila-sulle-lepri-in-veneto\/#primaryimage"},"image":{"@id":"https:\/\/www.bellunopress.it\/2025\/02\/24\/oipa-e-leal-chiedono-la-revoca-dellautorizzazione-per-la-prova-cinofila-sulle-lepri-in-veneto\/#primaryimage"},"thumbnailUrl":"https:\/\/www.bellunopress.it\/wp-content\/uploads\/2024\/09\/Oipa_edited.jpg","datePublished":"2025-02-24T14:40:45+00:00","dateModified":"2025-02-24T17:44:01+00:00","breadcrumb":{"@id":"https:\/\/www.bellunopress.it\/2025\/02\/24\/oipa-e-leal-chiedono-la-revoca-dellautorizzazione-per-la-prova-cinofila-sulle-lepri-in-veneto\/#breadcrumb"},"inLanguage":"fr-FR","potentialAction":[{"@type":"ReadAction","target":["https:\/\/www.bellunopress.it\/2025\/02\/24\/oipa-e-leal-chiedono-la-revoca-dellautorizzazione-per-la-prova-cinofila-sulle-lepri-in-veneto\/"]}]},{"@type":"ImageObject","inLanguage":"fr-FR","@id":"https:\/\/www.bellunopress.it\/2025\/02\/24\/oipa-e-leal-chiedono-la-revoca-dellautorizzazione-per-la-prova-cinofila-sulle-lepri-in-veneto\/#primaryimage","url":"https:\/\/www.bellunopress.it\/wp-content\/uploads\/2024\/09\/Oipa_edited.jpg","contentUrl":"https:\/\/www.bellunopress.it\/wp-content\/uploads\/2024\/09\/Oipa_edited.jpg","width":1000,"height":259},{"@type":"BreadcrumbList","@id":"https:\/\/www.bellunopress.it\/2025\/02\/24\/oipa-e-leal-chiedono-la-revoca-dellautorizzazione-per-la-prova-cinofila-sulle-lepri-in-veneto\/#breadcrumb","itemListElement":[{"@type":"ListItem","position":1,"name":"Home","item":"https:\/\/www.bellunopress.it\/"},{"@type":"ListItem","position":2,"name":"OIPA e LEAL chiedono la revoca dell\u2019autorizzazione per la prova cinofila sulle lepri in Veneto"}]},{"@type":"WebSite","@id":"https:\/\/www.bellunopress.it\/#website","url":"https:\/\/www.bellunopress.it\/","name":"Bellunopress - Dolomiti","description":"e-mail: redazione@bellunopress.it","publisher":{"@id":"https:\/\/www.bellunopress.it\/#organization"},"potentialAction":[{"@type":"SearchAction","target":{"@type":"EntryPoint","urlTemplate":"https:\/\/www.bellunopress.it\/?s={search_term_string}"},"query-input":{"@type":"PropertyValueSpecification","valueRequired":true,"valueName":"search_term_string"}}],"inLanguage":"fr-FR"},{"@type":"Organization","@id":"https:\/\/www.bellunopress.it\/#organization","name":"Bellunopress","url":"https:\/\/www.bellunopress.it\/","logo":{"@type":"ImageObject","inLanguage":"fr-FR","@id":"https:\/\/www.bellunopress.it\/#\/schema\/logo\/image\/","url":"https:\/\/www.bellunopress.it\/wp-content\/uploads\/2011\/05\/cropped-logo-bellunopress-.jpg","contentUrl":"https:\/\/www.bellunopress.it\/wp-content\/uploads\/2011\/05\/cropped-logo-bellunopress-.jpg","width":512,"height":512,"caption":"Bellunopress"},"image":{"@id":"https:\/\/www.bellunopress.it\/#\/schema\/logo\/image\/"},"sameAs":["https:\/\/www.facebook.com\/profile.php?id=100008943462799","https:\/\/x.com\/bellunopress","https:\/\/www.linkedin.com\/hp\/?dnr=JBzUWaJfMUw8vbXJJ2tVW5-I3jZKvC4wsoxE&amp;amp;amp;amp;amp;amp;trk=nav_responsive_tab_home","https:\/\/www.youtube.com\/channel\/UCxL0wu1uN0_3_7hGG0306cw"]},{"@type":"Person","@id":"https:\/\/www.bellunopress.it\/#\/schema\/person\/79bb06722b37ece1c03d3e94beb30d73","name":"r\u00e9daction","image":{"@type":"ImageObject","inLanguage":"fr-FR","@id":"https:\/\/secure.gravatar.com\/avatar\/37d968a2e67a6fd04c169c4bdef102d0bc5d31b2546345219e348575eb80e9a0?s=96&d=mm&r=g","url":"https:\/\/secure.gravatar.com\/avatar\/37d968a2e67a6fd04c169c4bdef102d0bc5d31b2546345219e348575eb80e9a0?s=96&d=mm&r=g","contentUrl":"https:\/\/secure.gravatar.com\/avatar\/37d968a2e67a6fd04c169c4bdef102d0bc5d31b2546345219e348575eb80e9a0?s=96&d=mm&r=g","caption":"redazione"},"sameAs":["http:\/\/www.bellunopress.it","https:\/\/x.com\/bellunopress"],"url":"https:\/\/www.bellunopress.it\/fr\/author\/redazione\/"}]}},"_links":{"self":[{"href":"https:\/\/www.bellunopress.it\/fr\/wp-json\/wp\/v2\/posts\/158158","targetHints":{"allow":["GET"]}}],"collection":[{"href":"https:\/\/www.bellunopress.it\/fr\/wp-json\/wp\/v2\/posts"}],"about":[{"href":"https:\/\/www.bellunopress.it\/fr\/wp-json\/wp\/v2\/types\/post"}],"author":[{"embeddable":true,"href":"https:\/\/www.bellunopress.it\/fr\/wp-json\/wp\/v2\/users\/2"}],"replies":[{"embeddable":true,"href":"https:\/\/www.bellunopress.it\/fr\/wp-json\/wp\/v2\/comments?post=158158"}],"version-history":[{"count":1,"href":"https:\/\/www.bellunopress.it\/fr\/wp-json\/wp\/v2\/posts\/158158\/revisions"}],"predecessor-version":[{"id":158159,"href":"https:\/\/www.bellunopress.it\/fr\/wp-json\/wp\/v2\/posts\/158158\/revisions\/158159"}],"wp:featuredmedia":[{"embeddable":true,"href":"https:\/\/www.bellunopress.it\/fr\/wp-json\/wp\/v2\/media\/154299"}],"wp:attachment":[{"href":"https:\/\/www.bellunopress.it\/fr\/wp-json\/wp\/v2\/media?parent=158158"}],"wp:term":[{"taxonomy":"category","embeddable":true,"href":"https:\/\/www.bellunopress.it\/fr\/wp-json\/wp\/v2\/categories?post=158158"},{"taxonomy":"post_tag","embeddable":true,"href":"https:\/\/www.bellunopress.it\/fr\/wp-json\/wp\/v2\/tags?post=158158"}],"curies":[{"name":"wp","href":"https:\/\/api.w.org\/{rel}","templated":true}]}}