{"id":157925,"date":"2025-02-15T07:50:12","date_gmt":"2025-02-15T06:50:12","guid":{"rendered":"https:\/\/www.bellunopress.it\/?p=157925"},"modified":"2025-02-15T07:50:12","modified_gmt":"2025-02-15T06:50:12","slug":"concorso-un-testo-per-noi-la-classe-2a-della-scuola-primaria-o-zasio-di-mugnai-tra-le-otto-vincitrici","status":"publish","type":"post","link":"https:\/\/www.bellunopress.it\/fr\/2025\/02\/15\/concorso-un-testo-per-noi-la-classe-2a-della-scuola-primaria-o-zasio-di-mugnai-tra-le-otto-vincitrici\/","title":{"rendered":"Concorso \u201cUn testo per noi\u201d: la classe 2a della Scuola primaria &#8220;O. Zasio&#8221; di Mugnai tra le otto vincitrici"},"content":{"rendered":"<figure id=\"attachment_157926\" aria-describedby=\"caption-attachment-157926\" style=\"width: 600px\" class=\"wp-caption aligncenter\"><img loading=\"lazy\" decoding=\"async\" class=\"size-full wp-image-157926\" src=\"https:\/\/www.bellunopress.it\/wp-content\/uploads\/2025\/02\/Scuola-primaria-Orazio-Zasio-Mugnai-Feltre_edited.jpg\" alt=\"\" width=\"600\" height=\"388\" srcset=\"https:\/\/www.bellunopress.it\/wp-content\/uploads\/2025\/02\/Scuola-primaria-Orazio-Zasio-Mugnai-Feltre_edited.jpg 600w, https:\/\/www.bellunopress.it\/wp-content\/uploads\/2025\/02\/Scuola-primaria-Orazio-Zasio-Mugnai-Feltre_edited-500x323.jpg 500w\" sizes=\"auto, (max-width: 600px) 100vw, 600px\" \/><figcaption id=\"caption-attachment-157926\" class=\"wp-caption-text\">Scuola primaria &#8220;Orazio Zasio&#8221; Mugnai di Feltre<\/figcaption><\/figure>\n<p>Gli alunni della Classe Seconda della Scuola prilaria di Mugnai di Feltre hanno partecipato e vinto con \u201cLa danza delle api\u201d. Il testo sar\u00e0 ora musicato da un grande nome della musica leggera italiana diventer\u00e0 una nuova canzone che sar\u00e0 inserita su cd insieme alle altre canzoni che nasceranno sui testi vincitori del concorso.<\/p>\n<p>L&#8217;iniziativa era rivolta a tutti i bambini delle classi delle scuole primarie d&#8217;Italia, d&#8217;Europa e del mondo, attraverso il Concorso \u201cUn Testo per noi\u201d , invitati a comporre il testo di una canzone sviluppando un tema a piacere. Sono stati oltre 126 i partecipanti, solo 8 i testi vincitori, tutti a pari merito.<\/p>\n<p>Ecco i risultati della 18a edizione del concorso \u201cUn Testo per noi\u201d, indetto dal Coro Piccole Colonne APS di Trento in co-organizzazione con la Federazione Cori del Trentino: tra i 126 testi arrivati una giuria di esperti in letteratura per l\u2019infanzia e musicisti, ha scelto 8 testi, tutti vincitori pari merito, destinati a diventare nuove canzoni per bambini.<\/p>\n<p>Tra questi \u201cLa danza delle api\u201d della classe II della scuola primaria O. Zasio di Mugnai di Feltre (BL) con il coordinamento dell\u2019insegnante Monica Lusa. Il testo spiega come le api siano cos\u00ec preziose per il nostro ecosistema, volano leggere come ballerine tra i fiori, ma attento&#8230; se vuoi che danzino ancora, non inquinare!<\/p>\n<p>Quest\u2019anno le fonti d\u2019ispirazione per i bambini sono state la geometria, le api, l\u2019arte, la biblioteca, la gioia della scuola e le emozioni.<br \/>\nLe classi vincitrici del concorso: le classi seconde della scuola R. Chiapponi di Borgonovo Val Tidone (PC), la classe seconda A Scuola primaria di Rivanazzano Terme (PV), la classe terza Scuola primaria di Praia a Mare (CS), la classe seconda Scuola primaria di Feltre (BL), la classe quarta di Medicina (BO) autrice di ben due testi risultati vincitori, le classi seconda A e B Scuola primaria di Coredo (TN) e la classe prima A Scuola primaria di Andalo (TN).<\/p>\n<p>Ora i testi vincitori saranno musicati da grandi nomi della musica leggera italiana per diventare nuove bellissime canzoni per bambini. Tra gli artisti confermati, oltre alla instancabile direttrice del Coro Piccole Colonne Adalberta Brunelli, ci sono Al Bano, Franco Fasano, il M.o Alterisio Paoletti, Maurizio Piccoli, Lodovico Saccol, M.o Sandro Comini e Paolo Baldan Bembo.<\/p>\n<p>Le canzoni saranno pubblicate su CD nell\u2019interpretazione del Coro Piccole Colonne.<\/p>\n<p><strong>Obiettivi del concorso:<\/strong><br \/>\n\u2022 permettere agli insegnanti un&#8217;azione educativa attraverso la creazione di un testo (da elaborare con un lavoro di gruppo ed in orario scolastico);<br \/>\n\u2022 dare agli insegnanti la possibilit\u00e0 di una modalit\u00e0 d\u2019insegnamento alternativa ma non meno efficace, per sviluppare, con la composizione del testo di una canzone, un argomento sul quale la classe sta lavorando;<br \/>\n\u2022 far avvicinare i bambini alla musica in modo creativo e promuovere l&#8217;amore per il canto corale;<br \/>\n\u2022 sviluppare le abilit\u00e0 sociali degli alunni (collaborare per un fine comune, rispetto e confronto dei ruoli);<br \/>\n\u2022 sviluppare, potenziare e valorizzare le capacit\u00e0 individuali degli alunni (a ciascun bambino viene data la possibilit\u00e0 di esprimersi attraverso le proprie abilit\u00e0, potenziando il proprio livello di autostima);<br \/>\n\u2022 creare nuove canzoni per bambini che costituiscano un efficace mezzo di comunicazione permanente;<\/p>\n<p>&nbsp;<\/p>\n<p><strong>LA STORIA<\/strong><\/p>\n<p>1987 \u2013 1990: l\u2019esordio<br \/>\nEra l\u20198 dicembre 1987 quando un coro \u201cimprovvisato\u201d di quaranta bambini si esib\u00ec al Teatro Concordia di Povo (Trento) per il lancio della musicassetta \u201cAscolta, disegna e canta\u201d, realizzata in occasione del Natale dalla musicista Adalberta Brunelli. Doveva essere un episodio isolato, ma i bambini manifestarono la voglia di continuare a cantare insieme: si costituirono cos\u00ec le Piccole Colonne e il debutto avvenne il 25 aprile 1988, nuovamente al Teatro Concordia, con una presentatrice e madrina di eccezione: la giornalista Rai Maria Concetta Mattei.<br \/>\nE il primo riconoscimento non tard\u00f2 ad arrivare: il coro vinse il primo premio (oltre che il premio \u201csimpatia\u201d) del concorso \u201cComponi il Trentino\u201d, organizzato dallo Studio 33 di Trento. E a fine anno partecip\u00f2 al programma \u201cNatale sotto l\u2019albero\u201d di Rttr, la televisione del Trentino Alto Adige.<br \/>\nNel 1989 il coro mise in scena al Teatro Concordia di Povo la commedia musicale \u201cOk, si pu\u00f2\u201d, scritta da Adalberta Brunelli, che le Edizioni Lcd di Torino poi stamparono e distribuirono con la musicassetta.<\/p>\n<p>Gli anni Novanta: al via \u201cUn testo per noi\u201d, che diventa concorso internazionale<br \/>\nNel 1991 fu organizzato per la prima volta il concorso \u201cUn Testo per noi\u201d, rivolto in questa prima fase alle classi delle scuole primarie del Trentino.<br \/>\nL\u2019anno successivo Mauro De Tassis, patron del Trofeo Topolino, chiese al coro di realizzare la sigla per l\u2019edizione 1992 e le Piccole Colonne proposero e cantarono \u201cCiao Mikey\u201d, diventando anche personaggi di una storia a fumetti pubblicata sul settimanale Topolino.<br \/>\nIniziarono anche le partecipazioni televisive con cinque puntate, ideate da Adalberta Brunelli, di \u201cGiochiamo allo spettacolo\u201d e \u201cSotto l\u2019albero\u201d su Rttr, emittente regionale.<br \/>\nNel 1995 il concorso \u201cUn testo per noi\u201d assunse dimensione triveneta, inizi\u00f2 la collaborazione con Il Giornalino e arriv\u00f2 la partecipazione a due puntate di \u201cBuona Domenica\u201d, su Canale 5, che consacr\u00f2 a livello nazionale la formazione di bambini.<br \/>\nNel 1998 la finale del concorso \u201cUn testo per noi\u201d (il concorso \u00e8 a cadenza biennale) fu presentata da Maria Teresa Ruta e furono ospiti della serata Toni Pagliuca (ex Le Orme) e Manuela Banchard, conduttrice di Bim Bum Bam su Italia 1. Ma il 1998 fu anche, soprattutto, l\u2019anno dell\u2019apertura internazionale: da un lato, invitate dal presidente di Trentini nel mondo a Grenoble, per le Piccole Colonne si apr\u00ec la collaborazione con il Ministero degli Affari esteri, dall\u2019altro, ebbero l\u2019occasione di cantare \u201cNel blu dipinto di blu\u201d come sigla di chiusura dei \u201cGiochi senza frontiere\u201d, che si svolsero a Trento e vennero trasmessi in eurovisione su Rai 1.<br \/>\nOrmai si era pronti per dare al concorso un respiro internazionale e nel 1999 il concorso fu aperto anche a Francia, Germania, Spagna e Austria.<br \/>\nIl coro, intanto, non smise di mettersi in gioco e partecip\u00f2 alla sua prima opera, \u201cIl gatto con gli stivali\u201d di Massimo Priori, che and\u00f2 in scena all\u2019auditorium del Centro servizi culturali Santa Chiara di Trento.<\/p>\n<p>Il primo decennio del Duemila: nasce il Festival della canzone dei bambini, nel segno delle grandi collaborazioni<br \/>\nInizi\u00f2 un periodo in cui furono messe a segno collaborazioni con grandi musicisti, ad iniziare da Franco Fasano, che nel 2001 music\u00f2 la prima canzone per le Piccole Colonne.<br \/>\nSegu\u00ec l\u2019incontro con Maria Antonietta Ventre, sorella di Mariele, che present\u00f2 al coro Mino Reitano, Memo Remigi e il Maestro Alterisio Paoletti.<br \/>\nNel 2003 il concorso ottenne il patrocinio del Ministero della Pubblica istruzione e del Parlamento Europeo e, grazie alla collaborazione del Ministero degli Affari esteri per la diffusione del bando, venne esteso a tutti i paesi europei in cui le classi studiassero l\u2019italiano.<br \/>\nLe serate finali del concorso divennero il \u201cFestival della canzone europea dei bambini\u201d (2004) e a presentare la finale nella nuova veste fu un esilarante Francesco Salvi. Ospite del festival nel 2004 fu Maria Antonietta Ventre, che consegn\u00f2 il \u201cPremio speciale Mariele Ventre\u201d al testo che maggiormente rispecchiava i valori morali della sorella ed il direttore de \u201cII Giornalino\u201d che assegn\u00f2 il premio speciale del settimanale.<br \/>\nNel 2004 si raggiunse anche il numero record di concerti annui, ben 50, e nella cerchia dei musicisti affermati che musicavano i testi dei bambini entrarono anche Francesco Salvi e Beppe Carletti de I Nomadi. Non solo, il coro fu invitato a Bologna per cantare alla manifestazione per i dieci anni della scomparsa di Mariele Ventre.<br \/>\nIl Festival nel 2006 approd\u00f2 su Rai 3 nazionale, in Speciale \u201c\u00c8 domenica pap\u00e0\u201d, presentato da Giorgio Comaschi, e le Piccole Colonne furono anche ospiti al Tg Ragazzi.<br \/>\nNel 2010 il Festival venne trasmesso da Rai Gulp (che assegn\u00f2 anche il \u201cPremio Rai Gulp\u201d), presentato da Giancarlo Magalli.<br \/>\nIl 2010 \u00e8 anche l\u2019anno in cui \u201cUn Testo per noi\u201d diventa mondiale: fra le classi vincitrici figura, e partecipa al Festival, una classe argentina.<\/p>\n<p>Il secondo decennio del Duemila:<br \/>\nIl Festival nel 2012 si spost\u00f2 su Rai Yoyo (che innalz\u00f2 l\u2019et\u00e0 del proprio target), evento che segn\u00f2 la svolta anche nella qualit\u00e0 delle serate di spettacolo. Oltre alle nuove prestigiose collaborazioni artistiche con Al Bano, sua la figlia Cristel Carrisi e Toto Cutugno, si avviano anche nuove sinergie di tipo tecnico: con SBP di Roma per le riprese (service Rai), la regia televisiva venne affidata a Maurizio Ventriglia, la direzione della fotografia a Maurizio Palaferri, le scenografie a Maurizio Zecchin (sceneggiatore per Rai Yoyo), la presentazione delle serate ad Armando Traverso.<br \/>\nE\u2019 anche l\u2019anno in cui una canzone diventa una sigla televisiva: \u201cLa scatola delle illusioni\u201d viene scelta per \u201cTapis roulant\u201d, programma quindicinale di Rai 3 Regione.<br \/>\nNel 2013 il coro festeggia i 25 anni di attivit\u00e0 e per l\u2019occasione \u00e8 stato prodotto un doppio cd: \u201cCanzoni di bambini per bambini\u201d, con le canzoni vincitrici la 12\u00b0 edizione del concorso \u201cUn testo per noi\u201d, e \u201cCanzoni di Natale\u201d e organizza una crociera su Msc Armonia, realizzando il sogno di poter cantare per la prima volta su una grande nave.<br \/>\nNel secondo decennio del 2000 le Piccole Colonne, oltre alle varie edizioni del Festival della Canzone europea dei Bambini, alla normale routine di concerti, alle apparizioni televisive, alle tournee a livello nazionale del 2014, 2016 e 2018, hanno visto crescere la loro popolarit\u00e0 grazie al loro canale YouTube che attualmente ha superato i ventisei milioni di visualizzazioni.<br \/>\nNel 2017 il coro ha festeggiato i 30 anni di attivit\u00e0 con il CD \u201cMeraviglioso mondo\u201d, titolo stato scelto per sottolineare i molteplici aspetti vissuti dal coro nel corso del trentennio: meravigliosa l&#8217;esperienza vissuta, meraviglioso il mondo della coralit\u00e0 infantile, meravigliosa la musica sacra affrontata per la prima volta dal coro.<\/p>\n<p>Il terzo decennio del Duemila:<br \/>\nPurtroppo nel 2020, dopo tanti momenti bellissimi, arrivano \u201cle batoste\u201d. In gennaio il coro scopre che tutta la scenografia relativa al Festival \u00e8 stata rubata, in marzo scoppia la pandemia ed il Festival \u00e8 annullato, in settembre peggiora la salute dello storico Presidente Luciano Anesi che nel gennaio 2021 lascia il coro senza il suo \u201cgrande capo\u201d.<br \/>\nMa nonostante tutto, il coro non molla! Nel lungo periodo della pandemia prosegue la sua attivit\u00e0 anche con lezioni on line e realizzando una serie di \u201cvirtual coro\u201d fra cui la registrazione de \u201cLa filastrocca della mascherina\u201d per insegnare ai bimbi il corretto comportamento per combattere il virus.<br \/>\nNel 2021 ripropone il Concorso un Testo per noi che si conclude nel maggio 2022 con il Festival a Pinzolo messo poi in onda su TV2000. Grazie al concorso e al Festival il coro \u00e8 protagonista di due puntate del programma \u201cSpazio libero\u201d su RAI 3 a cura di RAI Parlamento.<br \/>\nProsegue poi la sua attivit\u00e0 ed \u00e8 ospite della trasmissione \u201clinea bianca\u201d in onda su RAI 1, organizza a Trento, dopo 16 anni, le serate finali della 17\u00b0 edizione del Concorso Un Testo per noi (Festival della Canzone europea dei Bambini, idea e progetto trasmissioni televisive (Festa della mamma e Natale) per l\u2019emittente locale TrentinoTV. Nel corso del 2025 registrer\u00e0 la sua quarantunesima produzione discografica con le canzoni nate dal corrente concorso Un Testo per noi.<\/p>\n<p><span style=\"font-size: medium;\"><b>I NUMERI <\/b><\/span><\/p>\n<table border=\"1\" width=\"663\" cellspacing=\"0\" cellpadding=\"7\">\n<tbody>\n<tr valign=\"TOP\">\n<td bgcolor=\"#ffffff\" width=\"489\" height=\"5\"><span style=\"font-size: medium;\">Anni di attivit\u00e0 del coro <\/span><\/td>\n<td bgcolor=\"#ffffff\" width=\"144\"><span style=\"font-size: medium;\">37<\/span><\/td>\n<\/tr>\n<tr valign=\"TOP\">\n<td bgcolor=\"#ffffff\" width=\"489\" height=\"6\"><span style=\"font-size: medium;\">Bambini che hanno cantato nel coro<\/span><\/td>\n<td bgcolor=\"#ffffff\" width=\"144\"><span style=\"font-size: medium;\">pi\u00f9 di 450<\/span><\/td>\n<\/tr>\n<tr valign=\"TOP\">\n<td bgcolor=\"#ffffff\" width=\"489\" height=\"7\"><span style=\"font-size: medium;\">Bimbi attualmente nel coro <\/span><\/td>\n<td bgcolor=\"#ffffff\" width=\"144\"><span style=\"font-size: medium;\">25<\/span><\/td>\n<\/tr>\n<tr valign=\"TOP\">\n<td bgcolor=\"#ffffff\" width=\"489\" height=\"6\"><span style=\"font-size: medium;\">Et\u00e0 bimbi nel coro <\/span><\/td>\n<td bgcolor=\"#ffffff\" width=\"144\"><span style=\"font-size: medium;\">6 &#8211; 13<\/span><\/td>\n<\/tr>\n<tr valign=\"TOP\">\n<td bgcolor=\"#ffffff\" width=\"489\" height=\"6\"><span style=\"font-size: medium;\">Bimbi che frequentano i corsi preparatori<\/span><\/td>\n<td bgcolor=\"#ffffff\" width=\"144\"><span style=\"font-size: medium;\">6<\/span><\/td>\n<\/tr>\n<tr valign=\"TOP\">\n<td bgcolor=\"#ffffff\" width=\"489\" height=\"6\"><span style=\"font-size: medium;\">Et\u00e0 bimbi dei corsi<\/span><\/td>\n<td bgcolor=\"#ffffff\" width=\"144\"><span style=\"font-size: medium;\">5 &#8211; 9<\/span><\/td>\n<\/tr>\n<tr valign=\"TOP\">\n<td bgcolor=\"#ffffff\" width=\"489\" height=\"6\"><span style=\"font-size: medium;\">Canzoni interpretate<\/span><\/td>\n<td bgcolor=\"#ffffff\" width=\"144\"><span style=\"font-size: medium;\">Pi\u00f9 di 400<\/span><\/td>\n<\/tr>\n<tr valign=\"TOP\">\n<td bgcolor=\"#ffffff\" width=\"489\" height=\"7\"><span style=\"font-size: medium;\">Produzioni discografiche<\/span><\/td>\n<td bgcolor=\"#ffffff\" width=\"144\"><span style=\"font-size: medium;\">40<\/span><\/td>\n<\/tr>\n<tr valign=\"TOP\">\n<td bgcolor=\"#ffffff\" width=\"489\" height=\"6\"><span style=\"font-size: medium;\">Edizioni del concorso Un Testo per noi<\/span><\/td>\n<td bgcolor=\"#ffffff\" width=\"144\"><span style=\"font-size: medium;\">18<\/span><\/td>\n<\/tr>\n<tr valign=\"TOP\">\n<td bgcolor=\"#ffffff\" width=\"489\" height=\"28\"><span style=\"font-size: medium;\">Produzioni televisive della serata conclusiva del concorso e\/o del Festival della Canzone europea dei Bambini<\/span><\/td>\n<td bgcolor=\"#ffffff\" width=\"144\"><span style=\"font-size: medium;\">16<\/span><\/td>\n<\/tr>\n<tr valign=\"TOP\">\n<td bgcolor=\"#ffffff\" width=\"489\" height=\"6\"><span style=\"font-size: medium;\">Concerti<\/span><\/td>\n<td bgcolor=\"#ffffff\" width=\"144\"><span style=\"font-size: medium;\">pi\u00f9 di 1.000<\/span><\/td>\n<\/tr>\n<tr valign=\"TOP\">\n<td bgcolor=\"#ffffff\" width=\"489\" height=\"6\"><span style=\"font-size: medium;\">Tourn\u00e9e (Italia e estero)<\/span><\/td>\n<td bgcolor=\"#ffffff\" width=\"144\"><span style=\"font-size: medium;\">15<\/span><\/td>\n<\/tr>\n<tr valign=\"TOP\">\n<td bgcolor=\"#ffffff\" width=\"489\" height=\"6\"><span style=\"font-size: medium;\">Trasferte<\/span><\/td>\n<td bgcolor=\"#ffffff\" width=\"144\"><span style=\"font-size: medium;\">pi\u00f9 di 50<\/span><\/td>\n<\/tr>\n<tr valign=\"TOP\">\n<td bgcolor=\"#ffffff\" width=\"489\" height=\"6\"><span style=\"font-size: medium;\">Collaborazioni di musicisti di fama nazionale <\/span><\/td>\n<td bgcolor=\"#ffffff\" width=\"144\"><span style=\"font-size: medium;\">26<\/span><\/td>\n<\/tr>\n<tr valign=\"TOP\">\n<td bgcolor=\"#ffffff\" width=\"489\" height=\"5\"><span style=\"font-size: medium;\">Visualizzazioni Canale YouTube Piccole Colonne<\/span><\/td>\n<td bgcolor=\"#ffffff\" width=\"144\"><span style=\"font-size: medium;\">Otre 26 milioni<\/span><\/td>\n<\/tr>\n<\/tbody>\n<\/table>\n<p>&nbsp;<\/p>\n<p>&nbsp;<\/p>","protected":false},"excerpt":{"rendered":"<p>Gli alunni della Classe Seconda della Scuola prilaria di Mugnai di Feltre hanno partecipato e vinto con \u201cLa danza delle api\u201d. Il testo sar\u00e0 ora musicato da un grande nome della musica leggera italiana diventer\u00e0 una nuova canzone che sar\u00e0 inserita su cd insieme alle altre canzoni che nasceranno sui testi vincitori del concorso. L&#8217;iniziativa [&hellip;]<\/p>\n","protected":false},"author":2,"featured_media":157926,"comment_status":"closed","ping_status":"open","sticky":false,"template":"","format":"standard","meta":{"footnotes":""},"categories":[26,15],"tags":[],"class_list":["post-157925","post","type-post","status-publish","format-standard","has-post-thumbnail","category-prima-pagina","category-scuola"],"yoast_head":"<!-- This site is optimized with the Yoast SEO plugin v28.4 - https:\/\/yoast.com\/product\/yoast-seo-wordpress\/ -->\n<title>Concorso \u201cUn testo per noi\u201d: la classe 2a della Scuola primaria &quot;O. Zasio&quot; di Mugnai tra le otto vincitrici - Bellunopress - Dolomiti<\/title>\n<meta name=\"robots\" content=\"index, follow, max-snippet:-1, max-image-preview:large, max-video-preview:-1\" \/>\n<link rel=\"canonical\" href=\"https:\/\/www.bellunopress.it\/fr\/2025\/02\/15\/concorso-un-testo-per-noi-la-classe-2a-della-scuola-primaria-o-zasio-di-mugnai-tra-le-otto-vincitrici\/\" \/>\n<meta property=\"og:locale\" content=\"fr_FR\" \/>\n<meta property=\"og:type\" content=\"article\" \/>\n<meta property=\"og:title\" content=\"Concorso \u201cUn testo per noi\u201d: la classe 2a della Scuola primaria &quot;O. Zasio&quot; di Mugnai tra le otto vincitrici - Bellunopress - Dolomiti\" \/>\n<meta property=\"og:description\" content=\"Gli alunni della Classe Seconda della Scuola prilaria di Mugnai di Feltre hanno partecipato e vinto con \u201cLa danza delle api\u201d. Il testo sar\u00e0 ora musicato da un grande nome della musica leggera italiana diventer\u00e0 una nuova canzone che sar\u00e0 inserita su cd insieme alle altre canzoni che nasceranno sui testi vincitori del concorso. L&#8217;iniziativa [&hellip;]\" \/>\n<meta property=\"og:url\" content=\"https:\/\/www.bellunopress.it\/fr\/2025\/02\/15\/concorso-un-testo-per-noi-la-classe-2a-della-scuola-primaria-o-zasio-di-mugnai-tra-le-otto-vincitrici\/\" \/>\n<meta property=\"og:site_name\" content=\"Bellunopress - Dolomiti\" \/>\n<meta property=\"article:publisher\" content=\"https:\/\/www.facebook.com\/profile.php?id=100008943462799\" \/>\n<meta property=\"article:published_time\" content=\"2025-02-15T06:50:12+00:00\" \/>\n<meta property=\"og:image\" content=\"https:\/\/www.bellunopress.it\/wp-content\/uploads\/2025\/02\/Scuola-primaria-Orazio-Zasio-Mugnai-Feltre_edited.jpg\" \/>\n\t<meta property=\"og:image:width\" content=\"600\" \/>\n\t<meta property=\"og:image:height\" content=\"388\" \/>\n\t<meta property=\"og:image:type\" content=\"image\/jpeg\" \/>\n<meta name=\"author\" content=\"redazione\" \/>\n<meta name=\"twitter:card\" content=\"summary_large_image\" \/>\n<meta name=\"twitter:creator\" content=\"@bellunopress\" \/>\n<meta name=\"twitter:site\" content=\"@bellunopress\" \/>\n<meta name=\"twitter:label1\" content=\"\u00c9crit par\" \/>\n\t<meta name=\"twitter:data1\" content=\"redazione\" \/>\n\t<meta name=\"twitter:label2\" content=\"Dur\u00e9e de lecture estim\u00e9e\" \/>\n\t<meta name=\"twitter:data2\" content=\"10 minutes\" \/>\n<script type=\"application\/ld+json\" class=\"yoast-schema-graph\">{\"@context\":\"https:\\\/\\\/schema.org\",\"@graph\":[{\"@type\":\"Article\",\"@id\":\"https:\\\/\\\/www.bellunopress.it\\\/2025\\\/02\\\/15\\\/concorso-un-testo-per-noi-la-classe-2a-della-scuola-primaria-o-zasio-di-mugnai-tra-le-otto-vincitrici\\\/#article\",\"isPartOf\":{\"@id\":\"https:\\\/\\\/www.bellunopress.it\\\/2025\\\/02\\\/15\\\/concorso-un-testo-per-noi-la-classe-2a-della-scuola-primaria-o-zasio-di-mugnai-tra-le-otto-vincitrici\\\/\"},\"author\":{\"name\":\"redazione\",\"@id\":\"https:\\\/\\\/www.bellunopress.it\\\/#\\\/schema\\\/person\\\/79bb06722b37ece1c03d3e94beb30d73\"},\"headline\":\"Concorso \u201cUn testo per noi\u201d: la classe 2a della Scuola primaria &#8220;O. Zasio&#8221; di Mugnai tra le otto vincitrici\",\"datePublished\":\"2025-02-15T06:50:12+00:00\",\"mainEntityOfPage\":{\"@id\":\"https:\\\/\\\/www.bellunopress.it\\\/2025\\\/02\\\/15\\\/concorso-un-testo-per-noi-la-classe-2a-della-scuola-primaria-o-zasio-di-mugnai-tra-le-otto-vincitrici\\\/\"},\"wordCount\":1933,\"publisher\":{\"@id\":\"https:\\\/\\\/www.bellunopress.it\\\/#organization\"},\"image\":{\"@id\":\"https:\\\/\\\/www.bellunopress.it\\\/2025\\\/02\\\/15\\\/concorso-un-testo-per-noi-la-classe-2a-della-scuola-primaria-o-zasio-di-mugnai-tra-le-otto-vincitrici\\\/#primaryimage\"},\"thumbnailUrl\":\"https:\\\/\\\/www.bellunopress.it\\\/wp-content\\\/uploads\\\/2025\\\/02\\\/Scuola-primaria-Orazio-Zasio-Mugnai-Feltre_edited.jpg\",\"articleSection\":[\"Prima Pagina\",\"Scuola\"],\"inLanguage\":\"fr-FR\"},{\"@type\":\"WebPage\",\"@id\":\"https:\\\/\\\/www.bellunopress.it\\\/2025\\\/02\\\/15\\\/concorso-un-testo-per-noi-la-classe-2a-della-scuola-primaria-o-zasio-di-mugnai-tra-le-otto-vincitrici\\\/\",\"url\":\"https:\\\/\\\/www.bellunopress.it\\\/2025\\\/02\\\/15\\\/concorso-un-testo-per-noi-la-classe-2a-della-scuola-primaria-o-zasio-di-mugnai-tra-le-otto-vincitrici\\\/\",\"name\":\"Concorso \u201cUn testo per noi\u201d: la classe 2a della Scuola primaria \\\"O. Zasio\\\" di Mugnai tra le otto vincitrici - Bellunopress - Dolomiti\",\"isPartOf\":{\"@id\":\"https:\\\/\\\/www.bellunopress.it\\\/#website\"},\"primaryImageOfPage\":{\"@id\":\"https:\\\/\\\/www.bellunopress.it\\\/2025\\\/02\\\/15\\\/concorso-un-testo-per-noi-la-classe-2a-della-scuola-primaria-o-zasio-di-mugnai-tra-le-otto-vincitrici\\\/#primaryimage\"},\"image\":{\"@id\":\"https:\\\/\\\/www.bellunopress.it\\\/2025\\\/02\\\/15\\\/concorso-un-testo-per-noi-la-classe-2a-della-scuola-primaria-o-zasio-di-mugnai-tra-le-otto-vincitrici\\\/#primaryimage\"},\"thumbnailUrl\":\"https:\\\/\\\/www.bellunopress.it\\\/wp-content\\\/uploads\\\/2025\\\/02\\\/Scuola-primaria-Orazio-Zasio-Mugnai-Feltre_edited.jpg\",\"datePublished\":\"2025-02-15T06:50:12+00:00\",\"breadcrumb\":{\"@id\":\"https:\\\/\\\/www.bellunopress.it\\\/2025\\\/02\\\/15\\\/concorso-un-testo-per-noi-la-classe-2a-della-scuola-primaria-o-zasio-di-mugnai-tra-le-otto-vincitrici\\\/#breadcrumb\"},\"inLanguage\":\"fr-FR\",\"potentialAction\":[{\"@type\":\"ReadAction\",\"target\":[\"https:\\\/\\\/www.bellunopress.it\\\/2025\\\/02\\\/15\\\/concorso-un-testo-per-noi-la-classe-2a-della-scuola-primaria-o-zasio-di-mugnai-tra-le-otto-vincitrici\\\/\"]}]},{\"@type\":\"ImageObject\",\"inLanguage\":\"fr-FR\",\"@id\":\"https:\\\/\\\/www.bellunopress.it\\\/2025\\\/02\\\/15\\\/concorso-un-testo-per-noi-la-classe-2a-della-scuola-primaria-o-zasio-di-mugnai-tra-le-otto-vincitrici\\\/#primaryimage\",\"url\":\"https:\\\/\\\/www.bellunopress.it\\\/wp-content\\\/uploads\\\/2025\\\/02\\\/Scuola-primaria-Orazio-Zasio-Mugnai-Feltre_edited.jpg\",\"contentUrl\":\"https:\\\/\\\/www.bellunopress.it\\\/wp-content\\\/uploads\\\/2025\\\/02\\\/Scuola-primaria-Orazio-Zasio-Mugnai-Feltre_edited.jpg\",\"width\":600,\"height\":388,\"caption\":\"Scuola primaria \\\"Orazio Zasio\\\" Mugnai di Feltre\"},{\"@type\":\"BreadcrumbList\",\"@id\":\"https:\\\/\\\/www.bellunopress.it\\\/2025\\\/02\\\/15\\\/concorso-un-testo-per-noi-la-classe-2a-della-scuola-primaria-o-zasio-di-mugnai-tra-le-otto-vincitrici\\\/#breadcrumb\",\"itemListElement\":[{\"@type\":\"ListItem\",\"position\":1,\"name\":\"Home\",\"item\":\"https:\\\/\\\/www.bellunopress.it\\\/\"},{\"@type\":\"ListItem\",\"position\":2,\"name\":\"Concorso \u201cUn testo per noi\u201d: la classe 2a della Scuola primaria &#8220;O. Zasio&#8221; di Mugnai tra le otto vincitrici\"}]},{\"@type\":\"WebSite\",\"@id\":\"https:\\\/\\\/www.bellunopress.it\\\/#website\",\"url\":\"https:\\\/\\\/www.bellunopress.it\\\/\",\"name\":\"Bellunopress - Dolomiti\",\"description\":\"e-mail: redazione@bellunopress.it\",\"publisher\":{\"@id\":\"https:\\\/\\\/www.bellunopress.it\\\/#organization\"},\"potentialAction\":[{\"@type\":\"SearchAction\",\"target\":{\"@type\":\"EntryPoint\",\"urlTemplate\":\"https:\\\/\\\/www.bellunopress.it\\\/?s={search_term_string}\"},\"query-input\":{\"@type\":\"PropertyValueSpecification\",\"valueRequired\":true,\"valueName\":\"search_term_string\"}}],\"inLanguage\":\"fr-FR\"},{\"@type\":\"Organization\",\"@id\":\"https:\\\/\\\/www.bellunopress.it\\\/#organization\",\"name\":\"Bellunopress\",\"url\":\"https:\\\/\\\/www.bellunopress.it\\\/\",\"logo\":{\"@type\":\"ImageObject\",\"inLanguage\":\"fr-FR\",\"@id\":\"https:\\\/\\\/www.bellunopress.it\\\/#\\\/schema\\\/logo\\\/image\\\/\",\"url\":\"https:\\\/\\\/www.bellunopress.it\\\/wp-content\\\/uploads\\\/2011\\\/05\\\/cropped-logo-bellunopress-.jpg\",\"contentUrl\":\"https:\\\/\\\/www.bellunopress.it\\\/wp-content\\\/uploads\\\/2011\\\/05\\\/cropped-logo-bellunopress-.jpg\",\"width\":512,\"height\":512,\"caption\":\"Bellunopress\"},\"image\":{\"@id\":\"https:\\\/\\\/www.bellunopress.it\\\/#\\\/schema\\\/logo\\\/image\\\/\"},\"sameAs\":[\"https:\\\/\\\/www.facebook.com\\\/profile.php?id=100008943462799\",\"https:\\\/\\\/x.com\\\/bellunopress\",\"https:\\\/\\\/www.linkedin.com\\\/hp\\\/?dnr=JBzUWaJfMUw8vbXJJ2tVW5-I3jZKvC4wsoxE&amp;amp;amp;amp;amp;amp;trk=nav_responsive_tab_home\",\"https:\\\/\\\/www.youtube.com\\\/channel\\\/UCxL0wu1uN0_3_7hGG0306cw\"]},{\"@type\":\"Person\",\"@id\":\"https:\\\/\\\/www.bellunopress.it\\\/#\\\/schema\\\/person\\\/79bb06722b37ece1c03d3e94beb30d73\",\"name\":\"redazione\",\"image\":{\"@type\":\"ImageObject\",\"inLanguage\":\"fr-FR\",\"@id\":\"https:\\\/\\\/secure.gravatar.com\\\/avatar\\\/37d968a2e67a6fd04c169c4bdef102d0bc5d31b2546345219e348575eb80e9a0?s=96&d=mm&r=g\",\"url\":\"https:\\\/\\\/secure.gravatar.com\\\/avatar\\\/37d968a2e67a6fd04c169c4bdef102d0bc5d31b2546345219e348575eb80e9a0?s=96&d=mm&r=g\",\"contentUrl\":\"https:\\\/\\\/secure.gravatar.com\\\/avatar\\\/37d968a2e67a6fd04c169c4bdef102d0bc5d31b2546345219e348575eb80e9a0?s=96&d=mm&r=g\",\"caption\":\"redazione\"},\"sameAs\":[\"http:\\\/\\\/www.bellunopress.it\",\"https:\\\/\\\/x.com\\\/bellunopress\"],\"url\":\"https:\\\/\\\/www.bellunopress.it\\\/fr\\\/author\\\/redazione\\\/\"}]}<\/script>\n<!-- \/ Yoast SEO plugin. -->","yoast_head_json":{"title":"Concorso \u201cUn testo per noi\u201d: la classe 2a della Scuola primaria \"O. Zasio\" di Mugnai tra le otto vincitrici - Bellunopress - Dolomiti","robots":{"index":"index","follow":"follow","max-snippet":"max-snippet:-1","max-image-preview":"max-image-preview:large","max-video-preview":"max-video-preview:-1"},"canonical":"https:\/\/www.bellunopress.it\/fr\/2025\/02\/15\/concorso-un-testo-per-noi-la-classe-2a-della-scuola-primaria-o-zasio-di-mugnai-tra-le-otto-vincitrici\/","og_locale":"fr_FR","og_type":"article","og_title":"Concorso \u201cUn testo per noi\u201d: la classe 2a della Scuola primaria \"O. Zasio\" di Mugnai tra le otto vincitrici - Bellunopress - Dolomiti","og_description":"Gli alunni della Classe Seconda della Scuola prilaria di Mugnai di Feltre hanno partecipato e vinto con \u201cLa danza delle api\u201d. Il testo sar\u00e0 ora musicato da un grande nome della musica leggera italiana diventer\u00e0 una nuova canzone che sar\u00e0 inserita su cd insieme alle altre canzoni che nasceranno sui testi vincitori del concorso. L&#8217;iniziativa [&hellip;]","og_url":"https:\/\/www.bellunopress.it\/fr\/2025\/02\/15\/concorso-un-testo-per-noi-la-classe-2a-della-scuola-primaria-o-zasio-di-mugnai-tra-le-otto-vincitrici\/","og_site_name":"Bellunopress - Dolomiti","article_publisher":"https:\/\/www.facebook.com\/profile.php?id=100008943462799","article_published_time":"2025-02-15T06:50:12+00:00","og_image":[{"width":600,"height":388,"url":"https:\/\/www.bellunopress.it\/wp-content\/uploads\/2025\/02\/Scuola-primaria-Orazio-Zasio-Mugnai-Feltre_edited.jpg","type":"image\/jpeg"}],"author":"redazione","twitter_card":"summary_large_image","twitter_creator":"@bellunopress","twitter_site":"@bellunopress","twitter_misc":{"\u00c9crit par":"redazione","Dur\u00e9e de lecture estim\u00e9e":"10 minutes"},"schema":{"@context":"https:\/\/schema.org","@graph":[{"@type":"Article","@id":"https:\/\/www.bellunopress.it\/2025\/02\/15\/concorso-un-testo-per-noi-la-classe-2a-della-scuola-primaria-o-zasio-di-mugnai-tra-le-otto-vincitrici\/#article","isPartOf":{"@id":"https:\/\/www.bellunopress.it\/2025\/02\/15\/concorso-un-testo-per-noi-la-classe-2a-della-scuola-primaria-o-zasio-di-mugnai-tra-le-otto-vincitrici\/"},"author":{"name":"redazione","@id":"https:\/\/www.bellunopress.it\/#\/schema\/person\/79bb06722b37ece1c03d3e94beb30d73"},"headline":"Concorso \u201cUn testo per noi\u201d: la classe 2a della Scuola primaria &#8220;O. Zasio&#8221; di Mugnai tra le otto vincitrici","datePublished":"2025-02-15T06:50:12+00:00","mainEntityOfPage":{"@id":"https:\/\/www.bellunopress.it\/2025\/02\/15\/concorso-un-testo-per-noi-la-classe-2a-della-scuola-primaria-o-zasio-di-mugnai-tra-le-otto-vincitrici\/"},"wordCount":1933,"publisher":{"@id":"https:\/\/www.bellunopress.it\/#organization"},"image":{"@id":"https:\/\/www.bellunopress.it\/2025\/02\/15\/concorso-un-testo-per-noi-la-classe-2a-della-scuola-primaria-o-zasio-di-mugnai-tra-le-otto-vincitrici\/#primaryimage"},"thumbnailUrl":"https:\/\/www.bellunopress.it\/wp-content\/uploads\/2025\/02\/Scuola-primaria-Orazio-Zasio-Mugnai-Feltre_edited.jpg","articleSection":["Prima Pagina","Scuola"],"inLanguage":"fr-FR"},{"@type":"WebPage","@id":"https:\/\/www.bellunopress.it\/2025\/02\/15\/concorso-un-testo-per-noi-la-classe-2a-della-scuola-primaria-o-zasio-di-mugnai-tra-le-otto-vincitrici\/","url":"https:\/\/www.bellunopress.it\/2025\/02\/15\/concorso-un-testo-per-noi-la-classe-2a-della-scuola-primaria-o-zasio-di-mugnai-tra-le-otto-vincitrici\/","name":"Concorso \u201cUn testo per noi\u201d: la classe 2a della Scuola primaria \"O. Zasio\" di Mugnai tra le otto vincitrici - Bellunopress - Dolomiti","isPartOf":{"@id":"https:\/\/www.bellunopress.it\/#website"},"primaryImageOfPage":{"@id":"https:\/\/www.bellunopress.it\/2025\/02\/15\/concorso-un-testo-per-noi-la-classe-2a-della-scuola-primaria-o-zasio-di-mugnai-tra-le-otto-vincitrici\/#primaryimage"},"image":{"@id":"https:\/\/www.bellunopress.it\/2025\/02\/15\/concorso-un-testo-per-noi-la-classe-2a-della-scuola-primaria-o-zasio-di-mugnai-tra-le-otto-vincitrici\/#primaryimage"},"thumbnailUrl":"https:\/\/www.bellunopress.it\/wp-content\/uploads\/2025\/02\/Scuola-primaria-Orazio-Zasio-Mugnai-Feltre_edited.jpg","datePublished":"2025-02-15T06:50:12+00:00","breadcrumb":{"@id":"https:\/\/www.bellunopress.it\/2025\/02\/15\/concorso-un-testo-per-noi-la-classe-2a-della-scuola-primaria-o-zasio-di-mugnai-tra-le-otto-vincitrici\/#breadcrumb"},"inLanguage":"fr-FR","potentialAction":[{"@type":"ReadAction","target":["https:\/\/www.bellunopress.it\/2025\/02\/15\/concorso-un-testo-per-noi-la-classe-2a-della-scuola-primaria-o-zasio-di-mugnai-tra-le-otto-vincitrici\/"]}]},{"@type":"ImageObject","inLanguage":"fr-FR","@id":"https:\/\/www.bellunopress.it\/2025\/02\/15\/concorso-un-testo-per-noi-la-classe-2a-della-scuola-primaria-o-zasio-di-mugnai-tra-le-otto-vincitrici\/#primaryimage","url":"https:\/\/www.bellunopress.it\/wp-content\/uploads\/2025\/02\/Scuola-primaria-Orazio-Zasio-Mugnai-Feltre_edited.jpg","contentUrl":"https:\/\/www.bellunopress.it\/wp-content\/uploads\/2025\/02\/Scuola-primaria-Orazio-Zasio-Mugnai-Feltre_edited.jpg","width":600,"height":388,"caption":"Scuola primaria \"Orazio Zasio\" Mugnai di Feltre"},{"@type":"BreadcrumbList","@id":"https:\/\/www.bellunopress.it\/2025\/02\/15\/concorso-un-testo-per-noi-la-classe-2a-della-scuola-primaria-o-zasio-di-mugnai-tra-le-otto-vincitrici\/#breadcrumb","itemListElement":[{"@type":"ListItem","position":1,"name":"Home","item":"https:\/\/www.bellunopress.it\/"},{"@type":"ListItem","position":2,"name":"Concorso \u201cUn testo per noi\u201d: la classe 2a della Scuola primaria &#8220;O. Zasio&#8221; di Mugnai tra le otto vincitrici"}]},{"@type":"WebSite","@id":"https:\/\/www.bellunopress.it\/#website","url":"https:\/\/www.bellunopress.it\/","name":"Bellunopress - Dolomiti","description":"e-mail: redazione@bellunopress.it","publisher":{"@id":"https:\/\/www.bellunopress.it\/#organization"},"potentialAction":[{"@type":"SearchAction","target":{"@type":"EntryPoint","urlTemplate":"https:\/\/www.bellunopress.it\/?s={search_term_string}"},"query-input":{"@type":"PropertyValueSpecification","valueRequired":true,"valueName":"search_term_string"}}],"inLanguage":"fr-FR"},{"@type":"Organization","@id":"https:\/\/www.bellunopress.it\/#organization","name":"Bellunopress","url":"https:\/\/www.bellunopress.it\/","logo":{"@type":"ImageObject","inLanguage":"fr-FR","@id":"https:\/\/www.bellunopress.it\/#\/schema\/logo\/image\/","url":"https:\/\/www.bellunopress.it\/wp-content\/uploads\/2011\/05\/cropped-logo-bellunopress-.jpg","contentUrl":"https:\/\/www.bellunopress.it\/wp-content\/uploads\/2011\/05\/cropped-logo-bellunopress-.jpg","width":512,"height":512,"caption":"Bellunopress"},"image":{"@id":"https:\/\/www.bellunopress.it\/#\/schema\/logo\/image\/"},"sameAs":["https:\/\/www.facebook.com\/profile.php?id=100008943462799","https:\/\/x.com\/bellunopress","https:\/\/www.linkedin.com\/hp\/?dnr=JBzUWaJfMUw8vbXJJ2tVW5-I3jZKvC4wsoxE&amp;amp;amp;amp;amp;amp;trk=nav_responsive_tab_home","https:\/\/www.youtube.com\/channel\/UCxL0wu1uN0_3_7hGG0306cw"]},{"@type":"Person","@id":"https:\/\/www.bellunopress.it\/#\/schema\/person\/79bb06722b37ece1c03d3e94beb30d73","name":"r\u00e9daction","image":{"@type":"ImageObject","inLanguage":"fr-FR","@id":"https:\/\/secure.gravatar.com\/avatar\/37d968a2e67a6fd04c169c4bdef102d0bc5d31b2546345219e348575eb80e9a0?s=96&d=mm&r=g","url":"https:\/\/secure.gravatar.com\/avatar\/37d968a2e67a6fd04c169c4bdef102d0bc5d31b2546345219e348575eb80e9a0?s=96&d=mm&r=g","contentUrl":"https:\/\/secure.gravatar.com\/avatar\/37d968a2e67a6fd04c169c4bdef102d0bc5d31b2546345219e348575eb80e9a0?s=96&d=mm&r=g","caption":"redazione"},"sameAs":["http:\/\/www.bellunopress.it","https:\/\/x.com\/bellunopress"],"url":"https:\/\/www.bellunopress.it\/fr\/author\/redazione\/"}]}},"_links":{"self":[{"href":"https:\/\/www.bellunopress.it\/fr\/wp-json\/wp\/v2\/posts\/157925","targetHints":{"allow":["GET"]}}],"collection":[{"href":"https:\/\/www.bellunopress.it\/fr\/wp-json\/wp\/v2\/posts"}],"about":[{"href":"https:\/\/www.bellunopress.it\/fr\/wp-json\/wp\/v2\/types\/post"}],"author":[{"embeddable":true,"href":"https:\/\/www.bellunopress.it\/fr\/wp-json\/wp\/v2\/users\/2"}],"replies":[{"embeddable":true,"href":"https:\/\/www.bellunopress.it\/fr\/wp-json\/wp\/v2\/comments?post=157925"}],"version-history":[{"count":1,"href":"https:\/\/www.bellunopress.it\/fr\/wp-json\/wp\/v2\/posts\/157925\/revisions"}],"predecessor-version":[{"id":157927,"href":"https:\/\/www.bellunopress.it\/fr\/wp-json\/wp\/v2\/posts\/157925\/revisions\/157927"}],"wp:featuredmedia":[{"embeddable":true,"href":"https:\/\/www.bellunopress.it\/fr\/wp-json\/wp\/v2\/media\/157926"}],"wp:attachment":[{"href":"https:\/\/www.bellunopress.it\/fr\/wp-json\/wp\/v2\/media?parent=157925"}],"wp:term":[{"taxonomy":"category","embeddable":true,"href":"https:\/\/www.bellunopress.it\/fr\/wp-json\/wp\/v2\/categories?post=157925"},{"taxonomy":"post_tag","embeddable":true,"href":"https:\/\/www.bellunopress.it\/fr\/wp-json\/wp\/v2\/tags?post=157925"}],"curies":[{"name":"wp","href":"https:\/\/api.w.org\/{rel}","templated":true}]}}