{"id":157915,"date":"2025-02-14T19:39:12","date_gmt":"2025-02-14T18:39:12","guid":{"rendered":"https:\/\/www.bellunopress.it\/?p=157915"},"modified":"2025-02-14T19:39:12","modified_gmt":"2025-02-14T18:39:12","slug":"duecento-anni-di-storia-del-cambiamento-climatico","status":"publish","type":"post","link":"https:\/\/www.bellunopress.it\/fr\/2025\/02\/14\/duecento-anni-di-storia-del-cambiamento-climatico\/","title":{"rendered":"Duecento anni di storia del cambiamento climatico"},"content":{"rendered":"<figure id=\"attachment_153853\" aria-describedby=\"caption-attachment-153853\" style=\"width: 1000px\" class=\"wp-caption aligncenter\"><img loading=\"lazy\" decoding=\"async\" class=\"size-full wp-image-153853\" src=\"https:\/\/www.bellunopress.it\/wp-content\/uploads\/2024\/09\/ghiacciaio-Marmolada-Legambiente_edited.jpg\" alt=\"\" width=\"1000\" height=\"563\" srcset=\"https:\/\/www.bellunopress.it\/wp-content\/uploads\/2024\/09\/ghiacciaio-Marmolada-Legambiente_edited.jpg 1000w, https:\/\/www.bellunopress.it\/wp-content\/uploads\/2024\/09\/ghiacciaio-Marmolada-Legambiente_edited-500x282.jpg 500w, https:\/\/www.bellunopress.it\/wp-content\/uploads\/2024\/09\/ghiacciaio-Marmolada-Legambiente_edited-746x420.jpg 746w, https:\/\/www.bellunopress.it\/wp-content\/uploads\/2024\/09\/ghiacciaio-Marmolada-Legambiente_edited-696x392.jpg 696w\" sizes=\"auto, (max-width: 1000px) 100vw, 1000px\" \/><figcaption id=\"caption-attachment-153853\" class=\"wp-caption-text\">Ghiacciaio Marmolada (Legambiente)<\/figcaption><\/figure>\n<p><strong>Da Joseph Fourier all&#8217;Orologio delle Hawaii<\/strong><\/p>\n<p>Sul versante nord del ghiacciaio della Marmolada io ed alcuni altri rubizzi ottantenni abbiamo esercitato muscoli e cuore con le attrezzature sciistiche di 60 anni fa su piste che non avevano niente a che vedere con le autostrade sciistiche dei tempi moderni. E ricordiamo bene il livello del ghiacciaio in riferimento al rifugio pi\u00f9 antico delle Dolomiti scavato nel 1875 sulla parete della Marmolada prospicente il ghiacciaio In questi 150 anni (che corrispondono allo sviluppo del periodo industriale) il livello del ghiacciaio \u00e8 sceso di 80 metri Per noi bellunesi \u00e8 la dimostrazione di ci\u00f2 che rappresenta il cambiamento climatico e abbiamo difficolt\u00e0 a capire come si possa ignorare sistematicamente il problema e come si possa stravolgerlo. Se i giornali ne parlano lo fanno per riportare prevalentemente il pensiero e la volont\u00e0 del Grande Capitale che non vuole in alcun modo cambiare l&#8217;economia del mondo, costruita ad hoc per rispettare inalienabili interessi e per imporli, anche con la forza delle armi, alla prima occasione possibile.<\/p>\n<p>Ci chiediamo di quale tempra siano giornali e giornalisti se riescono a non parlare affatto di un problema che investe globalmente la sopravvivenza della vita su questo pianeta. \u00c8 come se un medico decidesse di ignorare le patologie gravi dei propri Pazienti o se un geologo volesse negare la deriva dei continenti.<\/p>\n<p>Carlo Rubbia, premio Nobel per la fisica nel 1984 in un intervento al Senato nel 2014 ha dovuto chiarire che egli concorda col 99% della comunit\u00e0 scientifica sull&#8217; antropogenesi del riscaldamento globale. e che la CO2 presenta un aumento esponenziale nell&#8217;atmosfera senza alcuna tendenza a ridursi. Il suo intervento \u00e8 stato necessario per correggere le bufale riportate da Giuseppe Merlino sul suo blog, dopo una intervista col senatore a vita.<\/p>\n<p>Limes, prestigiosa rivista italiana di geopolitica, nel novembre 2024, titolata &#8220;A qualcuno piace caldo. La battaglia contro la CO2 \u00e8 perduta. Come adattarci al cambiamento climatico&#8221; riporta l&#8217;argomento. Nell&#8217;editoriale del direttore Caracciolo, le argomentazioni sono contradditorie e sfidano la logica ad ogni riga sulla base di una dialettica sofisticata e di una terminologia ricercata, il cui senso non sembra avere rapporti col titolo. &#8220;Climi e trib\u00f9&#8221; \u00c8 difficile commentare la sensazione di vuoto o di &#8220;nonsense&#8221; leggendo le 25 pagine dell&#8217;editoriale che iniziano con la critica pungente e ingiustificata alla Scienza, ai Climatologi e a Greta Thunberg e finisce con la elegia di Robert Musil e il disprezzo per Elon Musk. In mezzo c&#8217;\u00e8 di tutto, compresa una bellissima cartografia di 8 pagine (infatti \u00e8 una rivista patinata) ma del tutto inutili per comprendere e approfondire il tema. Il direttore Caracciolo, nel suo esercizio di equilibrismo, dovrebbe avere l&#8217;umilt\u00e0 di consultare diversi scienziati sull&#8217;argomento (ma probabilmente sarebbe meno finanziato) Massimo Nicolazzi, consigliere scientifico di Limes, con una vasta esperienza e cariche importanti in ambito petrolifero, autore del libro &#8220;Elogio del petrolio&#8221; nello stesso numero di Limes si occupa di Greta. Per annientare il personaggio e il suo significato l&#8217;associa a Trump nel concetto della &#8220;complessit\u00e0 negata&#8221; probabilmente memore di quante acrobazie si devono fare per giustificare anche oggi la persistente volont\u00e0 di imporre il petrolio contro l&#8217;energia solare e quella nucleare.<\/p>\n<p>Ecco qualche riferimento storico per ricordare che la moderna scienza dell&#8217;atmosfera in generale, e del cambiamento climatico in particolare, risale a 200 anni fa. Prima del tumultuoso avvio della economia industriale e prima che ci fossero interessi volti ad ignorare totalmente i cambiamenti che la nostra economia di stampo capitalistico ha indotto nell&#8217;ambiente. L&#8217;esperienza di questi anni insegna che per poter negare l&#8217;origine antropica del cambiamento climatico bisogna ignorare totalmente i risultati che ci fornisce l&#8217;orologio delle Hawaii.<\/p>\n<p>Nel 1824 J. Fourier per primo ipotizza l&#8217;effetto serra dell&#8217;atmosfera, calcolando l&#8217;energia termica dei raggi solari.<\/p>\n<p>Nel 1896 Svante Arrhenius calcola il riscaldamento dovuto alla CO2 e al vapore acqueo.<\/p>\n<p>Nel 1960 Charles David Keeling con misure accurate rileva l&#8217;aumento annuale della CO2 in atmosfera.<\/p>\n<p>Nel 1979 OMS, UNESCO e FAO organizzano la prima conferenza mondiale sul clima.<\/p>\n<p>Nel 1990 IPCC (intergovernment panel on climate change) pubblica il primo rapporto.<\/p>\n<p>A decine nel tempo altri scienziati, studiosi, filosofi giornalisti, scrittori, si sono occupati del problema.<\/p>\n<p>Nel 2024, mese di dicembre, l&#8217;osservatorio di Mauna Loa sulle Hawaii registra una concentrazione di CO2 nell&#8217;atmosfera di 425 ppm, con un aumento di circa il 50% rispetto al valore registrato all&#8217;inizio dell&#8217;era industriale di 280 ppm. E sappiamo che tale valore aumenta ogni anno, con velocit\u00e0 crescente, e parallelamente aumenta la temperatura media del pianeta.<\/p>\n<p>Lo possiamo considerare un orologio che scandisce il tempo che ci resta prima della fine dell&#8217;equilibrio tra l&#8217;ambiente e la vita sul pianeta. Se seguitiamo a non occuparcene.<\/p>\n<p>Filiberto Dal Molin<\/p>","protected":false},"excerpt":{"rendered":"<p>Da Joseph Fourier all&#8217;Orologio delle Hawaii Sul versante nord del ghiacciaio della Marmolada io ed alcuni altri rubizzi ottantenni abbiamo esercitato muscoli e cuore con le attrezzature sciistiche di 60 anni fa su piste che non avevano niente a che vedere con le autostrade sciistiche dei tempi moderni. E ricordiamo bene il livello del ghiacciaio [&hellip;]<\/p>\n","protected":false},"author":2,"featured_media":153853,"comment_status":"closed","ping_status":"open","sticky":false,"template":"","format":"standard","meta":{"footnotes":""},"categories":[3614],"tags":[],"class_list":["post-157915","post","type-post","status-publish","format-standard","has-post-thumbnail","category-controcorrente"],"yoast_head":"<!-- This site is optimized with the Yoast SEO plugin v28.4 - https:\/\/yoast.com\/product\/yoast-seo-wordpress\/ -->\n<title>Duecento anni di storia del cambiamento climatico - Bellunopress - Dolomiti<\/title>\n<meta name=\"robots\" content=\"index, follow, max-snippet:-1, max-image-preview:large, max-video-preview:-1\" \/>\n<link rel=\"canonical\" href=\"https:\/\/www.bellunopress.it\/fr\/2025\/02\/14\/duecento-anni-di-storia-del-cambiamento-climatico\/\" \/>\n<meta property=\"og:locale\" content=\"fr_FR\" \/>\n<meta property=\"og:type\" content=\"article\" \/>\n<meta property=\"og:title\" content=\"Duecento anni di storia del cambiamento climatico - Bellunopress - Dolomiti\" \/>\n<meta property=\"og:description\" content=\"Da Joseph Fourier all&#8217;Orologio delle Hawaii Sul versante nord del ghiacciaio della Marmolada io ed alcuni altri rubizzi ottantenni abbiamo esercitato muscoli e cuore con le attrezzature sciistiche di 60 anni fa su piste che non avevano niente a che vedere con le autostrade sciistiche dei tempi moderni. E ricordiamo bene il livello del ghiacciaio [&hellip;]\" \/>\n<meta property=\"og:url\" content=\"https:\/\/www.bellunopress.it\/fr\/2025\/02\/14\/duecento-anni-di-storia-del-cambiamento-climatico\/\" \/>\n<meta property=\"og:site_name\" content=\"Bellunopress - Dolomiti\" \/>\n<meta property=\"article:publisher\" content=\"https:\/\/www.facebook.com\/profile.php?id=100008943462799\" \/>\n<meta property=\"article:published_time\" content=\"2025-02-14T18:39:12+00:00\" \/>\n<meta property=\"og:image\" content=\"https:\/\/www.bellunopress.it\/wp-content\/uploads\/2024\/09\/ghiacciaio-Marmolada-Legambiente_edited.jpg\" \/>\n\t<meta property=\"og:image:width\" content=\"1000\" \/>\n\t<meta property=\"og:image:height\" content=\"563\" \/>\n\t<meta property=\"og:image:type\" content=\"image\/jpeg\" \/>\n<meta name=\"author\" content=\"redazione\" \/>\n<meta name=\"twitter:card\" content=\"summary_large_image\" \/>\n<meta name=\"twitter:creator\" content=\"@bellunopress\" \/>\n<meta name=\"twitter:site\" content=\"@bellunopress\" \/>\n<meta name=\"twitter:label1\" content=\"\u00c9crit par\" \/>\n\t<meta name=\"twitter:data1\" content=\"redazione\" \/>\n\t<meta name=\"twitter:label2\" content=\"Dur\u00e9e de lecture estim\u00e9e\" \/>\n\t<meta name=\"twitter:data2\" content=\"4 minutes\" \/>\n<script type=\"application\/ld+json\" class=\"yoast-schema-graph\">{\"@context\":\"https:\\\/\\\/schema.org\",\"@graph\":[{\"@type\":\"Article\",\"@id\":\"https:\\\/\\\/www.bellunopress.it\\\/2025\\\/02\\\/14\\\/duecento-anni-di-storia-del-cambiamento-climatico\\\/#article\",\"isPartOf\":{\"@id\":\"https:\\\/\\\/www.bellunopress.it\\\/2025\\\/02\\\/14\\\/duecento-anni-di-storia-del-cambiamento-climatico\\\/\"},\"author\":{\"name\":\"redazione\",\"@id\":\"https:\\\/\\\/www.bellunopress.it\\\/#\\\/schema\\\/person\\\/79bb06722b37ece1c03d3e94beb30d73\"},\"headline\":\"Duecento anni di storia del cambiamento climatico\",\"datePublished\":\"2025-02-14T18:39:12+00:00\",\"mainEntityOfPage\":{\"@id\":\"https:\\\/\\\/www.bellunopress.it\\\/2025\\\/02\\\/14\\\/duecento-anni-di-storia-del-cambiamento-climatico\\\/\"},\"wordCount\":789,\"publisher\":{\"@id\":\"https:\\\/\\\/www.bellunopress.it\\\/#organization\"},\"image\":{\"@id\":\"https:\\\/\\\/www.bellunopress.it\\\/2025\\\/02\\\/14\\\/duecento-anni-di-storia-del-cambiamento-climatico\\\/#primaryimage\"},\"thumbnailUrl\":\"https:\\\/\\\/www.bellunopress.it\\\/wp-content\\\/uploads\\\/2024\\\/09\\\/ghiacciaio-Marmolada-Legambiente_edited.jpg\",\"articleSection\":[\"Controcorrente Dr Filiberto Dal Molin\"],\"inLanguage\":\"fr-FR\"},{\"@type\":\"WebPage\",\"@id\":\"https:\\\/\\\/www.bellunopress.it\\\/2025\\\/02\\\/14\\\/duecento-anni-di-storia-del-cambiamento-climatico\\\/\",\"url\":\"https:\\\/\\\/www.bellunopress.it\\\/2025\\\/02\\\/14\\\/duecento-anni-di-storia-del-cambiamento-climatico\\\/\",\"name\":\"Duecento anni di storia del cambiamento climatico - Bellunopress - Dolomiti\",\"isPartOf\":{\"@id\":\"https:\\\/\\\/www.bellunopress.it\\\/#website\"},\"primaryImageOfPage\":{\"@id\":\"https:\\\/\\\/www.bellunopress.it\\\/2025\\\/02\\\/14\\\/duecento-anni-di-storia-del-cambiamento-climatico\\\/#primaryimage\"},\"image\":{\"@id\":\"https:\\\/\\\/www.bellunopress.it\\\/2025\\\/02\\\/14\\\/duecento-anni-di-storia-del-cambiamento-climatico\\\/#primaryimage\"},\"thumbnailUrl\":\"https:\\\/\\\/www.bellunopress.it\\\/wp-content\\\/uploads\\\/2024\\\/09\\\/ghiacciaio-Marmolada-Legambiente_edited.jpg\",\"datePublished\":\"2025-02-14T18:39:12+00:00\",\"breadcrumb\":{\"@id\":\"https:\\\/\\\/www.bellunopress.it\\\/2025\\\/02\\\/14\\\/duecento-anni-di-storia-del-cambiamento-climatico\\\/#breadcrumb\"},\"inLanguage\":\"fr-FR\",\"potentialAction\":[{\"@type\":\"ReadAction\",\"target\":[\"https:\\\/\\\/www.bellunopress.it\\\/2025\\\/02\\\/14\\\/duecento-anni-di-storia-del-cambiamento-climatico\\\/\"]}]},{\"@type\":\"ImageObject\",\"inLanguage\":\"fr-FR\",\"@id\":\"https:\\\/\\\/www.bellunopress.it\\\/2025\\\/02\\\/14\\\/duecento-anni-di-storia-del-cambiamento-climatico\\\/#primaryimage\",\"url\":\"https:\\\/\\\/www.bellunopress.it\\\/wp-content\\\/uploads\\\/2024\\\/09\\\/ghiacciaio-Marmolada-Legambiente_edited.jpg\",\"contentUrl\":\"https:\\\/\\\/www.bellunopress.it\\\/wp-content\\\/uploads\\\/2024\\\/09\\\/ghiacciaio-Marmolada-Legambiente_edited.jpg\",\"width\":1000,\"height\":563,\"caption\":\"Ghiacciaio Marmolada (Legambiente)\"},{\"@type\":\"BreadcrumbList\",\"@id\":\"https:\\\/\\\/www.bellunopress.it\\\/2025\\\/02\\\/14\\\/duecento-anni-di-storia-del-cambiamento-climatico\\\/#breadcrumb\",\"itemListElement\":[{\"@type\":\"ListItem\",\"position\":1,\"name\":\"Home\",\"item\":\"https:\\\/\\\/www.bellunopress.it\\\/\"},{\"@type\":\"ListItem\",\"position\":2,\"name\":\"Duecento anni di storia del cambiamento climatico\"}]},{\"@type\":\"WebSite\",\"@id\":\"https:\\\/\\\/www.bellunopress.it\\\/#website\",\"url\":\"https:\\\/\\\/www.bellunopress.it\\\/\",\"name\":\"Bellunopress - Dolomiti\",\"description\":\"e-mail: redazione@bellunopress.it\",\"publisher\":{\"@id\":\"https:\\\/\\\/www.bellunopress.it\\\/#organization\"},\"potentialAction\":[{\"@type\":\"SearchAction\",\"target\":{\"@type\":\"EntryPoint\",\"urlTemplate\":\"https:\\\/\\\/www.bellunopress.it\\\/?s={search_term_string}\"},\"query-input\":{\"@type\":\"PropertyValueSpecification\",\"valueRequired\":true,\"valueName\":\"search_term_string\"}}],\"inLanguage\":\"fr-FR\"},{\"@type\":\"Organization\",\"@id\":\"https:\\\/\\\/www.bellunopress.it\\\/#organization\",\"name\":\"Bellunopress\",\"url\":\"https:\\\/\\\/www.bellunopress.it\\\/\",\"logo\":{\"@type\":\"ImageObject\",\"inLanguage\":\"fr-FR\",\"@id\":\"https:\\\/\\\/www.bellunopress.it\\\/#\\\/schema\\\/logo\\\/image\\\/\",\"url\":\"https:\\\/\\\/www.bellunopress.it\\\/wp-content\\\/uploads\\\/2011\\\/05\\\/cropped-logo-bellunopress-.jpg\",\"contentUrl\":\"https:\\\/\\\/www.bellunopress.it\\\/wp-content\\\/uploads\\\/2011\\\/05\\\/cropped-logo-bellunopress-.jpg\",\"width\":512,\"height\":512,\"caption\":\"Bellunopress\"},\"image\":{\"@id\":\"https:\\\/\\\/www.bellunopress.it\\\/#\\\/schema\\\/logo\\\/image\\\/\"},\"sameAs\":[\"https:\\\/\\\/www.facebook.com\\\/profile.php?id=100008943462799\",\"https:\\\/\\\/x.com\\\/bellunopress\",\"https:\\\/\\\/www.linkedin.com\\\/hp\\\/?dnr=JBzUWaJfMUw8vbXJJ2tVW5-I3jZKvC4wsoxE&amp;amp;amp;amp;amp;amp;trk=nav_responsive_tab_home\",\"https:\\\/\\\/www.youtube.com\\\/channel\\\/UCxL0wu1uN0_3_7hGG0306cw\"]},{\"@type\":\"Person\",\"@id\":\"https:\\\/\\\/www.bellunopress.it\\\/#\\\/schema\\\/person\\\/79bb06722b37ece1c03d3e94beb30d73\",\"name\":\"redazione\",\"image\":{\"@type\":\"ImageObject\",\"inLanguage\":\"fr-FR\",\"@id\":\"https:\\\/\\\/secure.gravatar.com\\\/avatar\\\/37d968a2e67a6fd04c169c4bdef102d0bc5d31b2546345219e348575eb80e9a0?s=96&d=mm&r=g\",\"url\":\"https:\\\/\\\/secure.gravatar.com\\\/avatar\\\/37d968a2e67a6fd04c169c4bdef102d0bc5d31b2546345219e348575eb80e9a0?s=96&d=mm&r=g\",\"contentUrl\":\"https:\\\/\\\/secure.gravatar.com\\\/avatar\\\/37d968a2e67a6fd04c169c4bdef102d0bc5d31b2546345219e348575eb80e9a0?s=96&d=mm&r=g\",\"caption\":\"redazione\"},\"sameAs\":[\"http:\\\/\\\/www.bellunopress.it\",\"https:\\\/\\\/x.com\\\/bellunopress\"],\"url\":\"https:\\\/\\\/www.bellunopress.it\\\/fr\\\/author\\\/redazione\\\/\"}]}<\/script>\n<!-- \/ Yoast SEO plugin. -->","yoast_head_json":{"title":"Duecento anni di storia del cambiamento climatico - Bellunopress - Dolomiti","robots":{"index":"index","follow":"follow","max-snippet":"max-snippet:-1","max-image-preview":"max-image-preview:large","max-video-preview":"max-video-preview:-1"},"canonical":"https:\/\/www.bellunopress.it\/fr\/2025\/02\/14\/duecento-anni-di-storia-del-cambiamento-climatico\/","og_locale":"fr_FR","og_type":"article","og_title":"Duecento anni di storia del cambiamento climatico - Bellunopress - Dolomiti","og_description":"Da Joseph Fourier all&#8217;Orologio delle Hawaii Sul versante nord del ghiacciaio della Marmolada io ed alcuni altri rubizzi ottantenni abbiamo esercitato muscoli e cuore con le attrezzature sciistiche di 60 anni fa su piste che non avevano niente a che vedere con le autostrade sciistiche dei tempi moderni. E ricordiamo bene il livello del ghiacciaio [&hellip;]","og_url":"https:\/\/www.bellunopress.it\/fr\/2025\/02\/14\/duecento-anni-di-storia-del-cambiamento-climatico\/","og_site_name":"Bellunopress - Dolomiti","article_publisher":"https:\/\/www.facebook.com\/profile.php?id=100008943462799","article_published_time":"2025-02-14T18:39:12+00:00","og_image":[{"width":1000,"height":563,"url":"https:\/\/www.bellunopress.it\/wp-content\/uploads\/2024\/09\/ghiacciaio-Marmolada-Legambiente_edited.jpg","type":"image\/jpeg"}],"author":"redazione","twitter_card":"summary_large_image","twitter_creator":"@bellunopress","twitter_site":"@bellunopress","twitter_misc":{"\u00c9crit par":"redazione","Dur\u00e9e de lecture estim\u00e9e":"4 minutes"},"schema":{"@context":"https:\/\/schema.org","@graph":[{"@type":"Article","@id":"https:\/\/www.bellunopress.it\/2025\/02\/14\/duecento-anni-di-storia-del-cambiamento-climatico\/#article","isPartOf":{"@id":"https:\/\/www.bellunopress.it\/2025\/02\/14\/duecento-anni-di-storia-del-cambiamento-climatico\/"},"author":{"name":"redazione","@id":"https:\/\/www.bellunopress.it\/#\/schema\/person\/79bb06722b37ece1c03d3e94beb30d73"},"headline":"Duecento anni di storia del cambiamento climatico","datePublished":"2025-02-14T18:39:12+00:00","mainEntityOfPage":{"@id":"https:\/\/www.bellunopress.it\/2025\/02\/14\/duecento-anni-di-storia-del-cambiamento-climatico\/"},"wordCount":789,"publisher":{"@id":"https:\/\/www.bellunopress.it\/#organization"},"image":{"@id":"https:\/\/www.bellunopress.it\/2025\/02\/14\/duecento-anni-di-storia-del-cambiamento-climatico\/#primaryimage"},"thumbnailUrl":"https:\/\/www.bellunopress.it\/wp-content\/uploads\/2024\/09\/ghiacciaio-Marmolada-Legambiente_edited.jpg","articleSection":["Controcorrente Dr Filiberto Dal Molin"],"inLanguage":"fr-FR"},{"@type":"WebPage","@id":"https:\/\/www.bellunopress.it\/2025\/02\/14\/duecento-anni-di-storia-del-cambiamento-climatico\/","url":"https:\/\/www.bellunopress.it\/2025\/02\/14\/duecento-anni-di-storia-del-cambiamento-climatico\/","name":"Duecento anni di storia del cambiamento climatico - Bellunopress - Dolomiti","isPartOf":{"@id":"https:\/\/www.bellunopress.it\/#website"},"primaryImageOfPage":{"@id":"https:\/\/www.bellunopress.it\/2025\/02\/14\/duecento-anni-di-storia-del-cambiamento-climatico\/#primaryimage"},"image":{"@id":"https:\/\/www.bellunopress.it\/2025\/02\/14\/duecento-anni-di-storia-del-cambiamento-climatico\/#primaryimage"},"thumbnailUrl":"https:\/\/www.bellunopress.it\/wp-content\/uploads\/2024\/09\/ghiacciaio-Marmolada-Legambiente_edited.jpg","datePublished":"2025-02-14T18:39:12+00:00","breadcrumb":{"@id":"https:\/\/www.bellunopress.it\/2025\/02\/14\/duecento-anni-di-storia-del-cambiamento-climatico\/#breadcrumb"},"inLanguage":"fr-FR","potentialAction":[{"@type":"ReadAction","target":["https:\/\/www.bellunopress.it\/2025\/02\/14\/duecento-anni-di-storia-del-cambiamento-climatico\/"]}]},{"@type":"ImageObject","inLanguage":"fr-FR","@id":"https:\/\/www.bellunopress.it\/2025\/02\/14\/duecento-anni-di-storia-del-cambiamento-climatico\/#primaryimage","url":"https:\/\/www.bellunopress.it\/wp-content\/uploads\/2024\/09\/ghiacciaio-Marmolada-Legambiente_edited.jpg","contentUrl":"https:\/\/www.bellunopress.it\/wp-content\/uploads\/2024\/09\/ghiacciaio-Marmolada-Legambiente_edited.jpg","width":1000,"height":563,"caption":"Ghiacciaio Marmolada (Legambiente)"},{"@type":"BreadcrumbList","@id":"https:\/\/www.bellunopress.it\/2025\/02\/14\/duecento-anni-di-storia-del-cambiamento-climatico\/#breadcrumb","itemListElement":[{"@type":"ListItem","position":1,"name":"Home","item":"https:\/\/www.bellunopress.it\/"},{"@type":"ListItem","position":2,"name":"Duecento anni di storia del cambiamento climatico"}]},{"@type":"WebSite","@id":"https:\/\/www.bellunopress.it\/#website","url":"https:\/\/www.bellunopress.it\/","name":"Bellunopress - Dolomiti","description":"e-mail: redazione@bellunopress.it","publisher":{"@id":"https:\/\/www.bellunopress.it\/#organization"},"potentialAction":[{"@type":"SearchAction","target":{"@type":"EntryPoint","urlTemplate":"https:\/\/www.bellunopress.it\/?s={search_term_string}"},"query-input":{"@type":"PropertyValueSpecification","valueRequired":true,"valueName":"search_term_string"}}],"inLanguage":"fr-FR"},{"@type":"Organization","@id":"https:\/\/www.bellunopress.it\/#organization","name":"Bellunopress","url":"https:\/\/www.bellunopress.it\/","logo":{"@type":"ImageObject","inLanguage":"fr-FR","@id":"https:\/\/www.bellunopress.it\/#\/schema\/logo\/image\/","url":"https:\/\/www.bellunopress.it\/wp-content\/uploads\/2011\/05\/cropped-logo-bellunopress-.jpg","contentUrl":"https:\/\/www.bellunopress.it\/wp-content\/uploads\/2011\/05\/cropped-logo-bellunopress-.jpg","width":512,"height":512,"caption":"Bellunopress"},"image":{"@id":"https:\/\/www.bellunopress.it\/#\/schema\/logo\/image\/"},"sameAs":["https:\/\/www.facebook.com\/profile.php?id=100008943462799","https:\/\/x.com\/bellunopress","https:\/\/www.linkedin.com\/hp\/?dnr=JBzUWaJfMUw8vbXJJ2tVW5-I3jZKvC4wsoxE&amp;amp;amp;amp;amp;amp;trk=nav_responsive_tab_home","https:\/\/www.youtube.com\/channel\/UCxL0wu1uN0_3_7hGG0306cw"]},{"@type":"Person","@id":"https:\/\/www.bellunopress.it\/#\/schema\/person\/79bb06722b37ece1c03d3e94beb30d73","name":"r\u00e9daction","image":{"@type":"ImageObject","inLanguage":"fr-FR","@id":"https:\/\/secure.gravatar.com\/avatar\/37d968a2e67a6fd04c169c4bdef102d0bc5d31b2546345219e348575eb80e9a0?s=96&d=mm&r=g","url":"https:\/\/secure.gravatar.com\/avatar\/37d968a2e67a6fd04c169c4bdef102d0bc5d31b2546345219e348575eb80e9a0?s=96&d=mm&r=g","contentUrl":"https:\/\/secure.gravatar.com\/avatar\/37d968a2e67a6fd04c169c4bdef102d0bc5d31b2546345219e348575eb80e9a0?s=96&d=mm&r=g","caption":"redazione"},"sameAs":["http:\/\/www.bellunopress.it","https:\/\/x.com\/bellunopress"],"url":"https:\/\/www.bellunopress.it\/fr\/author\/redazione\/"}]}},"_links":{"self":[{"href":"https:\/\/www.bellunopress.it\/fr\/wp-json\/wp\/v2\/posts\/157915","targetHints":{"allow":["GET"]}}],"collection":[{"href":"https:\/\/www.bellunopress.it\/fr\/wp-json\/wp\/v2\/posts"}],"about":[{"href":"https:\/\/www.bellunopress.it\/fr\/wp-json\/wp\/v2\/types\/post"}],"author":[{"embeddable":true,"href":"https:\/\/www.bellunopress.it\/fr\/wp-json\/wp\/v2\/users\/2"}],"replies":[{"embeddable":true,"href":"https:\/\/www.bellunopress.it\/fr\/wp-json\/wp\/v2\/comments?post=157915"}],"version-history":[{"count":1,"href":"https:\/\/www.bellunopress.it\/fr\/wp-json\/wp\/v2\/posts\/157915\/revisions"}],"predecessor-version":[{"id":157916,"href":"https:\/\/www.bellunopress.it\/fr\/wp-json\/wp\/v2\/posts\/157915\/revisions\/157916"}],"wp:featuredmedia":[{"embeddable":true,"href":"https:\/\/www.bellunopress.it\/fr\/wp-json\/wp\/v2\/media\/153853"}],"wp:attachment":[{"href":"https:\/\/www.bellunopress.it\/fr\/wp-json\/wp\/v2\/media?parent=157915"}],"wp:term":[{"taxonomy":"category","embeddable":true,"href":"https:\/\/www.bellunopress.it\/fr\/wp-json\/wp\/v2\/categories?post=157915"},{"taxonomy":"post_tag","embeddable":true,"href":"https:\/\/www.bellunopress.it\/fr\/wp-json\/wp\/v2\/tags?post=157915"}],"curies":[{"name":"wp","href":"https:\/\/api.w.org\/{rel}","templated":true}]}}