{"id":157913,"date":"2025-02-14T16:29:37","date_gmt":"2025-02-14T15:29:37","guid":{"rendered":"https:\/\/www.bellunopress.it\/?p=157913"},"modified":"2025-02-14T16:29:37","modified_gmt":"2025-02-14T15:29:37","slug":"15-festival-nazionale-di-teatro-amatoriale-paolo-dego-sabato-a-paiane-denuncio-tutti-lea-garofalo","status":"publish","type":"post","link":"https:\/\/www.bellunopress.it\/fr\/2025\/02\/14\/15-festival-nazionale-di-teatro-amatoriale-paolo-dego-sabato-a-paiane-denuncio-tutti-lea-garofalo\/","title":{"rendered":"15\u00b0 Festival Nazionale di Teatro Amatoriale &#8220;Paolo Dego&#8221;: Sabato a Paiane &#8220;Denuncio tutti. Lea Garofalo&#8221;"},"content":{"rendered":"<figure id=\"attachment_151098\" aria-describedby=\"caption-attachment-151098\" style=\"width: 1000px\" class=\"wp-caption aligncenter\"><img loading=\"lazy\" decoding=\"async\" class=\"size-full wp-image-151098\" src=\"https:\/\/www.bellunopress.it\/wp-content\/uploads\/2024\/05\/Festival-Paolo-Dego-2024-Teatro-Pierobon-Paiane.jpg\" alt=\"\" width=\"1000\" height=\"713\" srcset=\"https:\/\/www.bellunopress.it\/wp-content\/uploads\/2024\/05\/Festival-Paolo-Dego-2024-Teatro-Pierobon-Paiane.jpg 1000w, https:\/\/www.bellunopress.it\/wp-content\/uploads\/2024\/05\/Festival-Paolo-Dego-2024-Teatro-Pierobon-Paiane-500x357.jpg 500w, https:\/\/www.bellunopress.it\/wp-content\/uploads\/2024\/05\/Festival-Paolo-Dego-2024-Teatro-Pierobon-Paiane-589x420.jpg 589w, https:\/\/www.bellunopress.it\/wp-content\/uploads\/2024\/05\/Festival-Paolo-Dego-2024-Teatro-Pierobon-Paiane-696x496.jpg 696w\" sizes=\"auto, (max-width: 1000px) 100vw, 1000px\" \/><figcaption id=\"caption-attachment-151098\" class=\"wp-caption-text\">Festival Paolo Dego 2024 Piccolo Teatro Pierobon &#8211; Paiane di Ponte nelle Alpi<\/figcaption><\/figure>\n<p><strong>15\u00b0 Festival Nazionale di Teatro Amatoriale &#8220;Paolo Dego&#8221;<\/strong><\/p>\n<p>Sabato 15 frbbraio alle 20:45 al Piccolo Teatro G. Pierobon di Paiane (Ponte nelle Alpi ) va in scena lo spettacolo &#8220;Denuncio tutti. Lea Garofalo&#8221;.<\/p>\n<p>Penta Teatro APS \u2013 Pistoia.\u00a0Testo Giovanni Gentile<\/p>\n<p>Organizza il Comune di Ponte nelle Alpi in collaborazione con Bretelle Lasche A.P.S. di Belluno.<\/p>\n<p>&#8220;Mi assumo tutta la responsabilit\u00e0 per l&#8217;omicidio di Garofalo Lea&#8221;. Cos\u00ec Carlo Cosco, ex compagno di Lea, confessa in aula il suo atroce delitto. Quella di Lea fu una battaglia durata quasi 7 anni, iniziata quel lontano 13 Luglio del 2002, quando entra nella caserma dei carabinieri di Petilia Policastro e inizia a raccontare tutto quello che ha visto. Lea racconta di come Milano sia ormai impregnata di un malaffare che ha origini storiche in Calabria ma che ormai ha infettato tutto il Nord Italia. Fa nomi e cognomi, riporta luoghi, ore e date e viene &#8220;deportata&#8221; con la figlia Denise, ancora bambina, su e gi\u00f9 per l&#8217;Italia nel programma di protezione per i testimoni di giustizia.<\/p>\n<p>Giovanni Gentile e Gaia Perretta raccontano del coraggio di Lea, sola contro tutta un&#8217;organizzazione mafiosa, contro una cultura radicata da secoli, contro un clan di pericolosi criminali assassini. Ma raccontano anche del cancro &#8216;ndranghetista che infetta l&#8217;edilizia pubblica, l&#8217;economia e la finanza e di come la &#8216;Ndrangheta sia entrata, prepotentemente, nella stanza dei bottoni.<\/p>\n<p>Un racconto sulla mafia e un racconto sul coraggio delle donne.<\/p>","protected":false},"excerpt":{"rendered":"<p>15\u00b0 Festival Nazionale di Teatro Amatoriale &#8220;Paolo Dego&#8221; Sabato 15 frbbraio alle 20:45 al Piccolo Teatro G. Pierobon di Paiane (Ponte nelle Alpi ) va in scena lo spettacolo &#8220;Denuncio tutti. Lea Garofalo&#8221;. Penta Teatro APS \u2013 Pistoia.\u00a0Testo Giovanni Gentile Organizza il Comune di Ponte nelle Alpi in collaborazione con Bretelle Lasche A.P.S. di Belluno. [&hellip;]<\/p>\n","protected":false},"author":2,"featured_media":151098,"comment_status":"closed","ping_status":"open","sticky":false,"template":"","format":"standard","meta":{"footnotes":""},"categories":[27,3,25],"tags":[],"class_list":["post-157913","post","type-post","status-publish","format-standard","has-post-thumbnail","category-appuntamenti","category-arte-cultura-spettacoli-scienza-archivi","category-pausa-caffe"],"yoast_head":"<!-- This site is optimized with the Yoast SEO plugin v28.4 - https:\/\/yoast.com\/product\/yoast-seo-wordpress\/ -->\n<title>15\u00b0 Festival Nazionale di Teatro Amatoriale &quot;Paolo Dego&quot;: Sabato a Paiane &quot;Denuncio tutti. Lea Garofalo&quot; - Bellunopress - Dolomiti<\/title>\n<meta name=\"robots\" content=\"index, follow, max-snippet:-1, max-image-preview:large, max-video-preview:-1\" \/>\n<link rel=\"canonical\" href=\"https:\/\/www.bellunopress.it\/fr\/2025\/02\/14\/15-festival-nazionale-di-teatro-amatoriale-paolo-dego-sabato-a-paiane-denuncio-tutti-lea-garofalo\/\" \/>\n<meta property=\"og:locale\" content=\"fr_FR\" \/>\n<meta property=\"og:type\" content=\"article\" \/>\n<meta property=\"og:title\" content=\"15\u00b0 Festival Nazionale di Teatro Amatoriale &quot;Paolo Dego&quot;: Sabato a Paiane &quot;Denuncio tutti. Lea Garofalo&quot; - Bellunopress - Dolomiti\" \/>\n<meta property=\"og:description\" content=\"15\u00b0 Festival Nazionale di Teatro Amatoriale &#8220;Paolo Dego&#8221; Sabato 15 frbbraio alle 20:45 al Piccolo Teatro G. Pierobon di Paiane (Ponte nelle Alpi ) va in scena lo spettacolo &#8220;Denuncio tutti. Lea Garofalo&#8221;. Penta Teatro APS \u2013 Pistoia.\u00a0Testo Giovanni Gentile Organizza il Comune di Ponte nelle Alpi in collaborazione con Bretelle Lasche A.P.S. di Belluno. [&hellip;]\" \/>\n<meta property=\"og:url\" content=\"https:\/\/www.bellunopress.it\/fr\/2025\/02\/14\/15-festival-nazionale-di-teatro-amatoriale-paolo-dego-sabato-a-paiane-denuncio-tutti-lea-garofalo\/\" \/>\n<meta property=\"og:site_name\" content=\"Bellunopress - Dolomiti\" \/>\n<meta property=\"article:publisher\" content=\"https:\/\/www.facebook.com\/profile.php?id=100008943462799\" \/>\n<meta property=\"article:published_time\" content=\"2025-02-14T15:29:37+00:00\" \/>\n<meta property=\"og:image\" content=\"https:\/\/www.bellunopress.it\/wp-content\/uploads\/2024\/05\/Festival-Paolo-Dego-2024-Teatro-Pierobon-Paiane.jpg\" \/>\n\t<meta property=\"og:image:width\" content=\"1000\" \/>\n\t<meta property=\"og:image:height\" content=\"713\" \/>\n\t<meta property=\"og:image:type\" content=\"image\/jpeg\" \/>\n<meta name=\"author\" content=\"redazione\" \/>\n<meta name=\"twitter:card\" content=\"summary_large_image\" \/>\n<meta name=\"twitter:creator\" content=\"@bellunopress\" \/>\n<meta name=\"twitter:site\" content=\"@bellunopress\" \/>\n<meta name=\"twitter:label1\" content=\"\u00c9crit par\" \/>\n\t<meta name=\"twitter:data1\" content=\"redazione\" \/>\n\t<meta name=\"twitter:label2\" content=\"Dur\u00e9e de lecture estim\u00e9e\" \/>\n\t<meta name=\"twitter:data2\" content=\"1 minute\" \/>\n<script type=\"application\/ld+json\" class=\"yoast-schema-graph\">{\"@context\":\"https:\\\/\\\/schema.org\",\"@graph\":[{\"@type\":\"Article\",\"@id\":\"https:\\\/\\\/www.bellunopress.it\\\/2025\\\/02\\\/14\\\/15-festival-nazionale-di-teatro-amatoriale-paolo-dego-sabato-a-paiane-denuncio-tutti-lea-garofalo\\\/#article\",\"isPartOf\":{\"@id\":\"https:\\\/\\\/www.bellunopress.it\\\/2025\\\/02\\\/14\\\/15-festival-nazionale-di-teatro-amatoriale-paolo-dego-sabato-a-paiane-denuncio-tutti-lea-garofalo\\\/\"},\"author\":{\"name\":\"redazione\",\"@id\":\"https:\\\/\\\/www.bellunopress.it\\\/#\\\/schema\\\/person\\\/79bb06722b37ece1c03d3e94beb30d73\"},\"headline\":\"15\u00b0 Festival Nazionale di Teatro Amatoriale &#8220;Paolo Dego&#8221;: Sabato a Paiane &#8220;Denuncio tutti. Lea Garofalo&#8221;\",\"datePublished\":\"2025-02-14T15:29:37+00:00\",\"mainEntityOfPage\":{\"@id\":\"https:\\\/\\\/www.bellunopress.it\\\/2025\\\/02\\\/14\\\/15-festival-nazionale-di-teatro-amatoriale-paolo-dego-sabato-a-paiane-denuncio-tutti-lea-garofalo\\\/\"},\"wordCount\":270,\"publisher\":{\"@id\":\"https:\\\/\\\/www.bellunopress.it\\\/#organization\"},\"image\":{\"@id\":\"https:\\\/\\\/www.bellunopress.it\\\/2025\\\/02\\\/14\\\/15-festival-nazionale-di-teatro-amatoriale-paolo-dego-sabato-a-paiane-denuncio-tutti-lea-garofalo\\\/#primaryimage\"},\"thumbnailUrl\":\"https:\\\/\\\/www.bellunopress.it\\\/wp-content\\\/uploads\\\/2024\\\/05\\\/Festival-Paolo-Dego-2024-Teatro-Pierobon-Paiane.jpg\",\"articleSection\":[\"Appuntamenti, Eventi\",\"Arte, Cultura, Spettacoli, Scienza\",\"Pausa Caff\u00e8\"],\"inLanguage\":\"fr-FR\"},{\"@type\":\"WebPage\",\"@id\":\"https:\\\/\\\/www.bellunopress.it\\\/2025\\\/02\\\/14\\\/15-festival-nazionale-di-teatro-amatoriale-paolo-dego-sabato-a-paiane-denuncio-tutti-lea-garofalo\\\/\",\"url\":\"https:\\\/\\\/www.bellunopress.it\\\/2025\\\/02\\\/14\\\/15-festival-nazionale-di-teatro-amatoriale-paolo-dego-sabato-a-paiane-denuncio-tutti-lea-garofalo\\\/\",\"name\":\"15\u00b0 Festival Nazionale di Teatro Amatoriale \\\"Paolo Dego\\\": Sabato a Paiane \\\"Denuncio tutti. Lea Garofalo\\\" - Bellunopress - Dolomiti\",\"isPartOf\":{\"@id\":\"https:\\\/\\\/www.bellunopress.it\\\/#website\"},\"primaryImageOfPage\":{\"@id\":\"https:\\\/\\\/www.bellunopress.it\\\/2025\\\/02\\\/14\\\/15-festival-nazionale-di-teatro-amatoriale-paolo-dego-sabato-a-paiane-denuncio-tutti-lea-garofalo\\\/#primaryimage\"},\"image\":{\"@id\":\"https:\\\/\\\/www.bellunopress.it\\\/2025\\\/02\\\/14\\\/15-festival-nazionale-di-teatro-amatoriale-paolo-dego-sabato-a-paiane-denuncio-tutti-lea-garofalo\\\/#primaryimage\"},\"thumbnailUrl\":\"https:\\\/\\\/www.bellunopress.it\\\/wp-content\\\/uploads\\\/2024\\\/05\\\/Festival-Paolo-Dego-2024-Teatro-Pierobon-Paiane.jpg\",\"datePublished\":\"2025-02-14T15:29:37+00:00\",\"breadcrumb\":{\"@id\":\"https:\\\/\\\/www.bellunopress.it\\\/2025\\\/02\\\/14\\\/15-festival-nazionale-di-teatro-amatoriale-paolo-dego-sabato-a-paiane-denuncio-tutti-lea-garofalo\\\/#breadcrumb\"},\"inLanguage\":\"fr-FR\",\"potentialAction\":[{\"@type\":\"ReadAction\",\"target\":[\"https:\\\/\\\/www.bellunopress.it\\\/2025\\\/02\\\/14\\\/15-festival-nazionale-di-teatro-amatoriale-paolo-dego-sabato-a-paiane-denuncio-tutti-lea-garofalo\\\/\"]}]},{\"@type\":\"ImageObject\",\"inLanguage\":\"fr-FR\",\"@id\":\"https:\\\/\\\/www.bellunopress.it\\\/2025\\\/02\\\/14\\\/15-festival-nazionale-di-teatro-amatoriale-paolo-dego-sabato-a-paiane-denuncio-tutti-lea-garofalo\\\/#primaryimage\",\"url\":\"https:\\\/\\\/www.bellunopress.it\\\/wp-content\\\/uploads\\\/2024\\\/05\\\/Festival-Paolo-Dego-2024-Teatro-Pierobon-Paiane.jpg\",\"contentUrl\":\"https:\\\/\\\/www.bellunopress.it\\\/wp-content\\\/uploads\\\/2024\\\/05\\\/Festival-Paolo-Dego-2024-Teatro-Pierobon-Paiane.jpg\",\"width\":1000,\"height\":713,\"caption\":\"Festival Paolo Dego 2024 Piccolo Teatro Pierobon - Paiane di Ponte nelle Alpi\"},{\"@type\":\"BreadcrumbList\",\"@id\":\"https:\\\/\\\/www.bellunopress.it\\\/2025\\\/02\\\/14\\\/15-festival-nazionale-di-teatro-amatoriale-paolo-dego-sabato-a-paiane-denuncio-tutti-lea-garofalo\\\/#breadcrumb\",\"itemListElement\":[{\"@type\":\"ListItem\",\"position\":1,\"name\":\"Home\",\"item\":\"https:\\\/\\\/www.bellunopress.it\\\/\"},{\"@type\":\"ListItem\",\"position\":2,\"name\":\"15\u00b0 Festival Nazionale di Teatro Amatoriale &#8220;Paolo Dego&#8221;: Sabato a Paiane &#8220;Denuncio tutti. Lea Garofalo&#8221;\"}]},{\"@type\":\"WebSite\",\"@id\":\"https:\\\/\\\/www.bellunopress.it\\\/#website\",\"url\":\"https:\\\/\\\/www.bellunopress.it\\\/\",\"name\":\"Bellunopress - Dolomiti\",\"description\":\"e-mail: redazione@bellunopress.it\",\"publisher\":{\"@id\":\"https:\\\/\\\/www.bellunopress.it\\\/#organization\"},\"potentialAction\":[{\"@type\":\"SearchAction\",\"target\":{\"@type\":\"EntryPoint\",\"urlTemplate\":\"https:\\\/\\\/www.bellunopress.it\\\/?s={search_term_string}\"},\"query-input\":{\"@type\":\"PropertyValueSpecification\",\"valueRequired\":true,\"valueName\":\"search_term_string\"}}],\"inLanguage\":\"fr-FR\"},{\"@type\":\"Organization\",\"@id\":\"https:\\\/\\\/www.bellunopress.it\\\/#organization\",\"name\":\"Bellunopress\",\"url\":\"https:\\\/\\\/www.bellunopress.it\\\/\",\"logo\":{\"@type\":\"ImageObject\",\"inLanguage\":\"fr-FR\",\"@id\":\"https:\\\/\\\/www.bellunopress.it\\\/#\\\/schema\\\/logo\\\/image\\\/\",\"url\":\"https:\\\/\\\/www.bellunopress.it\\\/wp-content\\\/uploads\\\/2011\\\/05\\\/cropped-logo-bellunopress-.jpg\",\"contentUrl\":\"https:\\\/\\\/www.bellunopress.it\\\/wp-content\\\/uploads\\\/2011\\\/05\\\/cropped-logo-bellunopress-.jpg\",\"width\":512,\"height\":512,\"caption\":\"Bellunopress\"},\"image\":{\"@id\":\"https:\\\/\\\/www.bellunopress.it\\\/#\\\/schema\\\/logo\\\/image\\\/\"},\"sameAs\":[\"https:\\\/\\\/www.facebook.com\\\/profile.php?id=100008943462799\",\"https:\\\/\\\/x.com\\\/bellunopress\",\"https:\\\/\\\/www.linkedin.com\\\/hp\\\/?dnr=JBzUWaJfMUw8vbXJJ2tVW5-I3jZKvC4wsoxE&amp;amp;amp;amp;amp;amp;trk=nav_responsive_tab_home\",\"https:\\\/\\\/www.youtube.com\\\/channel\\\/UCxL0wu1uN0_3_7hGG0306cw\"]},{\"@type\":\"Person\",\"@id\":\"https:\\\/\\\/www.bellunopress.it\\\/#\\\/schema\\\/person\\\/79bb06722b37ece1c03d3e94beb30d73\",\"name\":\"redazione\",\"image\":{\"@type\":\"ImageObject\",\"inLanguage\":\"fr-FR\",\"@id\":\"https:\\\/\\\/secure.gravatar.com\\\/avatar\\\/37d968a2e67a6fd04c169c4bdef102d0bc5d31b2546345219e348575eb80e9a0?s=96&d=mm&r=g\",\"url\":\"https:\\\/\\\/secure.gravatar.com\\\/avatar\\\/37d968a2e67a6fd04c169c4bdef102d0bc5d31b2546345219e348575eb80e9a0?s=96&d=mm&r=g\",\"contentUrl\":\"https:\\\/\\\/secure.gravatar.com\\\/avatar\\\/37d968a2e67a6fd04c169c4bdef102d0bc5d31b2546345219e348575eb80e9a0?s=96&d=mm&r=g\",\"caption\":\"redazione\"},\"sameAs\":[\"http:\\\/\\\/www.bellunopress.it\",\"https:\\\/\\\/x.com\\\/bellunopress\"],\"url\":\"https:\\\/\\\/www.bellunopress.it\\\/fr\\\/author\\\/redazione\\\/\"}]}<\/script>\n<!-- \/ Yoast SEO plugin. -->","yoast_head_json":{"title":"15\u00b0 Festival Nazionale di Teatro Amatoriale \"Paolo Dego\": Sabato a Paiane \"Denuncio tutti. Lea Garofalo\" - Bellunopress - Dolomiti","robots":{"index":"index","follow":"follow","max-snippet":"max-snippet:-1","max-image-preview":"max-image-preview:large","max-video-preview":"max-video-preview:-1"},"canonical":"https:\/\/www.bellunopress.it\/fr\/2025\/02\/14\/15-festival-nazionale-di-teatro-amatoriale-paolo-dego-sabato-a-paiane-denuncio-tutti-lea-garofalo\/","og_locale":"fr_FR","og_type":"article","og_title":"15\u00b0 Festival Nazionale di Teatro Amatoriale \"Paolo Dego\": Sabato a Paiane \"Denuncio tutti. Lea Garofalo\" - Bellunopress - Dolomiti","og_description":"15\u00b0 Festival Nazionale di Teatro Amatoriale &#8220;Paolo Dego&#8221; Sabato 15 frbbraio alle 20:45 al Piccolo Teatro G. Pierobon di Paiane (Ponte nelle Alpi ) va in scena lo spettacolo &#8220;Denuncio tutti. Lea Garofalo&#8221;. Penta Teatro APS \u2013 Pistoia.\u00a0Testo Giovanni Gentile Organizza il Comune di Ponte nelle Alpi in collaborazione con Bretelle Lasche A.P.S. di Belluno. [&hellip;]","og_url":"https:\/\/www.bellunopress.it\/fr\/2025\/02\/14\/15-festival-nazionale-di-teatro-amatoriale-paolo-dego-sabato-a-paiane-denuncio-tutti-lea-garofalo\/","og_site_name":"Bellunopress - Dolomiti","article_publisher":"https:\/\/www.facebook.com\/profile.php?id=100008943462799","article_published_time":"2025-02-14T15:29:37+00:00","og_image":[{"width":1000,"height":713,"url":"https:\/\/www.bellunopress.it\/wp-content\/uploads\/2024\/05\/Festival-Paolo-Dego-2024-Teatro-Pierobon-Paiane.jpg","type":"image\/jpeg"}],"author":"redazione","twitter_card":"summary_large_image","twitter_creator":"@bellunopress","twitter_site":"@bellunopress","twitter_misc":{"\u00c9crit par":"redazione","Dur\u00e9e de lecture estim\u00e9e":"1 minute"},"schema":{"@context":"https:\/\/schema.org","@graph":[{"@type":"Article","@id":"https:\/\/www.bellunopress.it\/2025\/02\/14\/15-festival-nazionale-di-teatro-amatoriale-paolo-dego-sabato-a-paiane-denuncio-tutti-lea-garofalo\/#article","isPartOf":{"@id":"https:\/\/www.bellunopress.it\/2025\/02\/14\/15-festival-nazionale-di-teatro-amatoriale-paolo-dego-sabato-a-paiane-denuncio-tutti-lea-garofalo\/"},"author":{"name":"redazione","@id":"https:\/\/www.bellunopress.it\/#\/schema\/person\/79bb06722b37ece1c03d3e94beb30d73"},"headline":"15\u00b0 Festival Nazionale di Teatro Amatoriale &#8220;Paolo Dego&#8221;: Sabato a Paiane &#8220;Denuncio tutti. Lea Garofalo&#8221;","datePublished":"2025-02-14T15:29:37+00:00","mainEntityOfPage":{"@id":"https:\/\/www.bellunopress.it\/2025\/02\/14\/15-festival-nazionale-di-teatro-amatoriale-paolo-dego-sabato-a-paiane-denuncio-tutti-lea-garofalo\/"},"wordCount":270,"publisher":{"@id":"https:\/\/www.bellunopress.it\/#organization"},"image":{"@id":"https:\/\/www.bellunopress.it\/2025\/02\/14\/15-festival-nazionale-di-teatro-amatoriale-paolo-dego-sabato-a-paiane-denuncio-tutti-lea-garofalo\/#primaryimage"},"thumbnailUrl":"https:\/\/www.bellunopress.it\/wp-content\/uploads\/2024\/05\/Festival-Paolo-Dego-2024-Teatro-Pierobon-Paiane.jpg","articleSection":["Appuntamenti, Eventi","Arte, Cultura, Spettacoli, Scienza","Pausa Caff\u00e8"],"inLanguage":"fr-FR"},{"@type":"WebPage","@id":"https:\/\/www.bellunopress.it\/2025\/02\/14\/15-festival-nazionale-di-teatro-amatoriale-paolo-dego-sabato-a-paiane-denuncio-tutti-lea-garofalo\/","url":"https:\/\/www.bellunopress.it\/2025\/02\/14\/15-festival-nazionale-di-teatro-amatoriale-paolo-dego-sabato-a-paiane-denuncio-tutti-lea-garofalo\/","name":"15\u00b0 Festival Nazionale di Teatro Amatoriale \"Paolo Dego\": Sabato a Paiane \"Denuncio tutti. Lea Garofalo\" - Bellunopress - Dolomiti","isPartOf":{"@id":"https:\/\/www.bellunopress.it\/#website"},"primaryImageOfPage":{"@id":"https:\/\/www.bellunopress.it\/2025\/02\/14\/15-festival-nazionale-di-teatro-amatoriale-paolo-dego-sabato-a-paiane-denuncio-tutti-lea-garofalo\/#primaryimage"},"image":{"@id":"https:\/\/www.bellunopress.it\/2025\/02\/14\/15-festival-nazionale-di-teatro-amatoriale-paolo-dego-sabato-a-paiane-denuncio-tutti-lea-garofalo\/#primaryimage"},"thumbnailUrl":"https:\/\/www.bellunopress.it\/wp-content\/uploads\/2024\/05\/Festival-Paolo-Dego-2024-Teatro-Pierobon-Paiane.jpg","datePublished":"2025-02-14T15:29:37+00:00","breadcrumb":{"@id":"https:\/\/www.bellunopress.it\/2025\/02\/14\/15-festival-nazionale-di-teatro-amatoriale-paolo-dego-sabato-a-paiane-denuncio-tutti-lea-garofalo\/#breadcrumb"},"inLanguage":"fr-FR","potentialAction":[{"@type":"ReadAction","target":["https:\/\/www.bellunopress.it\/2025\/02\/14\/15-festival-nazionale-di-teatro-amatoriale-paolo-dego-sabato-a-paiane-denuncio-tutti-lea-garofalo\/"]}]},{"@type":"ImageObject","inLanguage":"fr-FR","@id":"https:\/\/www.bellunopress.it\/2025\/02\/14\/15-festival-nazionale-di-teatro-amatoriale-paolo-dego-sabato-a-paiane-denuncio-tutti-lea-garofalo\/#primaryimage","url":"https:\/\/www.bellunopress.it\/wp-content\/uploads\/2024\/05\/Festival-Paolo-Dego-2024-Teatro-Pierobon-Paiane.jpg","contentUrl":"https:\/\/www.bellunopress.it\/wp-content\/uploads\/2024\/05\/Festival-Paolo-Dego-2024-Teatro-Pierobon-Paiane.jpg","width":1000,"height":713,"caption":"Festival Paolo Dego 2024 Piccolo Teatro Pierobon - Paiane di Ponte nelle Alpi"},{"@type":"BreadcrumbList","@id":"https:\/\/www.bellunopress.it\/2025\/02\/14\/15-festival-nazionale-di-teatro-amatoriale-paolo-dego-sabato-a-paiane-denuncio-tutti-lea-garofalo\/#breadcrumb","itemListElement":[{"@type":"ListItem","position":1,"name":"Home","item":"https:\/\/www.bellunopress.it\/"},{"@type":"ListItem","position":2,"name":"15\u00b0 Festival Nazionale di Teatro Amatoriale &#8220;Paolo Dego&#8221;: Sabato a Paiane &#8220;Denuncio tutti. Lea Garofalo&#8221;"}]},{"@type":"WebSite","@id":"https:\/\/www.bellunopress.it\/#website","url":"https:\/\/www.bellunopress.it\/","name":"Bellunopress - Dolomiti","description":"e-mail: redazione@bellunopress.it","publisher":{"@id":"https:\/\/www.bellunopress.it\/#organization"},"potentialAction":[{"@type":"SearchAction","target":{"@type":"EntryPoint","urlTemplate":"https:\/\/www.bellunopress.it\/?s={search_term_string}"},"query-input":{"@type":"PropertyValueSpecification","valueRequired":true,"valueName":"search_term_string"}}],"inLanguage":"fr-FR"},{"@type":"Organization","@id":"https:\/\/www.bellunopress.it\/#organization","name":"Bellunopress","url":"https:\/\/www.bellunopress.it\/","logo":{"@type":"ImageObject","inLanguage":"fr-FR","@id":"https:\/\/www.bellunopress.it\/#\/schema\/logo\/image\/","url":"https:\/\/www.bellunopress.it\/wp-content\/uploads\/2011\/05\/cropped-logo-bellunopress-.jpg","contentUrl":"https:\/\/www.bellunopress.it\/wp-content\/uploads\/2011\/05\/cropped-logo-bellunopress-.jpg","width":512,"height":512,"caption":"Bellunopress"},"image":{"@id":"https:\/\/www.bellunopress.it\/#\/schema\/logo\/image\/"},"sameAs":["https:\/\/www.facebook.com\/profile.php?id=100008943462799","https:\/\/x.com\/bellunopress","https:\/\/www.linkedin.com\/hp\/?dnr=JBzUWaJfMUw8vbXJJ2tVW5-I3jZKvC4wsoxE&amp;amp;amp;amp;amp;amp;trk=nav_responsive_tab_home","https:\/\/www.youtube.com\/channel\/UCxL0wu1uN0_3_7hGG0306cw"]},{"@type":"Person","@id":"https:\/\/www.bellunopress.it\/#\/schema\/person\/79bb06722b37ece1c03d3e94beb30d73","name":"r\u00e9daction","image":{"@type":"ImageObject","inLanguage":"fr-FR","@id":"https:\/\/secure.gravatar.com\/avatar\/37d968a2e67a6fd04c169c4bdef102d0bc5d31b2546345219e348575eb80e9a0?s=96&d=mm&r=g","url":"https:\/\/secure.gravatar.com\/avatar\/37d968a2e67a6fd04c169c4bdef102d0bc5d31b2546345219e348575eb80e9a0?s=96&d=mm&r=g","contentUrl":"https:\/\/secure.gravatar.com\/avatar\/37d968a2e67a6fd04c169c4bdef102d0bc5d31b2546345219e348575eb80e9a0?s=96&d=mm&r=g","caption":"redazione"},"sameAs":["http:\/\/www.bellunopress.it","https:\/\/x.com\/bellunopress"],"url":"https:\/\/www.bellunopress.it\/fr\/author\/redazione\/"}]}},"_links":{"self":[{"href":"https:\/\/www.bellunopress.it\/fr\/wp-json\/wp\/v2\/posts\/157913","targetHints":{"allow":["GET"]}}],"collection":[{"href":"https:\/\/www.bellunopress.it\/fr\/wp-json\/wp\/v2\/posts"}],"about":[{"href":"https:\/\/www.bellunopress.it\/fr\/wp-json\/wp\/v2\/types\/post"}],"author":[{"embeddable":true,"href":"https:\/\/www.bellunopress.it\/fr\/wp-json\/wp\/v2\/users\/2"}],"replies":[{"embeddable":true,"href":"https:\/\/www.bellunopress.it\/fr\/wp-json\/wp\/v2\/comments?post=157913"}],"version-history":[{"count":1,"href":"https:\/\/www.bellunopress.it\/fr\/wp-json\/wp\/v2\/posts\/157913\/revisions"}],"predecessor-version":[{"id":157914,"href":"https:\/\/www.bellunopress.it\/fr\/wp-json\/wp\/v2\/posts\/157913\/revisions\/157914"}],"wp:featuredmedia":[{"embeddable":true,"href":"https:\/\/www.bellunopress.it\/fr\/wp-json\/wp\/v2\/media\/151098"}],"wp:attachment":[{"href":"https:\/\/www.bellunopress.it\/fr\/wp-json\/wp\/v2\/media?parent=157913"}],"wp:term":[{"taxonomy":"category","embeddable":true,"href":"https:\/\/www.bellunopress.it\/fr\/wp-json\/wp\/v2\/categories?post=157913"},{"taxonomy":"post_tag","embeddable":true,"href":"https:\/\/www.bellunopress.it\/fr\/wp-json\/wp\/v2\/tags?post=157913"}],"curies":[{"name":"wp","href":"https:\/\/api.w.org\/{rel}","templated":true}]}}