{"id":157628,"date":"2025-02-03T12:45:36","date_gmt":"2025-02-03T11:45:36","guid":{"rendered":"https:\/\/www.bellunopress.it\/?p=157628"},"modified":"2025-02-03T12:45:36","modified_gmt":"2025-02-03T11:45:36","slug":"concerto-del-pianista-grigory-sokolov-venerdi-sera-al-comunale-di-belluno","status":"publish","type":"post","link":"https:\/\/www.bellunopress.it\/fr\/2025\/02\/03\/concerto-del-pianista-grigory-sokolov-venerdi-sera-al-comunale-di-belluno\/","title":{"rendered":"Concerto del pianista Grigory Sokolov, venerd\u00ec sera al Comunale di Belluno"},"content":{"rendered":"<figure id=\"attachment_131082\" aria-describedby=\"caption-attachment-131082\" style=\"width: 1000px\" class=\"wp-caption aligncenter\"><img loading=\"lazy\" decoding=\"async\" class=\"size-full wp-image-131082\" src=\"https:\/\/www.bellunopress.it\/wp-content\/uploads\/2022\/02\/Grigory-Sokolov-\u00a9MarySlepkova_edited.jpg\" alt=\"\" width=\"1000\" height=\"665\" srcset=\"https:\/\/www.bellunopress.it\/wp-content\/uploads\/2022\/02\/Grigory-Sokolov-\u00a9MarySlepkova_edited.jpg 1000w, https:\/\/www.bellunopress.it\/wp-content\/uploads\/2022\/02\/Grigory-Sokolov-\u00a9MarySlepkova_edited-500x333.jpg 500w, https:\/\/www.bellunopress.it\/wp-content\/uploads\/2022\/02\/Grigory-Sokolov-\u00a9MarySlepkova_edited-696x463.jpg 696w, https:\/\/www.bellunopress.it\/wp-content\/uploads\/2022\/02\/Grigory-Sokolov-\u00a9MarySlepkova_edited-632x420.jpg 632w\" sizes=\"auto, (max-width: 1000px) 100vw, 1000px\" \/><figcaption id=\"caption-attachment-131082\" class=\"wp-caption-text\">Grigory Sokolov (Foto Mary Slepkova)<\/figcaption><\/figure>\n<p><strong>Circolo Culturale Bellunese, 72ma Stagione 2025<\/strong><\/p>\n<p><strong>Grigory Sokolov, pianoforte<\/strong><br \/>\n<strong>Venerd\u00ec 7 febbraio 2025 alle 20:30 al Teatro Buzzati di Belluno<\/strong><br \/>\n<strong>Musiche di William Byrd e Johannes Brahms<\/strong><\/p>\n<p>Torna il Maestro Grigory Sokolov, nel suo appuntamento con il pubblico bellunese, al teatro Dino Buzzati, venerd\u00ec 7 febbraio 2025, 20:30.<br \/>\nNuova, imperdibile occasione di riascoltarlo in una delle sue celeberrime esecuzioni dal vivo, quelle che gli valgono la qualifica di pi\u00f9 grande pianista vivente, all&#8217;unanimit\u00e0 di critica e pubblico. In programma, per questo recital, musiche del compositore inglese William Byrd (1540 \u2013 1623) e 4 Ballate, op. 10 e 2 Rapsodie, op. 79 di Johannes Brahms (1833 \u2013 1897).<br \/>\nEd \u00e8, sempre e comunque, come se fosse la prima volta, perch\u00e9 ogni recital di Grigory Sokolov \u00e8 un unicum, irripetibile, per interpretazione, magia, attesa, esecuzione e momenti che si risolvono in un&#8217;esperienza indimenticabile per tutti gli amanti del pianoforte e, soprattutto, per i giovani studenti e musicisti bellunesi.<\/p>\n<p>Biglietti, nuove tessere e rinnovi sono in vendita nella sede del concerto, mezz\u2019ora prima del suo inizio, oppure presso Gomitolo d\u2019Oro, via 30 aprile 1, a Belluno, con orario 9:00\/12:30 e 15:00\/19:00, chiuso domenica e luned\u00ec mattina. Tutte le informazioni sul concerto e sulla 72a Stagione 2025 su belcircolo.org.<\/p>\n<p>Dalle note di sala: &#8220;L\u2019unica, irripetibile natura della musica suonata dal vivo \u00e8 centrale per la comprensione della bellezza espressiva e dell\u2019irresistibile onest\u00e0 dell\u2019arte di Grigory Sokolov. Le poetiche interpretazioni del pianista russo, che prendono vita durante l\u2019esecuzione con un\u2019intensit\u00e0 mistica, scaturiscono dalla profonda conoscenza delle opere che fanno parte del suo vasto repertorio. I programmi dei suoi recital abbracciano ogni cosa, dalle trascrizioni della polifonia sacra medievale e dai lavori per tastiera di Byrd, Couperin, Rameau, Froberger e Bach a tutto il repertorio classico e romantico con particolare attenzione a Beethoven, Schubert, Schumann, Chopin, Brahms e alle composizioni di riferimento del XX secolo di Prokofiev, Ravel, Scriabin, Rachmaninov, Sch\u00f6nberg e Stravinskij. Tra gli amanti del pianoforte \u00e8 ampiamente considerato uno dei massimi pianisti di oggi, un artista ammirato per la sua introspezione visionaria, la sua ipnotica spontaneit\u00e0 e la sua devozione senza compromessi alla musica&#8221;.<br \/>\n===<\/p>\n<p>&nbsp;<\/p>","protected":false},"excerpt":{"rendered":"<p>Circolo Culturale Bellunese, 72ma Stagione 2025 Grigory Sokolov, pianoforte Venerd\u00ec 7 febbraio 2025 alle 20:30 al Teatro Buzzati di Belluno Musiche di William Byrd e Johannes Brahms Torna il Maestro Grigory Sokolov, nel suo appuntamento con il pubblico bellunese, al teatro Dino Buzzati, venerd\u00ec 7 febbraio 2025, 20:30. Nuova, imperdibile occasione di riascoltarlo in una [&hellip;]<\/p>\n","protected":false},"author":2,"featured_media":131082,"comment_status":"closed","ping_status":"open","sticky":false,"template":"","format":"standard","meta":{"footnotes":""},"categories":[27,3,25],"tags":[],"class_list":["post-157628","post","type-post","status-publish","format-standard","has-post-thumbnail","category-appuntamenti","category-arte-cultura-spettacoli-scienza-archivi","category-pausa-caffe"],"yoast_head":"<!-- This site is optimized with the Yoast SEO plugin v28.4 - https:\/\/yoast.com\/product\/yoast-seo-wordpress\/ -->\n<title>Concerto del pianista Grigory Sokolov, venerd\u00ec sera al Comunale di Belluno - Bellunopress - Dolomiti<\/title>\n<meta name=\"robots\" content=\"index, follow, max-snippet:-1, max-image-preview:large, max-video-preview:-1\" \/>\n<link rel=\"canonical\" href=\"https:\/\/www.bellunopress.it\/fr\/2025\/02\/03\/concerto-del-pianista-grigory-sokolov-venerdi-sera-al-comunale-di-belluno\/\" \/>\n<meta property=\"og:locale\" content=\"fr_FR\" \/>\n<meta property=\"og:type\" content=\"article\" \/>\n<meta property=\"og:title\" content=\"Concerto del pianista Grigory Sokolov, venerd\u00ec sera al Comunale di Belluno - Bellunopress - Dolomiti\" \/>\n<meta property=\"og:description\" content=\"Circolo Culturale Bellunese, 72ma Stagione 2025 Grigory Sokolov, pianoforte Venerd\u00ec 7 febbraio 2025 alle 20:30 al Teatro Buzzati di Belluno Musiche di William Byrd e Johannes Brahms Torna il Maestro Grigory Sokolov, nel suo appuntamento con il pubblico bellunese, al teatro Dino Buzzati, venerd\u00ec 7 febbraio 2025, 20:30. Nuova, imperdibile occasione di riascoltarlo in una [&hellip;]\" \/>\n<meta property=\"og:url\" content=\"https:\/\/www.bellunopress.it\/fr\/2025\/02\/03\/concerto-del-pianista-grigory-sokolov-venerdi-sera-al-comunale-di-belluno\/\" \/>\n<meta property=\"og:site_name\" content=\"Bellunopress - Dolomiti\" \/>\n<meta property=\"article:publisher\" content=\"https:\/\/www.facebook.com\/profile.php?id=100008943462799\" \/>\n<meta property=\"article:published_time\" content=\"2025-02-03T11:45:36+00:00\" \/>\n<meta property=\"og:image\" content=\"https:\/\/www.bellunopress.it\/wp-content\/uploads\/2022\/02\/Grigory-Sokolov-\u00a9MarySlepkova_edited.jpg\" \/>\n\t<meta property=\"og:image:width\" content=\"1000\" \/>\n\t<meta property=\"og:image:height\" content=\"665\" \/>\n\t<meta property=\"og:image:type\" content=\"image\/jpeg\" \/>\n<meta name=\"author\" content=\"redazione\" \/>\n<meta name=\"twitter:card\" content=\"summary_large_image\" \/>\n<meta name=\"twitter:creator\" content=\"@bellunopress\" \/>\n<meta name=\"twitter:site\" content=\"@bellunopress\" \/>\n<meta name=\"twitter:label1\" content=\"\u00c9crit par\" \/>\n\t<meta name=\"twitter:data1\" content=\"redazione\" \/>\n\t<meta name=\"twitter:label2\" content=\"Dur\u00e9e de lecture estim\u00e9e\" \/>\n\t<meta name=\"twitter:data2\" content=\"2 minutes\" \/>\n<script type=\"application\/ld+json\" class=\"yoast-schema-graph\">{\"@context\":\"https:\\\/\\\/schema.org\",\"@graph\":[{\"@type\":\"Article\",\"@id\":\"https:\\\/\\\/www.bellunopress.it\\\/2025\\\/02\\\/03\\\/concerto-del-pianista-grigory-sokolov-venerdi-sera-al-comunale-di-belluno\\\/#article\",\"isPartOf\":{\"@id\":\"https:\\\/\\\/www.bellunopress.it\\\/2025\\\/02\\\/03\\\/concerto-del-pianista-grigory-sokolov-venerdi-sera-al-comunale-di-belluno\\\/\"},\"author\":{\"name\":\"redazione\",\"@id\":\"https:\\\/\\\/www.bellunopress.it\\\/#\\\/schema\\\/person\\\/79bb06722b37ece1c03d3e94beb30d73\"},\"headline\":\"Concerto del pianista Grigory Sokolov, venerd\u00ec sera al Comunale di Belluno\",\"datePublished\":\"2025-02-03T11:45:36+00:00\",\"mainEntityOfPage\":{\"@id\":\"https:\\\/\\\/www.bellunopress.it\\\/2025\\\/02\\\/03\\\/concerto-del-pianista-grigory-sokolov-venerdi-sera-al-comunale-di-belluno\\\/\"},\"wordCount\":360,\"publisher\":{\"@id\":\"https:\\\/\\\/www.bellunopress.it\\\/#organization\"},\"image\":{\"@id\":\"https:\\\/\\\/www.bellunopress.it\\\/2025\\\/02\\\/03\\\/concerto-del-pianista-grigory-sokolov-venerdi-sera-al-comunale-di-belluno\\\/#primaryimage\"},\"thumbnailUrl\":\"https:\\\/\\\/www.bellunopress.it\\\/wp-content\\\/uploads\\\/2022\\\/02\\\/Grigory-Sokolov-\u00a9MarySlepkova_edited.jpg\",\"articleSection\":[\"Appuntamenti, Eventi\",\"Arte, Cultura, Spettacoli, Scienza\",\"Pausa Caff\u00e8\"],\"inLanguage\":\"fr-FR\"},{\"@type\":\"WebPage\",\"@id\":\"https:\\\/\\\/www.bellunopress.it\\\/2025\\\/02\\\/03\\\/concerto-del-pianista-grigory-sokolov-venerdi-sera-al-comunale-di-belluno\\\/\",\"url\":\"https:\\\/\\\/www.bellunopress.it\\\/2025\\\/02\\\/03\\\/concerto-del-pianista-grigory-sokolov-venerdi-sera-al-comunale-di-belluno\\\/\",\"name\":\"Concerto del pianista Grigory Sokolov, venerd\u00ec sera al Comunale di Belluno - Bellunopress - Dolomiti\",\"isPartOf\":{\"@id\":\"https:\\\/\\\/www.bellunopress.it\\\/#website\"},\"primaryImageOfPage\":{\"@id\":\"https:\\\/\\\/www.bellunopress.it\\\/2025\\\/02\\\/03\\\/concerto-del-pianista-grigory-sokolov-venerdi-sera-al-comunale-di-belluno\\\/#primaryimage\"},\"image\":{\"@id\":\"https:\\\/\\\/www.bellunopress.it\\\/2025\\\/02\\\/03\\\/concerto-del-pianista-grigory-sokolov-venerdi-sera-al-comunale-di-belluno\\\/#primaryimage\"},\"thumbnailUrl\":\"https:\\\/\\\/www.bellunopress.it\\\/wp-content\\\/uploads\\\/2022\\\/02\\\/Grigory-Sokolov-\u00a9MarySlepkova_edited.jpg\",\"datePublished\":\"2025-02-03T11:45:36+00:00\",\"breadcrumb\":{\"@id\":\"https:\\\/\\\/www.bellunopress.it\\\/2025\\\/02\\\/03\\\/concerto-del-pianista-grigory-sokolov-venerdi-sera-al-comunale-di-belluno\\\/#breadcrumb\"},\"inLanguage\":\"fr-FR\",\"potentialAction\":[{\"@type\":\"ReadAction\",\"target\":[\"https:\\\/\\\/www.bellunopress.it\\\/2025\\\/02\\\/03\\\/concerto-del-pianista-grigory-sokolov-venerdi-sera-al-comunale-di-belluno\\\/\"]}]},{\"@type\":\"ImageObject\",\"inLanguage\":\"fr-FR\",\"@id\":\"https:\\\/\\\/www.bellunopress.it\\\/2025\\\/02\\\/03\\\/concerto-del-pianista-grigory-sokolov-venerdi-sera-al-comunale-di-belluno\\\/#primaryimage\",\"url\":\"https:\\\/\\\/www.bellunopress.it\\\/wp-content\\\/uploads\\\/2022\\\/02\\\/Grigory-Sokolov-\u00a9MarySlepkova_edited.jpg\",\"contentUrl\":\"https:\\\/\\\/www.bellunopress.it\\\/wp-content\\\/uploads\\\/2022\\\/02\\\/Grigory-Sokolov-\u00a9MarySlepkova_edited.jpg\",\"width\":1000,\"height\":665,\"caption\":\"Grigory Sokolov (Foto Mary Slepkova)\"},{\"@type\":\"BreadcrumbList\",\"@id\":\"https:\\\/\\\/www.bellunopress.it\\\/2025\\\/02\\\/03\\\/concerto-del-pianista-grigory-sokolov-venerdi-sera-al-comunale-di-belluno\\\/#breadcrumb\",\"itemListElement\":[{\"@type\":\"ListItem\",\"position\":1,\"name\":\"Home\",\"item\":\"https:\\\/\\\/www.bellunopress.it\\\/\"},{\"@type\":\"ListItem\",\"position\":2,\"name\":\"Concerto del pianista Grigory Sokolov, venerd\u00ec sera al Comunale di Belluno\"}]},{\"@type\":\"WebSite\",\"@id\":\"https:\\\/\\\/www.bellunopress.it\\\/#website\",\"url\":\"https:\\\/\\\/www.bellunopress.it\\\/\",\"name\":\"Bellunopress - Dolomiti\",\"description\":\"e-mail: redazione@bellunopress.it\",\"publisher\":{\"@id\":\"https:\\\/\\\/www.bellunopress.it\\\/#organization\"},\"potentialAction\":[{\"@type\":\"SearchAction\",\"target\":{\"@type\":\"EntryPoint\",\"urlTemplate\":\"https:\\\/\\\/www.bellunopress.it\\\/?s={search_term_string}\"},\"query-input\":{\"@type\":\"PropertyValueSpecification\",\"valueRequired\":true,\"valueName\":\"search_term_string\"}}],\"inLanguage\":\"fr-FR\"},{\"@type\":\"Organization\",\"@id\":\"https:\\\/\\\/www.bellunopress.it\\\/#organization\",\"name\":\"Bellunopress\",\"url\":\"https:\\\/\\\/www.bellunopress.it\\\/\",\"logo\":{\"@type\":\"ImageObject\",\"inLanguage\":\"fr-FR\",\"@id\":\"https:\\\/\\\/www.bellunopress.it\\\/#\\\/schema\\\/logo\\\/image\\\/\",\"url\":\"https:\\\/\\\/www.bellunopress.it\\\/wp-content\\\/uploads\\\/2011\\\/05\\\/cropped-logo-bellunopress-.jpg\",\"contentUrl\":\"https:\\\/\\\/www.bellunopress.it\\\/wp-content\\\/uploads\\\/2011\\\/05\\\/cropped-logo-bellunopress-.jpg\",\"width\":512,\"height\":512,\"caption\":\"Bellunopress\"},\"image\":{\"@id\":\"https:\\\/\\\/www.bellunopress.it\\\/#\\\/schema\\\/logo\\\/image\\\/\"},\"sameAs\":[\"https:\\\/\\\/www.facebook.com\\\/profile.php?id=100008943462799\",\"https:\\\/\\\/x.com\\\/bellunopress\",\"https:\\\/\\\/www.linkedin.com\\\/hp\\\/?dnr=JBzUWaJfMUw8vbXJJ2tVW5-I3jZKvC4wsoxE&amp;amp;amp;amp;amp;amp;trk=nav_responsive_tab_home\",\"https:\\\/\\\/www.youtube.com\\\/channel\\\/UCxL0wu1uN0_3_7hGG0306cw\"]},{\"@type\":\"Person\",\"@id\":\"https:\\\/\\\/www.bellunopress.it\\\/#\\\/schema\\\/person\\\/79bb06722b37ece1c03d3e94beb30d73\",\"name\":\"redazione\",\"image\":{\"@type\":\"ImageObject\",\"inLanguage\":\"fr-FR\",\"@id\":\"https:\\\/\\\/secure.gravatar.com\\\/avatar\\\/37d968a2e67a6fd04c169c4bdef102d0bc5d31b2546345219e348575eb80e9a0?s=96&d=mm&r=g\",\"url\":\"https:\\\/\\\/secure.gravatar.com\\\/avatar\\\/37d968a2e67a6fd04c169c4bdef102d0bc5d31b2546345219e348575eb80e9a0?s=96&d=mm&r=g\",\"contentUrl\":\"https:\\\/\\\/secure.gravatar.com\\\/avatar\\\/37d968a2e67a6fd04c169c4bdef102d0bc5d31b2546345219e348575eb80e9a0?s=96&d=mm&r=g\",\"caption\":\"redazione\"},\"sameAs\":[\"http:\\\/\\\/www.bellunopress.it\",\"https:\\\/\\\/x.com\\\/bellunopress\"],\"url\":\"https:\\\/\\\/www.bellunopress.it\\\/fr\\\/author\\\/redazione\\\/\"}]}<\/script>\n<!-- \/ Yoast SEO plugin. -->","yoast_head_json":{"title":"Concerto del pianista Grigory Sokolov, venerd\u00ec sera al Comunale di Belluno - Bellunopress - Dolomiti","robots":{"index":"index","follow":"follow","max-snippet":"max-snippet:-1","max-image-preview":"max-image-preview:large","max-video-preview":"max-video-preview:-1"},"canonical":"https:\/\/www.bellunopress.it\/fr\/2025\/02\/03\/concerto-del-pianista-grigory-sokolov-venerdi-sera-al-comunale-di-belluno\/","og_locale":"fr_FR","og_type":"article","og_title":"Concerto del pianista Grigory Sokolov, venerd\u00ec sera al Comunale di Belluno - Bellunopress - Dolomiti","og_description":"Circolo Culturale Bellunese, 72ma Stagione 2025 Grigory Sokolov, pianoforte Venerd\u00ec 7 febbraio 2025 alle 20:30 al Teatro Buzzati di Belluno Musiche di William Byrd e Johannes Brahms Torna il Maestro Grigory Sokolov, nel suo appuntamento con il pubblico bellunese, al teatro Dino Buzzati, venerd\u00ec 7 febbraio 2025, 20:30. Nuova, imperdibile occasione di riascoltarlo in una [&hellip;]","og_url":"https:\/\/www.bellunopress.it\/fr\/2025\/02\/03\/concerto-del-pianista-grigory-sokolov-venerdi-sera-al-comunale-di-belluno\/","og_site_name":"Bellunopress - Dolomiti","article_publisher":"https:\/\/www.facebook.com\/profile.php?id=100008943462799","article_published_time":"2025-02-03T11:45:36+00:00","og_image":[{"width":1000,"height":665,"url":"https:\/\/www.bellunopress.it\/wp-content\/uploads\/2022\/02\/Grigory-Sokolov-\u00a9MarySlepkova_edited.jpg","type":"image\/jpeg"}],"author":"redazione","twitter_card":"summary_large_image","twitter_creator":"@bellunopress","twitter_site":"@bellunopress","twitter_misc":{"\u00c9crit par":"redazione","Dur\u00e9e de lecture estim\u00e9e":"2 minutes"},"schema":{"@context":"https:\/\/schema.org","@graph":[{"@type":"Article","@id":"https:\/\/www.bellunopress.it\/2025\/02\/03\/concerto-del-pianista-grigory-sokolov-venerdi-sera-al-comunale-di-belluno\/#article","isPartOf":{"@id":"https:\/\/www.bellunopress.it\/2025\/02\/03\/concerto-del-pianista-grigory-sokolov-venerdi-sera-al-comunale-di-belluno\/"},"author":{"name":"redazione","@id":"https:\/\/www.bellunopress.it\/#\/schema\/person\/79bb06722b37ece1c03d3e94beb30d73"},"headline":"Concerto del pianista Grigory Sokolov, venerd\u00ec sera al Comunale di Belluno","datePublished":"2025-02-03T11:45:36+00:00","mainEntityOfPage":{"@id":"https:\/\/www.bellunopress.it\/2025\/02\/03\/concerto-del-pianista-grigory-sokolov-venerdi-sera-al-comunale-di-belluno\/"},"wordCount":360,"publisher":{"@id":"https:\/\/www.bellunopress.it\/#organization"},"image":{"@id":"https:\/\/www.bellunopress.it\/2025\/02\/03\/concerto-del-pianista-grigory-sokolov-venerdi-sera-al-comunale-di-belluno\/#primaryimage"},"thumbnailUrl":"https:\/\/www.bellunopress.it\/wp-content\/uploads\/2022\/02\/Grigory-Sokolov-\u00a9MarySlepkova_edited.jpg","articleSection":["Appuntamenti, Eventi","Arte, Cultura, Spettacoli, Scienza","Pausa Caff\u00e8"],"inLanguage":"fr-FR"},{"@type":"WebPage","@id":"https:\/\/www.bellunopress.it\/2025\/02\/03\/concerto-del-pianista-grigory-sokolov-venerdi-sera-al-comunale-di-belluno\/","url":"https:\/\/www.bellunopress.it\/2025\/02\/03\/concerto-del-pianista-grigory-sokolov-venerdi-sera-al-comunale-di-belluno\/","name":"Concerto del pianista Grigory Sokolov, venerd\u00ec sera al Comunale di Belluno - Bellunopress - Dolomiti","isPartOf":{"@id":"https:\/\/www.bellunopress.it\/#website"},"primaryImageOfPage":{"@id":"https:\/\/www.bellunopress.it\/2025\/02\/03\/concerto-del-pianista-grigory-sokolov-venerdi-sera-al-comunale-di-belluno\/#primaryimage"},"image":{"@id":"https:\/\/www.bellunopress.it\/2025\/02\/03\/concerto-del-pianista-grigory-sokolov-venerdi-sera-al-comunale-di-belluno\/#primaryimage"},"thumbnailUrl":"https:\/\/www.bellunopress.it\/wp-content\/uploads\/2022\/02\/Grigory-Sokolov-\u00a9MarySlepkova_edited.jpg","datePublished":"2025-02-03T11:45:36+00:00","breadcrumb":{"@id":"https:\/\/www.bellunopress.it\/2025\/02\/03\/concerto-del-pianista-grigory-sokolov-venerdi-sera-al-comunale-di-belluno\/#breadcrumb"},"inLanguage":"fr-FR","potentialAction":[{"@type":"ReadAction","target":["https:\/\/www.bellunopress.it\/2025\/02\/03\/concerto-del-pianista-grigory-sokolov-venerdi-sera-al-comunale-di-belluno\/"]}]},{"@type":"ImageObject","inLanguage":"fr-FR","@id":"https:\/\/www.bellunopress.it\/2025\/02\/03\/concerto-del-pianista-grigory-sokolov-venerdi-sera-al-comunale-di-belluno\/#primaryimage","url":"https:\/\/www.bellunopress.it\/wp-content\/uploads\/2022\/02\/Grigory-Sokolov-\u00a9MarySlepkova_edited.jpg","contentUrl":"https:\/\/www.bellunopress.it\/wp-content\/uploads\/2022\/02\/Grigory-Sokolov-\u00a9MarySlepkova_edited.jpg","width":1000,"height":665,"caption":"Grigory Sokolov (Foto Mary Slepkova)"},{"@type":"BreadcrumbList","@id":"https:\/\/www.bellunopress.it\/2025\/02\/03\/concerto-del-pianista-grigory-sokolov-venerdi-sera-al-comunale-di-belluno\/#breadcrumb","itemListElement":[{"@type":"ListItem","position":1,"name":"Home","item":"https:\/\/www.bellunopress.it\/"},{"@type":"ListItem","position":2,"name":"Concerto del pianista Grigory Sokolov, venerd\u00ec sera al Comunale di Belluno"}]},{"@type":"WebSite","@id":"https:\/\/www.bellunopress.it\/#website","url":"https:\/\/www.bellunopress.it\/","name":"Bellunopress - Dolomiti","description":"e-mail: redazione@bellunopress.it","publisher":{"@id":"https:\/\/www.bellunopress.it\/#organization"},"potentialAction":[{"@type":"SearchAction","target":{"@type":"EntryPoint","urlTemplate":"https:\/\/www.bellunopress.it\/?s={search_term_string}"},"query-input":{"@type":"PropertyValueSpecification","valueRequired":true,"valueName":"search_term_string"}}],"inLanguage":"fr-FR"},{"@type":"Organization","@id":"https:\/\/www.bellunopress.it\/#organization","name":"Bellunopress","url":"https:\/\/www.bellunopress.it\/","logo":{"@type":"ImageObject","inLanguage":"fr-FR","@id":"https:\/\/www.bellunopress.it\/#\/schema\/logo\/image\/","url":"https:\/\/www.bellunopress.it\/wp-content\/uploads\/2011\/05\/cropped-logo-bellunopress-.jpg","contentUrl":"https:\/\/www.bellunopress.it\/wp-content\/uploads\/2011\/05\/cropped-logo-bellunopress-.jpg","width":512,"height":512,"caption":"Bellunopress"},"image":{"@id":"https:\/\/www.bellunopress.it\/#\/schema\/logo\/image\/"},"sameAs":["https:\/\/www.facebook.com\/profile.php?id=100008943462799","https:\/\/x.com\/bellunopress","https:\/\/www.linkedin.com\/hp\/?dnr=JBzUWaJfMUw8vbXJJ2tVW5-I3jZKvC4wsoxE&amp;amp;amp;amp;amp;amp;trk=nav_responsive_tab_home","https:\/\/www.youtube.com\/channel\/UCxL0wu1uN0_3_7hGG0306cw"]},{"@type":"Person","@id":"https:\/\/www.bellunopress.it\/#\/schema\/person\/79bb06722b37ece1c03d3e94beb30d73","name":"r\u00e9daction","image":{"@type":"ImageObject","inLanguage":"fr-FR","@id":"https:\/\/secure.gravatar.com\/avatar\/37d968a2e67a6fd04c169c4bdef102d0bc5d31b2546345219e348575eb80e9a0?s=96&d=mm&r=g","url":"https:\/\/secure.gravatar.com\/avatar\/37d968a2e67a6fd04c169c4bdef102d0bc5d31b2546345219e348575eb80e9a0?s=96&d=mm&r=g","contentUrl":"https:\/\/secure.gravatar.com\/avatar\/37d968a2e67a6fd04c169c4bdef102d0bc5d31b2546345219e348575eb80e9a0?s=96&d=mm&r=g","caption":"redazione"},"sameAs":["http:\/\/www.bellunopress.it","https:\/\/x.com\/bellunopress"],"url":"https:\/\/www.bellunopress.it\/fr\/author\/redazione\/"}]}},"_links":{"self":[{"href":"https:\/\/www.bellunopress.it\/fr\/wp-json\/wp\/v2\/posts\/157628","targetHints":{"allow":["GET"]}}],"collection":[{"href":"https:\/\/www.bellunopress.it\/fr\/wp-json\/wp\/v2\/posts"}],"about":[{"href":"https:\/\/www.bellunopress.it\/fr\/wp-json\/wp\/v2\/types\/post"}],"author":[{"embeddable":true,"href":"https:\/\/www.bellunopress.it\/fr\/wp-json\/wp\/v2\/users\/2"}],"replies":[{"embeddable":true,"href":"https:\/\/www.bellunopress.it\/fr\/wp-json\/wp\/v2\/comments?post=157628"}],"version-history":[{"count":1,"href":"https:\/\/www.bellunopress.it\/fr\/wp-json\/wp\/v2\/posts\/157628\/revisions"}],"predecessor-version":[{"id":157629,"href":"https:\/\/www.bellunopress.it\/fr\/wp-json\/wp\/v2\/posts\/157628\/revisions\/157629"}],"wp:featuredmedia":[{"embeddable":true,"href":"https:\/\/www.bellunopress.it\/fr\/wp-json\/wp\/v2\/media\/131082"}],"wp:attachment":[{"href":"https:\/\/www.bellunopress.it\/fr\/wp-json\/wp\/v2\/media?parent=157628"}],"wp:term":[{"taxonomy":"category","embeddable":true,"href":"https:\/\/www.bellunopress.it\/fr\/wp-json\/wp\/v2\/categories?post=157628"},{"taxonomy":"post_tag","embeddable":true,"href":"https:\/\/www.bellunopress.it\/fr\/wp-json\/wp\/v2\/tags?post=157628"}],"curies":[{"name":"wp","href":"https:\/\/api.w.org\/{rel}","templated":true}]}}